{"id":9352,"date":"2025-09-13T20:04:02","date_gmt":"2025-09-13T20:04:02","guid":{"rendered":"https:\/\/miklostv.com\/new\/?p=9352"},"modified":"2025-09-13T20:05:42","modified_gmt":"2025-09-13T20:05:42","slug":"veget-ert-a-szekacs-ke-felnott-ferfi-kezilabdacsapatanak-felkeszulese-a-2025-2026-os-szezonra","status":"publish","type":"post","link":"https:\/\/miklostv.com\/new\/2025\/09\/13\/veget-ert-a-szekacs-ke-felnott-ferfi-kezilabdacsapatanak-felkeszulese-a-2025-2026-os-szezonra\/","title":{"rendered":"Sz\u00e9k\u00e1cs KE &#8211; Indul az NBII-es bajnoki szezon"},"content":{"rendered":"\n<p class=\"has-medium-font-size\"><strong>V\u00e9get \u00e9rt a Sz\u00e9k\u00e1cs KE feln\u0151tt f\u00e9rfi k\u00e9zilabdacsapat\u00e1nak felk\u00e9sz\u00fcl\u00e9se a 2025\/2026-os szezonra.<\/strong> &#8211; olvashat\u00f3 a<a href=\"http:\/\/szekacske.hu\/new\/2025\/09\/13\/nbii-kezdodik-a-szezon\/\"> Sz\u00e9k\u00e1cs KE honlapj\u00e1n<\/a><\/p>\n\n\n\n\n\n<!--more-->\n\n\n\n<p>A majdani m\u00e9rk\u0151z\u00e9sek helysz\u00edn\u00e9n, a L\u00e1bassy tornacsarnokban zajlottak az tr\u00e9ningek. A h\u00e9tv\u00e9g\u00e9n m\u00e1r bajnoki meccs k\u00f6vetkezik.<\/p>\n\n\n\n<figure class=\"wp-block-embed is-type-video is-provider-youtube wp-block-embed-youtube wp-embed-aspect-16-9 wp-has-aspect-ratio\"><div class=\"wp-block-embed__wrapper\">\n<iframe  id=\"_ytid_22096\"  width=\"800\" height=\"450\"  data-origwidth=\"800\" data-origheight=\"450\" src=\"https:\/\/www.youtube.com\/embed\/Rr_l_FK_Ucw?enablejsapi=1&#038;autoplay=0&#038;cc_load_policy=0&#038;cc_lang_pref=hu&#038;iv_load_policy=1&#038;loop=0&#038;rel=1&#038;fs=1&#038;playsinline=1&#038;autohide=2&#038;theme=dark&#038;color=red&#038;controls=1&#038;disablekb=0&#038;\" class=\"__youtube_prefs__  epyt-is-override  no-lazyload\" title=\"YouTube player\"  allow=\"fullscreen; accelerometer; autoplay; clipboard-write; encrypted-media; gyroscope; picture-in-picture; web-share\" referrerpolicy=\"strict-origin-when-cross-origin\" allowfullscreen data-no-lazy=\"1\" data-skipgform_ajax_framebjll=\"\"><\/iframe>\n<\/div><\/figure>\n\n\n\n<p>Az els\u0151 fordul\u00f3ra hazai p\u00e1ly\u00e1n a L\u00e1bassy torncsarnokban ker\u00fcl sor, szeptember 14-\u00e9n 17:00 \u00f3r\u00e1t\u00f3l a Kiskunmajs\u00e1t fogadja a Sz\u00e9k\u00e1cs KE.<\/p>\n","protected":false},"excerpt":{"rendered":"<p>V\u00e9get \u00e9rt a Sz\u00e9k\u00e1cs KE feln\u0151tt f\u00e9rfi k\u00e9zilabdacsapat\u00e1nak felk\u00e9sz\u00fcl\u00e9se a 2025\/2026-os szezonra. &#8211; olvashat\u00f3 a Sz\u00e9k\u00e1cs KE honlapj\u00e1n<\/p>\n","protected":false},"author":3,"featured_media":9353,"comment_status":"closed","ping_status":"closed","sticky":false,"template":"","format":"standard","meta":{"fifu_image_url":"","fifu_image_alt":"","footnotes":""},"categories":[32,33],"tags":[1169],"class_list":["post-9352","post","type-post","status-publish","format-standard","has-post-thumbnail","hentry","category-hirek2","category-sport-hirek","tag-szekacs-ke"],"gutentor_comment":0,"yoast_head":"<!-- This site is optimized with the Yoast SEO plugin v27.5 - https:\/\/yoast.com\/product\/yoast-seo-wordpress\/ -->\n<title>Sz\u00e9k\u00e1cs KE - Indul az NBII-es bajnoki szezon - Mikl\u00f3s TV<\/title>\n<meta name=\"robots\" content=\"index, follow, max-snippet:-1, max-image-preview:large, max-video-preview:-1\" \/>\n<link rel=\"canonical\" href=\"https:\/\/miklostv.com\/new\/2025\/09\/13\/veget-ert-a-szekacs-ke-felnott-ferfi-kezilabdacsapatanak-felkeszulese-a-2025-2026-os-szezonra\/\" \/>\n<meta property=\"og:locale\" content=\"hu_HU\" \/>\n<meta property=\"og:type\" content=\"article\" \/>\n<meta property=\"og:title\" content=\"Sz\u00e9k\u00e1cs KE - Indul az NBII-es bajnoki szezon - Mikl\u00f3s TV\" \/>\n<meta property=\"og:description\" content=\"V\u00e9get \u00e9rt a Sz\u00e9k\u00e1cs KE feln\u0151tt f\u00e9rfi k\u00e9zilabdacsapat\u00e1nak felk\u00e9sz\u00fcl\u00e9se a 2025\/2026-os szezonra. &#8211; olvashat\u00f3 a Sz\u00e9k\u00e1cs KE honlapj\u00e1n\" \/>\n<meta property=\"og:url\" content=\"https:\/\/miklostv.com\/new\/2025\/09\/13\/veget-ert-a-szekacs-ke-felnott-ferfi-kezilabdacsapatanak-felkeszulese-a-2025-2026-os-szezonra\/\" \/>\n<meta property=\"og:site_name\" content=\"Mikl\u00f3s TV\" \/>\n<meta property=\"article:published_time\" content=\"2025-09-13T20:04:02+00:00\" \/>\n<meta property=\"article:modified_time\" content=\"2025-09-13T20:05:42+00:00\" \/>\n<meta property=\"og:image\" content=\"https:\/\/miklostv.com\/new\/wp-content\/uploads\/2025\/09\/szekacs-ke-start2-cikk-2-scaled.jpg\" \/>\n\t<meta property=\"og:image:width\" content=\"2560\" \/>\n\t<meta property=\"og:image:height\" content=\"1339\" \/>\n\t<meta property=\"og:image:type\" content=\"image\/jpeg\" \/>\n<meta name=\"author\" content=\"Csaba\" \/>\n<meta name=\"twitter:card\" content=\"summary_large_image\" \/>\n<meta name=\"twitter:label1\" content=\"Szerz\u0151:\" \/>\n\t<meta name=\"twitter:data1\" content=\"Csaba\" \/>\n\t<meta name=\"twitter:label2\" content=\"Becs\u00fclt olvas\u00e1si id\u0151\" \/>\n\t<meta name=\"twitter:data2\" content=\"1 perc\" \/>\n<script type=\"application\/ld+json\" class=\"yoast-schema-graph\">{\"@context\":\"https:\\\/\\\/schema.org\",\"@graph\":[{\"@type\":\"NewsArticle\",\"@id\":\"https:\\\/\\\/miklostv.com\\\/new\\\/2025\\\/09\\\/13\\\/veget-ert-a-szekacs-ke-felnott-ferfi-kezilabdacsapatanak-felkeszulese-a-2025-2026-os-szezonra\\\/#article\",\"isPartOf\":{\"@id\":\"https:\\\/\\\/miklostv.com\\\/new\\\/2025\\\/09\\\/13\\\/veget-ert-a-szekacs-ke-felnott-ferfi-kezilabdacsapatanak-felkeszulese-a-2025-2026-os-szezonra\\\/\"},\"author\":{\"name\":\"Csaba\",\"@id\":\"https:\\\/\\\/miklostv.com\\\/new\\\/#\\\/schema\\\/person\\\/f3618ba4452057fb1d671f973554e567\"},\"headline\":\"Sz\u00e9k\u00e1cs KE &#8211; Indul az NBII-es bajnoki szezon\",\"datePublished\":\"2025-09-13T20:04:02+00:00\",\"dateModified\":\"2025-09-13T20:05:42+00:00\",\"mainEntityOfPage\":{\"@id\":\"https:\\\/\\\/miklostv.com\\\/new\\\/2025\\\/09\\\/13\\\/veget-ert-a-szekacs-ke-felnott-ferfi-kezilabdacsapatanak-felkeszulese-a-2025-2026-os-szezonra\\\/\"},\"wordCount\":106,\"image\":{\"@id\":\"https:\\\/\\\/miklostv.com\\\/new\\\/2025\\\/09\\\/13\\\/veget-ert-a-szekacs-ke-felnott-ferfi-kezilabdacsapatanak-felkeszulese-a-2025-2026-os-szezonra\\\/#primaryimage\"},\"thumbnailUrl\":\"https:\\\/\\\/miklostv.com\\\/new\\\/wp-content\\\/uploads\\\/2025\\\/09\\\/szekacs-ke-start2-cikk-2-scaled.jpg\",\"keywords\":[\"Sz\u00e9k\u00e1cs KE\"],\"articleSection\":[\"A l\u00e9nyeg r\u00f6viden\",\"Sporth\u00edrek\"],\"inLanguage\":\"hu\"},{\"@type\":\"WebPage\",\"@id\":\"https:\\\/\\\/miklostv.com\\\/new\\\/2025\\\/09\\\/13\\\/veget-ert-a-szekacs-ke-felnott-ferfi-kezilabdacsapatanak-felkeszulese-a-2025-2026-os-szezonra\\\/\",\"url\":\"https:\\\/\\\/miklostv.com\\\/new\\\/2025\\\/09\\\/13\\\/veget-ert-a-szekacs-ke-felnott-ferfi-kezilabdacsapatanak-felkeszulese-a-2025-2026-os-szezonra\\\/\",\"name\":\"Sz\u00e9k\u00e1cs KE - Indul az NBII-es bajnoki szezon - Mikl\u00f3s TV\",\"isPartOf\":{\"@id\":\"https:\\\/\\\/miklostv.com\\\/new\\\/#website\"},\"primaryImageOfPage\":{\"@id\":\"https:\\\/\\\/miklostv.com\\\/new\\\/2025\\\/09\\\/13\\\/veget-ert-a-szekacs-ke-felnott-ferfi-kezilabdacsapatanak-felkeszulese-a-2025-2026-os-szezonra\\\/#primaryimage\"},\"image\":{\"@id\":\"https:\\\/\\\/miklostv.com\\\/new\\\/2025\\\/09\\\/13\\\/veget-ert-a-szekacs-ke-felnott-ferfi-kezilabdacsapatanak-felkeszulese-a-2025-2026-os-szezonra\\\/#primaryimage\"},\"thumbnailUrl\":\"https:\\\/\\\/miklostv.com\\\/new\\\/wp-content\\\/uploads\\\/2025\\\/09\\\/szekacs-ke-start2-cikk-2-scaled.jpg\",\"datePublished\":\"2025-09-13T20:04:02+00:00\",\"dateModified\":\"2025-09-13T20:05:42+00:00\",\"author\":{\"@id\":\"https:\\\/\\\/miklostv.com\\\/new\\\/#\\\/schema\\\/person\\\/f3618ba4452057fb1d671f973554e567\"},\"breadcrumb\":{\"@id\":\"https:\\\/\\\/miklostv.com\\\/new\\\/2025\\\/09\\\/13\\\/veget-ert-a-szekacs-ke-felnott-ferfi-kezilabdacsapatanak-felkeszulese-a-2025-2026-os-szezonra\\\/#breadcrumb\"},\"inLanguage\":\"hu\",\"potentialAction\":[{\"@type\":\"ReadAction\",\"target\":[\"https:\\\/\\\/miklostv.com\\\/new\\\/2025\\\/09\\\/13\\\/veget-ert-a-szekacs-ke-felnott-ferfi-kezilabdacsapatanak-felkeszulese-a-2025-2026-os-szezonra\\\/\"]}]},{\"@type\":\"ImageObject\",\"inLanguage\":\"hu\",\"@id\":\"https:\\\/\\\/miklostv.com\\\/new\\\/2025\\\/09\\\/13\\\/veget-ert-a-szekacs-ke-felnott-ferfi-kezilabdacsapatanak-felkeszulese-a-2025-2026-os-szezonra\\\/#primaryimage\",\"url\":\"https:\\\/\\\/miklostv.com\\\/new\\\/wp-content\\\/uploads\\\/2025\\\/09\\\/szekacs-ke-start2-cikk-2-scaled.jpg\",\"contentUrl\":\"https:\\\/\\\/miklostv.com\\\/new\\\/wp-content\\\/uploads\\\/2025\\\/09\\\/szekacs-ke-start2-cikk-2-scaled.jpg\",\"width\":2560,\"height\":1339},{\"@type\":\"BreadcrumbList\",\"@id\":\"https:\\\/\\\/miklostv.com\\\/new\\\/2025\\\/09\\\/13\\\/veget-ert-a-szekacs-ke-felnott-ferfi-kezilabdacsapatanak-felkeszulese-a-2025-2026-os-szezonra\\\/#breadcrumb\",\"itemListElement\":[{\"@type\":\"ListItem\",\"position\":1,\"name\":\"Kezd\u0151lap\",\"item\":\"https:\\\/\\\/miklostv.com\\\/new\\\/\"},{\"@type\":\"ListItem\",\"position\":2,\"name\":\"Sz\u00e9k\u00e1cs KE &#8211; Indul az NBII-es bajnoki szezon\"}]},{\"@type\":\"WebSite\",\"@id\":\"https:\\\/\\\/miklostv.com\\\/new\\\/#website\",\"url\":\"https:\\\/\\\/miklostv.com\\\/new\\\/\",\"name\":\"Mikl\u00f3s TV\",\"description\":\"Mikl\u00f3s TV\",\"potentialAction\":[{\"@type\":\"SearchAction\",\"target\":{\"@type\":\"EntryPoint\",\"urlTemplate\":\"https:\\\/\\\/miklostv.com\\\/new\\\/?s={search_term_string}\"},\"query-input\":{\"@type\":\"PropertyValueSpecification\",\"valueRequired\":true,\"valueName\":\"search_term_string\"}}],\"inLanguage\":\"hu\"},{\"@type\":\"Person\",\"@id\":\"https:\\\/\\\/miklostv.com\\\/new\\\/#\\\/schema\\\/person\\\/f3618ba4452057fb1d671f973554e567\",\"name\":\"Csaba\",\"url\":\"https:\\\/\\\/miklostv.com\\\/new\\\/author\\\/hcsaba\\\/\"}]}<\/script>\n<!-- \/ Yoast SEO plugin. -->","yoast_head_json":{"title":"Sz\u00e9k\u00e1cs KE - Indul az NBII-es bajnoki szezon - Mikl\u00f3s TV","robots":{"index":"index","follow":"follow","max-snippet":"max-snippet:-1","max-image-preview":"max-image-preview:large","max-video-preview":"max-video-preview:-1"},"canonical":"https:\/\/miklostv.com\/new\/2025\/09\/13\/veget-ert-a-szekacs-ke-felnott-ferfi-kezilabdacsapatanak-felkeszulese-a-2025-2026-os-szezonra\/","og_locale":"hu_HU","og_type":"article","og_title":"Sz\u00e9k\u00e1cs KE - Indul az NBII-es bajnoki szezon - Mikl\u00f3s TV","og_description":"V\u00e9get \u00e9rt a Sz\u00e9k\u00e1cs KE feln\u0151tt f\u00e9rfi k\u00e9zilabdacsapat\u00e1nak felk\u00e9sz\u00fcl\u00e9se a 2025\/2026-os szezonra. &#8211; olvashat\u00f3 a Sz\u00e9k\u00e1cs KE honlapj\u00e1n","og_url":"https:\/\/miklostv.com\/new\/2025\/09\/13\/veget-ert-a-szekacs-ke-felnott-ferfi-kezilabdacsapatanak-felkeszulese-a-2025-2026-os-szezonra\/","og_site_name":"Mikl\u00f3s TV","article_published_time":"2025-09-13T20:04:02+00:00","article_modified_time":"2025-09-13T20:05:42+00:00","og_image":[{"width":2560,"height":1339,"url":"https:\/\/miklostv.com\/new\/wp-content\/uploads\/2025\/09\/szekacs-ke-start2-cikk-2-scaled.jpg","type":"image\/jpeg"}],"author":"Csaba","twitter_card":"summary_large_image","twitter_misc":{"Szerz\u0151:":"Csaba","Becs\u00fclt olvas\u00e1si id\u0151":"1 perc"},"schema":{"@context":"https:\/\/schema.org","@graph":[{"@type":"NewsArticle","@id":"https:\/\/miklostv.com\/new\/2025\/09\/13\/veget-ert-a-szekacs-ke-felnott-ferfi-kezilabdacsapatanak-felkeszulese-a-2025-2026-os-szezonra\/#article","isPartOf":{"@id":"https:\/\/miklostv.com\/new\/2025\/09\/13\/veget-ert-a-szekacs-ke-felnott-ferfi-kezilabdacsapatanak-felkeszulese-a-2025-2026-os-szezonra\/"},"author":{"name":"Csaba","@id":"https:\/\/miklostv.com\/new\/#\/schema\/person\/f3618ba4452057fb1d671f973554e567"},"headline":"Sz\u00e9k\u00e1cs KE &#8211; Indul az NBII-es bajnoki szezon","datePublished":"2025-09-13T20:04:02+00:00","dateModified":"2025-09-13T20:05:42+00:00","mainEntityOfPage":{"@id":"https:\/\/miklostv.com\/new\/2025\/09\/13\/veget-ert-a-szekacs-ke-felnott-ferfi-kezilabdacsapatanak-felkeszulese-a-2025-2026-os-szezonra\/"},"wordCount":106,"image":{"@id":"https:\/\/miklostv.com\/new\/2025\/09\/13\/veget-ert-a-szekacs-ke-felnott-ferfi-kezilabdacsapatanak-felkeszulese-a-2025-2026-os-szezonra\/#primaryimage"},"thumbnailUrl":"https:\/\/miklostv.com\/new\/wp-content\/uploads\/2025\/09\/szekacs-ke-start2-cikk-2-scaled.jpg","keywords":["Sz\u00e9k\u00e1cs KE"],"articleSection":["A l\u00e9nyeg r\u00f6viden","Sporth\u00edrek"],"inLanguage":"hu"},{"@type":"WebPage","@id":"https:\/\/miklostv.com\/new\/2025\/09\/13\/veget-ert-a-szekacs-ke-felnott-ferfi-kezilabdacsapatanak-felkeszulese-a-2025-2026-os-szezonra\/","url":"https:\/\/miklostv.com\/new\/2025\/09\/13\/veget-ert-a-szekacs-ke-felnott-ferfi-kezilabdacsapatanak-felkeszulese-a-2025-2026-os-szezonra\/","name":"Sz\u00e9k\u00e1cs KE - Indul az NBII-es bajnoki szezon - Mikl\u00f3s TV","isPartOf":{"@id":"https:\/\/miklostv.com\/new\/#website"},"primaryImageOfPage":{"@id":"https:\/\/miklostv.com\/new\/2025\/09\/13\/veget-ert-a-szekacs-ke-felnott-ferfi-kezilabdacsapatanak-felkeszulese-a-2025-2026-os-szezonra\/#primaryimage"},"image":{"@id":"https:\/\/miklostv.com\/new\/2025\/09\/13\/veget-ert-a-szekacs-ke-felnott-ferfi-kezilabdacsapatanak-felkeszulese-a-2025-2026-os-szezonra\/#primaryimage"},"thumbnailUrl":"https:\/\/miklostv.com\/new\/wp-content\/uploads\/2025\/09\/szekacs-ke-start2-cikk-2-scaled.jpg","datePublished":"2025-09-13T20:04:02+00:00","dateModified":"2025-09-13T20:05:42+00:00","author":{"@id":"https:\/\/miklostv.com\/new\/#\/schema\/person\/f3618ba4452057fb1d671f973554e567"},"breadcrumb":{"@id":"https:\/\/miklostv.com\/new\/2025\/09\/13\/veget-ert-a-szekacs-ke-felnott-ferfi-kezilabdacsapatanak-felkeszulese-a-2025-2026-os-szezonra\/#breadcrumb"},"inLanguage":"hu","potentialAction":[{"@type":"ReadAction","target":["https:\/\/miklostv.com\/new\/2025\/09\/13\/veget-ert-a-szekacs-ke-felnott-ferfi-kezilabdacsapatanak-felkeszulese-a-2025-2026-os-szezonra\/"]}]},{"@type":"ImageObject","inLanguage":"hu","@id":"https:\/\/miklostv.com\/new\/2025\/09\/13\/veget-ert-a-szekacs-ke-felnott-ferfi-kezilabdacsapatanak-felkeszulese-a-2025-2026-os-szezonra\/#primaryimage","url":"https:\/\/miklostv.com\/new\/wp-content\/uploads\/2025\/09\/szekacs-ke-start2-cikk-2-scaled.jpg","contentUrl":"https:\/\/miklostv.com\/new\/wp-content\/uploads\/2025\/09\/szekacs-ke-start2-cikk-2-scaled.jpg","width":2560,"height":1339},{"@type":"BreadcrumbList","@id":"https:\/\/miklostv.com\/new\/2025\/09\/13\/veget-ert-a-szekacs-ke-felnott-ferfi-kezilabdacsapatanak-felkeszulese-a-2025-2026-os-szezonra\/#breadcrumb","itemListElement":[{"@type":"ListItem","position":1,"name":"Kezd\u0151lap","item":"https:\/\/miklostv.com\/new\/"},{"@type":"ListItem","position":2,"name":"Sz\u00e9k\u00e1cs KE &#8211; Indul az NBII-es bajnoki szezon"}]},{"@type":"WebSite","@id":"https:\/\/miklostv.com\/new\/#website","url":"https:\/\/miklostv.com\/new\/","name":"Mikl\u00f3s TV","description":"Mikl\u00f3s TV","potentialAction":[{"@type":"SearchAction","target":{"@type":"EntryPoint","urlTemplate":"https:\/\/miklostv.com\/new\/?s={search_term_string}"},"query-input":{"@type":"PropertyValueSpecification","valueRequired":true,"valueName":"search_term_string"}}],"inLanguage":"hu"},{"@type":"Person","@id":"https:\/\/miklostv.com\/new\/#\/schema\/person\/f3618ba4452057fb1d671f973554e567","name":"Csaba","url":"https:\/\/miklostv.com\/new\/author\/hcsaba\/"}]}},"_links":{"self":[{"href":"https:\/\/miklostv.com\/new\/wp-json\/wp\/v2\/posts\/9352","targetHints":{"allow":["GET"]}}],"collection":[{"href":"https:\/\/miklostv.com\/new\/wp-json\/wp\/v2\/posts"}],"about":[{"href":"https:\/\/miklostv.com\/new\/wp-json\/wp\/v2\/types\/post"}],"author":[{"embeddable":true,"href":"https:\/\/miklostv.com\/new\/wp-json\/wp\/v2\/users\/3"}],"replies":[{"embeddable":true,"href":"https:\/\/miklostv.com\/new\/wp-json\/wp\/v2\/comments?post=9352"}],"version-history":[{"count":3,"href":"https:\/\/miklostv.com\/new\/wp-json\/wp\/v2\/posts\/9352\/revisions"}],"predecessor-version":[{"id":9356,"href":"https:\/\/miklostv.com\/new\/wp-json\/wp\/v2\/posts\/9352\/revisions\/9356"}],"wp:featuredmedia":[{"embeddable":true,"href":"https:\/\/miklostv.com\/new\/wp-json\/wp\/v2\/media\/9353"}],"wp:attachment":[{"href":"https:\/\/miklostv.com\/new\/wp-json\/wp\/v2\/media?parent=9352"}],"wp:term":[{"taxonomy":"category","embeddable":true,"href":"https:\/\/miklostv.com\/new\/wp-json\/wp\/v2\/categories?post=9352"},{"taxonomy":"post_tag","embeddable":true,"href":"https:\/\/miklostv.com\/new\/wp-json\/wp\/v2\/tags?post=9352"}],"curies":[{"name":"wp","href":"https:\/\/api.w.org\/{rel}","templated":true}]}}