{"id":9222,"date":"2025-05-23T09:02:10","date_gmt":"2025-05-23T09:02:10","guid":{"rendered":"https:\/\/miklostv.com\/new\/?p=9222"},"modified":"2025-05-23T09:08:46","modified_gmt":"2025-05-23T09:08:46","slug":"iden-is-megnyilnak-a-szertarkapuk","status":"publish","type":"post","link":"https:\/\/miklostv.com\/new\/2025\/05\/23\/iden-is-megnyilnak-a-szertarkapuk\/","title":{"rendered":"Id\u00e9n is megny\u00edlnak a szert\u00e1rkapuk"},"content":{"rendered":"\n<p style=\"font-size:17px\"><strong>Gyermeknap alkalm\u00e1b\u00f3l ism\u00e9t megny\u00edlnak a t\u0171zolt\u00f3laktany\u00e1k kapui a l\u00e1togat\u00f3k el\u0151tt a h\u00f3nap utols\u00f3 vas\u00e1rnapj\u00e1n, m\u00e1jus 25-\u00e9n.<\/strong><\/p>\n\n\n\n<!--more-->\n\n\n\n<p>A kor\u00e1bbi \u00e9vek hagyom\u00e1nyait k\u00f6vetve a hivat\u00e1sos, \u00f6nkorm\u00e1nyzati \u00e9s \u00f6nk\u00e9ntes t\u0171zolt\u00f3s\u00e1gok v\u00e1rj\u00e1k azokat a csal\u00e1dokat, amelyek sz\u00edvesen megismern\u00e9k a t\u0171zolt\u00f3laktany\u00e1k \u00e9let\u00e9t.<\/p>\n\n\n\n<p>Sokak sz\u00e1m\u00e1ra ismer\u0151s a \u201eNyitott szert\u00e1rkapuk\u201d rendezv\u00e9ny, amely \u00e9vek \u00f3ta nagy n\u00e9pszer\u0171s\u00e9gnek \u00f6rvend, \u00e9s a legk\u00fcl\u00f6nf\u00e9l\u00e9bb koroszt\u00e1lyok sz\u00e1m\u00e1ra k\u00edn\u00e1l gazdag programot. A l\u00e1togathat\u00f3 laktany\u00e1k list\u00e1j\u00e1ban a T\u00f6r\u00f6kszentmikl\u00f3si \u00d6nkorm\u00e1nyzati T\u0171zolt\u00f3-parancsnoks\u00e1g  is szerepel.<\/p>\n","protected":false},"excerpt":{"rendered":"<p>Gyermeknap alkalm\u00e1b\u00f3l ism\u00e9t megny\u00edlnak a t\u0171zolt\u00f3laktany\u00e1k kapui a l\u00e1togat\u00f3k el\u0151tt a h\u00f3nap utols\u00f3 vas\u00e1rnapj\u00e1n, m\u00e1jus 25-\u00e9n.<\/p>\n","protected":false},"author":3,"featured_media":9225,"comment_status":"closed","ping_status":"closed","sticky":false,"template":"","format":"standard","meta":{"fifu_image_url":"","fifu_image_alt":"","footnotes":""},"categories":[32,47],"tags":[],"class_list":["post-9222","post","type-post","status-publish","format-standard","has-post-thumbnail","hentry","category-hirek2","category-kozerdeku3"],"gutentor_comment":0,"yoast_head":"<!-- This site is optimized with the Yoast SEO plugin v27.5 - https:\/\/yoast.com\/product\/yoast-seo-wordpress\/ -->\n<title>Id\u00e9n is megny\u00edlnak a szert\u00e1rkapuk - Mikl\u00f3s TV<\/title>\n<meta name=\"robots\" content=\"index, follow, max-snippet:-1, max-image-preview:large, max-video-preview:-1\" \/>\n<link rel=\"canonical\" href=\"https:\/\/miklostv.com\/new\/2025\/05\/23\/iden-is-megnyilnak-a-szertarkapuk\/\" \/>\n<meta property=\"og:locale\" content=\"hu_HU\" \/>\n<meta property=\"og:type\" content=\"article\" \/>\n<meta property=\"og:title\" content=\"Id\u00e9n is megny\u00edlnak a szert\u00e1rkapuk - Mikl\u00f3s TV\" \/>\n<meta property=\"og:description\" content=\"Gyermeknap alkalm\u00e1b\u00f3l ism\u00e9t megny\u00edlnak a t\u0171zolt\u00f3laktany\u00e1k kapui a l\u00e1togat\u00f3k el\u0151tt a h\u00f3nap utols\u00f3 vas\u00e1rnapj\u00e1n, m\u00e1jus 25-\u00e9n.\" \/>\n<meta property=\"og:url\" content=\"https:\/\/miklostv.com\/new\/2025\/05\/23\/iden-is-megnyilnak-a-szertarkapuk\/\" \/>\n<meta property=\"og:site_name\" content=\"Mikl\u00f3s TV\" \/>\n<meta property=\"article:published_time\" content=\"2025-05-23T09:02:10+00:00\" \/>\n<meta property=\"article:modified_time\" content=\"2025-05-23T09:08:46+00:00\" \/>\n<meta property=\"og:image\" content=\"https:\/\/miklostv.com\/new\/wp-content\/uploads\/2025\/05\/jasz.katasztrofavedelem.jpg\" \/>\n\t<meta property=\"og:image:width\" content=\"1024\" \/>\n\t<meta property=\"og:image:height\" content=\"621\" \/>\n\t<meta property=\"og:image:type\" content=\"image\/jpeg\" \/>\n<meta name=\"author\" content=\"Csaba\" \/>\n<meta name=\"twitter:card\" content=\"summary_large_image\" \/>\n<meta name=\"twitter:label1\" content=\"Szerz\u0151:\" \/>\n\t<meta name=\"twitter:data1\" content=\"Csaba\" \/>\n\t<meta name=\"twitter:label2\" content=\"Becs\u00fclt olvas\u00e1si id\u0151\" \/>\n\t<meta name=\"twitter:data2\" content=\"1 perc\" \/>\n<script type=\"application\/ld+json\" class=\"yoast-schema-graph\">{\"@context\":\"https:\\\/\\\/schema.org\",\"@graph\":[{\"@type\":\"NewsArticle\",\"@id\":\"https:\\\/\\\/miklostv.com\\\/new\\\/2025\\\/05\\\/23\\\/iden-is-megnyilnak-a-szertarkapuk\\\/#article\",\"isPartOf\":{\"@id\":\"https:\\\/\\\/miklostv.com\\\/new\\\/2025\\\/05\\\/23\\\/iden-is-megnyilnak-a-szertarkapuk\\\/\"},\"author\":{\"name\":\"Csaba\",\"@id\":\"https:\\\/\\\/miklostv.com\\\/new\\\/#\\\/schema\\\/person\\\/f3618ba4452057fb1d671f973554e567\"},\"headline\":\"Id\u00e9n is megny\u00edlnak a szert\u00e1rkapuk\",\"datePublished\":\"2025-05-23T09:02:10+00:00\",\"dateModified\":\"2025-05-23T09:08:46+00:00\",\"mainEntityOfPage\":{\"@id\":\"https:\\\/\\\/miklostv.com\\\/new\\\/2025\\\/05\\\/23\\\/iden-is-megnyilnak-a-szertarkapuk\\\/\"},\"wordCount\":137,\"image\":{\"@id\":\"https:\\\/\\\/miklostv.com\\\/new\\\/2025\\\/05\\\/23\\\/iden-is-megnyilnak-a-szertarkapuk\\\/#primaryimage\"},\"thumbnailUrl\":\"https:\\\/\\\/miklostv.com\\\/new\\\/wp-content\\\/uploads\\\/2025\\\/05\\\/jasz.katasztrofavedelem.jpg\",\"articleSection\":[\"A l\u00e9nyeg r\u00f6viden\",\"K\u00f6z\u00e9rdek\u0171\"],\"inLanguage\":\"hu\"},{\"@type\":\"WebPage\",\"@id\":\"https:\\\/\\\/miklostv.com\\\/new\\\/2025\\\/05\\\/23\\\/iden-is-megnyilnak-a-szertarkapuk\\\/\",\"url\":\"https:\\\/\\\/miklostv.com\\\/new\\\/2025\\\/05\\\/23\\\/iden-is-megnyilnak-a-szertarkapuk\\\/\",\"name\":\"Id\u00e9n is megny\u00edlnak a szert\u00e1rkapuk - Mikl\u00f3s TV\",\"isPartOf\":{\"@id\":\"https:\\\/\\\/miklostv.com\\\/new\\\/#website\"},\"primaryImageOfPage\":{\"@id\":\"https:\\\/\\\/miklostv.com\\\/new\\\/2025\\\/05\\\/23\\\/iden-is-megnyilnak-a-szertarkapuk\\\/#primaryimage\"},\"image\":{\"@id\":\"https:\\\/\\\/miklostv.com\\\/new\\\/2025\\\/05\\\/23\\\/iden-is-megnyilnak-a-szertarkapuk\\\/#primaryimage\"},\"thumbnailUrl\":\"https:\\\/\\\/miklostv.com\\\/new\\\/wp-content\\\/uploads\\\/2025\\\/05\\\/jasz.katasztrofavedelem.jpg\",\"datePublished\":\"2025-05-23T09:02:10+00:00\",\"dateModified\":\"2025-05-23T09:08:46+00:00\",\"author\":{\"@id\":\"https:\\\/\\\/miklostv.com\\\/new\\\/#\\\/schema\\\/person\\\/f3618ba4452057fb1d671f973554e567\"},\"breadcrumb\":{\"@id\":\"https:\\\/\\\/miklostv.com\\\/new\\\/2025\\\/05\\\/23\\\/iden-is-megnyilnak-a-szertarkapuk\\\/#breadcrumb\"},\"inLanguage\":\"hu\",\"potentialAction\":[{\"@type\":\"ReadAction\",\"target\":[\"https:\\\/\\\/miklostv.com\\\/new\\\/2025\\\/05\\\/23\\\/iden-is-megnyilnak-a-szertarkapuk\\\/\"]}]},{\"@type\":\"ImageObject\",\"inLanguage\":\"hu\",\"@id\":\"https:\\\/\\\/miklostv.com\\\/new\\\/2025\\\/05\\\/23\\\/iden-is-megnyilnak-a-szertarkapuk\\\/#primaryimage\",\"url\":\"https:\\\/\\\/miklostv.com\\\/new\\\/wp-content\\\/uploads\\\/2025\\\/05\\\/jasz.katasztrofavedelem.jpg\",\"contentUrl\":\"https:\\\/\\\/miklostv.com\\\/new\\\/wp-content\\\/uploads\\\/2025\\\/05\\\/jasz.katasztrofavedelem.jpg\",\"width\":1024,\"height\":621},{\"@type\":\"BreadcrumbList\",\"@id\":\"https:\\\/\\\/miklostv.com\\\/new\\\/2025\\\/05\\\/23\\\/iden-is-megnyilnak-a-szertarkapuk\\\/#breadcrumb\",\"itemListElement\":[{\"@type\":\"ListItem\",\"position\":1,\"name\":\"Kezd\u0151lap\",\"item\":\"https:\\\/\\\/miklostv.com\\\/new\\\/\"},{\"@type\":\"ListItem\",\"position\":2,\"name\":\"Id\u00e9n is megny\u00edlnak a szert\u00e1rkapuk\"}]},{\"@type\":\"WebSite\",\"@id\":\"https:\\\/\\\/miklostv.com\\\/new\\\/#website\",\"url\":\"https:\\\/\\\/miklostv.com\\\/new\\\/\",\"name\":\"Mikl\u00f3s TV\",\"description\":\"Mikl\u00f3s TV\",\"potentialAction\":[{\"@type\":\"SearchAction\",\"target\":{\"@type\":\"EntryPoint\",\"urlTemplate\":\"https:\\\/\\\/miklostv.com\\\/new\\\/?s={search_term_string}\"},\"query-input\":{\"@type\":\"PropertyValueSpecification\",\"valueRequired\":true,\"valueName\":\"search_term_string\"}}],\"inLanguage\":\"hu\"},{\"@type\":\"Person\",\"@id\":\"https:\\\/\\\/miklostv.com\\\/new\\\/#\\\/schema\\\/person\\\/f3618ba4452057fb1d671f973554e567\",\"name\":\"Csaba\",\"url\":\"https:\\\/\\\/miklostv.com\\\/new\\\/author\\\/hcsaba\\\/\"}]}<\/script>\n<!-- \/ Yoast SEO plugin. -->","yoast_head_json":{"title":"Id\u00e9n is megny\u00edlnak a szert\u00e1rkapuk - Mikl\u00f3s TV","robots":{"index":"index","follow":"follow","max-snippet":"max-snippet:-1","max-image-preview":"max-image-preview:large","max-video-preview":"max-video-preview:-1"},"canonical":"https:\/\/miklostv.com\/new\/2025\/05\/23\/iden-is-megnyilnak-a-szertarkapuk\/","og_locale":"hu_HU","og_type":"article","og_title":"Id\u00e9n is megny\u00edlnak a szert\u00e1rkapuk - Mikl\u00f3s TV","og_description":"Gyermeknap alkalm\u00e1b\u00f3l ism\u00e9t megny\u00edlnak a t\u0171zolt\u00f3laktany\u00e1k kapui a l\u00e1togat\u00f3k el\u0151tt a h\u00f3nap utols\u00f3 vas\u00e1rnapj\u00e1n, m\u00e1jus 25-\u00e9n.","og_url":"https:\/\/miklostv.com\/new\/2025\/05\/23\/iden-is-megnyilnak-a-szertarkapuk\/","og_site_name":"Mikl\u00f3s TV","article_published_time":"2025-05-23T09:02:10+00:00","article_modified_time":"2025-05-23T09:08:46+00:00","og_image":[{"width":1024,"height":621,"url":"https:\/\/miklostv.com\/new\/wp-content\/uploads\/2025\/05\/jasz.katasztrofavedelem.jpg","type":"image\/jpeg"}],"author":"Csaba","twitter_card":"summary_large_image","twitter_misc":{"Szerz\u0151:":"Csaba","Becs\u00fclt olvas\u00e1si id\u0151":"1 perc"},"schema":{"@context":"https:\/\/schema.org","@graph":[{"@type":"NewsArticle","@id":"https:\/\/miklostv.com\/new\/2025\/05\/23\/iden-is-megnyilnak-a-szertarkapuk\/#article","isPartOf":{"@id":"https:\/\/miklostv.com\/new\/2025\/05\/23\/iden-is-megnyilnak-a-szertarkapuk\/"},"author":{"name":"Csaba","@id":"https:\/\/miklostv.com\/new\/#\/schema\/person\/f3618ba4452057fb1d671f973554e567"},"headline":"Id\u00e9n is megny\u00edlnak a szert\u00e1rkapuk","datePublished":"2025-05-23T09:02:10+00:00","dateModified":"2025-05-23T09:08:46+00:00","mainEntityOfPage":{"@id":"https:\/\/miklostv.com\/new\/2025\/05\/23\/iden-is-megnyilnak-a-szertarkapuk\/"},"wordCount":137,"image":{"@id":"https:\/\/miklostv.com\/new\/2025\/05\/23\/iden-is-megnyilnak-a-szertarkapuk\/#primaryimage"},"thumbnailUrl":"https:\/\/miklostv.com\/new\/wp-content\/uploads\/2025\/05\/jasz.katasztrofavedelem.jpg","articleSection":["A l\u00e9nyeg r\u00f6viden","K\u00f6z\u00e9rdek\u0171"],"inLanguage":"hu"},{"@type":"WebPage","@id":"https:\/\/miklostv.com\/new\/2025\/05\/23\/iden-is-megnyilnak-a-szertarkapuk\/","url":"https:\/\/miklostv.com\/new\/2025\/05\/23\/iden-is-megnyilnak-a-szertarkapuk\/","name":"Id\u00e9n is megny\u00edlnak a szert\u00e1rkapuk - Mikl\u00f3s TV","isPartOf":{"@id":"https:\/\/miklostv.com\/new\/#website"},"primaryImageOfPage":{"@id":"https:\/\/miklostv.com\/new\/2025\/05\/23\/iden-is-megnyilnak-a-szertarkapuk\/#primaryimage"},"image":{"@id":"https:\/\/miklostv.com\/new\/2025\/05\/23\/iden-is-megnyilnak-a-szertarkapuk\/#primaryimage"},"thumbnailUrl":"https:\/\/miklostv.com\/new\/wp-content\/uploads\/2025\/05\/jasz.katasztrofavedelem.jpg","datePublished":"2025-05-23T09:02:10+00:00","dateModified":"2025-05-23T09:08:46+00:00","author":{"@id":"https:\/\/miklostv.com\/new\/#\/schema\/person\/f3618ba4452057fb1d671f973554e567"},"breadcrumb":{"@id":"https:\/\/miklostv.com\/new\/2025\/05\/23\/iden-is-megnyilnak-a-szertarkapuk\/#breadcrumb"},"inLanguage":"hu","potentialAction":[{"@type":"ReadAction","target":["https:\/\/miklostv.com\/new\/2025\/05\/23\/iden-is-megnyilnak-a-szertarkapuk\/"]}]},{"@type":"ImageObject","inLanguage":"hu","@id":"https:\/\/miklostv.com\/new\/2025\/05\/23\/iden-is-megnyilnak-a-szertarkapuk\/#primaryimage","url":"https:\/\/miklostv.com\/new\/wp-content\/uploads\/2025\/05\/jasz.katasztrofavedelem.jpg","contentUrl":"https:\/\/miklostv.com\/new\/wp-content\/uploads\/2025\/05\/jasz.katasztrofavedelem.jpg","width":1024,"height":621},{"@type":"BreadcrumbList","@id":"https:\/\/miklostv.com\/new\/2025\/05\/23\/iden-is-megnyilnak-a-szertarkapuk\/#breadcrumb","itemListElement":[{"@type":"ListItem","position":1,"name":"Kezd\u0151lap","item":"https:\/\/miklostv.com\/new\/"},{"@type":"ListItem","position":2,"name":"Id\u00e9n is megny\u00edlnak a szert\u00e1rkapuk"}]},{"@type":"WebSite","@id":"https:\/\/miklostv.com\/new\/#website","url":"https:\/\/miklostv.com\/new\/","name":"Mikl\u00f3s TV","description":"Mikl\u00f3s TV","potentialAction":[{"@type":"SearchAction","target":{"@type":"EntryPoint","urlTemplate":"https:\/\/miklostv.com\/new\/?s={search_term_string}"},"query-input":{"@type":"PropertyValueSpecification","valueRequired":true,"valueName":"search_term_string"}}],"inLanguage":"hu"},{"@type":"Person","@id":"https:\/\/miklostv.com\/new\/#\/schema\/person\/f3618ba4452057fb1d671f973554e567","name":"Csaba","url":"https:\/\/miklostv.com\/new\/author\/hcsaba\/"}]}},"_links":{"self":[{"href":"https:\/\/miklostv.com\/new\/wp-json\/wp\/v2\/posts\/9222","targetHints":{"allow":["GET"]}}],"collection":[{"href":"https:\/\/miklostv.com\/new\/wp-json\/wp\/v2\/posts"}],"about":[{"href":"https:\/\/miklostv.com\/new\/wp-json\/wp\/v2\/types\/post"}],"author":[{"embeddable":true,"href":"https:\/\/miklostv.com\/new\/wp-json\/wp\/v2\/users\/3"}],"replies":[{"embeddable":true,"href":"https:\/\/miklostv.com\/new\/wp-json\/wp\/v2\/comments?post=9222"}],"version-history":[{"count":3,"href":"https:\/\/miklostv.com\/new\/wp-json\/wp\/v2\/posts\/9222\/revisions"}],"predecessor-version":[{"id":9227,"href":"https:\/\/miklostv.com\/new\/wp-json\/wp\/v2\/posts\/9222\/revisions\/9227"}],"wp:featuredmedia":[{"embeddable":true,"href":"https:\/\/miklostv.com\/new\/wp-json\/wp\/v2\/media\/9225"}],"wp:attachment":[{"href":"https:\/\/miklostv.com\/new\/wp-json\/wp\/v2\/media?parent=9222"}],"wp:term":[{"taxonomy":"category","embeddable":true,"href":"https:\/\/miklostv.com\/new\/wp-json\/wp\/v2\/categories?post=9222"},{"taxonomy":"post_tag","embeddable":true,"href":"https:\/\/miklostv.com\/new\/wp-json\/wp\/v2\/tags?post=9222"}],"curies":[{"name":"wp","href":"https:\/\/api.w.org\/{rel}","templated":true}]}}