{"id":9188,"date":"2025-03-30T15:12:06","date_gmt":"2025-03-30T15:12:06","guid":{"rendered":"https:\/\/miklostv.com\/new\/?p=9188"},"modified":"2025-03-30T15:12:07","modified_gmt":"2025-03-30T15:12:07","slug":"torokszentmiklosi-dilerek-rendorkezen","status":"publish","type":"post","link":"https:\/\/miklostv.com\/new\/2025\/03\/30\/torokszentmiklosi-dilerek-rendorkezen\/","title":{"rendered":"T\u00f6r\u00f6kszentmikl\u00f3si d\u00edlerek rend\u0151rk\u00e9zen"},"content":{"rendered":"\n<p style=\"font-size:17px\"><strong>A rend\u0151r\u00f6k a DELTA Program keret\u00e9ben k\u00e9t d\u00edlert vettek \u0151rizetbe. Mindketten \u00faj pszichoakt\u00edv anyagot \u00e1rultak, egyik\u00fck k\u00e1b\u00edt\u00f3szerrel is kereskedett. A b\u00edr\u00f3s\u00e1g letart\u00f3ztatta \u0151ket.<\/strong><\/p>\n\n\n\n<figure class=\"wp-block-image size-full\"><img fetchpriority=\"high\" decoding=\"async\" width=\"751\" height=\"500\" src=\"https:\/\/miklostv.com\/new\/wp-content\/uploads\/2025\/03\/lead2_268.jpg\" alt=\"\" class=\"wp-image-9189\" srcset=\"https:\/\/miklostv.com\/new\/wp-content\/uploads\/2025\/03\/lead2_268.jpg 751w, https:\/\/miklostv.com\/new\/wp-content\/uploads\/2025\/03\/lead2_268-548x365.jpg 548w\" sizes=\"(max-width: 751px) 100vw, 751px\" \/><\/figure>\n\n\n\n<p>Az elm\u00falt napokban a T\u00f6r\u00f6kszentmikl\u00f3si Rend\u0151rkapit\u00e1nys\u00e1g munkat\u00e1rsai a Tisza MEKTO bevet\u00e9si egys\u00e9g\u00e9vel k\u00e9t helyi d\u00edlerre csaptak le.<\/p>\n\n\n\n<p>Egy 50 \u00e9ves t\u00f6r\u00f6kszentmikl\u00f3si f\u00e9rfi a megalapozott gyan\u00fa szerint anyagi haszonszerz\u00e9s v\u00e9gett \u00faj pszichoakt\u00edv anyagot \u00e9rt\u00e9kes\u00edtett helyi lakosoknak. Elfog\u00e1sa napj\u00e1n tetten \u00e9rt\u00e9k a rend\u0151r\u00f6k, amint \u2013 az el\u0151zetes szakv\u00e9lem\u00e9ny szerint \u2013 \u00e9ppen \u00faj pszichoakt\u00edv anyagot \u00e9rt\u00e9kes\u00edtett. Kutat\u00e1s sor\u00e1n a nyomoz\u00f3k brutt\u00f3 38.97 gramm feh\u00e9r port, valamint 11.52 gramm krist\u00e1lyos anyagot tal\u00e1ltak \u00e9s foglaltak le. A d\u00edlert \u00faj pszichoakt\u00edv anyaggal vissza\u00e9l\u00e9s b\u0171ntett miatt hallgatt\u00e1k ki.<\/p>\n\n\n\n<p>Egy m\u00e1sik helyi lakosnak szint\u00e9n \u00faj pszichoakt\u00edv anyaggal vissza\u00e9l\u00e9s miatt, kell felelnie. Az \u0151 eset\u00e9ben azonban k\u00e1b\u00edt\u00f3szer-kereskedelem b\u0171ntette is felr\u00f3hat\u00f3. A 26 \u00e9ves f\u00e9rfi ugyanis 2000\u20133500 forint\/pakk \u00e1ron \u00e9rt\u00e9kes\u00edtett helyi lakosoknak k\u00e1b\u00edt\u00f3szernek min\u0151s\u00fcl\u0151 anyagot. Mindk\u00e9t b\u0171ncselekm\u00e9ny miatt gyan\u00fas\u00edtottk\u00e9nt hallgatt\u00e1k ki.<\/p>\n\n\n\n<p>A k\u00e9t f\u00e9rfit a nyomoz\u00f3 hat\u00f3s\u00e1g \u0151rizetbe vette, a b\u00edr\u00f3s\u00e1g elrendelte letart\u00f3ztat\u00e1sukat.<br><br>forr\u00e1s: <a href=\"https:\/\/www.police.hu\/hu\/hirek-es-informaciok\/legfrissebb-hireink\/delta-program\/torokszentmiklosi-dilerek-rendorkezen\">police.hu<\/a><\/p>\n","protected":false},"excerpt":{"rendered":"<p>A rend\u0151r\u00f6k a DELTA Program keret\u00e9ben k\u00e9t d\u00edlert vettek \u0151rizetbe. Mindketten \u00faj pszichoakt\u00edv anyagot \u00e1rultak, egyik\u00fck k\u00e1b\u00edt\u00f3szerrel is kereskedett. A b\u00edr\u00f3s\u00e1g letart\u00f3ztatta \u0151ket. Az elm\u00falt napokban a T\u00f6r\u00f6kszentmikl\u00f3si Rend\u0151rkapit\u00e1nys\u00e1g munkat\u00e1rsai a Tisza MEKTO bevet\u00e9si egys\u00e9g\u00e9vel k\u00e9t helyi d\u00edlerre csaptak le. Egy 50 \u00e9ves t\u00f6r\u00f6kszentmikl\u00f3si f\u00e9rfi a megalapozott gyan\u00fa szerint anyagi haszonszerz\u00e9s v\u00e9gett \u00faj pszichoakt\u00edv anyagot \u00e9rt\u00e9kes\u00edtett helyi lakosoknak. Elfog\u00e1sa napj\u00e1n tetten \u00e9rt\u00e9k a rend\u0151r\u00f6k, amint \u2013 az el\u0151zetes szakv\u00e9lem\u00e9ny szerint \u2013 \u00e9ppen \u00faj pszichoakt\u00edv anyagot \u00e9rt\u00e9kes\u00edtett. Kutat\u00e1s sor\u00e1n a nyomoz\u00f3k brutt\u00f3 38.97 gramm feh\u00e9r port, valamint 11.52 gramm krist\u00e1lyos anyagot&hellip;<\/p>\n","protected":false},"author":3,"featured_media":9189,"comment_status":"closed","ping_status":"closed","sticky":false,"template":"","format":"standard","meta":{"fifu_image_url":"","fifu_image_alt":"","footnotes":""},"categories":[32,41],"tags":[],"class_list":["post-9188","post","type-post","status-publish","format-standard","has-post-thumbnail","hentry","category-hirek2","category-rendorsegi-hirek"],"gutentor_comment":0,"yoast_head":"<!-- This site is optimized with the Yoast SEO plugin v27.5 - https:\/\/yoast.com\/product\/yoast-seo-wordpress\/ -->\n<title>T\u00f6r\u00f6kszentmikl\u00f3si d\u00edlerek rend\u0151rk\u00e9zen - Mikl\u00f3s TV<\/title>\n<meta name=\"robots\" content=\"index, follow, max-snippet:-1, max-image-preview:large, max-video-preview:-1\" \/>\n<link rel=\"canonical\" href=\"https:\/\/miklostv.com\/new\/2025\/03\/30\/torokszentmiklosi-dilerek-rendorkezen\/\" \/>\n<meta property=\"og:locale\" content=\"hu_HU\" \/>\n<meta property=\"og:type\" content=\"article\" \/>\n<meta property=\"og:title\" content=\"T\u00f6r\u00f6kszentmikl\u00f3si d\u00edlerek rend\u0151rk\u00e9zen - Mikl\u00f3s TV\" \/>\n<meta property=\"og:description\" content=\"A rend\u0151r\u00f6k a DELTA Program keret\u00e9ben k\u00e9t d\u00edlert vettek \u0151rizetbe. Mindketten \u00faj pszichoakt\u00edv anyagot \u00e1rultak, egyik\u00fck k\u00e1b\u00edt\u00f3szerrel is kereskedett. A b\u00edr\u00f3s\u00e1g letart\u00f3ztatta \u0151ket. Az elm\u00falt napokban a T\u00f6r\u00f6kszentmikl\u00f3si Rend\u0151rkapit\u00e1nys\u00e1g munkat\u00e1rsai a Tisza MEKTO bevet\u00e9si egys\u00e9g\u00e9vel k\u00e9t helyi d\u00edlerre csaptak le. Egy 50 \u00e9ves t\u00f6r\u00f6kszentmikl\u00f3si f\u00e9rfi a megalapozott gyan\u00fa szerint anyagi haszonszerz\u00e9s v\u00e9gett \u00faj pszichoakt\u00edv anyagot \u00e9rt\u00e9kes\u00edtett helyi lakosoknak. Elfog\u00e1sa napj\u00e1n tetten \u00e9rt\u00e9k a rend\u0151r\u00f6k, amint \u2013 az el\u0151zetes szakv\u00e9lem\u00e9ny szerint \u2013 \u00e9ppen \u00faj pszichoakt\u00edv anyagot \u00e9rt\u00e9kes\u00edtett. Kutat\u00e1s sor\u00e1n a nyomoz\u00f3k brutt\u00f3 38.97 gramm feh\u00e9r port, valamint 11.52 gramm krist\u00e1lyos anyagot&hellip;\" \/>\n<meta property=\"og:url\" content=\"https:\/\/miklostv.com\/new\/2025\/03\/30\/torokszentmiklosi-dilerek-rendorkezen\/\" \/>\n<meta property=\"og:site_name\" content=\"Mikl\u00f3s TV\" \/>\n<meta property=\"article:published_time\" content=\"2025-03-30T15:12:06+00:00\" \/>\n<meta property=\"article:modified_time\" content=\"2025-03-30T15:12:07+00:00\" \/>\n<meta property=\"og:image\" content=\"https:\/\/miklostv.com\/new\/wp-content\/uploads\/2025\/03\/lead2_268.jpg\" \/>\n\t<meta property=\"og:image:width\" content=\"751\" \/>\n\t<meta property=\"og:image:height\" content=\"500\" \/>\n\t<meta property=\"og:image:type\" content=\"image\/jpeg\" \/>\n<meta name=\"author\" content=\"Csaba\" \/>\n<meta name=\"twitter:card\" content=\"summary_large_image\" \/>\n<meta name=\"twitter:label1\" content=\"Szerz\u0151:\" \/>\n\t<meta name=\"twitter:data1\" content=\"Csaba\" \/>\n\t<meta name=\"twitter:label2\" content=\"Becs\u00fclt olvas\u00e1si id\u0151\" \/>\n\t<meta name=\"twitter:data2\" content=\"2 perc\" \/>\n<script type=\"application\/ld+json\" class=\"yoast-schema-graph\">{\"@context\":\"https:\\\/\\\/schema.org\",\"@graph\":[{\"@type\":\"NewsArticle\",\"@id\":\"https:\\\/\\\/miklostv.com\\\/new\\\/2025\\\/03\\\/30\\\/torokszentmiklosi-dilerek-rendorkezen\\\/#article\",\"isPartOf\":{\"@id\":\"https:\\\/\\\/miklostv.com\\\/new\\\/2025\\\/03\\\/30\\\/torokszentmiklosi-dilerek-rendorkezen\\\/\"},\"author\":{\"name\":\"Csaba\",\"@id\":\"https:\\\/\\\/miklostv.com\\\/new\\\/#\\\/schema\\\/person\\\/f3618ba4452057fb1d671f973554e567\"},\"headline\":\"T\u00f6r\u00f6kszentmikl\u00f3si d\u00edlerek rend\u0151rk\u00e9zen\",\"datePublished\":\"2025-03-30T15:12:06+00:00\",\"dateModified\":\"2025-03-30T15:12:07+00:00\",\"mainEntityOfPage\":{\"@id\":\"https:\\\/\\\/miklostv.com\\\/new\\\/2025\\\/03\\\/30\\\/torokszentmiklosi-dilerek-rendorkezen\\\/\"},\"wordCount\":256,\"image\":{\"@id\":\"https:\\\/\\\/miklostv.com\\\/new\\\/2025\\\/03\\\/30\\\/torokszentmiklosi-dilerek-rendorkezen\\\/#primaryimage\"},\"thumbnailUrl\":\"https:\\\/\\\/miklostv.com\\\/new\\\/wp-content\\\/uploads\\\/2025\\\/03\\\/lead2_268.jpg\",\"articleSection\":[\"A l\u00e9nyeg r\u00f6viden\",\"Rend\u0151rs\u00e9gi h\u00edrek\"],\"inLanguage\":\"hu\"},{\"@type\":\"WebPage\",\"@id\":\"https:\\\/\\\/miklostv.com\\\/new\\\/2025\\\/03\\\/30\\\/torokszentmiklosi-dilerek-rendorkezen\\\/\",\"url\":\"https:\\\/\\\/miklostv.com\\\/new\\\/2025\\\/03\\\/30\\\/torokszentmiklosi-dilerek-rendorkezen\\\/\",\"name\":\"T\u00f6r\u00f6kszentmikl\u00f3si d\u00edlerek rend\u0151rk\u00e9zen - Mikl\u00f3s TV\",\"isPartOf\":{\"@id\":\"https:\\\/\\\/miklostv.com\\\/new\\\/#website\"},\"primaryImageOfPage\":{\"@id\":\"https:\\\/\\\/miklostv.com\\\/new\\\/2025\\\/03\\\/30\\\/torokszentmiklosi-dilerek-rendorkezen\\\/#primaryimage\"},\"image\":{\"@id\":\"https:\\\/\\\/miklostv.com\\\/new\\\/2025\\\/03\\\/30\\\/torokszentmiklosi-dilerek-rendorkezen\\\/#primaryimage\"},\"thumbnailUrl\":\"https:\\\/\\\/miklostv.com\\\/new\\\/wp-content\\\/uploads\\\/2025\\\/03\\\/lead2_268.jpg\",\"datePublished\":\"2025-03-30T15:12:06+00:00\",\"dateModified\":\"2025-03-30T15:12:07+00:00\",\"author\":{\"@id\":\"https:\\\/\\\/miklostv.com\\\/new\\\/#\\\/schema\\\/person\\\/f3618ba4452057fb1d671f973554e567\"},\"breadcrumb\":{\"@id\":\"https:\\\/\\\/miklostv.com\\\/new\\\/2025\\\/03\\\/30\\\/torokszentmiklosi-dilerek-rendorkezen\\\/#breadcrumb\"},\"inLanguage\":\"hu\",\"potentialAction\":[{\"@type\":\"ReadAction\",\"target\":[\"https:\\\/\\\/miklostv.com\\\/new\\\/2025\\\/03\\\/30\\\/torokszentmiklosi-dilerek-rendorkezen\\\/\"]}]},{\"@type\":\"ImageObject\",\"inLanguage\":\"hu\",\"@id\":\"https:\\\/\\\/miklostv.com\\\/new\\\/2025\\\/03\\\/30\\\/torokszentmiklosi-dilerek-rendorkezen\\\/#primaryimage\",\"url\":\"https:\\\/\\\/miklostv.com\\\/new\\\/wp-content\\\/uploads\\\/2025\\\/03\\\/lead2_268.jpg\",\"contentUrl\":\"https:\\\/\\\/miklostv.com\\\/new\\\/wp-content\\\/uploads\\\/2025\\\/03\\\/lead2_268.jpg\",\"width\":751,\"height\":500},{\"@type\":\"BreadcrumbList\",\"@id\":\"https:\\\/\\\/miklostv.com\\\/new\\\/2025\\\/03\\\/30\\\/torokszentmiklosi-dilerek-rendorkezen\\\/#breadcrumb\",\"itemListElement\":[{\"@type\":\"ListItem\",\"position\":1,\"name\":\"Kezd\u0151lap\",\"item\":\"https:\\\/\\\/miklostv.com\\\/new\\\/\"},{\"@type\":\"ListItem\",\"position\":2,\"name\":\"T\u00f6r\u00f6kszentmikl\u00f3si d\u00edlerek rend\u0151rk\u00e9zen\"}]},{\"@type\":\"WebSite\",\"@id\":\"https:\\\/\\\/miklostv.com\\\/new\\\/#website\",\"url\":\"https:\\\/\\\/miklostv.com\\\/new\\\/\",\"name\":\"Mikl\u00f3s TV\",\"description\":\"Mikl\u00f3s TV\",\"potentialAction\":[{\"@type\":\"SearchAction\",\"target\":{\"@type\":\"EntryPoint\",\"urlTemplate\":\"https:\\\/\\\/miklostv.com\\\/new\\\/?s={search_term_string}\"},\"query-input\":{\"@type\":\"PropertyValueSpecification\",\"valueRequired\":true,\"valueName\":\"search_term_string\"}}],\"inLanguage\":\"hu\"},{\"@type\":\"Person\",\"@id\":\"https:\\\/\\\/miklostv.com\\\/new\\\/#\\\/schema\\\/person\\\/f3618ba4452057fb1d671f973554e567\",\"name\":\"Csaba\",\"url\":\"https:\\\/\\\/miklostv.com\\\/new\\\/author\\\/hcsaba\\\/\"}]}<\/script>\n<!-- \/ Yoast SEO plugin. -->","yoast_head_json":{"title":"T\u00f6r\u00f6kszentmikl\u00f3si d\u00edlerek rend\u0151rk\u00e9zen - Mikl\u00f3s TV","robots":{"index":"index","follow":"follow","max-snippet":"max-snippet:-1","max-image-preview":"max-image-preview:large","max-video-preview":"max-video-preview:-1"},"canonical":"https:\/\/miklostv.com\/new\/2025\/03\/30\/torokszentmiklosi-dilerek-rendorkezen\/","og_locale":"hu_HU","og_type":"article","og_title":"T\u00f6r\u00f6kszentmikl\u00f3si d\u00edlerek rend\u0151rk\u00e9zen - Mikl\u00f3s TV","og_description":"A rend\u0151r\u00f6k a DELTA Program keret\u00e9ben k\u00e9t d\u00edlert vettek \u0151rizetbe. Mindketten \u00faj pszichoakt\u00edv anyagot \u00e1rultak, egyik\u00fck k\u00e1b\u00edt\u00f3szerrel is kereskedett. A b\u00edr\u00f3s\u00e1g letart\u00f3ztatta \u0151ket. Az elm\u00falt napokban a T\u00f6r\u00f6kszentmikl\u00f3si Rend\u0151rkapit\u00e1nys\u00e1g munkat\u00e1rsai a Tisza MEKTO bevet\u00e9si egys\u00e9g\u00e9vel k\u00e9t helyi d\u00edlerre csaptak le. Egy 50 \u00e9ves t\u00f6r\u00f6kszentmikl\u00f3si f\u00e9rfi a megalapozott gyan\u00fa szerint anyagi haszonszerz\u00e9s v\u00e9gett \u00faj pszichoakt\u00edv anyagot \u00e9rt\u00e9kes\u00edtett helyi lakosoknak. Elfog\u00e1sa napj\u00e1n tetten \u00e9rt\u00e9k a rend\u0151r\u00f6k, amint \u2013 az el\u0151zetes szakv\u00e9lem\u00e9ny szerint \u2013 \u00e9ppen \u00faj pszichoakt\u00edv anyagot \u00e9rt\u00e9kes\u00edtett. Kutat\u00e1s sor\u00e1n a nyomoz\u00f3k brutt\u00f3 38.97 gramm feh\u00e9r port, valamint 11.52 gramm krist\u00e1lyos anyagot&hellip;","og_url":"https:\/\/miklostv.com\/new\/2025\/03\/30\/torokszentmiklosi-dilerek-rendorkezen\/","og_site_name":"Mikl\u00f3s TV","article_published_time":"2025-03-30T15:12:06+00:00","article_modified_time":"2025-03-30T15:12:07+00:00","og_image":[{"width":751,"height":500,"url":"https:\/\/miklostv.com\/new\/wp-content\/uploads\/2025\/03\/lead2_268.jpg","type":"image\/jpeg"}],"author":"Csaba","twitter_card":"summary_large_image","twitter_misc":{"Szerz\u0151:":"Csaba","Becs\u00fclt olvas\u00e1si id\u0151":"2 perc"},"schema":{"@context":"https:\/\/schema.org","@graph":[{"@type":"NewsArticle","@id":"https:\/\/miklostv.com\/new\/2025\/03\/30\/torokszentmiklosi-dilerek-rendorkezen\/#article","isPartOf":{"@id":"https:\/\/miklostv.com\/new\/2025\/03\/30\/torokszentmiklosi-dilerek-rendorkezen\/"},"author":{"name":"Csaba","@id":"https:\/\/miklostv.com\/new\/#\/schema\/person\/f3618ba4452057fb1d671f973554e567"},"headline":"T\u00f6r\u00f6kszentmikl\u00f3si d\u00edlerek rend\u0151rk\u00e9zen","datePublished":"2025-03-30T15:12:06+00:00","dateModified":"2025-03-30T15:12:07+00:00","mainEntityOfPage":{"@id":"https:\/\/miklostv.com\/new\/2025\/03\/30\/torokszentmiklosi-dilerek-rendorkezen\/"},"wordCount":256,"image":{"@id":"https:\/\/miklostv.com\/new\/2025\/03\/30\/torokszentmiklosi-dilerek-rendorkezen\/#primaryimage"},"thumbnailUrl":"https:\/\/miklostv.com\/new\/wp-content\/uploads\/2025\/03\/lead2_268.jpg","articleSection":["A l\u00e9nyeg r\u00f6viden","Rend\u0151rs\u00e9gi h\u00edrek"],"inLanguage":"hu"},{"@type":"WebPage","@id":"https:\/\/miklostv.com\/new\/2025\/03\/30\/torokszentmiklosi-dilerek-rendorkezen\/","url":"https:\/\/miklostv.com\/new\/2025\/03\/30\/torokszentmiklosi-dilerek-rendorkezen\/","name":"T\u00f6r\u00f6kszentmikl\u00f3si d\u00edlerek rend\u0151rk\u00e9zen - Mikl\u00f3s TV","isPartOf":{"@id":"https:\/\/miklostv.com\/new\/#website"},"primaryImageOfPage":{"@id":"https:\/\/miklostv.com\/new\/2025\/03\/30\/torokszentmiklosi-dilerek-rendorkezen\/#primaryimage"},"image":{"@id":"https:\/\/miklostv.com\/new\/2025\/03\/30\/torokszentmiklosi-dilerek-rendorkezen\/#primaryimage"},"thumbnailUrl":"https:\/\/miklostv.com\/new\/wp-content\/uploads\/2025\/03\/lead2_268.jpg","datePublished":"2025-03-30T15:12:06+00:00","dateModified":"2025-03-30T15:12:07+00:00","author":{"@id":"https:\/\/miklostv.com\/new\/#\/schema\/person\/f3618ba4452057fb1d671f973554e567"},"breadcrumb":{"@id":"https:\/\/miklostv.com\/new\/2025\/03\/30\/torokszentmiklosi-dilerek-rendorkezen\/#breadcrumb"},"inLanguage":"hu","potentialAction":[{"@type":"ReadAction","target":["https:\/\/miklostv.com\/new\/2025\/03\/30\/torokszentmiklosi-dilerek-rendorkezen\/"]}]},{"@type":"ImageObject","inLanguage":"hu","@id":"https:\/\/miklostv.com\/new\/2025\/03\/30\/torokszentmiklosi-dilerek-rendorkezen\/#primaryimage","url":"https:\/\/miklostv.com\/new\/wp-content\/uploads\/2025\/03\/lead2_268.jpg","contentUrl":"https:\/\/miklostv.com\/new\/wp-content\/uploads\/2025\/03\/lead2_268.jpg","width":751,"height":500},{"@type":"BreadcrumbList","@id":"https:\/\/miklostv.com\/new\/2025\/03\/30\/torokszentmiklosi-dilerek-rendorkezen\/#breadcrumb","itemListElement":[{"@type":"ListItem","position":1,"name":"Kezd\u0151lap","item":"https:\/\/miklostv.com\/new\/"},{"@type":"ListItem","position":2,"name":"T\u00f6r\u00f6kszentmikl\u00f3si d\u00edlerek rend\u0151rk\u00e9zen"}]},{"@type":"WebSite","@id":"https:\/\/miklostv.com\/new\/#website","url":"https:\/\/miklostv.com\/new\/","name":"Mikl\u00f3s TV","description":"Mikl\u00f3s TV","potentialAction":[{"@type":"SearchAction","target":{"@type":"EntryPoint","urlTemplate":"https:\/\/miklostv.com\/new\/?s={search_term_string}"},"query-input":{"@type":"PropertyValueSpecification","valueRequired":true,"valueName":"search_term_string"}}],"inLanguage":"hu"},{"@type":"Person","@id":"https:\/\/miklostv.com\/new\/#\/schema\/person\/f3618ba4452057fb1d671f973554e567","name":"Csaba","url":"https:\/\/miklostv.com\/new\/author\/hcsaba\/"}]}},"_links":{"self":[{"href":"https:\/\/miklostv.com\/new\/wp-json\/wp\/v2\/posts\/9188","targetHints":{"allow":["GET"]}}],"collection":[{"href":"https:\/\/miklostv.com\/new\/wp-json\/wp\/v2\/posts"}],"about":[{"href":"https:\/\/miklostv.com\/new\/wp-json\/wp\/v2\/types\/post"}],"author":[{"embeddable":true,"href":"https:\/\/miklostv.com\/new\/wp-json\/wp\/v2\/users\/3"}],"replies":[{"embeddable":true,"href":"https:\/\/miklostv.com\/new\/wp-json\/wp\/v2\/comments?post=9188"}],"version-history":[{"count":1,"href":"https:\/\/miklostv.com\/new\/wp-json\/wp\/v2\/posts\/9188\/revisions"}],"predecessor-version":[{"id":9190,"href":"https:\/\/miklostv.com\/new\/wp-json\/wp\/v2\/posts\/9188\/revisions\/9190"}],"wp:featuredmedia":[{"embeddable":true,"href":"https:\/\/miklostv.com\/new\/wp-json\/wp\/v2\/media\/9189"}],"wp:attachment":[{"href":"https:\/\/miklostv.com\/new\/wp-json\/wp\/v2\/media?parent=9188"}],"wp:term":[{"taxonomy":"category","embeddable":true,"href":"https:\/\/miklostv.com\/new\/wp-json\/wp\/v2\/categories?post=9188"},{"taxonomy":"post_tag","embeddable":true,"href":"https:\/\/miklostv.com\/new\/wp-json\/wp\/v2\/tags?post=9188"}],"curies":[{"name":"wp","href":"https:\/\/api.w.org\/{rel}","templated":true}]}}