{"id":9181,"date":"2025-03-12T20:17:58","date_gmt":"2025-03-12T20:17:58","guid":{"rendered":"https:\/\/miklostv.com\/new\/?p=9181"},"modified":"2025-03-12T20:21:22","modified_gmt":"2025-03-12T20:21:22","slug":"revi-attila-a-jobbik-orszaggyulesi-kepviselojeloltje","status":"publish","type":"post","link":"https:\/\/miklostv.com\/new\/2025\/03\/12\/revi-attila-a-jobbik-orszaggyulesi-kepviselojeloltje\/","title":{"rendered":"R\u00e9vi Attila a Jobbik orsz\u00e1ggy\u0171l\u00e9si k\u00e9pvisel\u0151jel\u00f6ltje"},"content":{"rendered":"\n<p style=\"font-size:17px\"><strong>Bemutatta jel\u00f6ltj\u00e9t a Jobbik.<\/strong><\/p>\n\n\n\n<figure class=\"wp-block-image size-large\"><img fetchpriority=\"high\" decoding=\"async\" width=\"840\" height=\"560\" src=\"https:\/\/miklostv.com\/new\/wp-content\/uploads\/2025\/03\/483560373_693497206339193_1658734471218215834_n-840x560.jpg\" alt=\"\" class=\"wp-image-9185\" srcset=\"https:\/\/miklostv.com\/new\/wp-content\/uploads\/2025\/03\/483560373_693497206339193_1658734471218215834_n-840x560.jpg 840w, https:\/\/miklostv.com\/new\/wp-content\/uploads\/2025\/03\/483560373_693497206339193_1658734471218215834_n-548x365.jpg 548w, https:\/\/miklostv.com\/new\/wp-content\/uploads\/2025\/03\/483560373_693497206339193_1658734471218215834_n-768x512.jpg 768w, https:\/\/miklostv.com\/new\/wp-content\/uploads\/2025\/03\/483560373_693497206339193_1658734471218215834_n-1536x1024.jpg 1536w, https:\/\/miklostv.com\/new\/wp-content\/uploads\/2025\/03\/483560373_693497206339193_1658734471218215834_n.jpg 2048w\" sizes=\"(max-width: 840px) 100vw, 840px\" \/><\/figure>\n\n\n\n<!--more-->\n\n\n\n<p>Dr. Luk\u00e1cs L\u00e1szl\u00f3 Gy\u00f6rgy frakci\u00f3vezet\u0151 sajt\u00f3t\u00e1j\u00e9koztat\u00f3n ismertette a jelenl\u00e9v\u0151kkel, hogy J\u00e1sz-Nagykun Szolnok V\u00e1rmegye 4-es v\u00e1laszt\u00f3ker\u00fclet\u00e9ben R\u00e9vi Attil\u00e1t a Jobbik aleln\u00f6k\u00e9t ind\u00edtj\u00e1k a 2026-os orsz\u00e1gy\u0171l\u00e9si v\u00e1laszt\u00e1son.<\/p>\n\n\n\n<figure class=\"wp-block-embed is-type-video is-provider-youtube wp-block-embed-youtube wp-embed-aspect-16-9 wp-has-aspect-ratio\"><div class=\"wp-block-embed__wrapper\">\n<iframe  id=\"_ytid_87540\"  width=\"800\" height=\"450\"  data-origwidth=\"800\" data-origheight=\"450\" src=\"https:\/\/www.youtube.com\/embed\/GnGm6Wmmg9Q?enablejsapi=1&#038;autoplay=0&#038;cc_load_policy=0&#038;cc_lang_pref=hu&#038;iv_load_policy=1&#038;loop=0&#038;rel=1&#038;fs=1&#038;playsinline=1&#038;autohide=2&#038;theme=dark&#038;color=red&#038;controls=1&#038;disablekb=0&#038;\" class=\"__youtube_prefs__  epyt-is-override  no-lazyload\" title=\"YouTube player\"  allow=\"fullscreen; accelerometer; autoplay; clipboard-write; encrypted-media; gyroscope; picture-in-picture; web-share\" referrerpolicy=\"strict-origin-when-cross-origin\" allowfullscreen data-no-lazy=\"1\" data-skipgform_ajax_framebjll=\"\"><\/iframe>\n<\/div><\/figure>\n","protected":false},"excerpt":{"rendered":"<p>Bemutatta jel\u00f6ltj\u00e9t a Jobbik.<\/p>\n","protected":false},"author":3,"featured_media":9185,"comment_status":"closed","ping_status":"closed","sticky":false,"template":"","format":"standard","meta":{"fifu_image_url":"","fifu_image_alt":"","footnotes":""},"categories":[32],"tags":[],"class_list":["post-9181","post","type-post","status-publish","format-standard","has-post-thumbnail","hentry","category-hirek2"],"gutentor_comment":0,"yoast_head":"<!-- This site is optimized with the Yoast SEO plugin v27.5 - https:\/\/yoast.com\/product\/yoast-seo-wordpress\/ -->\n<title>R\u00e9vi Attila a Jobbik orsz\u00e1ggy\u0171l\u00e9si k\u00e9pvisel\u0151jel\u00f6ltje - Mikl\u00f3s TV<\/title>\n<meta name=\"robots\" content=\"index, follow, max-snippet:-1, max-image-preview:large, max-video-preview:-1\" \/>\n<link rel=\"canonical\" href=\"https:\/\/miklostv.com\/new\/2025\/03\/12\/revi-attila-a-jobbik-orszaggyulesi-kepviselojeloltje\/\" \/>\n<meta property=\"og:locale\" content=\"hu_HU\" \/>\n<meta property=\"og:type\" content=\"article\" \/>\n<meta property=\"og:title\" content=\"R\u00e9vi Attila a Jobbik orsz\u00e1ggy\u0171l\u00e9si k\u00e9pvisel\u0151jel\u00f6ltje - Mikl\u00f3s TV\" \/>\n<meta property=\"og:description\" content=\"Bemutatta jel\u00f6ltj\u00e9t a Jobbik.\" \/>\n<meta property=\"og:url\" content=\"https:\/\/miklostv.com\/new\/2025\/03\/12\/revi-attila-a-jobbik-orszaggyulesi-kepviselojeloltje\/\" \/>\n<meta property=\"og:site_name\" content=\"Mikl\u00f3s TV\" \/>\n<meta property=\"article:published_time\" content=\"2025-03-12T20:17:58+00:00\" \/>\n<meta property=\"article:modified_time\" content=\"2025-03-12T20:21:22+00:00\" \/>\n<meta property=\"og:image\" content=\"https:\/\/miklostv.com\/new\/wp-content\/uploads\/2025\/03\/483560373_693497206339193_1658734471218215834_n.jpg\" \/>\n\t<meta property=\"og:image:width\" content=\"2048\" \/>\n\t<meta property=\"og:image:height\" content=\"1365\" \/>\n\t<meta property=\"og:image:type\" content=\"image\/jpeg\" \/>\n<meta name=\"author\" content=\"Csaba\" \/>\n<meta name=\"twitter:card\" content=\"summary_large_image\" \/>\n<meta name=\"twitter:label1\" content=\"Szerz\u0151:\" \/>\n\t<meta name=\"twitter:data1\" content=\"Csaba\" \/>\n\t<meta name=\"twitter:label2\" content=\"Becs\u00fclt olvas\u00e1si id\u0151\" \/>\n\t<meta name=\"twitter:data2\" content=\"1 perc\" \/>\n<script type=\"application\/ld+json\" class=\"yoast-schema-graph\">{\"@context\":\"https:\\\/\\\/schema.org\",\"@graph\":[{\"@type\":\"NewsArticle\",\"@id\":\"https:\\\/\\\/miklostv.com\\\/new\\\/2025\\\/03\\\/12\\\/revi-attila-a-jobbik-orszaggyulesi-kepviselojeloltje\\\/#article\",\"isPartOf\":{\"@id\":\"https:\\\/\\\/miklostv.com\\\/new\\\/2025\\\/03\\\/12\\\/revi-attila-a-jobbik-orszaggyulesi-kepviselojeloltje\\\/\"},\"author\":{\"name\":\"Csaba\",\"@id\":\"https:\\\/\\\/miklostv.com\\\/new\\\/#\\\/schema\\\/person\\\/f3618ba4452057fb1d671f973554e567\"},\"headline\":\"R\u00e9vi Attila a Jobbik orsz\u00e1ggy\u0171l\u00e9si k\u00e9pvisel\u0151jel\u00f6ltje\",\"datePublished\":\"2025-03-12T20:17:58+00:00\",\"dateModified\":\"2025-03-12T20:21:22+00:00\",\"mainEntityOfPage\":{\"@id\":\"https:\\\/\\\/miklostv.com\\\/new\\\/2025\\\/03\\\/12\\\/revi-attila-a-jobbik-orszaggyulesi-kepviselojeloltje\\\/\"},\"wordCount\":77,\"image\":{\"@id\":\"https:\\\/\\\/miklostv.com\\\/new\\\/2025\\\/03\\\/12\\\/revi-attila-a-jobbik-orszaggyulesi-kepviselojeloltje\\\/#primaryimage\"},\"thumbnailUrl\":\"https:\\\/\\\/miklostv.com\\\/new\\\/wp-content\\\/uploads\\\/2025\\\/03\\\/483560373_693497206339193_1658734471218215834_n.jpg\",\"articleSection\":[\"A l\u00e9nyeg r\u00f6viden\"],\"inLanguage\":\"hu\"},{\"@type\":\"WebPage\",\"@id\":\"https:\\\/\\\/miklostv.com\\\/new\\\/2025\\\/03\\\/12\\\/revi-attila-a-jobbik-orszaggyulesi-kepviselojeloltje\\\/\",\"url\":\"https:\\\/\\\/miklostv.com\\\/new\\\/2025\\\/03\\\/12\\\/revi-attila-a-jobbik-orszaggyulesi-kepviselojeloltje\\\/\",\"name\":\"R\u00e9vi Attila a Jobbik orsz\u00e1ggy\u0171l\u00e9si k\u00e9pvisel\u0151jel\u00f6ltje - Mikl\u00f3s TV\",\"isPartOf\":{\"@id\":\"https:\\\/\\\/miklostv.com\\\/new\\\/#website\"},\"primaryImageOfPage\":{\"@id\":\"https:\\\/\\\/miklostv.com\\\/new\\\/2025\\\/03\\\/12\\\/revi-attila-a-jobbik-orszaggyulesi-kepviselojeloltje\\\/#primaryimage\"},\"image\":{\"@id\":\"https:\\\/\\\/miklostv.com\\\/new\\\/2025\\\/03\\\/12\\\/revi-attila-a-jobbik-orszaggyulesi-kepviselojeloltje\\\/#primaryimage\"},\"thumbnailUrl\":\"https:\\\/\\\/miklostv.com\\\/new\\\/wp-content\\\/uploads\\\/2025\\\/03\\\/483560373_693497206339193_1658734471218215834_n.jpg\",\"datePublished\":\"2025-03-12T20:17:58+00:00\",\"dateModified\":\"2025-03-12T20:21:22+00:00\",\"author\":{\"@id\":\"https:\\\/\\\/miklostv.com\\\/new\\\/#\\\/schema\\\/person\\\/f3618ba4452057fb1d671f973554e567\"},\"breadcrumb\":{\"@id\":\"https:\\\/\\\/miklostv.com\\\/new\\\/2025\\\/03\\\/12\\\/revi-attila-a-jobbik-orszaggyulesi-kepviselojeloltje\\\/#breadcrumb\"},\"inLanguage\":\"hu\",\"potentialAction\":[{\"@type\":\"ReadAction\",\"target\":[\"https:\\\/\\\/miklostv.com\\\/new\\\/2025\\\/03\\\/12\\\/revi-attila-a-jobbik-orszaggyulesi-kepviselojeloltje\\\/\"]}]},{\"@type\":\"ImageObject\",\"inLanguage\":\"hu\",\"@id\":\"https:\\\/\\\/miklostv.com\\\/new\\\/2025\\\/03\\\/12\\\/revi-attila-a-jobbik-orszaggyulesi-kepviselojeloltje\\\/#primaryimage\",\"url\":\"https:\\\/\\\/miklostv.com\\\/new\\\/wp-content\\\/uploads\\\/2025\\\/03\\\/483560373_693497206339193_1658734471218215834_n.jpg\",\"contentUrl\":\"https:\\\/\\\/miklostv.com\\\/new\\\/wp-content\\\/uploads\\\/2025\\\/03\\\/483560373_693497206339193_1658734471218215834_n.jpg\",\"width\":2048,\"height\":1365},{\"@type\":\"BreadcrumbList\",\"@id\":\"https:\\\/\\\/miklostv.com\\\/new\\\/2025\\\/03\\\/12\\\/revi-attila-a-jobbik-orszaggyulesi-kepviselojeloltje\\\/#breadcrumb\",\"itemListElement\":[{\"@type\":\"ListItem\",\"position\":1,\"name\":\"Kezd\u0151lap\",\"item\":\"https:\\\/\\\/miklostv.com\\\/new\\\/\"},{\"@type\":\"ListItem\",\"position\":2,\"name\":\"R\u00e9vi Attila a Jobbik orsz\u00e1ggy\u0171l\u00e9si k\u00e9pvisel\u0151jel\u00f6ltje\"}]},{\"@type\":\"WebSite\",\"@id\":\"https:\\\/\\\/miklostv.com\\\/new\\\/#website\",\"url\":\"https:\\\/\\\/miklostv.com\\\/new\\\/\",\"name\":\"Mikl\u00f3s TV\",\"description\":\"Mikl\u00f3s TV\",\"potentialAction\":[{\"@type\":\"SearchAction\",\"target\":{\"@type\":\"EntryPoint\",\"urlTemplate\":\"https:\\\/\\\/miklostv.com\\\/new\\\/?s={search_term_string}\"},\"query-input\":{\"@type\":\"PropertyValueSpecification\",\"valueRequired\":true,\"valueName\":\"search_term_string\"}}],\"inLanguage\":\"hu\"},{\"@type\":\"Person\",\"@id\":\"https:\\\/\\\/miklostv.com\\\/new\\\/#\\\/schema\\\/person\\\/f3618ba4452057fb1d671f973554e567\",\"name\":\"Csaba\",\"url\":\"https:\\\/\\\/miklostv.com\\\/new\\\/author\\\/hcsaba\\\/\"}]}<\/script>\n<!-- \/ Yoast SEO plugin. -->","yoast_head_json":{"title":"R\u00e9vi Attila a Jobbik orsz\u00e1ggy\u0171l\u00e9si k\u00e9pvisel\u0151jel\u00f6ltje - Mikl\u00f3s TV","robots":{"index":"index","follow":"follow","max-snippet":"max-snippet:-1","max-image-preview":"max-image-preview:large","max-video-preview":"max-video-preview:-1"},"canonical":"https:\/\/miklostv.com\/new\/2025\/03\/12\/revi-attila-a-jobbik-orszaggyulesi-kepviselojeloltje\/","og_locale":"hu_HU","og_type":"article","og_title":"R\u00e9vi Attila a Jobbik orsz\u00e1ggy\u0171l\u00e9si k\u00e9pvisel\u0151jel\u00f6ltje - Mikl\u00f3s TV","og_description":"Bemutatta jel\u00f6ltj\u00e9t a Jobbik.","og_url":"https:\/\/miklostv.com\/new\/2025\/03\/12\/revi-attila-a-jobbik-orszaggyulesi-kepviselojeloltje\/","og_site_name":"Mikl\u00f3s TV","article_published_time":"2025-03-12T20:17:58+00:00","article_modified_time":"2025-03-12T20:21:22+00:00","og_image":[{"width":2048,"height":1365,"url":"https:\/\/miklostv.com\/new\/wp-content\/uploads\/2025\/03\/483560373_693497206339193_1658734471218215834_n.jpg","type":"image\/jpeg"}],"author":"Csaba","twitter_card":"summary_large_image","twitter_misc":{"Szerz\u0151:":"Csaba","Becs\u00fclt olvas\u00e1si id\u0151":"1 perc"},"schema":{"@context":"https:\/\/schema.org","@graph":[{"@type":"NewsArticle","@id":"https:\/\/miklostv.com\/new\/2025\/03\/12\/revi-attila-a-jobbik-orszaggyulesi-kepviselojeloltje\/#article","isPartOf":{"@id":"https:\/\/miklostv.com\/new\/2025\/03\/12\/revi-attila-a-jobbik-orszaggyulesi-kepviselojeloltje\/"},"author":{"name":"Csaba","@id":"https:\/\/miklostv.com\/new\/#\/schema\/person\/f3618ba4452057fb1d671f973554e567"},"headline":"R\u00e9vi Attila a Jobbik orsz\u00e1ggy\u0171l\u00e9si k\u00e9pvisel\u0151jel\u00f6ltje","datePublished":"2025-03-12T20:17:58+00:00","dateModified":"2025-03-12T20:21:22+00:00","mainEntityOfPage":{"@id":"https:\/\/miklostv.com\/new\/2025\/03\/12\/revi-attila-a-jobbik-orszaggyulesi-kepviselojeloltje\/"},"wordCount":77,"image":{"@id":"https:\/\/miklostv.com\/new\/2025\/03\/12\/revi-attila-a-jobbik-orszaggyulesi-kepviselojeloltje\/#primaryimage"},"thumbnailUrl":"https:\/\/miklostv.com\/new\/wp-content\/uploads\/2025\/03\/483560373_693497206339193_1658734471218215834_n.jpg","articleSection":["A l\u00e9nyeg r\u00f6viden"],"inLanguage":"hu"},{"@type":"WebPage","@id":"https:\/\/miklostv.com\/new\/2025\/03\/12\/revi-attila-a-jobbik-orszaggyulesi-kepviselojeloltje\/","url":"https:\/\/miklostv.com\/new\/2025\/03\/12\/revi-attila-a-jobbik-orszaggyulesi-kepviselojeloltje\/","name":"R\u00e9vi Attila a Jobbik orsz\u00e1ggy\u0171l\u00e9si k\u00e9pvisel\u0151jel\u00f6ltje - Mikl\u00f3s TV","isPartOf":{"@id":"https:\/\/miklostv.com\/new\/#website"},"primaryImageOfPage":{"@id":"https:\/\/miklostv.com\/new\/2025\/03\/12\/revi-attila-a-jobbik-orszaggyulesi-kepviselojeloltje\/#primaryimage"},"image":{"@id":"https:\/\/miklostv.com\/new\/2025\/03\/12\/revi-attila-a-jobbik-orszaggyulesi-kepviselojeloltje\/#primaryimage"},"thumbnailUrl":"https:\/\/miklostv.com\/new\/wp-content\/uploads\/2025\/03\/483560373_693497206339193_1658734471218215834_n.jpg","datePublished":"2025-03-12T20:17:58+00:00","dateModified":"2025-03-12T20:21:22+00:00","author":{"@id":"https:\/\/miklostv.com\/new\/#\/schema\/person\/f3618ba4452057fb1d671f973554e567"},"breadcrumb":{"@id":"https:\/\/miklostv.com\/new\/2025\/03\/12\/revi-attila-a-jobbik-orszaggyulesi-kepviselojeloltje\/#breadcrumb"},"inLanguage":"hu","potentialAction":[{"@type":"ReadAction","target":["https:\/\/miklostv.com\/new\/2025\/03\/12\/revi-attila-a-jobbik-orszaggyulesi-kepviselojeloltje\/"]}]},{"@type":"ImageObject","inLanguage":"hu","@id":"https:\/\/miklostv.com\/new\/2025\/03\/12\/revi-attila-a-jobbik-orszaggyulesi-kepviselojeloltje\/#primaryimage","url":"https:\/\/miklostv.com\/new\/wp-content\/uploads\/2025\/03\/483560373_693497206339193_1658734471218215834_n.jpg","contentUrl":"https:\/\/miklostv.com\/new\/wp-content\/uploads\/2025\/03\/483560373_693497206339193_1658734471218215834_n.jpg","width":2048,"height":1365},{"@type":"BreadcrumbList","@id":"https:\/\/miklostv.com\/new\/2025\/03\/12\/revi-attila-a-jobbik-orszaggyulesi-kepviselojeloltje\/#breadcrumb","itemListElement":[{"@type":"ListItem","position":1,"name":"Kezd\u0151lap","item":"https:\/\/miklostv.com\/new\/"},{"@type":"ListItem","position":2,"name":"R\u00e9vi Attila a Jobbik orsz\u00e1ggy\u0171l\u00e9si k\u00e9pvisel\u0151jel\u00f6ltje"}]},{"@type":"WebSite","@id":"https:\/\/miklostv.com\/new\/#website","url":"https:\/\/miklostv.com\/new\/","name":"Mikl\u00f3s TV","description":"Mikl\u00f3s TV","potentialAction":[{"@type":"SearchAction","target":{"@type":"EntryPoint","urlTemplate":"https:\/\/miklostv.com\/new\/?s={search_term_string}"},"query-input":{"@type":"PropertyValueSpecification","valueRequired":true,"valueName":"search_term_string"}}],"inLanguage":"hu"},{"@type":"Person","@id":"https:\/\/miklostv.com\/new\/#\/schema\/person\/f3618ba4452057fb1d671f973554e567","name":"Csaba","url":"https:\/\/miklostv.com\/new\/author\/hcsaba\/"}]}},"_links":{"self":[{"href":"https:\/\/miklostv.com\/new\/wp-json\/wp\/v2\/posts\/9181","targetHints":{"allow":["GET"]}}],"collection":[{"href":"https:\/\/miklostv.com\/new\/wp-json\/wp\/v2\/posts"}],"about":[{"href":"https:\/\/miklostv.com\/new\/wp-json\/wp\/v2\/types\/post"}],"author":[{"embeddable":true,"href":"https:\/\/miklostv.com\/new\/wp-json\/wp\/v2\/users\/3"}],"replies":[{"embeddable":true,"href":"https:\/\/miklostv.com\/new\/wp-json\/wp\/v2\/comments?post=9181"}],"version-history":[{"count":2,"href":"https:\/\/miklostv.com\/new\/wp-json\/wp\/v2\/posts\/9181\/revisions"}],"predecessor-version":[{"id":9186,"href":"https:\/\/miklostv.com\/new\/wp-json\/wp\/v2\/posts\/9181\/revisions\/9186"}],"wp:featuredmedia":[{"embeddable":true,"href":"https:\/\/miklostv.com\/new\/wp-json\/wp\/v2\/media\/9185"}],"wp:attachment":[{"href":"https:\/\/miklostv.com\/new\/wp-json\/wp\/v2\/media?parent=9181"}],"wp:term":[{"taxonomy":"category","embeddable":true,"href":"https:\/\/miklostv.com\/new\/wp-json\/wp\/v2\/categories?post=9181"},{"taxonomy":"post_tag","embeddable":true,"href":"https:\/\/miklostv.com\/new\/wp-json\/wp\/v2\/tags?post=9181"}],"curies":[{"name":"wp","href":"https:\/\/api.w.org\/{rel}","templated":true}]}}