{"id":9036,"date":"2024-06-26T14:39:13","date_gmt":"2024-06-26T14:39:13","guid":{"rendered":"https:\/\/miklostv.com\/new\/?p=9036"},"modified":"2024-06-26T14:39:16","modified_gmt":"2024-06-26T14:39:16","slug":"elso-fokon-12-ev-fegyhazat-kapott-a-visszaeso-torokszentmiklosi-drogdiler","status":"publish","type":"post","link":"https:\/\/miklostv.com\/new\/2024\/06\/26\/elso-fokon-12-ev-fegyhazat-kapott-a-visszaeso-torokszentmiklosi-drogdiler\/","title":{"rendered":"Els\u0151 fokon 12 \u00e9v fegyh\u00e1zat kapott a visszaes\u0151 t\u00f6r\u00f6kszentmikl\u00f3si drogd\u00edler"},"content":{"rendered":"\n<p style=\"font-size:17px\"><strong>A Szolnoki T\u00f6rv\u00e9nysz\u00e9k 2024. j\u00fanius 25-\u00e9n meghozott \u00edt\u00e9let\u00e9vel jelent\u0151s mennyis\u00e9g\u0171 k\u00e1b\u00edt\u00f3szerre elk\u00f6vetett k\u00e1b\u00edt\u00f3szer-kereskedelem \u00e9s \u00faj pszichoakt\u00edv anyaggal vissza\u00e9l\u00e9s b\u0171ntette miatt, mint t\u00f6bbsz\u00f6r\u00f6s visszaes\u0151t 12 \u00e9v fegyh\u00e1zra \u00edt\u00e9lte \u00e9s 10 \u00e9vre eltiltotta a k\u00f6z\u00fcgyekt\u0151l azt az 52 \u00e9ves, t\u00f6bbsz\u00f6r\u00f6sen b\u00fcntetett el\u0151\u00e9let\u0171 f\u00e9rfit, aki az \u00edt\u00e9let szerint 2019. decembere \u00e9s 2021. augusztusa k\u00f6z\u00f6tt \u201eherb\u00e1l\u201d, \u201ekrist\u00e1ly\u201d \u00e9s \u201espeed\u201d fant\u00e1zianev\u0171 \u00faj pszichoakt\u00edv anyagokkal, illet\u0151leg k\u00e1b\u00edt\u00f3szerekkel kereskedett T\u00f6r\u00f6kszentmikl\u00f3son.<\/strong><\/p>\n\n\n\n<figure class=\"wp-block-image size-large\"><img fetchpriority=\"high\" decoding=\"async\" width=\"840\" height=\"478\" src=\"https:\/\/miklostv.com\/new\/wp-content\/uploads\/2024\/06\/biroi-kalapacs-840x478.jpg\" alt=\"\" class=\"wp-image-9037\" srcset=\"https:\/\/miklostv.com\/new\/wp-content\/uploads\/2024\/06\/biroi-kalapacs-840x478.jpg 840w, https:\/\/miklostv.com\/new\/wp-content\/uploads\/2024\/06\/biroi-kalapacs-642x365.jpg 642w, https:\/\/miklostv.com\/new\/wp-content\/uploads\/2024\/06\/biroi-kalapacs-768x437.jpg 768w, https:\/\/miklostv.com\/new\/wp-content\/uploads\/2024\/06\/biroi-kalapacs.jpg 870w\" sizes=\"(max-width: 840px) 100vw, 840px\" \/><\/figure>\n\n\n\n<p>Az \u00fcgyben 2022. j\u00falius 1-j\u00e9n emelt v\u00e1dat a J\u00e1sz-Nagykun-Szolnok V\u00e1rmegyei F\u0151\u00fcgy\u00e9szs\u00e9g. A Szolnoki T\u00f6rv\u00e9nysz\u00e9k el\u0151k\u00e9sz\u00edt\u0151 \u00fcl\u00e9st, majd 9 t\u00e1rgyal\u00e1st tartott, \u00e9s az utols\u00f3n, 2024. j\u00fanius 25-\u00e9n \u00edt\u00e9letet hozott. A d\u00f6nt\u00e9s nem joger\u0151s. Az \u00fcgy\u00e9szs\u00e9g 3 munkanapot tartott fenn annak eld\u00f6nt\u00e9s\u00e9re, hogy k\u00edv\u00e1n-e fellebbezni. A v\u00e1dlott \u00e9s v\u00e9d\u0151je azonban els\u0151dlegesen felment\u00e9s, m\u00e1sodsorban enyh\u00edt\u00e9s \u00e9rdek\u00e9ben fellebbezett, \u00edgy m\u00e1r biztos, hogy az elj\u00e1r\u00e1s, m\u00e1sodfokon, a Szegedi \u00cdt\u00e9l\u0151t\u00e1bl\u00e1n folytat\u00f3dik.<\/p>\n\n\n\n<p>Szolnok, 2024. j\u00fanius 26.<\/p>\n\n\n\n<p><a href=\"https:\/\/birosag.hu\/szolnoki-torvenyszek\/sajto\/kozlemenyek\/20240626\/elso-fokon-12-ev-fegyhazat-kapott-visszaeso-torokszentmiklosi-drogdiler\">Szolnoki T\u00f6rv\u00e9nysz\u00e9k Sajt\u00f3oszt\u00e1lya<\/a><\/p>\n","protected":false},"excerpt":{"rendered":"<p>A Szolnoki T\u00f6rv\u00e9nysz\u00e9k 2024. j\u00fanius 25-\u00e9n meghozott \u00edt\u00e9let\u00e9vel jelent\u0151s mennyis\u00e9g\u0171 k\u00e1b\u00edt\u00f3szerre elk\u00f6vetett k\u00e1b\u00edt\u00f3szer-kereskedelem \u00e9s \u00faj pszichoakt\u00edv anyaggal vissza\u00e9l\u00e9s b\u0171ntette miatt, mint t\u00f6bbsz\u00f6r\u00f6s visszaes\u0151t 12 \u00e9v fegyh\u00e1zra \u00edt\u00e9lte \u00e9s 10 \u00e9vre eltiltotta a k\u00f6z\u00fcgyekt\u0151l azt az 52 \u00e9ves, t\u00f6bbsz\u00f6r\u00f6sen b\u00fcntetett el\u0151\u00e9let\u0171 f\u00e9rfit, aki az \u00edt\u00e9let szerint 2019. decembere \u00e9s 2021. augusztusa k\u00f6z\u00f6tt \u201eherb\u00e1l\u201d, \u201ekrist\u00e1ly\u201d \u00e9s \u201espeed\u201d fant\u00e1zianev\u0171 \u00faj pszichoakt\u00edv anyagokkal, illet\u0151leg k\u00e1b\u00edt\u00f3szerekkel kereskedett T\u00f6r\u00f6kszentmikl\u00f3son. Az \u00fcgyben 2022. j\u00falius 1-j\u00e9n emelt v\u00e1dat a J\u00e1sz-Nagykun-Szolnok V\u00e1rmegyei F\u0151\u00fcgy\u00e9szs\u00e9g. A Szolnoki T\u00f6rv\u00e9nysz\u00e9k el\u0151k\u00e9sz\u00edt\u0151 \u00fcl\u00e9st, majd 9 t\u00e1rgyal\u00e1st tartott, \u00e9s az utols\u00f3n, 2024. j\u00fanius 25-\u00e9n \u00edt\u00e9letet&hellip;<\/p>\n","protected":false},"author":3,"featured_media":9037,"comment_status":"closed","ping_status":"closed","sticky":false,"template":"","format":"standard","meta":{"fifu_image_url":"","fifu_image_alt":"","footnotes":""},"categories":[32],"tags":[],"class_list":["post-9036","post","type-post","status-publish","format-standard","has-post-thumbnail","hentry","category-hirek2"],"gutentor_comment":0,"yoast_head":"<!-- This site is optimized with the Yoast SEO plugin v27.5 - https:\/\/yoast.com\/product\/yoast-seo-wordpress\/ -->\n<title>Els\u0151 fokon 12 \u00e9v fegyh\u00e1zat kapott a visszaes\u0151 t\u00f6r\u00f6kszentmikl\u00f3si drogd\u00edler - Mikl\u00f3s TV<\/title>\n<meta name=\"robots\" content=\"index, follow, max-snippet:-1, max-image-preview:large, max-video-preview:-1\" \/>\n<link rel=\"canonical\" href=\"https:\/\/miklostv.com\/new\/2024\/06\/26\/elso-fokon-12-ev-fegyhazat-kapott-a-visszaeso-torokszentmiklosi-drogdiler\/\" \/>\n<meta property=\"og:locale\" content=\"hu_HU\" \/>\n<meta property=\"og:type\" content=\"article\" \/>\n<meta property=\"og:title\" content=\"Els\u0151 fokon 12 \u00e9v fegyh\u00e1zat kapott a visszaes\u0151 t\u00f6r\u00f6kszentmikl\u00f3si drogd\u00edler - Mikl\u00f3s TV\" \/>\n<meta property=\"og:description\" content=\"A Szolnoki T\u00f6rv\u00e9nysz\u00e9k 2024. j\u00fanius 25-\u00e9n meghozott \u00edt\u00e9let\u00e9vel jelent\u0151s mennyis\u00e9g\u0171 k\u00e1b\u00edt\u00f3szerre elk\u00f6vetett k\u00e1b\u00edt\u00f3szer-kereskedelem \u00e9s \u00faj pszichoakt\u00edv anyaggal vissza\u00e9l\u00e9s b\u0171ntette miatt, mint t\u00f6bbsz\u00f6r\u00f6s visszaes\u0151t 12 \u00e9v fegyh\u00e1zra \u00edt\u00e9lte \u00e9s 10 \u00e9vre eltiltotta a k\u00f6z\u00fcgyekt\u0151l azt az 52 \u00e9ves, t\u00f6bbsz\u00f6r\u00f6sen b\u00fcntetett el\u0151\u00e9let\u0171 f\u00e9rfit, aki az \u00edt\u00e9let szerint 2019. decembere \u00e9s 2021. augusztusa k\u00f6z\u00f6tt \u201eherb\u00e1l\u201d, \u201ekrist\u00e1ly\u201d \u00e9s \u201espeed\u201d fant\u00e1zianev\u0171 \u00faj pszichoakt\u00edv anyagokkal, illet\u0151leg k\u00e1b\u00edt\u00f3szerekkel kereskedett T\u00f6r\u00f6kszentmikl\u00f3son. Az \u00fcgyben 2022. j\u00falius 1-j\u00e9n emelt v\u00e1dat a J\u00e1sz-Nagykun-Szolnok V\u00e1rmegyei F\u0151\u00fcgy\u00e9szs\u00e9g. A Szolnoki T\u00f6rv\u00e9nysz\u00e9k el\u0151k\u00e9sz\u00edt\u0151 \u00fcl\u00e9st, majd 9 t\u00e1rgyal\u00e1st tartott, \u00e9s az utols\u00f3n, 2024. j\u00fanius 25-\u00e9n \u00edt\u00e9letet&hellip;\" \/>\n<meta property=\"og:url\" content=\"https:\/\/miklostv.com\/new\/2024\/06\/26\/elso-fokon-12-ev-fegyhazat-kapott-a-visszaeso-torokszentmiklosi-drogdiler\/\" \/>\n<meta property=\"og:site_name\" content=\"Mikl\u00f3s TV\" \/>\n<meta property=\"article:published_time\" content=\"2024-06-26T14:39:13+00:00\" \/>\n<meta property=\"article:modified_time\" content=\"2024-06-26T14:39:16+00:00\" \/>\n<meta property=\"og:image\" content=\"https:\/\/miklostv.com\/new\/wp-content\/uploads\/2024\/06\/biroi-kalapacs.jpg\" \/>\n\t<meta property=\"og:image:width\" content=\"870\" \/>\n\t<meta property=\"og:image:height\" content=\"495\" \/>\n\t<meta property=\"og:image:type\" content=\"image\/jpeg\" \/>\n<meta name=\"author\" content=\"Csaba\" \/>\n<meta name=\"twitter:card\" content=\"summary_large_image\" \/>\n<meta name=\"twitter:label1\" content=\"Szerz\u0151:\" \/>\n\t<meta name=\"twitter:data1\" content=\"Csaba\" \/>\n\t<meta name=\"twitter:label2\" content=\"Becs\u00fclt olvas\u00e1si id\u0151\" \/>\n\t<meta name=\"twitter:data2\" content=\"2 perc\" \/>\n<script type=\"application\/ld+json\" class=\"yoast-schema-graph\">{\"@context\":\"https:\\\/\\\/schema.org\",\"@graph\":[{\"@type\":\"NewsArticle\",\"@id\":\"https:\\\/\\\/miklostv.com\\\/new\\\/2024\\\/06\\\/26\\\/elso-fokon-12-ev-fegyhazat-kapott-a-visszaeso-torokszentmiklosi-drogdiler\\\/#article\",\"isPartOf\":{\"@id\":\"https:\\\/\\\/miklostv.com\\\/new\\\/2024\\\/06\\\/26\\\/elso-fokon-12-ev-fegyhazat-kapott-a-visszaeso-torokszentmiklosi-drogdiler\\\/\"},\"author\":{\"name\":\"Csaba\",\"@id\":\"https:\\\/\\\/miklostv.com\\\/new\\\/#\\\/schema\\\/person\\\/f3618ba4452057fb1d671f973554e567\"},\"headline\":\"Els\u0151 fokon 12 \u00e9v fegyh\u00e1zat kapott a visszaes\u0151 t\u00f6r\u00f6kszentmikl\u00f3si drogd\u00edler\",\"datePublished\":\"2024-06-26T14:39:13+00:00\",\"dateModified\":\"2024-06-26T14:39:16+00:00\",\"mainEntityOfPage\":{\"@id\":\"https:\\\/\\\/miklostv.com\\\/new\\\/2024\\\/06\\\/26\\\/elso-fokon-12-ev-fegyhazat-kapott-a-visszaeso-torokszentmiklosi-drogdiler\\\/\"},\"wordCount\":241,\"image\":{\"@id\":\"https:\\\/\\\/miklostv.com\\\/new\\\/2024\\\/06\\\/26\\\/elso-fokon-12-ev-fegyhazat-kapott-a-visszaeso-torokszentmiklosi-drogdiler\\\/#primaryimage\"},\"thumbnailUrl\":\"https:\\\/\\\/miklostv.com\\\/new\\\/wp-content\\\/uploads\\\/2024\\\/06\\\/biroi-kalapacs.jpg\",\"articleSection\":[\"A l\u00e9nyeg r\u00f6viden\"],\"inLanguage\":\"hu\"},{\"@type\":\"WebPage\",\"@id\":\"https:\\\/\\\/miklostv.com\\\/new\\\/2024\\\/06\\\/26\\\/elso-fokon-12-ev-fegyhazat-kapott-a-visszaeso-torokszentmiklosi-drogdiler\\\/\",\"url\":\"https:\\\/\\\/miklostv.com\\\/new\\\/2024\\\/06\\\/26\\\/elso-fokon-12-ev-fegyhazat-kapott-a-visszaeso-torokszentmiklosi-drogdiler\\\/\",\"name\":\"Els\u0151 fokon 12 \u00e9v fegyh\u00e1zat kapott a visszaes\u0151 t\u00f6r\u00f6kszentmikl\u00f3si drogd\u00edler - Mikl\u00f3s TV\",\"isPartOf\":{\"@id\":\"https:\\\/\\\/miklostv.com\\\/new\\\/#website\"},\"primaryImageOfPage\":{\"@id\":\"https:\\\/\\\/miklostv.com\\\/new\\\/2024\\\/06\\\/26\\\/elso-fokon-12-ev-fegyhazat-kapott-a-visszaeso-torokszentmiklosi-drogdiler\\\/#primaryimage\"},\"image\":{\"@id\":\"https:\\\/\\\/miklostv.com\\\/new\\\/2024\\\/06\\\/26\\\/elso-fokon-12-ev-fegyhazat-kapott-a-visszaeso-torokszentmiklosi-drogdiler\\\/#primaryimage\"},\"thumbnailUrl\":\"https:\\\/\\\/miklostv.com\\\/new\\\/wp-content\\\/uploads\\\/2024\\\/06\\\/biroi-kalapacs.jpg\",\"datePublished\":\"2024-06-26T14:39:13+00:00\",\"dateModified\":\"2024-06-26T14:39:16+00:00\",\"author\":{\"@id\":\"https:\\\/\\\/miklostv.com\\\/new\\\/#\\\/schema\\\/person\\\/f3618ba4452057fb1d671f973554e567\"},\"breadcrumb\":{\"@id\":\"https:\\\/\\\/miklostv.com\\\/new\\\/2024\\\/06\\\/26\\\/elso-fokon-12-ev-fegyhazat-kapott-a-visszaeso-torokszentmiklosi-drogdiler\\\/#breadcrumb\"},\"inLanguage\":\"hu\",\"potentialAction\":[{\"@type\":\"ReadAction\",\"target\":[\"https:\\\/\\\/miklostv.com\\\/new\\\/2024\\\/06\\\/26\\\/elso-fokon-12-ev-fegyhazat-kapott-a-visszaeso-torokszentmiklosi-drogdiler\\\/\"]}]},{\"@type\":\"ImageObject\",\"inLanguage\":\"hu\",\"@id\":\"https:\\\/\\\/miklostv.com\\\/new\\\/2024\\\/06\\\/26\\\/elso-fokon-12-ev-fegyhazat-kapott-a-visszaeso-torokszentmiklosi-drogdiler\\\/#primaryimage\",\"url\":\"https:\\\/\\\/miklostv.com\\\/new\\\/wp-content\\\/uploads\\\/2024\\\/06\\\/biroi-kalapacs.jpg\",\"contentUrl\":\"https:\\\/\\\/miklostv.com\\\/new\\\/wp-content\\\/uploads\\\/2024\\\/06\\\/biroi-kalapacs.jpg\",\"width\":870,\"height\":495},{\"@type\":\"BreadcrumbList\",\"@id\":\"https:\\\/\\\/miklostv.com\\\/new\\\/2024\\\/06\\\/26\\\/elso-fokon-12-ev-fegyhazat-kapott-a-visszaeso-torokszentmiklosi-drogdiler\\\/#breadcrumb\",\"itemListElement\":[{\"@type\":\"ListItem\",\"position\":1,\"name\":\"Kezd\u0151lap\",\"item\":\"https:\\\/\\\/miklostv.com\\\/new\\\/\"},{\"@type\":\"ListItem\",\"position\":2,\"name\":\"Els\u0151 fokon 12 \u00e9v fegyh\u00e1zat kapott a visszaes\u0151 t\u00f6r\u00f6kszentmikl\u00f3si drogd\u00edler\"}]},{\"@type\":\"WebSite\",\"@id\":\"https:\\\/\\\/miklostv.com\\\/new\\\/#website\",\"url\":\"https:\\\/\\\/miklostv.com\\\/new\\\/\",\"name\":\"Mikl\u00f3s TV\",\"description\":\"Mikl\u00f3s TV\",\"potentialAction\":[{\"@type\":\"SearchAction\",\"target\":{\"@type\":\"EntryPoint\",\"urlTemplate\":\"https:\\\/\\\/miklostv.com\\\/new\\\/?s={search_term_string}\"},\"query-input\":{\"@type\":\"PropertyValueSpecification\",\"valueRequired\":true,\"valueName\":\"search_term_string\"}}],\"inLanguage\":\"hu\"},{\"@type\":\"Person\",\"@id\":\"https:\\\/\\\/miklostv.com\\\/new\\\/#\\\/schema\\\/person\\\/f3618ba4452057fb1d671f973554e567\",\"name\":\"Csaba\",\"url\":\"https:\\\/\\\/miklostv.com\\\/new\\\/author\\\/hcsaba\\\/\"}]}<\/script>\n<!-- \/ Yoast SEO plugin. -->","yoast_head_json":{"title":"Els\u0151 fokon 12 \u00e9v fegyh\u00e1zat kapott a visszaes\u0151 t\u00f6r\u00f6kszentmikl\u00f3si drogd\u00edler - Mikl\u00f3s TV","robots":{"index":"index","follow":"follow","max-snippet":"max-snippet:-1","max-image-preview":"max-image-preview:large","max-video-preview":"max-video-preview:-1"},"canonical":"https:\/\/miklostv.com\/new\/2024\/06\/26\/elso-fokon-12-ev-fegyhazat-kapott-a-visszaeso-torokszentmiklosi-drogdiler\/","og_locale":"hu_HU","og_type":"article","og_title":"Els\u0151 fokon 12 \u00e9v fegyh\u00e1zat kapott a visszaes\u0151 t\u00f6r\u00f6kszentmikl\u00f3si drogd\u00edler - Mikl\u00f3s TV","og_description":"A Szolnoki T\u00f6rv\u00e9nysz\u00e9k 2024. j\u00fanius 25-\u00e9n meghozott \u00edt\u00e9let\u00e9vel jelent\u0151s mennyis\u00e9g\u0171 k\u00e1b\u00edt\u00f3szerre elk\u00f6vetett k\u00e1b\u00edt\u00f3szer-kereskedelem \u00e9s \u00faj pszichoakt\u00edv anyaggal vissza\u00e9l\u00e9s b\u0171ntette miatt, mint t\u00f6bbsz\u00f6r\u00f6s visszaes\u0151t 12 \u00e9v fegyh\u00e1zra \u00edt\u00e9lte \u00e9s 10 \u00e9vre eltiltotta a k\u00f6z\u00fcgyekt\u0151l azt az 52 \u00e9ves, t\u00f6bbsz\u00f6r\u00f6sen b\u00fcntetett el\u0151\u00e9let\u0171 f\u00e9rfit, aki az \u00edt\u00e9let szerint 2019. decembere \u00e9s 2021. augusztusa k\u00f6z\u00f6tt \u201eherb\u00e1l\u201d, \u201ekrist\u00e1ly\u201d \u00e9s \u201espeed\u201d fant\u00e1zianev\u0171 \u00faj pszichoakt\u00edv anyagokkal, illet\u0151leg k\u00e1b\u00edt\u00f3szerekkel kereskedett T\u00f6r\u00f6kszentmikl\u00f3son. Az \u00fcgyben 2022. j\u00falius 1-j\u00e9n emelt v\u00e1dat a J\u00e1sz-Nagykun-Szolnok V\u00e1rmegyei F\u0151\u00fcgy\u00e9szs\u00e9g. A Szolnoki T\u00f6rv\u00e9nysz\u00e9k el\u0151k\u00e9sz\u00edt\u0151 \u00fcl\u00e9st, majd 9 t\u00e1rgyal\u00e1st tartott, \u00e9s az utols\u00f3n, 2024. j\u00fanius 25-\u00e9n \u00edt\u00e9letet&hellip;","og_url":"https:\/\/miklostv.com\/new\/2024\/06\/26\/elso-fokon-12-ev-fegyhazat-kapott-a-visszaeso-torokszentmiklosi-drogdiler\/","og_site_name":"Mikl\u00f3s TV","article_published_time":"2024-06-26T14:39:13+00:00","article_modified_time":"2024-06-26T14:39:16+00:00","og_image":[{"width":870,"height":495,"url":"https:\/\/miklostv.com\/new\/wp-content\/uploads\/2024\/06\/biroi-kalapacs.jpg","type":"image\/jpeg"}],"author":"Csaba","twitter_card":"summary_large_image","twitter_misc":{"Szerz\u0151:":"Csaba","Becs\u00fclt olvas\u00e1si id\u0151":"2 perc"},"schema":{"@context":"https:\/\/schema.org","@graph":[{"@type":"NewsArticle","@id":"https:\/\/miklostv.com\/new\/2024\/06\/26\/elso-fokon-12-ev-fegyhazat-kapott-a-visszaeso-torokszentmiklosi-drogdiler\/#article","isPartOf":{"@id":"https:\/\/miklostv.com\/new\/2024\/06\/26\/elso-fokon-12-ev-fegyhazat-kapott-a-visszaeso-torokszentmiklosi-drogdiler\/"},"author":{"name":"Csaba","@id":"https:\/\/miklostv.com\/new\/#\/schema\/person\/f3618ba4452057fb1d671f973554e567"},"headline":"Els\u0151 fokon 12 \u00e9v fegyh\u00e1zat kapott a visszaes\u0151 t\u00f6r\u00f6kszentmikl\u00f3si drogd\u00edler","datePublished":"2024-06-26T14:39:13+00:00","dateModified":"2024-06-26T14:39:16+00:00","mainEntityOfPage":{"@id":"https:\/\/miklostv.com\/new\/2024\/06\/26\/elso-fokon-12-ev-fegyhazat-kapott-a-visszaeso-torokszentmiklosi-drogdiler\/"},"wordCount":241,"image":{"@id":"https:\/\/miklostv.com\/new\/2024\/06\/26\/elso-fokon-12-ev-fegyhazat-kapott-a-visszaeso-torokszentmiklosi-drogdiler\/#primaryimage"},"thumbnailUrl":"https:\/\/miklostv.com\/new\/wp-content\/uploads\/2024\/06\/biroi-kalapacs.jpg","articleSection":["A l\u00e9nyeg r\u00f6viden"],"inLanguage":"hu"},{"@type":"WebPage","@id":"https:\/\/miklostv.com\/new\/2024\/06\/26\/elso-fokon-12-ev-fegyhazat-kapott-a-visszaeso-torokszentmiklosi-drogdiler\/","url":"https:\/\/miklostv.com\/new\/2024\/06\/26\/elso-fokon-12-ev-fegyhazat-kapott-a-visszaeso-torokszentmiklosi-drogdiler\/","name":"Els\u0151 fokon 12 \u00e9v fegyh\u00e1zat kapott a visszaes\u0151 t\u00f6r\u00f6kszentmikl\u00f3si drogd\u00edler - Mikl\u00f3s TV","isPartOf":{"@id":"https:\/\/miklostv.com\/new\/#website"},"primaryImageOfPage":{"@id":"https:\/\/miklostv.com\/new\/2024\/06\/26\/elso-fokon-12-ev-fegyhazat-kapott-a-visszaeso-torokszentmiklosi-drogdiler\/#primaryimage"},"image":{"@id":"https:\/\/miklostv.com\/new\/2024\/06\/26\/elso-fokon-12-ev-fegyhazat-kapott-a-visszaeso-torokszentmiklosi-drogdiler\/#primaryimage"},"thumbnailUrl":"https:\/\/miklostv.com\/new\/wp-content\/uploads\/2024\/06\/biroi-kalapacs.jpg","datePublished":"2024-06-26T14:39:13+00:00","dateModified":"2024-06-26T14:39:16+00:00","author":{"@id":"https:\/\/miklostv.com\/new\/#\/schema\/person\/f3618ba4452057fb1d671f973554e567"},"breadcrumb":{"@id":"https:\/\/miklostv.com\/new\/2024\/06\/26\/elso-fokon-12-ev-fegyhazat-kapott-a-visszaeso-torokszentmiklosi-drogdiler\/#breadcrumb"},"inLanguage":"hu","potentialAction":[{"@type":"ReadAction","target":["https:\/\/miklostv.com\/new\/2024\/06\/26\/elso-fokon-12-ev-fegyhazat-kapott-a-visszaeso-torokszentmiklosi-drogdiler\/"]}]},{"@type":"ImageObject","inLanguage":"hu","@id":"https:\/\/miklostv.com\/new\/2024\/06\/26\/elso-fokon-12-ev-fegyhazat-kapott-a-visszaeso-torokszentmiklosi-drogdiler\/#primaryimage","url":"https:\/\/miklostv.com\/new\/wp-content\/uploads\/2024\/06\/biroi-kalapacs.jpg","contentUrl":"https:\/\/miklostv.com\/new\/wp-content\/uploads\/2024\/06\/biroi-kalapacs.jpg","width":870,"height":495},{"@type":"BreadcrumbList","@id":"https:\/\/miklostv.com\/new\/2024\/06\/26\/elso-fokon-12-ev-fegyhazat-kapott-a-visszaeso-torokszentmiklosi-drogdiler\/#breadcrumb","itemListElement":[{"@type":"ListItem","position":1,"name":"Kezd\u0151lap","item":"https:\/\/miklostv.com\/new\/"},{"@type":"ListItem","position":2,"name":"Els\u0151 fokon 12 \u00e9v fegyh\u00e1zat kapott a visszaes\u0151 t\u00f6r\u00f6kszentmikl\u00f3si drogd\u00edler"}]},{"@type":"WebSite","@id":"https:\/\/miklostv.com\/new\/#website","url":"https:\/\/miklostv.com\/new\/","name":"Mikl\u00f3s TV","description":"Mikl\u00f3s TV","potentialAction":[{"@type":"SearchAction","target":{"@type":"EntryPoint","urlTemplate":"https:\/\/miklostv.com\/new\/?s={search_term_string}"},"query-input":{"@type":"PropertyValueSpecification","valueRequired":true,"valueName":"search_term_string"}}],"inLanguage":"hu"},{"@type":"Person","@id":"https:\/\/miklostv.com\/new\/#\/schema\/person\/f3618ba4452057fb1d671f973554e567","name":"Csaba","url":"https:\/\/miklostv.com\/new\/author\/hcsaba\/"}]}},"_links":{"self":[{"href":"https:\/\/miklostv.com\/new\/wp-json\/wp\/v2\/posts\/9036","targetHints":{"allow":["GET"]}}],"collection":[{"href":"https:\/\/miklostv.com\/new\/wp-json\/wp\/v2\/posts"}],"about":[{"href":"https:\/\/miklostv.com\/new\/wp-json\/wp\/v2\/types\/post"}],"author":[{"embeddable":true,"href":"https:\/\/miklostv.com\/new\/wp-json\/wp\/v2\/users\/3"}],"replies":[{"embeddable":true,"href":"https:\/\/miklostv.com\/new\/wp-json\/wp\/v2\/comments?post=9036"}],"version-history":[{"count":1,"href":"https:\/\/miklostv.com\/new\/wp-json\/wp\/v2\/posts\/9036\/revisions"}],"predecessor-version":[{"id":9038,"href":"https:\/\/miklostv.com\/new\/wp-json\/wp\/v2\/posts\/9036\/revisions\/9038"}],"wp:featuredmedia":[{"embeddable":true,"href":"https:\/\/miklostv.com\/new\/wp-json\/wp\/v2\/media\/9037"}],"wp:attachment":[{"href":"https:\/\/miklostv.com\/new\/wp-json\/wp\/v2\/media?parent=9036"}],"wp:term":[{"taxonomy":"category","embeddable":true,"href":"https:\/\/miklostv.com\/new\/wp-json\/wp\/v2\/categories?post=9036"},{"taxonomy":"post_tag","embeddable":true,"href":"https:\/\/miklostv.com\/new\/wp-json\/wp\/v2\/tags?post=9036"}],"curies":[{"name":"wp","href":"https:\/\/api.w.org\/{rel}","templated":true}]}}