{"id":9014,"date":"2024-05-02T19:14:45","date_gmt":"2024-05-02T19:14:45","guid":{"rendered":"https:\/\/miklostv.com\/new\/?p=9014"},"modified":"2024-05-02T19:14:46","modified_gmt":"2024-05-02T19:14:46","slug":"kek-seta-az-autizmus-vilagnapjan","status":"publish","type":"post","link":"https:\/\/miklostv.com\/new\/2024\/05\/02\/kek-seta-az-autizmus-vilagnapjan\/","title":{"rendered":"K\u00e9k s\u00e9ta az Autizmus vil\u00e1gnapj\u00e1n"},"content":{"rendered":"\n<p>Az Autizmus vil\u00e1gnapja alkalm\u00e1b\u00f3l szimp\u00e1tias\u00e9t\u00e1t szervezett T\u00f6r\u00f6kszentmikl\u00f3si \u00d3vodai Int\u00e9zm\u00e9ny Tulip\u00e1nkert tagint\u00e9zm\u00e9ny\u00e9nek Pillang\u00f3 csoportja \u00f3vod\u00e1soknak, iskol\u00e1soknak, feln\u0151tteknek.<\/p>\n\n\n\n<figure class=\"wp-block-embed is-type-video is-provider-youtube wp-block-embed-youtube wp-embed-aspect-16-9 wp-has-aspect-ratio\"><div class=\"wp-block-embed__wrapper\">\n<iframe  id=\"_ytid_97950\"  width=\"800\" height=\"450\"  data-origwidth=\"800\" data-origheight=\"450\" src=\"https:\/\/www.youtube.com\/embed\/Z3QHUbNo0qI?enablejsapi=1&#038;autoplay=0&#038;cc_load_policy=0&#038;cc_lang_pref=hu&#038;iv_load_policy=1&#038;loop=0&#038;rel=1&#038;fs=1&#038;playsinline=1&#038;autohide=2&#038;theme=dark&#038;color=red&#038;controls=1&#038;disablekb=0&#038;\" class=\"__youtube_prefs__  epyt-is-override  no-lazyload\" title=\"YouTube player\"  allow=\"fullscreen; accelerometer; autoplay; clipboard-write; encrypted-media; gyroscope; picture-in-picture; web-share\" referrerpolicy=\"strict-origin-when-cross-origin\" allowfullscreen data-no-lazy=\"1\" data-skipgform_ajax_framebjll=\"\"><\/iframe>\n<\/div><\/figure>\n","protected":false},"excerpt":{"rendered":"<p>Az Autizmus vil\u00e1gnapja alkalm\u00e1b\u00f3l szimp\u00e1tias\u00e9t\u00e1t szervezett T\u00f6r\u00f6kszentmikl\u00f3si \u00d3vodai Int\u00e9zm\u00e9ny Tulip\u00e1nkert tagint\u00e9zm\u00e9ny\u00e9nek Pillang\u00f3 csoportja \u00f3vod\u00e1soknak, iskol\u00e1soknak, feln\u0151tteknek.<\/p>\n","protected":false},"author":4,"featured_media":9015,"comment_status":"closed","ping_status":"closed","sticky":false,"template":"","format":"standard","meta":{"fifu_image_url":"","fifu_image_alt":"","footnotes":""},"categories":[32],"tags":[1231,1232],"class_list":["post-9014","post","type-post","status-publish","format-standard","has-post-thumbnail","hentry","category-hirek2","tag-autizmus-vilagnapjan","tag-kek-seta-az-autizmus-vilagnapjan"],"gutentor_comment":0,"yoast_head":"<!-- This site is optimized with the Yoast SEO plugin v27.4 - https:\/\/yoast.com\/product\/yoast-seo-wordpress\/ -->\n<title>K\u00e9k s\u00e9ta az Autizmus vil\u00e1gnapj\u00e1n - Mikl\u00f3s TV<\/title>\n<meta name=\"robots\" content=\"index, follow, max-snippet:-1, max-image-preview:large, max-video-preview:-1\" \/>\n<link rel=\"canonical\" href=\"https:\/\/miklostv.com\/new\/2024\/05\/02\/kek-seta-az-autizmus-vilagnapjan\/\" \/>\n<meta property=\"og:locale\" content=\"hu_HU\" \/>\n<meta property=\"og:type\" content=\"article\" \/>\n<meta property=\"og:title\" content=\"K\u00e9k s\u00e9ta az Autizmus vil\u00e1gnapj\u00e1n - Mikl\u00f3s TV\" \/>\n<meta property=\"og:description\" content=\"Az Autizmus vil\u00e1gnapja alkalm\u00e1b\u00f3l szimp\u00e1tias\u00e9t\u00e1t szervezett T\u00f6r\u00f6kszentmikl\u00f3si \u00d3vodai Int\u00e9zm\u00e9ny Tulip\u00e1nkert tagint\u00e9zm\u00e9ny\u00e9nek Pillang\u00f3 csoportja \u00f3vod\u00e1soknak, iskol\u00e1soknak, feln\u0151tteknek.\" \/>\n<meta property=\"og:url\" content=\"https:\/\/miklostv.com\/new\/2024\/05\/02\/kek-seta-az-autizmus-vilagnapjan\/\" \/>\n<meta property=\"og:site_name\" content=\"Mikl\u00f3s TV\" \/>\n<meta property=\"article:published_time\" content=\"2024-05-02T19:14:45+00:00\" \/>\n<meta property=\"article:modified_time\" content=\"2024-05-02T19:14:46+00:00\" \/>\n<meta property=\"og:image\" content=\"https:\/\/miklostv.com\/new\/wp-content\/uploads\/2024\/05\/440479676_810717740922009_5368817761271338062_n-840x440.jpg\" \/>\n\t<meta property=\"og:image:width\" content=\"840\" \/>\n\t<meta property=\"og:image:height\" content=\"440\" \/>\n\t<meta property=\"og:image:type\" content=\"image\/jpeg\" \/>\n<meta name=\"author\" content=\"S\u00e1ndor\" \/>\n<meta name=\"twitter:card\" content=\"summary_large_image\" \/>\n<meta name=\"twitter:label1\" content=\"Szerz\u0151:\" \/>\n\t<meta name=\"twitter:data1\" content=\"S\u00e1ndor\" \/>\n\t<meta name=\"twitter:label2\" content=\"Becs\u00fclt olvas\u00e1si id\u0151\" \/>\n\t<meta name=\"twitter:data2\" content=\"1 perc\" \/>\n<script type=\"application\/ld+json\" class=\"yoast-schema-graph\">{\"@context\":\"https:\\\/\\\/schema.org\",\"@graph\":[{\"@type\":\"NewsArticle\",\"@id\":\"https:\\\/\\\/miklostv.com\\\/new\\\/2024\\\/05\\\/02\\\/kek-seta-az-autizmus-vilagnapjan\\\/#article\",\"isPartOf\":{\"@id\":\"https:\\\/\\\/miklostv.com\\\/new\\\/2024\\\/05\\\/02\\\/kek-seta-az-autizmus-vilagnapjan\\\/\"},\"author\":{\"name\":\"S\u00e1ndor\",\"@id\":\"https:\\\/\\\/miklostv.com\\\/new\\\/#\\\/schema\\\/person\\\/ff79e2ad2a1522bb7078c68351a9d05a\"},\"headline\":\"K\u00e9k s\u00e9ta az Autizmus vil\u00e1gnapj\u00e1n\",\"datePublished\":\"2024-05-02T19:14:45+00:00\",\"dateModified\":\"2024-05-02T19:14:46+00:00\",\"mainEntityOfPage\":{\"@id\":\"https:\\\/\\\/miklostv.com\\\/new\\\/2024\\\/05\\\/02\\\/kek-seta-az-autizmus-vilagnapjan\\\/\"},\"wordCount\":49,\"image\":{\"@id\":\"https:\\\/\\\/miklostv.com\\\/new\\\/2024\\\/05\\\/02\\\/kek-seta-az-autizmus-vilagnapjan\\\/#primaryimage\"},\"thumbnailUrl\":\"https:\\\/\\\/miklostv.com\\\/new\\\/wp-content\\\/uploads\\\/2024\\\/05\\\/440479676_810717740922009_5368817761271338062_n.jpg\",\"keywords\":[\"Autizmus vil\u00e1gnapj\u00e1n\",\"K\u00e9k s\u00e9ta az Autizmus vil\u00e1gnapj\u00e1n\"],\"articleSection\":[\"A l\u00e9nyeg r\u00f6viden\"],\"inLanguage\":\"hu\"},{\"@type\":\"WebPage\",\"@id\":\"https:\\\/\\\/miklostv.com\\\/new\\\/2024\\\/05\\\/02\\\/kek-seta-az-autizmus-vilagnapjan\\\/\",\"url\":\"https:\\\/\\\/miklostv.com\\\/new\\\/2024\\\/05\\\/02\\\/kek-seta-az-autizmus-vilagnapjan\\\/\",\"name\":\"K\u00e9k s\u00e9ta az Autizmus vil\u00e1gnapj\u00e1n - Mikl\u00f3s TV\",\"isPartOf\":{\"@id\":\"https:\\\/\\\/miklostv.com\\\/new\\\/#website\"},\"primaryImageOfPage\":{\"@id\":\"https:\\\/\\\/miklostv.com\\\/new\\\/2024\\\/05\\\/02\\\/kek-seta-az-autizmus-vilagnapjan\\\/#primaryimage\"},\"image\":{\"@id\":\"https:\\\/\\\/miklostv.com\\\/new\\\/2024\\\/05\\\/02\\\/kek-seta-az-autizmus-vilagnapjan\\\/#primaryimage\"},\"thumbnailUrl\":\"https:\\\/\\\/miklostv.com\\\/new\\\/wp-content\\\/uploads\\\/2024\\\/05\\\/440479676_810717740922009_5368817761271338062_n.jpg\",\"datePublished\":\"2024-05-02T19:14:45+00:00\",\"dateModified\":\"2024-05-02T19:14:46+00:00\",\"author\":{\"@id\":\"https:\\\/\\\/miklostv.com\\\/new\\\/#\\\/schema\\\/person\\\/ff79e2ad2a1522bb7078c68351a9d05a\"},\"breadcrumb\":{\"@id\":\"https:\\\/\\\/miklostv.com\\\/new\\\/2024\\\/05\\\/02\\\/kek-seta-az-autizmus-vilagnapjan\\\/#breadcrumb\"},\"inLanguage\":\"hu\",\"potentialAction\":[{\"@type\":\"ReadAction\",\"target\":[\"https:\\\/\\\/miklostv.com\\\/new\\\/2024\\\/05\\\/02\\\/kek-seta-az-autizmus-vilagnapjan\\\/\"]}]},{\"@type\":\"ImageObject\",\"inLanguage\":\"hu\",\"@id\":\"https:\\\/\\\/miklostv.com\\\/new\\\/2024\\\/05\\\/02\\\/kek-seta-az-autizmus-vilagnapjan\\\/#primaryimage\",\"url\":\"https:\\\/\\\/miklostv.com\\\/new\\\/wp-content\\\/uploads\\\/2024\\\/05\\\/440479676_810717740922009_5368817761271338062_n.jpg\",\"contentUrl\":\"https:\\\/\\\/miklostv.com\\\/new\\\/wp-content\\\/uploads\\\/2024\\\/05\\\/440479676_810717740922009_5368817761271338062_n.jpg\",\"width\":2048,\"height\":1072},{\"@type\":\"BreadcrumbList\",\"@id\":\"https:\\\/\\\/miklostv.com\\\/new\\\/2024\\\/05\\\/02\\\/kek-seta-az-autizmus-vilagnapjan\\\/#breadcrumb\",\"itemListElement\":[{\"@type\":\"ListItem\",\"position\":1,\"name\":\"Kezd\u0151lap\",\"item\":\"https:\\\/\\\/miklostv.com\\\/new\\\/\"},{\"@type\":\"ListItem\",\"position\":2,\"name\":\"K\u00e9k s\u00e9ta az Autizmus vil\u00e1gnapj\u00e1n\"}]},{\"@type\":\"WebSite\",\"@id\":\"https:\\\/\\\/miklostv.com\\\/new\\\/#website\",\"url\":\"https:\\\/\\\/miklostv.com\\\/new\\\/\",\"name\":\"Mikl\u00f3s TV\",\"description\":\"Mikl\u00f3s TV\",\"potentialAction\":[{\"@type\":\"SearchAction\",\"target\":{\"@type\":\"EntryPoint\",\"urlTemplate\":\"https:\\\/\\\/miklostv.com\\\/new\\\/?s={search_term_string}\"},\"query-input\":{\"@type\":\"PropertyValueSpecification\",\"valueRequired\":true,\"valueName\":\"search_term_string\"}}],\"inLanguage\":\"hu\"},{\"@type\":\"Person\",\"@id\":\"https:\\\/\\\/miklostv.com\\\/new\\\/#\\\/schema\\\/person\\\/ff79e2ad2a1522bb7078c68351a9d05a\",\"name\":\"S\u00e1ndor\",\"url\":\"https:\\\/\\\/miklostv.com\\\/new\\\/author\\\/szerkeszto\\\/\"}]}<\/script>\n<!-- \/ Yoast SEO plugin. -->","yoast_head_json":{"title":"K\u00e9k s\u00e9ta az Autizmus vil\u00e1gnapj\u00e1n - Mikl\u00f3s TV","robots":{"index":"index","follow":"follow","max-snippet":"max-snippet:-1","max-image-preview":"max-image-preview:large","max-video-preview":"max-video-preview:-1"},"canonical":"https:\/\/miklostv.com\/new\/2024\/05\/02\/kek-seta-az-autizmus-vilagnapjan\/","og_locale":"hu_HU","og_type":"article","og_title":"K\u00e9k s\u00e9ta az Autizmus vil\u00e1gnapj\u00e1n - Mikl\u00f3s TV","og_description":"Az Autizmus vil\u00e1gnapja alkalm\u00e1b\u00f3l szimp\u00e1tias\u00e9t\u00e1t szervezett T\u00f6r\u00f6kszentmikl\u00f3si \u00d3vodai Int\u00e9zm\u00e9ny Tulip\u00e1nkert tagint\u00e9zm\u00e9ny\u00e9nek Pillang\u00f3 csoportja \u00f3vod\u00e1soknak, iskol\u00e1soknak, feln\u0151tteknek.","og_url":"https:\/\/miklostv.com\/new\/2024\/05\/02\/kek-seta-az-autizmus-vilagnapjan\/","og_site_name":"Mikl\u00f3s TV","article_published_time":"2024-05-02T19:14:45+00:00","article_modified_time":"2024-05-02T19:14:46+00:00","og_image":[{"width":840,"height":440,"url":"https:\/\/miklostv.com\/new\/wp-content\/uploads\/2024\/05\/440479676_810717740922009_5368817761271338062_n-840x440.jpg","type":"image\/jpeg"}],"author":"S\u00e1ndor","twitter_card":"summary_large_image","twitter_misc":{"Szerz\u0151:":"S\u00e1ndor","Becs\u00fclt olvas\u00e1si id\u0151":"1 perc"},"schema":{"@context":"https:\/\/schema.org","@graph":[{"@type":"NewsArticle","@id":"https:\/\/miklostv.com\/new\/2024\/05\/02\/kek-seta-az-autizmus-vilagnapjan\/#article","isPartOf":{"@id":"https:\/\/miklostv.com\/new\/2024\/05\/02\/kek-seta-az-autizmus-vilagnapjan\/"},"author":{"name":"S\u00e1ndor","@id":"https:\/\/miklostv.com\/new\/#\/schema\/person\/ff79e2ad2a1522bb7078c68351a9d05a"},"headline":"K\u00e9k s\u00e9ta az Autizmus vil\u00e1gnapj\u00e1n","datePublished":"2024-05-02T19:14:45+00:00","dateModified":"2024-05-02T19:14:46+00:00","mainEntityOfPage":{"@id":"https:\/\/miklostv.com\/new\/2024\/05\/02\/kek-seta-az-autizmus-vilagnapjan\/"},"wordCount":49,"image":{"@id":"https:\/\/miklostv.com\/new\/2024\/05\/02\/kek-seta-az-autizmus-vilagnapjan\/#primaryimage"},"thumbnailUrl":"https:\/\/miklostv.com\/new\/wp-content\/uploads\/2024\/05\/440479676_810717740922009_5368817761271338062_n.jpg","keywords":["Autizmus vil\u00e1gnapj\u00e1n","K\u00e9k s\u00e9ta az Autizmus vil\u00e1gnapj\u00e1n"],"articleSection":["A l\u00e9nyeg r\u00f6viden"],"inLanguage":"hu"},{"@type":"WebPage","@id":"https:\/\/miklostv.com\/new\/2024\/05\/02\/kek-seta-az-autizmus-vilagnapjan\/","url":"https:\/\/miklostv.com\/new\/2024\/05\/02\/kek-seta-az-autizmus-vilagnapjan\/","name":"K\u00e9k s\u00e9ta az Autizmus vil\u00e1gnapj\u00e1n - Mikl\u00f3s TV","isPartOf":{"@id":"https:\/\/miklostv.com\/new\/#website"},"primaryImageOfPage":{"@id":"https:\/\/miklostv.com\/new\/2024\/05\/02\/kek-seta-az-autizmus-vilagnapjan\/#primaryimage"},"image":{"@id":"https:\/\/miklostv.com\/new\/2024\/05\/02\/kek-seta-az-autizmus-vilagnapjan\/#primaryimage"},"thumbnailUrl":"https:\/\/miklostv.com\/new\/wp-content\/uploads\/2024\/05\/440479676_810717740922009_5368817761271338062_n.jpg","datePublished":"2024-05-02T19:14:45+00:00","dateModified":"2024-05-02T19:14:46+00:00","author":{"@id":"https:\/\/miklostv.com\/new\/#\/schema\/person\/ff79e2ad2a1522bb7078c68351a9d05a"},"breadcrumb":{"@id":"https:\/\/miklostv.com\/new\/2024\/05\/02\/kek-seta-az-autizmus-vilagnapjan\/#breadcrumb"},"inLanguage":"hu","potentialAction":[{"@type":"ReadAction","target":["https:\/\/miklostv.com\/new\/2024\/05\/02\/kek-seta-az-autizmus-vilagnapjan\/"]}]},{"@type":"ImageObject","inLanguage":"hu","@id":"https:\/\/miklostv.com\/new\/2024\/05\/02\/kek-seta-az-autizmus-vilagnapjan\/#primaryimage","url":"https:\/\/miklostv.com\/new\/wp-content\/uploads\/2024\/05\/440479676_810717740922009_5368817761271338062_n.jpg","contentUrl":"https:\/\/miklostv.com\/new\/wp-content\/uploads\/2024\/05\/440479676_810717740922009_5368817761271338062_n.jpg","width":2048,"height":1072},{"@type":"BreadcrumbList","@id":"https:\/\/miklostv.com\/new\/2024\/05\/02\/kek-seta-az-autizmus-vilagnapjan\/#breadcrumb","itemListElement":[{"@type":"ListItem","position":1,"name":"Kezd\u0151lap","item":"https:\/\/miklostv.com\/new\/"},{"@type":"ListItem","position":2,"name":"K\u00e9k s\u00e9ta az Autizmus vil\u00e1gnapj\u00e1n"}]},{"@type":"WebSite","@id":"https:\/\/miklostv.com\/new\/#website","url":"https:\/\/miklostv.com\/new\/","name":"Mikl\u00f3s TV","description":"Mikl\u00f3s TV","potentialAction":[{"@type":"SearchAction","target":{"@type":"EntryPoint","urlTemplate":"https:\/\/miklostv.com\/new\/?s={search_term_string}"},"query-input":{"@type":"PropertyValueSpecification","valueRequired":true,"valueName":"search_term_string"}}],"inLanguage":"hu"},{"@type":"Person","@id":"https:\/\/miklostv.com\/new\/#\/schema\/person\/ff79e2ad2a1522bb7078c68351a9d05a","name":"S\u00e1ndor","url":"https:\/\/miklostv.com\/new\/author\/szerkeszto\/"}]}},"_links":{"self":[{"href":"https:\/\/miklostv.com\/new\/wp-json\/wp\/v2\/posts\/9014","targetHints":{"allow":["GET"]}}],"collection":[{"href":"https:\/\/miklostv.com\/new\/wp-json\/wp\/v2\/posts"}],"about":[{"href":"https:\/\/miklostv.com\/new\/wp-json\/wp\/v2\/types\/post"}],"author":[{"embeddable":true,"href":"https:\/\/miklostv.com\/new\/wp-json\/wp\/v2\/users\/4"}],"replies":[{"embeddable":true,"href":"https:\/\/miklostv.com\/new\/wp-json\/wp\/v2\/comments?post=9014"}],"version-history":[{"count":1,"href":"https:\/\/miklostv.com\/new\/wp-json\/wp\/v2\/posts\/9014\/revisions"}],"predecessor-version":[{"id":9016,"href":"https:\/\/miklostv.com\/new\/wp-json\/wp\/v2\/posts\/9014\/revisions\/9016"}],"wp:featuredmedia":[{"embeddable":true,"href":"https:\/\/miklostv.com\/new\/wp-json\/wp\/v2\/media\/9015"}],"wp:attachment":[{"href":"https:\/\/miklostv.com\/new\/wp-json\/wp\/v2\/media?parent=9014"}],"wp:term":[{"taxonomy":"category","embeddable":true,"href":"https:\/\/miklostv.com\/new\/wp-json\/wp\/v2\/categories?post=9014"},{"taxonomy":"post_tag","embeddable":true,"href":"https:\/\/miklostv.com\/new\/wp-json\/wp\/v2\/tags?post=9014"}],"curies":[{"name":"wp","href":"https:\/\/api.w.org\/{rel}","templated":true}]}}