{"id":8940,"date":"2024-04-02T22:23:31","date_gmt":"2024-04-02T22:23:31","guid":{"rendered":"https:\/\/miklostv.com\/new\/?p=8940"},"modified":"2024-04-02T22:24:59","modified_gmt":"2024-04-02T22:24:59","slug":"forgalmirend-valtozas-a-kolcsey-utcaban","status":"publish","type":"post","link":"https:\/\/miklostv.com\/new\/2024\/04\/02\/forgalmirend-valtozas-a-kolcsey-utcaban\/","title":{"rendered":"FORGALMIREND-V\u00c1LTOZ\u00c1S A K\u00d6LCSEY UTC\u00c1BAN"},"content":{"rendered":"\n<figure class=\"wp-block-image size-large\"><img fetchpriority=\"high\" decoding=\"async\" width=\"840\" height=\"560\" src=\"https:\/\/miklostv.com\/new\/wp-content\/uploads\/2024\/04\/20240402_163343-1-840x560.jpg\" alt=\"\" class=\"wp-image-8942\" srcset=\"https:\/\/miklostv.com\/new\/wp-content\/uploads\/2024\/04\/20240402_163343-1-840x560.jpg 840w, https:\/\/miklostv.com\/new\/wp-content\/uploads\/2024\/04\/20240402_163343-1-548x365.jpg 548w, https:\/\/miklostv.com\/new\/wp-content\/uploads\/2024\/04\/20240402_163343-1-768x512.jpg 768w, https:\/\/miklostv.com\/new\/wp-content\/uploads\/2024\/04\/20240402_163343-1-1536x1024.jpg 1536w, https:\/\/miklostv.com\/new\/wp-content\/uploads\/2024\/04\/20240402_163343-1-2048x1365.jpg 2048w\" sizes=\"(max-width: 840px) 100vw, 840px\" \/><\/figure>\n\n\n\n<p>Az elm\u00falt \u00e9vekben t\u00f6bb panasz is \u00e9rkezett \u2013 els\u0151dlegesen a sz\u00fcl\u0151k r\u00e9sz\u00e9r\u0151l \u2013 arra vonatkoz\u00f3an, hogy a K\u00f6lcsey utc\u00e1ban, iskolai id\u0151szakban nem lehet kultur\u00e1ltan k\u00f6zlekedni. A probl\u00e9ma megold\u00e1s\u00e1ra, az \u00e9rintett lakoss\u00e1g v\u00e9lem\u00e9ny\u00e9t egyr\u00e9szr\u0151l \u00edr\u00e1sban, majd lakoss\u00e1gi f\u00f3rum keret\u00e9ben k\u00e9rte ki az \u00d6nkorm\u00e1nyzat. Ezekbe az egyeztet\u00e9sekbe bevon\u00e1sra ker\u00fclt a T\u00f6r\u00f6kszentmikl\u00f3si Rend\u0151rkapit\u00e1nys\u00e1g is. A v\u00e9lem\u00e9nyeket \u00e9s javaslatokat figyelembe v\u00e9ve Dr. Varga Imre Jegyz\u0151, mint T\u00f6r\u00f6kszentmikl\u00f3s v\u00e1ros helyi k\u00f6z\u00fatjainak jogszab\u00e1ly szerinti k\u00f6z\u00fat kezel\u0151je ideiglenes forgalmi rend v\u00e1ltoz\u00e1s\u00f3l hozott d\u00f6nt\u00e9st. T\u00f6r\u00f6kszentmikl\u00f3son a K\u00f6lcsey utc\u00e1ban l\u00e9v\u0151 Baptista Szeretetszolg\u00e1lat EJSZ K\u00f6lcsey Ferenc \u00c1ltal\u00e1nos Iskola el\u0151tt a tan\u00edt\u00e1si id\u0151szak kezdet\u00e9n \u00e9s v\u00e9g\u00e9n kialakul\u00f3 k\u00f6zleked\u00e9si tumultus megold\u00e1s\u00e1ra 2024. \u00e1prilis 2. \u00e9s 2024. j\u00fanius 23. k\u00f6z\u00f6tti id\u0151szakban k\u00eds\u00e9rleti jelleggel a K\u00f6lcsey utca \u2013 Zeng\u0151 utca \u00e9s Hermann Ott\u00f3 utca k\u00f6z\u00f6tti szakasz (a Hermann Ott\u00f3 utca ir\u00e1ny\u00e1ba) egyir\u00e1ny\u00fa forgalmi \u00fatt\u00e1 v\u00e1lik. Ebben az id\u0151szakban, a K\u00f6lcsey utc\u00e1ban a Zeng\u0151 utca \u00e9s Hermann Ott\u00f3 utca k\u00f6z\u00f6tti szakasz nyugati oldal\u00e1n a g\u00e9pj\u00e1rm\u0171vekkel val\u00f3 meg\u00e1ll\u00e1s tilos lesz, a kialak\u00edtott parkol\u00f3 szab\u00e1lyos haszn\u00e1lat\u00e1nak a kiv\u00e9tel\u00e9vel. A forgalmi v\u00e1ltoz\u00e1sra a T\u00f6r\u00f6kszentmikl\u00f3si Rend\u0151rkapit\u00e1nys\u00e1g k\u00e9pvisel\u0151i fogj\u00e1k figyelmeztetni a k\u00f6zleked\u00e9sben r\u00e9sztvev\u0151ket, majd int\u00e9zkedni a szab\u00e1lyok be nem tart\u00e1sa eset\u00e9n. K\u00e9rj\u00fck a lakoss\u00e1g egy\u00fcttm\u0171k\u00f6d\u00e9s\u00e9t \u00e9s meg\u00e9rt\u00e9s\u00e9t.<\/p>\n","protected":false},"excerpt":{"rendered":"<p>Az elm\u00falt \u00e9vekben t\u00f6bb panasz is \u00e9rkezett \u2013 els\u0151dlegesen a sz\u00fcl\u0151k r\u00e9sz\u00e9r\u0151l \u2013 arra vonatkoz\u00f3an, hogy a K\u00f6lcsey utc\u00e1ban, iskolai id\u0151szakban nem lehet kultur\u00e1ltan k\u00f6zlekedni. A probl\u00e9ma megold\u00e1s\u00e1ra, az \u00e9rintett lakoss\u00e1g v\u00e9lem\u00e9ny\u00e9t egyr\u00e9szr\u0151l \u00edr\u00e1sban, majd lakoss\u00e1gi f\u00f3rum keret\u00e9ben k\u00e9rte ki az \u00d6nkorm\u00e1nyzat. Ezekbe az egyeztet\u00e9sekbe bevon\u00e1sra ker\u00fclt a T\u00f6r\u00f6kszentmikl\u00f3si Rend\u0151rkapit\u00e1nys\u00e1g is. A v\u00e9lem\u00e9nyeket \u00e9s javaslatokat figyelembe v\u00e9ve Dr. Varga Imre Jegyz\u0151, mint T\u00f6r\u00f6kszentmikl\u00f3s v\u00e1ros helyi k\u00f6z\u00fatjainak jogszab\u00e1ly szerinti k\u00f6z\u00fat kezel\u0151je ideiglenes forgalmi rend v\u00e1ltoz\u00e1s\u00f3l hozott d\u00f6nt\u00e9st. T\u00f6r\u00f6kszentmikl\u00f3son a K\u00f6lcsey utc\u00e1ban l\u00e9v\u0151 Baptista Szeretetszolg\u00e1lat EJSZ K\u00f6lcsey Ferenc \u00c1ltal\u00e1nos Iskola el\u0151tt a&hellip;<\/p>\n","protected":false},"author":4,"featured_media":8942,"comment_status":"closed","ping_status":"closed","sticky":false,"template":"","format":"standard","meta":{"fifu_image_url":"","fifu_image_alt":"","footnotes":""},"categories":[32],"tags":[1224,1223],"class_list":["post-8940","post","type-post","status-publish","format-standard","has-post-thumbnail","hentry","category-hirek2","tag-forgalmirend-valtozas","tag-kolcsey"],"gutentor_comment":0,"yoast_head":"<!-- This site is optimized with the Yoast SEO plugin v27.5 - https:\/\/yoast.com\/product\/yoast-seo-wordpress\/ -->\n<title>FORGALMIREND-V\u00c1LTOZ\u00c1S A K\u00d6LCSEY UTC\u00c1BAN - Mikl\u00f3s TV<\/title>\n<meta name=\"robots\" content=\"index, follow, max-snippet:-1, max-image-preview:large, max-video-preview:-1\" \/>\n<link rel=\"canonical\" href=\"https:\/\/miklostv.com\/new\/2024\/04\/02\/forgalmirend-valtozas-a-kolcsey-utcaban\/\" \/>\n<meta property=\"og:locale\" content=\"hu_HU\" \/>\n<meta property=\"og:type\" content=\"article\" \/>\n<meta property=\"og:title\" content=\"FORGALMIREND-V\u00c1LTOZ\u00c1S A K\u00d6LCSEY UTC\u00c1BAN - Mikl\u00f3s TV\" \/>\n<meta property=\"og:description\" content=\"Az elm\u00falt \u00e9vekben t\u00f6bb panasz is \u00e9rkezett \u2013 els\u0151dlegesen a sz\u00fcl\u0151k r\u00e9sz\u00e9r\u0151l \u2013 arra vonatkoz\u00f3an, hogy a K\u00f6lcsey utc\u00e1ban, iskolai id\u0151szakban nem lehet kultur\u00e1ltan k\u00f6zlekedni. A probl\u00e9ma megold\u00e1s\u00e1ra, az \u00e9rintett lakoss\u00e1g v\u00e9lem\u00e9ny\u00e9t egyr\u00e9szr\u0151l \u00edr\u00e1sban, majd lakoss\u00e1gi f\u00f3rum keret\u00e9ben k\u00e9rte ki az \u00d6nkorm\u00e1nyzat. Ezekbe az egyeztet\u00e9sekbe bevon\u00e1sra ker\u00fclt a T\u00f6r\u00f6kszentmikl\u00f3si Rend\u0151rkapit\u00e1nys\u00e1g is. A v\u00e9lem\u00e9nyeket \u00e9s javaslatokat figyelembe v\u00e9ve Dr. Varga Imre Jegyz\u0151, mint T\u00f6r\u00f6kszentmikl\u00f3s v\u00e1ros helyi k\u00f6z\u00fatjainak jogszab\u00e1ly szerinti k\u00f6z\u00fat kezel\u0151je ideiglenes forgalmi rend v\u00e1ltoz\u00e1s\u00f3l hozott d\u00f6nt\u00e9st. T\u00f6r\u00f6kszentmikl\u00f3son a K\u00f6lcsey utc\u00e1ban l\u00e9v\u0151 Baptista Szeretetszolg\u00e1lat EJSZ K\u00f6lcsey Ferenc \u00c1ltal\u00e1nos Iskola el\u0151tt a&hellip;\" \/>\n<meta property=\"og:url\" content=\"https:\/\/miklostv.com\/new\/2024\/04\/02\/forgalmirend-valtozas-a-kolcsey-utcaban\/\" \/>\n<meta property=\"og:site_name\" content=\"Mikl\u00f3s TV\" \/>\n<meta property=\"article:published_time\" content=\"2024-04-02T22:23:31+00:00\" \/>\n<meta property=\"article:modified_time\" content=\"2024-04-02T22:24:59+00:00\" \/>\n<meta property=\"og:image\" content=\"https:\/\/miklostv.com\/new\/wp-content\/uploads\/2024\/04\/20240402_163343-1-scaled.jpg\" \/>\n\t<meta property=\"og:image:width\" content=\"2560\" \/>\n\t<meta property=\"og:image:height\" content=\"1706\" \/>\n\t<meta property=\"og:image:type\" content=\"image\/jpeg\" \/>\n<meta name=\"author\" content=\"S\u00e1ndor\" \/>\n<meta name=\"twitter:card\" content=\"summary_large_image\" \/>\n<meta name=\"twitter:label1\" content=\"Szerz\u0151:\" \/>\n\t<meta name=\"twitter:data1\" content=\"S\u00e1ndor\" \/>\n\t<meta name=\"twitter:label2\" content=\"Becs\u00fclt olvas\u00e1si id\u0151\" \/>\n\t<meta name=\"twitter:data2\" content=\"2 perc\" \/>\n<script type=\"application\/ld+json\" class=\"yoast-schema-graph\">{\"@context\":\"https:\\\/\\\/schema.org\",\"@graph\":[{\"@type\":\"NewsArticle\",\"@id\":\"https:\\\/\\\/miklostv.com\\\/new\\\/2024\\\/04\\\/02\\\/forgalmirend-valtozas-a-kolcsey-utcaban\\\/#article\",\"isPartOf\":{\"@id\":\"https:\\\/\\\/miklostv.com\\\/new\\\/2024\\\/04\\\/02\\\/forgalmirend-valtozas-a-kolcsey-utcaban\\\/\"},\"author\":{\"name\":\"S\u00e1ndor\",\"@id\":\"https:\\\/\\\/miklostv.com\\\/new\\\/#\\\/schema\\\/person\\\/ff79e2ad2a1522bb7078c68351a9d05a\"},\"headline\":\"FORGALMIREND-V\u00c1LTOZ\u00c1S A K\u00d6LCSEY UTC\u00c1BAN\",\"datePublished\":\"2024-04-02T22:23:31+00:00\",\"dateModified\":\"2024-04-02T22:24:59+00:00\",\"mainEntityOfPage\":{\"@id\":\"https:\\\/\\\/miklostv.com\\\/new\\\/2024\\\/04\\\/02\\\/forgalmirend-valtozas-a-kolcsey-utcaban\\\/\"},\"wordCount\":324,\"image\":{\"@id\":\"https:\\\/\\\/miklostv.com\\\/new\\\/2024\\\/04\\\/02\\\/forgalmirend-valtozas-a-kolcsey-utcaban\\\/#primaryimage\"},\"thumbnailUrl\":\"https:\\\/\\\/miklostv.com\\\/new\\\/wp-content\\\/uploads\\\/2024\\\/04\\\/20240402_163343-1-scaled.jpg\",\"keywords\":[\"FORGALMIREND-V\u00c1LTOZ\u00c1S\",\"K\u00d6LCSEY\"],\"articleSection\":[\"A l\u00e9nyeg r\u00f6viden\"],\"inLanguage\":\"hu\"},{\"@type\":\"WebPage\",\"@id\":\"https:\\\/\\\/miklostv.com\\\/new\\\/2024\\\/04\\\/02\\\/forgalmirend-valtozas-a-kolcsey-utcaban\\\/\",\"url\":\"https:\\\/\\\/miklostv.com\\\/new\\\/2024\\\/04\\\/02\\\/forgalmirend-valtozas-a-kolcsey-utcaban\\\/\",\"name\":\"FORGALMIREND-V\u00c1LTOZ\u00c1S A K\u00d6LCSEY UTC\u00c1BAN - Mikl\u00f3s TV\",\"isPartOf\":{\"@id\":\"https:\\\/\\\/miklostv.com\\\/new\\\/#website\"},\"primaryImageOfPage\":{\"@id\":\"https:\\\/\\\/miklostv.com\\\/new\\\/2024\\\/04\\\/02\\\/forgalmirend-valtozas-a-kolcsey-utcaban\\\/#primaryimage\"},\"image\":{\"@id\":\"https:\\\/\\\/miklostv.com\\\/new\\\/2024\\\/04\\\/02\\\/forgalmirend-valtozas-a-kolcsey-utcaban\\\/#primaryimage\"},\"thumbnailUrl\":\"https:\\\/\\\/miklostv.com\\\/new\\\/wp-content\\\/uploads\\\/2024\\\/04\\\/20240402_163343-1-scaled.jpg\",\"datePublished\":\"2024-04-02T22:23:31+00:00\",\"dateModified\":\"2024-04-02T22:24:59+00:00\",\"author\":{\"@id\":\"https:\\\/\\\/miklostv.com\\\/new\\\/#\\\/schema\\\/person\\\/ff79e2ad2a1522bb7078c68351a9d05a\"},\"breadcrumb\":{\"@id\":\"https:\\\/\\\/miklostv.com\\\/new\\\/2024\\\/04\\\/02\\\/forgalmirend-valtozas-a-kolcsey-utcaban\\\/#breadcrumb\"},\"inLanguage\":\"hu\",\"potentialAction\":[{\"@type\":\"ReadAction\",\"target\":[\"https:\\\/\\\/miklostv.com\\\/new\\\/2024\\\/04\\\/02\\\/forgalmirend-valtozas-a-kolcsey-utcaban\\\/\"]}]},{\"@type\":\"ImageObject\",\"inLanguage\":\"hu\",\"@id\":\"https:\\\/\\\/miklostv.com\\\/new\\\/2024\\\/04\\\/02\\\/forgalmirend-valtozas-a-kolcsey-utcaban\\\/#primaryimage\",\"url\":\"https:\\\/\\\/miklostv.com\\\/new\\\/wp-content\\\/uploads\\\/2024\\\/04\\\/20240402_163343-1-scaled.jpg\",\"contentUrl\":\"https:\\\/\\\/miklostv.com\\\/new\\\/wp-content\\\/uploads\\\/2024\\\/04\\\/20240402_163343-1-scaled.jpg\",\"width\":2560,\"height\":1706},{\"@type\":\"BreadcrumbList\",\"@id\":\"https:\\\/\\\/miklostv.com\\\/new\\\/2024\\\/04\\\/02\\\/forgalmirend-valtozas-a-kolcsey-utcaban\\\/#breadcrumb\",\"itemListElement\":[{\"@type\":\"ListItem\",\"position\":1,\"name\":\"Kezd\u0151lap\",\"item\":\"https:\\\/\\\/miklostv.com\\\/new\\\/\"},{\"@type\":\"ListItem\",\"position\":2,\"name\":\"FORGALMIREND-V\u00c1LTOZ\u00c1S A K\u00d6LCSEY UTC\u00c1BAN\"}]},{\"@type\":\"WebSite\",\"@id\":\"https:\\\/\\\/miklostv.com\\\/new\\\/#website\",\"url\":\"https:\\\/\\\/miklostv.com\\\/new\\\/\",\"name\":\"Mikl\u00f3s TV\",\"description\":\"Mikl\u00f3s TV\",\"potentialAction\":[{\"@type\":\"SearchAction\",\"target\":{\"@type\":\"EntryPoint\",\"urlTemplate\":\"https:\\\/\\\/miklostv.com\\\/new\\\/?s={search_term_string}\"},\"query-input\":{\"@type\":\"PropertyValueSpecification\",\"valueRequired\":true,\"valueName\":\"search_term_string\"}}],\"inLanguage\":\"hu\"},{\"@type\":\"Person\",\"@id\":\"https:\\\/\\\/miklostv.com\\\/new\\\/#\\\/schema\\\/person\\\/ff79e2ad2a1522bb7078c68351a9d05a\",\"name\":\"S\u00e1ndor\",\"url\":\"https:\\\/\\\/miklostv.com\\\/new\\\/author\\\/szerkeszto\\\/\"}]}<\/script>\n<!-- \/ Yoast SEO plugin. -->","yoast_head_json":{"title":"FORGALMIREND-V\u00c1LTOZ\u00c1S A K\u00d6LCSEY UTC\u00c1BAN - Mikl\u00f3s TV","robots":{"index":"index","follow":"follow","max-snippet":"max-snippet:-1","max-image-preview":"max-image-preview:large","max-video-preview":"max-video-preview:-1"},"canonical":"https:\/\/miklostv.com\/new\/2024\/04\/02\/forgalmirend-valtozas-a-kolcsey-utcaban\/","og_locale":"hu_HU","og_type":"article","og_title":"FORGALMIREND-V\u00c1LTOZ\u00c1S A K\u00d6LCSEY UTC\u00c1BAN - Mikl\u00f3s TV","og_description":"Az elm\u00falt \u00e9vekben t\u00f6bb panasz is \u00e9rkezett \u2013 els\u0151dlegesen a sz\u00fcl\u0151k r\u00e9sz\u00e9r\u0151l \u2013 arra vonatkoz\u00f3an, hogy a K\u00f6lcsey utc\u00e1ban, iskolai id\u0151szakban nem lehet kultur\u00e1ltan k\u00f6zlekedni. A probl\u00e9ma megold\u00e1s\u00e1ra, az \u00e9rintett lakoss\u00e1g v\u00e9lem\u00e9ny\u00e9t egyr\u00e9szr\u0151l \u00edr\u00e1sban, majd lakoss\u00e1gi f\u00f3rum keret\u00e9ben k\u00e9rte ki az \u00d6nkorm\u00e1nyzat. Ezekbe az egyeztet\u00e9sekbe bevon\u00e1sra ker\u00fclt a T\u00f6r\u00f6kszentmikl\u00f3si Rend\u0151rkapit\u00e1nys\u00e1g is. A v\u00e9lem\u00e9nyeket \u00e9s javaslatokat figyelembe v\u00e9ve Dr. Varga Imre Jegyz\u0151, mint T\u00f6r\u00f6kszentmikl\u00f3s v\u00e1ros helyi k\u00f6z\u00fatjainak jogszab\u00e1ly szerinti k\u00f6z\u00fat kezel\u0151je ideiglenes forgalmi rend v\u00e1ltoz\u00e1s\u00f3l hozott d\u00f6nt\u00e9st. T\u00f6r\u00f6kszentmikl\u00f3son a K\u00f6lcsey utc\u00e1ban l\u00e9v\u0151 Baptista Szeretetszolg\u00e1lat EJSZ K\u00f6lcsey Ferenc \u00c1ltal\u00e1nos Iskola el\u0151tt a&hellip;","og_url":"https:\/\/miklostv.com\/new\/2024\/04\/02\/forgalmirend-valtozas-a-kolcsey-utcaban\/","og_site_name":"Mikl\u00f3s TV","article_published_time":"2024-04-02T22:23:31+00:00","article_modified_time":"2024-04-02T22:24:59+00:00","og_image":[{"width":2560,"height":1706,"url":"https:\/\/miklostv.com\/new\/wp-content\/uploads\/2024\/04\/20240402_163343-1-scaled.jpg","type":"image\/jpeg"}],"author":"S\u00e1ndor","twitter_card":"summary_large_image","twitter_misc":{"Szerz\u0151:":"S\u00e1ndor","Becs\u00fclt olvas\u00e1si id\u0151":"2 perc"},"schema":{"@context":"https:\/\/schema.org","@graph":[{"@type":"NewsArticle","@id":"https:\/\/miklostv.com\/new\/2024\/04\/02\/forgalmirend-valtozas-a-kolcsey-utcaban\/#article","isPartOf":{"@id":"https:\/\/miklostv.com\/new\/2024\/04\/02\/forgalmirend-valtozas-a-kolcsey-utcaban\/"},"author":{"name":"S\u00e1ndor","@id":"https:\/\/miklostv.com\/new\/#\/schema\/person\/ff79e2ad2a1522bb7078c68351a9d05a"},"headline":"FORGALMIREND-V\u00c1LTOZ\u00c1S A K\u00d6LCSEY UTC\u00c1BAN","datePublished":"2024-04-02T22:23:31+00:00","dateModified":"2024-04-02T22:24:59+00:00","mainEntityOfPage":{"@id":"https:\/\/miklostv.com\/new\/2024\/04\/02\/forgalmirend-valtozas-a-kolcsey-utcaban\/"},"wordCount":324,"image":{"@id":"https:\/\/miklostv.com\/new\/2024\/04\/02\/forgalmirend-valtozas-a-kolcsey-utcaban\/#primaryimage"},"thumbnailUrl":"https:\/\/miklostv.com\/new\/wp-content\/uploads\/2024\/04\/20240402_163343-1-scaled.jpg","keywords":["FORGALMIREND-V\u00c1LTOZ\u00c1S","K\u00d6LCSEY"],"articleSection":["A l\u00e9nyeg r\u00f6viden"],"inLanguage":"hu"},{"@type":"WebPage","@id":"https:\/\/miklostv.com\/new\/2024\/04\/02\/forgalmirend-valtozas-a-kolcsey-utcaban\/","url":"https:\/\/miklostv.com\/new\/2024\/04\/02\/forgalmirend-valtozas-a-kolcsey-utcaban\/","name":"FORGALMIREND-V\u00c1LTOZ\u00c1S A K\u00d6LCSEY UTC\u00c1BAN - Mikl\u00f3s TV","isPartOf":{"@id":"https:\/\/miklostv.com\/new\/#website"},"primaryImageOfPage":{"@id":"https:\/\/miklostv.com\/new\/2024\/04\/02\/forgalmirend-valtozas-a-kolcsey-utcaban\/#primaryimage"},"image":{"@id":"https:\/\/miklostv.com\/new\/2024\/04\/02\/forgalmirend-valtozas-a-kolcsey-utcaban\/#primaryimage"},"thumbnailUrl":"https:\/\/miklostv.com\/new\/wp-content\/uploads\/2024\/04\/20240402_163343-1-scaled.jpg","datePublished":"2024-04-02T22:23:31+00:00","dateModified":"2024-04-02T22:24:59+00:00","author":{"@id":"https:\/\/miklostv.com\/new\/#\/schema\/person\/ff79e2ad2a1522bb7078c68351a9d05a"},"breadcrumb":{"@id":"https:\/\/miklostv.com\/new\/2024\/04\/02\/forgalmirend-valtozas-a-kolcsey-utcaban\/#breadcrumb"},"inLanguage":"hu","potentialAction":[{"@type":"ReadAction","target":["https:\/\/miklostv.com\/new\/2024\/04\/02\/forgalmirend-valtozas-a-kolcsey-utcaban\/"]}]},{"@type":"ImageObject","inLanguage":"hu","@id":"https:\/\/miklostv.com\/new\/2024\/04\/02\/forgalmirend-valtozas-a-kolcsey-utcaban\/#primaryimage","url":"https:\/\/miklostv.com\/new\/wp-content\/uploads\/2024\/04\/20240402_163343-1-scaled.jpg","contentUrl":"https:\/\/miklostv.com\/new\/wp-content\/uploads\/2024\/04\/20240402_163343-1-scaled.jpg","width":2560,"height":1706},{"@type":"BreadcrumbList","@id":"https:\/\/miklostv.com\/new\/2024\/04\/02\/forgalmirend-valtozas-a-kolcsey-utcaban\/#breadcrumb","itemListElement":[{"@type":"ListItem","position":1,"name":"Kezd\u0151lap","item":"https:\/\/miklostv.com\/new\/"},{"@type":"ListItem","position":2,"name":"FORGALMIREND-V\u00c1LTOZ\u00c1S A K\u00d6LCSEY UTC\u00c1BAN"}]},{"@type":"WebSite","@id":"https:\/\/miklostv.com\/new\/#website","url":"https:\/\/miklostv.com\/new\/","name":"Mikl\u00f3s TV","description":"Mikl\u00f3s TV","potentialAction":[{"@type":"SearchAction","target":{"@type":"EntryPoint","urlTemplate":"https:\/\/miklostv.com\/new\/?s={search_term_string}"},"query-input":{"@type":"PropertyValueSpecification","valueRequired":true,"valueName":"search_term_string"}}],"inLanguage":"hu"},{"@type":"Person","@id":"https:\/\/miklostv.com\/new\/#\/schema\/person\/ff79e2ad2a1522bb7078c68351a9d05a","name":"S\u00e1ndor","url":"https:\/\/miklostv.com\/new\/author\/szerkeszto\/"}]}},"_links":{"self":[{"href":"https:\/\/miklostv.com\/new\/wp-json\/wp\/v2\/posts\/8940","targetHints":{"allow":["GET"]}}],"collection":[{"href":"https:\/\/miklostv.com\/new\/wp-json\/wp\/v2\/posts"}],"about":[{"href":"https:\/\/miklostv.com\/new\/wp-json\/wp\/v2\/types\/post"}],"author":[{"embeddable":true,"href":"https:\/\/miklostv.com\/new\/wp-json\/wp\/v2\/users\/4"}],"replies":[{"embeddable":true,"href":"https:\/\/miklostv.com\/new\/wp-json\/wp\/v2\/comments?post=8940"}],"version-history":[{"count":4,"href":"https:\/\/miklostv.com\/new\/wp-json\/wp\/v2\/posts\/8940\/revisions"}],"predecessor-version":[{"id":8945,"href":"https:\/\/miklostv.com\/new\/wp-json\/wp\/v2\/posts\/8940\/revisions\/8945"}],"wp:featuredmedia":[{"embeddable":true,"href":"https:\/\/miklostv.com\/new\/wp-json\/wp\/v2\/media\/8942"}],"wp:attachment":[{"href":"https:\/\/miklostv.com\/new\/wp-json\/wp\/v2\/media?parent=8940"}],"wp:term":[{"taxonomy":"category","embeddable":true,"href":"https:\/\/miklostv.com\/new\/wp-json\/wp\/v2\/categories?post=8940"},{"taxonomy":"post_tag","embeddable":true,"href":"https:\/\/miklostv.com\/new\/wp-json\/wp\/v2\/tags?post=8940"}],"curies":[{"name":"wp","href":"https:\/\/api.w.org\/{rel}","templated":true}]}}