{"id":8900,"date":"2024-03-09T12:04:13","date_gmt":"2024-03-09T12:04:13","guid":{"rendered":"https:\/\/miklostv.com\/new\/?p=8900"},"modified":"2024-03-21T11:29:07","modified_gmt":"2024-03-21T11:29:07","slug":"torokszentmiklosi-fc-vereseg-jaszberenyben","status":"publish","type":"post","link":"https:\/\/miklostv.com\/new\/2024\/03\/09\/torokszentmiklosi-fc-vereseg-jaszberenyben\/","title":{"rendered":"T\u00f6r\u00f6kszentmikl\u00f3si FC &#8211; Veres\u00e9g J\u00e1szber\u00e9nyben"},"content":{"rendered":"\n<p style=\"font-size:15px\"><strong>A 19. fordul\u00f3ban J\u00e1szber\u00e9nyben vend\u00e9geskedett a TFC. \u0150sszel, hazai p\u00e1ly\u00e1n 3-0-ra nyertek Gergely M\u00e1ty\u00e1s j\u00e1t\u00e9kosai.<\/strong><\/p>\n\n\n\n<figure class=\"wp-block-image size-large\"><img fetchpriority=\"high\" decoding=\"async\" width=\"840\" height=\"440\" src=\"https:\/\/miklostv.com\/new\/wp-content\/uploads\/2024\/03\/jaszbereny-tfc-cikk-840x440.jpg\" alt=\"\" class=\"wp-image-8901\" srcset=\"https:\/\/miklostv.com\/new\/wp-content\/uploads\/2024\/03\/jaszbereny-tfc-cikk-840x440.jpg 840w, https:\/\/miklostv.com\/new\/wp-content\/uploads\/2024\/03\/jaszbereny-tfc-cikk-660x345.jpg 660w, https:\/\/miklostv.com\/new\/wp-content\/uploads\/2024\/03\/jaszbereny-tfc-cikk-768x402.jpg 768w, https:\/\/miklostv.com\/new\/wp-content\/uploads\/2024\/03\/jaszbereny-tfc-cikk-1536x804.jpg 1536w, https:\/\/miklostv.com\/new\/wp-content\/uploads\/2024\/03\/jaszbereny-tfc-cikk.jpg 2048w\" sizes=\"(max-width: 840px) 100vw, 840px\" \/><\/figure>\n\n\n\n<!--more-->\n\n\n\n<p>Korai hazai g\u00f3l alapozta meg a meccset, a 8. percben Nagy G\u00e1borr\u00f3l a saj\u00e1t kapunkba pattant a labda, 1-0. Az els\u0151 f\u00e9lid\u0151 derek\u00e1n egy \u00fajabb elker\u00fclhet\u0151 g\u00f3llal n\u00f6velte el\u0151ny\u00e9t a J\u00e1szber\u00e9ny, a 30. percben 2-0. A m\u00e1sodik f\u00e9lid\u0151ben siker\u00fclt t\u00e1mad\u00f3bban fell\u00e9pnie a mikl\u00f3si csapatnak, a 60. percben Farkas Istv\u00e1n g\u00f3lj\u00e1val a sz\u00e9p\u00edt\u00e9s is megt\u00f6rt\u00e9nt. Hi\u00e1ba volt t\u00f6bb lehet\u0151s\u00e9ge Gusztafik\u00e9knak a h\u00e1tral\u00e9v\u0151 id\u0151ben, azok kihaszn\u00e1latlanul maradtak, \u00edgy J\u00e1szber\u00e9nyb\u0151l is pont n\u00e9lk\u00fcl t\u00e9rt haza csapatunk. J\u00e1szber\u00e9nyi FC &#8211; T\u00f6r\u00f6kszentmikl\u00f3si FC-VETERINER 2-1. A nagyon szoros \u00e9lmez\u0151nyben a TFC az 5. helyre cs\u00faszott vissza.<\/p>\n\n\n\n<figure class=\"wp-block-embed is-type-video is-provider-youtube wp-block-embed-youtube wp-embed-aspect-16-9 wp-has-aspect-ratio\"><div class=\"wp-block-embed__wrapper\">\n<iframe  id=\"_ytid_52089\"  width=\"800\" height=\"450\"  data-origwidth=\"800\" data-origheight=\"450\" src=\"https:\/\/www.youtube.com\/embed\/taOOSM28dLI?enablejsapi=1&#038;autoplay=0&#038;cc_load_policy=0&#038;cc_lang_pref=hu&#038;iv_load_policy=1&#038;loop=0&#038;rel=1&#038;fs=1&#038;playsinline=1&#038;autohide=2&#038;theme=dark&#038;color=red&#038;controls=1&#038;disablekb=0&#038;\" class=\"__youtube_prefs__  epyt-is-override  no-lazyload\" title=\"YouTube player\"  allow=\"fullscreen; accelerometer; autoplay; clipboard-write; encrypted-media; gyroscope; picture-in-picture; web-share\" referrerpolicy=\"strict-origin-when-cross-origin\" allowfullscreen data-no-lazy=\"1\" data-skipgform_ajax_framebjll=\"\"><\/iframe>\n<\/div><\/figure>\n","protected":false},"excerpt":{"rendered":"<p>A 19. fordul\u00f3ban J\u00e1szber\u00e9nyben vend\u00e9geskedett a TFC. \u0150sszel, hazai p\u00e1ly\u00e1n 3-0-ra nyertek Gergely M\u00e1ty\u00e1s j\u00e1t\u00e9kosai.<\/p>\n","protected":false},"author":3,"featured_media":8901,"comment_status":"closed","ping_status":"closed","sticky":false,"template":"","format":"standard","meta":{"fifu_image_url":"","fifu_image_alt":"","footnotes":""},"categories":[33],"tags":[1181],"class_list":["post-8900","post","type-post","status-publish","format-standard","has-post-thumbnail","hentry","category-sport-hirek","tag-torokszentmiklosi-fc"],"gutentor_comment":0,"yoast_head":"<!-- This site is optimized with the Yoast SEO plugin v27.5 - https:\/\/yoast.com\/product\/yoast-seo-wordpress\/ -->\n<title>T\u00f6r\u00f6kszentmikl\u00f3si FC - Veres\u00e9g J\u00e1szber\u00e9nyben - Mikl\u00f3s TV<\/title>\n<meta name=\"robots\" content=\"index, follow, max-snippet:-1, max-image-preview:large, max-video-preview:-1\" \/>\n<link rel=\"canonical\" href=\"https:\/\/miklostv.com\/new\/2024\/03\/09\/torokszentmiklosi-fc-vereseg-jaszberenyben\/\" \/>\n<meta property=\"og:locale\" content=\"hu_HU\" \/>\n<meta property=\"og:type\" content=\"article\" \/>\n<meta property=\"og:title\" content=\"T\u00f6r\u00f6kszentmikl\u00f3si FC - Veres\u00e9g J\u00e1szber\u00e9nyben - Mikl\u00f3s TV\" \/>\n<meta property=\"og:description\" content=\"A 19. fordul\u00f3ban J\u00e1szber\u00e9nyben vend\u00e9geskedett a TFC. \u0150sszel, hazai p\u00e1ly\u00e1n 3-0-ra nyertek Gergely M\u00e1ty\u00e1s j\u00e1t\u00e9kosai.\" \/>\n<meta property=\"og:url\" content=\"https:\/\/miklostv.com\/new\/2024\/03\/09\/torokszentmiklosi-fc-vereseg-jaszberenyben\/\" \/>\n<meta property=\"og:site_name\" content=\"Mikl\u00f3s TV\" \/>\n<meta property=\"article:published_time\" content=\"2024-03-09T12:04:13+00:00\" \/>\n<meta property=\"article:modified_time\" content=\"2024-03-21T11:29:07+00:00\" \/>\n<meta property=\"og:image\" content=\"https:\/\/miklostv.com\/new\/wp-content\/uploads\/2024\/03\/jaszbereny-tfc-cikk.jpg\" \/>\n\t<meta property=\"og:image:width\" content=\"2048\" \/>\n\t<meta property=\"og:image:height\" content=\"1072\" \/>\n\t<meta property=\"og:image:type\" content=\"image\/jpeg\" \/>\n<meta name=\"author\" content=\"Csaba\" \/>\n<meta name=\"twitter:card\" content=\"summary_large_image\" \/>\n<meta name=\"twitter:label1\" content=\"Szerz\u0151:\" \/>\n\t<meta name=\"twitter:data1\" content=\"Csaba\" \/>\n\t<meta name=\"twitter:label2\" content=\"Becs\u00fclt olvas\u00e1si id\u0151\" \/>\n\t<meta name=\"twitter:data2\" content=\"1 perc\" \/>\n<script type=\"application\/ld+json\" class=\"yoast-schema-graph\">{\"@context\":\"https:\\\/\\\/schema.org\",\"@graph\":[{\"@type\":\"NewsArticle\",\"@id\":\"https:\\\/\\\/miklostv.com\\\/new\\\/2024\\\/03\\\/09\\\/torokszentmiklosi-fc-vereseg-jaszberenyben\\\/#article\",\"isPartOf\":{\"@id\":\"https:\\\/\\\/miklostv.com\\\/new\\\/2024\\\/03\\\/09\\\/torokszentmiklosi-fc-vereseg-jaszberenyben\\\/\"},\"author\":{\"name\":\"Csaba\",\"@id\":\"https:\\\/\\\/miklostv.com\\\/new\\\/#\\\/schema\\\/person\\\/f3618ba4452057fb1d671f973554e567\"},\"headline\":\"T\u00f6r\u00f6kszentmikl\u00f3si FC &#8211; Veres\u00e9g J\u00e1szber\u00e9nyben\",\"datePublished\":\"2024-03-09T12:04:13+00:00\",\"dateModified\":\"2024-03-21T11:29:07+00:00\",\"mainEntityOfPage\":{\"@id\":\"https:\\\/\\\/miklostv.com\\\/new\\\/2024\\\/03\\\/09\\\/torokszentmiklosi-fc-vereseg-jaszberenyben\\\/\"},\"wordCount\":178,\"image\":{\"@id\":\"https:\\\/\\\/miklostv.com\\\/new\\\/2024\\\/03\\\/09\\\/torokszentmiklosi-fc-vereseg-jaszberenyben\\\/#primaryimage\"},\"thumbnailUrl\":\"https:\\\/\\\/miklostv.com\\\/new\\\/wp-content\\\/uploads\\\/2024\\\/03\\\/jaszbereny-tfc-cikk.jpg\",\"keywords\":[\"T\u00f6r\u00f6kszentmikl\u00f3si FC\"],\"articleSection\":[\"Sporth\u00edrek\"],\"inLanguage\":\"hu\"},{\"@type\":\"WebPage\",\"@id\":\"https:\\\/\\\/miklostv.com\\\/new\\\/2024\\\/03\\\/09\\\/torokszentmiklosi-fc-vereseg-jaszberenyben\\\/\",\"url\":\"https:\\\/\\\/miklostv.com\\\/new\\\/2024\\\/03\\\/09\\\/torokszentmiklosi-fc-vereseg-jaszberenyben\\\/\",\"name\":\"T\u00f6r\u00f6kszentmikl\u00f3si FC - Veres\u00e9g J\u00e1szber\u00e9nyben - Mikl\u00f3s TV\",\"isPartOf\":{\"@id\":\"https:\\\/\\\/miklostv.com\\\/new\\\/#website\"},\"primaryImageOfPage\":{\"@id\":\"https:\\\/\\\/miklostv.com\\\/new\\\/2024\\\/03\\\/09\\\/torokszentmiklosi-fc-vereseg-jaszberenyben\\\/#primaryimage\"},\"image\":{\"@id\":\"https:\\\/\\\/miklostv.com\\\/new\\\/2024\\\/03\\\/09\\\/torokszentmiklosi-fc-vereseg-jaszberenyben\\\/#primaryimage\"},\"thumbnailUrl\":\"https:\\\/\\\/miklostv.com\\\/new\\\/wp-content\\\/uploads\\\/2024\\\/03\\\/jaszbereny-tfc-cikk.jpg\",\"datePublished\":\"2024-03-09T12:04:13+00:00\",\"dateModified\":\"2024-03-21T11:29:07+00:00\",\"author\":{\"@id\":\"https:\\\/\\\/miklostv.com\\\/new\\\/#\\\/schema\\\/person\\\/f3618ba4452057fb1d671f973554e567\"},\"breadcrumb\":{\"@id\":\"https:\\\/\\\/miklostv.com\\\/new\\\/2024\\\/03\\\/09\\\/torokszentmiklosi-fc-vereseg-jaszberenyben\\\/#breadcrumb\"},\"inLanguage\":\"hu\",\"potentialAction\":[{\"@type\":\"ReadAction\",\"target\":[\"https:\\\/\\\/miklostv.com\\\/new\\\/2024\\\/03\\\/09\\\/torokszentmiklosi-fc-vereseg-jaszberenyben\\\/\"]}]},{\"@type\":\"ImageObject\",\"inLanguage\":\"hu\",\"@id\":\"https:\\\/\\\/miklostv.com\\\/new\\\/2024\\\/03\\\/09\\\/torokszentmiklosi-fc-vereseg-jaszberenyben\\\/#primaryimage\",\"url\":\"https:\\\/\\\/miklostv.com\\\/new\\\/wp-content\\\/uploads\\\/2024\\\/03\\\/jaszbereny-tfc-cikk.jpg\",\"contentUrl\":\"https:\\\/\\\/miklostv.com\\\/new\\\/wp-content\\\/uploads\\\/2024\\\/03\\\/jaszbereny-tfc-cikk.jpg\",\"width\":2048,\"height\":1072},{\"@type\":\"BreadcrumbList\",\"@id\":\"https:\\\/\\\/miklostv.com\\\/new\\\/2024\\\/03\\\/09\\\/torokszentmiklosi-fc-vereseg-jaszberenyben\\\/#breadcrumb\",\"itemListElement\":[{\"@type\":\"ListItem\",\"position\":1,\"name\":\"Kezd\u0151lap\",\"item\":\"https:\\\/\\\/miklostv.com\\\/new\\\/\"},{\"@type\":\"ListItem\",\"position\":2,\"name\":\"T\u00f6r\u00f6kszentmikl\u00f3si FC &#8211; Veres\u00e9g J\u00e1szber\u00e9nyben\"}]},{\"@type\":\"WebSite\",\"@id\":\"https:\\\/\\\/miklostv.com\\\/new\\\/#website\",\"url\":\"https:\\\/\\\/miklostv.com\\\/new\\\/\",\"name\":\"Mikl\u00f3s TV\",\"description\":\"Mikl\u00f3s TV\",\"potentialAction\":[{\"@type\":\"SearchAction\",\"target\":{\"@type\":\"EntryPoint\",\"urlTemplate\":\"https:\\\/\\\/miklostv.com\\\/new\\\/?s={search_term_string}\"},\"query-input\":{\"@type\":\"PropertyValueSpecification\",\"valueRequired\":true,\"valueName\":\"search_term_string\"}}],\"inLanguage\":\"hu\"},{\"@type\":\"Person\",\"@id\":\"https:\\\/\\\/miklostv.com\\\/new\\\/#\\\/schema\\\/person\\\/f3618ba4452057fb1d671f973554e567\",\"name\":\"Csaba\",\"url\":\"https:\\\/\\\/miklostv.com\\\/new\\\/author\\\/hcsaba\\\/\"}]}<\/script>\n<!-- \/ Yoast SEO plugin. -->","yoast_head_json":{"title":"T\u00f6r\u00f6kszentmikl\u00f3si FC - Veres\u00e9g J\u00e1szber\u00e9nyben - Mikl\u00f3s TV","robots":{"index":"index","follow":"follow","max-snippet":"max-snippet:-1","max-image-preview":"max-image-preview:large","max-video-preview":"max-video-preview:-1"},"canonical":"https:\/\/miklostv.com\/new\/2024\/03\/09\/torokszentmiklosi-fc-vereseg-jaszberenyben\/","og_locale":"hu_HU","og_type":"article","og_title":"T\u00f6r\u00f6kszentmikl\u00f3si FC - Veres\u00e9g J\u00e1szber\u00e9nyben - Mikl\u00f3s TV","og_description":"A 19. fordul\u00f3ban J\u00e1szber\u00e9nyben vend\u00e9geskedett a TFC. \u0150sszel, hazai p\u00e1ly\u00e1n 3-0-ra nyertek Gergely M\u00e1ty\u00e1s j\u00e1t\u00e9kosai.","og_url":"https:\/\/miklostv.com\/new\/2024\/03\/09\/torokszentmiklosi-fc-vereseg-jaszberenyben\/","og_site_name":"Mikl\u00f3s TV","article_published_time":"2024-03-09T12:04:13+00:00","article_modified_time":"2024-03-21T11:29:07+00:00","og_image":[{"width":2048,"height":1072,"url":"https:\/\/miklostv.com\/new\/wp-content\/uploads\/2024\/03\/jaszbereny-tfc-cikk.jpg","type":"image\/jpeg"}],"author":"Csaba","twitter_card":"summary_large_image","twitter_misc":{"Szerz\u0151:":"Csaba","Becs\u00fclt olvas\u00e1si id\u0151":"1 perc"},"schema":{"@context":"https:\/\/schema.org","@graph":[{"@type":"NewsArticle","@id":"https:\/\/miklostv.com\/new\/2024\/03\/09\/torokszentmiklosi-fc-vereseg-jaszberenyben\/#article","isPartOf":{"@id":"https:\/\/miklostv.com\/new\/2024\/03\/09\/torokszentmiklosi-fc-vereseg-jaszberenyben\/"},"author":{"name":"Csaba","@id":"https:\/\/miklostv.com\/new\/#\/schema\/person\/f3618ba4452057fb1d671f973554e567"},"headline":"T\u00f6r\u00f6kszentmikl\u00f3si FC &#8211; Veres\u00e9g J\u00e1szber\u00e9nyben","datePublished":"2024-03-09T12:04:13+00:00","dateModified":"2024-03-21T11:29:07+00:00","mainEntityOfPage":{"@id":"https:\/\/miklostv.com\/new\/2024\/03\/09\/torokszentmiklosi-fc-vereseg-jaszberenyben\/"},"wordCount":178,"image":{"@id":"https:\/\/miklostv.com\/new\/2024\/03\/09\/torokszentmiklosi-fc-vereseg-jaszberenyben\/#primaryimage"},"thumbnailUrl":"https:\/\/miklostv.com\/new\/wp-content\/uploads\/2024\/03\/jaszbereny-tfc-cikk.jpg","keywords":["T\u00f6r\u00f6kszentmikl\u00f3si FC"],"articleSection":["Sporth\u00edrek"],"inLanguage":"hu"},{"@type":"WebPage","@id":"https:\/\/miklostv.com\/new\/2024\/03\/09\/torokszentmiklosi-fc-vereseg-jaszberenyben\/","url":"https:\/\/miklostv.com\/new\/2024\/03\/09\/torokszentmiklosi-fc-vereseg-jaszberenyben\/","name":"T\u00f6r\u00f6kszentmikl\u00f3si FC - Veres\u00e9g J\u00e1szber\u00e9nyben - Mikl\u00f3s TV","isPartOf":{"@id":"https:\/\/miklostv.com\/new\/#website"},"primaryImageOfPage":{"@id":"https:\/\/miklostv.com\/new\/2024\/03\/09\/torokszentmiklosi-fc-vereseg-jaszberenyben\/#primaryimage"},"image":{"@id":"https:\/\/miklostv.com\/new\/2024\/03\/09\/torokszentmiklosi-fc-vereseg-jaszberenyben\/#primaryimage"},"thumbnailUrl":"https:\/\/miklostv.com\/new\/wp-content\/uploads\/2024\/03\/jaszbereny-tfc-cikk.jpg","datePublished":"2024-03-09T12:04:13+00:00","dateModified":"2024-03-21T11:29:07+00:00","author":{"@id":"https:\/\/miklostv.com\/new\/#\/schema\/person\/f3618ba4452057fb1d671f973554e567"},"breadcrumb":{"@id":"https:\/\/miklostv.com\/new\/2024\/03\/09\/torokszentmiklosi-fc-vereseg-jaszberenyben\/#breadcrumb"},"inLanguage":"hu","potentialAction":[{"@type":"ReadAction","target":["https:\/\/miklostv.com\/new\/2024\/03\/09\/torokszentmiklosi-fc-vereseg-jaszberenyben\/"]}]},{"@type":"ImageObject","inLanguage":"hu","@id":"https:\/\/miklostv.com\/new\/2024\/03\/09\/torokszentmiklosi-fc-vereseg-jaszberenyben\/#primaryimage","url":"https:\/\/miklostv.com\/new\/wp-content\/uploads\/2024\/03\/jaszbereny-tfc-cikk.jpg","contentUrl":"https:\/\/miklostv.com\/new\/wp-content\/uploads\/2024\/03\/jaszbereny-tfc-cikk.jpg","width":2048,"height":1072},{"@type":"BreadcrumbList","@id":"https:\/\/miklostv.com\/new\/2024\/03\/09\/torokszentmiklosi-fc-vereseg-jaszberenyben\/#breadcrumb","itemListElement":[{"@type":"ListItem","position":1,"name":"Kezd\u0151lap","item":"https:\/\/miklostv.com\/new\/"},{"@type":"ListItem","position":2,"name":"T\u00f6r\u00f6kszentmikl\u00f3si FC &#8211; Veres\u00e9g J\u00e1szber\u00e9nyben"}]},{"@type":"WebSite","@id":"https:\/\/miklostv.com\/new\/#website","url":"https:\/\/miklostv.com\/new\/","name":"Mikl\u00f3s TV","description":"Mikl\u00f3s TV","potentialAction":[{"@type":"SearchAction","target":{"@type":"EntryPoint","urlTemplate":"https:\/\/miklostv.com\/new\/?s={search_term_string}"},"query-input":{"@type":"PropertyValueSpecification","valueRequired":true,"valueName":"search_term_string"}}],"inLanguage":"hu"},{"@type":"Person","@id":"https:\/\/miklostv.com\/new\/#\/schema\/person\/f3618ba4452057fb1d671f973554e567","name":"Csaba","url":"https:\/\/miklostv.com\/new\/author\/hcsaba\/"}]}},"_links":{"self":[{"href":"https:\/\/miklostv.com\/new\/wp-json\/wp\/v2\/posts\/8900","targetHints":{"allow":["GET"]}}],"collection":[{"href":"https:\/\/miklostv.com\/new\/wp-json\/wp\/v2\/posts"}],"about":[{"href":"https:\/\/miklostv.com\/new\/wp-json\/wp\/v2\/types\/post"}],"author":[{"embeddable":true,"href":"https:\/\/miklostv.com\/new\/wp-json\/wp\/v2\/users\/3"}],"replies":[{"embeddable":true,"href":"https:\/\/miklostv.com\/new\/wp-json\/wp\/v2\/comments?post=8900"}],"version-history":[{"count":1,"href":"https:\/\/miklostv.com\/new\/wp-json\/wp\/v2\/posts\/8900\/revisions"}],"predecessor-version":[{"id":8902,"href":"https:\/\/miklostv.com\/new\/wp-json\/wp\/v2\/posts\/8900\/revisions\/8902"}],"wp:featuredmedia":[{"embeddable":true,"href":"https:\/\/miklostv.com\/new\/wp-json\/wp\/v2\/media\/8901"}],"wp:attachment":[{"href":"https:\/\/miklostv.com\/new\/wp-json\/wp\/v2\/media?parent=8900"}],"wp:term":[{"taxonomy":"category","embeddable":true,"href":"https:\/\/miklostv.com\/new\/wp-json\/wp\/v2\/categories?post=8900"},{"taxonomy":"post_tag","embeddable":true,"href":"https:\/\/miklostv.com\/new\/wp-json\/wp\/v2\/tags?post=8900"}],"curies":[{"name":"wp","href":"https:\/\/api.w.org\/{rel}","templated":true}]}}