{"id":8791,"date":"2024-02-27T17:56:41","date_gmt":"2024-02-27T17:56:41","guid":{"rendered":"https:\/\/miklostv.com\/new\/?p=8791"},"modified":"2024-02-27T18:00:33","modified_gmt":"2024-02-27T18:00:33","slug":"ujabb-fejezet-a-szent-istvan-utca-eleteben-utfelujitas-kezdodott","status":"publish","type":"post","link":"https:\/\/miklostv.com\/new\/2024\/02\/27\/ujabb-fejezet-a-szent-istvan-utca-eleteben-utfelujitas-kezdodott\/","title":{"rendered":"\u00dajabb fejezet a Szent Istv\u00e1n utca \u00e9let\u00e9ben: \u00datfel\u00faj\u00edt\u00e1s kezd\u0151d\u00f6tt"},"content":{"rendered":"\n<figure class=\"wp-block-image size-large\"><img fetchpriority=\"high\" decoding=\"async\" width=\"840\" height=\"840\" src=\"https:\/\/miklostv.com\/new\/wp-content\/uploads\/2024\/02\/429562437_904439768351896_6797514799328332834_n-840x840.jpg\" alt=\"\" class=\"wp-image-8792\" srcset=\"https:\/\/miklostv.com\/new\/wp-content\/uploads\/2024\/02\/429562437_904439768351896_6797514799328332834_n-840x840.jpg 840w, https:\/\/miklostv.com\/new\/wp-content\/uploads\/2024\/02\/429562437_904439768351896_6797514799328332834_n-365x365.jpg 365w, https:\/\/miklostv.com\/new\/wp-content\/uploads\/2024\/02\/429562437_904439768351896_6797514799328332834_n-768x768.jpg 768w, https:\/\/miklostv.com\/new\/wp-content\/uploads\/2024\/02\/429562437_904439768351896_6797514799328332834_n-1536x1536.jpg 1536w, https:\/\/miklostv.com\/new\/wp-content\/uploads\/2024\/02\/429562437_904439768351896_6797514799328332834_n.jpg 2048w\" sizes=\"(max-width: 840px) 100vw, 840px\" \/><\/figure>\n\n\n\n<p>Tavaly okt\u00f3berben a K\u00e9pvisel\u0151-test\u00fclet meghozta a d\u00f6nt\u00e9st arr\u00f3l, hogy az \u00f6nkorm\u00e1nyzat 4 lak\u00f3utc\u00e1ban teljes k\u00f6r\u0171 \u00fatfel\u00faj\u00edt\u00e1st v\u00e9gez, ide\u00e9rtve a Szent Istv\u00e1n utc\u00e1t is, melynek Sz\u00e9chenyi \u00e9s De\u00e1k Ferenc utc\u00e1k k\u00f6z\u00f6tti szakasza k\u00fcl\u00f6n\u00f6sen balesetvesz\u00e9lyess\u00e9 v\u00e1lt a 2005-\u00f6s szennyv\u00edzberuh\u00e1z\u00e1s k\u00f6vetkezt\u00e9ben.<\/p>\n\n\n\n<p>A kivitelez\u0151 c\u00e9g ma reggel megkezdte az el\u0151k\u00e9sz\u00fcleteket \u00e9s felvonult a ter\u00fcletre. Hamarosan a B\u00e1thory, Szent L\u00e1szl\u00f3 \u00e9s Gy\u0151rffy utc\u00e1kban is hasonl\u00f3 munk\u00e1latok indulnak majd.<\/p>\n\n\n\n<p>K\u00e9rj\u00fck a lak\u00f3kat \u00e9s az arra k\u00f6zleked\u0151ket, hogy legyenek t\u00fcrelemmel \u00e9s meg\u00e9rt\u00e9ssel a munka ideje alatt, mivel a fel\u00faj\u00edt\u00e1s folyamata ideiglenes kellemetlens\u00e9gekkel j\u00e1rhat. Ez azonban fontos l\u00e9p\u00e9s a v\u00e1ros fejl\u0151d\u00e9se \u00e9s biztons\u00e1ga szempontj\u00e1b\u00f3l.<\/p>\n","protected":false},"excerpt":{"rendered":"<p>Tavaly okt\u00f3berben a K\u00e9pvisel\u0151-test\u00fclet meghozta a d\u00f6nt\u00e9st arr\u00f3l, hogy az \u00f6nkorm\u00e1nyzat 4 lak\u00f3utc\u00e1ban teljes k\u00f6r\u0171 \u00fatfel\u00faj\u00edt\u00e1st v\u00e9gez, ide\u00e9rtve a Szent Istv\u00e1n utc\u00e1t is, melynek Sz\u00e9chenyi \u00e9s De\u00e1k Ferenc utc\u00e1k k\u00f6z\u00f6tti szakasza k\u00fcl\u00f6n\u00f6sen balesetvesz\u00e9lyess\u00e9 v\u00e1lt a 2005-\u00f6s szennyv\u00edzberuh\u00e1z\u00e1s k\u00f6vetkezt\u00e9ben. A kivitelez\u0151 c\u00e9g ma reggel megkezdte az el\u0151k\u00e9sz\u00fcleteket \u00e9s felvonult a ter\u00fcletre. Hamarosan a B\u00e1thory, Szent L\u00e1szl\u00f3 \u00e9s Gy\u0151rffy utc\u00e1kban is hasonl\u00f3 munk\u00e1latok indulnak majd. K\u00e9rj\u00fck a lak\u00f3kat \u00e9s az arra k\u00f6zleked\u0151ket, hogy legyenek t\u00fcrelemmel \u00e9s meg\u00e9rt\u00e9ssel a munka ideje alatt, mivel a fel\u00faj\u00edt\u00e1s folyamata ideiglenes kellemetlens\u00e9gekkel j\u00e1rhat. Ez azonban fontos l\u00e9p\u00e9s&hellip;<\/p>\n","protected":false},"author":4,"featured_media":8793,"comment_status":"closed","ping_status":"closed","sticky":false,"template":"","format":"standard","meta":{"fifu_image_url":"","fifu_image_alt":"","footnotes":""},"categories":[32],"tags":[1197,1209],"class_list":["post-8791","post","type-post","status-publish","format-standard","has-post-thumbnail","hentry","category-hirek2","tag-onkormanyzat","tag-utfelujitas"],"gutentor_comment":0,"yoast_head":"<!-- This site is optimized with the Yoast SEO plugin v27.5 - https:\/\/yoast.com\/product\/yoast-seo-wordpress\/ -->\n<title>\u00dajabb fejezet a Szent Istv\u00e1n utca \u00e9let\u00e9ben: \u00datfel\u00faj\u00edt\u00e1s kezd\u0151d\u00f6tt - Mikl\u00f3s TV<\/title>\n<meta name=\"robots\" content=\"index, follow, max-snippet:-1, max-image-preview:large, max-video-preview:-1\" \/>\n<link rel=\"canonical\" href=\"https:\/\/miklostv.com\/new\/2024\/02\/27\/ujabb-fejezet-a-szent-istvan-utca-eleteben-utfelujitas-kezdodott\/\" \/>\n<meta property=\"og:locale\" content=\"hu_HU\" \/>\n<meta property=\"og:type\" content=\"article\" \/>\n<meta property=\"og:title\" content=\"\u00dajabb fejezet a Szent Istv\u00e1n utca \u00e9let\u00e9ben: \u00datfel\u00faj\u00edt\u00e1s kezd\u0151d\u00f6tt - Mikl\u00f3s TV\" \/>\n<meta property=\"og:description\" content=\"Tavaly okt\u00f3berben a K\u00e9pvisel\u0151-test\u00fclet meghozta a d\u00f6nt\u00e9st arr\u00f3l, hogy az \u00f6nkorm\u00e1nyzat 4 lak\u00f3utc\u00e1ban teljes k\u00f6r\u0171 \u00fatfel\u00faj\u00edt\u00e1st v\u00e9gez, ide\u00e9rtve a Szent Istv\u00e1n utc\u00e1t is, melynek Sz\u00e9chenyi \u00e9s De\u00e1k Ferenc utc\u00e1k k\u00f6z\u00f6tti szakasza k\u00fcl\u00f6n\u00f6sen balesetvesz\u00e9lyess\u00e9 v\u00e1lt a 2005-\u00f6s szennyv\u00edzberuh\u00e1z\u00e1s k\u00f6vetkezt\u00e9ben. A kivitelez\u0151 c\u00e9g ma reggel megkezdte az el\u0151k\u00e9sz\u00fcleteket \u00e9s felvonult a ter\u00fcletre. Hamarosan a B\u00e1thory, Szent L\u00e1szl\u00f3 \u00e9s Gy\u0151rffy utc\u00e1kban is hasonl\u00f3 munk\u00e1latok indulnak majd. K\u00e9rj\u00fck a lak\u00f3kat \u00e9s az arra k\u00f6zleked\u0151ket, hogy legyenek t\u00fcrelemmel \u00e9s meg\u00e9rt\u00e9ssel a munka ideje alatt, mivel a fel\u00faj\u00edt\u00e1s folyamata ideiglenes kellemetlens\u00e9gekkel j\u00e1rhat. Ez azonban fontos l\u00e9p\u00e9s&hellip;\" \/>\n<meta property=\"og:url\" content=\"https:\/\/miklostv.com\/new\/2024\/02\/27\/ujabb-fejezet-a-szent-istvan-utca-eleteben-utfelujitas-kezdodott\/\" \/>\n<meta property=\"og:site_name\" content=\"Mikl\u00f3s TV\" \/>\n<meta property=\"article:published_time\" content=\"2024-02-27T17:56:41+00:00\" \/>\n<meta property=\"article:modified_time\" content=\"2024-02-27T18:00:33+00:00\" \/>\n<meta property=\"og:image\" content=\"https:\/\/miklostv.com\/new\/wp-content\/uploads\/2024\/02\/429562437_904439768351896_6797514799328332834_n-1.jpg\" \/>\n\t<meta property=\"og:image:width\" content=\"2048\" \/>\n\t<meta property=\"og:image:height\" content=\"2048\" \/>\n\t<meta property=\"og:image:type\" content=\"image\/jpeg\" \/>\n<meta name=\"author\" content=\"S\u00e1ndor\" \/>\n<meta name=\"twitter:card\" content=\"summary_large_image\" \/>\n<meta name=\"twitter:label1\" content=\"Szerz\u0151:\" \/>\n\t<meta name=\"twitter:data1\" content=\"S\u00e1ndor\" \/>\n\t<meta name=\"twitter:label2\" content=\"Becs\u00fclt olvas\u00e1si id\u0151\" \/>\n\t<meta name=\"twitter:data2\" content=\"1 perc\" \/>\n<script type=\"application\/ld+json\" class=\"yoast-schema-graph\">{\"@context\":\"https:\\\/\\\/schema.org\",\"@graph\":[{\"@type\":\"NewsArticle\",\"@id\":\"https:\\\/\\\/miklostv.com\\\/new\\\/2024\\\/02\\\/27\\\/ujabb-fejezet-a-szent-istvan-utca-eleteben-utfelujitas-kezdodott\\\/#article\",\"isPartOf\":{\"@id\":\"https:\\\/\\\/miklostv.com\\\/new\\\/2024\\\/02\\\/27\\\/ujabb-fejezet-a-szent-istvan-utca-eleteben-utfelujitas-kezdodott\\\/\"},\"author\":{\"name\":\"S\u00e1ndor\",\"@id\":\"https:\\\/\\\/miklostv.com\\\/new\\\/#\\\/schema\\\/person\\\/ff79e2ad2a1522bb7078c68351a9d05a\"},\"headline\":\"\u00dajabb fejezet a Szent Istv\u00e1n utca \u00e9let\u00e9ben: \u00datfel\u00faj\u00edt\u00e1s kezd\u0151d\u00f6tt\",\"datePublished\":\"2024-02-27T17:56:41+00:00\",\"dateModified\":\"2024-02-27T18:00:33+00:00\",\"mainEntityOfPage\":{\"@id\":\"https:\\\/\\\/miklostv.com\\\/new\\\/2024\\\/02\\\/27\\\/ujabb-fejezet-a-szent-istvan-utca-eleteben-utfelujitas-kezdodott\\\/\"},\"wordCount\":176,\"image\":{\"@id\":\"https:\\\/\\\/miklostv.com\\\/new\\\/2024\\\/02\\\/27\\\/ujabb-fejezet-a-szent-istvan-utca-eleteben-utfelujitas-kezdodott\\\/#primaryimage\"},\"thumbnailUrl\":\"https:\\\/\\\/miklostv.com\\\/new\\\/wp-content\\\/uploads\\\/2024\\\/02\\\/429562437_904439768351896_6797514799328332834_n-1.jpg\",\"keywords\":[\"\u00f6nkorm\u00e1nyzat\",\"\u00fatfel\u00faj\u00edt\u00e1s\"],\"articleSection\":[\"A l\u00e9nyeg r\u00f6viden\"],\"inLanguage\":\"hu\"},{\"@type\":\"WebPage\",\"@id\":\"https:\\\/\\\/miklostv.com\\\/new\\\/2024\\\/02\\\/27\\\/ujabb-fejezet-a-szent-istvan-utca-eleteben-utfelujitas-kezdodott\\\/\",\"url\":\"https:\\\/\\\/miklostv.com\\\/new\\\/2024\\\/02\\\/27\\\/ujabb-fejezet-a-szent-istvan-utca-eleteben-utfelujitas-kezdodott\\\/\",\"name\":\"\u00dajabb fejezet a Szent Istv\u00e1n utca \u00e9let\u00e9ben: \u00datfel\u00faj\u00edt\u00e1s kezd\u0151d\u00f6tt - Mikl\u00f3s TV\",\"isPartOf\":{\"@id\":\"https:\\\/\\\/miklostv.com\\\/new\\\/#website\"},\"primaryImageOfPage\":{\"@id\":\"https:\\\/\\\/miklostv.com\\\/new\\\/2024\\\/02\\\/27\\\/ujabb-fejezet-a-szent-istvan-utca-eleteben-utfelujitas-kezdodott\\\/#primaryimage\"},\"image\":{\"@id\":\"https:\\\/\\\/miklostv.com\\\/new\\\/2024\\\/02\\\/27\\\/ujabb-fejezet-a-szent-istvan-utca-eleteben-utfelujitas-kezdodott\\\/#primaryimage\"},\"thumbnailUrl\":\"https:\\\/\\\/miklostv.com\\\/new\\\/wp-content\\\/uploads\\\/2024\\\/02\\\/429562437_904439768351896_6797514799328332834_n-1.jpg\",\"datePublished\":\"2024-02-27T17:56:41+00:00\",\"dateModified\":\"2024-02-27T18:00:33+00:00\",\"author\":{\"@id\":\"https:\\\/\\\/miklostv.com\\\/new\\\/#\\\/schema\\\/person\\\/ff79e2ad2a1522bb7078c68351a9d05a\"},\"breadcrumb\":{\"@id\":\"https:\\\/\\\/miklostv.com\\\/new\\\/2024\\\/02\\\/27\\\/ujabb-fejezet-a-szent-istvan-utca-eleteben-utfelujitas-kezdodott\\\/#breadcrumb\"},\"inLanguage\":\"hu\",\"potentialAction\":[{\"@type\":\"ReadAction\",\"target\":[\"https:\\\/\\\/miklostv.com\\\/new\\\/2024\\\/02\\\/27\\\/ujabb-fejezet-a-szent-istvan-utca-eleteben-utfelujitas-kezdodott\\\/\"]}]},{\"@type\":\"ImageObject\",\"inLanguage\":\"hu\",\"@id\":\"https:\\\/\\\/miklostv.com\\\/new\\\/2024\\\/02\\\/27\\\/ujabb-fejezet-a-szent-istvan-utca-eleteben-utfelujitas-kezdodott\\\/#primaryimage\",\"url\":\"https:\\\/\\\/miklostv.com\\\/new\\\/wp-content\\\/uploads\\\/2024\\\/02\\\/429562437_904439768351896_6797514799328332834_n-1.jpg\",\"contentUrl\":\"https:\\\/\\\/miklostv.com\\\/new\\\/wp-content\\\/uploads\\\/2024\\\/02\\\/429562437_904439768351896_6797514799328332834_n-1.jpg\",\"width\":2048,\"height\":2048},{\"@type\":\"BreadcrumbList\",\"@id\":\"https:\\\/\\\/miklostv.com\\\/new\\\/2024\\\/02\\\/27\\\/ujabb-fejezet-a-szent-istvan-utca-eleteben-utfelujitas-kezdodott\\\/#breadcrumb\",\"itemListElement\":[{\"@type\":\"ListItem\",\"position\":1,\"name\":\"Kezd\u0151lap\",\"item\":\"https:\\\/\\\/miklostv.com\\\/new\\\/\"},{\"@type\":\"ListItem\",\"position\":2,\"name\":\"\u00dajabb fejezet a Szent Istv\u00e1n utca \u00e9let\u00e9ben: \u00datfel\u00faj\u00edt\u00e1s kezd\u0151d\u00f6tt\"}]},{\"@type\":\"WebSite\",\"@id\":\"https:\\\/\\\/miklostv.com\\\/new\\\/#website\",\"url\":\"https:\\\/\\\/miklostv.com\\\/new\\\/\",\"name\":\"Mikl\u00f3s TV\",\"description\":\"Mikl\u00f3s TV\",\"potentialAction\":[{\"@type\":\"SearchAction\",\"target\":{\"@type\":\"EntryPoint\",\"urlTemplate\":\"https:\\\/\\\/miklostv.com\\\/new\\\/?s={search_term_string}\"},\"query-input\":{\"@type\":\"PropertyValueSpecification\",\"valueRequired\":true,\"valueName\":\"search_term_string\"}}],\"inLanguage\":\"hu\"},{\"@type\":\"Person\",\"@id\":\"https:\\\/\\\/miklostv.com\\\/new\\\/#\\\/schema\\\/person\\\/ff79e2ad2a1522bb7078c68351a9d05a\",\"name\":\"S\u00e1ndor\",\"url\":\"https:\\\/\\\/miklostv.com\\\/new\\\/author\\\/szerkeszto\\\/\"}]}<\/script>\n<!-- \/ Yoast SEO plugin. -->","yoast_head_json":{"title":"\u00dajabb fejezet a Szent Istv\u00e1n utca \u00e9let\u00e9ben: \u00datfel\u00faj\u00edt\u00e1s kezd\u0151d\u00f6tt - Mikl\u00f3s TV","robots":{"index":"index","follow":"follow","max-snippet":"max-snippet:-1","max-image-preview":"max-image-preview:large","max-video-preview":"max-video-preview:-1"},"canonical":"https:\/\/miklostv.com\/new\/2024\/02\/27\/ujabb-fejezet-a-szent-istvan-utca-eleteben-utfelujitas-kezdodott\/","og_locale":"hu_HU","og_type":"article","og_title":"\u00dajabb fejezet a Szent Istv\u00e1n utca \u00e9let\u00e9ben: \u00datfel\u00faj\u00edt\u00e1s kezd\u0151d\u00f6tt - Mikl\u00f3s TV","og_description":"Tavaly okt\u00f3berben a K\u00e9pvisel\u0151-test\u00fclet meghozta a d\u00f6nt\u00e9st arr\u00f3l, hogy az \u00f6nkorm\u00e1nyzat 4 lak\u00f3utc\u00e1ban teljes k\u00f6r\u0171 \u00fatfel\u00faj\u00edt\u00e1st v\u00e9gez, ide\u00e9rtve a Szent Istv\u00e1n utc\u00e1t is, melynek Sz\u00e9chenyi \u00e9s De\u00e1k Ferenc utc\u00e1k k\u00f6z\u00f6tti szakasza k\u00fcl\u00f6n\u00f6sen balesetvesz\u00e9lyess\u00e9 v\u00e1lt a 2005-\u00f6s szennyv\u00edzberuh\u00e1z\u00e1s k\u00f6vetkezt\u00e9ben. A kivitelez\u0151 c\u00e9g ma reggel megkezdte az el\u0151k\u00e9sz\u00fcleteket \u00e9s felvonult a ter\u00fcletre. Hamarosan a B\u00e1thory, Szent L\u00e1szl\u00f3 \u00e9s Gy\u0151rffy utc\u00e1kban is hasonl\u00f3 munk\u00e1latok indulnak majd. K\u00e9rj\u00fck a lak\u00f3kat \u00e9s az arra k\u00f6zleked\u0151ket, hogy legyenek t\u00fcrelemmel \u00e9s meg\u00e9rt\u00e9ssel a munka ideje alatt, mivel a fel\u00faj\u00edt\u00e1s folyamata ideiglenes kellemetlens\u00e9gekkel j\u00e1rhat. Ez azonban fontos l\u00e9p\u00e9s&hellip;","og_url":"https:\/\/miklostv.com\/new\/2024\/02\/27\/ujabb-fejezet-a-szent-istvan-utca-eleteben-utfelujitas-kezdodott\/","og_site_name":"Mikl\u00f3s TV","article_published_time":"2024-02-27T17:56:41+00:00","article_modified_time":"2024-02-27T18:00:33+00:00","og_image":[{"width":2048,"height":2048,"url":"https:\/\/miklostv.com\/new\/wp-content\/uploads\/2024\/02\/429562437_904439768351896_6797514799328332834_n-1.jpg","type":"image\/jpeg"}],"author":"S\u00e1ndor","twitter_card":"summary_large_image","twitter_misc":{"Szerz\u0151:":"S\u00e1ndor","Becs\u00fclt olvas\u00e1si id\u0151":"1 perc"},"schema":{"@context":"https:\/\/schema.org","@graph":[{"@type":"NewsArticle","@id":"https:\/\/miklostv.com\/new\/2024\/02\/27\/ujabb-fejezet-a-szent-istvan-utca-eleteben-utfelujitas-kezdodott\/#article","isPartOf":{"@id":"https:\/\/miklostv.com\/new\/2024\/02\/27\/ujabb-fejezet-a-szent-istvan-utca-eleteben-utfelujitas-kezdodott\/"},"author":{"name":"S\u00e1ndor","@id":"https:\/\/miklostv.com\/new\/#\/schema\/person\/ff79e2ad2a1522bb7078c68351a9d05a"},"headline":"\u00dajabb fejezet a Szent Istv\u00e1n utca \u00e9let\u00e9ben: \u00datfel\u00faj\u00edt\u00e1s kezd\u0151d\u00f6tt","datePublished":"2024-02-27T17:56:41+00:00","dateModified":"2024-02-27T18:00:33+00:00","mainEntityOfPage":{"@id":"https:\/\/miklostv.com\/new\/2024\/02\/27\/ujabb-fejezet-a-szent-istvan-utca-eleteben-utfelujitas-kezdodott\/"},"wordCount":176,"image":{"@id":"https:\/\/miklostv.com\/new\/2024\/02\/27\/ujabb-fejezet-a-szent-istvan-utca-eleteben-utfelujitas-kezdodott\/#primaryimage"},"thumbnailUrl":"https:\/\/miklostv.com\/new\/wp-content\/uploads\/2024\/02\/429562437_904439768351896_6797514799328332834_n-1.jpg","keywords":["\u00f6nkorm\u00e1nyzat","\u00fatfel\u00faj\u00edt\u00e1s"],"articleSection":["A l\u00e9nyeg r\u00f6viden"],"inLanguage":"hu"},{"@type":"WebPage","@id":"https:\/\/miklostv.com\/new\/2024\/02\/27\/ujabb-fejezet-a-szent-istvan-utca-eleteben-utfelujitas-kezdodott\/","url":"https:\/\/miklostv.com\/new\/2024\/02\/27\/ujabb-fejezet-a-szent-istvan-utca-eleteben-utfelujitas-kezdodott\/","name":"\u00dajabb fejezet a Szent Istv\u00e1n utca \u00e9let\u00e9ben: \u00datfel\u00faj\u00edt\u00e1s kezd\u0151d\u00f6tt - Mikl\u00f3s TV","isPartOf":{"@id":"https:\/\/miklostv.com\/new\/#website"},"primaryImageOfPage":{"@id":"https:\/\/miklostv.com\/new\/2024\/02\/27\/ujabb-fejezet-a-szent-istvan-utca-eleteben-utfelujitas-kezdodott\/#primaryimage"},"image":{"@id":"https:\/\/miklostv.com\/new\/2024\/02\/27\/ujabb-fejezet-a-szent-istvan-utca-eleteben-utfelujitas-kezdodott\/#primaryimage"},"thumbnailUrl":"https:\/\/miklostv.com\/new\/wp-content\/uploads\/2024\/02\/429562437_904439768351896_6797514799328332834_n-1.jpg","datePublished":"2024-02-27T17:56:41+00:00","dateModified":"2024-02-27T18:00:33+00:00","author":{"@id":"https:\/\/miklostv.com\/new\/#\/schema\/person\/ff79e2ad2a1522bb7078c68351a9d05a"},"breadcrumb":{"@id":"https:\/\/miklostv.com\/new\/2024\/02\/27\/ujabb-fejezet-a-szent-istvan-utca-eleteben-utfelujitas-kezdodott\/#breadcrumb"},"inLanguage":"hu","potentialAction":[{"@type":"ReadAction","target":["https:\/\/miklostv.com\/new\/2024\/02\/27\/ujabb-fejezet-a-szent-istvan-utca-eleteben-utfelujitas-kezdodott\/"]}]},{"@type":"ImageObject","inLanguage":"hu","@id":"https:\/\/miklostv.com\/new\/2024\/02\/27\/ujabb-fejezet-a-szent-istvan-utca-eleteben-utfelujitas-kezdodott\/#primaryimage","url":"https:\/\/miklostv.com\/new\/wp-content\/uploads\/2024\/02\/429562437_904439768351896_6797514799328332834_n-1.jpg","contentUrl":"https:\/\/miklostv.com\/new\/wp-content\/uploads\/2024\/02\/429562437_904439768351896_6797514799328332834_n-1.jpg","width":2048,"height":2048},{"@type":"BreadcrumbList","@id":"https:\/\/miklostv.com\/new\/2024\/02\/27\/ujabb-fejezet-a-szent-istvan-utca-eleteben-utfelujitas-kezdodott\/#breadcrumb","itemListElement":[{"@type":"ListItem","position":1,"name":"Kezd\u0151lap","item":"https:\/\/miklostv.com\/new\/"},{"@type":"ListItem","position":2,"name":"\u00dajabb fejezet a Szent Istv\u00e1n utca \u00e9let\u00e9ben: \u00datfel\u00faj\u00edt\u00e1s kezd\u0151d\u00f6tt"}]},{"@type":"WebSite","@id":"https:\/\/miklostv.com\/new\/#website","url":"https:\/\/miklostv.com\/new\/","name":"Mikl\u00f3s TV","description":"Mikl\u00f3s TV","potentialAction":[{"@type":"SearchAction","target":{"@type":"EntryPoint","urlTemplate":"https:\/\/miklostv.com\/new\/?s={search_term_string}"},"query-input":{"@type":"PropertyValueSpecification","valueRequired":true,"valueName":"search_term_string"}}],"inLanguage":"hu"},{"@type":"Person","@id":"https:\/\/miklostv.com\/new\/#\/schema\/person\/ff79e2ad2a1522bb7078c68351a9d05a","name":"S\u00e1ndor","url":"https:\/\/miklostv.com\/new\/author\/szerkeszto\/"}]}},"_links":{"self":[{"href":"https:\/\/miklostv.com\/new\/wp-json\/wp\/v2\/posts\/8791","targetHints":{"allow":["GET"]}}],"collection":[{"href":"https:\/\/miklostv.com\/new\/wp-json\/wp\/v2\/posts"}],"about":[{"href":"https:\/\/miklostv.com\/new\/wp-json\/wp\/v2\/types\/post"}],"author":[{"embeddable":true,"href":"https:\/\/miklostv.com\/new\/wp-json\/wp\/v2\/users\/4"}],"replies":[{"embeddable":true,"href":"https:\/\/miklostv.com\/new\/wp-json\/wp\/v2\/comments?post=8791"}],"version-history":[{"count":2,"href":"https:\/\/miklostv.com\/new\/wp-json\/wp\/v2\/posts\/8791\/revisions"}],"predecessor-version":[{"id":8795,"href":"https:\/\/miklostv.com\/new\/wp-json\/wp\/v2\/posts\/8791\/revisions\/8795"}],"wp:featuredmedia":[{"embeddable":true,"href":"https:\/\/miklostv.com\/new\/wp-json\/wp\/v2\/media\/8793"}],"wp:attachment":[{"href":"https:\/\/miklostv.com\/new\/wp-json\/wp\/v2\/media?parent=8791"}],"wp:term":[{"taxonomy":"category","embeddable":true,"href":"https:\/\/miklostv.com\/new\/wp-json\/wp\/v2\/categories?post=8791"},{"taxonomy":"post_tag","embeddable":true,"href":"https:\/\/miklostv.com\/new\/wp-json\/wp\/v2\/tags?post=8791"}],"curies":[{"name":"wp","href":"https:\/\/api.w.org\/{rel}","templated":true}]}}