{"id":8761,"date":"2024-02-21T15:53:47","date_gmt":"2024-02-21T15:53:47","guid":{"rendered":"https:\/\/miklostv.com\/new\/?p=8761"},"modified":"2024-02-21T16:56:26","modified_gmt":"2024-02-21T16:56:26","slug":"februar-vegen-kezdi-a-kivitelezo-a-kondiparkok-epiteset","status":"publish","type":"post","link":"https:\/\/miklostv.com\/new\/2024\/02\/21\/februar-vegen-kezdi-a-kivitelezo-a-kondiparkok-epiteset\/","title":{"rendered":"FEBRU\u00c1R V\u00c9G\u00c9N KEZDI A KIVITELEZ\u0150 A KONDIPARKOK \u00c9P\u00cdT\u00c9S\u00c9T"},"content":{"rendered":"\n<figure class=\"wp-block-image size-large\"><img fetchpriority=\"high\" decoding=\"async\" width=\"840\" height=\"559\" src=\"https:\/\/miklostv.com\/new\/wp-content\/uploads\/2024\/02\/424954994_900801822049024_368301326709357509_n-840x559.jpg\" alt=\"\" class=\"wp-image-8762\" srcset=\"https:\/\/miklostv.com\/new\/wp-content\/uploads\/2024\/02\/424954994_900801822049024_368301326709357509_n-840x559.jpg 840w, https:\/\/miklostv.com\/new\/wp-content\/uploads\/2024\/02\/424954994_900801822049024_368301326709357509_n-548x365.jpg 548w, https:\/\/miklostv.com\/new\/wp-content\/uploads\/2024\/02\/424954994_900801822049024_368301326709357509_n-768x511.jpg 768w, https:\/\/miklostv.com\/new\/wp-content\/uploads\/2024\/02\/424954994_900801822049024_368301326709357509_n-1536x1022.jpg 1536w, https:\/\/miklostv.com\/new\/wp-content\/uploads\/2024\/02\/424954994_900801822049024_368301326709357509_n.jpg 2048w\" sizes=\"(max-width: 840px) 100vw, 840px\" \/><\/figure>\n\n\n\n<p>Tavaly \u00e9v v\u00e9g\u00e9n sz\u00fcletett d\u00f6nt\u00e9s arr\u00f3l, hogy a v\u00e1rosban k\u00e9t helysz\u00ednen l\u00e9tes\u00fcl egy-egy szabadt\u00e9ri kondipark. Az egyik helysz\u00edn a Kossuth Lajos utca 9\/b meg\u00fcresedett telke, a m\u00e1sik az IKK-n\u00e1l, az extr\u00e9m ker\u00e9kp\u00e1rosp\u00e1lya mellett. Az el\u0151zetes egyeztet\u00e9sek szerint a kivitelez\u0151 a j\u00f6v\u0151 h\u00e9ten felvonul \u00e9s megkezdi a munk\u00e1t, \u00edgy a sportolni v\u00e1gy\u00f3k m\u00e1rcius v\u00e9g\u00e9t\u0151l birtokba is vehetik a kondiparkokat.<br><br>Forr\u00e1s: Mark\u00f3t Imre polg\u00e1rmester facebook oldala<\/p>\n","protected":false},"excerpt":{"rendered":"<p>Tavaly \u00e9v v\u00e9g\u00e9n sz\u00fcletett d\u00f6nt\u00e9s arr\u00f3l, hogy a v\u00e1rosban k\u00e9t helysz\u00ednen l\u00e9tes\u00fcl egy-egy szabadt\u00e9ri kondipark. Az egyik helysz\u00edn a Kossuth Lajos utca 9\/b meg\u00fcresedett telke, a m\u00e1sik az IKK-n\u00e1l, az extr\u00e9m ker\u00e9kp\u00e1rosp\u00e1lya mellett. Az el\u0151zetes egyeztet\u00e9sek szerint a kivitelez\u0151 a j\u00f6v\u0151 h\u00e9ten felvonul \u00e9s megkezdi a munk\u00e1t, \u00edgy a sportolni v\u00e1gy\u00f3k m\u00e1rcius v\u00e9g\u00e9t\u0151l birtokba is vehetik a kondiparkokat. Forr\u00e1s: Mark\u00f3t Imre polg\u00e1rmester facebook oldala<\/p>\n","protected":false},"author":4,"featured_media":8762,"comment_status":"closed","ping_status":"closed","sticky":false,"template":"","format":"standard","meta":{"fifu_image_url":"","fifu_image_alt":"","footnotes":""},"categories":[32],"tags":[1205,895],"class_list":["post-8761","post","type-post","status-publish","format-standard","has-post-thumbnail","hentry","category-hirek2","tag-kondipark","tag-markot"],"gutentor_comment":0,"yoast_head":"<!-- This site is optimized with the Yoast SEO plugin v27.5 - https:\/\/yoast.com\/product\/yoast-seo-wordpress\/ -->\n<title>FEBRU\u00c1R V\u00c9G\u00c9N KEZDI A KIVITELEZ\u0150 A KONDIPARKOK \u00c9P\u00cdT\u00c9S\u00c9T - Mikl\u00f3s TV<\/title>\n<meta name=\"robots\" content=\"index, follow, max-snippet:-1, max-image-preview:large, max-video-preview:-1\" \/>\n<link rel=\"canonical\" href=\"https:\/\/miklostv.com\/new\/2024\/02\/21\/februar-vegen-kezdi-a-kivitelezo-a-kondiparkok-epiteset\/\" \/>\n<meta property=\"og:locale\" content=\"hu_HU\" \/>\n<meta property=\"og:type\" content=\"article\" \/>\n<meta property=\"og:title\" content=\"FEBRU\u00c1R V\u00c9G\u00c9N KEZDI A KIVITELEZ\u0150 A KONDIPARKOK \u00c9P\u00cdT\u00c9S\u00c9T - Mikl\u00f3s TV\" \/>\n<meta property=\"og:description\" content=\"Tavaly \u00e9v v\u00e9g\u00e9n sz\u00fcletett d\u00f6nt\u00e9s arr\u00f3l, hogy a v\u00e1rosban k\u00e9t helysz\u00ednen l\u00e9tes\u00fcl egy-egy szabadt\u00e9ri kondipark. Az egyik helysz\u00edn a Kossuth Lajos utca 9\/b meg\u00fcresedett telke, a m\u00e1sik az IKK-n\u00e1l, az extr\u00e9m ker\u00e9kp\u00e1rosp\u00e1lya mellett. Az el\u0151zetes egyeztet\u00e9sek szerint a kivitelez\u0151 a j\u00f6v\u0151 h\u00e9ten felvonul \u00e9s megkezdi a munk\u00e1t, \u00edgy a sportolni v\u00e1gy\u00f3k m\u00e1rcius v\u00e9g\u00e9t\u0151l birtokba is vehetik a kondiparkokat. Forr\u00e1s: Mark\u00f3t Imre polg\u00e1rmester facebook oldala\" \/>\n<meta property=\"og:url\" content=\"https:\/\/miklostv.com\/new\/2024\/02\/21\/februar-vegen-kezdi-a-kivitelezo-a-kondiparkok-epiteset\/\" \/>\n<meta property=\"og:site_name\" content=\"Mikl\u00f3s TV\" \/>\n<meta property=\"article:published_time\" content=\"2024-02-21T15:53:47+00:00\" \/>\n<meta property=\"article:modified_time\" content=\"2024-02-21T16:56:26+00:00\" \/>\n<meta property=\"og:image\" content=\"https:\/\/miklostv.com\/new\/wp-content\/uploads\/2024\/02\/424954994_900801822049024_368301326709357509_n.jpg\" \/>\n\t<meta property=\"og:image:width\" content=\"2048\" \/>\n\t<meta property=\"og:image:height\" content=\"1363\" \/>\n\t<meta property=\"og:image:type\" content=\"image\/jpeg\" \/>\n<meta name=\"author\" content=\"S\u00e1ndor\" \/>\n<meta name=\"twitter:card\" content=\"summary_large_image\" \/>\n<meta name=\"twitter:label1\" content=\"Szerz\u0151:\" \/>\n\t<meta name=\"twitter:data1\" content=\"S\u00e1ndor\" \/>\n\t<meta name=\"twitter:label2\" content=\"Becs\u00fclt olvas\u00e1si id\u0151\" \/>\n\t<meta name=\"twitter:data2\" content=\"1 perc\" \/>\n<script type=\"application\/ld+json\" class=\"yoast-schema-graph\">{\"@context\":\"https:\\\/\\\/schema.org\",\"@graph\":[{\"@type\":\"NewsArticle\",\"@id\":\"https:\\\/\\\/miklostv.com\\\/new\\\/2024\\\/02\\\/21\\\/februar-vegen-kezdi-a-kivitelezo-a-kondiparkok-epiteset\\\/#article\",\"isPartOf\":{\"@id\":\"https:\\\/\\\/miklostv.com\\\/new\\\/2024\\\/02\\\/21\\\/februar-vegen-kezdi-a-kivitelezo-a-kondiparkok-epiteset\\\/\"},\"author\":{\"name\":\"S\u00e1ndor\",\"@id\":\"https:\\\/\\\/miklostv.com\\\/new\\\/#\\\/schema\\\/person\\\/ff79e2ad2a1522bb7078c68351a9d05a\"},\"headline\":\"FEBRU\u00c1R V\u00c9G\u00c9N KEZDI A KIVITELEZ\u0150 A KONDIPARKOK \u00c9P\u00cdT\u00c9S\u00c9T\",\"datePublished\":\"2024-02-21T15:53:47+00:00\",\"dateModified\":\"2024-02-21T16:56:26+00:00\",\"mainEntityOfPage\":{\"@id\":\"https:\\\/\\\/miklostv.com\\\/new\\\/2024\\\/02\\\/21\\\/februar-vegen-kezdi-a-kivitelezo-a-kondiparkok-epiteset\\\/\"},\"wordCount\":112,\"image\":{\"@id\":\"https:\\\/\\\/miklostv.com\\\/new\\\/2024\\\/02\\\/21\\\/februar-vegen-kezdi-a-kivitelezo-a-kondiparkok-epiteset\\\/#primaryimage\"},\"thumbnailUrl\":\"https:\\\/\\\/miklostv.com\\\/new\\\/wp-content\\\/uploads\\\/2024\\\/02\\\/424954994_900801822049024_368301326709357509_n.jpg\",\"keywords\":[\"kondipark\",\"Mark\u00f3t Imre\"],\"articleSection\":[\"A l\u00e9nyeg r\u00f6viden\"],\"inLanguage\":\"hu\"},{\"@type\":\"WebPage\",\"@id\":\"https:\\\/\\\/miklostv.com\\\/new\\\/2024\\\/02\\\/21\\\/februar-vegen-kezdi-a-kivitelezo-a-kondiparkok-epiteset\\\/\",\"url\":\"https:\\\/\\\/miklostv.com\\\/new\\\/2024\\\/02\\\/21\\\/februar-vegen-kezdi-a-kivitelezo-a-kondiparkok-epiteset\\\/\",\"name\":\"FEBRU\u00c1R V\u00c9G\u00c9N KEZDI A KIVITELEZ\u0150 A KONDIPARKOK \u00c9P\u00cdT\u00c9S\u00c9T - Mikl\u00f3s TV\",\"isPartOf\":{\"@id\":\"https:\\\/\\\/miklostv.com\\\/new\\\/#website\"},\"primaryImageOfPage\":{\"@id\":\"https:\\\/\\\/miklostv.com\\\/new\\\/2024\\\/02\\\/21\\\/februar-vegen-kezdi-a-kivitelezo-a-kondiparkok-epiteset\\\/#primaryimage\"},\"image\":{\"@id\":\"https:\\\/\\\/miklostv.com\\\/new\\\/2024\\\/02\\\/21\\\/februar-vegen-kezdi-a-kivitelezo-a-kondiparkok-epiteset\\\/#primaryimage\"},\"thumbnailUrl\":\"https:\\\/\\\/miklostv.com\\\/new\\\/wp-content\\\/uploads\\\/2024\\\/02\\\/424954994_900801822049024_368301326709357509_n.jpg\",\"datePublished\":\"2024-02-21T15:53:47+00:00\",\"dateModified\":\"2024-02-21T16:56:26+00:00\",\"author\":{\"@id\":\"https:\\\/\\\/miklostv.com\\\/new\\\/#\\\/schema\\\/person\\\/ff79e2ad2a1522bb7078c68351a9d05a\"},\"breadcrumb\":{\"@id\":\"https:\\\/\\\/miklostv.com\\\/new\\\/2024\\\/02\\\/21\\\/februar-vegen-kezdi-a-kivitelezo-a-kondiparkok-epiteset\\\/#breadcrumb\"},\"inLanguage\":\"hu\",\"potentialAction\":[{\"@type\":\"ReadAction\",\"target\":[\"https:\\\/\\\/miklostv.com\\\/new\\\/2024\\\/02\\\/21\\\/februar-vegen-kezdi-a-kivitelezo-a-kondiparkok-epiteset\\\/\"]}]},{\"@type\":\"ImageObject\",\"inLanguage\":\"hu\",\"@id\":\"https:\\\/\\\/miklostv.com\\\/new\\\/2024\\\/02\\\/21\\\/februar-vegen-kezdi-a-kivitelezo-a-kondiparkok-epiteset\\\/#primaryimage\",\"url\":\"https:\\\/\\\/miklostv.com\\\/new\\\/wp-content\\\/uploads\\\/2024\\\/02\\\/424954994_900801822049024_368301326709357509_n.jpg\",\"contentUrl\":\"https:\\\/\\\/miklostv.com\\\/new\\\/wp-content\\\/uploads\\\/2024\\\/02\\\/424954994_900801822049024_368301326709357509_n.jpg\",\"width\":2048,\"height\":1363},{\"@type\":\"BreadcrumbList\",\"@id\":\"https:\\\/\\\/miklostv.com\\\/new\\\/2024\\\/02\\\/21\\\/februar-vegen-kezdi-a-kivitelezo-a-kondiparkok-epiteset\\\/#breadcrumb\",\"itemListElement\":[{\"@type\":\"ListItem\",\"position\":1,\"name\":\"Kezd\u0151lap\",\"item\":\"https:\\\/\\\/miklostv.com\\\/new\\\/\"},{\"@type\":\"ListItem\",\"position\":2,\"name\":\"FEBRU\u00c1R V\u00c9G\u00c9N KEZDI A KIVITELEZ\u0150 A KONDIPARKOK \u00c9P\u00cdT\u00c9S\u00c9T\"}]},{\"@type\":\"WebSite\",\"@id\":\"https:\\\/\\\/miklostv.com\\\/new\\\/#website\",\"url\":\"https:\\\/\\\/miklostv.com\\\/new\\\/\",\"name\":\"Mikl\u00f3s TV\",\"description\":\"Mikl\u00f3s TV\",\"potentialAction\":[{\"@type\":\"SearchAction\",\"target\":{\"@type\":\"EntryPoint\",\"urlTemplate\":\"https:\\\/\\\/miklostv.com\\\/new\\\/?s={search_term_string}\"},\"query-input\":{\"@type\":\"PropertyValueSpecification\",\"valueRequired\":true,\"valueName\":\"search_term_string\"}}],\"inLanguage\":\"hu\"},{\"@type\":\"Person\",\"@id\":\"https:\\\/\\\/miklostv.com\\\/new\\\/#\\\/schema\\\/person\\\/ff79e2ad2a1522bb7078c68351a9d05a\",\"name\":\"S\u00e1ndor\",\"url\":\"https:\\\/\\\/miklostv.com\\\/new\\\/author\\\/szerkeszto\\\/\"}]}<\/script>\n<!-- \/ Yoast SEO plugin. -->","yoast_head_json":{"title":"FEBRU\u00c1R V\u00c9G\u00c9N KEZDI A KIVITELEZ\u0150 A KONDIPARKOK \u00c9P\u00cdT\u00c9S\u00c9T - Mikl\u00f3s TV","robots":{"index":"index","follow":"follow","max-snippet":"max-snippet:-1","max-image-preview":"max-image-preview:large","max-video-preview":"max-video-preview:-1"},"canonical":"https:\/\/miklostv.com\/new\/2024\/02\/21\/februar-vegen-kezdi-a-kivitelezo-a-kondiparkok-epiteset\/","og_locale":"hu_HU","og_type":"article","og_title":"FEBRU\u00c1R V\u00c9G\u00c9N KEZDI A KIVITELEZ\u0150 A KONDIPARKOK \u00c9P\u00cdT\u00c9S\u00c9T - Mikl\u00f3s TV","og_description":"Tavaly \u00e9v v\u00e9g\u00e9n sz\u00fcletett d\u00f6nt\u00e9s arr\u00f3l, hogy a v\u00e1rosban k\u00e9t helysz\u00ednen l\u00e9tes\u00fcl egy-egy szabadt\u00e9ri kondipark. Az egyik helysz\u00edn a Kossuth Lajos utca 9\/b meg\u00fcresedett telke, a m\u00e1sik az IKK-n\u00e1l, az extr\u00e9m ker\u00e9kp\u00e1rosp\u00e1lya mellett. Az el\u0151zetes egyeztet\u00e9sek szerint a kivitelez\u0151 a j\u00f6v\u0151 h\u00e9ten felvonul \u00e9s megkezdi a munk\u00e1t, \u00edgy a sportolni v\u00e1gy\u00f3k m\u00e1rcius v\u00e9g\u00e9t\u0151l birtokba is vehetik a kondiparkokat. Forr\u00e1s: Mark\u00f3t Imre polg\u00e1rmester facebook oldala","og_url":"https:\/\/miklostv.com\/new\/2024\/02\/21\/februar-vegen-kezdi-a-kivitelezo-a-kondiparkok-epiteset\/","og_site_name":"Mikl\u00f3s TV","article_published_time":"2024-02-21T15:53:47+00:00","article_modified_time":"2024-02-21T16:56:26+00:00","og_image":[{"width":2048,"height":1363,"url":"https:\/\/miklostv.com\/new\/wp-content\/uploads\/2024\/02\/424954994_900801822049024_368301326709357509_n.jpg","type":"image\/jpeg"}],"author":"S\u00e1ndor","twitter_card":"summary_large_image","twitter_misc":{"Szerz\u0151:":"S\u00e1ndor","Becs\u00fclt olvas\u00e1si id\u0151":"1 perc"},"schema":{"@context":"https:\/\/schema.org","@graph":[{"@type":"NewsArticle","@id":"https:\/\/miklostv.com\/new\/2024\/02\/21\/februar-vegen-kezdi-a-kivitelezo-a-kondiparkok-epiteset\/#article","isPartOf":{"@id":"https:\/\/miklostv.com\/new\/2024\/02\/21\/februar-vegen-kezdi-a-kivitelezo-a-kondiparkok-epiteset\/"},"author":{"name":"S\u00e1ndor","@id":"https:\/\/miklostv.com\/new\/#\/schema\/person\/ff79e2ad2a1522bb7078c68351a9d05a"},"headline":"FEBRU\u00c1R V\u00c9G\u00c9N KEZDI A KIVITELEZ\u0150 A KONDIPARKOK \u00c9P\u00cdT\u00c9S\u00c9T","datePublished":"2024-02-21T15:53:47+00:00","dateModified":"2024-02-21T16:56:26+00:00","mainEntityOfPage":{"@id":"https:\/\/miklostv.com\/new\/2024\/02\/21\/februar-vegen-kezdi-a-kivitelezo-a-kondiparkok-epiteset\/"},"wordCount":112,"image":{"@id":"https:\/\/miklostv.com\/new\/2024\/02\/21\/februar-vegen-kezdi-a-kivitelezo-a-kondiparkok-epiteset\/#primaryimage"},"thumbnailUrl":"https:\/\/miklostv.com\/new\/wp-content\/uploads\/2024\/02\/424954994_900801822049024_368301326709357509_n.jpg","keywords":["kondipark","Mark\u00f3t Imre"],"articleSection":["A l\u00e9nyeg r\u00f6viden"],"inLanguage":"hu"},{"@type":"WebPage","@id":"https:\/\/miklostv.com\/new\/2024\/02\/21\/februar-vegen-kezdi-a-kivitelezo-a-kondiparkok-epiteset\/","url":"https:\/\/miklostv.com\/new\/2024\/02\/21\/februar-vegen-kezdi-a-kivitelezo-a-kondiparkok-epiteset\/","name":"FEBRU\u00c1R V\u00c9G\u00c9N KEZDI A KIVITELEZ\u0150 A KONDIPARKOK \u00c9P\u00cdT\u00c9S\u00c9T - Mikl\u00f3s TV","isPartOf":{"@id":"https:\/\/miklostv.com\/new\/#website"},"primaryImageOfPage":{"@id":"https:\/\/miklostv.com\/new\/2024\/02\/21\/februar-vegen-kezdi-a-kivitelezo-a-kondiparkok-epiteset\/#primaryimage"},"image":{"@id":"https:\/\/miklostv.com\/new\/2024\/02\/21\/februar-vegen-kezdi-a-kivitelezo-a-kondiparkok-epiteset\/#primaryimage"},"thumbnailUrl":"https:\/\/miklostv.com\/new\/wp-content\/uploads\/2024\/02\/424954994_900801822049024_368301326709357509_n.jpg","datePublished":"2024-02-21T15:53:47+00:00","dateModified":"2024-02-21T16:56:26+00:00","author":{"@id":"https:\/\/miklostv.com\/new\/#\/schema\/person\/ff79e2ad2a1522bb7078c68351a9d05a"},"breadcrumb":{"@id":"https:\/\/miklostv.com\/new\/2024\/02\/21\/februar-vegen-kezdi-a-kivitelezo-a-kondiparkok-epiteset\/#breadcrumb"},"inLanguage":"hu","potentialAction":[{"@type":"ReadAction","target":["https:\/\/miklostv.com\/new\/2024\/02\/21\/februar-vegen-kezdi-a-kivitelezo-a-kondiparkok-epiteset\/"]}]},{"@type":"ImageObject","inLanguage":"hu","@id":"https:\/\/miklostv.com\/new\/2024\/02\/21\/februar-vegen-kezdi-a-kivitelezo-a-kondiparkok-epiteset\/#primaryimage","url":"https:\/\/miklostv.com\/new\/wp-content\/uploads\/2024\/02\/424954994_900801822049024_368301326709357509_n.jpg","contentUrl":"https:\/\/miklostv.com\/new\/wp-content\/uploads\/2024\/02\/424954994_900801822049024_368301326709357509_n.jpg","width":2048,"height":1363},{"@type":"BreadcrumbList","@id":"https:\/\/miklostv.com\/new\/2024\/02\/21\/februar-vegen-kezdi-a-kivitelezo-a-kondiparkok-epiteset\/#breadcrumb","itemListElement":[{"@type":"ListItem","position":1,"name":"Kezd\u0151lap","item":"https:\/\/miklostv.com\/new\/"},{"@type":"ListItem","position":2,"name":"FEBRU\u00c1R V\u00c9G\u00c9N KEZDI A KIVITELEZ\u0150 A KONDIPARKOK \u00c9P\u00cdT\u00c9S\u00c9T"}]},{"@type":"WebSite","@id":"https:\/\/miklostv.com\/new\/#website","url":"https:\/\/miklostv.com\/new\/","name":"Mikl\u00f3s TV","description":"Mikl\u00f3s TV","potentialAction":[{"@type":"SearchAction","target":{"@type":"EntryPoint","urlTemplate":"https:\/\/miklostv.com\/new\/?s={search_term_string}"},"query-input":{"@type":"PropertyValueSpecification","valueRequired":true,"valueName":"search_term_string"}}],"inLanguage":"hu"},{"@type":"Person","@id":"https:\/\/miklostv.com\/new\/#\/schema\/person\/ff79e2ad2a1522bb7078c68351a9d05a","name":"S\u00e1ndor","url":"https:\/\/miklostv.com\/new\/author\/szerkeszto\/"}]}},"_links":{"self":[{"href":"https:\/\/miklostv.com\/new\/wp-json\/wp\/v2\/posts\/8761","targetHints":{"allow":["GET"]}}],"collection":[{"href":"https:\/\/miklostv.com\/new\/wp-json\/wp\/v2\/posts"}],"about":[{"href":"https:\/\/miklostv.com\/new\/wp-json\/wp\/v2\/types\/post"}],"author":[{"embeddable":true,"href":"https:\/\/miklostv.com\/new\/wp-json\/wp\/v2\/users\/4"}],"replies":[{"embeddable":true,"href":"https:\/\/miklostv.com\/new\/wp-json\/wp\/v2\/comments?post=8761"}],"version-history":[{"count":2,"href":"https:\/\/miklostv.com\/new\/wp-json\/wp\/v2\/posts\/8761\/revisions"}],"predecessor-version":[{"id":8783,"href":"https:\/\/miklostv.com\/new\/wp-json\/wp\/v2\/posts\/8761\/revisions\/8783"}],"wp:featuredmedia":[{"embeddable":true,"href":"https:\/\/miklostv.com\/new\/wp-json\/wp\/v2\/media\/8762"}],"wp:attachment":[{"href":"https:\/\/miklostv.com\/new\/wp-json\/wp\/v2\/media?parent=8761"}],"wp:term":[{"taxonomy":"category","embeddable":true,"href":"https:\/\/miklostv.com\/new\/wp-json\/wp\/v2\/categories?post=8761"},{"taxonomy":"post_tag","embeddable":true,"href":"https:\/\/miklostv.com\/new\/wp-json\/wp\/v2\/tags?post=8761"}],"curies":[{"name":"wp","href":"https:\/\/api.w.org\/{rel}","templated":true}]}}