{"id":8755,"date":"2024-02-20T10:11:19","date_gmt":"2024-02-20T10:11:19","guid":{"rendered":"https:\/\/miklostv.com\/new\/?p=8755"},"modified":"2024-02-20T10:17:14","modified_gmt":"2024-02-20T10:17:14","slug":"torokszentmiklosi-fc-gyozelemmel-kezdtek-a-tavaszt","status":"publish","type":"post","link":"https:\/\/miklostv.com\/new\/2024\/02\/20\/torokszentmiklosi-fc-gyozelemmel-kezdtek-a-tavaszt\/","title":{"rendered":"T\u00f6r\u00f6kszentmikl\u00f3si FC &#8211; Gy\u0151zelemmel kezdt\u00e9k a tavaszt"},"content":{"rendered":"\n<p style=\"font-size:17px\"><strong>Febru\u00e1r k\u00f6zep\u00e9n elkezd\u0151d\u00f6tt a V\u00e1rmegyei I. oszt\u00e1ly\u00fa labdar\u00fag\u00f3 bajnoks\u00e1g tavaszi szezonja. A T\u00f6r\u00f6kszentmikl\u00f3si FC hazai p\u00e1ly\u00e1n kezdett, a Lurk\u00f3 Focim\u00e1ni FK \u00e9rkezett a Pusk\u00e1s Ferenc \u00fatra. \u0150sszel idegenben 5-2-re gy\u0151z\u00f6tt Gergely M\u00e1ty\u00e1s csapata.<\/strong><\/p>\n\n\n\n<figure class=\"wp-block-image size-large\"><img fetchpriority=\"high\" decoding=\"async\" width=\"840\" height=\"560\" src=\"https:\/\/miklostv.com\/new\/wp-content\/uploads\/2024\/02\/tfc-lurko-cikk-840x560.jpg\" alt=\"\" class=\"wp-image-8756\" srcset=\"https:\/\/miklostv.com\/new\/wp-content\/uploads\/2024\/02\/tfc-lurko-cikk-840x560.jpg 840w, https:\/\/miklostv.com\/new\/wp-content\/uploads\/2024\/02\/tfc-lurko-cikk-548x365.jpg 548w, https:\/\/miklostv.com\/new\/wp-content\/uploads\/2024\/02\/tfc-lurko-cikk-768x512.jpg 768w, https:\/\/miklostv.com\/new\/wp-content\/uploads\/2024\/02\/tfc-lurko-cikk-1536x1024.jpg 1536w, https:\/\/miklostv.com\/new\/wp-content\/uploads\/2024\/02\/tfc-lurko-cikk.jpg 2048w\" sizes=\"(max-width: 840px) 100vw, 840px\" \/><figcaption class=\"wp-element-caption\">                                <\/figcaption><\/figure>\n\n\n\n<!--more-->\n\n\n\n<p>A meccsen picit \u00f3vatosan kezdtek a hazaiak, de az els\u0151 tapogat\u00f3z\u00f3 percek ut\u00e1n j\u00f6ttek a helyzetek. A 8. percben Kiss Zal\u00e1nnak akadt dolga, egy \u00edvelt l\u00f6v\u00e9st hat\u00e1stalan\u00edtott. Percekkel k\u00e9s\u0151bb H\u00e9der R\u00f3bert sz\u00f6glete ut\u00e1n testv\u00e9re Attila fejelt a vend\u00e9gek kapuj\u00e1ba, de a j\u00e1t\u00e9kvezet\u0151 szab\u00e1lytalans\u00e1got l\u00e1tott, szabadr\u00fag\u00e1st \u00edt\u00e9lt kifel\u00e9. A 12. percben Lad\u00e1nyi adott be, Lucza fejes\u00e9t el\u00fct\u00f6tte a vend\u00e9gek kapusa, <strong>Puporka Mil\u00e1n<\/strong> azonban a kapuba bels\u0151z\u00f6tt. 1-0. A 22. percben 23 m\u00e9terr\u0151l laposan l\u0151tt Poczai, a h\u00e1l\u00f3\u0151r oldalra \u00fct\u00f6tte a labd\u00e1t. A sz\u00f6gletr\u00fag\u00e1st ism\u00e9t H\u00e9der R\u00f3bert v\u00e9gezte el, <strong>\u00c1goston Krist\u00f3f<\/strong> szinte zavartalanul fejelt a kapuba, 2-0. H\u00e9der R\u00f3bert v\u00e1llalt l\u00f6v\u00e9st, f\u00e9lmagasan k\u00f6z\u00e9pre ment, nem okozott gondot a Lurk\u00f3 h\u00e1l\u00f3\u0151r\u00e9nek. A 26. percben sz\u00e9p\u00edtettek a vend\u00e9gek. Nagy Andr\u00e1s a kil\u00e9p\u0151 Kiss Zal\u00e1n felett emelt a h\u00e1l\u00f3ba, 2-1. Ennyi volt a f\u00e9lidei eredm\u00e9ny is. A m\u00e1sodik j\u00e1t\u00e9kr\u00e9szre harcosabb csapat j\u00f6tt ki az \u00f6lt\u00f6z\u0151b\u0151l, aminek hamar meglett az eredm\u00e9nye. Az 51. percben H\u00e9der R\u00f3bert sz\u00f6glete ut\u00e1n Lad\u00e1nyi fejes\u00e9t m\u00e9g ki\u00fct\u00f6tta a vend\u00e9gkapus, <strong>H\u00e9der Attila<\/strong> azonban j\u00f3 helyen volt, megszerezte a csapat 3. g\u00f3lj\u00e1t, 3-1. Az 54. percben \u00fajabb sz\u00f6glet, ism\u00e9t H\u00e9der R\u00f3bert, Lad\u00e1nyi megcs\u00fasztatta \u00e9s ez\u00fattal <strong>Gusztafik P\u00e9ter<\/strong> fejelt a h\u00e1l\u00f3ba, 4-1. A 62. percben Lad\u00e1nyi az alapvonalon indult a kapu fel\u00e9, \u00e9les sz\u00f6gb\u0151l l\u0151tt kapura, de a labda a kapus l\u00e1b\u00e1r\u00f3l visszapattant a mez\u0151nybe, <strong>Nagy G\u00e1bor<\/strong> lapos l\u00f6v\u00e9se ut\u00e1n a labda utat tal\u00e1lt a h\u00e1l\u00f3ba, 5-1. A 64. percben Kiss Zal\u00e1nt Cs\u00e1sz\u00e1r Oliv\u00e9r v\u00e1ltotta a kapuban. A frissen igazolt h\u00e1l\u00f3\u0151r a 73. percben megh\u00e1l\u00e1lta a bizalmat, l\u00e1bbal mentett. Ahogy k\u00f6zeledt\u00fcnk a meccs v\u00e9g\u00e9hez egyre ink\u00e1bb visszaesett a j\u00e1t\u00e9k, fogyott a lend\u00fclet, alighanem mindk\u00e9t csapat v\u00e1rta a h\u00e1rmas s\u00edpsz\u00f3t. Id\u00e9nyeleji j\u00e1t\u00e9kkal magabiztos gy\u0151zelmet aratott Gergely M\u00e1ty\u00e1s csapata.<\/p>\n\n\n\n<figure class=\"wp-block-embed is-type-video is-provider-youtube wp-block-embed-youtube wp-embed-aspect-16-9 wp-has-aspect-ratio\"><div class=\"wp-block-embed__wrapper\">\n<iframe  id=\"_ytid_43660\"  width=\"800\" height=\"450\"  data-origwidth=\"800\" data-origheight=\"450\" src=\"https:\/\/www.youtube.com\/embed\/BkCdgn8VZt0?enablejsapi=1&#038;autoplay=0&#038;cc_load_policy=0&#038;cc_lang_pref=hu&#038;iv_load_policy=1&#038;loop=0&#038;rel=1&#038;fs=1&#038;playsinline=1&#038;autohide=2&#038;theme=dark&#038;color=red&#038;controls=1&#038;disablekb=0&#038;\" class=\"__youtube_prefs__  epyt-is-override  no-lazyload\" title=\"YouTube player\"  allow=\"fullscreen; accelerometer; autoplay; clipboard-write; encrypted-media; gyroscope; picture-in-picture; web-share\" referrerpolicy=\"strict-origin-when-cross-origin\" allowfullscreen data-no-lazy=\"1\" data-skipgform_ajax_framebjll=\"\"><\/iframe>\n<\/div><\/figure>\n","protected":false},"excerpt":{"rendered":"<p>Febru\u00e1r k\u00f6zep\u00e9n elkezd\u0151d\u00f6tt a V\u00e1rmegyei I. oszt\u00e1ly\u00fa labdar\u00fag\u00f3 bajnoks\u00e1g tavaszi szezonja. A T\u00f6r\u00f6kszentmikl\u00f3si FC hazai p\u00e1ly\u00e1n kezdett, a Lurk\u00f3 Focim\u00e1ni FK \u00e9rkezett a Pusk\u00e1s Ferenc \u00fatra. \u0150sszel idegenben 5-2-re gy\u0151z\u00f6tt Gergely M\u00e1ty\u00e1s csapata.<\/p>\n","protected":false},"author":3,"featured_media":8756,"comment_status":"closed","ping_status":"closed","sticky":false,"template":"","format":"standard","meta":{"fifu_image_url":"","fifu_image_alt":"","footnotes":""},"categories":[33],"tags":[1181],"class_list":["post-8755","post","type-post","status-publish","format-standard","has-post-thumbnail","hentry","category-sport-hirek","tag-torokszentmiklosi-fc"],"gutentor_comment":0,"yoast_head":"<!-- This site is optimized with the Yoast SEO plugin v27.5 - https:\/\/yoast.com\/product\/yoast-seo-wordpress\/ -->\n<title>T\u00f6r\u00f6kszentmikl\u00f3si FC - Gy\u0151zelemmel kezdt\u00e9k a tavaszt - Mikl\u00f3s TV<\/title>\n<meta name=\"robots\" content=\"index, follow, max-snippet:-1, max-image-preview:large, max-video-preview:-1\" \/>\n<link rel=\"canonical\" href=\"https:\/\/miklostv.com\/new\/2024\/02\/20\/torokszentmiklosi-fc-gyozelemmel-kezdtek-a-tavaszt\/\" \/>\n<meta property=\"og:locale\" content=\"hu_HU\" \/>\n<meta property=\"og:type\" content=\"article\" \/>\n<meta property=\"og:title\" content=\"T\u00f6r\u00f6kszentmikl\u00f3si FC - Gy\u0151zelemmel kezdt\u00e9k a tavaszt - Mikl\u00f3s TV\" \/>\n<meta property=\"og:description\" content=\"Febru\u00e1r k\u00f6zep\u00e9n elkezd\u0151d\u00f6tt a V\u00e1rmegyei I. oszt\u00e1ly\u00fa labdar\u00fag\u00f3 bajnoks\u00e1g tavaszi szezonja. A T\u00f6r\u00f6kszentmikl\u00f3si FC hazai p\u00e1ly\u00e1n kezdett, a Lurk\u00f3 Focim\u00e1ni FK \u00e9rkezett a Pusk\u00e1s Ferenc \u00fatra. \u0150sszel idegenben 5-2-re gy\u0151z\u00f6tt Gergely M\u00e1ty\u00e1s csapata.\" \/>\n<meta property=\"og:url\" content=\"https:\/\/miklostv.com\/new\/2024\/02\/20\/torokszentmiklosi-fc-gyozelemmel-kezdtek-a-tavaszt\/\" \/>\n<meta property=\"og:site_name\" content=\"Mikl\u00f3s TV\" \/>\n<meta property=\"article:published_time\" content=\"2024-02-20T10:11:19+00:00\" \/>\n<meta property=\"article:modified_time\" content=\"2024-02-20T10:17:14+00:00\" \/>\n<meta property=\"og:image\" content=\"https:\/\/miklostv.com\/new\/wp-content\/uploads\/2024\/02\/tfc-lurko-cikk.jpg\" \/>\n\t<meta property=\"og:image:width\" content=\"2048\" \/>\n\t<meta property=\"og:image:height\" content=\"1365\" \/>\n\t<meta property=\"og:image:type\" content=\"image\/jpeg\" \/>\n<meta name=\"author\" content=\"Csaba\" \/>\n<meta name=\"twitter:card\" content=\"summary_large_image\" \/>\n<meta name=\"twitter:label1\" content=\"Szerz\u0151:\" \/>\n\t<meta name=\"twitter:data1\" content=\"Csaba\" \/>\n\t<meta name=\"twitter:label2\" content=\"Becs\u00fclt olvas\u00e1si id\u0151\" \/>\n\t<meta name=\"twitter:data2\" content=\"3 perc\" \/>\n<script type=\"application\/ld+json\" class=\"yoast-schema-graph\">{\"@context\":\"https:\\\/\\\/schema.org\",\"@graph\":[{\"@type\":\"NewsArticle\",\"@id\":\"https:\\\/\\\/miklostv.com\\\/new\\\/2024\\\/02\\\/20\\\/torokszentmiklosi-fc-gyozelemmel-kezdtek-a-tavaszt\\\/#article\",\"isPartOf\":{\"@id\":\"https:\\\/\\\/miklostv.com\\\/new\\\/2024\\\/02\\\/20\\\/torokszentmiklosi-fc-gyozelemmel-kezdtek-a-tavaszt\\\/\"},\"author\":{\"name\":\"Csaba\",\"@id\":\"https:\\\/\\\/miklostv.com\\\/new\\\/#\\\/schema\\\/person\\\/f3618ba4452057fb1d671f973554e567\"},\"headline\":\"T\u00f6r\u00f6kszentmikl\u00f3si FC &#8211; Gy\u0151zelemmel kezdt\u00e9k a tavaszt\",\"datePublished\":\"2024-02-20T10:11:19+00:00\",\"dateModified\":\"2024-02-20T10:17:14+00:00\",\"mainEntityOfPage\":{\"@id\":\"https:\\\/\\\/miklostv.com\\\/new\\\/2024\\\/02\\\/20\\\/torokszentmiklosi-fc-gyozelemmel-kezdtek-a-tavaszt\\\/\"},\"wordCount\":478,\"image\":{\"@id\":\"https:\\\/\\\/miklostv.com\\\/new\\\/2024\\\/02\\\/20\\\/torokszentmiklosi-fc-gyozelemmel-kezdtek-a-tavaszt\\\/#primaryimage\"},\"thumbnailUrl\":\"https:\\\/\\\/miklostv.com\\\/new\\\/wp-content\\\/uploads\\\/2024\\\/02\\\/tfc-lurko-cikk.jpg\",\"keywords\":[\"T\u00f6r\u00f6kszentmikl\u00f3si FC\"],\"articleSection\":[\"Sporth\u00edrek\"],\"inLanguage\":\"hu\"},{\"@type\":\"WebPage\",\"@id\":\"https:\\\/\\\/miklostv.com\\\/new\\\/2024\\\/02\\\/20\\\/torokszentmiklosi-fc-gyozelemmel-kezdtek-a-tavaszt\\\/\",\"url\":\"https:\\\/\\\/miklostv.com\\\/new\\\/2024\\\/02\\\/20\\\/torokszentmiklosi-fc-gyozelemmel-kezdtek-a-tavaszt\\\/\",\"name\":\"T\u00f6r\u00f6kszentmikl\u00f3si FC - Gy\u0151zelemmel kezdt\u00e9k a tavaszt - Mikl\u00f3s TV\",\"isPartOf\":{\"@id\":\"https:\\\/\\\/miklostv.com\\\/new\\\/#website\"},\"primaryImageOfPage\":{\"@id\":\"https:\\\/\\\/miklostv.com\\\/new\\\/2024\\\/02\\\/20\\\/torokszentmiklosi-fc-gyozelemmel-kezdtek-a-tavaszt\\\/#primaryimage\"},\"image\":{\"@id\":\"https:\\\/\\\/miklostv.com\\\/new\\\/2024\\\/02\\\/20\\\/torokszentmiklosi-fc-gyozelemmel-kezdtek-a-tavaszt\\\/#primaryimage\"},\"thumbnailUrl\":\"https:\\\/\\\/miklostv.com\\\/new\\\/wp-content\\\/uploads\\\/2024\\\/02\\\/tfc-lurko-cikk.jpg\",\"datePublished\":\"2024-02-20T10:11:19+00:00\",\"dateModified\":\"2024-02-20T10:17:14+00:00\",\"author\":{\"@id\":\"https:\\\/\\\/miklostv.com\\\/new\\\/#\\\/schema\\\/person\\\/f3618ba4452057fb1d671f973554e567\"},\"breadcrumb\":{\"@id\":\"https:\\\/\\\/miklostv.com\\\/new\\\/2024\\\/02\\\/20\\\/torokszentmiklosi-fc-gyozelemmel-kezdtek-a-tavaszt\\\/#breadcrumb\"},\"inLanguage\":\"hu\",\"potentialAction\":[{\"@type\":\"ReadAction\",\"target\":[\"https:\\\/\\\/miklostv.com\\\/new\\\/2024\\\/02\\\/20\\\/torokszentmiklosi-fc-gyozelemmel-kezdtek-a-tavaszt\\\/\"]}]},{\"@type\":\"ImageObject\",\"inLanguage\":\"hu\",\"@id\":\"https:\\\/\\\/miklostv.com\\\/new\\\/2024\\\/02\\\/20\\\/torokszentmiklosi-fc-gyozelemmel-kezdtek-a-tavaszt\\\/#primaryimage\",\"url\":\"https:\\\/\\\/miklostv.com\\\/new\\\/wp-content\\\/uploads\\\/2024\\\/02\\\/tfc-lurko-cikk.jpg\",\"contentUrl\":\"https:\\\/\\\/miklostv.com\\\/new\\\/wp-content\\\/uploads\\\/2024\\\/02\\\/tfc-lurko-cikk.jpg\",\"width\":2048,\"height\":1365},{\"@type\":\"BreadcrumbList\",\"@id\":\"https:\\\/\\\/miklostv.com\\\/new\\\/2024\\\/02\\\/20\\\/torokszentmiklosi-fc-gyozelemmel-kezdtek-a-tavaszt\\\/#breadcrumb\",\"itemListElement\":[{\"@type\":\"ListItem\",\"position\":1,\"name\":\"Kezd\u0151lap\",\"item\":\"https:\\\/\\\/miklostv.com\\\/new\\\/\"},{\"@type\":\"ListItem\",\"position\":2,\"name\":\"T\u00f6r\u00f6kszentmikl\u00f3si FC &#8211; Gy\u0151zelemmel kezdt\u00e9k a tavaszt\"}]},{\"@type\":\"WebSite\",\"@id\":\"https:\\\/\\\/miklostv.com\\\/new\\\/#website\",\"url\":\"https:\\\/\\\/miklostv.com\\\/new\\\/\",\"name\":\"Mikl\u00f3s TV\",\"description\":\"Mikl\u00f3s TV\",\"potentialAction\":[{\"@type\":\"SearchAction\",\"target\":{\"@type\":\"EntryPoint\",\"urlTemplate\":\"https:\\\/\\\/miklostv.com\\\/new\\\/?s={search_term_string}\"},\"query-input\":{\"@type\":\"PropertyValueSpecification\",\"valueRequired\":true,\"valueName\":\"search_term_string\"}}],\"inLanguage\":\"hu\"},{\"@type\":\"Person\",\"@id\":\"https:\\\/\\\/miklostv.com\\\/new\\\/#\\\/schema\\\/person\\\/f3618ba4452057fb1d671f973554e567\",\"name\":\"Csaba\",\"url\":\"https:\\\/\\\/miklostv.com\\\/new\\\/author\\\/hcsaba\\\/\"}]}<\/script>\n<!-- \/ Yoast SEO plugin. -->","yoast_head_json":{"title":"T\u00f6r\u00f6kszentmikl\u00f3si FC - Gy\u0151zelemmel kezdt\u00e9k a tavaszt - Mikl\u00f3s TV","robots":{"index":"index","follow":"follow","max-snippet":"max-snippet:-1","max-image-preview":"max-image-preview:large","max-video-preview":"max-video-preview:-1"},"canonical":"https:\/\/miklostv.com\/new\/2024\/02\/20\/torokszentmiklosi-fc-gyozelemmel-kezdtek-a-tavaszt\/","og_locale":"hu_HU","og_type":"article","og_title":"T\u00f6r\u00f6kszentmikl\u00f3si FC - Gy\u0151zelemmel kezdt\u00e9k a tavaszt - Mikl\u00f3s TV","og_description":"Febru\u00e1r k\u00f6zep\u00e9n elkezd\u0151d\u00f6tt a V\u00e1rmegyei I. oszt\u00e1ly\u00fa labdar\u00fag\u00f3 bajnoks\u00e1g tavaszi szezonja. A T\u00f6r\u00f6kszentmikl\u00f3si FC hazai p\u00e1ly\u00e1n kezdett, a Lurk\u00f3 Focim\u00e1ni FK \u00e9rkezett a Pusk\u00e1s Ferenc \u00fatra. \u0150sszel idegenben 5-2-re gy\u0151z\u00f6tt Gergely M\u00e1ty\u00e1s csapata.","og_url":"https:\/\/miklostv.com\/new\/2024\/02\/20\/torokszentmiklosi-fc-gyozelemmel-kezdtek-a-tavaszt\/","og_site_name":"Mikl\u00f3s TV","article_published_time":"2024-02-20T10:11:19+00:00","article_modified_time":"2024-02-20T10:17:14+00:00","og_image":[{"width":2048,"height":1365,"url":"https:\/\/miklostv.com\/new\/wp-content\/uploads\/2024\/02\/tfc-lurko-cikk.jpg","type":"image\/jpeg"}],"author":"Csaba","twitter_card":"summary_large_image","twitter_misc":{"Szerz\u0151:":"Csaba","Becs\u00fclt olvas\u00e1si id\u0151":"3 perc"},"schema":{"@context":"https:\/\/schema.org","@graph":[{"@type":"NewsArticle","@id":"https:\/\/miklostv.com\/new\/2024\/02\/20\/torokszentmiklosi-fc-gyozelemmel-kezdtek-a-tavaszt\/#article","isPartOf":{"@id":"https:\/\/miklostv.com\/new\/2024\/02\/20\/torokszentmiklosi-fc-gyozelemmel-kezdtek-a-tavaszt\/"},"author":{"name":"Csaba","@id":"https:\/\/miklostv.com\/new\/#\/schema\/person\/f3618ba4452057fb1d671f973554e567"},"headline":"T\u00f6r\u00f6kszentmikl\u00f3si FC &#8211; Gy\u0151zelemmel kezdt\u00e9k a tavaszt","datePublished":"2024-02-20T10:11:19+00:00","dateModified":"2024-02-20T10:17:14+00:00","mainEntityOfPage":{"@id":"https:\/\/miklostv.com\/new\/2024\/02\/20\/torokszentmiklosi-fc-gyozelemmel-kezdtek-a-tavaszt\/"},"wordCount":478,"image":{"@id":"https:\/\/miklostv.com\/new\/2024\/02\/20\/torokszentmiklosi-fc-gyozelemmel-kezdtek-a-tavaszt\/#primaryimage"},"thumbnailUrl":"https:\/\/miklostv.com\/new\/wp-content\/uploads\/2024\/02\/tfc-lurko-cikk.jpg","keywords":["T\u00f6r\u00f6kszentmikl\u00f3si FC"],"articleSection":["Sporth\u00edrek"],"inLanguage":"hu"},{"@type":"WebPage","@id":"https:\/\/miklostv.com\/new\/2024\/02\/20\/torokszentmiklosi-fc-gyozelemmel-kezdtek-a-tavaszt\/","url":"https:\/\/miklostv.com\/new\/2024\/02\/20\/torokszentmiklosi-fc-gyozelemmel-kezdtek-a-tavaszt\/","name":"T\u00f6r\u00f6kszentmikl\u00f3si FC - Gy\u0151zelemmel kezdt\u00e9k a tavaszt - Mikl\u00f3s TV","isPartOf":{"@id":"https:\/\/miklostv.com\/new\/#website"},"primaryImageOfPage":{"@id":"https:\/\/miklostv.com\/new\/2024\/02\/20\/torokszentmiklosi-fc-gyozelemmel-kezdtek-a-tavaszt\/#primaryimage"},"image":{"@id":"https:\/\/miklostv.com\/new\/2024\/02\/20\/torokszentmiklosi-fc-gyozelemmel-kezdtek-a-tavaszt\/#primaryimage"},"thumbnailUrl":"https:\/\/miklostv.com\/new\/wp-content\/uploads\/2024\/02\/tfc-lurko-cikk.jpg","datePublished":"2024-02-20T10:11:19+00:00","dateModified":"2024-02-20T10:17:14+00:00","author":{"@id":"https:\/\/miklostv.com\/new\/#\/schema\/person\/f3618ba4452057fb1d671f973554e567"},"breadcrumb":{"@id":"https:\/\/miklostv.com\/new\/2024\/02\/20\/torokszentmiklosi-fc-gyozelemmel-kezdtek-a-tavaszt\/#breadcrumb"},"inLanguage":"hu","potentialAction":[{"@type":"ReadAction","target":["https:\/\/miklostv.com\/new\/2024\/02\/20\/torokszentmiklosi-fc-gyozelemmel-kezdtek-a-tavaszt\/"]}]},{"@type":"ImageObject","inLanguage":"hu","@id":"https:\/\/miklostv.com\/new\/2024\/02\/20\/torokszentmiklosi-fc-gyozelemmel-kezdtek-a-tavaszt\/#primaryimage","url":"https:\/\/miklostv.com\/new\/wp-content\/uploads\/2024\/02\/tfc-lurko-cikk.jpg","contentUrl":"https:\/\/miklostv.com\/new\/wp-content\/uploads\/2024\/02\/tfc-lurko-cikk.jpg","width":2048,"height":1365},{"@type":"BreadcrumbList","@id":"https:\/\/miklostv.com\/new\/2024\/02\/20\/torokszentmiklosi-fc-gyozelemmel-kezdtek-a-tavaszt\/#breadcrumb","itemListElement":[{"@type":"ListItem","position":1,"name":"Kezd\u0151lap","item":"https:\/\/miklostv.com\/new\/"},{"@type":"ListItem","position":2,"name":"T\u00f6r\u00f6kszentmikl\u00f3si FC &#8211; Gy\u0151zelemmel kezdt\u00e9k a tavaszt"}]},{"@type":"WebSite","@id":"https:\/\/miklostv.com\/new\/#website","url":"https:\/\/miklostv.com\/new\/","name":"Mikl\u00f3s TV","description":"Mikl\u00f3s TV","potentialAction":[{"@type":"SearchAction","target":{"@type":"EntryPoint","urlTemplate":"https:\/\/miklostv.com\/new\/?s={search_term_string}"},"query-input":{"@type":"PropertyValueSpecification","valueRequired":true,"valueName":"search_term_string"}}],"inLanguage":"hu"},{"@type":"Person","@id":"https:\/\/miklostv.com\/new\/#\/schema\/person\/f3618ba4452057fb1d671f973554e567","name":"Csaba","url":"https:\/\/miklostv.com\/new\/author\/hcsaba\/"}]}},"_links":{"self":[{"href":"https:\/\/miklostv.com\/new\/wp-json\/wp\/v2\/posts\/8755","targetHints":{"allow":["GET"]}}],"collection":[{"href":"https:\/\/miklostv.com\/new\/wp-json\/wp\/v2\/posts"}],"about":[{"href":"https:\/\/miklostv.com\/new\/wp-json\/wp\/v2\/types\/post"}],"author":[{"embeddable":true,"href":"https:\/\/miklostv.com\/new\/wp-json\/wp\/v2\/users\/3"}],"replies":[{"embeddable":true,"href":"https:\/\/miklostv.com\/new\/wp-json\/wp\/v2\/comments?post=8755"}],"version-history":[{"count":2,"href":"https:\/\/miklostv.com\/new\/wp-json\/wp\/v2\/posts\/8755\/revisions"}],"predecessor-version":[{"id":8759,"href":"https:\/\/miklostv.com\/new\/wp-json\/wp\/v2\/posts\/8755\/revisions\/8759"}],"wp:featuredmedia":[{"embeddable":true,"href":"https:\/\/miklostv.com\/new\/wp-json\/wp\/v2\/media\/8756"}],"wp:attachment":[{"href":"https:\/\/miklostv.com\/new\/wp-json\/wp\/v2\/media?parent=8755"}],"wp:term":[{"taxonomy":"category","embeddable":true,"href":"https:\/\/miklostv.com\/new\/wp-json\/wp\/v2\/categories?post=8755"},{"taxonomy":"post_tag","embeddable":true,"href":"https:\/\/miklostv.com\/new\/wp-json\/wp\/v2\/tags?post=8755"}],"curies":[{"name":"wp","href":"https:\/\/api.w.org\/{rel}","templated":true}]}}