{"id":8740,"date":"2024-02-12T16:13:06","date_gmt":"2024-02-12T16:13:06","guid":{"rendered":"https:\/\/miklostv.com\/new\/?p=8740"},"modified":"2024-02-13T17:27:57","modified_gmt":"2024-02-13T17:27:57","slug":"torokszentmiklosi-fc-tavaszi-menetrend","status":"publish","type":"post","link":"https:\/\/miklostv.com\/new\/2024\/02\/12\/torokszentmiklosi-fc-tavaszi-menetrend\/","title":{"rendered":"T\u00f6r\u00f6kszentmikl\u00f3si FC &#8211; Tavaszi menetrend"},"content":{"rendered":"\n<p style=\"font-size:15px\"><strong>Az el\u0151tt\u00fcnk \u00e1ll\u00f3 h\u00e9tv\u00e9g\u00e9n a tavaszi szezonnal folytatja bajnoki szerepl\u00e9s\u00e9t a T\u00f6r\u00f6kszentmikl\u00f3si FC-VETERINER. Gergely M\u00e1ty\u00e1s g\u00e1rd\u00e1ja hazai k\u00f6rnyezetben kezd, a Lurk\u00f3 Focim\u00e1ni FK csapat\u00e1t fogadj\u00e1k febru\u00e1r 18-\u00e1n vas\u00e1rnap 14:30-t\u00f3l.<\/strong><\/p>\n\n\n\n<figure class=\"wp-block-image size-large\"><img fetchpriority=\"high\" decoding=\"async\" width=\"840\" height=\"444\" src=\"https:\/\/miklostv.com\/new\/wp-content\/uploads\/2024\/02\/tfc-tavaszi-menetrend-masolat-840x444.png\" alt=\"\" class=\"wp-image-8748\" srcset=\"https:\/\/miklostv.com\/new\/wp-content\/uploads\/2024\/02\/tfc-tavaszi-menetrend-masolat-840x444.png 840w, https:\/\/miklostv.com\/new\/wp-content\/uploads\/2024\/02\/tfc-tavaszi-menetrend-masolat-660x349.png 660w, https:\/\/miklostv.com\/new\/wp-content\/uploads\/2024\/02\/tfc-tavaszi-menetrend-masolat-768x406.png 768w, https:\/\/miklostv.com\/new\/wp-content\/uploads\/2024\/02\/tfc-tavaszi-menetrend-masolat-1536x812.png 1536w, https:\/\/miklostv.com\/new\/wp-content\/uploads\/2024\/02\/tfc-tavaszi-menetrend-masolat.png 2048w\" sizes=\"(max-width: 840px) 100vw, 840px\" \/><\/figure>\n\n\n\n<p><strong>\u00cdme a tavaszi menetrend:<\/strong><\/p>\n\n\n\n<figure class=\"wp-block-table is-style-stripes\"><table><tbody><tr><td class=\"has-text-align-right\" data-align=\"right\"><strong>2024.02.18. 14:30<\/strong><\/td><td class=\"has-text-align-right\" data-align=\"right\"><strong>T\u00f6r\u00f6kszentmikl\u00f3si FC-VETERINER<\/strong><\/td><td class=\"has-text-align-center\" data-align=\"center\">&#8211;<\/td><td>Lurk\u00f3 Focim\u00e1nia FK<\/td><td class=\"has-text-align-center\" data-align=\"center\">T\u00f6r\u00f6kszentmikl\u00f3s, Sporttelep<\/td><\/tr><tr><td class=\"has-text-align-right\" data-align=\"right\">2024.02.24. 14:30<\/td><td class=\"has-text-align-right\" data-align=\"right\">Szajol KLK<\/td><td class=\"has-text-align-center\" data-align=\"center\">&#8211;<\/td><td>T\u00f6r\u00f6kszentmikl\u00f3si FC-VETERINER<\/td><td class=\"has-text-align-center\" data-align=\"center\">Szajol Sporttelep<\/td><\/tr><tr><td class=\"has-text-align-right\" data-align=\"right\">2024.03.02. 15:00<\/td><td class=\"has-text-align-right\" data-align=\"right\">J\u00e1szber\u00e9nyi FC<\/td><td class=\"has-text-align-center\" data-align=\"center\">&#8211;<\/td><td>T\u00f6r\u00f6kszentmikl\u00f3si FC-VETERINER<\/td><td class=\"has-text-align-center\" data-align=\"center\">J\u00e1szber\u00e9nyi V\u00e1rosi Stadion<\/td><\/tr><tr><td class=\"has-text-align-right\" data-align=\"right\"><strong>2024.03.09. 15:00<\/strong><\/td><td class=\"has-text-align-right\" data-align=\"right\"><strong>T\u00f6r\u00f6kszentmikl\u00f3si FC-VETERINER<\/strong><\/td><td class=\"has-text-align-center\" data-align=\"center\">&#8211;<\/td><td>T\u00f3szeg KSE<\/td><td class=\"has-text-align-center\" data-align=\"center\">T\u00f6r\u00f6kszentmikl\u00f3s, Sporttelep<\/td><\/tr><tr><td class=\"has-text-align-right\" data-align=\"right\">2024.03.17. 15:30<\/td><td class=\"has-text-align-right\" data-align=\"right\">NP-HUNG\u00c1RIA-KUTE<\/td><td class=\"has-text-align-center\" data-align=\"center\">&#8211;<\/td><td>T\u00f6r\u00f6kszentmikl\u00f3si FC-VETERINER<\/td><td class=\"has-text-align-center\" data-align=\"center\">Kunszentm\u00e1rton Sportp\u00e1lya<\/td><\/tr><tr><td class=\"has-text-align-right\" data-align=\"right\">2024.03.24. 15:30<\/td><td class=\"has-text-align-right\" data-align=\"right\">T\u00f6r\u00f6kszentmikl\u00f3si FC-VETERINER<\/td><td class=\"has-text-align-center\" data-align=\"center\">&#8211;<\/td><td>Tiszagyendai KSK<\/td><td class=\"has-text-align-center\" data-align=\"center\">T\u00f6r\u00f6kszentmikl\u00f3s, Sporttelep<\/td><\/tr><tr><td class=\"has-text-align-right\" data-align=\"right\">2024.03.30. 15:30<\/td><td class=\"has-text-align-right\" data-align=\"right\">Cserkesz\u0151l\u0151i SE<\/td><td class=\"has-text-align-center\" data-align=\"center\">&#8211;<\/td><td>T\u00f6r\u00f6kszentmikl\u00f3si FC-VETERINER<\/td><td class=\"has-text-align-center\" data-align=\"center\">Csereksz\u0151l\u0151 Sportp\u00e1lya<\/td><\/tr><tr><td class=\"has-text-align-right\" data-align=\"right\">2024.04.06. 16:00<\/td><td class=\"has-text-align-right\" data-align=\"right\">T\u00f6r\u00f6kszentmikl\u00f3si FC-VETERINER<\/td><td class=\"has-text-align-center\" data-align=\"center\">&#8211;<\/td><td>R\u00e1k\u00f3czifalva SE<\/td><td class=\"has-text-align-center\" data-align=\"center\">T\u00f6r\u00f6kszentmikl\u00f3s, Sporttelep<\/td><\/tr><tr><td class=\"has-text-align-right\" data-align=\"right\">2024.04.13. 16:00<\/td><td class=\"has-text-align-right\" data-align=\"right\">Kunhegyes ESE<\/td><td class=\"has-text-align-center\" data-align=\"center\">&#8211;<\/td><td>T\u00f6r\u00f6kszentmikl\u00f3si FC-VETERINER<\/td><td class=\"has-text-align-center\" data-align=\"center\">Kunhegyes Sportp\u00e1lya<\/td><\/tr><tr><td class=\"has-text-align-right\" data-align=\"right\">2024.04.20. 16:30<\/td><td class=\"has-text-align-right\" data-align=\"right\">T\u00f6r\u00f6kszentmikl\u00f3si FC-VETERINER<\/td><td class=\"has-text-align-center\" data-align=\"center\">&#8211;<\/td><td>J\u00e1noshida SE<\/td><td class=\"has-text-align-center\" data-align=\"center\">T\u00f6r\u00f6kszentmikl\u00f3s, Sporttelep<\/td><\/tr><tr><td class=\"has-text-align-right\" data-align=\"right\">2024.04.28. 16:30<\/td><td class=\"has-text-align-right\" data-align=\"right\">Kenderesi VSE<\/td><td class=\"has-text-align-center\" data-align=\"center\">&#8211;<\/td><td>T\u00f6r\u00f6kszentmikl\u00f3si FC-VETERINER<\/td><td class=\"has-text-align-center\" data-align=\"center\">Kenderes Sportp\u00e1lya<\/td><\/tr><tr><td class=\"has-text-align-right\" data-align=\"right\">2024.05.04 17:00<\/td><td class=\"has-text-align-right\" data-align=\"right\">Kis\u00fajsz\u00e1ll\u00e1si SE<\/td><td class=\"has-text-align-center\" data-align=\"center\">&#8211;<\/td><td>T\u00f6r\u00f6kszentmikl\u00f3si FC-VETERINER<\/td><td class=\"has-text-align-center\" data-align=\"center\">Porcsalmi Lajos Sporttelep<\/td><\/tr><tr><td class=\"has-text-align-right\" data-align=\"right\">2024.05.11. 17:00<\/td><td class=\"has-text-align-right\" data-align=\"right\">Tiszaf\u00f6ldv\u00e1r SE<\/td><td class=\"has-text-align-center\" data-align=\"center\">&#8211;<\/td><td>T\u00f6r\u00f6kszentmikl\u00f3si FC-VETERINER<\/td><td class=\"has-text-align-center\" data-align=\"center\">Tiszaf\u00f6ldv\u00e1r Sporttelep<\/td><\/tr><tr><td class=\"has-text-align-right\" data-align=\"right\">2024.05.18. 17:00<\/td><td class=\"has-text-align-right\" data-align=\"right\">T\u00f6r\u00f6kszentmikl\u00f3si FC-VETERINER<\/td><td class=\"has-text-align-center\" data-align=\"center\">&#8211;<\/td><td>Mez\u0151t\u00fari AFC-RAFI<\/td><td class=\"has-text-align-center\" data-align=\"center\">T\u00f6r\u00f6kszentmikl\u00f3s, Sporttelep<\/td><\/tr><tr><td class=\"has-text-align-right\" data-align=\"right\">2024.05.25. 17:00<\/td><td class=\"has-text-align-right\" data-align=\"right\">J\u00e1szf\u00e9nyszaru VSE-M\u00c1B Holding<\/td><td class=\"has-text-align-center\" data-align=\"center\">&#8211;<\/td><td>T\u00f6r\u00f6kszentmikl\u00f3si FC-VETERINER<\/td><td class=\"has-text-align-center\" data-align=\"center\">J\u00e1szf\u00e9nyszaru Sporttelep<\/td><\/tr><\/tbody><\/table><\/figure>\n","protected":false},"excerpt":{"rendered":"<p>Az el\u0151tt\u00fcnk \u00e1ll\u00f3 h\u00e9tv\u00e9g\u00e9n a tavaszi szezonnal folytatja bajnoki szerepl\u00e9s\u00e9t a T\u00f6r\u00f6kszentmikl\u00f3si FC-VETERINER. Gergely M\u00e1ty\u00e1s g\u00e1rd\u00e1ja hazai k\u00f6rnyezetben kezd, a Lurk\u00f3 Focim\u00e1ni FK csapat\u00e1t fogadj\u00e1k febru\u00e1r 18-\u00e1n vas\u00e1rnap 14:30-t\u00f3l. \u00cdme a tavaszi menetrend: 2024.02.18. 14:30 T\u00f6r\u00f6kszentmikl\u00f3si FC-VETERINER &#8211; Lurk\u00f3 Focim\u00e1nia FK T\u00f6r\u00f6kszentmikl\u00f3s, Sporttelep 2024.02.24. 14:30 Szajol KLK &#8211; T\u00f6r\u00f6kszentmikl\u00f3si FC-VETERINER Szajol Sporttelep 2024.03.02. 15:00 J\u00e1szber\u00e9nyi FC &#8211; T\u00f6r\u00f6kszentmikl\u00f3si FC-VETERINER J\u00e1szber\u00e9nyi V\u00e1rosi Stadion 2024.03.09. 15:00 T\u00f6r\u00f6kszentmikl\u00f3si FC-VETERINER &#8211; T\u00f3szeg KSE T\u00f6r\u00f6kszentmikl\u00f3s, Sporttelep 2024.03.17. 15:30 NP-HUNG\u00c1RIA-KUTE &#8211; T\u00f6r\u00f6kszentmikl\u00f3si FC-VETERINER Kunszentm\u00e1rton Sportp\u00e1lya 2024.03.24. 15:30 T\u00f6r\u00f6kszentmikl\u00f3si FC-VETERINER &#8211; Tiszagyendai KSK T\u00f6r\u00f6kszentmikl\u00f3s, Sporttelep 2024.03.30. 15:30&hellip;<\/p>\n","protected":false},"author":3,"featured_media":8748,"comment_status":"closed","ping_status":"closed","sticky":false,"template":"","format":"standard","meta":{"fifu_image_url":"","fifu_image_alt":"","footnotes":""},"categories":[33],"tags":[],"class_list":["post-8740","post","type-post","status-publish","format-standard","has-post-thumbnail","hentry","category-sport-hirek"],"gutentor_comment":0,"yoast_head":"<!-- This site is optimized with the Yoast SEO plugin v27.5 - https:\/\/yoast.com\/product\/yoast-seo-wordpress\/ -->\n<title>T\u00f6r\u00f6kszentmikl\u00f3si FC - Tavaszi menetrend - Mikl\u00f3s TV<\/title>\n<meta name=\"robots\" content=\"index, follow, max-snippet:-1, max-image-preview:large, max-video-preview:-1\" \/>\n<link rel=\"canonical\" href=\"https:\/\/miklostv.com\/new\/2024\/02\/12\/torokszentmiklosi-fc-tavaszi-menetrend\/\" \/>\n<meta property=\"og:locale\" content=\"hu_HU\" \/>\n<meta property=\"og:type\" content=\"article\" \/>\n<meta property=\"og:title\" content=\"T\u00f6r\u00f6kszentmikl\u00f3si FC - Tavaszi menetrend - Mikl\u00f3s TV\" \/>\n<meta property=\"og:description\" content=\"Az el\u0151tt\u00fcnk \u00e1ll\u00f3 h\u00e9tv\u00e9g\u00e9n a tavaszi szezonnal folytatja bajnoki szerepl\u00e9s\u00e9t a T\u00f6r\u00f6kszentmikl\u00f3si FC-VETERINER. Gergely M\u00e1ty\u00e1s g\u00e1rd\u00e1ja hazai k\u00f6rnyezetben kezd, a Lurk\u00f3 Focim\u00e1ni FK csapat\u00e1t fogadj\u00e1k febru\u00e1r 18-\u00e1n vas\u00e1rnap 14:30-t\u00f3l. \u00cdme a tavaszi menetrend: 2024.02.18. 14:30 T\u00f6r\u00f6kszentmikl\u00f3si FC-VETERINER &#8211; Lurk\u00f3 Focim\u00e1nia FK T\u00f6r\u00f6kszentmikl\u00f3s, Sporttelep 2024.02.24. 14:30 Szajol KLK &#8211; T\u00f6r\u00f6kszentmikl\u00f3si FC-VETERINER Szajol Sporttelep 2024.03.02. 15:00 J\u00e1szber\u00e9nyi FC &#8211; T\u00f6r\u00f6kszentmikl\u00f3si FC-VETERINER J\u00e1szber\u00e9nyi V\u00e1rosi Stadion 2024.03.09. 15:00 T\u00f6r\u00f6kszentmikl\u00f3si FC-VETERINER &#8211; T\u00f3szeg KSE T\u00f6r\u00f6kszentmikl\u00f3s, Sporttelep 2024.03.17. 15:30 NP-HUNG\u00c1RIA-KUTE &#8211; T\u00f6r\u00f6kszentmikl\u00f3si FC-VETERINER Kunszentm\u00e1rton Sportp\u00e1lya 2024.03.24. 15:30 T\u00f6r\u00f6kszentmikl\u00f3si FC-VETERINER &#8211; Tiszagyendai KSK T\u00f6r\u00f6kszentmikl\u00f3s, Sporttelep 2024.03.30. 15:30&hellip;\" \/>\n<meta property=\"og:url\" content=\"https:\/\/miklostv.com\/new\/2024\/02\/12\/torokszentmiklosi-fc-tavaszi-menetrend\/\" \/>\n<meta property=\"og:site_name\" content=\"Mikl\u00f3s TV\" \/>\n<meta property=\"article:published_time\" content=\"2024-02-12T16:13:06+00:00\" \/>\n<meta property=\"article:modified_time\" content=\"2024-02-13T17:27:57+00:00\" \/>\n<meta property=\"og:image\" content=\"https:\/\/miklostv.com\/new\/wp-content\/uploads\/2024\/02\/tfc-tavaszi-menetrend-masolat.png\" \/>\n\t<meta property=\"og:image:width\" content=\"2048\" \/>\n\t<meta property=\"og:image:height\" content=\"1082\" \/>\n\t<meta property=\"og:image:type\" content=\"image\/png\" \/>\n<meta name=\"author\" content=\"Csaba\" \/>\n<meta name=\"twitter:card\" content=\"summary_large_image\" \/>\n<meta name=\"twitter:label1\" content=\"Szerz\u0151:\" \/>\n\t<meta name=\"twitter:data1\" content=\"Csaba\" \/>\n\t<meta name=\"twitter:label2\" content=\"Becs\u00fclt olvas\u00e1si id\u0151\" \/>\n\t<meta name=\"twitter:data2\" content=\"2 perc\" \/>\n<script type=\"application\/ld+json\" class=\"yoast-schema-graph\">{\"@context\":\"https:\\\/\\\/schema.org\",\"@graph\":[{\"@type\":\"NewsArticle\",\"@id\":\"https:\\\/\\\/miklostv.com\\\/new\\\/2024\\\/02\\\/12\\\/torokszentmiklosi-fc-tavaszi-menetrend\\\/#article\",\"isPartOf\":{\"@id\":\"https:\\\/\\\/miklostv.com\\\/new\\\/2024\\\/02\\\/12\\\/torokszentmiklosi-fc-tavaszi-menetrend\\\/\"},\"author\":{\"name\":\"Csaba\",\"@id\":\"https:\\\/\\\/miklostv.com\\\/new\\\/#\\\/schema\\\/person\\\/f3618ba4452057fb1d671f973554e567\"},\"headline\":\"T\u00f6r\u00f6kszentmikl\u00f3si FC &#8211; Tavaszi menetrend\",\"datePublished\":\"2024-02-12T16:13:06+00:00\",\"dateModified\":\"2024-02-13T17:27:57+00:00\",\"mainEntityOfPage\":{\"@id\":\"https:\\\/\\\/miklostv.com\\\/new\\\/2024\\\/02\\\/12\\\/torokszentmiklosi-fc-tavaszi-menetrend\\\/\"},\"wordCount\":267,\"image\":{\"@id\":\"https:\\\/\\\/miklostv.com\\\/new\\\/2024\\\/02\\\/12\\\/torokszentmiklosi-fc-tavaszi-menetrend\\\/#primaryimage\"},\"thumbnailUrl\":\"https:\\\/\\\/miklostv.com\\\/new\\\/wp-content\\\/uploads\\\/2024\\\/02\\\/tfc-tavaszi-menetrend-masolat.png\",\"articleSection\":[\"Sporth\u00edrek\"],\"inLanguage\":\"hu\"},{\"@type\":\"WebPage\",\"@id\":\"https:\\\/\\\/miklostv.com\\\/new\\\/2024\\\/02\\\/12\\\/torokszentmiklosi-fc-tavaszi-menetrend\\\/\",\"url\":\"https:\\\/\\\/miklostv.com\\\/new\\\/2024\\\/02\\\/12\\\/torokszentmiklosi-fc-tavaszi-menetrend\\\/\",\"name\":\"T\u00f6r\u00f6kszentmikl\u00f3si FC - Tavaszi menetrend - Mikl\u00f3s TV\",\"isPartOf\":{\"@id\":\"https:\\\/\\\/miklostv.com\\\/new\\\/#website\"},\"primaryImageOfPage\":{\"@id\":\"https:\\\/\\\/miklostv.com\\\/new\\\/2024\\\/02\\\/12\\\/torokszentmiklosi-fc-tavaszi-menetrend\\\/#primaryimage\"},\"image\":{\"@id\":\"https:\\\/\\\/miklostv.com\\\/new\\\/2024\\\/02\\\/12\\\/torokszentmiklosi-fc-tavaszi-menetrend\\\/#primaryimage\"},\"thumbnailUrl\":\"https:\\\/\\\/miklostv.com\\\/new\\\/wp-content\\\/uploads\\\/2024\\\/02\\\/tfc-tavaszi-menetrend-masolat.png\",\"datePublished\":\"2024-02-12T16:13:06+00:00\",\"dateModified\":\"2024-02-13T17:27:57+00:00\",\"author\":{\"@id\":\"https:\\\/\\\/miklostv.com\\\/new\\\/#\\\/schema\\\/person\\\/f3618ba4452057fb1d671f973554e567\"},\"breadcrumb\":{\"@id\":\"https:\\\/\\\/miklostv.com\\\/new\\\/2024\\\/02\\\/12\\\/torokszentmiklosi-fc-tavaszi-menetrend\\\/#breadcrumb\"},\"inLanguage\":\"hu\",\"potentialAction\":[{\"@type\":\"ReadAction\",\"target\":[\"https:\\\/\\\/miklostv.com\\\/new\\\/2024\\\/02\\\/12\\\/torokszentmiklosi-fc-tavaszi-menetrend\\\/\"]}]},{\"@type\":\"ImageObject\",\"inLanguage\":\"hu\",\"@id\":\"https:\\\/\\\/miklostv.com\\\/new\\\/2024\\\/02\\\/12\\\/torokszentmiklosi-fc-tavaszi-menetrend\\\/#primaryimage\",\"url\":\"https:\\\/\\\/miklostv.com\\\/new\\\/wp-content\\\/uploads\\\/2024\\\/02\\\/tfc-tavaszi-menetrend-masolat.png\",\"contentUrl\":\"https:\\\/\\\/miklostv.com\\\/new\\\/wp-content\\\/uploads\\\/2024\\\/02\\\/tfc-tavaszi-menetrend-masolat.png\",\"width\":2048,\"height\":1082},{\"@type\":\"BreadcrumbList\",\"@id\":\"https:\\\/\\\/miklostv.com\\\/new\\\/2024\\\/02\\\/12\\\/torokszentmiklosi-fc-tavaszi-menetrend\\\/#breadcrumb\",\"itemListElement\":[{\"@type\":\"ListItem\",\"position\":1,\"name\":\"Kezd\u0151lap\",\"item\":\"https:\\\/\\\/miklostv.com\\\/new\\\/\"},{\"@type\":\"ListItem\",\"position\":2,\"name\":\"T\u00f6r\u00f6kszentmikl\u00f3si FC &#8211; Tavaszi menetrend\"}]},{\"@type\":\"WebSite\",\"@id\":\"https:\\\/\\\/miklostv.com\\\/new\\\/#website\",\"url\":\"https:\\\/\\\/miklostv.com\\\/new\\\/\",\"name\":\"Mikl\u00f3s TV\",\"description\":\"Mikl\u00f3s TV\",\"potentialAction\":[{\"@type\":\"SearchAction\",\"target\":{\"@type\":\"EntryPoint\",\"urlTemplate\":\"https:\\\/\\\/miklostv.com\\\/new\\\/?s={search_term_string}\"},\"query-input\":{\"@type\":\"PropertyValueSpecification\",\"valueRequired\":true,\"valueName\":\"search_term_string\"}}],\"inLanguage\":\"hu\"},{\"@type\":\"Person\",\"@id\":\"https:\\\/\\\/miklostv.com\\\/new\\\/#\\\/schema\\\/person\\\/f3618ba4452057fb1d671f973554e567\",\"name\":\"Csaba\",\"url\":\"https:\\\/\\\/miklostv.com\\\/new\\\/author\\\/hcsaba\\\/\"}]}<\/script>\n<!-- \/ Yoast SEO plugin. -->","yoast_head_json":{"title":"T\u00f6r\u00f6kszentmikl\u00f3si FC - Tavaszi menetrend - Mikl\u00f3s TV","robots":{"index":"index","follow":"follow","max-snippet":"max-snippet:-1","max-image-preview":"max-image-preview:large","max-video-preview":"max-video-preview:-1"},"canonical":"https:\/\/miklostv.com\/new\/2024\/02\/12\/torokszentmiklosi-fc-tavaszi-menetrend\/","og_locale":"hu_HU","og_type":"article","og_title":"T\u00f6r\u00f6kszentmikl\u00f3si FC - Tavaszi menetrend - Mikl\u00f3s TV","og_description":"Az el\u0151tt\u00fcnk \u00e1ll\u00f3 h\u00e9tv\u00e9g\u00e9n a tavaszi szezonnal folytatja bajnoki szerepl\u00e9s\u00e9t a T\u00f6r\u00f6kszentmikl\u00f3si FC-VETERINER. Gergely M\u00e1ty\u00e1s g\u00e1rd\u00e1ja hazai k\u00f6rnyezetben kezd, a Lurk\u00f3 Focim\u00e1ni FK csapat\u00e1t fogadj\u00e1k febru\u00e1r 18-\u00e1n vas\u00e1rnap 14:30-t\u00f3l. \u00cdme a tavaszi menetrend: 2024.02.18. 14:30 T\u00f6r\u00f6kszentmikl\u00f3si FC-VETERINER &#8211; Lurk\u00f3 Focim\u00e1nia FK T\u00f6r\u00f6kszentmikl\u00f3s, Sporttelep 2024.02.24. 14:30 Szajol KLK &#8211; T\u00f6r\u00f6kszentmikl\u00f3si FC-VETERINER Szajol Sporttelep 2024.03.02. 15:00 J\u00e1szber\u00e9nyi FC &#8211; T\u00f6r\u00f6kszentmikl\u00f3si FC-VETERINER J\u00e1szber\u00e9nyi V\u00e1rosi Stadion 2024.03.09. 15:00 T\u00f6r\u00f6kszentmikl\u00f3si FC-VETERINER &#8211; T\u00f3szeg KSE T\u00f6r\u00f6kszentmikl\u00f3s, Sporttelep 2024.03.17. 15:30 NP-HUNG\u00c1RIA-KUTE &#8211; T\u00f6r\u00f6kszentmikl\u00f3si FC-VETERINER Kunszentm\u00e1rton Sportp\u00e1lya 2024.03.24. 15:30 T\u00f6r\u00f6kszentmikl\u00f3si FC-VETERINER &#8211; Tiszagyendai KSK T\u00f6r\u00f6kszentmikl\u00f3s, Sporttelep 2024.03.30. 15:30&hellip;","og_url":"https:\/\/miklostv.com\/new\/2024\/02\/12\/torokszentmiklosi-fc-tavaszi-menetrend\/","og_site_name":"Mikl\u00f3s TV","article_published_time":"2024-02-12T16:13:06+00:00","article_modified_time":"2024-02-13T17:27:57+00:00","og_image":[{"width":2048,"height":1082,"url":"https:\/\/miklostv.com\/new\/wp-content\/uploads\/2024\/02\/tfc-tavaszi-menetrend-masolat.png","type":"image\/png"}],"author":"Csaba","twitter_card":"summary_large_image","twitter_misc":{"Szerz\u0151:":"Csaba","Becs\u00fclt olvas\u00e1si id\u0151":"2 perc"},"schema":{"@context":"https:\/\/schema.org","@graph":[{"@type":"NewsArticle","@id":"https:\/\/miklostv.com\/new\/2024\/02\/12\/torokszentmiklosi-fc-tavaszi-menetrend\/#article","isPartOf":{"@id":"https:\/\/miklostv.com\/new\/2024\/02\/12\/torokszentmiklosi-fc-tavaszi-menetrend\/"},"author":{"name":"Csaba","@id":"https:\/\/miklostv.com\/new\/#\/schema\/person\/f3618ba4452057fb1d671f973554e567"},"headline":"T\u00f6r\u00f6kszentmikl\u00f3si FC &#8211; Tavaszi menetrend","datePublished":"2024-02-12T16:13:06+00:00","dateModified":"2024-02-13T17:27:57+00:00","mainEntityOfPage":{"@id":"https:\/\/miklostv.com\/new\/2024\/02\/12\/torokszentmiklosi-fc-tavaszi-menetrend\/"},"wordCount":267,"image":{"@id":"https:\/\/miklostv.com\/new\/2024\/02\/12\/torokszentmiklosi-fc-tavaszi-menetrend\/#primaryimage"},"thumbnailUrl":"https:\/\/miklostv.com\/new\/wp-content\/uploads\/2024\/02\/tfc-tavaszi-menetrend-masolat.png","articleSection":["Sporth\u00edrek"],"inLanguage":"hu"},{"@type":"WebPage","@id":"https:\/\/miklostv.com\/new\/2024\/02\/12\/torokszentmiklosi-fc-tavaszi-menetrend\/","url":"https:\/\/miklostv.com\/new\/2024\/02\/12\/torokszentmiklosi-fc-tavaszi-menetrend\/","name":"T\u00f6r\u00f6kszentmikl\u00f3si FC - Tavaszi menetrend - Mikl\u00f3s TV","isPartOf":{"@id":"https:\/\/miklostv.com\/new\/#website"},"primaryImageOfPage":{"@id":"https:\/\/miklostv.com\/new\/2024\/02\/12\/torokszentmiklosi-fc-tavaszi-menetrend\/#primaryimage"},"image":{"@id":"https:\/\/miklostv.com\/new\/2024\/02\/12\/torokszentmiklosi-fc-tavaszi-menetrend\/#primaryimage"},"thumbnailUrl":"https:\/\/miklostv.com\/new\/wp-content\/uploads\/2024\/02\/tfc-tavaszi-menetrend-masolat.png","datePublished":"2024-02-12T16:13:06+00:00","dateModified":"2024-02-13T17:27:57+00:00","author":{"@id":"https:\/\/miklostv.com\/new\/#\/schema\/person\/f3618ba4452057fb1d671f973554e567"},"breadcrumb":{"@id":"https:\/\/miklostv.com\/new\/2024\/02\/12\/torokszentmiklosi-fc-tavaszi-menetrend\/#breadcrumb"},"inLanguage":"hu","potentialAction":[{"@type":"ReadAction","target":["https:\/\/miklostv.com\/new\/2024\/02\/12\/torokszentmiklosi-fc-tavaszi-menetrend\/"]}]},{"@type":"ImageObject","inLanguage":"hu","@id":"https:\/\/miklostv.com\/new\/2024\/02\/12\/torokszentmiklosi-fc-tavaszi-menetrend\/#primaryimage","url":"https:\/\/miklostv.com\/new\/wp-content\/uploads\/2024\/02\/tfc-tavaszi-menetrend-masolat.png","contentUrl":"https:\/\/miklostv.com\/new\/wp-content\/uploads\/2024\/02\/tfc-tavaszi-menetrend-masolat.png","width":2048,"height":1082},{"@type":"BreadcrumbList","@id":"https:\/\/miklostv.com\/new\/2024\/02\/12\/torokszentmiklosi-fc-tavaszi-menetrend\/#breadcrumb","itemListElement":[{"@type":"ListItem","position":1,"name":"Kezd\u0151lap","item":"https:\/\/miklostv.com\/new\/"},{"@type":"ListItem","position":2,"name":"T\u00f6r\u00f6kszentmikl\u00f3si FC &#8211; Tavaszi menetrend"}]},{"@type":"WebSite","@id":"https:\/\/miklostv.com\/new\/#website","url":"https:\/\/miklostv.com\/new\/","name":"Mikl\u00f3s TV","description":"Mikl\u00f3s TV","potentialAction":[{"@type":"SearchAction","target":{"@type":"EntryPoint","urlTemplate":"https:\/\/miklostv.com\/new\/?s={search_term_string}"},"query-input":{"@type":"PropertyValueSpecification","valueRequired":true,"valueName":"search_term_string"}}],"inLanguage":"hu"},{"@type":"Person","@id":"https:\/\/miklostv.com\/new\/#\/schema\/person\/f3618ba4452057fb1d671f973554e567","name":"Csaba","url":"https:\/\/miklostv.com\/new\/author\/hcsaba\/"}]}},"_links":{"self":[{"href":"https:\/\/miklostv.com\/new\/wp-json\/wp\/v2\/posts\/8740","targetHints":{"allow":["GET"]}}],"collection":[{"href":"https:\/\/miklostv.com\/new\/wp-json\/wp\/v2\/posts"}],"about":[{"href":"https:\/\/miklostv.com\/new\/wp-json\/wp\/v2\/types\/post"}],"author":[{"embeddable":true,"href":"https:\/\/miklostv.com\/new\/wp-json\/wp\/v2\/users\/3"}],"replies":[{"embeddable":true,"href":"https:\/\/miklostv.com\/new\/wp-json\/wp\/v2\/comments?post=8740"}],"version-history":[{"count":6,"href":"https:\/\/miklostv.com\/new\/wp-json\/wp\/v2\/posts\/8740\/revisions"}],"predecessor-version":[{"id":8751,"href":"https:\/\/miklostv.com\/new\/wp-json\/wp\/v2\/posts\/8740\/revisions\/8751"}],"wp:featuredmedia":[{"embeddable":true,"href":"https:\/\/miklostv.com\/new\/wp-json\/wp\/v2\/media\/8748"}],"wp:attachment":[{"href":"https:\/\/miklostv.com\/new\/wp-json\/wp\/v2\/media?parent=8740"}],"wp:term":[{"taxonomy":"category","embeddable":true,"href":"https:\/\/miklostv.com\/new\/wp-json\/wp\/v2\/categories?post=8740"},{"taxonomy":"post_tag","embeddable":true,"href":"https:\/\/miklostv.com\/new\/wp-json\/wp\/v2\/tags?post=8740"}],"curies":[{"name":"wp","href":"https:\/\/api.w.org\/{rel}","templated":true}]}}