{"id":8717,"date":"2024-02-05T16:14:02","date_gmt":"2024-02-05T16:14:02","guid":{"rendered":"https:\/\/miklostv.com\/new\/?p=8717"},"modified":"2024-02-05T16:14:43","modified_gmt":"2024-02-05T16:14:43","slug":"jnsz-varmegyei-civil-dijban-reszesult-buzas-sandorne","status":"publish","type":"post","link":"https:\/\/miklostv.com\/new\/2024\/02\/05\/jnsz-varmegyei-civil-dijban-reszesult-buzas-sandorne\/","title":{"rendered":"JNSZ V\u00c1RMEGYEI CIVIL D\u00cdJBAN R\u00c9SZES\u00dcLT BUZ\u00c1S S\u00c1NDORN\u00c9"},"content":{"rendered":"\n<p>Febru\u00e1r 1. a Civilek Napja Magyarorsz\u00e1gon. Ez alkalomb\u00f3l adta \u00e1t Szolnokon, a J\u00e1sz-Nagykun-Szolnok V\u00e1rmegyei Civil K\u00f6z\u00f6ss\u00e9gi Szolg\u00e1ltat\u00f3 K\u00f6zpont a 2019-ben alap\u00edtott Civil D\u00edjat. Ebben az \u00e9vben kiemelked\u0151 civil tev\u00e9kenys\u00e9g\u00e9\u00e9rt Buz\u00e1s S\u00e1ndorn\u00e9, a T\u00f6r\u00f6kszentmikl\u00f3si Cukorbetegek\u00e9rt Egyes\u00fclet Eln\u00f6ke, T\u00f6r\u00f6kszentmikl\u00f3s V\u00e1ros D\u00edszpolg\u00e1ra vehette \u00e1t az elismer\u00e9st.<\/p>\n\n\n\n<figure class=\"wp-block-image size-large\"><img fetchpriority=\"high\" decoding=\"async\" width=\"840\" height=\"560\" src=\"https:\/\/miklostv.com\/new\/wp-content\/uploads\/2024\/02\/424931932_889837413145465_1552259470659950052_n-840x560.jpg\" alt=\"\" class=\"wp-image-8718\" srcset=\"https:\/\/miklostv.com\/new\/wp-content\/uploads\/2024\/02\/424931932_889837413145465_1552259470659950052_n-840x560.jpg 840w, https:\/\/miklostv.com\/new\/wp-content\/uploads\/2024\/02\/424931932_889837413145465_1552259470659950052_n-547x365.jpg 547w, https:\/\/miklostv.com\/new\/wp-content\/uploads\/2024\/02\/424931932_889837413145465_1552259470659950052_n-768x512.jpg 768w, https:\/\/miklostv.com\/new\/wp-content\/uploads\/2024\/02\/424931932_889837413145465_1552259470659950052_n-1536x1025.jpg 1536w, https:\/\/miklostv.com\/new\/wp-content\/uploads\/2024\/02\/424931932_889837413145465_1552259470659950052_n.jpg 2048w\" sizes=\"(max-width: 840px) 100vw, 840px\" \/><\/figure>\n\n\n\n<p>Mindig b\u00fcszkes\u00e9ggel t\u00f6lt el, minket T\u00f6r\u00f6kszentmikl\u00f3siakat, ha valaki k\u00f6z\u00fcl\u00fcnk munk\u00e1ja sor\u00e1n elismer\u00e9st szerez v\u00e1rosunkon k\u00edv\u00fcl is. Sz\u00edvb\u0151l gratul\u00e1lok Jusztik\u00e1nak a d\u00edjhoz, \u00e9s nagyon j\u00f3 eg\u00e9szs\u00e9get, tov\u00e1bbi sikereket k\u00edv\u00e1nok a k\u00f6z\u00f6ss\u00e9get megtart\u00f3 munk\u00e1j\u00e1hoz! -olvashat\u00f3 Mark\u00f3t Imre polg\u00e1rmester facebook oldal\u00e1n<\/p>\n","protected":false},"excerpt":{"rendered":"<p>Febru\u00e1r 1. a Civilek Napja Magyarorsz\u00e1gon. Ez alkalomb\u00f3l adta \u00e1t Szolnokon, a J\u00e1sz-Nagykun-Szolnok V\u00e1rmegyei Civil K\u00f6z\u00f6ss\u00e9gi Szolg\u00e1ltat\u00f3 K\u00f6zpont a 2019-ben alap\u00edtott Civil D\u00edjat. Ebben az \u00e9vben kiemelked\u0151 civil tev\u00e9kenys\u00e9g\u00e9\u00e9rt Buz\u00e1s S\u00e1ndorn\u00e9, a T\u00f6r\u00f6kszentmikl\u00f3si Cukorbetegek\u00e9rt Egyes\u00fclet Eln\u00f6ke, T\u00f6r\u00f6kszentmikl\u00f3s V\u00e1ros D\u00edszpolg\u00e1ra vehette \u00e1t az elismer\u00e9st. Mindig b\u00fcszkes\u00e9ggel t\u00f6lt el, minket T\u00f6r\u00f6kszentmikl\u00f3siakat, ha valaki k\u00f6z\u00fcl\u00fcnk munk\u00e1ja sor\u00e1n elismer\u00e9st szerez v\u00e1rosunkon k\u00edv\u00fcl is. Sz\u00edvb\u0151l gratul\u00e1lok Jusztik\u00e1nak a d\u00edjhoz, \u00e9s nagyon j\u00f3 eg\u00e9szs\u00e9get, tov\u00e1bbi sikereket k\u00edv\u00e1nok a k\u00f6z\u00f6ss\u00e9get megtart\u00f3 munk\u00e1j\u00e1hoz! -olvashat\u00f3 Mark\u00f3t Imre polg\u00e1rmester facebook oldal\u00e1n<\/p>\n","protected":false},"author":4,"featured_media":8720,"comment_status":"closed","ping_status":"closed","sticky":false,"template":"","format":"standard","meta":{"fifu_image_url":"","fifu_image_alt":"","footnotes":""},"categories":[32],"tags":[1200,895,1201],"class_list":["post-8717","post","type-post","status-publish","format-standard","has-post-thumbnail","hentry","category-hirek2","tag-buzas-sandorne","tag-markot","tag-torokszentmiklosi-cukorbetegekert-egyesulet"],"gutentor_comment":0,"yoast_head":"<!-- This site is optimized with the Yoast SEO plugin v27.5 - https:\/\/yoast.com\/product\/yoast-seo-wordpress\/ -->\n<title>JNSZ V\u00c1RMEGYEI CIVIL D\u00cdJBAN R\u00c9SZES\u00dcLT BUZ\u00c1S S\u00c1NDORN\u00c9 - Mikl\u00f3s TV<\/title>\n<meta name=\"robots\" content=\"index, follow, max-snippet:-1, max-image-preview:large, max-video-preview:-1\" \/>\n<link rel=\"canonical\" href=\"https:\/\/miklostv.com\/new\/2024\/02\/05\/jnsz-varmegyei-civil-dijban-reszesult-buzas-sandorne\/\" \/>\n<meta property=\"og:locale\" content=\"hu_HU\" \/>\n<meta property=\"og:type\" content=\"article\" \/>\n<meta property=\"og:title\" content=\"JNSZ V\u00c1RMEGYEI CIVIL D\u00cdJBAN R\u00c9SZES\u00dcLT BUZ\u00c1S S\u00c1NDORN\u00c9 - Mikl\u00f3s TV\" \/>\n<meta property=\"og:description\" content=\"Febru\u00e1r 1. a Civilek Napja Magyarorsz\u00e1gon. Ez alkalomb\u00f3l adta \u00e1t Szolnokon, a J\u00e1sz-Nagykun-Szolnok V\u00e1rmegyei Civil K\u00f6z\u00f6ss\u00e9gi Szolg\u00e1ltat\u00f3 K\u00f6zpont a 2019-ben alap\u00edtott Civil D\u00edjat. Ebben az \u00e9vben kiemelked\u0151 civil tev\u00e9kenys\u00e9g\u00e9\u00e9rt Buz\u00e1s S\u00e1ndorn\u00e9, a T\u00f6r\u00f6kszentmikl\u00f3si Cukorbetegek\u00e9rt Egyes\u00fclet Eln\u00f6ke, T\u00f6r\u00f6kszentmikl\u00f3s V\u00e1ros D\u00edszpolg\u00e1ra vehette \u00e1t az elismer\u00e9st. Mindig b\u00fcszkes\u00e9ggel t\u00f6lt el, minket T\u00f6r\u00f6kszentmikl\u00f3siakat, ha valaki k\u00f6z\u00fcl\u00fcnk munk\u00e1ja sor\u00e1n elismer\u00e9st szerez v\u00e1rosunkon k\u00edv\u00fcl is. Sz\u00edvb\u0151l gratul\u00e1lok Jusztik\u00e1nak a d\u00edjhoz, \u00e9s nagyon j\u00f3 eg\u00e9szs\u00e9get, tov\u00e1bbi sikereket k\u00edv\u00e1nok a k\u00f6z\u00f6ss\u00e9get megtart\u00f3 munk\u00e1j\u00e1hoz! -olvashat\u00f3 Mark\u00f3t Imre polg\u00e1rmester facebook oldal\u00e1n\" \/>\n<meta property=\"og:url\" content=\"https:\/\/miklostv.com\/new\/2024\/02\/05\/jnsz-varmegyei-civil-dijban-reszesult-buzas-sandorne\/\" \/>\n<meta property=\"og:site_name\" content=\"Mikl\u00f3s TV\" \/>\n<meta property=\"article:published_time\" content=\"2024-02-05T16:14:02+00:00\" \/>\n<meta property=\"article:modified_time\" content=\"2024-02-05T16:14:43+00:00\" \/>\n<meta property=\"og:image\" content=\"https:\/\/miklostv.com\/new\/wp-content\/uploads\/2024\/02\/422042244_889837133145493_8508372342595076221_n.jpg\" \/>\n\t<meta property=\"og:image:width\" content=\"2048\" \/>\n\t<meta property=\"og:image:height\" content=\"1365\" \/>\n\t<meta property=\"og:image:type\" content=\"image\/jpeg\" \/>\n<meta name=\"author\" content=\"S\u00e1ndor\" \/>\n<meta name=\"twitter:card\" content=\"summary_large_image\" \/>\n<meta name=\"twitter:label1\" content=\"Szerz\u0151:\" \/>\n\t<meta name=\"twitter:data1\" content=\"S\u00e1ndor\" \/>\n\t<meta name=\"twitter:label2\" content=\"Becs\u00fclt olvas\u00e1si id\u0151\" \/>\n\t<meta name=\"twitter:data2\" content=\"1 perc\" \/>\n<script type=\"application\/ld+json\" class=\"yoast-schema-graph\">{\"@context\":\"https:\\\/\\\/schema.org\",\"@graph\":[{\"@type\":\"NewsArticle\",\"@id\":\"https:\\\/\\\/miklostv.com\\\/new\\\/2024\\\/02\\\/05\\\/jnsz-varmegyei-civil-dijban-reszesult-buzas-sandorne\\\/#article\",\"isPartOf\":{\"@id\":\"https:\\\/\\\/miklostv.com\\\/new\\\/2024\\\/02\\\/05\\\/jnsz-varmegyei-civil-dijban-reszesult-buzas-sandorne\\\/\"},\"author\":{\"name\":\"S\u00e1ndor\",\"@id\":\"https:\\\/\\\/miklostv.com\\\/new\\\/#\\\/schema\\\/person\\\/ff79e2ad2a1522bb7078c68351a9d05a\"},\"headline\":\"JNSZ V\u00c1RMEGYEI CIVIL D\u00cdJBAN R\u00c9SZES\u00dcLT BUZ\u00c1S S\u00c1NDORN\u00c9\",\"datePublished\":\"2024-02-05T16:14:02+00:00\",\"dateModified\":\"2024-02-05T16:14:43+00:00\",\"mainEntityOfPage\":{\"@id\":\"https:\\\/\\\/miklostv.com\\\/new\\\/2024\\\/02\\\/05\\\/jnsz-varmegyei-civil-dijban-reszesult-buzas-sandorne\\\/\"},\"wordCount\":156,\"image\":{\"@id\":\"https:\\\/\\\/miklostv.com\\\/new\\\/2024\\\/02\\\/05\\\/jnsz-varmegyei-civil-dijban-reszesult-buzas-sandorne\\\/#primaryimage\"},\"thumbnailUrl\":\"https:\\\/\\\/miklostv.com\\\/new\\\/wp-content\\\/uploads\\\/2024\\\/02\\\/422042244_889837133145493_8508372342595076221_n.jpg\",\"keywords\":[\"Buz\u00e1s S\u00e1ndorn\u00e9\",\"Mark\u00f3t Imre\",\"T\u00f6r\u00f6kszentmikl\u00f3si Cukorbetegek\u00e9rt Egyes\u00fclet\"],\"articleSection\":[\"A l\u00e9nyeg r\u00f6viden\"],\"inLanguage\":\"hu\"},{\"@type\":\"WebPage\",\"@id\":\"https:\\\/\\\/miklostv.com\\\/new\\\/2024\\\/02\\\/05\\\/jnsz-varmegyei-civil-dijban-reszesult-buzas-sandorne\\\/\",\"url\":\"https:\\\/\\\/miklostv.com\\\/new\\\/2024\\\/02\\\/05\\\/jnsz-varmegyei-civil-dijban-reszesult-buzas-sandorne\\\/\",\"name\":\"JNSZ V\u00c1RMEGYEI CIVIL D\u00cdJBAN R\u00c9SZES\u00dcLT BUZ\u00c1S S\u00c1NDORN\u00c9 - Mikl\u00f3s TV\",\"isPartOf\":{\"@id\":\"https:\\\/\\\/miklostv.com\\\/new\\\/#website\"},\"primaryImageOfPage\":{\"@id\":\"https:\\\/\\\/miklostv.com\\\/new\\\/2024\\\/02\\\/05\\\/jnsz-varmegyei-civil-dijban-reszesult-buzas-sandorne\\\/#primaryimage\"},\"image\":{\"@id\":\"https:\\\/\\\/miklostv.com\\\/new\\\/2024\\\/02\\\/05\\\/jnsz-varmegyei-civil-dijban-reszesult-buzas-sandorne\\\/#primaryimage\"},\"thumbnailUrl\":\"https:\\\/\\\/miklostv.com\\\/new\\\/wp-content\\\/uploads\\\/2024\\\/02\\\/422042244_889837133145493_8508372342595076221_n.jpg\",\"datePublished\":\"2024-02-05T16:14:02+00:00\",\"dateModified\":\"2024-02-05T16:14:43+00:00\",\"author\":{\"@id\":\"https:\\\/\\\/miklostv.com\\\/new\\\/#\\\/schema\\\/person\\\/ff79e2ad2a1522bb7078c68351a9d05a\"},\"breadcrumb\":{\"@id\":\"https:\\\/\\\/miklostv.com\\\/new\\\/2024\\\/02\\\/05\\\/jnsz-varmegyei-civil-dijban-reszesult-buzas-sandorne\\\/#breadcrumb\"},\"inLanguage\":\"hu\",\"potentialAction\":[{\"@type\":\"ReadAction\",\"target\":[\"https:\\\/\\\/miklostv.com\\\/new\\\/2024\\\/02\\\/05\\\/jnsz-varmegyei-civil-dijban-reszesult-buzas-sandorne\\\/\"]}]},{\"@type\":\"ImageObject\",\"inLanguage\":\"hu\",\"@id\":\"https:\\\/\\\/miklostv.com\\\/new\\\/2024\\\/02\\\/05\\\/jnsz-varmegyei-civil-dijban-reszesult-buzas-sandorne\\\/#primaryimage\",\"url\":\"https:\\\/\\\/miklostv.com\\\/new\\\/wp-content\\\/uploads\\\/2024\\\/02\\\/422042244_889837133145493_8508372342595076221_n.jpg\",\"contentUrl\":\"https:\\\/\\\/miklostv.com\\\/new\\\/wp-content\\\/uploads\\\/2024\\\/02\\\/422042244_889837133145493_8508372342595076221_n.jpg\",\"width\":2048,\"height\":1365},{\"@type\":\"BreadcrumbList\",\"@id\":\"https:\\\/\\\/miklostv.com\\\/new\\\/2024\\\/02\\\/05\\\/jnsz-varmegyei-civil-dijban-reszesult-buzas-sandorne\\\/#breadcrumb\",\"itemListElement\":[{\"@type\":\"ListItem\",\"position\":1,\"name\":\"Kezd\u0151lap\",\"item\":\"https:\\\/\\\/miklostv.com\\\/new\\\/\"},{\"@type\":\"ListItem\",\"position\":2,\"name\":\"JNSZ V\u00c1RMEGYEI CIVIL D\u00cdJBAN R\u00c9SZES\u00dcLT BUZ\u00c1S S\u00c1NDORN\u00c9\"}]},{\"@type\":\"WebSite\",\"@id\":\"https:\\\/\\\/miklostv.com\\\/new\\\/#website\",\"url\":\"https:\\\/\\\/miklostv.com\\\/new\\\/\",\"name\":\"Mikl\u00f3s TV\",\"description\":\"Mikl\u00f3s TV\",\"potentialAction\":[{\"@type\":\"SearchAction\",\"target\":{\"@type\":\"EntryPoint\",\"urlTemplate\":\"https:\\\/\\\/miklostv.com\\\/new\\\/?s={search_term_string}\"},\"query-input\":{\"@type\":\"PropertyValueSpecification\",\"valueRequired\":true,\"valueName\":\"search_term_string\"}}],\"inLanguage\":\"hu\"},{\"@type\":\"Person\",\"@id\":\"https:\\\/\\\/miklostv.com\\\/new\\\/#\\\/schema\\\/person\\\/ff79e2ad2a1522bb7078c68351a9d05a\",\"name\":\"S\u00e1ndor\",\"url\":\"https:\\\/\\\/miklostv.com\\\/new\\\/author\\\/szerkeszto\\\/\"}]}<\/script>\n<!-- \/ Yoast SEO plugin. -->","yoast_head_json":{"title":"JNSZ V\u00c1RMEGYEI CIVIL D\u00cdJBAN R\u00c9SZES\u00dcLT BUZ\u00c1S S\u00c1NDORN\u00c9 - Mikl\u00f3s TV","robots":{"index":"index","follow":"follow","max-snippet":"max-snippet:-1","max-image-preview":"max-image-preview:large","max-video-preview":"max-video-preview:-1"},"canonical":"https:\/\/miklostv.com\/new\/2024\/02\/05\/jnsz-varmegyei-civil-dijban-reszesult-buzas-sandorne\/","og_locale":"hu_HU","og_type":"article","og_title":"JNSZ V\u00c1RMEGYEI CIVIL D\u00cdJBAN R\u00c9SZES\u00dcLT BUZ\u00c1S S\u00c1NDORN\u00c9 - Mikl\u00f3s TV","og_description":"Febru\u00e1r 1. a Civilek Napja Magyarorsz\u00e1gon. Ez alkalomb\u00f3l adta \u00e1t Szolnokon, a J\u00e1sz-Nagykun-Szolnok V\u00e1rmegyei Civil K\u00f6z\u00f6ss\u00e9gi Szolg\u00e1ltat\u00f3 K\u00f6zpont a 2019-ben alap\u00edtott Civil D\u00edjat. Ebben az \u00e9vben kiemelked\u0151 civil tev\u00e9kenys\u00e9g\u00e9\u00e9rt Buz\u00e1s S\u00e1ndorn\u00e9, a T\u00f6r\u00f6kszentmikl\u00f3si Cukorbetegek\u00e9rt Egyes\u00fclet Eln\u00f6ke, T\u00f6r\u00f6kszentmikl\u00f3s V\u00e1ros D\u00edszpolg\u00e1ra vehette \u00e1t az elismer\u00e9st. Mindig b\u00fcszkes\u00e9ggel t\u00f6lt el, minket T\u00f6r\u00f6kszentmikl\u00f3siakat, ha valaki k\u00f6z\u00fcl\u00fcnk munk\u00e1ja sor\u00e1n elismer\u00e9st szerez v\u00e1rosunkon k\u00edv\u00fcl is. Sz\u00edvb\u0151l gratul\u00e1lok Jusztik\u00e1nak a d\u00edjhoz, \u00e9s nagyon j\u00f3 eg\u00e9szs\u00e9get, tov\u00e1bbi sikereket k\u00edv\u00e1nok a k\u00f6z\u00f6ss\u00e9get megtart\u00f3 munk\u00e1j\u00e1hoz! -olvashat\u00f3 Mark\u00f3t Imre polg\u00e1rmester facebook oldal\u00e1n","og_url":"https:\/\/miklostv.com\/new\/2024\/02\/05\/jnsz-varmegyei-civil-dijban-reszesult-buzas-sandorne\/","og_site_name":"Mikl\u00f3s TV","article_published_time":"2024-02-05T16:14:02+00:00","article_modified_time":"2024-02-05T16:14:43+00:00","og_image":[{"width":2048,"height":1365,"url":"https:\/\/miklostv.com\/new\/wp-content\/uploads\/2024\/02\/422042244_889837133145493_8508372342595076221_n.jpg","type":"image\/jpeg"}],"author":"S\u00e1ndor","twitter_card":"summary_large_image","twitter_misc":{"Szerz\u0151:":"S\u00e1ndor","Becs\u00fclt olvas\u00e1si id\u0151":"1 perc"},"schema":{"@context":"https:\/\/schema.org","@graph":[{"@type":"NewsArticle","@id":"https:\/\/miklostv.com\/new\/2024\/02\/05\/jnsz-varmegyei-civil-dijban-reszesult-buzas-sandorne\/#article","isPartOf":{"@id":"https:\/\/miklostv.com\/new\/2024\/02\/05\/jnsz-varmegyei-civil-dijban-reszesult-buzas-sandorne\/"},"author":{"name":"S\u00e1ndor","@id":"https:\/\/miklostv.com\/new\/#\/schema\/person\/ff79e2ad2a1522bb7078c68351a9d05a"},"headline":"JNSZ V\u00c1RMEGYEI CIVIL D\u00cdJBAN R\u00c9SZES\u00dcLT BUZ\u00c1S S\u00c1NDORN\u00c9","datePublished":"2024-02-05T16:14:02+00:00","dateModified":"2024-02-05T16:14:43+00:00","mainEntityOfPage":{"@id":"https:\/\/miklostv.com\/new\/2024\/02\/05\/jnsz-varmegyei-civil-dijban-reszesult-buzas-sandorne\/"},"wordCount":156,"image":{"@id":"https:\/\/miklostv.com\/new\/2024\/02\/05\/jnsz-varmegyei-civil-dijban-reszesult-buzas-sandorne\/#primaryimage"},"thumbnailUrl":"https:\/\/miklostv.com\/new\/wp-content\/uploads\/2024\/02\/422042244_889837133145493_8508372342595076221_n.jpg","keywords":["Buz\u00e1s S\u00e1ndorn\u00e9","Mark\u00f3t Imre","T\u00f6r\u00f6kszentmikl\u00f3si Cukorbetegek\u00e9rt Egyes\u00fclet"],"articleSection":["A l\u00e9nyeg r\u00f6viden"],"inLanguage":"hu"},{"@type":"WebPage","@id":"https:\/\/miklostv.com\/new\/2024\/02\/05\/jnsz-varmegyei-civil-dijban-reszesult-buzas-sandorne\/","url":"https:\/\/miklostv.com\/new\/2024\/02\/05\/jnsz-varmegyei-civil-dijban-reszesult-buzas-sandorne\/","name":"JNSZ V\u00c1RMEGYEI CIVIL D\u00cdJBAN R\u00c9SZES\u00dcLT BUZ\u00c1S S\u00c1NDORN\u00c9 - Mikl\u00f3s TV","isPartOf":{"@id":"https:\/\/miklostv.com\/new\/#website"},"primaryImageOfPage":{"@id":"https:\/\/miklostv.com\/new\/2024\/02\/05\/jnsz-varmegyei-civil-dijban-reszesult-buzas-sandorne\/#primaryimage"},"image":{"@id":"https:\/\/miklostv.com\/new\/2024\/02\/05\/jnsz-varmegyei-civil-dijban-reszesult-buzas-sandorne\/#primaryimage"},"thumbnailUrl":"https:\/\/miklostv.com\/new\/wp-content\/uploads\/2024\/02\/422042244_889837133145493_8508372342595076221_n.jpg","datePublished":"2024-02-05T16:14:02+00:00","dateModified":"2024-02-05T16:14:43+00:00","author":{"@id":"https:\/\/miklostv.com\/new\/#\/schema\/person\/ff79e2ad2a1522bb7078c68351a9d05a"},"breadcrumb":{"@id":"https:\/\/miklostv.com\/new\/2024\/02\/05\/jnsz-varmegyei-civil-dijban-reszesult-buzas-sandorne\/#breadcrumb"},"inLanguage":"hu","potentialAction":[{"@type":"ReadAction","target":["https:\/\/miklostv.com\/new\/2024\/02\/05\/jnsz-varmegyei-civil-dijban-reszesult-buzas-sandorne\/"]}]},{"@type":"ImageObject","inLanguage":"hu","@id":"https:\/\/miklostv.com\/new\/2024\/02\/05\/jnsz-varmegyei-civil-dijban-reszesult-buzas-sandorne\/#primaryimage","url":"https:\/\/miklostv.com\/new\/wp-content\/uploads\/2024\/02\/422042244_889837133145493_8508372342595076221_n.jpg","contentUrl":"https:\/\/miklostv.com\/new\/wp-content\/uploads\/2024\/02\/422042244_889837133145493_8508372342595076221_n.jpg","width":2048,"height":1365},{"@type":"BreadcrumbList","@id":"https:\/\/miklostv.com\/new\/2024\/02\/05\/jnsz-varmegyei-civil-dijban-reszesult-buzas-sandorne\/#breadcrumb","itemListElement":[{"@type":"ListItem","position":1,"name":"Kezd\u0151lap","item":"https:\/\/miklostv.com\/new\/"},{"@type":"ListItem","position":2,"name":"JNSZ V\u00c1RMEGYEI CIVIL D\u00cdJBAN R\u00c9SZES\u00dcLT BUZ\u00c1S S\u00c1NDORN\u00c9"}]},{"@type":"WebSite","@id":"https:\/\/miklostv.com\/new\/#website","url":"https:\/\/miklostv.com\/new\/","name":"Mikl\u00f3s TV","description":"Mikl\u00f3s TV","potentialAction":[{"@type":"SearchAction","target":{"@type":"EntryPoint","urlTemplate":"https:\/\/miklostv.com\/new\/?s={search_term_string}"},"query-input":{"@type":"PropertyValueSpecification","valueRequired":true,"valueName":"search_term_string"}}],"inLanguage":"hu"},{"@type":"Person","@id":"https:\/\/miklostv.com\/new\/#\/schema\/person\/ff79e2ad2a1522bb7078c68351a9d05a","name":"S\u00e1ndor","url":"https:\/\/miklostv.com\/new\/author\/szerkeszto\/"}]}},"_links":{"self":[{"href":"https:\/\/miklostv.com\/new\/wp-json\/wp\/v2\/posts\/8717","targetHints":{"allow":["GET"]}}],"collection":[{"href":"https:\/\/miklostv.com\/new\/wp-json\/wp\/v2\/posts"}],"about":[{"href":"https:\/\/miklostv.com\/new\/wp-json\/wp\/v2\/types\/post"}],"author":[{"embeddable":true,"href":"https:\/\/miklostv.com\/new\/wp-json\/wp\/v2\/users\/4"}],"replies":[{"embeddable":true,"href":"https:\/\/miklostv.com\/new\/wp-json\/wp\/v2\/comments?post=8717"}],"version-history":[{"count":1,"href":"https:\/\/miklostv.com\/new\/wp-json\/wp\/v2\/posts\/8717\/revisions"}],"predecessor-version":[{"id":8719,"href":"https:\/\/miklostv.com\/new\/wp-json\/wp\/v2\/posts\/8717\/revisions\/8719"}],"wp:featuredmedia":[{"embeddable":true,"href":"https:\/\/miklostv.com\/new\/wp-json\/wp\/v2\/media\/8720"}],"wp:attachment":[{"href":"https:\/\/miklostv.com\/new\/wp-json\/wp\/v2\/media?parent=8717"}],"wp:term":[{"taxonomy":"category","embeddable":true,"href":"https:\/\/miklostv.com\/new\/wp-json\/wp\/v2\/categories?post=8717"},{"taxonomy":"post_tag","embeddable":true,"href":"https:\/\/miklostv.com\/new\/wp-json\/wp\/v2\/tags?post=8717"}],"curies":[{"name":"wp","href":"https:\/\/api.w.org\/{rel}","templated":true}]}}