{"id":8458,"date":"2023-09-27T15:54:48","date_gmt":"2023-09-27T15:54:48","guid":{"rendered":"https:\/\/miklostv.com\/new\/?p=8458"},"modified":"2023-09-27T16:03:11","modified_gmt":"2023-09-27T16:03:11","slug":"torokszentmiklosi-fc-tovabb-a-kupaban-gyozelem-a-bajnoksagban","status":"publish","type":"post","link":"https:\/\/miklostv.com\/new\/2023\/09\/27\/torokszentmiklosi-fc-tovabb-a-kupaban-gyozelem-a-bajnoksagban\/","title":{"rendered":"T\u00f6r\u00f6kszentmikl\u00f3si FC &#8211; Tov\u00e1bb a kup\u00e1ban, gy\u0151zelem a bajnoks\u00e1gban"},"content":{"rendered":"\n<p class=\"has-medium-font-size\"><strong>Szerda-szombat ritmusban folytatta az id\u00e9nyt a TFC feln\u0151tt csapata. H\u00e9tk\u00f6zben kupameccset j\u00e1tszottak Tiszasz\u0151l\u0151s\u00f6n, szombaton bajnokit az \u00fajonc Tiszagyenda csapat\u00e1n\u00e1l.<\/strong><\/p>\n\n\n\n<figure class=\"wp-block-image size-large\"><img fetchpriority=\"high\" decoding=\"async\" width=\"840\" height=\"440\" src=\"https:\/\/miklostv.com\/new\/wp-content\/uploads\/2023\/09\/tszolos-tgyenda-tfc-cikk-840x440.jpg\" alt=\"\" class=\"wp-image-8459\" srcset=\"https:\/\/miklostv.com\/new\/wp-content\/uploads\/2023\/09\/tszolos-tgyenda-tfc-cikk-840x440.jpg 840w, https:\/\/miklostv.com\/new\/wp-content\/uploads\/2023\/09\/tszolos-tgyenda-tfc-cikk-660x345.jpg 660w, https:\/\/miklostv.com\/new\/wp-content\/uploads\/2023\/09\/tszolos-tgyenda-tfc-cikk-768x402.jpg 768w, https:\/\/miklostv.com\/new\/wp-content\/uploads\/2023\/09\/tszolos-tgyenda-tfc-cikk-1536x804.jpg 1536w, https:\/\/miklostv.com\/new\/wp-content\/uploads\/2023\/09\/tszolos-tgyenda-tfc-cikk.jpg 2048w\" sizes=\"(max-width: 840px) 100vw, 840px\" \/><\/figure>\n\n\n\n<!--more-->\n\n\n\n<p>A kupameccs els\u0151 perc\u00e9ben betal\u00e1lt a v\u00e1rmegye III.-as Tiszasz\u0151l\u0151s, de mind\u00f6ssze 14 percet kellett v\u00e1rni az egyenl\u00edt\u00e9sre. Puporka Mil\u00e1n vette be a hazai kaput a 15. percben. Az els\u0151 j\u00e1t\u00e9kr\u00e9sz hajr\u00e1j\u00e1ban Falusi Norbert (40. perc), majd Farkas Istv\u00e1n (45. perc) is g\u00f3lt szerez, \u00edgy f\u00e9lid\u0151ben m\u00e1r 1-3. A m\u00e1sodik j\u00e1t\u00e9kr\u00e9sz els\u0151 tal\u00e1lat\u00e1t is a hazaiak jegyezt\u00e9k, de ahogy az els\u0151 45 percben is, \u00fagy ebben a j\u00e1t\u00e9kr\u00e9szben is \u00e9rkezett r\u00e1 3 mikl\u00f3si g\u00f3l, K\u00f3r\u00f3di D\u00e1vid (58. perc), F\u00f6ldi Attila (77. perc) \u00e9s Vona Ferenc (78. perc), iratkozott fel a g\u00f3ll\u00f6v\u0151list\u00e1ra, \u00edgy magabiztosan jutott tov\u00e1bb Gergely M\u00e1ty\u00e1s csapata.<\/p>\n\n\n\n<p>Szombaton az \u00fajonc Tiszagyenda v\u00e1rt a mikl\u00f3siakra. Tal\u00e1n a v\u00e1rtn\u00e1l nehezebb meccs lett, mint amire sz\u00e1m\u00edtottunk. Ezen az \u00f6sszecsap\u00e1son is a hazaiak vezettek a 8. perct\u0151l. Az els\u0151 f\u00e9lid\u0151ben nem is l\u00e1thattunk TFC g\u00f3lt. A 68. percben a cserek\u00e9nt besz\u00e1ll\u00f3 Lad\u00e1nyi D\u00e1niel egyenl\u00edtett, majd a 72. percben a szint\u00e9n cserej\u00e1t\u00e9kosk\u00e9nt p\u00e1ly\u00e1ra l\u00e9p\u0151 Farkas Istv\u00e1n megszerezte a vezet\u00e9st. A lelkes hazaiak g\u00f3lja a 74. percben azonban lenull\u00e1zta az el\u0151nyt. B\u0151 10 perccel a v\u00e9ge el\u0151tt Farkas \u00fajabb g\u00f3lja r\u00e9v\u00e9n ism\u00e9t vezetett a TFC, ez a vezet\u00e9s m\u00e1r kitartott a v\u00e9g\u00e9ig, \u00edgy Gergely M\u00e1ty\u00e1s csapata tov\u00e1bbra is makul\u00e1tlan a bajnoks\u00e1gban.<\/p>\n\n\n\n<figure class=\"wp-block-embed is-type-video is-provider-youtube wp-block-embed-youtube wp-embed-aspect-16-9 wp-has-aspect-ratio\"><div class=\"wp-block-embed__wrapper\">\n<iframe  id=\"_ytid_73344\"  width=\"800\" height=\"450\"  data-origwidth=\"800\" data-origheight=\"450\" src=\"https:\/\/www.youtube.com\/embed\/BbtTdIQbvNs?enablejsapi=1&#038;autoplay=0&#038;cc_load_policy=0&#038;cc_lang_pref=hu&#038;iv_load_policy=1&#038;loop=0&#038;rel=1&#038;fs=1&#038;playsinline=1&#038;autohide=2&#038;theme=dark&#038;color=red&#038;controls=1&#038;disablekb=0&#038;\" class=\"__youtube_prefs__  epyt-is-override  no-lazyload\" title=\"YouTube player\"  allow=\"fullscreen; accelerometer; autoplay; clipboard-write; encrypted-media; gyroscope; picture-in-picture; web-share\" referrerpolicy=\"strict-origin-when-cross-origin\" allowfullscreen data-no-lazy=\"1\" data-skipgform_ajax_framebjll=\"\"><\/iframe>\n<\/div><\/figure>\n\n\n\n<p>A fordul\u00f3 rangad\u00f3j\u00e1n Tiszaf\u00f6ldv\u00e1r-Mez\u0151t\u00far 1-3, \u00edgy m\u00e1r csak 2 csapat 100%-os az oszt\u00e1lyban. A tabell\u00e1n Mez\u0151t\u00far az els\u0151, m\u00e1sodik a szint\u00e9n 6 meccses nyer\u0151sz\u00e9ri\u00e1ban l\u00e9v\u0151, de gyeng\u00e9bb g\u00f3lk\u00fcl\u00f6nbs\u00e9ggel rendelkez\u0151 T\u00f6r\u00f6kszentmikl\u00f3s, harmadik pedig Tiszaf\u00f6ldv\u00e1r.<\/p>\n","protected":false},"excerpt":{"rendered":"<p>Szerda-szombat ritmusban folytatta az id\u00e9nyt a TFC feln\u0151tt csapata. H\u00e9tk\u00f6zben kupameccset j\u00e1tszottak Tiszasz\u0151l\u0151s\u00f6n, szombaton bajnokit az \u00fajonc Tiszagyenda csapat\u00e1n\u00e1l.<\/p>\n","protected":false},"author":3,"featured_media":8459,"comment_status":"closed","ping_status":"closed","sticky":false,"template":"","format":"standard","meta":{"fifu_image_url":"","fifu_image_alt":"","footnotes":""},"categories":[33],"tags":[],"class_list":["post-8458","post","type-post","status-publish","format-standard","has-post-thumbnail","hentry","category-sport-hirek"],"gutentor_comment":0,"yoast_head":"<!-- This site is optimized with the Yoast SEO plugin v27.5 - https:\/\/yoast.com\/product\/yoast-seo-wordpress\/ -->\n<title>T\u00f6r\u00f6kszentmikl\u00f3si FC - Tov\u00e1bb a kup\u00e1ban, gy\u0151zelem a bajnoks\u00e1gban - Mikl\u00f3s TV<\/title>\n<meta name=\"robots\" content=\"index, follow, max-snippet:-1, max-image-preview:large, max-video-preview:-1\" \/>\n<link rel=\"canonical\" href=\"https:\/\/miklostv.com\/new\/2023\/09\/27\/torokszentmiklosi-fc-tovabb-a-kupaban-gyozelem-a-bajnoksagban\/\" \/>\n<meta property=\"og:locale\" content=\"hu_HU\" \/>\n<meta property=\"og:type\" content=\"article\" \/>\n<meta property=\"og:title\" content=\"T\u00f6r\u00f6kszentmikl\u00f3si FC - Tov\u00e1bb a kup\u00e1ban, gy\u0151zelem a bajnoks\u00e1gban - Mikl\u00f3s TV\" \/>\n<meta property=\"og:description\" content=\"Szerda-szombat ritmusban folytatta az id\u00e9nyt a TFC feln\u0151tt csapata. H\u00e9tk\u00f6zben kupameccset j\u00e1tszottak Tiszasz\u0151l\u0151s\u00f6n, szombaton bajnokit az \u00fajonc Tiszagyenda csapat\u00e1n\u00e1l.\" \/>\n<meta property=\"og:url\" content=\"https:\/\/miklostv.com\/new\/2023\/09\/27\/torokszentmiklosi-fc-tovabb-a-kupaban-gyozelem-a-bajnoksagban\/\" \/>\n<meta property=\"og:site_name\" content=\"Mikl\u00f3s TV\" \/>\n<meta property=\"article:published_time\" content=\"2023-09-27T15:54:48+00:00\" \/>\n<meta property=\"article:modified_time\" content=\"2023-09-27T16:03:11+00:00\" \/>\n<meta property=\"og:image\" content=\"https:\/\/miklostv.com\/new\/wp-content\/uploads\/2023\/09\/tszolos-tgyenda-tfc-cikk.jpg\" \/>\n\t<meta property=\"og:image:width\" content=\"2048\" \/>\n\t<meta property=\"og:image:height\" content=\"1072\" \/>\n\t<meta property=\"og:image:type\" content=\"image\/jpeg\" \/>\n<meta name=\"author\" content=\"Csaba\" \/>\n<meta name=\"twitter:card\" content=\"summary_large_image\" \/>\n<meta name=\"twitter:label1\" content=\"Szerz\u0151:\" \/>\n\t<meta name=\"twitter:data1\" content=\"Csaba\" \/>\n\t<meta name=\"twitter:label2\" content=\"Becs\u00fclt olvas\u00e1si id\u0151\" \/>\n\t<meta name=\"twitter:data2\" content=\"2 perc\" \/>\n<script type=\"application\/ld+json\" class=\"yoast-schema-graph\">{\"@context\":\"https:\\\/\\\/schema.org\",\"@graph\":[{\"@type\":\"NewsArticle\",\"@id\":\"https:\\\/\\\/miklostv.com\\\/new\\\/2023\\\/09\\\/27\\\/torokszentmiklosi-fc-tovabb-a-kupaban-gyozelem-a-bajnoksagban\\\/#article\",\"isPartOf\":{\"@id\":\"https:\\\/\\\/miklostv.com\\\/new\\\/2023\\\/09\\\/27\\\/torokszentmiklosi-fc-tovabb-a-kupaban-gyozelem-a-bajnoksagban\\\/\"},\"author\":{\"name\":\"Csaba\",\"@id\":\"https:\\\/\\\/miklostv.com\\\/new\\\/#\\\/schema\\\/person\\\/f3618ba4452057fb1d671f973554e567\"},\"headline\":\"T\u00f6r\u00f6kszentmikl\u00f3si FC &#8211; Tov\u00e1bb a kup\u00e1ban, gy\u0151zelem a bajnoks\u00e1gban\",\"datePublished\":\"2023-09-27T15:54:48+00:00\",\"dateModified\":\"2023-09-27T16:03:11+00:00\",\"mainEntityOfPage\":{\"@id\":\"https:\\\/\\\/miklostv.com\\\/new\\\/2023\\\/09\\\/27\\\/torokszentmiklosi-fc-tovabb-a-kupaban-gyozelem-a-bajnoksagban\\\/\"},\"wordCount\":377,\"image\":{\"@id\":\"https:\\\/\\\/miklostv.com\\\/new\\\/2023\\\/09\\\/27\\\/torokszentmiklosi-fc-tovabb-a-kupaban-gyozelem-a-bajnoksagban\\\/#primaryimage\"},\"thumbnailUrl\":\"https:\\\/\\\/miklostv.com\\\/new\\\/wp-content\\\/uploads\\\/2023\\\/09\\\/tszolos-tgyenda-tfc-cikk.jpg\",\"articleSection\":[\"Sporth\u00edrek\"],\"inLanguage\":\"hu\"},{\"@type\":\"WebPage\",\"@id\":\"https:\\\/\\\/miklostv.com\\\/new\\\/2023\\\/09\\\/27\\\/torokszentmiklosi-fc-tovabb-a-kupaban-gyozelem-a-bajnoksagban\\\/\",\"url\":\"https:\\\/\\\/miklostv.com\\\/new\\\/2023\\\/09\\\/27\\\/torokszentmiklosi-fc-tovabb-a-kupaban-gyozelem-a-bajnoksagban\\\/\",\"name\":\"T\u00f6r\u00f6kszentmikl\u00f3si FC - Tov\u00e1bb a kup\u00e1ban, gy\u0151zelem a bajnoks\u00e1gban - Mikl\u00f3s TV\",\"isPartOf\":{\"@id\":\"https:\\\/\\\/miklostv.com\\\/new\\\/#website\"},\"primaryImageOfPage\":{\"@id\":\"https:\\\/\\\/miklostv.com\\\/new\\\/2023\\\/09\\\/27\\\/torokszentmiklosi-fc-tovabb-a-kupaban-gyozelem-a-bajnoksagban\\\/#primaryimage\"},\"image\":{\"@id\":\"https:\\\/\\\/miklostv.com\\\/new\\\/2023\\\/09\\\/27\\\/torokszentmiklosi-fc-tovabb-a-kupaban-gyozelem-a-bajnoksagban\\\/#primaryimage\"},\"thumbnailUrl\":\"https:\\\/\\\/miklostv.com\\\/new\\\/wp-content\\\/uploads\\\/2023\\\/09\\\/tszolos-tgyenda-tfc-cikk.jpg\",\"datePublished\":\"2023-09-27T15:54:48+00:00\",\"dateModified\":\"2023-09-27T16:03:11+00:00\",\"author\":{\"@id\":\"https:\\\/\\\/miklostv.com\\\/new\\\/#\\\/schema\\\/person\\\/f3618ba4452057fb1d671f973554e567\"},\"breadcrumb\":{\"@id\":\"https:\\\/\\\/miklostv.com\\\/new\\\/2023\\\/09\\\/27\\\/torokszentmiklosi-fc-tovabb-a-kupaban-gyozelem-a-bajnoksagban\\\/#breadcrumb\"},\"inLanguage\":\"hu\",\"potentialAction\":[{\"@type\":\"ReadAction\",\"target\":[\"https:\\\/\\\/miklostv.com\\\/new\\\/2023\\\/09\\\/27\\\/torokszentmiklosi-fc-tovabb-a-kupaban-gyozelem-a-bajnoksagban\\\/\"]}]},{\"@type\":\"ImageObject\",\"inLanguage\":\"hu\",\"@id\":\"https:\\\/\\\/miklostv.com\\\/new\\\/2023\\\/09\\\/27\\\/torokszentmiklosi-fc-tovabb-a-kupaban-gyozelem-a-bajnoksagban\\\/#primaryimage\",\"url\":\"https:\\\/\\\/miklostv.com\\\/new\\\/wp-content\\\/uploads\\\/2023\\\/09\\\/tszolos-tgyenda-tfc-cikk.jpg\",\"contentUrl\":\"https:\\\/\\\/miklostv.com\\\/new\\\/wp-content\\\/uploads\\\/2023\\\/09\\\/tszolos-tgyenda-tfc-cikk.jpg\",\"width\":2048,\"height\":1072},{\"@type\":\"BreadcrumbList\",\"@id\":\"https:\\\/\\\/miklostv.com\\\/new\\\/2023\\\/09\\\/27\\\/torokszentmiklosi-fc-tovabb-a-kupaban-gyozelem-a-bajnoksagban\\\/#breadcrumb\",\"itemListElement\":[{\"@type\":\"ListItem\",\"position\":1,\"name\":\"Kezd\u0151lap\",\"item\":\"https:\\\/\\\/miklostv.com\\\/new\\\/\"},{\"@type\":\"ListItem\",\"position\":2,\"name\":\"T\u00f6r\u00f6kszentmikl\u00f3si FC &#8211; Tov\u00e1bb a kup\u00e1ban, gy\u0151zelem a bajnoks\u00e1gban\"}]},{\"@type\":\"WebSite\",\"@id\":\"https:\\\/\\\/miklostv.com\\\/new\\\/#website\",\"url\":\"https:\\\/\\\/miklostv.com\\\/new\\\/\",\"name\":\"Mikl\u00f3s TV\",\"description\":\"Mikl\u00f3s TV\",\"potentialAction\":[{\"@type\":\"SearchAction\",\"target\":{\"@type\":\"EntryPoint\",\"urlTemplate\":\"https:\\\/\\\/miklostv.com\\\/new\\\/?s={search_term_string}\"},\"query-input\":{\"@type\":\"PropertyValueSpecification\",\"valueRequired\":true,\"valueName\":\"search_term_string\"}}],\"inLanguage\":\"hu\"},{\"@type\":\"Person\",\"@id\":\"https:\\\/\\\/miklostv.com\\\/new\\\/#\\\/schema\\\/person\\\/f3618ba4452057fb1d671f973554e567\",\"name\":\"Csaba\",\"url\":\"https:\\\/\\\/miklostv.com\\\/new\\\/author\\\/hcsaba\\\/\"}]}<\/script>\n<!-- \/ Yoast SEO plugin. -->","yoast_head_json":{"title":"T\u00f6r\u00f6kszentmikl\u00f3si FC - Tov\u00e1bb a kup\u00e1ban, gy\u0151zelem a bajnoks\u00e1gban - Mikl\u00f3s TV","robots":{"index":"index","follow":"follow","max-snippet":"max-snippet:-1","max-image-preview":"max-image-preview:large","max-video-preview":"max-video-preview:-1"},"canonical":"https:\/\/miklostv.com\/new\/2023\/09\/27\/torokszentmiklosi-fc-tovabb-a-kupaban-gyozelem-a-bajnoksagban\/","og_locale":"hu_HU","og_type":"article","og_title":"T\u00f6r\u00f6kszentmikl\u00f3si FC - Tov\u00e1bb a kup\u00e1ban, gy\u0151zelem a bajnoks\u00e1gban - Mikl\u00f3s TV","og_description":"Szerda-szombat ritmusban folytatta az id\u00e9nyt a TFC feln\u0151tt csapata. H\u00e9tk\u00f6zben kupameccset j\u00e1tszottak Tiszasz\u0151l\u0151s\u00f6n, szombaton bajnokit az \u00fajonc Tiszagyenda csapat\u00e1n\u00e1l.","og_url":"https:\/\/miklostv.com\/new\/2023\/09\/27\/torokszentmiklosi-fc-tovabb-a-kupaban-gyozelem-a-bajnoksagban\/","og_site_name":"Mikl\u00f3s TV","article_published_time":"2023-09-27T15:54:48+00:00","article_modified_time":"2023-09-27T16:03:11+00:00","og_image":[{"width":2048,"height":1072,"url":"https:\/\/miklostv.com\/new\/wp-content\/uploads\/2023\/09\/tszolos-tgyenda-tfc-cikk.jpg","type":"image\/jpeg"}],"author":"Csaba","twitter_card":"summary_large_image","twitter_misc":{"Szerz\u0151:":"Csaba","Becs\u00fclt olvas\u00e1si id\u0151":"2 perc"},"schema":{"@context":"https:\/\/schema.org","@graph":[{"@type":"NewsArticle","@id":"https:\/\/miklostv.com\/new\/2023\/09\/27\/torokszentmiklosi-fc-tovabb-a-kupaban-gyozelem-a-bajnoksagban\/#article","isPartOf":{"@id":"https:\/\/miklostv.com\/new\/2023\/09\/27\/torokszentmiklosi-fc-tovabb-a-kupaban-gyozelem-a-bajnoksagban\/"},"author":{"name":"Csaba","@id":"https:\/\/miklostv.com\/new\/#\/schema\/person\/f3618ba4452057fb1d671f973554e567"},"headline":"T\u00f6r\u00f6kszentmikl\u00f3si FC &#8211; Tov\u00e1bb a kup\u00e1ban, gy\u0151zelem a bajnoks\u00e1gban","datePublished":"2023-09-27T15:54:48+00:00","dateModified":"2023-09-27T16:03:11+00:00","mainEntityOfPage":{"@id":"https:\/\/miklostv.com\/new\/2023\/09\/27\/torokszentmiklosi-fc-tovabb-a-kupaban-gyozelem-a-bajnoksagban\/"},"wordCount":377,"image":{"@id":"https:\/\/miklostv.com\/new\/2023\/09\/27\/torokszentmiklosi-fc-tovabb-a-kupaban-gyozelem-a-bajnoksagban\/#primaryimage"},"thumbnailUrl":"https:\/\/miklostv.com\/new\/wp-content\/uploads\/2023\/09\/tszolos-tgyenda-tfc-cikk.jpg","articleSection":["Sporth\u00edrek"],"inLanguage":"hu"},{"@type":"WebPage","@id":"https:\/\/miklostv.com\/new\/2023\/09\/27\/torokszentmiklosi-fc-tovabb-a-kupaban-gyozelem-a-bajnoksagban\/","url":"https:\/\/miklostv.com\/new\/2023\/09\/27\/torokszentmiklosi-fc-tovabb-a-kupaban-gyozelem-a-bajnoksagban\/","name":"T\u00f6r\u00f6kszentmikl\u00f3si FC - Tov\u00e1bb a kup\u00e1ban, gy\u0151zelem a bajnoks\u00e1gban - Mikl\u00f3s TV","isPartOf":{"@id":"https:\/\/miklostv.com\/new\/#website"},"primaryImageOfPage":{"@id":"https:\/\/miklostv.com\/new\/2023\/09\/27\/torokszentmiklosi-fc-tovabb-a-kupaban-gyozelem-a-bajnoksagban\/#primaryimage"},"image":{"@id":"https:\/\/miklostv.com\/new\/2023\/09\/27\/torokszentmiklosi-fc-tovabb-a-kupaban-gyozelem-a-bajnoksagban\/#primaryimage"},"thumbnailUrl":"https:\/\/miklostv.com\/new\/wp-content\/uploads\/2023\/09\/tszolos-tgyenda-tfc-cikk.jpg","datePublished":"2023-09-27T15:54:48+00:00","dateModified":"2023-09-27T16:03:11+00:00","author":{"@id":"https:\/\/miklostv.com\/new\/#\/schema\/person\/f3618ba4452057fb1d671f973554e567"},"breadcrumb":{"@id":"https:\/\/miklostv.com\/new\/2023\/09\/27\/torokszentmiklosi-fc-tovabb-a-kupaban-gyozelem-a-bajnoksagban\/#breadcrumb"},"inLanguage":"hu","potentialAction":[{"@type":"ReadAction","target":["https:\/\/miklostv.com\/new\/2023\/09\/27\/torokszentmiklosi-fc-tovabb-a-kupaban-gyozelem-a-bajnoksagban\/"]}]},{"@type":"ImageObject","inLanguage":"hu","@id":"https:\/\/miklostv.com\/new\/2023\/09\/27\/torokszentmiklosi-fc-tovabb-a-kupaban-gyozelem-a-bajnoksagban\/#primaryimage","url":"https:\/\/miklostv.com\/new\/wp-content\/uploads\/2023\/09\/tszolos-tgyenda-tfc-cikk.jpg","contentUrl":"https:\/\/miklostv.com\/new\/wp-content\/uploads\/2023\/09\/tszolos-tgyenda-tfc-cikk.jpg","width":2048,"height":1072},{"@type":"BreadcrumbList","@id":"https:\/\/miklostv.com\/new\/2023\/09\/27\/torokszentmiklosi-fc-tovabb-a-kupaban-gyozelem-a-bajnoksagban\/#breadcrumb","itemListElement":[{"@type":"ListItem","position":1,"name":"Kezd\u0151lap","item":"https:\/\/miklostv.com\/new\/"},{"@type":"ListItem","position":2,"name":"T\u00f6r\u00f6kszentmikl\u00f3si FC &#8211; Tov\u00e1bb a kup\u00e1ban, gy\u0151zelem a bajnoks\u00e1gban"}]},{"@type":"WebSite","@id":"https:\/\/miklostv.com\/new\/#website","url":"https:\/\/miklostv.com\/new\/","name":"Mikl\u00f3s TV","description":"Mikl\u00f3s TV","potentialAction":[{"@type":"SearchAction","target":{"@type":"EntryPoint","urlTemplate":"https:\/\/miklostv.com\/new\/?s={search_term_string}"},"query-input":{"@type":"PropertyValueSpecification","valueRequired":true,"valueName":"search_term_string"}}],"inLanguage":"hu"},{"@type":"Person","@id":"https:\/\/miklostv.com\/new\/#\/schema\/person\/f3618ba4452057fb1d671f973554e567","name":"Csaba","url":"https:\/\/miklostv.com\/new\/author\/hcsaba\/"}]}},"_links":{"self":[{"href":"https:\/\/miklostv.com\/new\/wp-json\/wp\/v2\/posts\/8458","targetHints":{"allow":["GET"]}}],"collection":[{"href":"https:\/\/miklostv.com\/new\/wp-json\/wp\/v2\/posts"}],"about":[{"href":"https:\/\/miklostv.com\/new\/wp-json\/wp\/v2\/types\/post"}],"author":[{"embeddable":true,"href":"https:\/\/miklostv.com\/new\/wp-json\/wp\/v2\/users\/3"}],"replies":[{"embeddable":true,"href":"https:\/\/miklostv.com\/new\/wp-json\/wp\/v2\/comments?post=8458"}],"version-history":[{"count":4,"href":"https:\/\/miklostv.com\/new\/wp-json\/wp\/v2\/posts\/8458\/revisions"}],"predecessor-version":[{"id":8465,"href":"https:\/\/miklostv.com\/new\/wp-json\/wp\/v2\/posts\/8458\/revisions\/8465"}],"wp:featuredmedia":[{"embeddable":true,"href":"https:\/\/miklostv.com\/new\/wp-json\/wp\/v2\/media\/8459"}],"wp:attachment":[{"href":"https:\/\/miklostv.com\/new\/wp-json\/wp\/v2\/media?parent=8458"}],"wp:term":[{"taxonomy":"category","embeddable":true,"href":"https:\/\/miklostv.com\/new\/wp-json\/wp\/v2\/categories?post=8458"},{"taxonomy":"post_tag","embeddable":true,"href":"https:\/\/miklostv.com\/new\/wp-json\/wp\/v2\/tags?post=8458"}],"curies":[{"name":"wp","href":"https:\/\/api.w.org\/{rel}","templated":true}]}}