{"id":8439,"date":"2023-09-04T15:19:08","date_gmt":"2023-09-04T15:19:08","guid":{"rendered":"https:\/\/miklostv.com\/new\/?p=8439"},"modified":"2023-09-04T15:25:17","modified_gmt":"2023-09-04T15:25:17","slug":"jaszberenyt-is-legyozte-a-torokszentmiklosi-fc","status":"publish","type":"post","link":"https:\/\/miklostv.com\/new\/2023\/09\/04\/jaszberenyt-is-legyozte-a-torokszentmiklosi-fc\/","title":{"rendered":"J\u00e1szber\u00e9nyt is legy\u0151zte a T\u00f6r\u00f6kszentmikl\u00f3si FC"},"content":{"rendered":"\n<p class=\"has-medium-font-size\"><strong>A TFC felk\u00e9sz\u00fcl\u00e9s\u00e9nek utols\u00f3 edz\u0151meccs\u00e9t, inkorrekt m\u00f3don visszamondta a J\u00e1szber\u00e9nyi FC, a v\u00e1rmegyei bajnoks\u00e1g 3. fordul\u00f3j\u00e1ban m\u00e1r t\u00e9tmeccsen tal\u00e1lkozott a k\u00e9t csapat.<\/strong><\/p>\n\n\n\n<figure class=\"wp-block-image size-large\"><img fetchpriority=\"high\" decoding=\"async\" width=\"840\" height=\"440\" src=\"https:\/\/miklostv.com\/new\/wp-content\/uploads\/2023\/09\/tfc-jaszberenyl-cikk2-840x440.jpg\" alt=\"\" class=\"wp-image-8441\" srcset=\"https:\/\/miklostv.com\/new\/wp-content\/uploads\/2023\/09\/tfc-jaszberenyl-cikk2-840x440.jpg 840w, https:\/\/miklostv.com\/new\/wp-content\/uploads\/2023\/09\/tfc-jaszberenyl-cikk2-660x345.jpg 660w, https:\/\/miklostv.com\/new\/wp-content\/uploads\/2023\/09\/tfc-jaszberenyl-cikk2-768x402.jpg 768w, https:\/\/miklostv.com\/new\/wp-content\/uploads\/2023\/09\/tfc-jaszberenyl-cikk2-1536x804.jpg 1536w, https:\/\/miklostv.com\/new\/wp-content\/uploads\/2023\/09\/tfc-jaszberenyl-cikk2.jpg 2048w\" sizes=\"(max-width: 840px) 100vw, 840px\" \/><\/figure>\n\n\n\n<p>Hazai g\u00f3l alapozta meg az \u00f6sszecsap\u00e1st: <strong>B\u00e1ba Tibor<\/strong> vitte fel a labd\u00e1t a 16-osig, ott <strong>Vona Ferenc<\/strong>hez paszolt, a fiatal mikl\u00f3si pontos bead\u00e1ssal tal\u00e1lta meg a kapu el\u0151ter\u00e9ben Lucza Tam\u00e1st, aki zavartalanul fejelt a h\u00e1l\u00f3ba; 1-0 a 4. percben.<\/p>\n\n\n\n<p>A 12. percben Szentmikl\u00f3si passza ut\u00e1n <strong>Kiss Zal\u00e1n<\/strong> j\u00f3 \u00fctemben l\u00e9pett ki a kapub\u00f3l \u00e9s megszerezte a labd\u00e1t.<\/p>\n\n\n\n<p>Az iv\u00f3sz\u00fcnetet k\u00f6vet\u0151en a vend\u00e9gek el\u0151tt is akadt lehet\u0151s\u00e9g, Kiss Zal\u00e1n kir\u00fag\u00e1s\u00e1t visszafejelt\u00e9k, de Szentmikl\u00f3si k\u00f6z\u00e9pen lesen kapta meg a labd\u00e1t. 10 perccel k\u00e9s\u0151bb ber\u00e9nyi szabadr\u00fag\u00e1s, Kiss Zal\u00e1n stoppolta a kapu fel\u00e9 tart\u00f3 labd\u00e1t.<\/p>\n\n\n\n<p>A 37. percben <strong>Puporka Mil\u00e1n<\/strong> k\u00fczd\u00f6tt meg a labd\u00e1\u00e9rt a f\u00e9lp\u00e1lya k\u00f6zel\u00e9ben, <strong>Lucz\u00e1<\/strong>hoz tov\u00e1bb\u00edtott, aki ez\u00fattal a kapu bal oldal\u00e1ba l\u0151tt; 2-0.<\/p>\n\n\n\n<p><strong>A f\u00e9lidei eredm\u00e9ny 2-0.<\/strong><\/p>\n\n\n\n<p>A 70. percben <strong>K\u00f3r\u00f3di D\u00e1vid<\/strong> szabadr\u00fag\u00e1sa ut\u00e1n <strong>Nagy G\u00e1bor<\/strong> 12 m\u00e9terr\u0151l pr\u00f3b\u00e1lkozott, de a vend\u00e9gek kapusa elh\u00e1r\u00edtotta a vesz\u00e9lyt.<\/p>\n\n\n\n<p>A 74. percben k\u00f6z\u00e9pen <strong>K\u00f3r\u00f3di<\/strong> kapta j\u00f3 \u00fctemben <strong>Poczai Ronald<\/strong>t\u00f3l a labd\u00e1t, el\u0151bbi a kapus mellett l\u0151tt a h\u00e1l\u00f3ba; 3-0.<\/p>\n\n\n\n<p>A 81. percben <strong>Puporka<\/strong> kiss\u00e9 kisodr\u00f3dva c\u00e9lozta meg a kaput, a kapufa mellett gurult ki a labda.<\/p>\n\n\n\n<p>A 85. percben <strong>Farkas Istv\u00e1n<\/strong> \u00e9s <strong>Poczai<\/strong> 2 az 1-ben vezette kapura a labd\u00e1t, <strong>Roni<\/strong> l\u00f6v\u00e9se er\u0151tlenre siker\u00fclt.<\/p>\n\n\n\n<p>Az utols\u00f3 percekben <strong>Farkas<\/strong> t\u00f6bb g\u00f3lt is szerezhetett volna, de a vend\u00e9gkapus megakad\u00e1lyozta \u0151t ebben. <strong>T\u00f6r\u00f6kszentmikl\u00f3s &#8211; J\u00e1szber\u00e9ny 3-0.<\/strong><\/p>\n\n\n\n<figure class=\"wp-block-embed is-type-video is-provider-youtube wp-block-embed-youtube wp-embed-aspect-16-9 wp-has-aspect-ratio\"><div class=\"wp-block-embed__wrapper\">\n<iframe  id=\"_ytid_41688\"  width=\"800\" height=\"450\"  data-origwidth=\"800\" data-origheight=\"450\" src=\"https:\/\/www.youtube.com\/embed\/YXHHgfAsWRg?enablejsapi=1&#038;autoplay=0&#038;cc_load_policy=0&#038;cc_lang_pref=hu&#038;iv_load_policy=1&#038;loop=0&#038;rel=1&#038;fs=1&#038;playsinline=1&#038;autohide=2&#038;theme=dark&#038;color=red&#038;controls=1&#038;disablekb=0&#038;\" class=\"__youtube_prefs__  epyt-is-override  no-lazyload\" title=\"YouTube player\"  allow=\"fullscreen; accelerometer; autoplay; clipboard-write; encrypted-media; gyroscope; picture-in-picture; web-share\" referrerpolicy=\"strict-origin-when-cross-origin\" allowfullscreen data-no-lazy=\"1\" data-skipgform_ajax_framebjll=\"\"><\/iframe>\n<\/div><\/figure>\n","protected":false},"excerpt":{"rendered":"<p>A TFC felk\u00e9sz\u00fcl\u00e9s\u00e9nek utols\u00f3 edz\u0151meccs\u00e9t, inkorrekt m\u00f3don visszamondta a J\u00e1szber\u00e9nyi FC, a v\u00e1rmegyei bajnoks\u00e1g 3. fordul\u00f3j\u00e1ban m\u00e1r t\u00e9tmeccsen tal\u00e1lkozott a k\u00e9t csapat. Hazai g\u00f3l alapozta meg az \u00f6sszecsap\u00e1st: B\u00e1ba Tibor vitte fel a labd\u00e1t a 16-osig, ott Vona Ferenchez paszolt, a fiatal mikl\u00f3si pontos bead\u00e1ssal tal\u00e1lta meg a kapu el\u0151ter\u00e9ben Lucza Tam\u00e1st, aki zavartalanul fejelt a h\u00e1l\u00f3ba; 1-0 a 4. percben. A 12. percben Szentmikl\u00f3si passza ut\u00e1n Kiss Zal\u00e1n j\u00f3 \u00fctemben l\u00e9pett ki a kapub\u00f3l \u00e9s megszerezte a labd\u00e1t. Az iv\u00f3sz\u00fcnetet k\u00f6vet\u0151en a vend\u00e9gek el\u0151tt is akadt lehet\u0151s\u00e9g, Kiss Zal\u00e1n&hellip;<\/p>\n","protected":false},"author":3,"featured_media":8441,"comment_status":"closed","ping_status":"closed","sticky":false,"template":"","format":"standard","meta":{"fifu_image_url":"","fifu_image_alt":"","footnotes":""},"categories":[33],"tags":[],"class_list":["post-8439","post","type-post","status-publish","format-standard","has-post-thumbnail","hentry","category-sport-hirek"],"gutentor_comment":0,"yoast_head":"<!-- This site is optimized with the Yoast SEO plugin v27.5 - https:\/\/yoast.com\/product\/yoast-seo-wordpress\/ -->\n<title>J\u00e1szber\u00e9nyt is legy\u0151zte a T\u00f6r\u00f6kszentmikl\u00f3si FC - Mikl\u00f3s TV<\/title>\n<meta name=\"robots\" content=\"index, follow, max-snippet:-1, max-image-preview:large, max-video-preview:-1\" \/>\n<link rel=\"canonical\" href=\"https:\/\/miklostv.com\/new\/2023\/09\/04\/jaszberenyt-is-legyozte-a-torokszentmiklosi-fc\/\" \/>\n<meta property=\"og:locale\" content=\"hu_HU\" \/>\n<meta property=\"og:type\" content=\"article\" \/>\n<meta property=\"og:title\" content=\"J\u00e1szber\u00e9nyt is legy\u0151zte a T\u00f6r\u00f6kszentmikl\u00f3si FC - Mikl\u00f3s TV\" \/>\n<meta property=\"og:description\" content=\"A TFC felk\u00e9sz\u00fcl\u00e9s\u00e9nek utols\u00f3 edz\u0151meccs\u00e9t, inkorrekt m\u00f3don visszamondta a J\u00e1szber\u00e9nyi FC, a v\u00e1rmegyei bajnoks\u00e1g 3. fordul\u00f3j\u00e1ban m\u00e1r t\u00e9tmeccsen tal\u00e1lkozott a k\u00e9t csapat. Hazai g\u00f3l alapozta meg az \u00f6sszecsap\u00e1st: B\u00e1ba Tibor vitte fel a labd\u00e1t a 16-osig, ott Vona Ferenchez paszolt, a fiatal mikl\u00f3si pontos bead\u00e1ssal tal\u00e1lta meg a kapu el\u0151ter\u00e9ben Lucza Tam\u00e1st, aki zavartalanul fejelt a h\u00e1l\u00f3ba; 1-0 a 4. percben. A 12. percben Szentmikl\u00f3si passza ut\u00e1n Kiss Zal\u00e1n j\u00f3 \u00fctemben l\u00e9pett ki a kapub\u00f3l \u00e9s megszerezte a labd\u00e1t. Az iv\u00f3sz\u00fcnetet k\u00f6vet\u0151en a vend\u00e9gek el\u0151tt is akadt lehet\u0151s\u00e9g, Kiss Zal\u00e1n&hellip;\" \/>\n<meta property=\"og:url\" content=\"https:\/\/miklostv.com\/new\/2023\/09\/04\/jaszberenyt-is-legyozte-a-torokszentmiklosi-fc\/\" \/>\n<meta property=\"og:site_name\" content=\"Mikl\u00f3s TV\" \/>\n<meta property=\"article:published_time\" content=\"2023-09-04T15:19:08+00:00\" \/>\n<meta property=\"article:modified_time\" content=\"2023-09-04T15:25:17+00:00\" \/>\n<meta property=\"og:image\" content=\"https:\/\/miklostv.com\/new\/wp-content\/uploads\/2023\/09\/tfc-jaszberenyl-cikk2-840x440.jpg\" \/>\n\t<meta property=\"og:image:width\" content=\"840\" \/>\n\t<meta property=\"og:image:height\" content=\"440\" \/>\n\t<meta property=\"og:image:type\" content=\"image\/jpeg\" \/>\n<meta name=\"author\" content=\"Csaba\" \/>\n<meta name=\"twitter:card\" content=\"summary_large_image\" \/>\n<meta name=\"twitter:label1\" content=\"Szerz\u0151:\" \/>\n\t<meta name=\"twitter:data1\" content=\"Csaba\" \/>\n\t<meta name=\"twitter:label2\" content=\"Becs\u00fclt olvas\u00e1si id\u0151\" \/>\n\t<meta name=\"twitter:data2\" content=\"2 perc\" \/>\n<script type=\"application\/ld+json\" class=\"yoast-schema-graph\">{\"@context\":\"https:\\\/\\\/schema.org\",\"@graph\":[{\"@type\":\"NewsArticle\",\"@id\":\"https:\\\/\\\/miklostv.com\\\/new\\\/2023\\\/09\\\/04\\\/jaszberenyt-is-legyozte-a-torokszentmiklosi-fc\\\/#article\",\"isPartOf\":{\"@id\":\"https:\\\/\\\/miklostv.com\\\/new\\\/2023\\\/09\\\/04\\\/jaszberenyt-is-legyozte-a-torokszentmiklosi-fc\\\/\"},\"author\":{\"name\":\"Csaba\",\"@id\":\"https:\\\/\\\/miklostv.com\\\/new\\\/#\\\/schema\\\/person\\\/f3618ba4452057fb1d671f973554e567\"},\"headline\":\"J\u00e1szber\u00e9nyt is legy\u0151zte a T\u00f6r\u00f6kszentmikl\u00f3si FC\",\"datePublished\":\"2023-09-04T15:19:08+00:00\",\"dateModified\":\"2023-09-04T15:25:17+00:00\",\"mainEntityOfPage\":{\"@id\":\"https:\\\/\\\/miklostv.com\\\/new\\\/2023\\\/09\\\/04\\\/jaszberenyt-is-legyozte-a-torokszentmiklosi-fc\\\/\"},\"wordCount\":354,\"image\":{\"@id\":\"https:\\\/\\\/miklostv.com\\\/new\\\/2023\\\/09\\\/04\\\/jaszberenyt-is-legyozte-a-torokszentmiklosi-fc\\\/#primaryimage\"},\"thumbnailUrl\":\"https:\\\/\\\/miklostv.com\\\/new\\\/wp-content\\\/uploads\\\/2023\\\/09\\\/tfc-jaszberenyl-cikk2.jpg\",\"articleSection\":[\"Sporth\u00edrek\"],\"inLanguage\":\"hu\"},{\"@type\":\"WebPage\",\"@id\":\"https:\\\/\\\/miklostv.com\\\/new\\\/2023\\\/09\\\/04\\\/jaszberenyt-is-legyozte-a-torokszentmiklosi-fc\\\/\",\"url\":\"https:\\\/\\\/miklostv.com\\\/new\\\/2023\\\/09\\\/04\\\/jaszberenyt-is-legyozte-a-torokszentmiklosi-fc\\\/\",\"name\":\"J\u00e1szber\u00e9nyt is legy\u0151zte a T\u00f6r\u00f6kszentmikl\u00f3si FC - Mikl\u00f3s TV\",\"isPartOf\":{\"@id\":\"https:\\\/\\\/miklostv.com\\\/new\\\/#website\"},\"primaryImageOfPage\":{\"@id\":\"https:\\\/\\\/miklostv.com\\\/new\\\/2023\\\/09\\\/04\\\/jaszberenyt-is-legyozte-a-torokszentmiklosi-fc\\\/#primaryimage\"},\"image\":{\"@id\":\"https:\\\/\\\/miklostv.com\\\/new\\\/2023\\\/09\\\/04\\\/jaszberenyt-is-legyozte-a-torokszentmiklosi-fc\\\/#primaryimage\"},\"thumbnailUrl\":\"https:\\\/\\\/miklostv.com\\\/new\\\/wp-content\\\/uploads\\\/2023\\\/09\\\/tfc-jaszberenyl-cikk2.jpg\",\"datePublished\":\"2023-09-04T15:19:08+00:00\",\"dateModified\":\"2023-09-04T15:25:17+00:00\",\"author\":{\"@id\":\"https:\\\/\\\/miklostv.com\\\/new\\\/#\\\/schema\\\/person\\\/f3618ba4452057fb1d671f973554e567\"},\"breadcrumb\":{\"@id\":\"https:\\\/\\\/miklostv.com\\\/new\\\/2023\\\/09\\\/04\\\/jaszberenyt-is-legyozte-a-torokszentmiklosi-fc\\\/#breadcrumb\"},\"inLanguage\":\"hu\",\"potentialAction\":[{\"@type\":\"ReadAction\",\"target\":[\"https:\\\/\\\/miklostv.com\\\/new\\\/2023\\\/09\\\/04\\\/jaszberenyt-is-legyozte-a-torokszentmiklosi-fc\\\/\"]}]},{\"@type\":\"ImageObject\",\"inLanguage\":\"hu\",\"@id\":\"https:\\\/\\\/miklostv.com\\\/new\\\/2023\\\/09\\\/04\\\/jaszberenyt-is-legyozte-a-torokszentmiklosi-fc\\\/#primaryimage\",\"url\":\"https:\\\/\\\/miklostv.com\\\/new\\\/wp-content\\\/uploads\\\/2023\\\/09\\\/tfc-jaszberenyl-cikk2.jpg\",\"contentUrl\":\"https:\\\/\\\/miklostv.com\\\/new\\\/wp-content\\\/uploads\\\/2023\\\/09\\\/tfc-jaszberenyl-cikk2.jpg\",\"width\":2048,\"height\":1072},{\"@type\":\"BreadcrumbList\",\"@id\":\"https:\\\/\\\/miklostv.com\\\/new\\\/2023\\\/09\\\/04\\\/jaszberenyt-is-legyozte-a-torokszentmiklosi-fc\\\/#breadcrumb\",\"itemListElement\":[{\"@type\":\"ListItem\",\"position\":1,\"name\":\"Kezd\u0151lap\",\"item\":\"https:\\\/\\\/miklostv.com\\\/new\\\/\"},{\"@type\":\"ListItem\",\"position\":2,\"name\":\"J\u00e1szber\u00e9nyt is legy\u0151zte a T\u00f6r\u00f6kszentmikl\u00f3si FC\"}]},{\"@type\":\"WebSite\",\"@id\":\"https:\\\/\\\/miklostv.com\\\/new\\\/#website\",\"url\":\"https:\\\/\\\/miklostv.com\\\/new\\\/\",\"name\":\"Mikl\u00f3s TV\",\"description\":\"Mikl\u00f3s TV\",\"potentialAction\":[{\"@type\":\"SearchAction\",\"target\":{\"@type\":\"EntryPoint\",\"urlTemplate\":\"https:\\\/\\\/miklostv.com\\\/new\\\/?s={search_term_string}\"},\"query-input\":{\"@type\":\"PropertyValueSpecification\",\"valueRequired\":true,\"valueName\":\"search_term_string\"}}],\"inLanguage\":\"hu\"},{\"@type\":\"Person\",\"@id\":\"https:\\\/\\\/miklostv.com\\\/new\\\/#\\\/schema\\\/person\\\/f3618ba4452057fb1d671f973554e567\",\"name\":\"Csaba\",\"url\":\"https:\\\/\\\/miklostv.com\\\/new\\\/author\\\/hcsaba\\\/\"}]}<\/script>\n<!-- \/ Yoast SEO plugin. -->","yoast_head_json":{"title":"J\u00e1szber\u00e9nyt is legy\u0151zte a T\u00f6r\u00f6kszentmikl\u00f3si FC - Mikl\u00f3s TV","robots":{"index":"index","follow":"follow","max-snippet":"max-snippet:-1","max-image-preview":"max-image-preview:large","max-video-preview":"max-video-preview:-1"},"canonical":"https:\/\/miklostv.com\/new\/2023\/09\/04\/jaszberenyt-is-legyozte-a-torokszentmiklosi-fc\/","og_locale":"hu_HU","og_type":"article","og_title":"J\u00e1szber\u00e9nyt is legy\u0151zte a T\u00f6r\u00f6kszentmikl\u00f3si FC - Mikl\u00f3s TV","og_description":"A TFC felk\u00e9sz\u00fcl\u00e9s\u00e9nek utols\u00f3 edz\u0151meccs\u00e9t, inkorrekt m\u00f3don visszamondta a J\u00e1szber\u00e9nyi FC, a v\u00e1rmegyei bajnoks\u00e1g 3. fordul\u00f3j\u00e1ban m\u00e1r t\u00e9tmeccsen tal\u00e1lkozott a k\u00e9t csapat. Hazai g\u00f3l alapozta meg az \u00f6sszecsap\u00e1st: B\u00e1ba Tibor vitte fel a labd\u00e1t a 16-osig, ott Vona Ferenchez paszolt, a fiatal mikl\u00f3si pontos bead\u00e1ssal tal\u00e1lta meg a kapu el\u0151ter\u00e9ben Lucza Tam\u00e1st, aki zavartalanul fejelt a h\u00e1l\u00f3ba; 1-0 a 4. percben. A 12. percben Szentmikl\u00f3si passza ut\u00e1n Kiss Zal\u00e1n j\u00f3 \u00fctemben l\u00e9pett ki a kapub\u00f3l \u00e9s megszerezte a labd\u00e1t. Az iv\u00f3sz\u00fcnetet k\u00f6vet\u0151en a vend\u00e9gek el\u0151tt is akadt lehet\u0151s\u00e9g, Kiss Zal\u00e1n&hellip;","og_url":"https:\/\/miklostv.com\/new\/2023\/09\/04\/jaszberenyt-is-legyozte-a-torokszentmiklosi-fc\/","og_site_name":"Mikl\u00f3s TV","article_published_time":"2023-09-04T15:19:08+00:00","article_modified_time":"2023-09-04T15:25:17+00:00","og_image":[{"width":840,"height":440,"url":"https:\/\/miklostv.com\/new\/wp-content\/uploads\/2023\/09\/tfc-jaszberenyl-cikk2-840x440.jpg","type":"image\/jpeg"}],"author":"Csaba","twitter_card":"summary_large_image","twitter_misc":{"Szerz\u0151:":"Csaba","Becs\u00fclt olvas\u00e1si id\u0151":"2 perc"},"schema":{"@context":"https:\/\/schema.org","@graph":[{"@type":"NewsArticle","@id":"https:\/\/miklostv.com\/new\/2023\/09\/04\/jaszberenyt-is-legyozte-a-torokszentmiklosi-fc\/#article","isPartOf":{"@id":"https:\/\/miklostv.com\/new\/2023\/09\/04\/jaszberenyt-is-legyozte-a-torokszentmiklosi-fc\/"},"author":{"name":"Csaba","@id":"https:\/\/miklostv.com\/new\/#\/schema\/person\/f3618ba4452057fb1d671f973554e567"},"headline":"J\u00e1szber\u00e9nyt is legy\u0151zte a T\u00f6r\u00f6kszentmikl\u00f3si FC","datePublished":"2023-09-04T15:19:08+00:00","dateModified":"2023-09-04T15:25:17+00:00","mainEntityOfPage":{"@id":"https:\/\/miklostv.com\/new\/2023\/09\/04\/jaszberenyt-is-legyozte-a-torokszentmiklosi-fc\/"},"wordCount":354,"image":{"@id":"https:\/\/miklostv.com\/new\/2023\/09\/04\/jaszberenyt-is-legyozte-a-torokszentmiklosi-fc\/#primaryimage"},"thumbnailUrl":"https:\/\/miklostv.com\/new\/wp-content\/uploads\/2023\/09\/tfc-jaszberenyl-cikk2.jpg","articleSection":["Sporth\u00edrek"],"inLanguage":"hu"},{"@type":"WebPage","@id":"https:\/\/miklostv.com\/new\/2023\/09\/04\/jaszberenyt-is-legyozte-a-torokszentmiklosi-fc\/","url":"https:\/\/miklostv.com\/new\/2023\/09\/04\/jaszberenyt-is-legyozte-a-torokszentmiklosi-fc\/","name":"J\u00e1szber\u00e9nyt is legy\u0151zte a T\u00f6r\u00f6kszentmikl\u00f3si FC - Mikl\u00f3s TV","isPartOf":{"@id":"https:\/\/miklostv.com\/new\/#website"},"primaryImageOfPage":{"@id":"https:\/\/miklostv.com\/new\/2023\/09\/04\/jaszberenyt-is-legyozte-a-torokszentmiklosi-fc\/#primaryimage"},"image":{"@id":"https:\/\/miklostv.com\/new\/2023\/09\/04\/jaszberenyt-is-legyozte-a-torokszentmiklosi-fc\/#primaryimage"},"thumbnailUrl":"https:\/\/miklostv.com\/new\/wp-content\/uploads\/2023\/09\/tfc-jaszberenyl-cikk2.jpg","datePublished":"2023-09-04T15:19:08+00:00","dateModified":"2023-09-04T15:25:17+00:00","author":{"@id":"https:\/\/miklostv.com\/new\/#\/schema\/person\/f3618ba4452057fb1d671f973554e567"},"breadcrumb":{"@id":"https:\/\/miklostv.com\/new\/2023\/09\/04\/jaszberenyt-is-legyozte-a-torokszentmiklosi-fc\/#breadcrumb"},"inLanguage":"hu","potentialAction":[{"@type":"ReadAction","target":["https:\/\/miklostv.com\/new\/2023\/09\/04\/jaszberenyt-is-legyozte-a-torokszentmiklosi-fc\/"]}]},{"@type":"ImageObject","inLanguage":"hu","@id":"https:\/\/miklostv.com\/new\/2023\/09\/04\/jaszberenyt-is-legyozte-a-torokszentmiklosi-fc\/#primaryimage","url":"https:\/\/miklostv.com\/new\/wp-content\/uploads\/2023\/09\/tfc-jaszberenyl-cikk2.jpg","contentUrl":"https:\/\/miklostv.com\/new\/wp-content\/uploads\/2023\/09\/tfc-jaszberenyl-cikk2.jpg","width":2048,"height":1072},{"@type":"BreadcrumbList","@id":"https:\/\/miklostv.com\/new\/2023\/09\/04\/jaszberenyt-is-legyozte-a-torokszentmiklosi-fc\/#breadcrumb","itemListElement":[{"@type":"ListItem","position":1,"name":"Kezd\u0151lap","item":"https:\/\/miklostv.com\/new\/"},{"@type":"ListItem","position":2,"name":"J\u00e1szber\u00e9nyt is legy\u0151zte a T\u00f6r\u00f6kszentmikl\u00f3si FC"}]},{"@type":"WebSite","@id":"https:\/\/miklostv.com\/new\/#website","url":"https:\/\/miklostv.com\/new\/","name":"Mikl\u00f3s TV","description":"Mikl\u00f3s TV","potentialAction":[{"@type":"SearchAction","target":{"@type":"EntryPoint","urlTemplate":"https:\/\/miklostv.com\/new\/?s={search_term_string}"},"query-input":{"@type":"PropertyValueSpecification","valueRequired":true,"valueName":"search_term_string"}}],"inLanguage":"hu"},{"@type":"Person","@id":"https:\/\/miklostv.com\/new\/#\/schema\/person\/f3618ba4452057fb1d671f973554e567","name":"Csaba","url":"https:\/\/miklostv.com\/new\/author\/hcsaba\/"}]}},"_links":{"self":[{"href":"https:\/\/miklostv.com\/new\/wp-json\/wp\/v2\/posts\/8439","targetHints":{"allow":["GET"]}}],"collection":[{"href":"https:\/\/miklostv.com\/new\/wp-json\/wp\/v2\/posts"}],"about":[{"href":"https:\/\/miklostv.com\/new\/wp-json\/wp\/v2\/types\/post"}],"author":[{"embeddable":true,"href":"https:\/\/miklostv.com\/new\/wp-json\/wp\/v2\/users\/3"}],"replies":[{"embeddable":true,"href":"https:\/\/miklostv.com\/new\/wp-json\/wp\/v2\/comments?post=8439"}],"version-history":[{"count":3,"href":"https:\/\/miklostv.com\/new\/wp-json\/wp\/v2\/posts\/8439\/revisions"}],"predecessor-version":[{"id":8445,"href":"https:\/\/miklostv.com\/new\/wp-json\/wp\/v2\/posts\/8439\/revisions\/8445"}],"wp:featuredmedia":[{"embeddable":true,"href":"https:\/\/miklostv.com\/new\/wp-json\/wp\/v2\/media\/8441"}],"wp:attachment":[{"href":"https:\/\/miklostv.com\/new\/wp-json\/wp\/v2\/media?parent=8439"}],"wp:term":[{"taxonomy":"category","embeddable":true,"href":"https:\/\/miklostv.com\/new\/wp-json\/wp\/v2\/categories?post=8439"},{"taxonomy":"post_tag","embeddable":true,"href":"https:\/\/miklostv.com\/new\/wp-json\/wp\/v2\/tags?post=8439"}],"curies":[{"name":"wp","href":"https:\/\/api.w.org\/{rel}","templated":true}]}}