{"id":8283,"date":"2023-03-31T14:25:57","date_gmt":"2023-03-31T14:25:57","guid":{"rendered":"https:\/\/miklostv.com\/new\/?p=8283"},"modified":"2023-04-14T15:27:57","modified_gmt":"2023-04-14T15:27:57","slug":"kapott-gol-nelkul-gyozott-a-tfc","status":"publish","type":"post","link":"https:\/\/miklostv.com\/new\/2023\/03\/31\/kapott-gol-nelkul-gyozott-a-tfc\/","title":{"rendered":"Kapott g\u00f3l n\u00e9lk\u00fcl gy\u0151z\u00f6tt a TFC"},"content":{"rendered":"\n<p><strong>Egy veres\u00e9g (Mez\u0151t\u00far) \u00e9s egy d\u00f6ntetlen (Szajol) ut\u00e1n a megyei bajnoks\u00e1g 21. fordul\u00f3j\u00e1ban R\u00e1k\u00f3czifalva csapat\u00e1t fogadta a TFC.<\/strong><\/p>\n\n\n\n<figure class=\"wp-block-image size-large\"><img fetchpriority=\"high\" decoding=\"async\" width=\"840\" height=\"440\" src=\"https:\/\/miklostv.com\/new\/wp-content\/uploads\/2023\/03\/tfc-rakoczi-cikkbe1-840x440.jpg\" alt=\"\" class=\"wp-image-8285\" srcset=\"https:\/\/miklostv.com\/new\/wp-content\/uploads\/2023\/03\/tfc-rakoczi-cikkbe1-840x440.jpg 840w, https:\/\/miklostv.com\/new\/wp-content\/uploads\/2023\/03\/tfc-rakoczi-cikkbe1-660x345.jpg 660w, https:\/\/miklostv.com\/new\/wp-content\/uploads\/2023\/03\/tfc-rakoczi-cikkbe1-768x402.jpg 768w, https:\/\/miklostv.com\/new\/wp-content\/uploads\/2023\/03\/tfc-rakoczi-cikkbe1-1536x804.jpg 1536w, https:\/\/miklostv.com\/new\/wp-content\/uploads\/2023\/03\/tfc-rakoczi-cikkbe1.jpg 2048w\" sizes=\"(max-width: 840px) 100vw, 840px\" \/><\/figure>\n\n\n\n<!--more-->\n\n\n\n<p>\u00d3vatosan, m\u00e1r-m\u00e1r hat\u00e1rozatlanul kezdett a Mikl\u00f3s, de az 5. percben Lucza 20 m\u00e9terr\u0151l elv\u00e9gzett szabadr\u00fag\u00e1sa m\u00e1r vesz\u00e9lyt jelentett a vend\u00e9gek kapuj\u00e1ra. A 9. percben a R\u00e1k\u00f3czifalva is helyzetbe ker\u00fclt Susa a kapu mell\u00e9 gur\u00edtott, majd 2 perccel k\u00e9s\u0151bb Szokolai szabadr\u00fag\u00e1s\u00e1t kellett Kiss Zal\u00e1nnak kitenyerelnie. A f\u00e9lid\u0151 derek\u00e1t\u00f3l vette fel a m\u00e9rk\u0151z\u00e9s h\u0151fok\u00e1t Gergely M\u00e1ty\u00e1s csapata, onnant\u00f3l egy\u00e9rtelm\u0171en \u0151k domin\u00e1ltak, mindez helyzetekben is megmutatkozott. A 28. percben Kiss Csaba 20 m\u00e9terr\u0151l laposan, a 33. percben Gusztafik 28 m\u00e9terr\u0151l szabadr\u00fag\u00e1ssal pr\u00f3b\u00e1lkozott, mindk\u00e9t esetben a v\u00e9nd\u00e9gkapus akad\u00e1lyozta meg a g\u00f3lt. Buru lav\u00edrozott be a kapu el\u0151ter\u00e9be, l\u00f6v\u00e9se azonban er\u0151tlen volt, fogta a vend\u00e9gkapus. A 39. percben \u00e9rett g\u00f3ll\u00e1 a f\u00f6l\u00e9ny: M\u00f3zer jobbr\u00f3l \u00e9rkez\u0151 bead\u00e1sa Buru Zolt\u00e1nt \u00fcresen tal\u00e1lta, aki ez\u00fattal \u00e9lt is a lehet\u0151s\u00e9ggel; 1-0. A f\u00e9lidei eredm\u00e9ny is ez volt.<\/p>\n\n\n\n<p>Az 57. percben R\u00e1k\u00f3czifalva a 16-osr\u00f3l v\u00e9gezhetett el szabadr\u00fag\u00e1st, Kiss Zal\u00e1n a keresztl\u00e9cre tolta a labd\u00e1t. A 62. percben cserek\u00e9nt be\u00e1ll\u00f3 Lad\u00e1nyi D\u00e1niel hozott \u00faj sz\u00ednt a mikl\u00f3siak j\u00e1t\u00e9k\u00e1ba: legg\u00f3ler\u0151sebb j\u00e1t\u00e9kosunk bet\u00f6rt a 16-osra, ott csak szab\u00e1lytalanul tudt\u00e1k meg\u00e1ll\u00edtani, b\u00fcntet\u0151. A 11-est Gusztafik P\u00e9ter \u00e9rt\u00e9kes\u00edtette; 2-0. A 74. percben egy ritk\u00e1n l\u00e1tott, vagy ink\u00e1bb szokatlan helyr\u0151l elv\u00e9gzett szabadr\u00fag\u00e1sg\u00f3llal z\u00e1rta le a TFC a meccset. Lucza Tam\u00e1s a t\u00e9rf\u00e9l fel\u00e9t\u0151l, de az oldalvonal mell\u0151l r\u00faghatott. A labd\u00e1ra a hossz\u00fa sarokn\u00e1l \u00e9rkezett Gusztafik is, de nem kellett hozz\u00e1\u00e9rnie, n\u00e9lk\u00fcle is a h\u00e1l\u00f3ba ker\u00fclt; 3-0.<\/p>\n\n\n\n<p>A kicsit neh\u00e9zkesen indul\u00f3 m\u00e9rk\u0151z\u00e9sen v\u00e9g\u00fcl kapott g\u00f3l n\u00e9lk\u00fcl siker\u00fclt magabiztos gy\u0151zelmet aratni.<\/p>\n\n\n\n<figure class=\"wp-block-embed is-type-video is-provider-youtube wp-block-embed-youtube wp-embed-aspect-16-9 wp-has-aspect-ratio\"><div class=\"wp-block-embed__wrapper\">\n<iframe  id=\"_ytid_26084\"  width=\"800\" height=\"450\"  data-origwidth=\"800\" data-origheight=\"450\" src=\"https:\/\/www.youtube.com\/embed\/6ez6Q7aoDy4?enablejsapi=1&#038;autoplay=0&#038;cc_load_policy=0&#038;cc_lang_pref=hu&#038;iv_load_policy=1&#038;loop=0&#038;rel=1&#038;fs=1&#038;playsinline=1&#038;autohide=2&#038;theme=dark&#038;color=red&#038;controls=1&#038;disablekb=0&#038;\" class=\"__youtube_prefs__  epyt-is-override  no-lazyload\" title=\"YouTube player\"  allow=\"fullscreen; accelerometer; autoplay; clipboard-write; encrypted-media; gyroscope; picture-in-picture; web-share\" referrerpolicy=\"strict-origin-when-cross-origin\" allowfullscreen data-no-lazy=\"1\" data-skipgform_ajax_framebjll=\"\"><\/iframe>\n<\/div><\/figure>\n\n\n\n<p>A 21. fordul\u00f3 eredm\u00e9nyei:<br>Kenderes &#8211; Mez\u0151t\u00far 0-4<br>T\u00f3szeg &#8211; J\u00e1szf\u00e9nyszaru 3-1<br>Kunhegyes &#8211; Tiszaf\u00f6ldv\u00e1r 0-6<br>Cserkesz\u0151l\u0151 &#8211; Szajol 0-3<br>Martf\u0171 &#8211; Kunszentm\u00e1rton 5-0<br>J\u00e1sz\u00e1roksz\u00e1ll\u00e1s &#8211; J\u00e1noshida 2-4<\/p>\n\n\n\n<p>A tabella dobog\u00f3sai v\u00e1ltozatlanok, Martf\u0171 vezet 55 ponntal, Tiszaf\u00f6ldv\u00e1r a m\u00e1sodik 52 ponttal, T\u00f6r\u00f6kszentmikl\u00f3s a harmadik 39 ponttal.<\/p>\n","protected":false},"excerpt":{"rendered":"<p>Egy veres\u00e9g (Mez\u0151t\u00far) \u00e9s egy d\u00f6ntetlen (Szajol) ut\u00e1n a megyei bajnoks\u00e1g 21. fordul\u00f3j\u00e1ban R\u00e1k\u00f3czifalva csapat\u00e1t fogadta a TFC.<\/p>\n","protected":false},"author":3,"featured_media":8285,"comment_status":"closed","ping_status":"closed","sticky":false,"template":"","format":"standard","meta":{"fifu_image_url":"","fifu_image_alt":"","footnotes":""},"categories":[33],"tags":[494,1181],"class_list":["post-8283","post","type-post","status-publish","format-standard","has-post-thumbnail","hentry","category-sport-hirek","tag-tfc","tag-torokszentmiklosi-fc"],"gutentor_comment":0,"yoast_head":"<!-- This site is optimized with the Yoast SEO plugin v27.5 - https:\/\/yoast.com\/product\/yoast-seo-wordpress\/ -->\n<title>Kapott g\u00f3l n\u00e9lk\u00fcl gy\u0151z\u00f6tt a TFC - Mikl\u00f3s TV<\/title>\n<meta name=\"robots\" content=\"index, follow, max-snippet:-1, max-image-preview:large, max-video-preview:-1\" \/>\n<link rel=\"canonical\" href=\"https:\/\/miklostv.com\/new\/2023\/03\/31\/kapott-gol-nelkul-gyozott-a-tfc\/\" \/>\n<meta property=\"og:locale\" content=\"hu_HU\" \/>\n<meta property=\"og:type\" content=\"article\" \/>\n<meta property=\"og:title\" content=\"Kapott g\u00f3l n\u00e9lk\u00fcl gy\u0151z\u00f6tt a TFC - Mikl\u00f3s TV\" \/>\n<meta property=\"og:description\" content=\"Egy veres\u00e9g (Mez\u0151t\u00far) \u00e9s egy d\u00f6ntetlen (Szajol) ut\u00e1n a megyei bajnoks\u00e1g 21. fordul\u00f3j\u00e1ban R\u00e1k\u00f3czifalva csapat\u00e1t fogadta a TFC.\" \/>\n<meta property=\"og:url\" content=\"https:\/\/miklostv.com\/new\/2023\/03\/31\/kapott-gol-nelkul-gyozott-a-tfc\/\" \/>\n<meta property=\"og:site_name\" content=\"Mikl\u00f3s TV\" \/>\n<meta property=\"article:published_time\" content=\"2023-03-31T14:25:57+00:00\" \/>\n<meta property=\"article:modified_time\" content=\"2023-04-14T15:27:57+00:00\" \/>\n<meta property=\"og:image\" content=\"https:\/\/miklostv.com\/new\/wp-content\/uploads\/2023\/03\/tfc-rakoczi-cikkbe1.jpg\" \/>\n\t<meta property=\"og:image:width\" content=\"2048\" \/>\n\t<meta property=\"og:image:height\" content=\"1072\" \/>\n\t<meta property=\"og:image:type\" content=\"image\/jpeg\" \/>\n<meta name=\"author\" content=\"Csaba\" \/>\n<meta name=\"twitter:card\" content=\"summary_large_image\" \/>\n<meta name=\"twitter:label1\" content=\"Szerz\u0151:\" \/>\n\t<meta name=\"twitter:data1\" content=\"Csaba\" \/>\n\t<meta name=\"twitter:label2\" content=\"Becs\u00fclt olvas\u00e1si id\u0151\" \/>\n\t<meta name=\"twitter:data2\" content=\"2 perc\" \/>\n<script type=\"application\/ld+json\" class=\"yoast-schema-graph\">{\"@context\":\"https:\\\/\\\/schema.org\",\"@graph\":[{\"@type\":\"NewsArticle\",\"@id\":\"https:\\\/\\\/miklostv.com\\\/new\\\/2023\\\/03\\\/31\\\/kapott-gol-nelkul-gyozott-a-tfc\\\/#article\",\"isPartOf\":{\"@id\":\"https:\\\/\\\/miklostv.com\\\/new\\\/2023\\\/03\\\/31\\\/kapott-gol-nelkul-gyozott-a-tfc\\\/\"},\"author\":{\"name\":\"Csaba\",\"@id\":\"https:\\\/\\\/miklostv.com\\\/new\\\/#\\\/schema\\\/person\\\/f3618ba4452057fb1d671f973554e567\"},\"headline\":\"Kapott g\u00f3l n\u00e9lk\u00fcl gy\u0151z\u00f6tt a TFC\",\"datePublished\":\"2023-03-31T14:25:57+00:00\",\"dateModified\":\"2023-04-14T15:27:57+00:00\",\"mainEntityOfPage\":{\"@id\":\"https:\\\/\\\/miklostv.com\\\/new\\\/2023\\\/03\\\/31\\\/kapott-gol-nelkul-gyozott-a-tfc\\\/\"},\"wordCount\":467,\"image\":{\"@id\":\"https:\\\/\\\/miklostv.com\\\/new\\\/2023\\\/03\\\/31\\\/kapott-gol-nelkul-gyozott-a-tfc\\\/#primaryimage\"},\"thumbnailUrl\":\"https:\\\/\\\/miklostv.com\\\/new\\\/wp-content\\\/uploads\\\/2023\\\/03\\\/tfc-rakoczi-cikkbe1.jpg\",\"keywords\":[\"TFC\",\"T\u00f6r\u00f6kszentmikl\u00f3si FC\"],\"articleSection\":[\"Sporth\u00edrek\"],\"inLanguage\":\"hu\"},{\"@type\":\"WebPage\",\"@id\":\"https:\\\/\\\/miklostv.com\\\/new\\\/2023\\\/03\\\/31\\\/kapott-gol-nelkul-gyozott-a-tfc\\\/\",\"url\":\"https:\\\/\\\/miklostv.com\\\/new\\\/2023\\\/03\\\/31\\\/kapott-gol-nelkul-gyozott-a-tfc\\\/\",\"name\":\"Kapott g\u00f3l n\u00e9lk\u00fcl gy\u0151z\u00f6tt a TFC - Mikl\u00f3s TV\",\"isPartOf\":{\"@id\":\"https:\\\/\\\/miklostv.com\\\/new\\\/#website\"},\"primaryImageOfPage\":{\"@id\":\"https:\\\/\\\/miklostv.com\\\/new\\\/2023\\\/03\\\/31\\\/kapott-gol-nelkul-gyozott-a-tfc\\\/#primaryimage\"},\"image\":{\"@id\":\"https:\\\/\\\/miklostv.com\\\/new\\\/2023\\\/03\\\/31\\\/kapott-gol-nelkul-gyozott-a-tfc\\\/#primaryimage\"},\"thumbnailUrl\":\"https:\\\/\\\/miklostv.com\\\/new\\\/wp-content\\\/uploads\\\/2023\\\/03\\\/tfc-rakoczi-cikkbe1.jpg\",\"datePublished\":\"2023-03-31T14:25:57+00:00\",\"dateModified\":\"2023-04-14T15:27:57+00:00\",\"author\":{\"@id\":\"https:\\\/\\\/miklostv.com\\\/new\\\/#\\\/schema\\\/person\\\/f3618ba4452057fb1d671f973554e567\"},\"breadcrumb\":{\"@id\":\"https:\\\/\\\/miklostv.com\\\/new\\\/2023\\\/03\\\/31\\\/kapott-gol-nelkul-gyozott-a-tfc\\\/#breadcrumb\"},\"inLanguage\":\"hu\",\"potentialAction\":[{\"@type\":\"ReadAction\",\"target\":[\"https:\\\/\\\/miklostv.com\\\/new\\\/2023\\\/03\\\/31\\\/kapott-gol-nelkul-gyozott-a-tfc\\\/\"]}]},{\"@type\":\"ImageObject\",\"inLanguage\":\"hu\",\"@id\":\"https:\\\/\\\/miklostv.com\\\/new\\\/2023\\\/03\\\/31\\\/kapott-gol-nelkul-gyozott-a-tfc\\\/#primaryimage\",\"url\":\"https:\\\/\\\/miklostv.com\\\/new\\\/wp-content\\\/uploads\\\/2023\\\/03\\\/tfc-rakoczi-cikkbe1.jpg\",\"contentUrl\":\"https:\\\/\\\/miklostv.com\\\/new\\\/wp-content\\\/uploads\\\/2023\\\/03\\\/tfc-rakoczi-cikkbe1.jpg\",\"width\":2048,\"height\":1072},{\"@type\":\"BreadcrumbList\",\"@id\":\"https:\\\/\\\/miklostv.com\\\/new\\\/2023\\\/03\\\/31\\\/kapott-gol-nelkul-gyozott-a-tfc\\\/#breadcrumb\",\"itemListElement\":[{\"@type\":\"ListItem\",\"position\":1,\"name\":\"Kezd\u0151lap\",\"item\":\"https:\\\/\\\/miklostv.com\\\/new\\\/\"},{\"@type\":\"ListItem\",\"position\":2,\"name\":\"Kapott g\u00f3l n\u00e9lk\u00fcl gy\u0151z\u00f6tt a TFC\"}]},{\"@type\":\"WebSite\",\"@id\":\"https:\\\/\\\/miklostv.com\\\/new\\\/#website\",\"url\":\"https:\\\/\\\/miklostv.com\\\/new\\\/\",\"name\":\"Mikl\u00f3s TV\",\"description\":\"Mikl\u00f3s TV\",\"potentialAction\":[{\"@type\":\"SearchAction\",\"target\":{\"@type\":\"EntryPoint\",\"urlTemplate\":\"https:\\\/\\\/miklostv.com\\\/new\\\/?s={search_term_string}\"},\"query-input\":{\"@type\":\"PropertyValueSpecification\",\"valueRequired\":true,\"valueName\":\"search_term_string\"}}],\"inLanguage\":\"hu\"},{\"@type\":\"Person\",\"@id\":\"https:\\\/\\\/miklostv.com\\\/new\\\/#\\\/schema\\\/person\\\/f3618ba4452057fb1d671f973554e567\",\"name\":\"Csaba\",\"url\":\"https:\\\/\\\/miklostv.com\\\/new\\\/author\\\/hcsaba\\\/\"}]}<\/script>\n<!-- \/ Yoast SEO plugin. -->","yoast_head_json":{"title":"Kapott g\u00f3l n\u00e9lk\u00fcl gy\u0151z\u00f6tt a TFC - Mikl\u00f3s TV","robots":{"index":"index","follow":"follow","max-snippet":"max-snippet:-1","max-image-preview":"max-image-preview:large","max-video-preview":"max-video-preview:-1"},"canonical":"https:\/\/miklostv.com\/new\/2023\/03\/31\/kapott-gol-nelkul-gyozott-a-tfc\/","og_locale":"hu_HU","og_type":"article","og_title":"Kapott g\u00f3l n\u00e9lk\u00fcl gy\u0151z\u00f6tt a TFC - Mikl\u00f3s TV","og_description":"Egy veres\u00e9g (Mez\u0151t\u00far) \u00e9s egy d\u00f6ntetlen (Szajol) ut\u00e1n a megyei bajnoks\u00e1g 21. fordul\u00f3j\u00e1ban R\u00e1k\u00f3czifalva csapat\u00e1t fogadta a TFC.","og_url":"https:\/\/miklostv.com\/new\/2023\/03\/31\/kapott-gol-nelkul-gyozott-a-tfc\/","og_site_name":"Mikl\u00f3s TV","article_published_time":"2023-03-31T14:25:57+00:00","article_modified_time":"2023-04-14T15:27:57+00:00","og_image":[{"width":2048,"height":1072,"url":"https:\/\/miklostv.com\/new\/wp-content\/uploads\/2023\/03\/tfc-rakoczi-cikkbe1.jpg","type":"image\/jpeg"}],"author":"Csaba","twitter_card":"summary_large_image","twitter_misc":{"Szerz\u0151:":"Csaba","Becs\u00fclt olvas\u00e1si id\u0151":"2 perc"},"schema":{"@context":"https:\/\/schema.org","@graph":[{"@type":"NewsArticle","@id":"https:\/\/miklostv.com\/new\/2023\/03\/31\/kapott-gol-nelkul-gyozott-a-tfc\/#article","isPartOf":{"@id":"https:\/\/miklostv.com\/new\/2023\/03\/31\/kapott-gol-nelkul-gyozott-a-tfc\/"},"author":{"name":"Csaba","@id":"https:\/\/miklostv.com\/new\/#\/schema\/person\/f3618ba4452057fb1d671f973554e567"},"headline":"Kapott g\u00f3l n\u00e9lk\u00fcl gy\u0151z\u00f6tt a TFC","datePublished":"2023-03-31T14:25:57+00:00","dateModified":"2023-04-14T15:27:57+00:00","mainEntityOfPage":{"@id":"https:\/\/miklostv.com\/new\/2023\/03\/31\/kapott-gol-nelkul-gyozott-a-tfc\/"},"wordCount":467,"image":{"@id":"https:\/\/miklostv.com\/new\/2023\/03\/31\/kapott-gol-nelkul-gyozott-a-tfc\/#primaryimage"},"thumbnailUrl":"https:\/\/miklostv.com\/new\/wp-content\/uploads\/2023\/03\/tfc-rakoczi-cikkbe1.jpg","keywords":["TFC","T\u00f6r\u00f6kszentmikl\u00f3si FC"],"articleSection":["Sporth\u00edrek"],"inLanguage":"hu"},{"@type":"WebPage","@id":"https:\/\/miklostv.com\/new\/2023\/03\/31\/kapott-gol-nelkul-gyozott-a-tfc\/","url":"https:\/\/miklostv.com\/new\/2023\/03\/31\/kapott-gol-nelkul-gyozott-a-tfc\/","name":"Kapott g\u00f3l n\u00e9lk\u00fcl gy\u0151z\u00f6tt a TFC - Mikl\u00f3s TV","isPartOf":{"@id":"https:\/\/miklostv.com\/new\/#website"},"primaryImageOfPage":{"@id":"https:\/\/miklostv.com\/new\/2023\/03\/31\/kapott-gol-nelkul-gyozott-a-tfc\/#primaryimage"},"image":{"@id":"https:\/\/miklostv.com\/new\/2023\/03\/31\/kapott-gol-nelkul-gyozott-a-tfc\/#primaryimage"},"thumbnailUrl":"https:\/\/miklostv.com\/new\/wp-content\/uploads\/2023\/03\/tfc-rakoczi-cikkbe1.jpg","datePublished":"2023-03-31T14:25:57+00:00","dateModified":"2023-04-14T15:27:57+00:00","author":{"@id":"https:\/\/miklostv.com\/new\/#\/schema\/person\/f3618ba4452057fb1d671f973554e567"},"breadcrumb":{"@id":"https:\/\/miklostv.com\/new\/2023\/03\/31\/kapott-gol-nelkul-gyozott-a-tfc\/#breadcrumb"},"inLanguage":"hu","potentialAction":[{"@type":"ReadAction","target":["https:\/\/miklostv.com\/new\/2023\/03\/31\/kapott-gol-nelkul-gyozott-a-tfc\/"]}]},{"@type":"ImageObject","inLanguage":"hu","@id":"https:\/\/miklostv.com\/new\/2023\/03\/31\/kapott-gol-nelkul-gyozott-a-tfc\/#primaryimage","url":"https:\/\/miklostv.com\/new\/wp-content\/uploads\/2023\/03\/tfc-rakoczi-cikkbe1.jpg","contentUrl":"https:\/\/miklostv.com\/new\/wp-content\/uploads\/2023\/03\/tfc-rakoczi-cikkbe1.jpg","width":2048,"height":1072},{"@type":"BreadcrumbList","@id":"https:\/\/miklostv.com\/new\/2023\/03\/31\/kapott-gol-nelkul-gyozott-a-tfc\/#breadcrumb","itemListElement":[{"@type":"ListItem","position":1,"name":"Kezd\u0151lap","item":"https:\/\/miklostv.com\/new\/"},{"@type":"ListItem","position":2,"name":"Kapott g\u00f3l n\u00e9lk\u00fcl gy\u0151z\u00f6tt a TFC"}]},{"@type":"WebSite","@id":"https:\/\/miklostv.com\/new\/#website","url":"https:\/\/miklostv.com\/new\/","name":"Mikl\u00f3s TV","description":"Mikl\u00f3s TV","potentialAction":[{"@type":"SearchAction","target":{"@type":"EntryPoint","urlTemplate":"https:\/\/miklostv.com\/new\/?s={search_term_string}"},"query-input":{"@type":"PropertyValueSpecification","valueRequired":true,"valueName":"search_term_string"}}],"inLanguage":"hu"},{"@type":"Person","@id":"https:\/\/miklostv.com\/new\/#\/schema\/person\/f3618ba4452057fb1d671f973554e567","name":"Csaba","url":"https:\/\/miklostv.com\/new\/author\/hcsaba\/"}]}},"_links":{"self":[{"href":"https:\/\/miklostv.com\/new\/wp-json\/wp\/v2\/posts\/8283","targetHints":{"allow":["GET"]}}],"collection":[{"href":"https:\/\/miklostv.com\/new\/wp-json\/wp\/v2\/posts"}],"about":[{"href":"https:\/\/miklostv.com\/new\/wp-json\/wp\/v2\/types\/post"}],"author":[{"embeddable":true,"href":"https:\/\/miklostv.com\/new\/wp-json\/wp\/v2\/users\/3"}],"replies":[{"embeddable":true,"href":"https:\/\/miklostv.com\/new\/wp-json\/wp\/v2\/comments?post=8283"}],"version-history":[{"count":1,"href":"https:\/\/miklostv.com\/new\/wp-json\/wp\/v2\/posts\/8283\/revisions"}],"predecessor-version":[{"id":8286,"href":"https:\/\/miklostv.com\/new\/wp-json\/wp\/v2\/posts\/8283\/revisions\/8286"}],"wp:featuredmedia":[{"embeddable":true,"href":"https:\/\/miklostv.com\/new\/wp-json\/wp\/v2\/media\/8285"}],"wp:attachment":[{"href":"https:\/\/miklostv.com\/new\/wp-json\/wp\/v2\/media?parent=8283"}],"wp:term":[{"taxonomy":"category","embeddable":true,"href":"https:\/\/miklostv.com\/new\/wp-json\/wp\/v2\/categories?post=8283"},{"taxonomy":"post_tag","embeddable":true,"href":"https:\/\/miklostv.com\/new\/wp-json\/wp\/v2\/tags?post=8283"}],"curies":[{"name":"wp","href":"https:\/\/api.w.org\/{rel}","templated":true}]}}