{"id":7646,"date":"2023-02-08T11:23:04","date_gmt":"2023-02-08T11:23:04","guid":{"rendered":"https:\/\/miklostv.com\/new\/?p=7646"},"modified":"2023-02-08T11:28:09","modified_gmt":"2023-02-08T11:28:09","slug":"u10-es-teli-teremtorna-a-torokszentmiklosi-fc-szervezeseben","status":"publish","type":"post","link":"https:\/\/miklostv.com\/new\/2023\/02\/08\/u10-es-teli-teremtorna-a-torokszentmiklosi-fc-szervezeseben\/","title":{"rendered":"U10-es T\u00e9li Teremtorna a T\u00f6r\u00f6kszentmikl\u00f3si FC szervez\u00e9s\u00e9ben"},"content":{"rendered":"\n<p><strong>8 csapatos torn\u00e1t rendezett a T\u00f6r\u00f6kszentmikl\u00f3si FC a XII. T\u00e9li Teremtorna keret\u00e9ben U10-es csapatoknak.<\/strong><\/p>\n\n\n\n<figure class=\"wp-block-image size-large\"><img fetchpriority=\"high\" decoding=\"async\" width=\"840\" height=\"440\" src=\"https:\/\/miklostv.com\/new\/wp-content\/uploads\/2023\/02\/teli-teremtorna-u10-cikkbe2-840x440.jpg\" alt=\"\" class=\"wp-image-7647\" srcset=\"https:\/\/miklostv.com\/new\/wp-content\/uploads\/2023\/02\/teli-teremtorna-u10-cikkbe2-840x440.jpg 840w, https:\/\/miklostv.com\/new\/wp-content\/uploads\/2023\/02\/teli-teremtorna-u10-cikkbe2-660x345.jpg 660w, https:\/\/miklostv.com\/new\/wp-content\/uploads\/2023\/02\/teli-teremtorna-u10-cikkbe2-768x402.jpg 768w, https:\/\/miklostv.com\/new\/wp-content\/uploads\/2023\/02\/teli-teremtorna-u10-cikkbe2-1536x804.jpg 1536w, https:\/\/miklostv.com\/new\/wp-content\/uploads\/2023\/02\/teli-teremtorna-u10-cikkbe2.jpg 2048w\" sizes=\"(max-width: 840px) 100vw, 840px\" \/><\/figure>\n\n\n\n<!--more-->\n\n\n\n<p><strong>Vide\u00f3s \u00f6sszefoglal\u00f3:<\/strong><\/p>\n\n\n\n<figure class=\"wp-block-embed is-type-video is-provider-youtube wp-block-embed-youtube wp-embed-aspect-16-9 wp-has-aspect-ratio\"><div class=\"wp-block-embed__wrapper\">\n<iframe  id=\"_ytid_93458\"  width=\"800\" height=\"450\"  data-origwidth=\"800\" data-origheight=\"450\" src=\"https:\/\/www.youtube.com\/embed\/sI8fKFuA_k8?enablejsapi=1&#038;autoplay=0&#038;cc_load_policy=0&#038;cc_lang_pref=hu&#038;iv_load_policy=1&#038;loop=0&#038;rel=1&#038;fs=1&#038;playsinline=1&#038;autohide=2&#038;theme=dark&#038;color=red&#038;controls=1&#038;disablekb=0&#038;\" class=\"__youtube_prefs__  epyt-is-override  no-lazyload\" title=\"YouTube player\"  allow=\"fullscreen; accelerometer; autoplay; clipboard-write; encrypted-media; gyroscope; picture-in-picture; web-share\" referrerpolicy=\"strict-origin-when-cross-origin\" allowfullscreen data-no-lazy=\"1\" data-skipgform_ajax_framebjll=\"\"><\/iframe>\n<\/div><\/figure>\n\n\n\n<p><strong>V\u00e9geredm\u00e9ny:\u00a0<\/strong><\/p>\n\n\n\n<ol class=\"wp-block-list\">\n<li>Szolnoki M\u00c1V UFC<\/li>\n\n\n\n<li>Gyulasport Nonprofit Kft<\/li>\n\n\n\n<li>S\u00e1rr\u00e9ti LE<\/li>\n\n\n\n<li><strong>T\u00f6r\u00f6kszentmikl\u00f3si FC<\/strong><\/li>\n\n\n\n<li>UFC Kecskem\u00e9t<\/li>\n\n\n\n<li>Karcagi SE<\/li>\n\n\n\n<li>Mez\u0151t\u00fari AFC<\/li>\n\n\n\n<li>Grosics Akad\u00e9mia Gyula\n<ul class=\"wp-block-list\"><\/ul>\n<\/li>\n<\/ol>\n\n\n\n<div style=\"height:29px\" aria-hidden=\"true\" class=\"wp-block-spacer\"><\/div>\n\n\n\n<p><strong>K\u00fcl\u00f6nd\u00edjasok:<\/strong><\/p>\n\n\n\n<p>Legjobb kapus: Kov\u00e1cs \u00c1d\u00e1m (UFC Kecskem\u00e9t)<br>Legjobb mez\u0151nyj\u00e1t\u00e9kos: Gracia-Oravecz Bruno (Gyulasport)<br>G\u00f3lkir\u00e1ly: Huriushov Nikita (Szolnoki M\u00c1V UFC<br><strong>Legjobb hazai j\u00e1t\u00e9kos: Vincze Zal\u00e1n<\/strong><\/p>\n\n\n\n<figure class=\"wp-block-image size-large\"><img decoding=\"async\" width=\"840\" height=\"560\" src=\"https:\/\/miklostv.com\/new\/wp-content\/uploads\/2023\/02\/teli-teremtorna-u10-cikkbe-840x560.jpg\" alt=\"\" class=\"wp-image-7648\" srcset=\"https:\/\/miklostv.com\/new\/wp-content\/uploads\/2023\/02\/teli-teremtorna-u10-cikkbe-840x560.jpg 840w, https:\/\/miklostv.com\/new\/wp-content\/uploads\/2023\/02\/teli-teremtorna-u10-cikkbe-548x365.jpg 548w, https:\/\/miklostv.com\/new\/wp-content\/uploads\/2023\/02\/teli-teremtorna-u10-cikkbe-768x512.jpg 768w, https:\/\/miklostv.com\/new\/wp-content\/uploads\/2023\/02\/teli-teremtorna-u10-cikkbe-1536x1024.jpg 1536w, https:\/\/miklostv.com\/new\/wp-content\/uploads\/2023\/02\/teli-teremtorna-u10-cikkbe.jpg 2048w\" sizes=\"(max-width: 840px) 100vw, 840px\" \/><\/figure>\n","protected":false},"excerpt":{"rendered":"<p>8 csapatos torn\u00e1t rendezett a T\u00f6r\u00f6kszentmikl\u00f3si FC a XII. T\u00e9li Teremtorna keret\u00e9ben U10-es csapatoknak.<\/p>\n","protected":false},"author":3,"featured_media":7647,"comment_status":"closed","ping_status":"closed","sticky":false,"template":"","format":"standard","meta":{"fifu_image_url":"","fifu_image_alt":"","footnotes":""},"categories":[33],"tags":[],"class_list":["post-7646","post","type-post","status-publish","format-standard","has-post-thumbnail","hentry","category-sport-hirek"],"gutentor_comment":0,"yoast_head":"<!-- This site is optimized with the Yoast SEO plugin v27.5 - https:\/\/yoast.com\/product\/yoast-seo-wordpress\/ -->\n<title>U10-es T\u00e9li Teremtorna a T\u00f6r\u00f6kszentmikl\u00f3si FC szervez\u00e9s\u00e9ben - Mikl\u00f3s TV<\/title>\n<meta name=\"robots\" content=\"index, follow, max-snippet:-1, max-image-preview:large, max-video-preview:-1\" \/>\n<link rel=\"canonical\" href=\"https:\/\/miklostv.com\/new\/2023\/02\/08\/u10-es-teli-teremtorna-a-torokszentmiklosi-fc-szervezeseben\/\" \/>\n<meta property=\"og:locale\" content=\"hu_HU\" \/>\n<meta property=\"og:type\" content=\"article\" \/>\n<meta property=\"og:title\" content=\"U10-es T\u00e9li Teremtorna a T\u00f6r\u00f6kszentmikl\u00f3si FC szervez\u00e9s\u00e9ben - Mikl\u00f3s TV\" \/>\n<meta property=\"og:description\" content=\"8 csapatos torn\u00e1t rendezett a T\u00f6r\u00f6kszentmikl\u00f3si FC a XII. T\u00e9li Teremtorna keret\u00e9ben U10-es csapatoknak.\" \/>\n<meta property=\"og:url\" content=\"https:\/\/miklostv.com\/new\/2023\/02\/08\/u10-es-teli-teremtorna-a-torokszentmiklosi-fc-szervezeseben\/\" \/>\n<meta property=\"og:site_name\" content=\"Mikl\u00f3s TV\" \/>\n<meta property=\"article:published_time\" content=\"2023-02-08T11:23:04+00:00\" \/>\n<meta property=\"article:modified_time\" content=\"2023-02-08T11:28:09+00:00\" \/>\n<meta property=\"og:image\" content=\"https:\/\/miklostv.com\/new\/wp-content\/uploads\/2023\/02\/teli-teremtorna-u10-cikkbe2.jpg\" \/>\n\t<meta property=\"og:image:width\" content=\"2048\" \/>\n\t<meta property=\"og:image:height\" content=\"1072\" \/>\n\t<meta property=\"og:image:type\" content=\"image\/jpeg\" \/>\n<meta name=\"author\" content=\"Csaba\" \/>\n<meta name=\"twitter:card\" content=\"summary_large_image\" \/>\n<meta name=\"twitter:label1\" content=\"Szerz\u0151:\" \/>\n\t<meta name=\"twitter:data1\" content=\"Csaba\" \/>\n\t<meta name=\"twitter:label2\" content=\"Becs\u00fclt olvas\u00e1si id\u0151\" \/>\n\t<meta name=\"twitter:data2\" content=\"1 perc\" \/>\n<script type=\"application\/ld+json\" class=\"yoast-schema-graph\">{\"@context\":\"https:\\\/\\\/schema.org\",\"@graph\":[{\"@type\":\"NewsArticle\",\"@id\":\"https:\\\/\\\/miklostv.com\\\/new\\\/2023\\\/02\\\/08\\\/u10-es-teli-teremtorna-a-torokszentmiklosi-fc-szervezeseben\\\/#article\",\"isPartOf\":{\"@id\":\"https:\\\/\\\/miklostv.com\\\/new\\\/2023\\\/02\\\/08\\\/u10-es-teli-teremtorna-a-torokszentmiklosi-fc-szervezeseben\\\/\"},\"author\":{\"name\":\"Csaba\",\"@id\":\"https:\\\/\\\/miklostv.com\\\/new\\\/#\\\/schema\\\/person\\\/f3618ba4452057fb1d671f973554e567\"},\"headline\":\"U10-es T\u00e9li Teremtorna a T\u00f6r\u00f6kszentmikl\u00f3si FC szervez\u00e9s\u00e9ben\",\"datePublished\":\"2023-02-08T11:23:04+00:00\",\"dateModified\":\"2023-02-08T11:28:09+00:00\",\"mainEntityOfPage\":{\"@id\":\"https:\\\/\\\/miklostv.com\\\/new\\\/2023\\\/02\\\/08\\\/u10-es-teli-teremtorna-a-torokszentmiklosi-fc-szervezeseben\\\/\"},\"wordCount\":113,\"image\":{\"@id\":\"https:\\\/\\\/miklostv.com\\\/new\\\/2023\\\/02\\\/08\\\/u10-es-teli-teremtorna-a-torokszentmiklosi-fc-szervezeseben\\\/#primaryimage\"},\"thumbnailUrl\":\"https:\\\/\\\/miklostv.com\\\/new\\\/wp-content\\\/uploads\\\/2023\\\/02\\\/teli-teremtorna-u10-cikkbe2.jpg\",\"articleSection\":[\"Sporth\u00edrek\"],\"inLanguage\":\"hu\"},{\"@type\":\"WebPage\",\"@id\":\"https:\\\/\\\/miklostv.com\\\/new\\\/2023\\\/02\\\/08\\\/u10-es-teli-teremtorna-a-torokszentmiklosi-fc-szervezeseben\\\/\",\"url\":\"https:\\\/\\\/miklostv.com\\\/new\\\/2023\\\/02\\\/08\\\/u10-es-teli-teremtorna-a-torokszentmiklosi-fc-szervezeseben\\\/\",\"name\":\"U10-es T\u00e9li Teremtorna a T\u00f6r\u00f6kszentmikl\u00f3si FC szervez\u00e9s\u00e9ben - Mikl\u00f3s TV\",\"isPartOf\":{\"@id\":\"https:\\\/\\\/miklostv.com\\\/new\\\/#website\"},\"primaryImageOfPage\":{\"@id\":\"https:\\\/\\\/miklostv.com\\\/new\\\/2023\\\/02\\\/08\\\/u10-es-teli-teremtorna-a-torokszentmiklosi-fc-szervezeseben\\\/#primaryimage\"},\"image\":{\"@id\":\"https:\\\/\\\/miklostv.com\\\/new\\\/2023\\\/02\\\/08\\\/u10-es-teli-teremtorna-a-torokszentmiklosi-fc-szervezeseben\\\/#primaryimage\"},\"thumbnailUrl\":\"https:\\\/\\\/miklostv.com\\\/new\\\/wp-content\\\/uploads\\\/2023\\\/02\\\/teli-teremtorna-u10-cikkbe2.jpg\",\"datePublished\":\"2023-02-08T11:23:04+00:00\",\"dateModified\":\"2023-02-08T11:28:09+00:00\",\"author\":{\"@id\":\"https:\\\/\\\/miklostv.com\\\/new\\\/#\\\/schema\\\/person\\\/f3618ba4452057fb1d671f973554e567\"},\"breadcrumb\":{\"@id\":\"https:\\\/\\\/miklostv.com\\\/new\\\/2023\\\/02\\\/08\\\/u10-es-teli-teremtorna-a-torokszentmiklosi-fc-szervezeseben\\\/#breadcrumb\"},\"inLanguage\":\"hu\",\"potentialAction\":[{\"@type\":\"ReadAction\",\"target\":[\"https:\\\/\\\/miklostv.com\\\/new\\\/2023\\\/02\\\/08\\\/u10-es-teli-teremtorna-a-torokszentmiklosi-fc-szervezeseben\\\/\"]}]},{\"@type\":\"ImageObject\",\"inLanguage\":\"hu\",\"@id\":\"https:\\\/\\\/miklostv.com\\\/new\\\/2023\\\/02\\\/08\\\/u10-es-teli-teremtorna-a-torokszentmiklosi-fc-szervezeseben\\\/#primaryimage\",\"url\":\"https:\\\/\\\/miklostv.com\\\/new\\\/wp-content\\\/uploads\\\/2023\\\/02\\\/teli-teremtorna-u10-cikkbe2.jpg\",\"contentUrl\":\"https:\\\/\\\/miklostv.com\\\/new\\\/wp-content\\\/uploads\\\/2023\\\/02\\\/teli-teremtorna-u10-cikkbe2.jpg\",\"width\":2048,\"height\":1072},{\"@type\":\"BreadcrumbList\",\"@id\":\"https:\\\/\\\/miklostv.com\\\/new\\\/2023\\\/02\\\/08\\\/u10-es-teli-teremtorna-a-torokszentmiklosi-fc-szervezeseben\\\/#breadcrumb\",\"itemListElement\":[{\"@type\":\"ListItem\",\"position\":1,\"name\":\"Kezd\u0151lap\",\"item\":\"https:\\\/\\\/miklostv.com\\\/new\\\/\"},{\"@type\":\"ListItem\",\"position\":2,\"name\":\"U10-es T\u00e9li Teremtorna a T\u00f6r\u00f6kszentmikl\u00f3si FC szervez\u00e9s\u00e9ben\"}]},{\"@type\":\"WebSite\",\"@id\":\"https:\\\/\\\/miklostv.com\\\/new\\\/#website\",\"url\":\"https:\\\/\\\/miklostv.com\\\/new\\\/\",\"name\":\"Mikl\u00f3s TV\",\"description\":\"Mikl\u00f3s TV\",\"potentialAction\":[{\"@type\":\"SearchAction\",\"target\":{\"@type\":\"EntryPoint\",\"urlTemplate\":\"https:\\\/\\\/miklostv.com\\\/new\\\/?s={search_term_string}\"},\"query-input\":{\"@type\":\"PropertyValueSpecification\",\"valueRequired\":true,\"valueName\":\"search_term_string\"}}],\"inLanguage\":\"hu\"},{\"@type\":\"Person\",\"@id\":\"https:\\\/\\\/miklostv.com\\\/new\\\/#\\\/schema\\\/person\\\/f3618ba4452057fb1d671f973554e567\",\"name\":\"Csaba\",\"url\":\"https:\\\/\\\/miklostv.com\\\/new\\\/author\\\/hcsaba\\\/\"}]}<\/script>\n<!-- \/ Yoast SEO plugin. -->","yoast_head_json":{"title":"U10-es T\u00e9li Teremtorna a T\u00f6r\u00f6kszentmikl\u00f3si FC szervez\u00e9s\u00e9ben - Mikl\u00f3s TV","robots":{"index":"index","follow":"follow","max-snippet":"max-snippet:-1","max-image-preview":"max-image-preview:large","max-video-preview":"max-video-preview:-1"},"canonical":"https:\/\/miklostv.com\/new\/2023\/02\/08\/u10-es-teli-teremtorna-a-torokszentmiklosi-fc-szervezeseben\/","og_locale":"hu_HU","og_type":"article","og_title":"U10-es T\u00e9li Teremtorna a T\u00f6r\u00f6kszentmikl\u00f3si FC szervez\u00e9s\u00e9ben - Mikl\u00f3s TV","og_description":"8 csapatos torn\u00e1t rendezett a T\u00f6r\u00f6kszentmikl\u00f3si FC a XII. T\u00e9li Teremtorna keret\u00e9ben U10-es csapatoknak.","og_url":"https:\/\/miklostv.com\/new\/2023\/02\/08\/u10-es-teli-teremtorna-a-torokszentmiklosi-fc-szervezeseben\/","og_site_name":"Mikl\u00f3s TV","article_published_time":"2023-02-08T11:23:04+00:00","article_modified_time":"2023-02-08T11:28:09+00:00","og_image":[{"width":2048,"height":1072,"url":"https:\/\/miklostv.com\/new\/wp-content\/uploads\/2023\/02\/teli-teremtorna-u10-cikkbe2.jpg","type":"image\/jpeg"}],"author":"Csaba","twitter_card":"summary_large_image","twitter_misc":{"Szerz\u0151:":"Csaba","Becs\u00fclt olvas\u00e1si id\u0151":"1 perc"},"schema":{"@context":"https:\/\/schema.org","@graph":[{"@type":"NewsArticle","@id":"https:\/\/miklostv.com\/new\/2023\/02\/08\/u10-es-teli-teremtorna-a-torokszentmiklosi-fc-szervezeseben\/#article","isPartOf":{"@id":"https:\/\/miklostv.com\/new\/2023\/02\/08\/u10-es-teli-teremtorna-a-torokszentmiklosi-fc-szervezeseben\/"},"author":{"name":"Csaba","@id":"https:\/\/miklostv.com\/new\/#\/schema\/person\/f3618ba4452057fb1d671f973554e567"},"headline":"U10-es T\u00e9li Teremtorna a T\u00f6r\u00f6kszentmikl\u00f3si FC szervez\u00e9s\u00e9ben","datePublished":"2023-02-08T11:23:04+00:00","dateModified":"2023-02-08T11:28:09+00:00","mainEntityOfPage":{"@id":"https:\/\/miklostv.com\/new\/2023\/02\/08\/u10-es-teli-teremtorna-a-torokszentmiklosi-fc-szervezeseben\/"},"wordCount":113,"image":{"@id":"https:\/\/miklostv.com\/new\/2023\/02\/08\/u10-es-teli-teremtorna-a-torokszentmiklosi-fc-szervezeseben\/#primaryimage"},"thumbnailUrl":"https:\/\/miklostv.com\/new\/wp-content\/uploads\/2023\/02\/teli-teremtorna-u10-cikkbe2.jpg","articleSection":["Sporth\u00edrek"],"inLanguage":"hu"},{"@type":"WebPage","@id":"https:\/\/miklostv.com\/new\/2023\/02\/08\/u10-es-teli-teremtorna-a-torokszentmiklosi-fc-szervezeseben\/","url":"https:\/\/miklostv.com\/new\/2023\/02\/08\/u10-es-teli-teremtorna-a-torokszentmiklosi-fc-szervezeseben\/","name":"U10-es T\u00e9li Teremtorna a T\u00f6r\u00f6kszentmikl\u00f3si FC szervez\u00e9s\u00e9ben - Mikl\u00f3s TV","isPartOf":{"@id":"https:\/\/miklostv.com\/new\/#website"},"primaryImageOfPage":{"@id":"https:\/\/miklostv.com\/new\/2023\/02\/08\/u10-es-teli-teremtorna-a-torokszentmiklosi-fc-szervezeseben\/#primaryimage"},"image":{"@id":"https:\/\/miklostv.com\/new\/2023\/02\/08\/u10-es-teli-teremtorna-a-torokszentmiklosi-fc-szervezeseben\/#primaryimage"},"thumbnailUrl":"https:\/\/miklostv.com\/new\/wp-content\/uploads\/2023\/02\/teli-teremtorna-u10-cikkbe2.jpg","datePublished":"2023-02-08T11:23:04+00:00","dateModified":"2023-02-08T11:28:09+00:00","author":{"@id":"https:\/\/miklostv.com\/new\/#\/schema\/person\/f3618ba4452057fb1d671f973554e567"},"breadcrumb":{"@id":"https:\/\/miklostv.com\/new\/2023\/02\/08\/u10-es-teli-teremtorna-a-torokszentmiklosi-fc-szervezeseben\/#breadcrumb"},"inLanguage":"hu","potentialAction":[{"@type":"ReadAction","target":["https:\/\/miklostv.com\/new\/2023\/02\/08\/u10-es-teli-teremtorna-a-torokszentmiklosi-fc-szervezeseben\/"]}]},{"@type":"ImageObject","inLanguage":"hu","@id":"https:\/\/miklostv.com\/new\/2023\/02\/08\/u10-es-teli-teremtorna-a-torokszentmiklosi-fc-szervezeseben\/#primaryimage","url":"https:\/\/miklostv.com\/new\/wp-content\/uploads\/2023\/02\/teli-teremtorna-u10-cikkbe2.jpg","contentUrl":"https:\/\/miklostv.com\/new\/wp-content\/uploads\/2023\/02\/teli-teremtorna-u10-cikkbe2.jpg","width":2048,"height":1072},{"@type":"BreadcrumbList","@id":"https:\/\/miklostv.com\/new\/2023\/02\/08\/u10-es-teli-teremtorna-a-torokszentmiklosi-fc-szervezeseben\/#breadcrumb","itemListElement":[{"@type":"ListItem","position":1,"name":"Kezd\u0151lap","item":"https:\/\/miklostv.com\/new\/"},{"@type":"ListItem","position":2,"name":"U10-es T\u00e9li Teremtorna a T\u00f6r\u00f6kszentmikl\u00f3si FC szervez\u00e9s\u00e9ben"}]},{"@type":"WebSite","@id":"https:\/\/miklostv.com\/new\/#website","url":"https:\/\/miklostv.com\/new\/","name":"Mikl\u00f3s TV","description":"Mikl\u00f3s TV","potentialAction":[{"@type":"SearchAction","target":{"@type":"EntryPoint","urlTemplate":"https:\/\/miklostv.com\/new\/?s={search_term_string}"},"query-input":{"@type":"PropertyValueSpecification","valueRequired":true,"valueName":"search_term_string"}}],"inLanguage":"hu"},{"@type":"Person","@id":"https:\/\/miklostv.com\/new\/#\/schema\/person\/f3618ba4452057fb1d671f973554e567","name":"Csaba","url":"https:\/\/miklostv.com\/new\/author\/hcsaba\/"}]}},"_links":{"self":[{"href":"https:\/\/miklostv.com\/new\/wp-json\/wp\/v2\/posts\/7646","targetHints":{"allow":["GET"]}}],"collection":[{"href":"https:\/\/miklostv.com\/new\/wp-json\/wp\/v2\/posts"}],"about":[{"href":"https:\/\/miklostv.com\/new\/wp-json\/wp\/v2\/types\/post"}],"author":[{"embeddable":true,"href":"https:\/\/miklostv.com\/new\/wp-json\/wp\/v2\/users\/3"}],"replies":[{"embeddable":true,"href":"https:\/\/miklostv.com\/new\/wp-json\/wp\/v2\/comments?post=7646"}],"version-history":[{"count":6,"href":"https:\/\/miklostv.com\/new\/wp-json\/wp\/v2\/posts\/7646\/revisions"}],"predecessor-version":[{"id":7863,"href":"https:\/\/miklostv.com\/new\/wp-json\/wp\/v2\/posts\/7646\/revisions\/7863"}],"wp:featuredmedia":[{"embeddable":true,"href":"https:\/\/miklostv.com\/new\/wp-json\/wp\/v2\/media\/7647"}],"wp:attachment":[{"href":"https:\/\/miklostv.com\/new\/wp-json\/wp\/v2\/media?parent=7646"}],"wp:term":[{"taxonomy":"category","embeddable":true,"href":"https:\/\/miklostv.com\/new\/wp-json\/wp\/v2\/categories?post=7646"},{"taxonomy":"post_tag","embeddable":true,"href":"https:\/\/miklostv.com\/new\/wp-json\/wp\/v2\/tags?post=7646"}],"curies":[{"name":"wp","href":"https:\/\/api.w.org\/{rel}","templated":true}]}}