{"id":7640,"date":"2023-02-08T09:13:48","date_gmt":"2023-02-08T09:13:48","guid":{"rendered":"https:\/\/miklostv.com\/new\/?p=7640"},"modified":"2023-02-08T09:18:13","modified_gmt":"2023-02-08T09:18:13","slug":"sebessegellenorzesre-kell-szamitani-tobb-telepulesen","status":"publish","type":"post","link":"https:\/\/miklostv.com\/new\/2023\/02\/08\/sebessegellenorzesre-kell-szamitani-tobb-telepulesen\/","title":{"rendered":"SEBESS\u00c9GELLEN\u0150RZ\u00c9SRE KELL SZ\u00c1M\u00cdTANI T\u00d6BB TELEP\u00dcL\u00c9SEN"},"content":{"rendered":"\n<p><strong>A J\u00e1sz-Nagykun-Szolnok v\u00e1rmegyei rend\u0151r\u00f6k a k\u00f6zleked\u00e9sbiztons\u00e1g jav\u00edt\u00e1sa \u00e9rdek\u00e9ben ism\u00e9t koncentr\u00e1lt sebess\u00e9gm\u00e9r\u0151 ellen\u0151rz\u00e9st hajtanak v\u00e9gre.<\/strong><\/p>\n\n\n\n<p><\/p>\n\n\n<div class=\"wp-block-image\">\n<figure class=\"aligncenter size-full\"><img fetchpriority=\"high\" decoding=\"async\" width=\"751\" height=\"500\" src=\"https:\/\/miklostv.com\/new\/wp-content\/uploads\/2023\/02\/Trafi_10.jpg\" alt=\"\" class=\"wp-image-7641\" srcset=\"https:\/\/miklostv.com\/new\/wp-content\/uploads\/2023\/02\/Trafi_10.jpg 751w, https:\/\/miklostv.com\/new\/wp-content\/uploads\/2023\/02\/Trafi_10-548x365.jpg 548w\" sizes=\"(max-width: 751px) 100vw, 751px\" \/><figcaption class=\"wp-element-caption\">forr\u00e1s: police.hu<\/figcaption><\/figure>\n<\/div>\n\n\n<p>Az egyenruh\u00e1sok 2023. febru\u00e1r 9-\u00e9n a Szolnoki Rend\u0151rkapit\u00e1nys\u00e1g, a T\u00f6r\u00f6kszentmikl\u00f3si Rend\u0151rkapit\u00e1nys\u00e1g, a Karcagi Rend\u0151rkapit\u00e1nys\u00e1g \u00e9s a Tiszaf\u00fcredi Rend\u0151rkapit\u00e1nys\u00e1g illet\u00e9kess\u00e9gi ter\u00fclet\u00e9n a balesetek megel\u0151z\u00e9se \u00e9s a gyorshajt\u00f3k kisz\u0171r\u00e9se \u00e9rdek\u00e9ben v\u00e9geznek sebess\u00e9gm\u00e9r\u00e9st.<\/p>\n\n\n\n<p>A sebess\u00e9g t\u00fall\u00e9p\u00e9se eset\u00e9n t\u00f6bbsz\u00f6r\u00f6s\u00e9re n\u0151 a f\u00e9kt\u00e1vols\u00e1g, a j\u00e1rm\u0171vezet\u0151nek sokkal kevesebb ideje marad egy vesz\u00e9lyhelyzetben a j\u00f3 d\u00f6nt\u00e9s meghozatal\u00e1ra.<\/p>\n\n\n\n<p>A J\u00e1sz-Nagykun-Szolnok V\u00e1rmegyei Rend\u0151r-f\u0151kapit\u00e1nys\u00e1g k\u00e9ri a j\u00e1rm\u0171vezet\u0151ket, hogy halad\u00e1suk sor\u00e1n ne hagyj\u00e1k figyelmen k\u00edv\u00fcl a k\u00f6zleked\u00e9si szab\u00e1lyokat, \u00e9s minden esetben tarts\u00e1k be az el\u0151\u00edrt sebess\u00e9ghat\u00e1rokat. A gyorshajt\u00e1s a vezet\u0151 baleseti okok k\u00f6z\u00e9 tartozik, ez\u00e9rt a rend\u0151r\u00f6k rendszeresen hajtanak v\u00e9gre ellen\u0151rz\u00e9st a sebess\u00e9get t\u00fall\u00e9p\u0151 g\u00e9pj\u00e1rm\u0171vezet\u0151k forgalomb\u00f3l t\u00f6rt\u00e9n\u0151 kisz\u0171r\u00e9s\u00e9re.<\/p>\n\n\n\n<p><em>\u2026, hogy mindenki haza\u00e9rjen!<\/em><\/p>\n","protected":false},"excerpt":{"rendered":"<p>A J\u00e1sz-Nagykun-Szolnok v\u00e1rmegyei rend\u0151r\u00f6k a k\u00f6zleked\u00e9sbiztons\u00e1g jav\u00edt\u00e1sa \u00e9rdek\u00e9ben ism\u00e9t koncentr\u00e1lt sebess\u00e9gm\u00e9r\u0151 ellen\u0151rz\u00e9st hajtanak v\u00e9gre. Az egyenruh\u00e1sok 2023. febru\u00e1r 9-\u00e9n a Szolnoki Rend\u0151rkapit\u00e1nys\u00e1g, a T\u00f6r\u00f6kszentmikl\u00f3si Rend\u0151rkapit\u00e1nys\u00e1g, a Karcagi Rend\u0151rkapit\u00e1nys\u00e1g \u00e9s a Tiszaf\u00fcredi Rend\u0151rkapit\u00e1nys\u00e1g illet\u00e9kess\u00e9gi ter\u00fclet\u00e9n a balesetek megel\u0151z\u00e9se \u00e9s a gyorshajt\u00f3k kisz\u0171r\u00e9se \u00e9rdek\u00e9ben v\u00e9geznek sebess\u00e9gm\u00e9r\u00e9st. A sebess\u00e9g t\u00fall\u00e9p\u00e9se eset\u00e9n t\u00f6bbsz\u00f6r\u00f6s\u00e9re n\u0151 a f\u00e9kt\u00e1vols\u00e1g, a j\u00e1rm\u0171vezet\u0151nek sokkal kevesebb ideje marad egy vesz\u00e9lyhelyzetben a j\u00f3 d\u00f6nt\u00e9s meghozatal\u00e1ra. A J\u00e1sz-Nagykun-Szolnok V\u00e1rmegyei Rend\u0151r-f\u0151kapit\u00e1nys\u00e1g k\u00e9ri a j\u00e1rm\u0171vezet\u0151ket, hogy halad\u00e1suk sor\u00e1n ne hagyj\u00e1k figyelmen k\u00edv\u00fcl a k\u00f6zleked\u00e9si szab\u00e1lyokat, \u00e9s minden esetben tarts\u00e1k be az el\u0151\u00edrt sebess\u00e9ghat\u00e1rokat. A&hellip;<\/p>\n","protected":false},"author":4,"featured_media":7643,"comment_status":"closed","ping_status":"closed","sticky":false,"template":"","format":"standard","meta":{"fifu_image_url":"","fifu_image_alt":"","footnotes":""},"categories":[41],"tags":[],"class_list":["post-7640","post","type-post","status-publish","format-standard","has-post-thumbnail","hentry","category-rendorsegi-hirek"],"gutentor_comment":0,"yoast_head":"<!-- This site is optimized with the Yoast SEO plugin v27.5 - https:\/\/yoast.com\/product\/yoast-seo-wordpress\/ -->\n<title>SEBESS\u00c9GELLEN\u0150RZ\u00c9SRE KELL SZ\u00c1M\u00cdTANI T\u00d6BB TELEP\u00dcL\u00c9SEN - Mikl\u00f3s TV<\/title>\n<meta name=\"robots\" content=\"index, follow, max-snippet:-1, max-image-preview:large, max-video-preview:-1\" \/>\n<link rel=\"canonical\" href=\"https:\/\/miklostv.com\/new\/2023\/02\/08\/sebessegellenorzesre-kell-szamitani-tobb-telepulesen\/\" \/>\n<meta property=\"og:locale\" content=\"hu_HU\" \/>\n<meta property=\"og:type\" content=\"article\" \/>\n<meta property=\"og:title\" content=\"SEBESS\u00c9GELLEN\u0150RZ\u00c9SRE KELL SZ\u00c1M\u00cdTANI T\u00d6BB TELEP\u00dcL\u00c9SEN - Mikl\u00f3s TV\" \/>\n<meta property=\"og:description\" content=\"A J\u00e1sz-Nagykun-Szolnok v\u00e1rmegyei rend\u0151r\u00f6k a k\u00f6zleked\u00e9sbiztons\u00e1g jav\u00edt\u00e1sa \u00e9rdek\u00e9ben ism\u00e9t koncentr\u00e1lt sebess\u00e9gm\u00e9r\u0151 ellen\u0151rz\u00e9st hajtanak v\u00e9gre. Az egyenruh\u00e1sok 2023. febru\u00e1r 9-\u00e9n a Szolnoki Rend\u0151rkapit\u00e1nys\u00e1g, a T\u00f6r\u00f6kszentmikl\u00f3si Rend\u0151rkapit\u00e1nys\u00e1g, a Karcagi Rend\u0151rkapit\u00e1nys\u00e1g \u00e9s a Tiszaf\u00fcredi Rend\u0151rkapit\u00e1nys\u00e1g illet\u00e9kess\u00e9gi ter\u00fclet\u00e9n a balesetek megel\u0151z\u00e9se \u00e9s a gyorshajt\u00f3k kisz\u0171r\u00e9se \u00e9rdek\u00e9ben v\u00e9geznek sebess\u00e9gm\u00e9r\u00e9st. A sebess\u00e9g t\u00fall\u00e9p\u00e9se eset\u00e9n t\u00f6bbsz\u00f6r\u00f6s\u00e9re n\u0151 a f\u00e9kt\u00e1vols\u00e1g, a j\u00e1rm\u0171vezet\u0151nek sokkal kevesebb ideje marad egy vesz\u00e9lyhelyzetben a j\u00f3 d\u00f6nt\u00e9s meghozatal\u00e1ra. A J\u00e1sz-Nagykun-Szolnok V\u00e1rmegyei Rend\u0151r-f\u0151kapit\u00e1nys\u00e1g k\u00e9ri a j\u00e1rm\u0171vezet\u0151ket, hogy halad\u00e1suk sor\u00e1n ne hagyj\u00e1k figyelmen k\u00edv\u00fcl a k\u00f6zleked\u00e9si szab\u00e1lyokat, \u00e9s minden esetben tarts\u00e1k be az el\u0151\u00edrt sebess\u00e9ghat\u00e1rokat. A&hellip;\" \/>\n<meta property=\"og:url\" content=\"https:\/\/miklostv.com\/new\/2023\/02\/08\/sebessegellenorzesre-kell-szamitani-tobb-telepulesen\/\" \/>\n<meta property=\"og:site_name\" content=\"Mikl\u00f3s TV\" \/>\n<meta property=\"article:published_time\" content=\"2023-02-08T09:13:48+00:00\" \/>\n<meta property=\"article:modified_time\" content=\"2023-02-08T09:18:13+00:00\" \/>\n<meta property=\"og:image\" content=\"https:\/\/miklostv.com\/new\/wp-content\/uploads\/2023\/02\/Trafi_10-1.jpg\" \/>\n\t<meta property=\"og:image:width\" content=\"751\" \/>\n\t<meta property=\"og:image:height\" content=\"500\" \/>\n\t<meta property=\"og:image:type\" content=\"image\/jpeg\" \/>\n<meta name=\"author\" content=\"S\u00e1ndor\" \/>\n<meta name=\"twitter:card\" content=\"summary_large_image\" \/>\n<meta name=\"twitter:label1\" content=\"Szerz\u0151:\" \/>\n\t<meta name=\"twitter:data1\" content=\"S\u00e1ndor\" \/>\n\t<meta name=\"twitter:label2\" content=\"Becs\u00fclt olvas\u00e1si id\u0151\" \/>\n\t<meta name=\"twitter:data2\" content=\"1 perc\" \/>\n<script type=\"application\/ld+json\" class=\"yoast-schema-graph\">{\"@context\":\"https:\\\/\\\/schema.org\",\"@graph\":[{\"@type\":\"NewsArticle\",\"@id\":\"https:\\\/\\\/miklostv.com\\\/new\\\/2023\\\/02\\\/08\\\/sebessegellenorzesre-kell-szamitani-tobb-telepulesen\\\/#article\",\"isPartOf\":{\"@id\":\"https:\\\/\\\/miklostv.com\\\/new\\\/2023\\\/02\\\/08\\\/sebessegellenorzesre-kell-szamitani-tobb-telepulesen\\\/\"},\"author\":{\"name\":\"S\u00e1ndor\",\"@id\":\"https:\\\/\\\/miklostv.com\\\/new\\\/#\\\/schema\\\/person\\\/ff79e2ad2a1522bb7078c68351a9d05a\"},\"headline\":\"SEBESS\u00c9GELLEN\u0150RZ\u00c9SRE KELL SZ\u00c1M\u00cdTANI T\u00d6BB TELEP\u00dcL\u00c9SEN\",\"datePublished\":\"2023-02-08T09:13:48+00:00\",\"dateModified\":\"2023-02-08T09:18:13+00:00\",\"mainEntityOfPage\":{\"@id\":\"https:\\\/\\\/miklostv.com\\\/new\\\/2023\\\/02\\\/08\\\/sebessegellenorzesre-kell-szamitani-tobb-telepulesen\\\/\"},\"wordCount\":243,\"image\":{\"@id\":\"https:\\\/\\\/miklostv.com\\\/new\\\/2023\\\/02\\\/08\\\/sebessegellenorzesre-kell-szamitani-tobb-telepulesen\\\/#primaryimage\"},\"thumbnailUrl\":\"https:\\\/\\\/miklostv.com\\\/new\\\/wp-content\\\/uploads\\\/2023\\\/02\\\/Trafi_10-1.jpg\",\"articleSection\":[\"Rend\u0151rs\u00e9gi h\u00edrek\"],\"inLanguage\":\"hu\"},{\"@type\":\"WebPage\",\"@id\":\"https:\\\/\\\/miklostv.com\\\/new\\\/2023\\\/02\\\/08\\\/sebessegellenorzesre-kell-szamitani-tobb-telepulesen\\\/\",\"url\":\"https:\\\/\\\/miklostv.com\\\/new\\\/2023\\\/02\\\/08\\\/sebessegellenorzesre-kell-szamitani-tobb-telepulesen\\\/\",\"name\":\"SEBESS\u00c9GELLEN\u0150RZ\u00c9SRE KELL SZ\u00c1M\u00cdTANI T\u00d6BB TELEP\u00dcL\u00c9SEN - Mikl\u00f3s TV\",\"isPartOf\":{\"@id\":\"https:\\\/\\\/miklostv.com\\\/new\\\/#website\"},\"primaryImageOfPage\":{\"@id\":\"https:\\\/\\\/miklostv.com\\\/new\\\/2023\\\/02\\\/08\\\/sebessegellenorzesre-kell-szamitani-tobb-telepulesen\\\/#primaryimage\"},\"image\":{\"@id\":\"https:\\\/\\\/miklostv.com\\\/new\\\/2023\\\/02\\\/08\\\/sebessegellenorzesre-kell-szamitani-tobb-telepulesen\\\/#primaryimage\"},\"thumbnailUrl\":\"https:\\\/\\\/miklostv.com\\\/new\\\/wp-content\\\/uploads\\\/2023\\\/02\\\/Trafi_10-1.jpg\",\"datePublished\":\"2023-02-08T09:13:48+00:00\",\"dateModified\":\"2023-02-08T09:18:13+00:00\",\"author\":{\"@id\":\"https:\\\/\\\/miklostv.com\\\/new\\\/#\\\/schema\\\/person\\\/ff79e2ad2a1522bb7078c68351a9d05a\"},\"breadcrumb\":{\"@id\":\"https:\\\/\\\/miklostv.com\\\/new\\\/2023\\\/02\\\/08\\\/sebessegellenorzesre-kell-szamitani-tobb-telepulesen\\\/#breadcrumb\"},\"inLanguage\":\"hu\",\"potentialAction\":[{\"@type\":\"ReadAction\",\"target\":[\"https:\\\/\\\/miklostv.com\\\/new\\\/2023\\\/02\\\/08\\\/sebessegellenorzesre-kell-szamitani-tobb-telepulesen\\\/\"]}]},{\"@type\":\"ImageObject\",\"inLanguage\":\"hu\",\"@id\":\"https:\\\/\\\/miklostv.com\\\/new\\\/2023\\\/02\\\/08\\\/sebessegellenorzesre-kell-szamitani-tobb-telepulesen\\\/#primaryimage\",\"url\":\"https:\\\/\\\/miklostv.com\\\/new\\\/wp-content\\\/uploads\\\/2023\\\/02\\\/Trafi_10-1.jpg\",\"contentUrl\":\"https:\\\/\\\/miklostv.com\\\/new\\\/wp-content\\\/uploads\\\/2023\\\/02\\\/Trafi_10-1.jpg\",\"width\":751,\"height\":500},{\"@type\":\"BreadcrumbList\",\"@id\":\"https:\\\/\\\/miklostv.com\\\/new\\\/2023\\\/02\\\/08\\\/sebessegellenorzesre-kell-szamitani-tobb-telepulesen\\\/#breadcrumb\",\"itemListElement\":[{\"@type\":\"ListItem\",\"position\":1,\"name\":\"Kezd\u0151lap\",\"item\":\"https:\\\/\\\/miklostv.com\\\/new\\\/\"},{\"@type\":\"ListItem\",\"position\":2,\"name\":\"SEBESS\u00c9GELLEN\u0150RZ\u00c9SRE KELL SZ\u00c1M\u00cdTANI T\u00d6BB TELEP\u00dcL\u00c9SEN\"}]},{\"@type\":\"WebSite\",\"@id\":\"https:\\\/\\\/miklostv.com\\\/new\\\/#website\",\"url\":\"https:\\\/\\\/miklostv.com\\\/new\\\/\",\"name\":\"Mikl\u00f3s TV\",\"description\":\"Mikl\u00f3s TV\",\"potentialAction\":[{\"@type\":\"SearchAction\",\"target\":{\"@type\":\"EntryPoint\",\"urlTemplate\":\"https:\\\/\\\/miklostv.com\\\/new\\\/?s={search_term_string}\"},\"query-input\":{\"@type\":\"PropertyValueSpecification\",\"valueRequired\":true,\"valueName\":\"search_term_string\"}}],\"inLanguage\":\"hu\"},{\"@type\":\"Person\",\"@id\":\"https:\\\/\\\/miklostv.com\\\/new\\\/#\\\/schema\\\/person\\\/ff79e2ad2a1522bb7078c68351a9d05a\",\"name\":\"S\u00e1ndor\",\"url\":\"https:\\\/\\\/miklostv.com\\\/new\\\/author\\\/szerkeszto\\\/\"}]}<\/script>\n<!-- \/ Yoast SEO plugin. -->","yoast_head_json":{"title":"SEBESS\u00c9GELLEN\u0150RZ\u00c9SRE KELL SZ\u00c1M\u00cdTANI T\u00d6BB TELEP\u00dcL\u00c9SEN - Mikl\u00f3s TV","robots":{"index":"index","follow":"follow","max-snippet":"max-snippet:-1","max-image-preview":"max-image-preview:large","max-video-preview":"max-video-preview:-1"},"canonical":"https:\/\/miklostv.com\/new\/2023\/02\/08\/sebessegellenorzesre-kell-szamitani-tobb-telepulesen\/","og_locale":"hu_HU","og_type":"article","og_title":"SEBESS\u00c9GELLEN\u0150RZ\u00c9SRE KELL SZ\u00c1M\u00cdTANI T\u00d6BB TELEP\u00dcL\u00c9SEN - Mikl\u00f3s TV","og_description":"A J\u00e1sz-Nagykun-Szolnok v\u00e1rmegyei rend\u0151r\u00f6k a k\u00f6zleked\u00e9sbiztons\u00e1g jav\u00edt\u00e1sa \u00e9rdek\u00e9ben ism\u00e9t koncentr\u00e1lt sebess\u00e9gm\u00e9r\u0151 ellen\u0151rz\u00e9st hajtanak v\u00e9gre. Az egyenruh\u00e1sok 2023. febru\u00e1r 9-\u00e9n a Szolnoki Rend\u0151rkapit\u00e1nys\u00e1g, a T\u00f6r\u00f6kszentmikl\u00f3si Rend\u0151rkapit\u00e1nys\u00e1g, a Karcagi Rend\u0151rkapit\u00e1nys\u00e1g \u00e9s a Tiszaf\u00fcredi Rend\u0151rkapit\u00e1nys\u00e1g illet\u00e9kess\u00e9gi ter\u00fclet\u00e9n a balesetek megel\u0151z\u00e9se \u00e9s a gyorshajt\u00f3k kisz\u0171r\u00e9se \u00e9rdek\u00e9ben v\u00e9geznek sebess\u00e9gm\u00e9r\u00e9st. A sebess\u00e9g t\u00fall\u00e9p\u00e9se eset\u00e9n t\u00f6bbsz\u00f6r\u00f6s\u00e9re n\u0151 a f\u00e9kt\u00e1vols\u00e1g, a j\u00e1rm\u0171vezet\u0151nek sokkal kevesebb ideje marad egy vesz\u00e9lyhelyzetben a j\u00f3 d\u00f6nt\u00e9s meghozatal\u00e1ra. A J\u00e1sz-Nagykun-Szolnok V\u00e1rmegyei Rend\u0151r-f\u0151kapit\u00e1nys\u00e1g k\u00e9ri a j\u00e1rm\u0171vezet\u0151ket, hogy halad\u00e1suk sor\u00e1n ne hagyj\u00e1k figyelmen k\u00edv\u00fcl a k\u00f6zleked\u00e9si szab\u00e1lyokat, \u00e9s minden esetben tarts\u00e1k be az el\u0151\u00edrt sebess\u00e9ghat\u00e1rokat. A&hellip;","og_url":"https:\/\/miklostv.com\/new\/2023\/02\/08\/sebessegellenorzesre-kell-szamitani-tobb-telepulesen\/","og_site_name":"Mikl\u00f3s TV","article_published_time":"2023-02-08T09:13:48+00:00","article_modified_time":"2023-02-08T09:18:13+00:00","og_image":[{"width":751,"height":500,"url":"https:\/\/miklostv.com\/new\/wp-content\/uploads\/2023\/02\/Trafi_10-1.jpg","type":"image\/jpeg"}],"author":"S\u00e1ndor","twitter_card":"summary_large_image","twitter_misc":{"Szerz\u0151:":"S\u00e1ndor","Becs\u00fclt olvas\u00e1si id\u0151":"1 perc"},"schema":{"@context":"https:\/\/schema.org","@graph":[{"@type":"NewsArticle","@id":"https:\/\/miklostv.com\/new\/2023\/02\/08\/sebessegellenorzesre-kell-szamitani-tobb-telepulesen\/#article","isPartOf":{"@id":"https:\/\/miklostv.com\/new\/2023\/02\/08\/sebessegellenorzesre-kell-szamitani-tobb-telepulesen\/"},"author":{"name":"S\u00e1ndor","@id":"https:\/\/miklostv.com\/new\/#\/schema\/person\/ff79e2ad2a1522bb7078c68351a9d05a"},"headline":"SEBESS\u00c9GELLEN\u0150RZ\u00c9SRE KELL SZ\u00c1M\u00cdTANI T\u00d6BB TELEP\u00dcL\u00c9SEN","datePublished":"2023-02-08T09:13:48+00:00","dateModified":"2023-02-08T09:18:13+00:00","mainEntityOfPage":{"@id":"https:\/\/miklostv.com\/new\/2023\/02\/08\/sebessegellenorzesre-kell-szamitani-tobb-telepulesen\/"},"wordCount":243,"image":{"@id":"https:\/\/miklostv.com\/new\/2023\/02\/08\/sebessegellenorzesre-kell-szamitani-tobb-telepulesen\/#primaryimage"},"thumbnailUrl":"https:\/\/miklostv.com\/new\/wp-content\/uploads\/2023\/02\/Trafi_10-1.jpg","articleSection":["Rend\u0151rs\u00e9gi h\u00edrek"],"inLanguage":"hu"},{"@type":"WebPage","@id":"https:\/\/miklostv.com\/new\/2023\/02\/08\/sebessegellenorzesre-kell-szamitani-tobb-telepulesen\/","url":"https:\/\/miklostv.com\/new\/2023\/02\/08\/sebessegellenorzesre-kell-szamitani-tobb-telepulesen\/","name":"SEBESS\u00c9GELLEN\u0150RZ\u00c9SRE KELL SZ\u00c1M\u00cdTANI T\u00d6BB TELEP\u00dcL\u00c9SEN - Mikl\u00f3s TV","isPartOf":{"@id":"https:\/\/miklostv.com\/new\/#website"},"primaryImageOfPage":{"@id":"https:\/\/miklostv.com\/new\/2023\/02\/08\/sebessegellenorzesre-kell-szamitani-tobb-telepulesen\/#primaryimage"},"image":{"@id":"https:\/\/miklostv.com\/new\/2023\/02\/08\/sebessegellenorzesre-kell-szamitani-tobb-telepulesen\/#primaryimage"},"thumbnailUrl":"https:\/\/miklostv.com\/new\/wp-content\/uploads\/2023\/02\/Trafi_10-1.jpg","datePublished":"2023-02-08T09:13:48+00:00","dateModified":"2023-02-08T09:18:13+00:00","author":{"@id":"https:\/\/miklostv.com\/new\/#\/schema\/person\/ff79e2ad2a1522bb7078c68351a9d05a"},"breadcrumb":{"@id":"https:\/\/miklostv.com\/new\/2023\/02\/08\/sebessegellenorzesre-kell-szamitani-tobb-telepulesen\/#breadcrumb"},"inLanguage":"hu","potentialAction":[{"@type":"ReadAction","target":["https:\/\/miklostv.com\/new\/2023\/02\/08\/sebessegellenorzesre-kell-szamitani-tobb-telepulesen\/"]}]},{"@type":"ImageObject","inLanguage":"hu","@id":"https:\/\/miklostv.com\/new\/2023\/02\/08\/sebessegellenorzesre-kell-szamitani-tobb-telepulesen\/#primaryimage","url":"https:\/\/miklostv.com\/new\/wp-content\/uploads\/2023\/02\/Trafi_10-1.jpg","contentUrl":"https:\/\/miklostv.com\/new\/wp-content\/uploads\/2023\/02\/Trafi_10-1.jpg","width":751,"height":500},{"@type":"BreadcrumbList","@id":"https:\/\/miklostv.com\/new\/2023\/02\/08\/sebessegellenorzesre-kell-szamitani-tobb-telepulesen\/#breadcrumb","itemListElement":[{"@type":"ListItem","position":1,"name":"Kezd\u0151lap","item":"https:\/\/miklostv.com\/new\/"},{"@type":"ListItem","position":2,"name":"SEBESS\u00c9GELLEN\u0150RZ\u00c9SRE KELL SZ\u00c1M\u00cdTANI T\u00d6BB TELEP\u00dcL\u00c9SEN"}]},{"@type":"WebSite","@id":"https:\/\/miklostv.com\/new\/#website","url":"https:\/\/miklostv.com\/new\/","name":"Mikl\u00f3s TV","description":"Mikl\u00f3s TV","potentialAction":[{"@type":"SearchAction","target":{"@type":"EntryPoint","urlTemplate":"https:\/\/miklostv.com\/new\/?s={search_term_string}"},"query-input":{"@type":"PropertyValueSpecification","valueRequired":true,"valueName":"search_term_string"}}],"inLanguage":"hu"},{"@type":"Person","@id":"https:\/\/miklostv.com\/new\/#\/schema\/person\/ff79e2ad2a1522bb7078c68351a9d05a","name":"S\u00e1ndor","url":"https:\/\/miklostv.com\/new\/author\/szerkeszto\/"}]}},"_links":{"self":[{"href":"https:\/\/miklostv.com\/new\/wp-json\/wp\/v2\/posts\/7640","targetHints":{"allow":["GET"]}}],"collection":[{"href":"https:\/\/miklostv.com\/new\/wp-json\/wp\/v2\/posts"}],"about":[{"href":"https:\/\/miklostv.com\/new\/wp-json\/wp\/v2\/types\/post"}],"author":[{"embeddable":true,"href":"https:\/\/miklostv.com\/new\/wp-json\/wp\/v2\/users\/4"}],"replies":[{"embeddable":true,"href":"https:\/\/miklostv.com\/new\/wp-json\/wp\/v2\/comments?post=7640"}],"version-history":[{"count":1,"href":"https:\/\/miklostv.com\/new\/wp-json\/wp\/v2\/posts\/7640\/revisions"}],"predecessor-version":[{"id":7642,"href":"https:\/\/miklostv.com\/new\/wp-json\/wp\/v2\/posts\/7640\/revisions\/7642"}],"wp:featuredmedia":[{"embeddable":true,"href":"https:\/\/miklostv.com\/new\/wp-json\/wp\/v2\/media\/7643"}],"wp:attachment":[{"href":"https:\/\/miklostv.com\/new\/wp-json\/wp\/v2\/media?parent=7640"}],"wp:term":[{"taxonomy":"category","embeddable":true,"href":"https:\/\/miklostv.com\/new\/wp-json\/wp\/v2\/categories?post=7640"},{"taxonomy":"post_tag","embeddable":true,"href":"https:\/\/miklostv.com\/new\/wp-json\/wp\/v2\/tags?post=7640"}],"curies":[{"name":"wp","href":"https:\/\/api.w.org\/{rel}","templated":true}]}}