{"id":5156,"date":"2022-12-14T17:53:47","date_gmt":"2022-12-14T17:53:47","guid":{"rendered":"https:\/\/miklostv.com\/new\/?p=5156"},"modified":"2022-12-14T17:56:25","modified_gmt":"2022-12-14T17:56:25","slug":"ne-add-fel-add-a-szeretet-hangjait","status":"publish","type":"post","link":"https:\/\/miklostv.com\/new\/2022\/12\/14\/ne-add-fel-add-a-szeretet-hangjait\/","title":{"rendered":"\u201eNe add fel, add a szeretet hangjait\u201d"},"content":{"rendered":"\n<p>A vil\u00e1g minden \u00e9vben december 3.-\u00e1n eml\u00e9kezik meg fogyat\u00e9kkal \u00e9l\u0151 embert\u00e1rsainkr\u00f3l. Ezt a napot nyilv\u00e1n\u00edtotta az ENSZ, a FOGYAT\u00c9KOS EMBEREK NEMZETK\u00d6ZI VIL\u00c1GNAPJ\u00c1v\u00e1, hogy felh\u00edvja a figyelmet a baleset, betegs\u00e9g, katasztr\u00f3fa k\u00f6vetkezt\u00e9ben fogyat\u00e9koss\u00e1 v\u00e1ltak probl\u00e9m\u00e1ira. T\u00f6r\u00f6kszentmikl\u00f3son t\u00f6bb \u00e9vtizedes m\u00faltra tekint vissza, az ehhez a naphoz is k\u00f6thet\u0151, de az adventi id\u0151szak, \u00e9s a kar\u00e1csony \u00fczenet\u00e9t is mag\u00e1ban hordoz\u00f3 \u201eNe add fel\u2026, add a szeretet hangjait!\u201d c\u00edmet visel\u0151 g\u00e1laest. A c\u00edm t\u00f6k\u00e9letes! Biztat, mik\u00f6zben felsz\u00f3l\u00edt. Fogyat\u00e9kkal \u00e9l\u0151t, \u00e9s eg\u00e9szs\u00e9gest egyar\u00e1nt. Biztat, \u00e9s felsz\u00f3l\u00edt, hogy higgy\u00fcnk, b\u00edzzunk, szeress\u00fcnk, vegy\u00fck \u00e9szre a j\u00f3t, a sz\u00e9pet, az \u00e9rt\u00e9keset. Mindenkiben. T\u00f6r\u00f6kszentmikl\u00f3son S\u00fclye K\u00e1rolyn\u00e9 Kl\u00e1rika \u2013 nyugalmazott M\u0171vel\u0151d\u00e9si H\u00e1z igazgat\u00f3 &#8211; \u00e9s Buz\u00e1s S\u00e1ndorn\u00e9 Jusztika \u2013 T\u00f6r\u00f6kszentmikl\u00f3si Cukorbetegek\u00e9rt Egyes\u00fclet eln\u00f6ke &#8211; ind\u00edtott\u00e1k el ezt a g\u00e1laestet, mely a fogyat\u00e9kkal \u00e9l\u0151kr\u0151l sz\u00f3l, de nem csak sorst\u00e1rsaiknak, hanem nek\u00fcnk, eg\u00e9szs\u00e9geseknek is. A COVID-19 miatt k\u00e9t \u00e9v kihagy\u00e1s ut\u00e1n id\u00e9n ism\u00e9t megtarthattuk a helyi \u00e9s k\u00f6rny\u00e9kbeli h\u00e1tr\u00e1nyos helyzet\u0171 csoportok G\u00e1lam\u0171sor\u00e1t, ahol rajtuk k\u00edv\u00fcl hallhattunk m\u00e9g egy k\u00fcl\u00f6nleges koncertet. is. Ugyanis vel\u00fcnk voltak a <strong>budapesti Baltaz\u00e1r Sz\u00ednh\u00e1z sz\u00edn\u00e9szei, valamint Kecsk\u00e9s Karina \u00e9s M\u00fcller P\u00e9ter Szi\u00e1mi. <\/strong>Az 1998-ban alap\u00edtott Baltaz\u00e1r Sz\u00ednh\u00e1z az egyetlen hivat\u00e1sos sz\u00ednh\u00e1zi t\u00e1rsulat Magyarorsz\u00e1gon, amelynek tagjai \u00e9rtelmi fogyat\u00e9kos sz\u00edn\u00e9szek. A t\u00e1rsulat a magyar sz\u00ednh\u00e1zi \u00e9let jelent\u0151s r\u00e9sz\u00e9v\u00e9 v\u00e1lt. A Baltaz\u00e1r Sz\u00ednh\u00e1z a sz\u00edn\u00e9szek fogyat\u00e9koss\u00e1gait h\u00e1tt\u00e9rbe szor\u00edtva, tehets\u00e9g\u00fcket hangs\u00falyozva \u00faj utakat t\u00f6r fel. A rendezv\u00e9ny f\u0151v\u00e9dn\u00f6ke id\u00e9n is Mark\u00f3t Imre polg\u00e1rmester volt, a k\u00f6z\u00f6ns\u00e9get, s\u00e9a fell\u00e9p\u0151ket pedig Hajnal L\u00e1szl\u00f3, az IKK int\u00e9zm\u00e9nyvezet\u0151je is k\u00f6sz\u00f6nt\u00f6tte.<\/p>\n\n\n\n<p>A c\u00e9l a kezdetek \u00f3ta nem v\u00e1ltozott, csak a b\u00e1rmilyen h\u00e1tr\u00e1nnyal \u00e9l\u0151k sz\u00e1ma emelkedett. Ez az est r\u00f3luk, \u00e9s nek\u00fcnk sz\u00f3lt, \u201eeg\u00e9szs\u00e9geseknek\u201d. \u00c9s hogy mi\u00e9rt is indult \u00fatj\u00e1ra m\u00e1r sok-sok \u00e9vvel ezel\u0151tt a \u201eNe add fel\u2026add a szeretet hangjait!\u201d c\u00edm\u0171 g\u00e1lam\u0171sorunk? Olyan sokat besz\u00e9l\u00fcnk a h\u00e9tk\u00f6znapokban az elfogad\u00e1sr\u00f3l, a szeretetr\u0151l, \u00e9s hogy mindenki \u00e9rt\u00e9kes, de mindezek alkalmaz\u00e1sa m\u00e1r nem megy annyira olajozottan. Esetenk\u00e9nt megb\u00e1mulunk egy down k\u00f3ros gyermeket, vagy egy testi fogyat\u00e9kkal \u00e9l\u0151t, de azt, ami benn\u00fck lakozik, azt nem ismerj\u00fck. Nem csak k\u00fcl\u00f6nb\u00f6znek t\u0151l\u00fcnk, hanem sok mindenben hasonl\u00f3ak, mint mi. S\u00edrnak, nevetnek, szeretnek, szeretn\u00e9k, ha szeretn\u00e9k \u0151ket, csod\u00e1latosan \u00e9nekelnek, vagy mondanak verset, net\u00e1n elk\u00e9peszt\u0151 sz\u00edn\u00e9szi tehets\u00e9ggel rendelkeznek, irigyl\u00e9sre m\u00e9lt\u00f3n b\u00e1nnak a fakan\u00e1llal, vagy kit\u0171n\u0151 ritmus\u00e9rz\u00e9k\u00fck, k\u00e9z\u00fcgyess\u00e9g\u00fck van\u2026Ezt mutatt\u00e1k meg nek\u00fcnk 2022. december 2 \u2013 \u00e1n. Az \u00e9let minden ter\u00fclet\u00e9r\u0151l, \u00e9s mindenf\u00e9le h\u00e1tr\u00e1nyos helyzettel \u00e9rkeztek hozz\u00e1nk &#8211; legyen sz\u00f3 gazdas\u00e1gi, szoci\u00e1lis, eg\u00e9szs\u00e9g\u00fcgyi h\u00e1tr\u00e1nyr\u00f3l, gyerekek, fiatalok, \u00e9s id\u0151sek egyar\u00e1nt. K\u00f6sz\u00f6nj\u00fck nekik, \u00e9s felk\u00e9sz\u00edt\u0151iknek, hogy 2 \u00e9v kihagy\u00e1s ut\u00e1n is ugyanolyan lelkesed\u00e9ssel k\u00e9sz\u00fcltek, \u00e9s sz\u00edv\u00fcket-lelk\u00fcket beletett\u00e9k a produkci\u00f3kba. L\u00e1thattunk komoly, vicces, \u00e9s meghat\u00f3 m\u0171sorsz\u00e1mokat, \u00e9s biztosak vagyunk benne, hogy \u201eKapocsos\u201d Katika is b\u00fcszke r\u00e1nk!<\/p>\n\n\n\n<p>K\u00f6sz\u00f6nj\u00fck: a budapesti Baltaz\u00e1r Sz\u00ednh\u00e1z sz\u00edn\u00e9szeinek, valamint Kecsk\u00e9s Karina \u00e9s M\u00fcller P\u00e9ter Szi\u00e1minak a fantasztikus koncertet, a T\u00f6r\u00f6kszentmikl\u00f3si Cukorbetegek\u00e9rt Egyes\u00fcletnek, az isteni finom m\u00e9zest. Az Es\u00e9ly Klub tagjai csod\u00e1latos vend\u00e9gl\u00e1t\u00f3k voltak, Tyukodin\u00e9 Baktai Erzs\u00e9bet pedig szint\u00e9n sok-sok m\u00e9zest s\u00fct\u00f6tt. Mindezt azonban nem tudtuk volna megval\u00f3s\u00edtani t\u00e1mogat\u00f3ink n\u00e9lk\u00fcl: T\u00f6r\u00f6kszentmikl\u00f3s V\u00e1rosi \u00d6nkorm\u00e1nyzat, Dancza Anik\u00f3, \u00e9s Bihari J\u00f3zsef \u00f6nkorm\u00e1nyzati k\u00e9pvisel\u0151, B\u00e9res Gy\u00f3gyszergy\u00e1r Zrt. J- N &#8211; Sz M. &#8211; i Tisza\u00e1g Integr\u00e1lt Szoci\u00e1lis Int\u00e9zm\u00e9ny \u2013 az \u0151 ell\u00e1tottjaik k\u00e9sz\u00edtett\u00e9k azokat az aj\u00e1nd\u00e9kokat, amit minden fell\u00e9p\u0151 megkapott &#8211; Pro Bibliotheca Alap\u00edtv\u00e1ny, Sz\u0151ke \u2013Pap\u00edr- Kreat\u00edv Kft, Bontovics Mih\u00e1ly, Boh\u00e1cs Bt.<\/p>\n\n\n\n<p>Fell\u00e9p\u0151ink: Buz\u00e1s S\u00e1ndorn\u00e9 Jusztika, Hunyadi M\u00e1ty\u00e1s \u00c1lt. Iskola Saj\u00e1tos nevel\u00e9si ig\u00e9ny\u0171 gyermek tagozata, Szolnoki Liget Otthon lak\u00f3i, Tisza\u00e1g \u2013 \u201eAngolkert\u201d otthon lak\u00f3i, B\u00e1nhalm\u00e1r\u00f3l a Fenyves Otthon lak\u00f3i, \u00e9s igaz csak vide\u00f3n kereszt\u00fcl, de vel\u00fcnk volt Turba Gabriella is.<\/p>\n\n\n\n<p>K\u00f6sz\u00f6nj\u00fck mindenkinek!<\/p>\n\n\n\n<p><\/p>\n\n\n\n<figure class=\"wp-block-embed is-type-video is-provider-youtube wp-block-embed-youtube wp-embed-aspect-16-9 wp-has-aspect-ratio\"><div class=\"wp-block-embed__wrapper\">\n<iframe  id=\"_ytid_87698\"  width=\"800\" height=\"450\"  data-origwidth=\"800\" data-origheight=\"450\" src=\"https:\/\/www.youtube.com\/embed\/_mC7s59tTNI?enablejsapi=1&#038;autoplay=0&#038;cc_load_policy=0&#038;cc_lang_pref=hu&#038;iv_load_policy=1&#038;loop=0&#038;rel=1&#038;fs=1&#038;playsinline=1&#038;autohide=2&#038;theme=dark&#038;color=red&#038;controls=1&#038;disablekb=0&#038;\" class=\"__youtube_prefs__  epyt-is-override  no-lazyload\" title=\"YouTube player\"  allow=\"fullscreen; accelerometer; autoplay; clipboard-write; encrypted-media; gyroscope; picture-in-picture; web-share\" referrerpolicy=\"strict-origin-when-cross-origin\" allowfullscreen data-no-lazy=\"1\" data-skipgform_ajax_framebjll=\"\"><\/iframe>\n<\/div><figcaption class=\"wp-element-caption\">A teljes m\u0171sor megtekinthet\u0151<\/figcaption><\/figure>\n","protected":false},"excerpt":{"rendered":"<p>A vil\u00e1g minden \u00e9vben december 3.-\u00e1n eml\u00e9kezik meg fogyat\u00e9kkal \u00e9l\u0151 embert\u00e1rsainkr\u00f3l. Ezt a napot nyilv\u00e1n\u00edtotta az ENSZ, a FOGYAT\u00c9KOS EMBEREK NEMZETK\u00d6ZI VIL\u00c1GNAPJ\u00c1v\u00e1, hogy felh\u00edvja a figyelmet a baleset, betegs\u00e9g, katasztr\u00f3fa k\u00f6vetkezt\u00e9ben fogyat\u00e9koss\u00e1 v\u00e1ltak probl\u00e9m\u00e1ira. T\u00f6r\u00f6kszentmikl\u00f3son t\u00f6bb \u00e9vtizedes m\u00faltra tekint vissza, az ehhez a naphoz is k\u00f6thet\u0151, de az adventi id\u0151szak, \u00e9s a kar\u00e1csony \u00fczenet\u00e9t is mag\u00e1ban hordoz\u00f3 \u201eNe add fel\u2026, add a szeretet hangjait!\u201d c\u00edmet visel\u0151 g\u00e1laest. A c\u00edm t\u00f6k\u00e9letes! Biztat, mik\u00f6zben felsz\u00f3l\u00edt. Fogyat\u00e9kkal \u00e9l\u0151t, \u00e9s eg\u00e9szs\u00e9gest egyar\u00e1nt. Biztat, \u00e9s felsz\u00f3l\u00edt, hogy higgy\u00fcnk, b\u00edzzunk, szeress\u00fcnk, vegy\u00fck \u00e9szre a j\u00f3t, a&hellip;<\/p>\n","protected":false},"author":4,"featured_media":5157,"comment_status":"open","ping_status":"open","sticky":false,"template":"","format":"standard","meta":{"fifu_image_url":"","fifu_image_alt":"","footnotes":""},"categories":[32],"tags":[],"class_list":["post-5156","post","type-post","status-publish","format-standard","has-post-thumbnail","hentry","category-hirek2"],"gutentor_comment":0,"yoast_head":"<!-- This site is optimized with the Yoast SEO plugin v27.5 - https:\/\/yoast.com\/product\/yoast-seo-wordpress\/ -->\n<title>\u201eNe add fel, add a szeretet hangjait\u201d - Mikl\u00f3s TV<\/title>\n<meta name=\"robots\" content=\"index, follow, max-snippet:-1, max-image-preview:large, max-video-preview:-1\" \/>\n<link rel=\"canonical\" href=\"https:\/\/miklostv.com\/new\/2022\/12\/14\/ne-add-fel-add-a-szeretet-hangjait\/\" \/>\n<meta property=\"og:locale\" content=\"hu_HU\" \/>\n<meta property=\"og:type\" content=\"article\" \/>\n<meta property=\"og:title\" content=\"\u201eNe add fel, add a szeretet hangjait\u201d - Mikl\u00f3s TV\" \/>\n<meta property=\"og:description\" content=\"A vil\u00e1g minden \u00e9vben december 3.-\u00e1n eml\u00e9kezik meg fogyat\u00e9kkal \u00e9l\u0151 embert\u00e1rsainkr\u00f3l. Ezt a napot nyilv\u00e1n\u00edtotta az ENSZ, a FOGYAT\u00c9KOS EMBEREK NEMZETK\u00d6ZI VIL\u00c1GNAPJ\u00c1v\u00e1, hogy felh\u00edvja a figyelmet a baleset, betegs\u00e9g, katasztr\u00f3fa k\u00f6vetkezt\u00e9ben fogyat\u00e9koss\u00e1 v\u00e1ltak probl\u00e9m\u00e1ira. T\u00f6r\u00f6kszentmikl\u00f3son t\u00f6bb \u00e9vtizedes m\u00faltra tekint vissza, az ehhez a naphoz is k\u00f6thet\u0151, de az adventi id\u0151szak, \u00e9s a kar\u00e1csony \u00fczenet\u00e9t is mag\u00e1ban hordoz\u00f3 \u201eNe add fel\u2026, add a szeretet hangjait!\u201d c\u00edmet visel\u0151 g\u00e1laest. A c\u00edm t\u00f6k\u00e9letes! Biztat, mik\u00f6zben felsz\u00f3l\u00edt. Fogyat\u00e9kkal \u00e9l\u0151t, \u00e9s eg\u00e9szs\u00e9gest egyar\u00e1nt. Biztat, \u00e9s felsz\u00f3l\u00edt, hogy higgy\u00fcnk, b\u00edzzunk, szeress\u00fcnk, vegy\u00fck \u00e9szre a j\u00f3t, a&hellip;\" \/>\n<meta property=\"og:url\" content=\"https:\/\/miklostv.com\/new\/2022\/12\/14\/ne-add-fel-add-a-szeretet-hangjait\/\" \/>\n<meta property=\"og:site_name\" content=\"Mikl\u00f3s TV\" \/>\n<meta property=\"article:published_time\" content=\"2022-12-14T17:53:47+00:00\" \/>\n<meta property=\"article:modified_time\" content=\"2022-12-14T17:56:25+00:00\" \/>\n<meta property=\"og:image\" content=\"https:\/\/miklostv.com\/new\/wp-content\/uploads\/2022\/12\/Image377.jpg\" \/>\n\t<meta property=\"og:image:width\" content=\"1920\" \/>\n\t<meta property=\"og:image:height\" content=\"1080\" \/>\n\t<meta property=\"og:image:type\" content=\"image\/jpeg\" \/>\n<meta name=\"author\" content=\"S\u00e1ndor\" \/>\n<meta name=\"twitter:card\" content=\"summary_large_image\" \/>\n<meta name=\"twitter:label1\" content=\"Szerz\u0151:\" \/>\n\t<meta name=\"twitter:data1\" content=\"S\u00e1ndor\" \/>\n\t<meta name=\"twitter:label2\" content=\"Becs\u00fclt olvas\u00e1si id\u0151\" \/>\n\t<meta name=\"twitter:data2\" content=\"3 perc\" \/>\n<script type=\"application\/ld+json\" class=\"yoast-schema-graph\">{\"@context\":\"https:\\\/\\\/schema.org\",\"@graph\":[{\"@type\":\"NewsArticle\",\"@id\":\"https:\\\/\\\/miklostv.com\\\/new\\\/2022\\\/12\\\/14\\\/ne-add-fel-add-a-szeretet-hangjait\\\/#article\",\"isPartOf\":{\"@id\":\"https:\\\/\\\/miklostv.com\\\/new\\\/2022\\\/12\\\/14\\\/ne-add-fel-add-a-szeretet-hangjait\\\/\"},\"author\":{\"name\":\"S\u00e1ndor\",\"@id\":\"https:\\\/\\\/miklostv.com\\\/new\\\/#\\\/schema\\\/person\\\/ff79e2ad2a1522bb7078c68351a9d05a\"},\"headline\":\"\u201eNe add fel, add a szeretet hangjait\u201d\",\"datePublished\":\"2022-12-14T17:53:47+00:00\",\"dateModified\":\"2022-12-14T17:56:25+00:00\",\"mainEntityOfPage\":{\"@id\":\"https:\\\/\\\/miklostv.com\\\/new\\\/2022\\\/12\\\/14\\\/ne-add-fel-add-a-szeretet-hangjait\\\/\"},\"wordCount\":914,\"commentCount\":0,\"image\":{\"@id\":\"https:\\\/\\\/miklostv.com\\\/new\\\/2022\\\/12\\\/14\\\/ne-add-fel-add-a-szeretet-hangjait\\\/#primaryimage\"},\"thumbnailUrl\":\"https:\\\/\\\/miklostv.com\\\/new\\\/wp-content\\\/uploads\\\/2022\\\/12\\\/Image377.jpg\",\"articleSection\":[\"A l\u00e9nyeg r\u00f6viden\"],\"inLanguage\":\"hu\"},{\"@type\":\"WebPage\",\"@id\":\"https:\\\/\\\/miklostv.com\\\/new\\\/2022\\\/12\\\/14\\\/ne-add-fel-add-a-szeretet-hangjait\\\/\",\"url\":\"https:\\\/\\\/miklostv.com\\\/new\\\/2022\\\/12\\\/14\\\/ne-add-fel-add-a-szeretet-hangjait\\\/\",\"name\":\"\u201eNe add fel, add a szeretet hangjait\u201d - Mikl\u00f3s TV\",\"isPartOf\":{\"@id\":\"https:\\\/\\\/miklostv.com\\\/new\\\/#website\"},\"primaryImageOfPage\":{\"@id\":\"https:\\\/\\\/miklostv.com\\\/new\\\/2022\\\/12\\\/14\\\/ne-add-fel-add-a-szeretet-hangjait\\\/#primaryimage\"},\"image\":{\"@id\":\"https:\\\/\\\/miklostv.com\\\/new\\\/2022\\\/12\\\/14\\\/ne-add-fel-add-a-szeretet-hangjait\\\/#primaryimage\"},\"thumbnailUrl\":\"https:\\\/\\\/miklostv.com\\\/new\\\/wp-content\\\/uploads\\\/2022\\\/12\\\/Image377.jpg\",\"datePublished\":\"2022-12-14T17:53:47+00:00\",\"dateModified\":\"2022-12-14T17:56:25+00:00\",\"author\":{\"@id\":\"https:\\\/\\\/miklostv.com\\\/new\\\/#\\\/schema\\\/person\\\/ff79e2ad2a1522bb7078c68351a9d05a\"},\"breadcrumb\":{\"@id\":\"https:\\\/\\\/miklostv.com\\\/new\\\/2022\\\/12\\\/14\\\/ne-add-fel-add-a-szeretet-hangjait\\\/#breadcrumb\"},\"inLanguage\":\"hu\",\"potentialAction\":[{\"@type\":\"ReadAction\",\"target\":[\"https:\\\/\\\/miklostv.com\\\/new\\\/2022\\\/12\\\/14\\\/ne-add-fel-add-a-szeretet-hangjait\\\/\"]}]},{\"@type\":\"ImageObject\",\"inLanguage\":\"hu\",\"@id\":\"https:\\\/\\\/miklostv.com\\\/new\\\/2022\\\/12\\\/14\\\/ne-add-fel-add-a-szeretet-hangjait\\\/#primaryimage\",\"url\":\"https:\\\/\\\/miklostv.com\\\/new\\\/wp-content\\\/uploads\\\/2022\\\/12\\\/Image377.jpg\",\"contentUrl\":\"https:\\\/\\\/miklostv.com\\\/new\\\/wp-content\\\/uploads\\\/2022\\\/12\\\/Image377.jpg\",\"width\":1920,\"height\":1080},{\"@type\":\"BreadcrumbList\",\"@id\":\"https:\\\/\\\/miklostv.com\\\/new\\\/2022\\\/12\\\/14\\\/ne-add-fel-add-a-szeretet-hangjait\\\/#breadcrumb\",\"itemListElement\":[{\"@type\":\"ListItem\",\"position\":1,\"name\":\"Kezd\u0151lap\",\"item\":\"https:\\\/\\\/miklostv.com\\\/new\\\/\"},{\"@type\":\"ListItem\",\"position\":2,\"name\":\"\u201eNe add fel, add a szeretet hangjait\u201d\"}]},{\"@type\":\"WebSite\",\"@id\":\"https:\\\/\\\/miklostv.com\\\/new\\\/#website\",\"url\":\"https:\\\/\\\/miklostv.com\\\/new\\\/\",\"name\":\"Mikl\u00f3s TV\",\"description\":\"Mikl\u00f3s TV\",\"potentialAction\":[{\"@type\":\"SearchAction\",\"target\":{\"@type\":\"EntryPoint\",\"urlTemplate\":\"https:\\\/\\\/miklostv.com\\\/new\\\/?s={search_term_string}\"},\"query-input\":{\"@type\":\"PropertyValueSpecification\",\"valueRequired\":true,\"valueName\":\"search_term_string\"}}],\"inLanguage\":\"hu\"},{\"@type\":\"Person\",\"@id\":\"https:\\\/\\\/miklostv.com\\\/new\\\/#\\\/schema\\\/person\\\/ff79e2ad2a1522bb7078c68351a9d05a\",\"name\":\"S\u00e1ndor\",\"url\":\"https:\\\/\\\/miklostv.com\\\/new\\\/author\\\/szerkeszto\\\/\"}]}<\/script>\n<!-- \/ Yoast SEO plugin. -->","yoast_head_json":{"title":"\u201eNe add fel, add a szeretet hangjait\u201d - Mikl\u00f3s TV","robots":{"index":"index","follow":"follow","max-snippet":"max-snippet:-1","max-image-preview":"max-image-preview:large","max-video-preview":"max-video-preview:-1"},"canonical":"https:\/\/miklostv.com\/new\/2022\/12\/14\/ne-add-fel-add-a-szeretet-hangjait\/","og_locale":"hu_HU","og_type":"article","og_title":"\u201eNe add fel, add a szeretet hangjait\u201d - Mikl\u00f3s TV","og_description":"A vil\u00e1g minden \u00e9vben december 3.-\u00e1n eml\u00e9kezik meg fogyat\u00e9kkal \u00e9l\u0151 embert\u00e1rsainkr\u00f3l. Ezt a napot nyilv\u00e1n\u00edtotta az ENSZ, a FOGYAT\u00c9KOS EMBEREK NEMZETK\u00d6ZI VIL\u00c1GNAPJ\u00c1v\u00e1, hogy felh\u00edvja a figyelmet a baleset, betegs\u00e9g, katasztr\u00f3fa k\u00f6vetkezt\u00e9ben fogyat\u00e9koss\u00e1 v\u00e1ltak probl\u00e9m\u00e1ira. T\u00f6r\u00f6kszentmikl\u00f3son t\u00f6bb \u00e9vtizedes m\u00faltra tekint vissza, az ehhez a naphoz is k\u00f6thet\u0151, de az adventi id\u0151szak, \u00e9s a kar\u00e1csony \u00fczenet\u00e9t is mag\u00e1ban hordoz\u00f3 \u201eNe add fel\u2026, add a szeretet hangjait!\u201d c\u00edmet visel\u0151 g\u00e1laest. A c\u00edm t\u00f6k\u00e9letes! Biztat, mik\u00f6zben felsz\u00f3l\u00edt. Fogyat\u00e9kkal \u00e9l\u0151t, \u00e9s eg\u00e9szs\u00e9gest egyar\u00e1nt. Biztat, \u00e9s felsz\u00f3l\u00edt, hogy higgy\u00fcnk, b\u00edzzunk, szeress\u00fcnk, vegy\u00fck \u00e9szre a j\u00f3t, a&hellip;","og_url":"https:\/\/miklostv.com\/new\/2022\/12\/14\/ne-add-fel-add-a-szeretet-hangjait\/","og_site_name":"Mikl\u00f3s TV","article_published_time":"2022-12-14T17:53:47+00:00","article_modified_time":"2022-12-14T17:56:25+00:00","og_image":[{"width":1920,"height":1080,"url":"https:\/\/miklostv.com\/new\/wp-content\/uploads\/2022\/12\/Image377.jpg","type":"image\/jpeg"}],"author":"S\u00e1ndor","twitter_card":"summary_large_image","twitter_misc":{"Szerz\u0151:":"S\u00e1ndor","Becs\u00fclt olvas\u00e1si id\u0151":"3 perc"},"schema":{"@context":"https:\/\/schema.org","@graph":[{"@type":"NewsArticle","@id":"https:\/\/miklostv.com\/new\/2022\/12\/14\/ne-add-fel-add-a-szeretet-hangjait\/#article","isPartOf":{"@id":"https:\/\/miklostv.com\/new\/2022\/12\/14\/ne-add-fel-add-a-szeretet-hangjait\/"},"author":{"name":"S\u00e1ndor","@id":"https:\/\/miklostv.com\/new\/#\/schema\/person\/ff79e2ad2a1522bb7078c68351a9d05a"},"headline":"\u201eNe add fel, add a szeretet hangjait\u201d","datePublished":"2022-12-14T17:53:47+00:00","dateModified":"2022-12-14T17:56:25+00:00","mainEntityOfPage":{"@id":"https:\/\/miklostv.com\/new\/2022\/12\/14\/ne-add-fel-add-a-szeretet-hangjait\/"},"wordCount":914,"commentCount":0,"image":{"@id":"https:\/\/miklostv.com\/new\/2022\/12\/14\/ne-add-fel-add-a-szeretet-hangjait\/#primaryimage"},"thumbnailUrl":"https:\/\/miklostv.com\/new\/wp-content\/uploads\/2022\/12\/Image377.jpg","articleSection":["A l\u00e9nyeg r\u00f6viden"],"inLanguage":"hu"},{"@type":"WebPage","@id":"https:\/\/miklostv.com\/new\/2022\/12\/14\/ne-add-fel-add-a-szeretet-hangjait\/","url":"https:\/\/miklostv.com\/new\/2022\/12\/14\/ne-add-fel-add-a-szeretet-hangjait\/","name":"\u201eNe add fel, add a szeretet hangjait\u201d - Mikl\u00f3s TV","isPartOf":{"@id":"https:\/\/miklostv.com\/new\/#website"},"primaryImageOfPage":{"@id":"https:\/\/miklostv.com\/new\/2022\/12\/14\/ne-add-fel-add-a-szeretet-hangjait\/#primaryimage"},"image":{"@id":"https:\/\/miklostv.com\/new\/2022\/12\/14\/ne-add-fel-add-a-szeretet-hangjait\/#primaryimage"},"thumbnailUrl":"https:\/\/miklostv.com\/new\/wp-content\/uploads\/2022\/12\/Image377.jpg","datePublished":"2022-12-14T17:53:47+00:00","dateModified":"2022-12-14T17:56:25+00:00","author":{"@id":"https:\/\/miklostv.com\/new\/#\/schema\/person\/ff79e2ad2a1522bb7078c68351a9d05a"},"breadcrumb":{"@id":"https:\/\/miklostv.com\/new\/2022\/12\/14\/ne-add-fel-add-a-szeretet-hangjait\/#breadcrumb"},"inLanguage":"hu","potentialAction":[{"@type":"ReadAction","target":["https:\/\/miklostv.com\/new\/2022\/12\/14\/ne-add-fel-add-a-szeretet-hangjait\/"]}]},{"@type":"ImageObject","inLanguage":"hu","@id":"https:\/\/miklostv.com\/new\/2022\/12\/14\/ne-add-fel-add-a-szeretet-hangjait\/#primaryimage","url":"https:\/\/miklostv.com\/new\/wp-content\/uploads\/2022\/12\/Image377.jpg","contentUrl":"https:\/\/miklostv.com\/new\/wp-content\/uploads\/2022\/12\/Image377.jpg","width":1920,"height":1080},{"@type":"BreadcrumbList","@id":"https:\/\/miklostv.com\/new\/2022\/12\/14\/ne-add-fel-add-a-szeretet-hangjait\/#breadcrumb","itemListElement":[{"@type":"ListItem","position":1,"name":"Kezd\u0151lap","item":"https:\/\/miklostv.com\/new\/"},{"@type":"ListItem","position":2,"name":"\u201eNe add fel, add a szeretet hangjait\u201d"}]},{"@type":"WebSite","@id":"https:\/\/miklostv.com\/new\/#website","url":"https:\/\/miklostv.com\/new\/","name":"Mikl\u00f3s TV","description":"Mikl\u00f3s TV","potentialAction":[{"@type":"SearchAction","target":{"@type":"EntryPoint","urlTemplate":"https:\/\/miklostv.com\/new\/?s={search_term_string}"},"query-input":{"@type":"PropertyValueSpecification","valueRequired":true,"valueName":"search_term_string"}}],"inLanguage":"hu"},{"@type":"Person","@id":"https:\/\/miklostv.com\/new\/#\/schema\/person\/ff79e2ad2a1522bb7078c68351a9d05a","name":"S\u00e1ndor","url":"https:\/\/miklostv.com\/new\/author\/szerkeszto\/"}]}},"_links":{"self":[{"href":"https:\/\/miklostv.com\/new\/wp-json\/wp\/v2\/posts\/5156","targetHints":{"allow":["GET"]}}],"collection":[{"href":"https:\/\/miklostv.com\/new\/wp-json\/wp\/v2\/posts"}],"about":[{"href":"https:\/\/miklostv.com\/new\/wp-json\/wp\/v2\/types\/post"}],"author":[{"embeddable":true,"href":"https:\/\/miklostv.com\/new\/wp-json\/wp\/v2\/users\/4"}],"replies":[{"embeddable":true,"href":"https:\/\/miklostv.com\/new\/wp-json\/wp\/v2\/comments?post=5156"}],"version-history":[{"count":3,"href":"https:\/\/miklostv.com\/new\/wp-json\/wp\/v2\/posts\/5156\/revisions"}],"predecessor-version":[{"id":5160,"href":"https:\/\/miklostv.com\/new\/wp-json\/wp\/v2\/posts\/5156\/revisions\/5160"}],"wp:featuredmedia":[{"embeddable":true,"href":"https:\/\/miklostv.com\/new\/wp-json\/wp\/v2\/media\/5157"}],"wp:attachment":[{"href":"https:\/\/miklostv.com\/new\/wp-json\/wp\/v2\/media?parent=5156"}],"wp:term":[{"taxonomy":"category","embeddable":true,"href":"https:\/\/miklostv.com\/new\/wp-json\/wp\/v2\/categories?post=5156"},{"taxonomy":"post_tag","embeddable":true,"href":"https:\/\/miklostv.com\/new\/wp-json\/wp\/v2\/tags?post=5156"}],"curies":[{"name":"wp","href":"https:\/\/api.w.org\/{rel}","templated":true}]}}