{"id":4734,"date":"2022-10-14T10:20:35","date_gmt":"2022-10-14T10:20:35","guid":{"rendered":"https:\/\/miklostv.com\/new\/2022\/10\/14\/ki-fog-holnap-tanitani-tanar-nelkul-nincs-jovo\/"},"modified":"2022-10-14T10:20:35","modified_gmt":"2022-10-14T10:20:35","slug":"ki-fog-holnap-tanitani-tanar-nelkul-nincs-jovo","status":"publish","type":"post","link":"https:\/\/miklostv.com\/new\/2022\/10\/14\/ki-fog-holnap-tanitani-tanar-nelkul-nincs-jovo\/","title":{"rendered":"\u201eKi fog holnap tan\u00edtani?\u201d \u201eTan\u00e1r n\u00e9lk\u00fcl nincs j\u00f6v\u0151!\u201d\u2026"},"content":{"rendered":"<p>A Hunyadi M\u00e1ty\u00e1s Magyar-Angol K\u00e9t Tan\u00edt\u00e1si Nyelv\u0171 \u00c1ltal\u00e1nos Iskola 31 pedag\u00f3gusa \u00e9s a tantest\u00fclet tov\u00e1bbi, vel\u00fck szolidarit\u00e1st v\u00e1llal\u00f3 17 tagja &#8211; csatlakozva a Pedag\u00f3gusok Szakszervezete (PSZ) \u00e9s a Pedag\u00f3gusok Demokratikus Szakszervezete (PDSZ) \u00e1ltal kihirdetett orsz\u00e1gos sztr\u00e1jknaphoz &#8211; a mai\u00a0 (2022.10.14.) 1. \u00e9s 2. tan\u00edt\u00e1si \u00f3r\u00e1ra bejelentett sztr\u00e1jkot tartott. Ezzel is ki\u00e1llva tan\u00e1rt\u00e1rsaik\u00e9rt \u00e9s \u00f6nmaguk\u00e9rt, a di\u00e1kjaik\u00e9rt \u00e9s az oktat\u00e1s\u00e9rt. \u00c9l\u0151k\u00e9pet form\u00e1ltak, \u00e9l\u0151l\u00e1ncot alkotva k\u00f6z\u00f6sen \u00e9nekelt\u00e9k a \u201eMi vagyunk a grund\u201d c\u00edm\u0171 dalt a kif\u00fcggesztett feliratok el\u0151tt. Ez\u00faton is k\u00f6sz\u00f6nik a Sz\u00fcl\u0151k meg\u00e9rt\u00e9s\u00e9t \u00e9s t\u00e1mogat\u00e1s\u00e1t, a rengeteg biztat\u00f3, egy\u00fctt\u00e9rz\u0151, gratul\u00e1l\u00f3 \u00e9s k\u00f6sz\u00f6n\u0151 \u00fczenetet.<\/p>\n<p><img fetchpriority=\"high\" decoding=\"async\" class=\" size-full wp-image-4733\" src=\"https:\/\/miklostv.com\/new\/wp-content\/uploads\/2022\/10\/DJI_0454-3.jpg\" alt=\"DJI 0454 3\" width=\"1996\" height=\"1121\" srcset=\"https:\/\/miklostv.com\/new\/wp-content\/uploads\/2022\/10\/DJI_0454-3.jpg 1996w, https:\/\/miklostv.com\/new\/wp-content\/uploads\/2022\/10\/DJI_0454-3-300x168.jpg 300w, https:\/\/miklostv.com\/new\/wp-content\/uploads\/2022\/10\/DJI_0454-3-1024x575.jpg 1024w, https:\/\/miklostv.com\/new\/wp-content\/uploads\/2022\/10\/DJI_0454-3-768x431.jpg 768w, https:\/\/miklostv.com\/new\/wp-content\/uploads\/2022\/10\/DJI_0454-3-1536x863.jpg 1536w\" sizes=\"(max-width: 1996px) 100vw, 1996px\" \/><br \/> A sztr\u00e1jk lebonyol\u00edt\u00e1sa a hat\u00e1lyos jogszab\u00e1lyok maxim\u00e1lis betart\u00e1sa mellett val\u00f3sult meg.<\/p>\n","protected":false},"excerpt":{"rendered":"<p>A Hunyadi M\u00e1ty\u00e1s Magyar-Angol K\u00e9t Tan\u00edt\u00e1si Nyelv\u0171 \u00c1ltal\u00e1nos Iskola 31 pedag\u00f3gusa \u00e9s a tantest\u00fclet tov\u00e1bbi, vel\u00fck szolidarit\u00e1st v\u00e1llal\u00f3 17 tagja &#8211; csatlakozva a Pedag\u00f3gusok Szakszervezete (PSZ) \u00e9s a Pedag\u00f3gusok Demokratikus Szakszervezete (PDSZ) \u00e1ltal kihirdetett orsz\u00e1gos sztr\u00e1jknaphoz &#8211; a mai\u00a0 (2022.10.14.) 1. \u00e9s 2. tan\u00edt\u00e1si \u00f3r\u00e1ra bejelentett sztr\u00e1jkot tartott. Ezzel is ki\u00e1llva tan\u00e1rt\u00e1rsaik\u00e9rt \u00e9s \u00f6nmaguk\u00e9rt, a di\u00e1kjaik\u00e9rt \u00e9s az oktat\u00e1s\u00e9rt. \u00c9l\u0151k\u00e9pet form\u00e1ltak, \u00e9l\u0151l\u00e1ncot alkotva k\u00f6z\u00f6sen \u00e9nekelt\u00e9k a \u201eMi vagyunk a grund\u201d c\u00edm\u0171 dalt a kif\u00fcggesztett feliratok el\u0151tt. Ez\u00faton is k\u00f6sz\u00f6nik a Sz\u00fcl\u0151k meg\u00e9rt\u00e9s\u00e9t \u00e9s t\u00e1mogat\u00e1s\u00e1t, a rengeteg biztat\u00f3, egy\u00fctt\u00e9rz\u0151, gratul\u00e1l\u00f3 \u00e9s&hellip;<\/p>\n","protected":false},"author":1,"featured_media":4732,"comment_status":"open","ping_status":"open","sticky":false,"template":"","format":"standard","meta":{"fifu_image_url":"","fifu_image_alt":"","footnotes":""},"categories":[32],"tags":[],"class_list":["post-4734","post","type-post","status-publish","format-standard","has-post-thumbnail","hentry","category-hirek2"],"gutentor_comment":0,"yoast_head":"<!-- This site is optimized with the Yoast SEO plugin v27.5 - https:\/\/yoast.com\/product\/yoast-seo-wordpress\/ -->\n<title>\u201eKi fog holnap tan\u00edtani?\u201d \u201eTan\u00e1r n\u00e9lk\u00fcl nincs j\u00f6v\u0151!\u201d\u2026 - Mikl\u00f3s TV<\/title>\n<meta name=\"robots\" content=\"index, follow, max-snippet:-1, max-image-preview:large, max-video-preview:-1\" \/>\n<link rel=\"canonical\" href=\"https:\/\/miklostv.com\/new\/2022\/10\/14\/ki-fog-holnap-tanitani-tanar-nelkul-nincs-jovo\/\" \/>\n<meta property=\"og:locale\" content=\"hu_HU\" \/>\n<meta property=\"og:type\" content=\"article\" \/>\n<meta property=\"og:title\" content=\"\u201eKi fog holnap tan\u00edtani?\u201d \u201eTan\u00e1r n\u00e9lk\u00fcl nincs j\u00f6v\u0151!\u201d\u2026 - Mikl\u00f3s TV\" \/>\n<meta property=\"og:description\" content=\"A Hunyadi M\u00e1ty\u00e1s Magyar-Angol K\u00e9t Tan\u00edt\u00e1si Nyelv\u0171 \u00c1ltal\u00e1nos Iskola 31 pedag\u00f3gusa \u00e9s a tantest\u00fclet tov\u00e1bbi, vel\u00fck szolidarit\u00e1st v\u00e1llal\u00f3 17 tagja &#8211; csatlakozva a Pedag\u00f3gusok Szakszervezete (PSZ) \u00e9s a Pedag\u00f3gusok Demokratikus Szakszervezete (PDSZ) \u00e1ltal kihirdetett orsz\u00e1gos sztr\u00e1jknaphoz &#8211; a mai\u00a0 (2022.10.14.) 1. \u00e9s 2. tan\u00edt\u00e1si \u00f3r\u00e1ra bejelentett sztr\u00e1jkot tartott. Ezzel is ki\u00e1llva tan\u00e1rt\u00e1rsaik\u00e9rt \u00e9s \u00f6nmaguk\u00e9rt, a di\u00e1kjaik\u00e9rt \u00e9s az oktat\u00e1s\u00e9rt. \u00c9l\u0151k\u00e9pet form\u00e1ltak, \u00e9l\u0151l\u00e1ncot alkotva k\u00f6z\u00f6sen \u00e9nekelt\u00e9k a \u201eMi vagyunk a grund\u201d c\u00edm\u0171 dalt a kif\u00fcggesztett feliratok el\u0151tt. Ez\u00faton is k\u00f6sz\u00f6nik a Sz\u00fcl\u0151k meg\u00e9rt\u00e9s\u00e9t \u00e9s t\u00e1mogat\u00e1s\u00e1t, a rengeteg biztat\u00f3, egy\u00fctt\u00e9rz\u0151, gratul\u00e1l\u00f3 \u00e9s&hellip;\" \/>\n<meta property=\"og:url\" content=\"https:\/\/miklostv.com\/new\/2022\/10\/14\/ki-fog-holnap-tanitani-tanar-nelkul-nincs-jovo\/\" \/>\n<meta property=\"og:site_name\" content=\"Mikl\u00f3s TV\" \/>\n<meta property=\"article:published_time\" content=\"2022-10-14T10:20:35+00:00\" \/>\n<meta property=\"og:image\" content=\"https:\/\/miklostv.com\/new\/wp-content\/uploads\/2022\/10\/sztajk02.jpg\" \/>\n\t<meta property=\"og:image:width\" content=\"2000\" \/>\n\t<meta property=\"og:image:height\" content=\"1125\" \/>\n\t<meta property=\"og:image:type\" content=\"image\/jpeg\" \/>\n<meta name=\"author\" content=\"S\u00e1ndor\" \/>\n<meta name=\"twitter:card\" content=\"summary_large_image\" \/>\n<meta name=\"twitter:label1\" content=\"Szerz\u0151:\" \/>\n\t<meta name=\"twitter:data1\" content=\"S\u00e1ndor\" \/>\n\t<meta name=\"twitter:label2\" content=\"Becs\u00fclt olvas\u00e1si id\u0151\" \/>\n\t<meta name=\"twitter:data2\" content=\"1 perc\" \/>\n<script type=\"application\/ld+json\" class=\"yoast-schema-graph\">{\"@context\":\"https:\\\/\\\/schema.org\",\"@graph\":[{\"@type\":\"NewsArticle\",\"@id\":\"https:\\\/\\\/miklostv.com\\\/new\\\/2022\\\/10\\\/14\\\/ki-fog-holnap-tanitani-tanar-nelkul-nincs-jovo\\\/#article\",\"isPartOf\":{\"@id\":\"https:\\\/\\\/miklostv.com\\\/new\\\/2022\\\/10\\\/14\\\/ki-fog-holnap-tanitani-tanar-nelkul-nincs-jovo\\\/\"},\"author\":{\"name\":\"S\u00e1ndor\",\"@id\":\"https:\\\/\\\/miklostv.com\\\/new\\\/#\\\/schema\\\/person\\\/6339cdd0bbd336ec6345812e3958be3b\"},\"headline\":\"\u201eKi fog holnap tan\u00edtani?\u201d \u201eTan\u00e1r n\u00e9lk\u00fcl nincs j\u00f6v\u0151!\u201d\u2026\",\"datePublished\":\"2022-10-14T10:20:35+00:00\",\"mainEntityOfPage\":{\"@id\":\"https:\\\/\\\/miklostv.com\\\/new\\\/2022\\\/10\\\/14\\\/ki-fog-holnap-tanitani-tanar-nelkul-nincs-jovo\\\/\"},\"wordCount\":175,\"commentCount\":0,\"image\":{\"@id\":\"https:\\\/\\\/miklostv.com\\\/new\\\/2022\\\/10\\\/14\\\/ki-fog-holnap-tanitani-tanar-nelkul-nincs-jovo\\\/#primaryimage\"},\"thumbnailUrl\":\"https:\\\/\\\/miklostv.com\\\/new\\\/wp-content\\\/uploads\\\/2022\\\/10\\\/sztajk02.jpg\",\"articleSection\":[\"A l\u00e9nyeg r\u00f6viden\"],\"inLanguage\":\"hu\"},{\"@type\":\"WebPage\",\"@id\":\"https:\\\/\\\/miklostv.com\\\/new\\\/2022\\\/10\\\/14\\\/ki-fog-holnap-tanitani-tanar-nelkul-nincs-jovo\\\/\",\"url\":\"https:\\\/\\\/miklostv.com\\\/new\\\/2022\\\/10\\\/14\\\/ki-fog-holnap-tanitani-tanar-nelkul-nincs-jovo\\\/\",\"name\":\"\u201eKi fog holnap tan\u00edtani?\u201d \u201eTan\u00e1r n\u00e9lk\u00fcl nincs j\u00f6v\u0151!\u201d\u2026 - Mikl\u00f3s TV\",\"isPartOf\":{\"@id\":\"https:\\\/\\\/miklostv.com\\\/new\\\/#website\"},\"primaryImageOfPage\":{\"@id\":\"https:\\\/\\\/miklostv.com\\\/new\\\/2022\\\/10\\\/14\\\/ki-fog-holnap-tanitani-tanar-nelkul-nincs-jovo\\\/#primaryimage\"},\"image\":{\"@id\":\"https:\\\/\\\/miklostv.com\\\/new\\\/2022\\\/10\\\/14\\\/ki-fog-holnap-tanitani-tanar-nelkul-nincs-jovo\\\/#primaryimage\"},\"thumbnailUrl\":\"https:\\\/\\\/miklostv.com\\\/new\\\/wp-content\\\/uploads\\\/2022\\\/10\\\/sztajk02.jpg\",\"datePublished\":\"2022-10-14T10:20:35+00:00\",\"author\":{\"@id\":\"https:\\\/\\\/miklostv.com\\\/new\\\/#\\\/schema\\\/person\\\/6339cdd0bbd336ec6345812e3958be3b\"},\"breadcrumb\":{\"@id\":\"https:\\\/\\\/miklostv.com\\\/new\\\/2022\\\/10\\\/14\\\/ki-fog-holnap-tanitani-tanar-nelkul-nincs-jovo\\\/#breadcrumb\"},\"inLanguage\":\"hu\",\"potentialAction\":[{\"@type\":\"ReadAction\",\"target\":[\"https:\\\/\\\/miklostv.com\\\/new\\\/2022\\\/10\\\/14\\\/ki-fog-holnap-tanitani-tanar-nelkul-nincs-jovo\\\/\"]}]},{\"@type\":\"ImageObject\",\"inLanguage\":\"hu\",\"@id\":\"https:\\\/\\\/miklostv.com\\\/new\\\/2022\\\/10\\\/14\\\/ki-fog-holnap-tanitani-tanar-nelkul-nincs-jovo\\\/#primaryimage\",\"url\":\"https:\\\/\\\/miklostv.com\\\/new\\\/wp-content\\\/uploads\\\/2022\\\/10\\\/sztajk02.jpg\",\"contentUrl\":\"https:\\\/\\\/miklostv.com\\\/new\\\/wp-content\\\/uploads\\\/2022\\\/10\\\/sztajk02.jpg\",\"width\":2000,\"height\":1125,\"caption\":\"sztajk02\"},{\"@type\":\"BreadcrumbList\",\"@id\":\"https:\\\/\\\/miklostv.com\\\/new\\\/2022\\\/10\\\/14\\\/ki-fog-holnap-tanitani-tanar-nelkul-nincs-jovo\\\/#breadcrumb\",\"itemListElement\":[{\"@type\":\"ListItem\",\"position\":1,\"name\":\"Kezd\u0151lap\",\"item\":\"https:\\\/\\\/miklostv.com\\\/new\\\/\"},{\"@type\":\"ListItem\",\"position\":2,\"name\":\"\u201eKi fog holnap tan\u00edtani?\u201d \u201eTan\u00e1r n\u00e9lk\u00fcl nincs j\u00f6v\u0151!\u201d\u2026\"}]},{\"@type\":\"WebSite\",\"@id\":\"https:\\\/\\\/miklostv.com\\\/new\\\/#website\",\"url\":\"https:\\\/\\\/miklostv.com\\\/new\\\/\",\"name\":\"Mikl\u00f3s TV\",\"description\":\"Mikl\u00f3s TV\",\"potentialAction\":[{\"@type\":\"SearchAction\",\"target\":{\"@type\":\"EntryPoint\",\"urlTemplate\":\"https:\\\/\\\/miklostv.com\\\/new\\\/?s={search_term_string}\"},\"query-input\":{\"@type\":\"PropertyValueSpecification\",\"valueRequired\":true,\"valueName\":\"search_term_string\"}}],\"inLanguage\":\"hu\"},{\"@type\":\"Person\",\"@id\":\"https:\\\/\\\/miklostv.com\\\/new\\\/#\\\/schema\\\/person\\\/6339cdd0bbd336ec6345812e3958be3b\",\"name\":\"S\u00e1ndor\",\"sameAs\":[\"https:\\\/\\\/miklostv.com\\\/new\"],\"url\":\"https:\\\/\\\/miklostv.com\\\/new\\\/author\\\/sanyi\\\/\"}]}<\/script>\n<!-- \/ Yoast SEO plugin. -->","yoast_head_json":{"title":"\u201eKi fog holnap tan\u00edtani?\u201d \u201eTan\u00e1r n\u00e9lk\u00fcl nincs j\u00f6v\u0151!\u201d\u2026 - Mikl\u00f3s TV","robots":{"index":"index","follow":"follow","max-snippet":"max-snippet:-1","max-image-preview":"max-image-preview:large","max-video-preview":"max-video-preview:-1"},"canonical":"https:\/\/miklostv.com\/new\/2022\/10\/14\/ki-fog-holnap-tanitani-tanar-nelkul-nincs-jovo\/","og_locale":"hu_HU","og_type":"article","og_title":"\u201eKi fog holnap tan\u00edtani?\u201d \u201eTan\u00e1r n\u00e9lk\u00fcl nincs j\u00f6v\u0151!\u201d\u2026 - Mikl\u00f3s TV","og_description":"A Hunyadi M\u00e1ty\u00e1s Magyar-Angol K\u00e9t Tan\u00edt\u00e1si Nyelv\u0171 \u00c1ltal\u00e1nos Iskola 31 pedag\u00f3gusa \u00e9s a tantest\u00fclet tov\u00e1bbi, vel\u00fck szolidarit\u00e1st v\u00e1llal\u00f3 17 tagja &#8211; csatlakozva a Pedag\u00f3gusok Szakszervezete (PSZ) \u00e9s a Pedag\u00f3gusok Demokratikus Szakszervezete (PDSZ) \u00e1ltal kihirdetett orsz\u00e1gos sztr\u00e1jknaphoz &#8211; a mai\u00a0 (2022.10.14.) 1. \u00e9s 2. tan\u00edt\u00e1si \u00f3r\u00e1ra bejelentett sztr\u00e1jkot tartott. Ezzel is ki\u00e1llva tan\u00e1rt\u00e1rsaik\u00e9rt \u00e9s \u00f6nmaguk\u00e9rt, a di\u00e1kjaik\u00e9rt \u00e9s az oktat\u00e1s\u00e9rt. \u00c9l\u0151k\u00e9pet form\u00e1ltak, \u00e9l\u0151l\u00e1ncot alkotva k\u00f6z\u00f6sen \u00e9nekelt\u00e9k a \u201eMi vagyunk a grund\u201d c\u00edm\u0171 dalt a kif\u00fcggesztett feliratok el\u0151tt. Ez\u00faton is k\u00f6sz\u00f6nik a Sz\u00fcl\u0151k meg\u00e9rt\u00e9s\u00e9t \u00e9s t\u00e1mogat\u00e1s\u00e1t, a rengeteg biztat\u00f3, egy\u00fctt\u00e9rz\u0151, gratul\u00e1l\u00f3 \u00e9s&hellip;","og_url":"https:\/\/miklostv.com\/new\/2022\/10\/14\/ki-fog-holnap-tanitani-tanar-nelkul-nincs-jovo\/","og_site_name":"Mikl\u00f3s TV","article_published_time":"2022-10-14T10:20:35+00:00","og_image":[{"width":2000,"height":1125,"url":"https:\/\/miklostv.com\/new\/wp-content\/uploads\/2022\/10\/sztajk02.jpg","type":"image\/jpeg"}],"author":"S\u00e1ndor","twitter_card":"summary_large_image","twitter_misc":{"Szerz\u0151:":"S\u00e1ndor","Becs\u00fclt olvas\u00e1si id\u0151":"1 perc"},"schema":{"@context":"https:\/\/schema.org","@graph":[{"@type":"NewsArticle","@id":"https:\/\/miklostv.com\/new\/2022\/10\/14\/ki-fog-holnap-tanitani-tanar-nelkul-nincs-jovo\/#article","isPartOf":{"@id":"https:\/\/miklostv.com\/new\/2022\/10\/14\/ki-fog-holnap-tanitani-tanar-nelkul-nincs-jovo\/"},"author":{"name":"S\u00e1ndor","@id":"https:\/\/miklostv.com\/new\/#\/schema\/person\/6339cdd0bbd336ec6345812e3958be3b"},"headline":"\u201eKi fog holnap tan\u00edtani?\u201d \u201eTan\u00e1r n\u00e9lk\u00fcl nincs j\u00f6v\u0151!\u201d\u2026","datePublished":"2022-10-14T10:20:35+00:00","mainEntityOfPage":{"@id":"https:\/\/miklostv.com\/new\/2022\/10\/14\/ki-fog-holnap-tanitani-tanar-nelkul-nincs-jovo\/"},"wordCount":175,"commentCount":0,"image":{"@id":"https:\/\/miklostv.com\/new\/2022\/10\/14\/ki-fog-holnap-tanitani-tanar-nelkul-nincs-jovo\/#primaryimage"},"thumbnailUrl":"https:\/\/miklostv.com\/new\/wp-content\/uploads\/2022\/10\/sztajk02.jpg","articleSection":["A l\u00e9nyeg r\u00f6viden"],"inLanguage":"hu"},{"@type":"WebPage","@id":"https:\/\/miklostv.com\/new\/2022\/10\/14\/ki-fog-holnap-tanitani-tanar-nelkul-nincs-jovo\/","url":"https:\/\/miklostv.com\/new\/2022\/10\/14\/ki-fog-holnap-tanitani-tanar-nelkul-nincs-jovo\/","name":"\u201eKi fog holnap tan\u00edtani?\u201d \u201eTan\u00e1r n\u00e9lk\u00fcl nincs j\u00f6v\u0151!\u201d\u2026 - Mikl\u00f3s TV","isPartOf":{"@id":"https:\/\/miklostv.com\/new\/#website"},"primaryImageOfPage":{"@id":"https:\/\/miklostv.com\/new\/2022\/10\/14\/ki-fog-holnap-tanitani-tanar-nelkul-nincs-jovo\/#primaryimage"},"image":{"@id":"https:\/\/miklostv.com\/new\/2022\/10\/14\/ki-fog-holnap-tanitani-tanar-nelkul-nincs-jovo\/#primaryimage"},"thumbnailUrl":"https:\/\/miklostv.com\/new\/wp-content\/uploads\/2022\/10\/sztajk02.jpg","datePublished":"2022-10-14T10:20:35+00:00","author":{"@id":"https:\/\/miklostv.com\/new\/#\/schema\/person\/6339cdd0bbd336ec6345812e3958be3b"},"breadcrumb":{"@id":"https:\/\/miklostv.com\/new\/2022\/10\/14\/ki-fog-holnap-tanitani-tanar-nelkul-nincs-jovo\/#breadcrumb"},"inLanguage":"hu","potentialAction":[{"@type":"ReadAction","target":["https:\/\/miklostv.com\/new\/2022\/10\/14\/ki-fog-holnap-tanitani-tanar-nelkul-nincs-jovo\/"]}]},{"@type":"ImageObject","inLanguage":"hu","@id":"https:\/\/miklostv.com\/new\/2022\/10\/14\/ki-fog-holnap-tanitani-tanar-nelkul-nincs-jovo\/#primaryimage","url":"https:\/\/miklostv.com\/new\/wp-content\/uploads\/2022\/10\/sztajk02.jpg","contentUrl":"https:\/\/miklostv.com\/new\/wp-content\/uploads\/2022\/10\/sztajk02.jpg","width":2000,"height":1125,"caption":"sztajk02"},{"@type":"BreadcrumbList","@id":"https:\/\/miklostv.com\/new\/2022\/10\/14\/ki-fog-holnap-tanitani-tanar-nelkul-nincs-jovo\/#breadcrumb","itemListElement":[{"@type":"ListItem","position":1,"name":"Kezd\u0151lap","item":"https:\/\/miklostv.com\/new\/"},{"@type":"ListItem","position":2,"name":"\u201eKi fog holnap tan\u00edtani?\u201d \u201eTan\u00e1r n\u00e9lk\u00fcl nincs j\u00f6v\u0151!\u201d\u2026"}]},{"@type":"WebSite","@id":"https:\/\/miklostv.com\/new\/#website","url":"https:\/\/miklostv.com\/new\/","name":"Mikl\u00f3s TV","description":"Mikl\u00f3s TV","potentialAction":[{"@type":"SearchAction","target":{"@type":"EntryPoint","urlTemplate":"https:\/\/miklostv.com\/new\/?s={search_term_string}"},"query-input":{"@type":"PropertyValueSpecification","valueRequired":true,"valueName":"search_term_string"}}],"inLanguage":"hu"},{"@type":"Person","@id":"https:\/\/miklostv.com\/new\/#\/schema\/person\/6339cdd0bbd336ec6345812e3958be3b","name":"S\u00e1ndor","sameAs":["https:\/\/miklostv.com\/new"],"url":"https:\/\/miklostv.com\/new\/author\/sanyi\/"}]}},"_links":{"self":[{"href":"https:\/\/miklostv.com\/new\/wp-json\/wp\/v2\/posts\/4734","targetHints":{"allow":["GET"]}}],"collection":[{"href":"https:\/\/miklostv.com\/new\/wp-json\/wp\/v2\/posts"}],"about":[{"href":"https:\/\/miklostv.com\/new\/wp-json\/wp\/v2\/types\/post"}],"author":[{"embeddable":true,"href":"https:\/\/miklostv.com\/new\/wp-json\/wp\/v2\/users\/1"}],"replies":[{"embeddable":true,"href":"https:\/\/miklostv.com\/new\/wp-json\/wp\/v2\/comments?post=4734"}],"version-history":[{"count":1,"href":"https:\/\/miklostv.com\/new\/wp-json\/wp\/v2\/posts\/4734\/revisions"}],"predecessor-version":[{"id":4890,"href":"https:\/\/miklostv.com\/new\/wp-json\/wp\/v2\/posts\/4734\/revisions\/4890"}],"wp:featuredmedia":[{"embeddable":true,"href":"https:\/\/miklostv.com\/new\/wp-json\/wp\/v2\/media\/4732"}],"wp:attachment":[{"href":"https:\/\/miklostv.com\/new\/wp-json\/wp\/v2\/media?parent=4734"}],"wp:term":[{"taxonomy":"category","embeddable":true,"href":"https:\/\/miklostv.com\/new\/wp-json\/wp\/v2\/categories?post=4734"},{"taxonomy":"post_tag","embeddable":true,"href":"https:\/\/miklostv.com\/new\/wp-json\/wp\/v2\/tags?post=4734"}],"curies":[{"name":"wp","href":"https:\/\/api.w.org\/{rel}","templated":true}]}}