{"id":4698,"date":"2022-03-28T08:19:29","date_gmt":"2022-03-28T08:19:29","guid":{"rendered":"https:\/\/miklostv.com\/new\/2022\/03\/28\/veradas-2022-aprilis-22\/"},"modified":"2023-02-08T22:01:33","modified_gmt":"2023-02-08T22:01:33","slug":"veradas-2022-aprilis-22","status":"publish","type":"post","link":"https:\/\/miklostv.com\/new\/2022\/03\/28\/veradas-2022-aprilis-22\/","title":{"rendered":"V\u00e9rad\u00e1s &#8211; 2022. \u00e1prilis 22."},"content":{"rendered":"<div style=\"text-align: justify;\"><\/div>\n<div style=\"text-align: center;\"><strong><strong>A v\u00e9rad\u00e1s k\u00fcl\u00f6nleges felt\u00e9telei a koronav\u00edrus j\u00e1rv\u00e1ny ideje alatt<\/strong><\/strong><p><\/p>\n<div style=\"text-align: justify;\">\n<\/div>\n<div style=\"text-align: justify;\">&nbsp;<\/div>\n<div style=\"text-align: justify;\">A v\u00e9rad\u00f3k \u00e9s a v\u00e9rt kap\u00f3 betegek eg\u00e9szs\u00e9g\u00e9nek v\u00e9delme \u00e9rdek\u00e9ben k\u00e9rj\u00fck, hogy<\/div>\n<div style=\"text-align: justify;\">&nbsp;<\/div>\n<div>NE JELENTKEZZEN V\u00c9RAD\u00c1SRA<\/div>\n<div>\u00c9S K\u00c9RJ\u00dcK NE L\u00c9PJEN BE A V\u00c9RAD\u00c1S TER\u00dcLET\u00c9RE<\/div>\n<div style=\"text-align: justify;\">&nbsp;<\/div>\n<div style=\"text-align: justify;\">Ha jelenleg koronav\u00edrus megbeteged\u00e9sben szenved.&nbsp;<\/div>\n<div style=\"text-align: justify;\">&nbsp;<\/div>\n<div style=\"text-align: justify;\">Ha az ut\u00f3bbi 14 napban<\/div>\n<div style=\"text-align: justify;\">&nbsp;<\/div>\n<div style=\"text-align: justify;\"><strong>&#8211; k\u00fclf\u00f6ld\u00f6n j\u00e1rt (akkor sem, ha garatmint\u00e1ja negat\u00edv eredm\u00e9ny\u0171)<\/strong><\/div>\n<div style=\"text-align: justify;\"><strong>&#8211; \u00e9szlelte mag\u00e1n az al\u00e1bbi t\u00fcnetek valamelyik\u00e9t:<\/strong><\/div>\n<ul style=\"list-style-type: circle;\">\n<li style=\"text-align: justify;\">k\u00f6h\u00f6g\u00e9s;<\/li>\n<li style=\"text-align: justify;\">l\u00e1z (&gt; 38 \u00b0C);<\/li>\n<li style=\"text-align: justify;\">neh\u00e9zl\u00e9gz\u00e9s, l\u00e9gszomj;<\/li>\n<li style=\"text-align: justify;\">hirtelen szagl\u00e1sveszt\u00e9s vagy \u00edz\u00e9rz\u00e9s zavara;<\/li>\n<li style=\"text-align: justify;\">izomf\u00e1jdalom, er\u0151s f\u00e1rad\u00e9konys\u00e1g.<\/li>\n<\/ul>\n<div style=\"text-align: justify;\"><strong>&nbsp;&#8211; val\u00f3sz\u00edn\u0171s\u00edtetten vagy igazoltan koronav\u00edrus fert\u0151z\u00f6tt (COVID-19) szem\u00e9llyel ker\u00fclt szoros kapcsolatba<\/strong><\/div>\n<ul style=\"list-style-type: circle;\">\n<li style=\"text-align: justify;\">egy h\u00e1ztart\u00e1sban \u00e9l a beteggel;<\/li>\n<li style=\"text-align: justify;\">z\u00e1rt l\u00e9gt\u00e9rben 2 m\u00e9ter t\u00e1vols\u00e1gon bel\u00fcl \u00e9s 15 percn\u00e9l hosszabb ideig tart\u00f3zkodott egy\u00fctt a beteggel (beteg ell\u00e1t\u00e1sakor, munkahelyen, iskol\u00e1ban, stb.);<\/li>\n<li style=\"text-align: justify;\">kapcsolatba ker\u00fclt koronav\u00edrussal fertz\u0151z\u00f6tt szem\u00e9llyel (pl. k\u00e9zfog\u00e1s \u00fatj\u00e1n)<\/li>\n<li style=\"text-align: justify;\">v\u00e9d\u0151eszk\u00f6z alkalmaz\u00e1sa n\u00e9lk\u00fcl \u00faj koronav\u00edrussal fert\u0151z\u00f6tt beteg v\u00e1lad\u00e9k\u00e1val \u00e9rintkezett (pl. r\u00e1k\u00f6h\u00f6gtek vagy szabad k\u00e9zzel \u00e9rt haszn\u00e1lt pap\u00edr zsebkend\u0151h\u00f6z);<\/li>\n<li style=\"text-align: justify;\">koronav\u00edrusos beteg gondoz\u00e1s\u00e1t v\u00e9gezte<\/li>\n<li style=\"text-align: justify;\">j\u00e1rm\u0171ben koronav\u00edrusos beteg k\u00f6rnyezet\u00e9ben utazott\n<ul>\n<li>ugyanabban a szem\u00e9lyg\u00e9pkocsiban<\/li>\n<li style=\"text-align: justify;\">buszon, vonaton, rep\u00fcl\u0151n, b\u00e1rmilyen ir\u00e1nyban 2 \u00fcl\u00e9snyi t\u00e1vols\u00e1gban,<\/li>\n<li style=\"text-align: justify;\">a j\u00e1rm\u0171 vezet\u0151jek\u00e9nt vagy szem\u00e9lyzetek\u00e9nt l\u00e1tott el szolg\u00e1latot \u00e9s a betegt\u0151l 2 \u00fcl\u00e9snyi t\u00e1vols\u00e1gban tart\u00f3zkodott<\/li>\n<\/ul>\n<\/li>\n<\/ul>\n<div style=\"text-align: justify;\">&nbsp;<strong>&#8211; az el\u0151\u00edrt egy\u00e9ni v\u00e9d\u0151eszk\u00f6z megfelel\u0151 alkalmaz\u00e1sa n\u00e9lk\u00fcl COVID-19 beteg k\u00f6zvetlen ell\u00e1t\u00e1s\u00e1ban, \u00e1pol\u00e1s\u00e1ban, mintav\u00e9tel\u00e9ben vett r\u00e9szt<\/strong><\/div>\n<div style=\"text-align: justify;\"><strong>&nbsp;&#8211; az el\u0151\u00edrt, egy\u00e9ni v\u00e9d\u0151eszk\u00f6z megfelel\u0151 alkalmaz\u00e1sa n\u00e9lk\u00fcl, laborat\u00f3riumi dolgoz\u00f3k\u00e9nt, betegek koronav\u00edrus vizsg\u00e1latra levett mint\u00e1it kezelte<\/strong><\/div>\n<div style=\"text-align: justify;\">&nbsp;<\/div>\n<div style=\"text-align: justify;\">&nbsp;<\/div>\n<div style=\"text-align: justify;\"><strong>Gy\u00f3gyul\u00e1s\u00e1t k\u00f6vet\u0151en tisztelettel v\u00e1rjuk v\u00e9rad\u00e1sra:&nbsp;<\/strong><\/div>\n<ul style=\"list-style-type: circle;\">\n<li style=\"text-align: justify;\">ha igazolt, vagy gyan\u00edtott COVID-19 betegs\u00e9gb\u0151l teljesen felgy\u00f3gyult, t\u00fcnetmentes, akkor a gy\u00f3gyul\u00e1st k\u00f6vet\u0151en egy h\u00f3nap m\u00falva (30 nap) adhat v\u00e9rt.&nbsp;<\/li>\n<li style=\"text-align: justify;\">ha teljesen gy\u00f3gyult, t\u00fcnetmentes \u00e9s be tudja mutatni a garatb\u00f3l vett vizsg\u00e1lati mint\u00e1ja negat\u00edv eredm\u00e9ny\u00e9t, akkor m\u00e1r k\u00e9t h\u00e9t m\u00falva (14 nap) adhat v\u00e9rt.&nbsp;<\/li>\n<\/ul>\n<\/div>\n\n\n<figure class=\"wp-block-image\"><img decoding=\"async\" src=\"https:\/\/miklostv.com\/new\/wp-content\/uploads\/2022\/03\/veradas_aprilis_2022.jpg\" alt=\"\"\/><\/figure>\n","protected":false},"excerpt":{"rendered":"<p>A v\u00e9rad\u00e1s k\u00fcl\u00f6nleges felt\u00e9telei a koronav\u00edrus j\u00e1rv\u00e1ny ideje alatt &nbsp; A v\u00e9rad\u00f3k \u00e9s a v\u00e9rt kap\u00f3 betegek eg\u00e9szs\u00e9g\u00e9nek v\u00e9delme \u00e9rdek\u00e9ben k\u00e9rj\u00fck, hogy &nbsp; NE JELENTKEZZEN V\u00c9RAD\u00c1SRA \u00c9S K\u00c9RJ\u00dcK NE L\u00c9PJEN BE A V\u00c9RAD\u00c1S TER\u00dcLET\u00c9RE &nbsp; Ha jelenleg koronav\u00edrus megbeteged\u00e9sben szenved.&nbsp; &nbsp; Ha az ut\u00f3bbi 14 napban &nbsp; &#8211; k\u00fclf\u00f6ld\u00f6n j\u00e1rt (akkor sem, ha garatmint\u00e1ja negat\u00edv eredm\u00e9ny\u0171) &#8211; \u00e9szlelte mag\u00e1n az al\u00e1bbi t\u00fcnetek valamelyik\u00e9t: k\u00f6h\u00f6g\u00e9s; l\u00e1z (&gt; 38 \u00b0C); neh\u00e9zl\u00e9gz\u00e9s, l\u00e9gszomj; hirtelen szagl\u00e1sveszt\u00e9s vagy \u00edz\u00e9rz\u00e9s zavara; izomf\u00e1jdalom, er\u0151s f\u00e1rad\u00e9konys\u00e1g. &nbsp;&#8211; val\u00f3sz\u00edn\u0171s\u00edtetten vagy igazoltan koronav\u00edrus fert\u0151z\u00f6tt (COVID-19) szem\u00e9llyel ker\u00fclt szoros kapcsolatba egy&hellip;<\/p>\n","protected":false},"author":1,"featured_media":4697,"comment_status":"open","ping_status":"open","sticky":false,"template":"","format":"standard","meta":{"fifu_image_url":"","fifu_image_alt":"","footnotes":""},"categories":[47],"tags":[],"class_list":["post-4698","post","type-post","status-publish","format-standard","has-post-thumbnail","hentry","category-kozerdeku3"],"gutentor_comment":0,"yoast_head":"<!-- This site is optimized with the Yoast SEO plugin v27.5 - https:\/\/yoast.com\/product\/yoast-seo-wordpress\/ -->\n<title>V\u00e9rad\u00e1s - 2022. \u00e1prilis 22. - Mikl\u00f3s TV<\/title>\n<meta name=\"robots\" content=\"index, follow, max-snippet:-1, max-image-preview:large, max-video-preview:-1\" \/>\n<link rel=\"canonical\" href=\"https:\/\/miklostv.com\/new\/2022\/03\/28\/veradas-2022-aprilis-22\/\" \/>\n<meta property=\"og:locale\" content=\"hu_HU\" \/>\n<meta property=\"og:type\" content=\"article\" \/>\n<meta property=\"og:title\" content=\"V\u00e9rad\u00e1s - 2022. \u00e1prilis 22. - Mikl\u00f3s TV\" \/>\n<meta property=\"og:description\" content=\"A v\u00e9rad\u00e1s k\u00fcl\u00f6nleges felt\u00e9telei a koronav\u00edrus j\u00e1rv\u00e1ny ideje alatt &nbsp; A v\u00e9rad\u00f3k \u00e9s a v\u00e9rt kap\u00f3 betegek eg\u00e9szs\u00e9g\u00e9nek v\u00e9delme \u00e9rdek\u00e9ben k\u00e9rj\u00fck, hogy &nbsp; NE JELENTKEZZEN V\u00c9RAD\u00c1SRA \u00c9S K\u00c9RJ\u00dcK NE L\u00c9PJEN BE A V\u00c9RAD\u00c1S TER\u00dcLET\u00c9RE &nbsp; Ha jelenleg koronav\u00edrus megbeteged\u00e9sben szenved.&nbsp; &nbsp; Ha az ut\u00f3bbi 14 napban &nbsp; &#8211; k\u00fclf\u00f6ld\u00f6n j\u00e1rt (akkor sem, ha garatmint\u00e1ja negat\u00edv eredm\u00e9ny\u0171) &#8211; \u00e9szlelte mag\u00e1n az al\u00e1bbi t\u00fcnetek valamelyik\u00e9t: k\u00f6h\u00f6g\u00e9s; l\u00e1z (&gt; 38 \u00b0C); neh\u00e9zl\u00e9gz\u00e9s, l\u00e9gszomj; hirtelen szagl\u00e1sveszt\u00e9s vagy \u00edz\u00e9rz\u00e9s zavara; izomf\u00e1jdalom, er\u0151s f\u00e1rad\u00e9konys\u00e1g. &nbsp;&#8211; val\u00f3sz\u00edn\u0171s\u00edtetten vagy igazoltan koronav\u00edrus fert\u0151z\u00f6tt (COVID-19) szem\u00e9llyel ker\u00fclt szoros kapcsolatba egy&hellip;\" \/>\n<meta property=\"og:url\" content=\"https:\/\/miklostv.com\/new\/2022\/03\/28\/veradas-2022-aprilis-22\/\" \/>\n<meta property=\"og:site_name\" content=\"Mikl\u00f3s TV\" \/>\n<meta property=\"article:published_time\" content=\"2022-03-28T08:19:29+00:00\" \/>\n<meta property=\"article:modified_time\" content=\"2023-02-08T22:01:33+00:00\" \/>\n<meta property=\"og:image\" content=\"https:\/\/miklostv.com\/new\/wp-content\/uploads\/2022\/03\/veradas_aprilis_2022.jpg\" \/>\n\t<meta property=\"og:image:width\" content=\"1240\" \/>\n\t<meta property=\"og:image:height\" content=\"1754\" \/>\n\t<meta property=\"og:image:type\" content=\"image\/jpeg\" \/>\n<meta name=\"author\" content=\"S\u00e1ndor\" \/>\n<meta name=\"twitter:card\" content=\"summary_large_image\" \/>\n<meta name=\"twitter:label1\" content=\"Szerz\u0151:\" \/>\n\t<meta name=\"twitter:data1\" content=\"S\u00e1ndor\" \/>\n\t<meta name=\"twitter:label2\" content=\"Becs\u00fclt olvas\u00e1si id\u0151\" \/>\n\t<meta name=\"twitter:data2\" content=\"2 perc\" \/>\n<script type=\"application\/ld+json\" class=\"yoast-schema-graph\">{\"@context\":\"https:\\\/\\\/schema.org\",\"@graph\":[{\"@type\":\"NewsArticle\",\"@id\":\"https:\\\/\\\/miklostv.com\\\/new\\\/2022\\\/03\\\/28\\\/veradas-2022-aprilis-22\\\/#article\",\"isPartOf\":{\"@id\":\"https:\\\/\\\/miklostv.com\\\/new\\\/2022\\\/03\\\/28\\\/veradas-2022-aprilis-22\\\/\"},\"author\":{\"name\":\"S\u00e1ndor\",\"@id\":\"https:\\\/\\\/miklostv.com\\\/new\\\/#\\\/schema\\\/person\\\/6339cdd0bbd336ec6345812e3958be3b\"},\"headline\":\"V\u00e9rad\u00e1s &#8211; 2022. \u00e1prilis 22.\",\"datePublished\":\"2022-03-28T08:19:29+00:00\",\"dateModified\":\"2023-02-08T22:01:33+00:00\",\"mainEntityOfPage\":{\"@id\":\"https:\\\/\\\/miklostv.com\\\/new\\\/2022\\\/03\\\/28\\\/veradas-2022-aprilis-22\\\/\"},\"wordCount\":466,\"commentCount\":0,\"image\":{\"@id\":\"https:\\\/\\\/miklostv.com\\\/new\\\/2022\\\/03\\\/28\\\/veradas-2022-aprilis-22\\\/#primaryimage\"},\"thumbnailUrl\":\"https:\\\/\\\/miklostv.com\\\/new\\\/wp-content\\\/uploads\\\/2022\\\/03\\\/veradas_aprilis_2022.jpg\",\"articleSection\":[\"K\u00f6z\u00e9rdek\u0171\"],\"inLanguage\":\"hu\"},{\"@type\":\"WebPage\",\"@id\":\"https:\\\/\\\/miklostv.com\\\/new\\\/2022\\\/03\\\/28\\\/veradas-2022-aprilis-22\\\/\",\"url\":\"https:\\\/\\\/miklostv.com\\\/new\\\/2022\\\/03\\\/28\\\/veradas-2022-aprilis-22\\\/\",\"name\":\"V\u00e9rad\u00e1s - 2022. \u00e1prilis 22. - Mikl\u00f3s TV\",\"isPartOf\":{\"@id\":\"https:\\\/\\\/miklostv.com\\\/new\\\/#website\"},\"primaryImageOfPage\":{\"@id\":\"https:\\\/\\\/miklostv.com\\\/new\\\/2022\\\/03\\\/28\\\/veradas-2022-aprilis-22\\\/#primaryimage\"},\"image\":{\"@id\":\"https:\\\/\\\/miklostv.com\\\/new\\\/2022\\\/03\\\/28\\\/veradas-2022-aprilis-22\\\/#primaryimage\"},\"thumbnailUrl\":\"https:\\\/\\\/miklostv.com\\\/new\\\/wp-content\\\/uploads\\\/2022\\\/03\\\/veradas_aprilis_2022.jpg\",\"datePublished\":\"2022-03-28T08:19:29+00:00\",\"dateModified\":\"2023-02-08T22:01:33+00:00\",\"author\":{\"@id\":\"https:\\\/\\\/miklostv.com\\\/new\\\/#\\\/schema\\\/person\\\/6339cdd0bbd336ec6345812e3958be3b\"},\"breadcrumb\":{\"@id\":\"https:\\\/\\\/miklostv.com\\\/new\\\/2022\\\/03\\\/28\\\/veradas-2022-aprilis-22\\\/#breadcrumb\"},\"inLanguage\":\"hu\",\"potentialAction\":[{\"@type\":\"ReadAction\",\"target\":[\"https:\\\/\\\/miklostv.com\\\/new\\\/2022\\\/03\\\/28\\\/veradas-2022-aprilis-22\\\/\"]}]},{\"@type\":\"ImageObject\",\"inLanguage\":\"hu\",\"@id\":\"https:\\\/\\\/miklostv.com\\\/new\\\/2022\\\/03\\\/28\\\/veradas-2022-aprilis-22\\\/#primaryimage\",\"url\":\"https:\\\/\\\/miklostv.com\\\/new\\\/wp-content\\\/uploads\\\/2022\\\/03\\\/veradas_aprilis_2022.jpg\",\"contentUrl\":\"https:\\\/\\\/miklostv.com\\\/new\\\/wp-content\\\/uploads\\\/2022\\\/03\\\/veradas_aprilis_2022.jpg\",\"width\":1240,\"height\":1754,\"caption\":\"v\u00e9rad\u00e1s \u00e1prilis 2022\"},{\"@type\":\"BreadcrumbList\",\"@id\":\"https:\\\/\\\/miklostv.com\\\/new\\\/2022\\\/03\\\/28\\\/veradas-2022-aprilis-22\\\/#breadcrumb\",\"itemListElement\":[{\"@type\":\"ListItem\",\"position\":1,\"name\":\"Kezd\u0151lap\",\"item\":\"https:\\\/\\\/miklostv.com\\\/new\\\/\"},{\"@type\":\"ListItem\",\"position\":2,\"name\":\"V\u00e9rad\u00e1s &#8211; 2022. \u00e1prilis 22.\"}]},{\"@type\":\"WebSite\",\"@id\":\"https:\\\/\\\/miklostv.com\\\/new\\\/#website\",\"url\":\"https:\\\/\\\/miklostv.com\\\/new\\\/\",\"name\":\"Mikl\u00f3s TV\",\"description\":\"Mikl\u00f3s TV\",\"potentialAction\":[{\"@type\":\"SearchAction\",\"target\":{\"@type\":\"EntryPoint\",\"urlTemplate\":\"https:\\\/\\\/miklostv.com\\\/new\\\/?s={search_term_string}\"},\"query-input\":{\"@type\":\"PropertyValueSpecification\",\"valueRequired\":true,\"valueName\":\"search_term_string\"}}],\"inLanguage\":\"hu\"},{\"@type\":\"Person\",\"@id\":\"https:\\\/\\\/miklostv.com\\\/new\\\/#\\\/schema\\\/person\\\/6339cdd0bbd336ec6345812e3958be3b\",\"name\":\"S\u00e1ndor\",\"sameAs\":[\"https:\\\/\\\/miklostv.com\\\/new\"],\"url\":\"https:\\\/\\\/miklostv.com\\\/new\\\/author\\\/sanyi\\\/\"}]}<\/script>\n<!-- \/ Yoast SEO plugin. -->","yoast_head_json":{"title":"V\u00e9rad\u00e1s - 2022. \u00e1prilis 22. - Mikl\u00f3s TV","robots":{"index":"index","follow":"follow","max-snippet":"max-snippet:-1","max-image-preview":"max-image-preview:large","max-video-preview":"max-video-preview:-1"},"canonical":"https:\/\/miklostv.com\/new\/2022\/03\/28\/veradas-2022-aprilis-22\/","og_locale":"hu_HU","og_type":"article","og_title":"V\u00e9rad\u00e1s - 2022. \u00e1prilis 22. - Mikl\u00f3s TV","og_description":"A v\u00e9rad\u00e1s k\u00fcl\u00f6nleges felt\u00e9telei a koronav\u00edrus j\u00e1rv\u00e1ny ideje alatt &nbsp; A v\u00e9rad\u00f3k \u00e9s a v\u00e9rt kap\u00f3 betegek eg\u00e9szs\u00e9g\u00e9nek v\u00e9delme \u00e9rdek\u00e9ben k\u00e9rj\u00fck, hogy &nbsp; NE JELENTKEZZEN V\u00c9RAD\u00c1SRA \u00c9S K\u00c9RJ\u00dcK NE L\u00c9PJEN BE A V\u00c9RAD\u00c1S TER\u00dcLET\u00c9RE &nbsp; Ha jelenleg koronav\u00edrus megbeteged\u00e9sben szenved.&nbsp; &nbsp; Ha az ut\u00f3bbi 14 napban &nbsp; &#8211; k\u00fclf\u00f6ld\u00f6n j\u00e1rt (akkor sem, ha garatmint\u00e1ja negat\u00edv eredm\u00e9ny\u0171) &#8211; \u00e9szlelte mag\u00e1n az al\u00e1bbi t\u00fcnetek valamelyik\u00e9t: k\u00f6h\u00f6g\u00e9s; l\u00e1z (&gt; 38 \u00b0C); neh\u00e9zl\u00e9gz\u00e9s, l\u00e9gszomj; hirtelen szagl\u00e1sveszt\u00e9s vagy \u00edz\u00e9rz\u00e9s zavara; izomf\u00e1jdalom, er\u0151s f\u00e1rad\u00e9konys\u00e1g. &nbsp;&#8211; val\u00f3sz\u00edn\u0171s\u00edtetten vagy igazoltan koronav\u00edrus fert\u0151z\u00f6tt (COVID-19) szem\u00e9llyel ker\u00fclt szoros kapcsolatba egy&hellip;","og_url":"https:\/\/miklostv.com\/new\/2022\/03\/28\/veradas-2022-aprilis-22\/","og_site_name":"Mikl\u00f3s TV","article_published_time":"2022-03-28T08:19:29+00:00","article_modified_time":"2023-02-08T22:01:33+00:00","og_image":[{"width":1240,"height":1754,"url":"https:\/\/miklostv.com\/new\/wp-content\/uploads\/2022\/03\/veradas_aprilis_2022.jpg","type":"image\/jpeg"}],"author":"S\u00e1ndor","twitter_card":"summary_large_image","twitter_misc":{"Szerz\u0151:":"S\u00e1ndor","Becs\u00fclt olvas\u00e1si id\u0151":"2 perc"},"schema":{"@context":"https:\/\/schema.org","@graph":[{"@type":"NewsArticle","@id":"https:\/\/miklostv.com\/new\/2022\/03\/28\/veradas-2022-aprilis-22\/#article","isPartOf":{"@id":"https:\/\/miklostv.com\/new\/2022\/03\/28\/veradas-2022-aprilis-22\/"},"author":{"name":"S\u00e1ndor","@id":"https:\/\/miklostv.com\/new\/#\/schema\/person\/6339cdd0bbd336ec6345812e3958be3b"},"headline":"V\u00e9rad\u00e1s &#8211; 2022. \u00e1prilis 22.","datePublished":"2022-03-28T08:19:29+00:00","dateModified":"2023-02-08T22:01:33+00:00","mainEntityOfPage":{"@id":"https:\/\/miklostv.com\/new\/2022\/03\/28\/veradas-2022-aprilis-22\/"},"wordCount":466,"commentCount":0,"image":{"@id":"https:\/\/miklostv.com\/new\/2022\/03\/28\/veradas-2022-aprilis-22\/#primaryimage"},"thumbnailUrl":"https:\/\/miklostv.com\/new\/wp-content\/uploads\/2022\/03\/veradas_aprilis_2022.jpg","articleSection":["K\u00f6z\u00e9rdek\u0171"],"inLanguage":"hu"},{"@type":"WebPage","@id":"https:\/\/miklostv.com\/new\/2022\/03\/28\/veradas-2022-aprilis-22\/","url":"https:\/\/miklostv.com\/new\/2022\/03\/28\/veradas-2022-aprilis-22\/","name":"V\u00e9rad\u00e1s - 2022. \u00e1prilis 22. - Mikl\u00f3s TV","isPartOf":{"@id":"https:\/\/miklostv.com\/new\/#website"},"primaryImageOfPage":{"@id":"https:\/\/miklostv.com\/new\/2022\/03\/28\/veradas-2022-aprilis-22\/#primaryimage"},"image":{"@id":"https:\/\/miklostv.com\/new\/2022\/03\/28\/veradas-2022-aprilis-22\/#primaryimage"},"thumbnailUrl":"https:\/\/miklostv.com\/new\/wp-content\/uploads\/2022\/03\/veradas_aprilis_2022.jpg","datePublished":"2022-03-28T08:19:29+00:00","dateModified":"2023-02-08T22:01:33+00:00","author":{"@id":"https:\/\/miklostv.com\/new\/#\/schema\/person\/6339cdd0bbd336ec6345812e3958be3b"},"breadcrumb":{"@id":"https:\/\/miklostv.com\/new\/2022\/03\/28\/veradas-2022-aprilis-22\/#breadcrumb"},"inLanguage":"hu","potentialAction":[{"@type":"ReadAction","target":["https:\/\/miklostv.com\/new\/2022\/03\/28\/veradas-2022-aprilis-22\/"]}]},{"@type":"ImageObject","inLanguage":"hu","@id":"https:\/\/miklostv.com\/new\/2022\/03\/28\/veradas-2022-aprilis-22\/#primaryimage","url":"https:\/\/miklostv.com\/new\/wp-content\/uploads\/2022\/03\/veradas_aprilis_2022.jpg","contentUrl":"https:\/\/miklostv.com\/new\/wp-content\/uploads\/2022\/03\/veradas_aprilis_2022.jpg","width":1240,"height":1754,"caption":"v\u00e9rad\u00e1s \u00e1prilis 2022"},{"@type":"BreadcrumbList","@id":"https:\/\/miklostv.com\/new\/2022\/03\/28\/veradas-2022-aprilis-22\/#breadcrumb","itemListElement":[{"@type":"ListItem","position":1,"name":"Kezd\u0151lap","item":"https:\/\/miklostv.com\/new\/"},{"@type":"ListItem","position":2,"name":"V\u00e9rad\u00e1s &#8211; 2022. \u00e1prilis 22."}]},{"@type":"WebSite","@id":"https:\/\/miklostv.com\/new\/#website","url":"https:\/\/miklostv.com\/new\/","name":"Mikl\u00f3s TV","description":"Mikl\u00f3s TV","potentialAction":[{"@type":"SearchAction","target":{"@type":"EntryPoint","urlTemplate":"https:\/\/miklostv.com\/new\/?s={search_term_string}"},"query-input":{"@type":"PropertyValueSpecification","valueRequired":true,"valueName":"search_term_string"}}],"inLanguage":"hu"},{"@type":"Person","@id":"https:\/\/miklostv.com\/new\/#\/schema\/person\/6339cdd0bbd336ec6345812e3958be3b","name":"S\u00e1ndor","sameAs":["https:\/\/miklostv.com\/new"],"url":"https:\/\/miklostv.com\/new\/author\/sanyi\/"}]}},"_links":{"self":[{"href":"https:\/\/miklostv.com\/new\/wp-json\/wp\/v2\/posts\/4698","targetHints":{"allow":["GET"]}}],"collection":[{"href":"https:\/\/miklostv.com\/new\/wp-json\/wp\/v2\/posts"}],"about":[{"href":"https:\/\/miklostv.com\/new\/wp-json\/wp\/v2\/types\/post"}],"author":[{"embeddable":true,"href":"https:\/\/miklostv.com\/new\/wp-json\/wp\/v2\/users\/1"}],"replies":[{"embeddable":true,"href":"https:\/\/miklostv.com\/new\/wp-json\/wp\/v2\/comments?post=4698"}],"version-history":[{"count":1,"href":"https:\/\/miklostv.com\/new\/wp-json\/wp\/v2\/posts\/4698\/revisions"}],"predecessor-version":[{"id":7847,"href":"https:\/\/miklostv.com\/new\/wp-json\/wp\/v2\/posts\/4698\/revisions\/7847"}],"wp:featuredmedia":[{"embeddable":true,"href":"https:\/\/miklostv.com\/new\/wp-json\/wp\/v2\/media\/4697"}],"wp:attachment":[{"href":"https:\/\/miklostv.com\/new\/wp-json\/wp\/v2\/media?parent=4698"}],"wp:term":[{"taxonomy":"category","embeddable":true,"href":"https:\/\/miklostv.com\/new\/wp-json\/wp\/v2\/categories?post=4698"},{"taxonomy":"post_tag","embeddable":true,"href":"https:\/\/miklostv.com\/new\/wp-json\/wp\/v2\/tags?post=4698"}],"curies":[{"name":"wp","href":"https:\/\/api.w.org\/{rel}","templated":true}]}}