{"id":4691,"date":"2022-03-01T10:46:26","date_gmt":"2022-03-01T10:46:26","guid":{"rendered":"https:\/\/miklostv.com\/new\/2022\/03\/01\/halalos-baleset-torokszentmiklosnal\/"},"modified":"2022-03-01T10:46:26","modified_gmt":"2022-03-01T10:46:26","slug":"halalos-baleset-torokszentmiklosnal","status":"publish","type":"post","link":"https:\/\/miklostv.com\/new\/2022\/03\/01\/halalos-baleset-torokszentmiklosnal\/","title":{"rendered":"Hal\u00e1los baleset T\u00f6r\u00f6kszentmikl\u00f3sn\u00e1l"},"content":{"rendered":"<div class=\"lead-text\">\n<p><strong><span style=\"font-size: 12pt;\">Egy aut\u00f3busz el\u00fct\u00f6tt egy gyalogost a 46-os \u00faton. A f\u00e9rfi a helysz\u00ednen \u00e9let\u00e9t vesztette.<\/span><\/p>\n<p><\/strong><\/p>\n<p>Hal\u00e1los kimenetel\u0171 k\u00f6zleked\u00e9si baleset t\u00f6rt\u00e9nt 2022. febru\u00e1r 28-\u00e1n 23 \u00f3ra k\u00f6r\u00fcl T\u00f6r\u00f6kszentmikl\u00f3s k\u00fclter\u00fclet\u00e9n a 46-os \u00fat Szolnok fel\u0151li szakasz\u00e1n. Egy s\u00f6t\u00e9t ruh\u00e1zatot visel\u0151 fegyverneki lakos gyalogosan k\u00edv\u00e1nt \u00e1tmenni a k\u00f6zvil\u00e1g\u00edt\u00e1s n\u00e9lk\u00fcli lakott ter\u00fcleten k\u00edv\u00fcli \u00fattesten. A 40 \u00e9ves f\u00e9rfi kihaladt az \u00faton k\u00f6zleked\u0151 aut\u00f3busz el\u00e9, ami nem tudta elker\u00fclni az \u00fctk\u00f6z\u00e9st \u00e9s el\u00fct\u00f6tte. A baleset k\u00f6vetkezt\u00e9ben a f\u00e9rfi a helysz\u00ednen \u00e9let\u00e9t vesztette.&nbsp;<\/p>\n<p><img decoding=\"async\" class=\" size-full wp-image-4690\" src=\"https:\/\/miklostv.com\/new\/wp-content\/uploads\/2022\/03\/busz_17.jpg\" alt=\"busz 17\" width=\"1024\" srcset=\"https:\/\/miklostv.com\/new\/wp-content\/uploads\/2022\/03\/busz_17.jpg 400w, https:\/\/miklostv.com\/new\/wp-content\/uploads\/2022\/03\/busz_17-300x199.jpg 300w\" sizes=\"(max-width: 400px) 100vw, 400px\" \/><\/p>\n<p>Felh\u00edvjuk a gyalogosok figyelm\u00e9t, hogy mindig \u2013 k\u00fcl\u00f6n\u00f6sen ahol nincs els\u0151bbs\u00e9g\u00fck a j\u00e1rm\u0171vekkel szemben \u2013 fokozott k\u00f6r\u00fcltekint\u00e9ssel haladjanak \u00e1t az \u00fattesten! Csak akkor kezdj\u00e9k meg az \u00e1thalad\u00e1st, ha kell\u0151k\u00e9ppen meggy\u0151z\u0151dtek arr\u00f3l, hogy nem akad\u00e1lyozz\u00e1k az \u00fattesten k\u00f6zleked\u0151 j\u00e1rm\u0171veket! Lakott ter\u00fcleten k\u00edv\u00fcl, \u00e9jszakai l\u00e1t\u00e1si viszonyok k\u00f6z\u00f6tt viseljenek l\u00e1that\u00f3s\u00e1gi mell\u00e9nyt, vagy f\u00e9nyvisszaver\u0151vel ell\u00e1tott ruh\u00e1zatot, t\u00e1sk\u00e1t!<\/p>\n<\/div>\n<div class=\"body-text\">\n<p>forr\u00e1s: <a href=\"https:\/\/www.police.hu\/hu\/hirek-es-informaciok\/legfrissebb-hireink\/helyi-hirek\/hirek-jasz-nagykun-szolnok-megyebol-3006\">police.hu<\/a><\/p>\n<\/div>\n","protected":false},"excerpt":{"rendered":"<p>Egy aut\u00f3busz el\u00fct\u00f6tt egy gyalogost a 46-os \u00faton. A f\u00e9rfi a helysz\u00ednen \u00e9let\u00e9t vesztette. Hal\u00e1los kimenetel\u0171 k\u00f6zleked\u00e9si baleset t\u00f6rt\u00e9nt 2022. febru\u00e1r 28-\u00e1n 23 \u00f3ra k\u00f6r\u00fcl T\u00f6r\u00f6kszentmikl\u00f3s k\u00fclter\u00fclet\u00e9n a 46-os \u00fat Szolnok fel\u0151li szakasz\u00e1n. Egy s\u00f6t\u00e9t ruh\u00e1zatot visel\u0151 fegyverneki lakos gyalogosan k\u00edv\u00e1nt \u00e1tmenni a k\u00f6zvil\u00e1g\u00edt\u00e1s n\u00e9lk\u00fcli lakott ter\u00fcleten k\u00edv\u00fcli \u00fattesten. A 40 \u00e9ves f\u00e9rfi kihaladt az \u00faton k\u00f6zleked\u0151 aut\u00f3busz el\u00e9, ami nem tudta elker\u00fclni az \u00fctk\u00f6z\u00e9st \u00e9s el\u00fct\u00f6tte. A baleset k\u00f6vetkezt\u00e9ben a f\u00e9rfi a helysz\u00ednen \u00e9let\u00e9t vesztette.&nbsp; Felh\u00edvjuk a gyalogosok figyelm\u00e9t, hogy mindig \u2013 k\u00fcl\u00f6n\u00f6sen ahol nincs els\u0151bbs\u00e9g\u00fck a j\u00e1rm\u0171vekkel szemben&hellip;<\/p>\n","protected":false},"author":1,"featured_media":4689,"comment_status":"open","ping_status":"open","sticky":false,"template":"","format":"standard","meta":{"fifu_image_url":"","fifu_image_alt":"","footnotes":""},"categories":[41],"tags":[],"class_list":["post-4691","post","type-post","status-publish","format-standard","has-post-thumbnail","hentry","category-rendorsegi-hirek"],"gutentor_comment":0,"yoast_head":"<!-- This site is optimized with the Yoast SEO plugin v27.5 - https:\/\/yoast.com\/product\/yoast-seo-wordpress\/ -->\n<title>Hal\u00e1los baleset T\u00f6r\u00f6kszentmikl\u00f3sn\u00e1l - Mikl\u00f3s TV<\/title>\n<meta name=\"robots\" content=\"index, follow, max-snippet:-1, max-image-preview:large, max-video-preview:-1\" \/>\n<link rel=\"canonical\" href=\"https:\/\/miklostv.com\/new\/2022\/03\/01\/halalos-baleset-torokszentmiklosnal\/\" \/>\n<meta property=\"og:locale\" content=\"hu_HU\" \/>\n<meta property=\"og:type\" content=\"article\" \/>\n<meta property=\"og:title\" content=\"Hal\u00e1los baleset T\u00f6r\u00f6kszentmikl\u00f3sn\u00e1l - Mikl\u00f3s TV\" \/>\n<meta property=\"og:description\" content=\"Egy aut\u00f3busz el\u00fct\u00f6tt egy gyalogost a 46-os \u00faton. A f\u00e9rfi a helysz\u00ednen \u00e9let\u00e9t vesztette. Hal\u00e1los kimenetel\u0171 k\u00f6zleked\u00e9si baleset t\u00f6rt\u00e9nt 2022. febru\u00e1r 28-\u00e1n 23 \u00f3ra k\u00f6r\u00fcl T\u00f6r\u00f6kszentmikl\u00f3s k\u00fclter\u00fclet\u00e9n a 46-os \u00fat Szolnok fel\u0151li szakasz\u00e1n. Egy s\u00f6t\u00e9t ruh\u00e1zatot visel\u0151 fegyverneki lakos gyalogosan k\u00edv\u00e1nt \u00e1tmenni a k\u00f6zvil\u00e1g\u00edt\u00e1s n\u00e9lk\u00fcli lakott ter\u00fcleten k\u00edv\u00fcli \u00fattesten. A 40 \u00e9ves f\u00e9rfi kihaladt az \u00faton k\u00f6zleked\u0151 aut\u00f3busz el\u00e9, ami nem tudta elker\u00fclni az \u00fctk\u00f6z\u00e9st \u00e9s el\u00fct\u00f6tte. A baleset k\u00f6vetkezt\u00e9ben a f\u00e9rfi a helysz\u00ednen \u00e9let\u00e9t vesztette.&nbsp; Felh\u00edvjuk a gyalogosok figyelm\u00e9t, hogy mindig \u2013 k\u00fcl\u00f6n\u00f6sen ahol nincs els\u0151bbs\u00e9g\u00fck a j\u00e1rm\u0171vekkel szemben&hellip;\" \/>\n<meta property=\"og:url\" content=\"https:\/\/miklostv.com\/new\/2022\/03\/01\/halalos-baleset-torokszentmiklosnal\/\" \/>\n<meta property=\"og:site_name\" content=\"Mikl\u00f3s TV\" \/>\n<meta property=\"article:published_time\" content=\"2022-03-01T10:46:26+00:00\" \/>\n<meta property=\"og:image\" content=\"https:\/\/miklostv.com\/new\/wp-content\/uploads\/2022\/03\/busz4_5.jpg\" \/>\n\t<meta property=\"og:image:width\" content=\"400\" \/>\n\t<meta property=\"og:image:height\" content=\"265\" \/>\n\t<meta property=\"og:image:type\" content=\"image\/jpeg\" \/>\n<meta name=\"author\" content=\"S\u00e1ndor\" \/>\n<meta name=\"twitter:card\" content=\"summary_large_image\" \/>\n<meta name=\"twitter:label1\" content=\"Szerz\u0151:\" \/>\n\t<meta name=\"twitter:data1\" content=\"S\u00e1ndor\" \/>\n\t<meta name=\"twitter:label2\" content=\"Becs\u00fclt olvas\u00e1si id\u0151\" \/>\n\t<meta name=\"twitter:data2\" content=\"1 perc\" \/>\n<script type=\"application\/ld+json\" class=\"yoast-schema-graph\">{\"@context\":\"https:\\\/\\\/schema.org\",\"@graph\":[{\"@type\":\"NewsArticle\",\"@id\":\"https:\\\/\\\/miklostv.com\\\/new\\\/2022\\\/03\\\/01\\\/halalos-baleset-torokszentmiklosnal\\\/#article\",\"isPartOf\":{\"@id\":\"https:\\\/\\\/miklostv.com\\\/new\\\/2022\\\/03\\\/01\\\/halalos-baleset-torokszentmiklosnal\\\/\"},\"author\":{\"name\":\"S\u00e1ndor\",\"@id\":\"https:\\\/\\\/miklostv.com\\\/new\\\/#\\\/schema\\\/person\\\/6339cdd0bbd336ec6345812e3958be3b\"},\"headline\":\"Hal\u00e1los baleset T\u00f6r\u00f6kszentmikl\u00f3sn\u00e1l\",\"datePublished\":\"2022-03-01T10:46:26+00:00\",\"mainEntityOfPage\":{\"@id\":\"https:\\\/\\\/miklostv.com\\\/new\\\/2022\\\/03\\\/01\\\/halalos-baleset-torokszentmiklosnal\\\/\"},\"wordCount\":229,\"commentCount\":0,\"image\":{\"@id\":\"https:\\\/\\\/miklostv.com\\\/new\\\/2022\\\/03\\\/01\\\/halalos-baleset-torokszentmiklosnal\\\/#primaryimage\"},\"thumbnailUrl\":\"https:\\\/\\\/miklostv.com\\\/new\\\/wp-content\\\/uploads\\\/2022\\\/03\\\/busz4_5.jpg\",\"articleSection\":[\"Rend\u0151rs\u00e9gi h\u00edrek\"],\"inLanguage\":\"hu\"},{\"@type\":\"WebPage\",\"@id\":\"https:\\\/\\\/miklostv.com\\\/new\\\/2022\\\/03\\\/01\\\/halalos-baleset-torokszentmiklosnal\\\/\",\"url\":\"https:\\\/\\\/miklostv.com\\\/new\\\/2022\\\/03\\\/01\\\/halalos-baleset-torokszentmiklosnal\\\/\",\"name\":\"Hal\u00e1los baleset T\u00f6r\u00f6kszentmikl\u00f3sn\u00e1l - Mikl\u00f3s TV\",\"isPartOf\":{\"@id\":\"https:\\\/\\\/miklostv.com\\\/new\\\/#website\"},\"primaryImageOfPage\":{\"@id\":\"https:\\\/\\\/miklostv.com\\\/new\\\/2022\\\/03\\\/01\\\/halalos-baleset-torokszentmiklosnal\\\/#primaryimage\"},\"image\":{\"@id\":\"https:\\\/\\\/miklostv.com\\\/new\\\/2022\\\/03\\\/01\\\/halalos-baleset-torokszentmiklosnal\\\/#primaryimage\"},\"thumbnailUrl\":\"https:\\\/\\\/miklostv.com\\\/new\\\/wp-content\\\/uploads\\\/2022\\\/03\\\/busz4_5.jpg\",\"datePublished\":\"2022-03-01T10:46:26+00:00\",\"author\":{\"@id\":\"https:\\\/\\\/miklostv.com\\\/new\\\/#\\\/schema\\\/person\\\/6339cdd0bbd336ec6345812e3958be3b\"},\"breadcrumb\":{\"@id\":\"https:\\\/\\\/miklostv.com\\\/new\\\/2022\\\/03\\\/01\\\/halalos-baleset-torokszentmiklosnal\\\/#breadcrumb\"},\"inLanguage\":\"hu\",\"potentialAction\":[{\"@type\":\"ReadAction\",\"target\":[\"https:\\\/\\\/miklostv.com\\\/new\\\/2022\\\/03\\\/01\\\/halalos-baleset-torokszentmiklosnal\\\/\"]}]},{\"@type\":\"ImageObject\",\"inLanguage\":\"hu\",\"@id\":\"https:\\\/\\\/miklostv.com\\\/new\\\/2022\\\/03\\\/01\\\/halalos-baleset-torokszentmiklosnal\\\/#primaryimage\",\"url\":\"https:\\\/\\\/miklostv.com\\\/new\\\/wp-content\\\/uploads\\\/2022\\\/03\\\/busz4_5.jpg\",\"contentUrl\":\"https:\\\/\\\/miklostv.com\\\/new\\\/wp-content\\\/uploads\\\/2022\\\/03\\\/busz4_5.jpg\",\"width\":400,\"height\":265,\"caption\":\"busz4 5\"},{\"@type\":\"BreadcrumbList\",\"@id\":\"https:\\\/\\\/miklostv.com\\\/new\\\/2022\\\/03\\\/01\\\/halalos-baleset-torokszentmiklosnal\\\/#breadcrumb\",\"itemListElement\":[{\"@type\":\"ListItem\",\"position\":1,\"name\":\"Kezd\u0151lap\",\"item\":\"https:\\\/\\\/miklostv.com\\\/new\\\/\"},{\"@type\":\"ListItem\",\"position\":2,\"name\":\"Hal\u00e1los baleset T\u00f6r\u00f6kszentmikl\u00f3sn\u00e1l\"}]},{\"@type\":\"WebSite\",\"@id\":\"https:\\\/\\\/miklostv.com\\\/new\\\/#website\",\"url\":\"https:\\\/\\\/miklostv.com\\\/new\\\/\",\"name\":\"Mikl\u00f3s TV\",\"description\":\"Mikl\u00f3s TV\",\"potentialAction\":[{\"@type\":\"SearchAction\",\"target\":{\"@type\":\"EntryPoint\",\"urlTemplate\":\"https:\\\/\\\/miklostv.com\\\/new\\\/?s={search_term_string}\"},\"query-input\":{\"@type\":\"PropertyValueSpecification\",\"valueRequired\":true,\"valueName\":\"search_term_string\"}}],\"inLanguage\":\"hu\"},{\"@type\":\"Person\",\"@id\":\"https:\\\/\\\/miklostv.com\\\/new\\\/#\\\/schema\\\/person\\\/6339cdd0bbd336ec6345812e3958be3b\",\"name\":\"S\u00e1ndor\",\"sameAs\":[\"https:\\\/\\\/miklostv.com\\\/new\"],\"url\":\"https:\\\/\\\/miklostv.com\\\/new\\\/author\\\/sanyi\\\/\"}]}<\/script>\n<!-- \/ Yoast SEO plugin. -->","yoast_head_json":{"title":"Hal\u00e1los baleset T\u00f6r\u00f6kszentmikl\u00f3sn\u00e1l - Mikl\u00f3s TV","robots":{"index":"index","follow":"follow","max-snippet":"max-snippet:-1","max-image-preview":"max-image-preview:large","max-video-preview":"max-video-preview:-1"},"canonical":"https:\/\/miklostv.com\/new\/2022\/03\/01\/halalos-baleset-torokszentmiklosnal\/","og_locale":"hu_HU","og_type":"article","og_title":"Hal\u00e1los baleset T\u00f6r\u00f6kszentmikl\u00f3sn\u00e1l - Mikl\u00f3s TV","og_description":"Egy aut\u00f3busz el\u00fct\u00f6tt egy gyalogost a 46-os \u00faton. A f\u00e9rfi a helysz\u00ednen \u00e9let\u00e9t vesztette. Hal\u00e1los kimenetel\u0171 k\u00f6zleked\u00e9si baleset t\u00f6rt\u00e9nt 2022. febru\u00e1r 28-\u00e1n 23 \u00f3ra k\u00f6r\u00fcl T\u00f6r\u00f6kszentmikl\u00f3s k\u00fclter\u00fclet\u00e9n a 46-os \u00fat Szolnok fel\u0151li szakasz\u00e1n. Egy s\u00f6t\u00e9t ruh\u00e1zatot visel\u0151 fegyverneki lakos gyalogosan k\u00edv\u00e1nt \u00e1tmenni a k\u00f6zvil\u00e1g\u00edt\u00e1s n\u00e9lk\u00fcli lakott ter\u00fcleten k\u00edv\u00fcli \u00fattesten. A 40 \u00e9ves f\u00e9rfi kihaladt az \u00faton k\u00f6zleked\u0151 aut\u00f3busz el\u00e9, ami nem tudta elker\u00fclni az \u00fctk\u00f6z\u00e9st \u00e9s el\u00fct\u00f6tte. A baleset k\u00f6vetkezt\u00e9ben a f\u00e9rfi a helysz\u00ednen \u00e9let\u00e9t vesztette.&nbsp; Felh\u00edvjuk a gyalogosok figyelm\u00e9t, hogy mindig \u2013 k\u00fcl\u00f6n\u00f6sen ahol nincs els\u0151bbs\u00e9g\u00fck a j\u00e1rm\u0171vekkel szemben&hellip;","og_url":"https:\/\/miklostv.com\/new\/2022\/03\/01\/halalos-baleset-torokszentmiklosnal\/","og_site_name":"Mikl\u00f3s TV","article_published_time":"2022-03-01T10:46:26+00:00","og_image":[{"width":400,"height":265,"url":"https:\/\/miklostv.com\/new\/wp-content\/uploads\/2022\/03\/busz4_5.jpg","type":"image\/jpeg"}],"author":"S\u00e1ndor","twitter_card":"summary_large_image","twitter_misc":{"Szerz\u0151:":"S\u00e1ndor","Becs\u00fclt olvas\u00e1si id\u0151":"1 perc"},"schema":{"@context":"https:\/\/schema.org","@graph":[{"@type":"NewsArticle","@id":"https:\/\/miklostv.com\/new\/2022\/03\/01\/halalos-baleset-torokszentmiklosnal\/#article","isPartOf":{"@id":"https:\/\/miklostv.com\/new\/2022\/03\/01\/halalos-baleset-torokszentmiklosnal\/"},"author":{"name":"S\u00e1ndor","@id":"https:\/\/miklostv.com\/new\/#\/schema\/person\/6339cdd0bbd336ec6345812e3958be3b"},"headline":"Hal\u00e1los baleset T\u00f6r\u00f6kszentmikl\u00f3sn\u00e1l","datePublished":"2022-03-01T10:46:26+00:00","mainEntityOfPage":{"@id":"https:\/\/miklostv.com\/new\/2022\/03\/01\/halalos-baleset-torokszentmiklosnal\/"},"wordCount":229,"commentCount":0,"image":{"@id":"https:\/\/miklostv.com\/new\/2022\/03\/01\/halalos-baleset-torokszentmiklosnal\/#primaryimage"},"thumbnailUrl":"https:\/\/miklostv.com\/new\/wp-content\/uploads\/2022\/03\/busz4_5.jpg","articleSection":["Rend\u0151rs\u00e9gi h\u00edrek"],"inLanguage":"hu"},{"@type":"WebPage","@id":"https:\/\/miklostv.com\/new\/2022\/03\/01\/halalos-baleset-torokszentmiklosnal\/","url":"https:\/\/miklostv.com\/new\/2022\/03\/01\/halalos-baleset-torokszentmiklosnal\/","name":"Hal\u00e1los baleset T\u00f6r\u00f6kszentmikl\u00f3sn\u00e1l - Mikl\u00f3s TV","isPartOf":{"@id":"https:\/\/miklostv.com\/new\/#website"},"primaryImageOfPage":{"@id":"https:\/\/miklostv.com\/new\/2022\/03\/01\/halalos-baleset-torokszentmiklosnal\/#primaryimage"},"image":{"@id":"https:\/\/miklostv.com\/new\/2022\/03\/01\/halalos-baleset-torokszentmiklosnal\/#primaryimage"},"thumbnailUrl":"https:\/\/miklostv.com\/new\/wp-content\/uploads\/2022\/03\/busz4_5.jpg","datePublished":"2022-03-01T10:46:26+00:00","author":{"@id":"https:\/\/miklostv.com\/new\/#\/schema\/person\/6339cdd0bbd336ec6345812e3958be3b"},"breadcrumb":{"@id":"https:\/\/miklostv.com\/new\/2022\/03\/01\/halalos-baleset-torokszentmiklosnal\/#breadcrumb"},"inLanguage":"hu","potentialAction":[{"@type":"ReadAction","target":["https:\/\/miklostv.com\/new\/2022\/03\/01\/halalos-baleset-torokszentmiklosnal\/"]}]},{"@type":"ImageObject","inLanguage":"hu","@id":"https:\/\/miklostv.com\/new\/2022\/03\/01\/halalos-baleset-torokszentmiklosnal\/#primaryimage","url":"https:\/\/miklostv.com\/new\/wp-content\/uploads\/2022\/03\/busz4_5.jpg","contentUrl":"https:\/\/miklostv.com\/new\/wp-content\/uploads\/2022\/03\/busz4_5.jpg","width":400,"height":265,"caption":"busz4 5"},{"@type":"BreadcrumbList","@id":"https:\/\/miklostv.com\/new\/2022\/03\/01\/halalos-baleset-torokszentmiklosnal\/#breadcrumb","itemListElement":[{"@type":"ListItem","position":1,"name":"Kezd\u0151lap","item":"https:\/\/miklostv.com\/new\/"},{"@type":"ListItem","position":2,"name":"Hal\u00e1los baleset T\u00f6r\u00f6kszentmikl\u00f3sn\u00e1l"}]},{"@type":"WebSite","@id":"https:\/\/miklostv.com\/new\/#website","url":"https:\/\/miklostv.com\/new\/","name":"Mikl\u00f3s TV","description":"Mikl\u00f3s TV","potentialAction":[{"@type":"SearchAction","target":{"@type":"EntryPoint","urlTemplate":"https:\/\/miklostv.com\/new\/?s={search_term_string}"},"query-input":{"@type":"PropertyValueSpecification","valueRequired":true,"valueName":"search_term_string"}}],"inLanguage":"hu"},{"@type":"Person","@id":"https:\/\/miklostv.com\/new\/#\/schema\/person\/6339cdd0bbd336ec6345812e3958be3b","name":"S\u00e1ndor","sameAs":["https:\/\/miklostv.com\/new"],"url":"https:\/\/miklostv.com\/new\/author\/sanyi\/"}]}},"_links":{"self":[{"href":"https:\/\/miklostv.com\/new\/wp-json\/wp\/v2\/posts\/4691","targetHints":{"allow":["GET"]}}],"collection":[{"href":"https:\/\/miklostv.com\/new\/wp-json\/wp\/v2\/posts"}],"about":[{"href":"https:\/\/miklostv.com\/new\/wp-json\/wp\/v2\/types\/post"}],"author":[{"embeddable":true,"href":"https:\/\/miklostv.com\/new\/wp-json\/wp\/v2\/users\/1"}],"replies":[{"embeddable":true,"href":"https:\/\/miklostv.com\/new\/wp-json\/wp\/v2\/comments?post=4691"}],"version-history":[{"count":0,"href":"https:\/\/miklostv.com\/new\/wp-json\/wp\/v2\/posts\/4691\/revisions"}],"wp:featuredmedia":[{"embeddable":true,"href":"https:\/\/miklostv.com\/new\/wp-json\/wp\/v2\/media\/4689"}],"wp:attachment":[{"href":"https:\/\/miklostv.com\/new\/wp-json\/wp\/v2\/media?parent=4691"}],"wp:term":[{"taxonomy":"category","embeddable":true,"href":"https:\/\/miklostv.com\/new\/wp-json\/wp\/v2\/categories?post=4691"},{"taxonomy":"post_tag","embeddable":true,"href":"https:\/\/miklostv.com\/new\/wp-json\/wp\/v2\/tags?post=4691"}],"curies":[{"name":"wp","href":"https:\/\/api.w.org\/{rel}","templated":true}]}}