{"id":4686,"date":"2022-02-25T11:50:10","date_gmt":"2022-02-25T11:50:10","guid":{"rendered":"https:\/\/miklostv.com\/new\/2022\/02\/25\/ujkori-nbiii-as-szereplesuk-eddigi-legnagyobb-sikeret-erte-el-tfc\/"},"modified":"2023-02-08T21:59:56","modified_gmt":"2023-02-08T21:59:56","slug":"ujkori-nbiii-as-szereplesuk-eddigi-legnagyobb-sikeret-erte-el-tfc","status":"publish","type":"post","link":"https:\/\/miklostv.com\/new\/2022\/02\/25\/ujkori-nbiii-as-szereplesuk-eddigi-legnagyobb-sikeret-erte-el-tfc\/","title":{"rendered":"\u00dajkori NBIII-as szerepl\u00e9s\u00fck eddigi legnagyobb siker\u00e9t \u00e9rte el TFC!"},"content":{"rendered":"\n<p><strong>Az a BKV El\u0151re l\u00e9pett p\u00e1ly\u00e1ra T\u00f6r\u00f6kszentmikl\u00f3son, aki \u0151sszel \u00e9ppen itt b\u00facs\u00fazott el a kupaszerepl\u00e9st\u0151l (akkor 2-1-re gy\u0151zt\u00fcnk), de a szezon els\u0151 bajnoks\u00e1gban 4-0-ra legy\u0151ztek minket. <\/strong>&#8211; olvashat\u00f3 a TFC-Veteriner honlapj\u00e1n.<\/p>\n\n\n\n<p>Nyilv\u00e1nval\u00f3an a tabella m\u00e1sodik hely\u00e9n \u00e1ll\u00f3 vend\u00e9gek uralt\u00e1k a j\u00e1t\u00e9kot, t\u00f6bbet is birtokolt\u00e1k a labd\u00e1t (de nem voltak akkora f\u00f6l\u00e9nyben, mint egy hete a DEAC). A 8. percben T\u00f3th N\u00e1ndor a saj\u00e1t t\u00e9rfel\u00e9r\u0151l emelte \u00e1t az eg\u00e9sz mez\u0151nyt, t\u00f6k\u00e9letes labd\u00e1val k\u00edn\u00e1lta meg legg\u00f3ler\u0151sebb j\u00e1t\u00e9kosunkat Pataki Zolt\u00e1nt aki a kil\u00e9p\u0151 vend\u00e9kkapus f\u00f6l\u00f6tt a kapuba \u00edvelve szerezte meg a vezet\u00e9st, 1-0!<\/p>\n\n\n\n<figure class=\"wp-block-embed is-type-video is-provider-youtube wp-block-embed-youtube wp-embed-aspect-16-9 wp-has-aspect-ratio\"><div class=\"wp-block-embed__wrapper\">\n<iframe  id=\"_ytid_80240\"  width=\"800\" height=\"450\"  data-origwidth=\"800\" data-origheight=\"450\" src=\"https:\/\/www.youtube.com\/embed\/cXuTAC1Np6Y?enablejsapi=1&#038;autoplay=0&#038;cc_load_policy=0&#038;cc_lang_pref=hu&#038;iv_load_policy=1&#038;loop=0&#038;rel=1&#038;fs=1&#038;playsinline=1&#038;autohide=2&#038;theme=dark&#038;color=red&#038;controls=1&#038;disablekb=0&#038;\" class=\"__youtube_prefs__  epyt-is-override  no-lazyload\" title=\"YouTube player\"  allow=\"fullscreen; accelerometer; autoplay; clipboard-write; encrypted-media; gyroscope; picture-in-picture; web-share\" referrerpolicy=\"strict-origin-when-cross-origin\" allowfullscreen data-no-lazy=\"1\" data-skipgform_ajax_framebjll=\"\"><\/iframe>\n<\/div><\/figure>\n\n\n\n<div>A 25. percben Pataki l\u00e9pte \u00e1t a felez\u0151vonalat a labd\u00e1val, majd Cs\u00farihoz passzolt, aki j\u00f3l ind\u00edtotta a t\u00faloldalon felfut\u00f3 Orovecz \u00c1d\u00e1mot. A t\u00e9li sz\u00fcnetben \u00e9rkez\u0151 j\u00e1t\u00e9kosunk a kapu fel\u00e9 indult, majd remek passzt adott Szecsei P\u00e9ternek, aki megel\u0151zve v\u00e9d\u0151j\u00e9t est\u00e9ben a jobb als\u00f3ba tov\u00e1bb\u00edtotta a labd\u00e1t, 2-0! K\u00e9tg\u00f3los vezet\u00e9s\u00fcnkn\u00e9l volt t\u00e9rf\u00e9lcsere.&nbsp;<\/div>\n\n\n\n<div>&nbsp;<\/div>\n\n\n\n<div>\n<p>A m\u00e1sodik j\u00e1t\u00e9kr\u00e9szben kitart\u00f3an \u0151rizt\u00fck el\u0151ny\u00fcnket, eg\u00e9szen a 85. percig. Ihos 16-17 m\u00e9terr\u0151l l\u0151tt kapura, a labda Gy\u00fcrkin megpattanva Cs\u00e1ki f\u00f6l\u00f6tt beesett a g\u00f3lvonal m\u00f6g\u00e9. Ezzel a g\u00f3llal ugyan sz\u00e9p\u00edtett a BKV, de 3 pontot itthon tartottuk, \u00edgy 29 \u00e9v ut\u00e1n ism\u00e9t hazai NBIII-as gy\u0151zelmet l\u00e1thattak szurkol\u00f3ink!<\/p>\n<p><\/p>\n<p>forr\u00e1s: <a href=\"http:\/\/torokszentmiklosifoci.hu\/new\/2022\/02\/25\/ujkori-nbiii-as-szereplesunk-eddigi-legnagyobb-sikeret-ertuk-el-22-forduloban\/\" target=\"_blank\" rel=\"noopener\">TFC-Veteriner honlap<\/a><\/p>\n<\/div>\n","protected":false},"excerpt":{"rendered":"<p>Az a BKV El\u0151re l\u00e9pett p\u00e1ly\u00e1ra T\u00f6r\u00f6kszentmikl\u00f3son, aki \u0151sszel \u00e9ppen itt b\u00facs\u00fazott el a kupaszerepl\u00e9st\u0151l (akkor 2-1-re gy\u0151zt\u00fcnk), de a szezon els\u0151 bajnoks\u00e1gban 4-0-ra legy\u0151ztek minket. &#8211; olvashat\u00f3 a TFC-Veteriner honlapj\u00e1n. Nyilv\u00e1nval\u00f3an a tabella m\u00e1sodik hely\u00e9n \u00e1ll\u00f3 vend\u00e9gek uralt\u00e1k a j\u00e1t\u00e9kot, t\u00f6bbet is birtokolt\u00e1k a labd\u00e1t (de nem voltak akkora f\u00f6l\u00e9nyben, mint egy hete a DEAC). A 8. percben T\u00f3th N\u00e1ndor a saj\u00e1t t\u00e9rfel\u00e9r\u0151l emelte \u00e1t az eg\u00e9sz mez\u0151nyt, t\u00f6k\u00e9letes labd\u00e1val k\u00edn\u00e1lta meg legg\u00f3ler\u0151sebb j\u00e1t\u00e9kosunkat Pataki Zolt\u00e1nt aki a kil\u00e9p\u0151 vend\u00e9kkapus f\u00f6l\u00f6tt a kapuba \u00edvelve szerezte meg a vezet\u00e9st, 1-0!&hellip;<\/p>\n","protected":false},"author":1,"featured_media":4685,"comment_status":"open","ping_status":"open","sticky":false,"template":"","format":"standard","meta":{"fifu_image_url":"","fifu_image_alt":"","footnotes":""},"categories":[33],"tags":[],"class_list":["post-4686","post","type-post","status-publish","format-standard","has-post-thumbnail","hentry","category-sport-hirek"],"gutentor_comment":0,"yoast_head":"<!-- This site is optimized with the Yoast SEO plugin v27.5 - https:\/\/yoast.com\/product\/yoast-seo-wordpress\/ -->\n<title>\u00dajkori NBIII-as szerepl\u00e9s\u00fck eddigi legnagyobb siker\u00e9t \u00e9rte el TFC! - Mikl\u00f3s TV<\/title>\n<meta name=\"robots\" content=\"index, follow, max-snippet:-1, max-image-preview:large, max-video-preview:-1\" \/>\n<link rel=\"canonical\" href=\"https:\/\/miklostv.com\/new\/2022\/02\/25\/ujkori-nbiii-as-szereplesuk-eddigi-legnagyobb-sikeret-erte-el-tfc\/\" \/>\n<meta property=\"og:locale\" content=\"hu_HU\" \/>\n<meta property=\"og:type\" content=\"article\" \/>\n<meta property=\"og:title\" content=\"\u00dajkori NBIII-as szerepl\u00e9s\u00fck eddigi legnagyobb siker\u00e9t \u00e9rte el TFC! - Mikl\u00f3s TV\" \/>\n<meta property=\"og:description\" content=\"Az a BKV El\u0151re l\u00e9pett p\u00e1ly\u00e1ra T\u00f6r\u00f6kszentmikl\u00f3son, aki \u0151sszel \u00e9ppen itt b\u00facs\u00fazott el a kupaszerepl\u00e9st\u0151l (akkor 2-1-re gy\u0151zt\u00fcnk), de a szezon els\u0151 bajnoks\u00e1gban 4-0-ra legy\u0151ztek minket. &#8211; olvashat\u00f3 a TFC-Veteriner honlapj\u00e1n. Nyilv\u00e1nval\u00f3an a tabella m\u00e1sodik hely\u00e9n \u00e1ll\u00f3 vend\u00e9gek uralt\u00e1k a j\u00e1t\u00e9kot, t\u00f6bbet is birtokolt\u00e1k a labd\u00e1t (de nem voltak akkora f\u00f6l\u00e9nyben, mint egy hete a DEAC). A 8. percben T\u00f3th N\u00e1ndor a saj\u00e1t t\u00e9rfel\u00e9r\u0151l emelte \u00e1t az eg\u00e9sz mez\u0151nyt, t\u00f6k\u00e9letes labd\u00e1val k\u00edn\u00e1lta meg legg\u00f3ler\u0151sebb j\u00e1t\u00e9kosunkat Pataki Zolt\u00e1nt aki a kil\u00e9p\u0151 vend\u00e9kkapus f\u00f6l\u00f6tt a kapuba \u00edvelve szerezte meg a vezet\u00e9st, 1-0!&hellip;\" \/>\n<meta property=\"og:url\" content=\"https:\/\/miklostv.com\/new\/2022\/02\/25\/ujkori-nbiii-as-szereplesuk-eddigi-legnagyobb-sikeret-erte-el-tfc\/\" \/>\n<meta property=\"og:site_name\" content=\"Mikl\u00f3s TV\" \/>\n<meta property=\"article:published_time\" content=\"2022-02-25T11:50:10+00:00\" \/>\n<meta property=\"article:modified_time\" content=\"2023-02-08T21:59:56+00:00\" \/>\n<meta property=\"og:image\" content=\"https:\/\/miklostv.com\/new\/wp-content\/uploads\/2022\/02\/IMG_4436.jpg\" \/>\n\t<meta property=\"og:image:width\" content=\"1023\" \/>\n\t<meta property=\"og:image:height\" content=\"682\" \/>\n\t<meta property=\"og:image:type\" content=\"image\/jpeg\" \/>\n<meta name=\"author\" content=\"S\u00e1ndor\" \/>\n<meta name=\"twitter:card\" content=\"summary_large_image\" \/>\n<meta name=\"twitter:label1\" content=\"Szerz\u0151:\" \/>\n\t<meta name=\"twitter:data1\" content=\"S\u00e1ndor\" \/>\n\t<meta name=\"twitter:label2\" content=\"Becs\u00fclt olvas\u00e1si id\u0151\" \/>\n\t<meta name=\"twitter:data2\" content=\"2 perc\" \/>\n<script type=\"application\/ld+json\" class=\"yoast-schema-graph\">{\"@context\":\"https:\\\/\\\/schema.org\",\"@graph\":[{\"@type\":\"NewsArticle\",\"@id\":\"https:\\\/\\\/miklostv.com\\\/new\\\/2022\\\/02\\\/25\\\/ujkori-nbiii-as-szereplesuk-eddigi-legnagyobb-sikeret-erte-el-tfc\\\/#article\",\"isPartOf\":{\"@id\":\"https:\\\/\\\/miklostv.com\\\/new\\\/2022\\\/02\\\/25\\\/ujkori-nbiii-as-szereplesuk-eddigi-legnagyobb-sikeret-erte-el-tfc\\\/\"},\"author\":{\"name\":\"S\u00e1ndor\",\"@id\":\"https:\\\/\\\/miklostv.com\\\/new\\\/#\\\/schema\\\/person\\\/6339cdd0bbd336ec6345812e3958be3b\"},\"headline\":\"\u00dajkori NBIII-as szerepl\u00e9s\u00fck eddigi legnagyobb siker\u00e9t \u00e9rte el TFC!\",\"datePublished\":\"2022-02-25T11:50:10+00:00\",\"dateModified\":\"2023-02-08T21:59:56+00:00\",\"mainEntityOfPage\":{\"@id\":\"https:\\\/\\\/miklostv.com\\\/new\\\/2022\\\/02\\\/25\\\/ujkori-nbiii-as-szereplesuk-eddigi-legnagyobb-sikeret-erte-el-tfc\\\/\"},\"wordCount\":316,\"commentCount\":0,\"image\":{\"@id\":\"https:\\\/\\\/miklostv.com\\\/new\\\/2022\\\/02\\\/25\\\/ujkori-nbiii-as-szereplesuk-eddigi-legnagyobb-sikeret-erte-el-tfc\\\/#primaryimage\"},\"thumbnailUrl\":\"https:\\\/\\\/miklostv.com\\\/new\\\/wp-content\\\/uploads\\\/2022\\\/02\\\/IMG_4436.jpg\",\"articleSection\":[\"Sporth\u00edrek\"],\"inLanguage\":\"hu\"},{\"@type\":\"WebPage\",\"@id\":\"https:\\\/\\\/miklostv.com\\\/new\\\/2022\\\/02\\\/25\\\/ujkori-nbiii-as-szereplesuk-eddigi-legnagyobb-sikeret-erte-el-tfc\\\/\",\"url\":\"https:\\\/\\\/miklostv.com\\\/new\\\/2022\\\/02\\\/25\\\/ujkori-nbiii-as-szereplesuk-eddigi-legnagyobb-sikeret-erte-el-tfc\\\/\",\"name\":\"\u00dajkori NBIII-as szerepl\u00e9s\u00fck eddigi legnagyobb siker\u00e9t \u00e9rte el TFC! - Mikl\u00f3s TV\",\"isPartOf\":{\"@id\":\"https:\\\/\\\/miklostv.com\\\/new\\\/#website\"},\"primaryImageOfPage\":{\"@id\":\"https:\\\/\\\/miklostv.com\\\/new\\\/2022\\\/02\\\/25\\\/ujkori-nbiii-as-szereplesuk-eddigi-legnagyobb-sikeret-erte-el-tfc\\\/#primaryimage\"},\"image\":{\"@id\":\"https:\\\/\\\/miklostv.com\\\/new\\\/2022\\\/02\\\/25\\\/ujkori-nbiii-as-szereplesuk-eddigi-legnagyobb-sikeret-erte-el-tfc\\\/#primaryimage\"},\"thumbnailUrl\":\"https:\\\/\\\/miklostv.com\\\/new\\\/wp-content\\\/uploads\\\/2022\\\/02\\\/IMG_4436.jpg\",\"datePublished\":\"2022-02-25T11:50:10+00:00\",\"dateModified\":\"2023-02-08T21:59:56+00:00\",\"author\":{\"@id\":\"https:\\\/\\\/miklostv.com\\\/new\\\/#\\\/schema\\\/person\\\/6339cdd0bbd336ec6345812e3958be3b\"},\"breadcrumb\":{\"@id\":\"https:\\\/\\\/miklostv.com\\\/new\\\/2022\\\/02\\\/25\\\/ujkori-nbiii-as-szereplesuk-eddigi-legnagyobb-sikeret-erte-el-tfc\\\/#breadcrumb\"},\"inLanguage\":\"hu\",\"potentialAction\":[{\"@type\":\"ReadAction\",\"target\":[\"https:\\\/\\\/miklostv.com\\\/new\\\/2022\\\/02\\\/25\\\/ujkori-nbiii-as-szereplesuk-eddigi-legnagyobb-sikeret-erte-el-tfc\\\/\"]}]},{\"@type\":\"ImageObject\",\"inLanguage\":\"hu\",\"@id\":\"https:\\\/\\\/miklostv.com\\\/new\\\/2022\\\/02\\\/25\\\/ujkori-nbiii-as-szereplesuk-eddigi-legnagyobb-sikeret-erte-el-tfc\\\/#primaryimage\",\"url\":\"https:\\\/\\\/miklostv.com\\\/new\\\/wp-content\\\/uploads\\\/2022\\\/02\\\/IMG_4436.jpg\",\"contentUrl\":\"https:\\\/\\\/miklostv.com\\\/new\\\/wp-content\\\/uploads\\\/2022\\\/02\\\/IMG_4436.jpg\",\"width\":1023,\"height\":682,\"caption\":\"IMG 4436\"},{\"@type\":\"BreadcrumbList\",\"@id\":\"https:\\\/\\\/miklostv.com\\\/new\\\/2022\\\/02\\\/25\\\/ujkori-nbiii-as-szereplesuk-eddigi-legnagyobb-sikeret-erte-el-tfc\\\/#breadcrumb\",\"itemListElement\":[{\"@type\":\"ListItem\",\"position\":1,\"name\":\"Kezd\u0151lap\",\"item\":\"https:\\\/\\\/miklostv.com\\\/new\\\/\"},{\"@type\":\"ListItem\",\"position\":2,\"name\":\"\u00dajkori NBIII-as szerepl\u00e9s\u00fck eddigi legnagyobb siker\u00e9t \u00e9rte el TFC!\"}]},{\"@type\":\"WebSite\",\"@id\":\"https:\\\/\\\/miklostv.com\\\/new\\\/#website\",\"url\":\"https:\\\/\\\/miklostv.com\\\/new\\\/\",\"name\":\"Mikl\u00f3s TV\",\"description\":\"Mikl\u00f3s TV\",\"potentialAction\":[{\"@type\":\"SearchAction\",\"target\":{\"@type\":\"EntryPoint\",\"urlTemplate\":\"https:\\\/\\\/miklostv.com\\\/new\\\/?s={search_term_string}\"},\"query-input\":{\"@type\":\"PropertyValueSpecification\",\"valueRequired\":true,\"valueName\":\"search_term_string\"}}],\"inLanguage\":\"hu\"},{\"@type\":\"Person\",\"@id\":\"https:\\\/\\\/miklostv.com\\\/new\\\/#\\\/schema\\\/person\\\/6339cdd0bbd336ec6345812e3958be3b\",\"name\":\"S\u00e1ndor\",\"sameAs\":[\"https:\\\/\\\/miklostv.com\\\/new\"],\"url\":\"https:\\\/\\\/miklostv.com\\\/new\\\/author\\\/sanyi\\\/\"}]}<\/script>\n<!-- \/ Yoast SEO plugin. -->","yoast_head_json":{"title":"\u00dajkori NBIII-as szerepl\u00e9s\u00fck eddigi legnagyobb siker\u00e9t \u00e9rte el TFC! - Mikl\u00f3s TV","robots":{"index":"index","follow":"follow","max-snippet":"max-snippet:-1","max-image-preview":"max-image-preview:large","max-video-preview":"max-video-preview:-1"},"canonical":"https:\/\/miklostv.com\/new\/2022\/02\/25\/ujkori-nbiii-as-szereplesuk-eddigi-legnagyobb-sikeret-erte-el-tfc\/","og_locale":"hu_HU","og_type":"article","og_title":"\u00dajkori NBIII-as szerepl\u00e9s\u00fck eddigi legnagyobb siker\u00e9t \u00e9rte el TFC! - Mikl\u00f3s TV","og_description":"Az a BKV El\u0151re l\u00e9pett p\u00e1ly\u00e1ra T\u00f6r\u00f6kszentmikl\u00f3son, aki \u0151sszel \u00e9ppen itt b\u00facs\u00fazott el a kupaszerepl\u00e9st\u0151l (akkor 2-1-re gy\u0151zt\u00fcnk), de a szezon els\u0151 bajnoks\u00e1gban 4-0-ra legy\u0151ztek minket. &#8211; olvashat\u00f3 a TFC-Veteriner honlapj\u00e1n. Nyilv\u00e1nval\u00f3an a tabella m\u00e1sodik hely\u00e9n \u00e1ll\u00f3 vend\u00e9gek uralt\u00e1k a j\u00e1t\u00e9kot, t\u00f6bbet is birtokolt\u00e1k a labd\u00e1t (de nem voltak akkora f\u00f6l\u00e9nyben, mint egy hete a DEAC). A 8. percben T\u00f3th N\u00e1ndor a saj\u00e1t t\u00e9rfel\u00e9r\u0151l emelte \u00e1t az eg\u00e9sz mez\u0151nyt, t\u00f6k\u00e9letes labd\u00e1val k\u00edn\u00e1lta meg legg\u00f3ler\u0151sebb j\u00e1t\u00e9kosunkat Pataki Zolt\u00e1nt aki a kil\u00e9p\u0151 vend\u00e9kkapus f\u00f6l\u00f6tt a kapuba \u00edvelve szerezte meg a vezet\u00e9st, 1-0!&hellip;","og_url":"https:\/\/miklostv.com\/new\/2022\/02\/25\/ujkori-nbiii-as-szereplesuk-eddigi-legnagyobb-sikeret-erte-el-tfc\/","og_site_name":"Mikl\u00f3s TV","article_published_time":"2022-02-25T11:50:10+00:00","article_modified_time":"2023-02-08T21:59:56+00:00","og_image":[{"width":1023,"height":682,"url":"https:\/\/miklostv.com\/new\/wp-content\/uploads\/2022\/02\/IMG_4436.jpg","type":"image\/jpeg"}],"author":"S\u00e1ndor","twitter_card":"summary_large_image","twitter_misc":{"Szerz\u0151:":"S\u00e1ndor","Becs\u00fclt olvas\u00e1si id\u0151":"2 perc"},"schema":{"@context":"https:\/\/schema.org","@graph":[{"@type":"NewsArticle","@id":"https:\/\/miklostv.com\/new\/2022\/02\/25\/ujkori-nbiii-as-szereplesuk-eddigi-legnagyobb-sikeret-erte-el-tfc\/#article","isPartOf":{"@id":"https:\/\/miklostv.com\/new\/2022\/02\/25\/ujkori-nbiii-as-szereplesuk-eddigi-legnagyobb-sikeret-erte-el-tfc\/"},"author":{"name":"S\u00e1ndor","@id":"https:\/\/miklostv.com\/new\/#\/schema\/person\/6339cdd0bbd336ec6345812e3958be3b"},"headline":"\u00dajkori NBIII-as szerepl\u00e9s\u00fck eddigi legnagyobb siker\u00e9t \u00e9rte el TFC!","datePublished":"2022-02-25T11:50:10+00:00","dateModified":"2023-02-08T21:59:56+00:00","mainEntityOfPage":{"@id":"https:\/\/miklostv.com\/new\/2022\/02\/25\/ujkori-nbiii-as-szereplesuk-eddigi-legnagyobb-sikeret-erte-el-tfc\/"},"wordCount":316,"commentCount":0,"image":{"@id":"https:\/\/miklostv.com\/new\/2022\/02\/25\/ujkori-nbiii-as-szereplesuk-eddigi-legnagyobb-sikeret-erte-el-tfc\/#primaryimage"},"thumbnailUrl":"https:\/\/miklostv.com\/new\/wp-content\/uploads\/2022\/02\/IMG_4436.jpg","articleSection":["Sporth\u00edrek"],"inLanguage":"hu"},{"@type":"WebPage","@id":"https:\/\/miklostv.com\/new\/2022\/02\/25\/ujkori-nbiii-as-szereplesuk-eddigi-legnagyobb-sikeret-erte-el-tfc\/","url":"https:\/\/miklostv.com\/new\/2022\/02\/25\/ujkori-nbiii-as-szereplesuk-eddigi-legnagyobb-sikeret-erte-el-tfc\/","name":"\u00dajkori NBIII-as szerepl\u00e9s\u00fck eddigi legnagyobb siker\u00e9t \u00e9rte el TFC! - Mikl\u00f3s TV","isPartOf":{"@id":"https:\/\/miklostv.com\/new\/#website"},"primaryImageOfPage":{"@id":"https:\/\/miklostv.com\/new\/2022\/02\/25\/ujkori-nbiii-as-szereplesuk-eddigi-legnagyobb-sikeret-erte-el-tfc\/#primaryimage"},"image":{"@id":"https:\/\/miklostv.com\/new\/2022\/02\/25\/ujkori-nbiii-as-szereplesuk-eddigi-legnagyobb-sikeret-erte-el-tfc\/#primaryimage"},"thumbnailUrl":"https:\/\/miklostv.com\/new\/wp-content\/uploads\/2022\/02\/IMG_4436.jpg","datePublished":"2022-02-25T11:50:10+00:00","dateModified":"2023-02-08T21:59:56+00:00","author":{"@id":"https:\/\/miklostv.com\/new\/#\/schema\/person\/6339cdd0bbd336ec6345812e3958be3b"},"breadcrumb":{"@id":"https:\/\/miklostv.com\/new\/2022\/02\/25\/ujkori-nbiii-as-szereplesuk-eddigi-legnagyobb-sikeret-erte-el-tfc\/#breadcrumb"},"inLanguage":"hu","potentialAction":[{"@type":"ReadAction","target":["https:\/\/miklostv.com\/new\/2022\/02\/25\/ujkori-nbiii-as-szereplesuk-eddigi-legnagyobb-sikeret-erte-el-tfc\/"]}]},{"@type":"ImageObject","inLanguage":"hu","@id":"https:\/\/miklostv.com\/new\/2022\/02\/25\/ujkori-nbiii-as-szereplesuk-eddigi-legnagyobb-sikeret-erte-el-tfc\/#primaryimage","url":"https:\/\/miklostv.com\/new\/wp-content\/uploads\/2022\/02\/IMG_4436.jpg","contentUrl":"https:\/\/miklostv.com\/new\/wp-content\/uploads\/2022\/02\/IMG_4436.jpg","width":1023,"height":682,"caption":"IMG 4436"},{"@type":"BreadcrumbList","@id":"https:\/\/miklostv.com\/new\/2022\/02\/25\/ujkori-nbiii-as-szereplesuk-eddigi-legnagyobb-sikeret-erte-el-tfc\/#breadcrumb","itemListElement":[{"@type":"ListItem","position":1,"name":"Kezd\u0151lap","item":"https:\/\/miklostv.com\/new\/"},{"@type":"ListItem","position":2,"name":"\u00dajkori NBIII-as szerepl\u00e9s\u00fck eddigi legnagyobb siker\u00e9t \u00e9rte el TFC!"}]},{"@type":"WebSite","@id":"https:\/\/miklostv.com\/new\/#website","url":"https:\/\/miklostv.com\/new\/","name":"Mikl\u00f3s TV","description":"Mikl\u00f3s TV","potentialAction":[{"@type":"SearchAction","target":{"@type":"EntryPoint","urlTemplate":"https:\/\/miklostv.com\/new\/?s={search_term_string}"},"query-input":{"@type":"PropertyValueSpecification","valueRequired":true,"valueName":"search_term_string"}}],"inLanguage":"hu"},{"@type":"Person","@id":"https:\/\/miklostv.com\/new\/#\/schema\/person\/6339cdd0bbd336ec6345812e3958be3b","name":"S\u00e1ndor","sameAs":["https:\/\/miklostv.com\/new"],"url":"https:\/\/miklostv.com\/new\/author\/sanyi\/"}]}},"_links":{"self":[{"href":"https:\/\/miklostv.com\/new\/wp-json\/wp\/v2\/posts\/4686","targetHints":{"allow":["GET"]}}],"collection":[{"href":"https:\/\/miklostv.com\/new\/wp-json\/wp\/v2\/posts"}],"about":[{"href":"https:\/\/miklostv.com\/new\/wp-json\/wp\/v2\/types\/post"}],"author":[{"embeddable":true,"href":"https:\/\/miklostv.com\/new\/wp-json\/wp\/v2\/users\/1"}],"replies":[{"embeddable":true,"href":"https:\/\/miklostv.com\/new\/wp-json\/wp\/v2\/comments?post=4686"}],"version-history":[{"count":2,"href":"https:\/\/miklostv.com\/new\/wp-json\/wp\/v2\/posts\/4686\/revisions"}],"predecessor-version":[{"id":7844,"href":"https:\/\/miklostv.com\/new\/wp-json\/wp\/v2\/posts\/4686\/revisions\/7844"}],"wp:featuredmedia":[{"embeddable":true,"href":"https:\/\/miklostv.com\/new\/wp-json\/wp\/v2\/media\/4685"}],"wp:attachment":[{"href":"https:\/\/miklostv.com\/new\/wp-json\/wp\/v2\/media?parent=4686"}],"wp:term":[{"taxonomy":"category","embeddable":true,"href":"https:\/\/miklostv.com\/new\/wp-json\/wp\/v2\/categories?post=4686"},{"taxonomy":"post_tag","embeddable":true,"href":"https:\/\/miklostv.com\/new\/wp-json\/wp\/v2\/tags?post=4686"}],"curies":[{"name":"wp","href":"https:\/\/api.w.org\/{rel}","templated":true}]}}