{"id":4667,"date":"2022-01-06T08:30:18","date_gmt":"2022-01-06T08:30:18","guid":{"rendered":"https:\/\/miklostv.com\/new\/2022\/01\/06\/nyolc-napon-tul-gyogyulo-serulest-szenvedett-a-kerekparos\/"},"modified":"2023-02-08T21:52:18","modified_gmt":"2023-02-08T21:52:18","slug":"nyolc-napon-tul-gyogyulo-serulest-szenvedett-a-kerekparos","status":"publish","type":"post","link":"https:\/\/miklostv.com\/new\/2022\/01\/06\/nyolc-napon-tul-gyogyulo-serulest-szenvedett-a-kerekparos\/","title":{"rendered":"Nyolc napon t\u00fal gy\u00f3gyul\u00f3 s\u00e9r\u00fcl\u00e9st szenvedett a ker\u00e9kp\u00e1ros"},"content":{"rendered":"<p><span style=\"font-size: 12pt;\"><strong>A J\u00e1sz-Nagykun-Szolnok Megyei Rend\u0151r-f\u0151kapit\u00e1nys\u00e1g illet\u00e9kess\u00e9gi ter\u00fclet\u00e9n az elm\u00falt 24 \u00f3r\u00e1ban k\u00e9t szem\u00e9lyi s\u00e9r\u00fcl\u00e9ssel j\u00e1r\u00f3 k\u00f6z\u00fati k\u00f6zleked\u00e9si baleset jutott a rend\u0151rs\u00e9g tudom\u00e1s\u00e1ra. Az elm\u00falt napon a megye rend\u0151rei k\u00e9t ittas j\u00e1rm\u0171vezet\u0151vel szemben int\u00e9zkedtek, tov\u00e1bb\u00e1 k\u00e9t szem\u00e9lyt fogtak el az ellen\u00fck \u00e9rv\u00e9nyben l\u00e9v\u0151 k\u00f6r\u00f6z\u00e9s alapj\u00e1n.<\/strong><\/span><\/p>\n<p>Egy t\u00f6r\u00f6kszentmikl\u00f3si lakos k\u00f6zlekedett biciklivel a v\u00e1ros belter\u00fclet\u00e9n tal\u00e1lhat\u00f3 ker\u00e9kp\u00e1r\u00faton 2022. janu\u00e1r 5-\u00e9n a d\u00e9lut\u00e1ni \u00f3r\u00e1kban. A ker\u00e9kp\u00e1ros a Kossuth utca m\u00e1sik oldal\u00e1ra k\u00edv\u00e1nt \u00e1tkerekezni, azonban \u2013 az els\u0151bbs\u00e9gad\u00e1s k\u00f6telez\u0151 jelz\u0151t\u00e1bla figyelmeztet\u00e9se ellen\u00e9re \u2013 nem biztos\u00edtott els\u0151bbs\u00e9get a v\u00e9dett \u00faton halad\u00f3 j\u00e1rm\u0171nek \u00e9s \u00f6ssze\u00fctk\u00f6ztek. A baleset k\u00f6vetkezt\u00e9ben a ker\u00e9kp\u00e1ros \u2013 az els\u0151dleges orvosi v\u00e9lem\u00e9ny szerint \u2013 nyolc napon t\u00fal gy\u00f3gyul\u00f3 s\u00e9r\u00fcl\u00e9st szenvedett.<\/p>\n<p>forr\u00e1s: <a href=\"http:\/\/www.police.hu\/hu\/hirek-es-informaciok\/legfrissebb-hireink\/helyi-hirek\/hirek-jasz-nagykun-szolnok-megyebol-2953#\" target=\"_blank\" rel=\"noopener\">police.hu<\/a><\/p>\n\n\n<figure class=\"wp-block-image\"><img decoding=\"async\" src=\"https:\/\/miklostv.com\/new\/wp-content\/uploads\/2022\/01\/tm_baleset_0.jpg\" alt=\"\"\/><\/figure>\n","protected":false},"excerpt":{"rendered":"<p>A J\u00e1sz-Nagykun-Szolnok Megyei Rend\u0151r-f\u0151kapit\u00e1nys\u00e1g illet\u00e9kess\u00e9gi ter\u00fclet\u00e9n az elm\u00falt 24 \u00f3r\u00e1ban k\u00e9t szem\u00e9lyi s\u00e9r\u00fcl\u00e9ssel j\u00e1r\u00f3 k\u00f6z\u00fati k\u00f6zleked\u00e9si baleset jutott a rend\u0151rs\u00e9g tudom\u00e1s\u00e1ra. Az elm\u00falt napon a megye rend\u0151rei k\u00e9t ittas j\u00e1rm\u0171vezet\u0151vel szemben int\u00e9zkedtek, tov\u00e1bb\u00e1 k\u00e9t szem\u00e9lyt fogtak el az ellen\u00fck \u00e9rv\u00e9nyben l\u00e9v\u0151 k\u00f6r\u00f6z\u00e9s alapj\u00e1n. Egy t\u00f6r\u00f6kszentmikl\u00f3si lakos k\u00f6zlekedett biciklivel a v\u00e1ros belter\u00fclet\u00e9n tal\u00e1lhat\u00f3 ker\u00e9kp\u00e1r\u00faton 2022. janu\u00e1r 5-\u00e9n a d\u00e9lut\u00e1ni \u00f3r\u00e1kban. A ker\u00e9kp\u00e1ros a Kossuth utca m\u00e1sik oldal\u00e1ra k\u00edv\u00e1nt \u00e1tkerekezni, azonban \u2013 az els\u0151bbs\u00e9gad\u00e1s k\u00f6telez\u0151 jelz\u0151t\u00e1bla figyelmeztet\u00e9se ellen\u00e9re \u2013 nem biztos\u00edtott els\u0151bbs\u00e9get a v\u00e9dett \u00faton halad\u00f3 j\u00e1rm\u0171nek \u00e9s \u00f6ssze\u00fctk\u00f6ztek. A baleset k\u00f6vetkezt\u00e9ben&hellip;<\/p>\n","protected":false},"author":1,"featured_media":4666,"comment_status":"open","ping_status":"open","sticky":false,"template":"","format":"standard","meta":{"fifu_image_url":"","fifu_image_alt":"","footnotes":""},"categories":[32],"tags":[],"class_list":["post-4667","post","type-post","status-publish","format-standard","has-post-thumbnail","hentry","category-hirek2"],"gutentor_comment":0,"yoast_head":"<!-- This site is optimized with the Yoast SEO plugin v27.5 - https:\/\/yoast.com\/product\/yoast-seo-wordpress\/ -->\n<title>Nyolc napon t\u00fal gy\u00f3gyul\u00f3 s\u00e9r\u00fcl\u00e9st szenvedett a ker\u00e9kp\u00e1ros - Mikl\u00f3s TV<\/title>\n<meta name=\"robots\" content=\"index, follow, max-snippet:-1, max-image-preview:large, max-video-preview:-1\" \/>\n<link rel=\"canonical\" href=\"https:\/\/miklostv.com\/new\/2022\/01\/06\/nyolc-napon-tul-gyogyulo-serulest-szenvedett-a-kerekparos\/\" \/>\n<meta property=\"og:locale\" content=\"hu_HU\" \/>\n<meta property=\"og:type\" content=\"article\" \/>\n<meta property=\"og:title\" content=\"Nyolc napon t\u00fal gy\u00f3gyul\u00f3 s\u00e9r\u00fcl\u00e9st szenvedett a ker\u00e9kp\u00e1ros - Mikl\u00f3s TV\" \/>\n<meta property=\"og:description\" content=\"A J\u00e1sz-Nagykun-Szolnok Megyei Rend\u0151r-f\u0151kapit\u00e1nys\u00e1g illet\u00e9kess\u00e9gi ter\u00fclet\u00e9n az elm\u00falt 24 \u00f3r\u00e1ban k\u00e9t szem\u00e9lyi s\u00e9r\u00fcl\u00e9ssel j\u00e1r\u00f3 k\u00f6z\u00fati k\u00f6zleked\u00e9si baleset jutott a rend\u0151rs\u00e9g tudom\u00e1s\u00e1ra. Az elm\u00falt napon a megye rend\u0151rei k\u00e9t ittas j\u00e1rm\u0171vezet\u0151vel szemben int\u00e9zkedtek, tov\u00e1bb\u00e1 k\u00e9t szem\u00e9lyt fogtak el az ellen\u00fck \u00e9rv\u00e9nyben l\u00e9v\u0151 k\u00f6r\u00f6z\u00e9s alapj\u00e1n. Egy t\u00f6r\u00f6kszentmikl\u00f3si lakos k\u00f6zlekedett biciklivel a v\u00e1ros belter\u00fclet\u00e9n tal\u00e1lhat\u00f3 ker\u00e9kp\u00e1r\u00faton 2022. janu\u00e1r 5-\u00e9n a d\u00e9lut\u00e1ni \u00f3r\u00e1kban. A ker\u00e9kp\u00e1ros a Kossuth utca m\u00e1sik oldal\u00e1ra k\u00edv\u00e1nt \u00e1tkerekezni, azonban \u2013 az els\u0151bbs\u00e9gad\u00e1s k\u00f6telez\u0151 jelz\u0151t\u00e1bla figyelmeztet\u00e9se ellen\u00e9re \u2013 nem biztos\u00edtott els\u0151bbs\u00e9get a v\u00e9dett \u00faton halad\u00f3 j\u00e1rm\u0171nek \u00e9s \u00f6ssze\u00fctk\u00f6ztek. A baleset k\u00f6vetkezt\u00e9ben&hellip;\" \/>\n<meta property=\"og:url\" content=\"https:\/\/miklostv.com\/new\/2022\/01\/06\/nyolc-napon-tul-gyogyulo-serulest-szenvedett-a-kerekparos\/\" \/>\n<meta property=\"og:site_name\" content=\"Mikl\u00f3s TV\" \/>\n<meta property=\"article:published_time\" content=\"2022-01-06T08:30:18+00:00\" \/>\n<meta property=\"article:modified_time\" content=\"2023-02-08T21:52:18+00:00\" \/>\n<meta property=\"og:image\" content=\"https:\/\/miklostv.com\/new\/wp-content\/uploads\/2022\/01\/tm_baleset_0.jpg\" \/>\n\t<meta property=\"og:image:width\" content=\"1280\" \/>\n\t<meta property=\"og:image:height\" content=\"854\" \/>\n\t<meta property=\"og:image:type\" content=\"image\/jpeg\" \/>\n<meta name=\"author\" content=\"S\u00e1ndor\" \/>\n<meta name=\"twitter:card\" content=\"summary_large_image\" \/>\n<meta name=\"twitter:label1\" content=\"Szerz\u0151:\" \/>\n\t<meta name=\"twitter:data1\" content=\"S\u00e1ndor\" \/>\n\t<meta name=\"twitter:label2\" content=\"Becs\u00fclt olvas\u00e1si id\u0151\" \/>\n\t<meta name=\"twitter:data2\" content=\"1 perc\" \/>\n<script type=\"application\/ld+json\" class=\"yoast-schema-graph\">{\"@context\":\"https:\\\/\\\/schema.org\",\"@graph\":[{\"@type\":\"NewsArticle\",\"@id\":\"https:\\\/\\\/miklostv.com\\\/new\\\/2022\\\/01\\\/06\\\/nyolc-napon-tul-gyogyulo-serulest-szenvedett-a-kerekparos\\\/#article\",\"isPartOf\":{\"@id\":\"https:\\\/\\\/miklostv.com\\\/new\\\/2022\\\/01\\\/06\\\/nyolc-napon-tul-gyogyulo-serulest-szenvedett-a-kerekparos\\\/\"},\"author\":{\"name\":\"S\u00e1ndor\",\"@id\":\"https:\\\/\\\/miklostv.com\\\/new\\\/#\\\/schema\\\/person\\\/6339cdd0bbd336ec6345812e3958be3b\"},\"headline\":\"Nyolc napon t\u00fal gy\u00f3gyul\u00f3 s\u00e9r\u00fcl\u00e9st szenvedett a ker\u00e9kp\u00e1ros\",\"datePublished\":\"2022-01-06T08:30:18+00:00\",\"dateModified\":\"2023-02-08T21:52:18+00:00\",\"mainEntityOfPage\":{\"@id\":\"https:\\\/\\\/miklostv.com\\\/new\\\/2022\\\/01\\\/06\\\/nyolc-napon-tul-gyogyulo-serulest-szenvedett-a-kerekparos\\\/\"},\"wordCount\":210,\"commentCount\":0,\"image\":{\"@id\":\"https:\\\/\\\/miklostv.com\\\/new\\\/2022\\\/01\\\/06\\\/nyolc-napon-tul-gyogyulo-serulest-szenvedett-a-kerekparos\\\/#primaryimage\"},\"thumbnailUrl\":\"https:\\\/\\\/miklostv.com\\\/new\\\/wp-content\\\/uploads\\\/2022\\\/01\\\/tm_baleset_0.jpg\",\"articleSection\":[\"A l\u00e9nyeg r\u00f6viden\"],\"inLanguage\":\"hu\"},{\"@type\":\"WebPage\",\"@id\":\"https:\\\/\\\/miklostv.com\\\/new\\\/2022\\\/01\\\/06\\\/nyolc-napon-tul-gyogyulo-serulest-szenvedett-a-kerekparos\\\/\",\"url\":\"https:\\\/\\\/miklostv.com\\\/new\\\/2022\\\/01\\\/06\\\/nyolc-napon-tul-gyogyulo-serulest-szenvedett-a-kerekparos\\\/\",\"name\":\"Nyolc napon t\u00fal gy\u00f3gyul\u00f3 s\u00e9r\u00fcl\u00e9st szenvedett a ker\u00e9kp\u00e1ros - Mikl\u00f3s TV\",\"isPartOf\":{\"@id\":\"https:\\\/\\\/miklostv.com\\\/new\\\/#website\"},\"primaryImageOfPage\":{\"@id\":\"https:\\\/\\\/miklostv.com\\\/new\\\/2022\\\/01\\\/06\\\/nyolc-napon-tul-gyogyulo-serulest-szenvedett-a-kerekparos\\\/#primaryimage\"},\"image\":{\"@id\":\"https:\\\/\\\/miklostv.com\\\/new\\\/2022\\\/01\\\/06\\\/nyolc-napon-tul-gyogyulo-serulest-szenvedett-a-kerekparos\\\/#primaryimage\"},\"thumbnailUrl\":\"https:\\\/\\\/miklostv.com\\\/new\\\/wp-content\\\/uploads\\\/2022\\\/01\\\/tm_baleset_0.jpg\",\"datePublished\":\"2022-01-06T08:30:18+00:00\",\"dateModified\":\"2023-02-08T21:52:18+00:00\",\"author\":{\"@id\":\"https:\\\/\\\/miklostv.com\\\/new\\\/#\\\/schema\\\/person\\\/6339cdd0bbd336ec6345812e3958be3b\"},\"breadcrumb\":{\"@id\":\"https:\\\/\\\/miklostv.com\\\/new\\\/2022\\\/01\\\/06\\\/nyolc-napon-tul-gyogyulo-serulest-szenvedett-a-kerekparos\\\/#breadcrumb\"},\"inLanguage\":\"hu\",\"potentialAction\":[{\"@type\":\"ReadAction\",\"target\":[\"https:\\\/\\\/miklostv.com\\\/new\\\/2022\\\/01\\\/06\\\/nyolc-napon-tul-gyogyulo-serulest-szenvedett-a-kerekparos\\\/\"]}]},{\"@type\":\"ImageObject\",\"inLanguage\":\"hu\",\"@id\":\"https:\\\/\\\/miklostv.com\\\/new\\\/2022\\\/01\\\/06\\\/nyolc-napon-tul-gyogyulo-serulest-szenvedett-a-kerekparos\\\/#primaryimage\",\"url\":\"https:\\\/\\\/miklostv.com\\\/new\\\/wp-content\\\/uploads\\\/2022\\\/01\\\/tm_baleset_0.jpg\",\"contentUrl\":\"https:\\\/\\\/miklostv.com\\\/new\\\/wp-content\\\/uploads\\\/2022\\\/01\\\/tm_baleset_0.jpg\",\"width\":1280,\"height\":854,\"caption\":\"tm baleset 0\"},{\"@type\":\"BreadcrumbList\",\"@id\":\"https:\\\/\\\/miklostv.com\\\/new\\\/2022\\\/01\\\/06\\\/nyolc-napon-tul-gyogyulo-serulest-szenvedett-a-kerekparos\\\/#breadcrumb\",\"itemListElement\":[{\"@type\":\"ListItem\",\"position\":1,\"name\":\"Kezd\u0151lap\",\"item\":\"https:\\\/\\\/miklostv.com\\\/new\\\/\"},{\"@type\":\"ListItem\",\"position\":2,\"name\":\"Nyolc napon t\u00fal gy\u00f3gyul\u00f3 s\u00e9r\u00fcl\u00e9st szenvedett a ker\u00e9kp\u00e1ros\"}]},{\"@type\":\"WebSite\",\"@id\":\"https:\\\/\\\/miklostv.com\\\/new\\\/#website\",\"url\":\"https:\\\/\\\/miklostv.com\\\/new\\\/\",\"name\":\"Mikl\u00f3s TV\",\"description\":\"Mikl\u00f3s TV\",\"potentialAction\":[{\"@type\":\"SearchAction\",\"target\":{\"@type\":\"EntryPoint\",\"urlTemplate\":\"https:\\\/\\\/miklostv.com\\\/new\\\/?s={search_term_string}\"},\"query-input\":{\"@type\":\"PropertyValueSpecification\",\"valueRequired\":true,\"valueName\":\"search_term_string\"}}],\"inLanguage\":\"hu\"},{\"@type\":\"Person\",\"@id\":\"https:\\\/\\\/miklostv.com\\\/new\\\/#\\\/schema\\\/person\\\/6339cdd0bbd336ec6345812e3958be3b\",\"name\":\"S\u00e1ndor\",\"sameAs\":[\"https:\\\/\\\/miklostv.com\\\/new\"],\"url\":\"https:\\\/\\\/miklostv.com\\\/new\\\/author\\\/sanyi\\\/\"}]}<\/script>\n<!-- \/ Yoast SEO plugin. -->","yoast_head_json":{"title":"Nyolc napon t\u00fal gy\u00f3gyul\u00f3 s\u00e9r\u00fcl\u00e9st szenvedett a ker\u00e9kp\u00e1ros - Mikl\u00f3s TV","robots":{"index":"index","follow":"follow","max-snippet":"max-snippet:-1","max-image-preview":"max-image-preview:large","max-video-preview":"max-video-preview:-1"},"canonical":"https:\/\/miklostv.com\/new\/2022\/01\/06\/nyolc-napon-tul-gyogyulo-serulest-szenvedett-a-kerekparos\/","og_locale":"hu_HU","og_type":"article","og_title":"Nyolc napon t\u00fal gy\u00f3gyul\u00f3 s\u00e9r\u00fcl\u00e9st szenvedett a ker\u00e9kp\u00e1ros - Mikl\u00f3s TV","og_description":"A J\u00e1sz-Nagykun-Szolnok Megyei Rend\u0151r-f\u0151kapit\u00e1nys\u00e1g illet\u00e9kess\u00e9gi ter\u00fclet\u00e9n az elm\u00falt 24 \u00f3r\u00e1ban k\u00e9t szem\u00e9lyi s\u00e9r\u00fcl\u00e9ssel j\u00e1r\u00f3 k\u00f6z\u00fati k\u00f6zleked\u00e9si baleset jutott a rend\u0151rs\u00e9g tudom\u00e1s\u00e1ra. Az elm\u00falt napon a megye rend\u0151rei k\u00e9t ittas j\u00e1rm\u0171vezet\u0151vel szemben int\u00e9zkedtek, tov\u00e1bb\u00e1 k\u00e9t szem\u00e9lyt fogtak el az ellen\u00fck \u00e9rv\u00e9nyben l\u00e9v\u0151 k\u00f6r\u00f6z\u00e9s alapj\u00e1n. Egy t\u00f6r\u00f6kszentmikl\u00f3si lakos k\u00f6zlekedett biciklivel a v\u00e1ros belter\u00fclet\u00e9n tal\u00e1lhat\u00f3 ker\u00e9kp\u00e1r\u00faton 2022. janu\u00e1r 5-\u00e9n a d\u00e9lut\u00e1ni \u00f3r\u00e1kban. A ker\u00e9kp\u00e1ros a Kossuth utca m\u00e1sik oldal\u00e1ra k\u00edv\u00e1nt \u00e1tkerekezni, azonban \u2013 az els\u0151bbs\u00e9gad\u00e1s k\u00f6telez\u0151 jelz\u0151t\u00e1bla figyelmeztet\u00e9se ellen\u00e9re \u2013 nem biztos\u00edtott els\u0151bbs\u00e9get a v\u00e9dett \u00faton halad\u00f3 j\u00e1rm\u0171nek \u00e9s \u00f6ssze\u00fctk\u00f6ztek. A baleset k\u00f6vetkezt\u00e9ben&hellip;","og_url":"https:\/\/miklostv.com\/new\/2022\/01\/06\/nyolc-napon-tul-gyogyulo-serulest-szenvedett-a-kerekparos\/","og_site_name":"Mikl\u00f3s TV","article_published_time":"2022-01-06T08:30:18+00:00","article_modified_time":"2023-02-08T21:52:18+00:00","og_image":[{"width":1280,"height":854,"url":"https:\/\/miklostv.com\/new\/wp-content\/uploads\/2022\/01\/tm_baleset_0.jpg","type":"image\/jpeg"}],"author":"S\u00e1ndor","twitter_card":"summary_large_image","twitter_misc":{"Szerz\u0151:":"S\u00e1ndor","Becs\u00fclt olvas\u00e1si id\u0151":"1 perc"},"schema":{"@context":"https:\/\/schema.org","@graph":[{"@type":"NewsArticle","@id":"https:\/\/miklostv.com\/new\/2022\/01\/06\/nyolc-napon-tul-gyogyulo-serulest-szenvedett-a-kerekparos\/#article","isPartOf":{"@id":"https:\/\/miklostv.com\/new\/2022\/01\/06\/nyolc-napon-tul-gyogyulo-serulest-szenvedett-a-kerekparos\/"},"author":{"name":"S\u00e1ndor","@id":"https:\/\/miklostv.com\/new\/#\/schema\/person\/6339cdd0bbd336ec6345812e3958be3b"},"headline":"Nyolc napon t\u00fal gy\u00f3gyul\u00f3 s\u00e9r\u00fcl\u00e9st szenvedett a ker\u00e9kp\u00e1ros","datePublished":"2022-01-06T08:30:18+00:00","dateModified":"2023-02-08T21:52:18+00:00","mainEntityOfPage":{"@id":"https:\/\/miklostv.com\/new\/2022\/01\/06\/nyolc-napon-tul-gyogyulo-serulest-szenvedett-a-kerekparos\/"},"wordCount":210,"commentCount":0,"image":{"@id":"https:\/\/miklostv.com\/new\/2022\/01\/06\/nyolc-napon-tul-gyogyulo-serulest-szenvedett-a-kerekparos\/#primaryimage"},"thumbnailUrl":"https:\/\/miklostv.com\/new\/wp-content\/uploads\/2022\/01\/tm_baleset_0.jpg","articleSection":["A l\u00e9nyeg r\u00f6viden"],"inLanguage":"hu"},{"@type":"WebPage","@id":"https:\/\/miklostv.com\/new\/2022\/01\/06\/nyolc-napon-tul-gyogyulo-serulest-szenvedett-a-kerekparos\/","url":"https:\/\/miklostv.com\/new\/2022\/01\/06\/nyolc-napon-tul-gyogyulo-serulest-szenvedett-a-kerekparos\/","name":"Nyolc napon t\u00fal gy\u00f3gyul\u00f3 s\u00e9r\u00fcl\u00e9st szenvedett a ker\u00e9kp\u00e1ros - Mikl\u00f3s TV","isPartOf":{"@id":"https:\/\/miklostv.com\/new\/#website"},"primaryImageOfPage":{"@id":"https:\/\/miklostv.com\/new\/2022\/01\/06\/nyolc-napon-tul-gyogyulo-serulest-szenvedett-a-kerekparos\/#primaryimage"},"image":{"@id":"https:\/\/miklostv.com\/new\/2022\/01\/06\/nyolc-napon-tul-gyogyulo-serulest-szenvedett-a-kerekparos\/#primaryimage"},"thumbnailUrl":"https:\/\/miklostv.com\/new\/wp-content\/uploads\/2022\/01\/tm_baleset_0.jpg","datePublished":"2022-01-06T08:30:18+00:00","dateModified":"2023-02-08T21:52:18+00:00","author":{"@id":"https:\/\/miklostv.com\/new\/#\/schema\/person\/6339cdd0bbd336ec6345812e3958be3b"},"breadcrumb":{"@id":"https:\/\/miklostv.com\/new\/2022\/01\/06\/nyolc-napon-tul-gyogyulo-serulest-szenvedett-a-kerekparos\/#breadcrumb"},"inLanguage":"hu","potentialAction":[{"@type":"ReadAction","target":["https:\/\/miklostv.com\/new\/2022\/01\/06\/nyolc-napon-tul-gyogyulo-serulest-szenvedett-a-kerekparos\/"]}]},{"@type":"ImageObject","inLanguage":"hu","@id":"https:\/\/miklostv.com\/new\/2022\/01\/06\/nyolc-napon-tul-gyogyulo-serulest-szenvedett-a-kerekparos\/#primaryimage","url":"https:\/\/miklostv.com\/new\/wp-content\/uploads\/2022\/01\/tm_baleset_0.jpg","contentUrl":"https:\/\/miklostv.com\/new\/wp-content\/uploads\/2022\/01\/tm_baleset_0.jpg","width":1280,"height":854,"caption":"tm baleset 0"},{"@type":"BreadcrumbList","@id":"https:\/\/miklostv.com\/new\/2022\/01\/06\/nyolc-napon-tul-gyogyulo-serulest-szenvedett-a-kerekparos\/#breadcrumb","itemListElement":[{"@type":"ListItem","position":1,"name":"Kezd\u0151lap","item":"https:\/\/miklostv.com\/new\/"},{"@type":"ListItem","position":2,"name":"Nyolc napon t\u00fal gy\u00f3gyul\u00f3 s\u00e9r\u00fcl\u00e9st szenvedett a ker\u00e9kp\u00e1ros"}]},{"@type":"WebSite","@id":"https:\/\/miklostv.com\/new\/#website","url":"https:\/\/miklostv.com\/new\/","name":"Mikl\u00f3s TV","description":"Mikl\u00f3s TV","potentialAction":[{"@type":"SearchAction","target":{"@type":"EntryPoint","urlTemplate":"https:\/\/miklostv.com\/new\/?s={search_term_string}"},"query-input":{"@type":"PropertyValueSpecification","valueRequired":true,"valueName":"search_term_string"}}],"inLanguage":"hu"},{"@type":"Person","@id":"https:\/\/miklostv.com\/new\/#\/schema\/person\/6339cdd0bbd336ec6345812e3958be3b","name":"S\u00e1ndor","sameAs":["https:\/\/miklostv.com\/new"],"url":"https:\/\/miklostv.com\/new\/author\/sanyi\/"}]}},"_links":{"self":[{"href":"https:\/\/miklostv.com\/new\/wp-json\/wp\/v2\/posts\/4667","targetHints":{"allow":["GET"]}}],"collection":[{"href":"https:\/\/miklostv.com\/new\/wp-json\/wp\/v2\/posts"}],"about":[{"href":"https:\/\/miklostv.com\/new\/wp-json\/wp\/v2\/types\/post"}],"author":[{"embeddable":true,"href":"https:\/\/miklostv.com\/new\/wp-json\/wp\/v2\/users\/1"}],"replies":[{"embeddable":true,"href":"https:\/\/miklostv.com\/new\/wp-json\/wp\/v2\/comments?post=4667"}],"version-history":[{"count":1,"href":"https:\/\/miklostv.com\/new\/wp-json\/wp\/v2\/posts\/4667\/revisions"}],"predecessor-version":[{"id":7832,"href":"https:\/\/miklostv.com\/new\/wp-json\/wp\/v2\/posts\/4667\/revisions\/7832"}],"wp:featuredmedia":[{"embeddable":true,"href":"https:\/\/miklostv.com\/new\/wp-json\/wp\/v2\/media\/4666"}],"wp:attachment":[{"href":"https:\/\/miklostv.com\/new\/wp-json\/wp\/v2\/media?parent=4667"}],"wp:term":[{"taxonomy":"category","embeddable":true,"href":"https:\/\/miklostv.com\/new\/wp-json\/wp\/v2\/categories?post=4667"},{"taxonomy":"post_tag","embeddable":true,"href":"https:\/\/miklostv.com\/new\/wp-json\/wp\/v2\/tags?post=4667"}],"curies":[{"name":"wp","href":"https:\/\/api.w.org\/{rel}","templated":true}]}}