{"id":4658,"date":"2021-12-01T16:07:41","date_gmt":"2021-12-01T16:07:41","guid":{"rendered":"https:\/\/miklostv.com\/new\/2021\/12\/01\/kineveztek-a-torokszentmiklosi-rendorkapitanysag-vezetojet\/"},"modified":"2023-02-08T21:33:02","modified_gmt":"2023-02-08T21:33:02","slug":"kineveztek-a-torokszentmiklosi-rendorkapitanysag-vezetojet","status":"publish","type":"post","link":"https:\/\/miklostv.com\/new\/2021\/12\/01\/kineveztek-a-torokszentmiklosi-rendorkapitanysag-vezetojet\/","title":{"rendered":"Kinevezt\u00e9k a T\u00f6r\u00f6kszentmikl\u00f3si Rend\u0151rkapit\u00e1nys\u00e1g vezet\u0151j\u00e9t"},"content":{"rendered":"<p><span style=\"font-size: 12pt;\"><strong>Megb\u00edzottb\u00f3l kinevezett rend\u0151rkapit\u00e1ny lett Baj\u00e1ri Attila rend\u0151r ezredes.<\/strong><\/span><\/p>\n<p>Dr. R\u00e1di Norbert rend\u0151r ezredes, a J\u00e1sz-Nagykun-Szolnok Megyei Rend\u0151r-f\u0151kapit\u00e1nys\u00e1g vezet\u0151je 2021. december 1-jei hat\u00e1llyal kinevezte Baj\u00e1ri Attila rend\u0151r ezredest a T\u00f6r\u00f6kszentmikl\u00f3si Rend\u0151rkapit\u00e1nys\u00e1g \u00e9l\u00e9re. A megyei rend\u0151rf\u0151kapit\u00e1ny a mai napon \u00fcnnep\u00e9lyes \u00e1llom\u00e1nygy\u0171l\u00e9sen adta \u00e1t a kinevez\u00e9sr\u0151l sz\u00f3l\u00f3 parancsot a rend\u0151rkapit\u00e1ny r\u00e9sz\u00e9re.&nbsp;<\/p>\n<div>&nbsp;<\/div>\n<div>Baj\u00e1ri Attila rend\u0151r ezredes 1984-ben szerelt fel a rend\u0151rs\u00e9ghez, Budapesten j\u00e1r\u0151rk\u00e9nt kezdte meg hivat\u00e1sos szolg\u00e1lat\u00e1t. A Rend\u0151rtiszti F\u0151iskol\u00e1n 1992-ben vette k\u00e9zhez diplom\u00e1j\u00e1t, melyet k\u00f6vet\u0151en a Szolnoki Rend\u0151rkapit\u00e1nys\u00e1g K\u00f6zrendv\u00e9delmi Oszt\u00e1ly\u00e1nak el\u0151ad\u00f3ja, k\u00e9s\u0151bb aloszt\u00e1lyvezet\u0151je, majd oszt\u00e1lyvezet\u0151je lett. 2008. szeptember 1-j\u00e9t\u0151l a Szolnoki Rend\u0151rkapit\u00e1nys\u00e1g megb\u00edzott vezet\u0151jek\u00e9nt teljes\u00edtett szolg\u00e1latot. 2009. augusztus\u00e1t\u00f3l a J\u00e1sz-Nagykun-Szolnok Megyei Rend\u0151r-f\u0151kapit\u00e1nys\u00e1g K\u00f6zrendv\u00e9delmi Oszt\u00e1ly\u00e1nak vezet\u0151jek\u00e9nt, majd 2011. febru\u00e1r 1-j\u00e9t\u0151l a ter\u00fcleti szerv vezet\u0151j\u00e9nek rend\u00e9szeti helyettesek\u00e9nt kamatoztatta rend\u0151rszakmai tud\u00e1s\u00e1t. Baj\u00e1ri Attila rend\u0151r ezredes 2015. okt\u00f3ber 1-jei hat\u00e1llyal a Mez\u0151t\u00fari Rend\u0151rkapit\u00e1nys\u00e1g vezet\u0151i feladatait l\u00e1tta el 2021. \u00e1prilis 30-ig, majd&nbsp; 2021. m\u00e1jus 1-t\u0151l a T\u00f6r\u00f6kszentmikl\u00f3si Rend\u0151rkapit\u00e1nys\u00e1g kapit\u00e1nys\u00e1gvezet\u0151i feladatainak ell\u00e1t\u00e1s\u00e1ra kapott megb\u00edz\u00e1st.<p><\/p>\n<p>forr\u00e1s: <a href=\"http:\/\/www.police.hu\/hu\/hirek-es-informaciok\/legfrissebb-hireink\/szervezeti-hirek\/kineveztek-a-torokszentmiklosi#\" target=\"_blank\" rel=\"noopener\">police.hu<\/a><\/p>\n<\/div>\n\n\n<figure class=\"wp-block-image\"><img decoding=\"async\" src=\"https:\/\/miklostv.com\/new\/wp-content\/uploads\/2021\/12\/Bajari_kinevezes.jpg\" alt=\"\"\/><\/figure>\n","protected":false},"excerpt":{"rendered":"<p>Megb\u00edzottb\u00f3l kinevezett rend\u0151rkapit\u00e1ny lett Baj\u00e1ri Attila rend\u0151r ezredes. Dr. R\u00e1di Norbert rend\u0151r ezredes, a J\u00e1sz-Nagykun-Szolnok Megyei Rend\u0151r-f\u0151kapit\u00e1nys\u00e1g vezet\u0151je 2021. december 1-jei hat\u00e1llyal kinevezte Baj\u00e1ri Attila rend\u0151r ezredest a T\u00f6r\u00f6kszentmikl\u00f3si Rend\u0151rkapit\u00e1nys\u00e1g \u00e9l\u00e9re. A megyei rend\u0151rf\u0151kapit\u00e1ny a mai napon \u00fcnnep\u00e9lyes \u00e1llom\u00e1nygy\u0171l\u00e9sen adta \u00e1t a kinevez\u00e9sr\u0151l sz\u00f3l\u00f3 parancsot a rend\u0151rkapit\u00e1ny r\u00e9sz\u00e9re.&nbsp; &nbsp; Baj\u00e1ri Attila rend\u0151r ezredes 1984-ben szerelt fel a rend\u0151rs\u00e9ghez, Budapesten j\u00e1r\u0151rk\u00e9nt kezdte meg hivat\u00e1sos szolg\u00e1lat\u00e1t. A Rend\u0151rtiszti F\u0151iskol\u00e1n 1992-ben vette k\u00e9zhez diplom\u00e1j\u00e1t, melyet k\u00f6vet\u0151en a Szolnoki Rend\u0151rkapit\u00e1nys\u00e1g K\u00f6zrendv\u00e9delmi Oszt\u00e1ly\u00e1nak el\u0151ad\u00f3ja, k\u00e9s\u0151bb aloszt\u00e1lyvezet\u0151je, majd oszt\u00e1lyvezet\u0151je lett. 2008. szeptember 1-j\u00e9t\u0151l a Szolnoki Rend\u0151rkapit\u00e1nys\u00e1g&hellip;<\/p>\n","protected":false},"author":1,"featured_media":4657,"comment_status":"open","ping_status":"open","sticky":false,"template":"","format":"standard","meta":{"fifu_image_url":"","fifu_image_alt":"","footnotes":""},"categories":[32],"tags":[],"class_list":["post-4658","post","type-post","status-publish","format-standard","has-post-thumbnail","hentry","category-hirek2"],"gutentor_comment":0,"yoast_head":"<!-- This site is optimized with the Yoast SEO plugin v27.5 - https:\/\/yoast.com\/product\/yoast-seo-wordpress\/ -->\n<title>Kinevezt\u00e9k a T\u00f6r\u00f6kszentmikl\u00f3si Rend\u0151rkapit\u00e1nys\u00e1g vezet\u0151j\u00e9t - Mikl\u00f3s TV<\/title>\n<meta name=\"robots\" content=\"index, follow, max-snippet:-1, max-image-preview:large, max-video-preview:-1\" \/>\n<link rel=\"canonical\" href=\"https:\/\/miklostv.com\/new\/2021\/12\/01\/kineveztek-a-torokszentmiklosi-rendorkapitanysag-vezetojet\/\" \/>\n<meta property=\"og:locale\" content=\"hu_HU\" \/>\n<meta property=\"og:type\" content=\"article\" \/>\n<meta property=\"og:title\" content=\"Kinevezt\u00e9k a T\u00f6r\u00f6kszentmikl\u00f3si Rend\u0151rkapit\u00e1nys\u00e1g vezet\u0151j\u00e9t - Mikl\u00f3s TV\" \/>\n<meta property=\"og:description\" content=\"Megb\u00edzottb\u00f3l kinevezett rend\u0151rkapit\u00e1ny lett Baj\u00e1ri Attila rend\u0151r ezredes. Dr. R\u00e1di Norbert rend\u0151r ezredes, a J\u00e1sz-Nagykun-Szolnok Megyei Rend\u0151r-f\u0151kapit\u00e1nys\u00e1g vezet\u0151je 2021. december 1-jei hat\u00e1llyal kinevezte Baj\u00e1ri Attila rend\u0151r ezredest a T\u00f6r\u00f6kszentmikl\u00f3si Rend\u0151rkapit\u00e1nys\u00e1g \u00e9l\u00e9re. A megyei rend\u0151rf\u0151kapit\u00e1ny a mai napon \u00fcnnep\u00e9lyes \u00e1llom\u00e1nygy\u0171l\u00e9sen adta \u00e1t a kinevez\u00e9sr\u0151l sz\u00f3l\u00f3 parancsot a rend\u0151rkapit\u00e1ny r\u00e9sz\u00e9re.&nbsp; &nbsp; Baj\u00e1ri Attila rend\u0151r ezredes 1984-ben szerelt fel a rend\u0151rs\u00e9ghez, Budapesten j\u00e1r\u0151rk\u00e9nt kezdte meg hivat\u00e1sos szolg\u00e1lat\u00e1t. A Rend\u0151rtiszti F\u0151iskol\u00e1n 1992-ben vette k\u00e9zhez diplom\u00e1j\u00e1t, melyet k\u00f6vet\u0151en a Szolnoki Rend\u0151rkapit\u00e1nys\u00e1g K\u00f6zrendv\u00e9delmi Oszt\u00e1ly\u00e1nak el\u0151ad\u00f3ja, k\u00e9s\u0151bb aloszt\u00e1lyvezet\u0151je, majd oszt\u00e1lyvezet\u0151je lett. 2008. szeptember 1-j\u00e9t\u0151l a Szolnoki Rend\u0151rkapit\u00e1nys\u00e1g&hellip;\" \/>\n<meta property=\"og:url\" content=\"https:\/\/miklostv.com\/new\/2021\/12\/01\/kineveztek-a-torokszentmiklosi-rendorkapitanysag-vezetojet\/\" \/>\n<meta property=\"og:site_name\" content=\"Mikl\u00f3s TV\" \/>\n<meta property=\"article:published_time\" content=\"2021-12-01T16:07:41+00:00\" \/>\n<meta property=\"article:modified_time\" content=\"2023-02-08T21:33:02+00:00\" \/>\n<meta property=\"og:image\" content=\"https:\/\/miklostv.com\/new\/wp-content\/uploads\/2021\/12\/Bajari_kinevezes.jpg\" \/>\n\t<meta property=\"og:image:width\" content=\"1024\" \/>\n\t<meta property=\"og:image:height\" content=\"536\" \/>\n\t<meta property=\"og:image:type\" content=\"image\/jpeg\" \/>\n<meta name=\"author\" content=\"S\u00e1ndor\" \/>\n<meta name=\"twitter:card\" content=\"summary_large_image\" \/>\n<meta name=\"twitter:label1\" content=\"Szerz\u0151:\" \/>\n\t<meta name=\"twitter:data1\" content=\"S\u00e1ndor\" \/>\n\t<meta name=\"twitter:label2\" content=\"Becs\u00fclt olvas\u00e1si id\u0151\" \/>\n\t<meta name=\"twitter:data2\" content=\"1 perc\" \/>\n<script type=\"application\/ld+json\" class=\"yoast-schema-graph\">{\"@context\":\"https:\\\/\\\/schema.org\",\"@graph\":[{\"@type\":\"NewsArticle\",\"@id\":\"https:\\\/\\\/miklostv.com\\\/new\\\/2021\\\/12\\\/01\\\/kineveztek-a-torokszentmiklosi-rendorkapitanysag-vezetojet\\\/#article\",\"isPartOf\":{\"@id\":\"https:\\\/\\\/miklostv.com\\\/new\\\/2021\\\/12\\\/01\\\/kineveztek-a-torokszentmiklosi-rendorkapitanysag-vezetojet\\\/\"},\"author\":{\"name\":\"S\u00e1ndor\",\"@id\":\"https:\\\/\\\/miklostv.com\\\/new\\\/#\\\/schema\\\/person\\\/6339cdd0bbd336ec6345812e3958be3b\"},\"headline\":\"Kinevezt\u00e9k a T\u00f6r\u00f6kszentmikl\u00f3si Rend\u0151rkapit\u00e1nys\u00e1g vezet\u0151j\u00e9t\",\"datePublished\":\"2021-12-01T16:07:41+00:00\",\"dateModified\":\"2023-02-08T21:33:02+00:00\",\"mainEntityOfPage\":{\"@id\":\"https:\\\/\\\/miklostv.com\\\/new\\\/2021\\\/12\\\/01\\\/kineveztek-a-torokszentmiklosi-rendorkapitanysag-vezetojet\\\/\"},\"wordCount\":291,\"commentCount\":0,\"image\":{\"@id\":\"https:\\\/\\\/miklostv.com\\\/new\\\/2021\\\/12\\\/01\\\/kineveztek-a-torokszentmiklosi-rendorkapitanysag-vezetojet\\\/#primaryimage\"},\"thumbnailUrl\":\"https:\\\/\\\/miklostv.com\\\/new\\\/wp-content\\\/uploads\\\/2021\\\/12\\\/Bajari_kinevezes.jpg\",\"articleSection\":[\"A l\u00e9nyeg r\u00f6viden\"],\"inLanguage\":\"hu\"},{\"@type\":\"WebPage\",\"@id\":\"https:\\\/\\\/miklostv.com\\\/new\\\/2021\\\/12\\\/01\\\/kineveztek-a-torokszentmiklosi-rendorkapitanysag-vezetojet\\\/\",\"url\":\"https:\\\/\\\/miklostv.com\\\/new\\\/2021\\\/12\\\/01\\\/kineveztek-a-torokszentmiklosi-rendorkapitanysag-vezetojet\\\/\",\"name\":\"Kinevezt\u00e9k a T\u00f6r\u00f6kszentmikl\u00f3si Rend\u0151rkapit\u00e1nys\u00e1g vezet\u0151j\u00e9t - Mikl\u00f3s TV\",\"isPartOf\":{\"@id\":\"https:\\\/\\\/miklostv.com\\\/new\\\/#website\"},\"primaryImageOfPage\":{\"@id\":\"https:\\\/\\\/miklostv.com\\\/new\\\/2021\\\/12\\\/01\\\/kineveztek-a-torokszentmiklosi-rendorkapitanysag-vezetojet\\\/#primaryimage\"},\"image\":{\"@id\":\"https:\\\/\\\/miklostv.com\\\/new\\\/2021\\\/12\\\/01\\\/kineveztek-a-torokszentmiklosi-rendorkapitanysag-vezetojet\\\/#primaryimage\"},\"thumbnailUrl\":\"https:\\\/\\\/miklostv.com\\\/new\\\/wp-content\\\/uploads\\\/2021\\\/12\\\/Bajari_kinevezes.jpg\",\"datePublished\":\"2021-12-01T16:07:41+00:00\",\"dateModified\":\"2023-02-08T21:33:02+00:00\",\"author\":{\"@id\":\"https:\\\/\\\/miklostv.com\\\/new\\\/#\\\/schema\\\/person\\\/6339cdd0bbd336ec6345812e3958be3b\"},\"breadcrumb\":{\"@id\":\"https:\\\/\\\/miklostv.com\\\/new\\\/2021\\\/12\\\/01\\\/kineveztek-a-torokszentmiklosi-rendorkapitanysag-vezetojet\\\/#breadcrumb\"},\"inLanguage\":\"hu\",\"potentialAction\":[{\"@type\":\"ReadAction\",\"target\":[\"https:\\\/\\\/miklostv.com\\\/new\\\/2021\\\/12\\\/01\\\/kineveztek-a-torokszentmiklosi-rendorkapitanysag-vezetojet\\\/\"]}]},{\"@type\":\"ImageObject\",\"inLanguage\":\"hu\",\"@id\":\"https:\\\/\\\/miklostv.com\\\/new\\\/2021\\\/12\\\/01\\\/kineveztek-a-torokszentmiklosi-rendorkapitanysag-vezetojet\\\/#primaryimage\",\"url\":\"https:\\\/\\\/miklostv.com\\\/new\\\/wp-content\\\/uploads\\\/2021\\\/12\\\/Bajari_kinevezes.jpg\",\"contentUrl\":\"https:\\\/\\\/miklostv.com\\\/new\\\/wp-content\\\/uploads\\\/2021\\\/12\\\/Bajari_kinevezes.jpg\",\"width\":1024,\"height\":536,\"caption\":\"Baj\u00e1ri kinevez\u00e9s\"},{\"@type\":\"BreadcrumbList\",\"@id\":\"https:\\\/\\\/miklostv.com\\\/new\\\/2021\\\/12\\\/01\\\/kineveztek-a-torokszentmiklosi-rendorkapitanysag-vezetojet\\\/#breadcrumb\",\"itemListElement\":[{\"@type\":\"ListItem\",\"position\":1,\"name\":\"Kezd\u0151lap\",\"item\":\"https:\\\/\\\/miklostv.com\\\/new\\\/\"},{\"@type\":\"ListItem\",\"position\":2,\"name\":\"Kinevezt\u00e9k a T\u00f6r\u00f6kszentmikl\u00f3si Rend\u0151rkapit\u00e1nys\u00e1g vezet\u0151j\u00e9t\"}]},{\"@type\":\"WebSite\",\"@id\":\"https:\\\/\\\/miklostv.com\\\/new\\\/#website\",\"url\":\"https:\\\/\\\/miklostv.com\\\/new\\\/\",\"name\":\"Mikl\u00f3s TV\",\"description\":\"Mikl\u00f3s TV\",\"potentialAction\":[{\"@type\":\"SearchAction\",\"target\":{\"@type\":\"EntryPoint\",\"urlTemplate\":\"https:\\\/\\\/miklostv.com\\\/new\\\/?s={search_term_string}\"},\"query-input\":{\"@type\":\"PropertyValueSpecification\",\"valueRequired\":true,\"valueName\":\"search_term_string\"}}],\"inLanguage\":\"hu\"},{\"@type\":\"Person\",\"@id\":\"https:\\\/\\\/miklostv.com\\\/new\\\/#\\\/schema\\\/person\\\/6339cdd0bbd336ec6345812e3958be3b\",\"name\":\"S\u00e1ndor\",\"sameAs\":[\"https:\\\/\\\/miklostv.com\\\/new\"],\"url\":\"https:\\\/\\\/miklostv.com\\\/new\\\/author\\\/sanyi\\\/\"}]}<\/script>\n<!-- \/ Yoast SEO plugin. -->","yoast_head_json":{"title":"Kinevezt\u00e9k a T\u00f6r\u00f6kszentmikl\u00f3si Rend\u0151rkapit\u00e1nys\u00e1g vezet\u0151j\u00e9t - Mikl\u00f3s TV","robots":{"index":"index","follow":"follow","max-snippet":"max-snippet:-1","max-image-preview":"max-image-preview:large","max-video-preview":"max-video-preview:-1"},"canonical":"https:\/\/miklostv.com\/new\/2021\/12\/01\/kineveztek-a-torokszentmiklosi-rendorkapitanysag-vezetojet\/","og_locale":"hu_HU","og_type":"article","og_title":"Kinevezt\u00e9k a T\u00f6r\u00f6kszentmikl\u00f3si Rend\u0151rkapit\u00e1nys\u00e1g vezet\u0151j\u00e9t - Mikl\u00f3s TV","og_description":"Megb\u00edzottb\u00f3l kinevezett rend\u0151rkapit\u00e1ny lett Baj\u00e1ri Attila rend\u0151r ezredes. Dr. R\u00e1di Norbert rend\u0151r ezredes, a J\u00e1sz-Nagykun-Szolnok Megyei Rend\u0151r-f\u0151kapit\u00e1nys\u00e1g vezet\u0151je 2021. december 1-jei hat\u00e1llyal kinevezte Baj\u00e1ri Attila rend\u0151r ezredest a T\u00f6r\u00f6kszentmikl\u00f3si Rend\u0151rkapit\u00e1nys\u00e1g \u00e9l\u00e9re. A megyei rend\u0151rf\u0151kapit\u00e1ny a mai napon \u00fcnnep\u00e9lyes \u00e1llom\u00e1nygy\u0171l\u00e9sen adta \u00e1t a kinevez\u00e9sr\u0151l sz\u00f3l\u00f3 parancsot a rend\u0151rkapit\u00e1ny r\u00e9sz\u00e9re.&nbsp; &nbsp; Baj\u00e1ri Attila rend\u0151r ezredes 1984-ben szerelt fel a rend\u0151rs\u00e9ghez, Budapesten j\u00e1r\u0151rk\u00e9nt kezdte meg hivat\u00e1sos szolg\u00e1lat\u00e1t. A Rend\u0151rtiszti F\u0151iskol\u00e1n 1992-ben vette k\u00e9zhez diplom\u00e1j\u00e1t, melyet k\u00f6vet\u0151en a Szolnoki Rend\u0151rkapit\u00e1nys\u00e1g K\u00f6zrendv\u00e9delmi Oszt\u00e1ly\u00e1nak el\u0151ad\u00f3ja, k\u00e9s\u0151bb aloszt\u00e1lyvezet\u0151je, majd oszt\u00e1lyvezet\u0151je lett. 2008. szeptember 1-j\u00e9t\u0151l a Szolnoki Rend\u0151rkapit\u00e1nys\u00e1g&hellip;","og_url":"https:\/\/miklostv.com\/new\/2021\/12\/01\/kineveztek-a-torokszentmiklosi-rendorkapitanysag-vezetojet\/","og_site_name":"Mikl\u00f3s TV","article_published_time":"2021-12-01T16:07:41+00:00","article_modified_time":"2023-02-08T21:33:02+00:00","og_image":[{"width":1024,"height":536,"url":"https:\/\/miklostv.com\/new\/wp-content\/uploads\/2021\/12\/Bajari_kinevezes.jpg","type":"image\/jpeg"}],"author":"S\u00e1ndor","twitter_card":"summary_large_image","twitter_misc":{"Szerz\u0151:":"S\u00e1ndor","Becs\u00fclt olvas\u00e1si id\u0151":"1 perc"},"schema":{"@context":"https:\/\/schema.org","@graph":[{"@type":"NewsArticle","@id":"https:\/\/miklostv.com\/new\/2021\/12\/01\/kineveztek-a-torokszentmiklosi-rendorkapitanysag-vezetojet\/#article","isPartOf":{"@id":"https:\/\/miklostv.com\/new\/2021\/12\/01\/kineveztek-a-torokszentmiklosi-rendorkapitanysag-vezetojet\/"},"author":{"name":"S\u00e1ndor","@id":"https:\/\/miklostv.com\/new\/#\/schema\/person\/6339cdd0bbd336ec6345812e3958be3b"},"headline":"Kinevezt\u00e9k a T\u00f6r\u00f6kszentmikl\u00f3si Rend\u0151rkapit\u00e1nys\u00e1g vezet\u0151j\u00e9t","datePublished":"2021-12-01T16:07:41+00:00","dateModified":"2023-02-08T21:33:02+00:00","mainEntityOfPage":{"@id":"https:\/\/miklostv.com\/new\/2021\/12\/01\/kineveztek-a-torokszentmiklosi-rendorkapitanysag-vezetojet\/"},"wordCount":291,"commentCount":0,"image":{"@id":"https:\/\/miklostv.com\/new\/2021\/12\/01\/kineveztek-a-torokszentmiklosi-rendorkapitanysag-vezetojet\/#primaryimage"},"thumbnailUrl":"https:\/\/miklostv.com\/new\/wp-content\/uploads\/2021\/12\/Bajari_kinevezes.jpg","articleSection":["A l\u00e9nyeg r\u00f6viden"],"inLanguage":"hu"},{"@type":"WebPage","@id":"https:\/\/miklostv.com\/new\/2021\/12\/01\/kineveztek-a-torokszentmiklosi-rendorkapitanysag-vezetojet\/","url":"https:\/\/miklostv.com\/new\/2021\/12\/01\/kineveztek-a-torokszentmiklosi-rendorkapitanysag-vezetojet\/","name":"Kinevezt\u00e9k a T\u00f6r\u00f6kszentmikl\u00f3si Rend\u0151rkapit\u00e1nys\u00e1g vezet\u0151j\u00e9t - Mikl\u00f3s TV","isPartOf":{"@id":"https:\/\/miklostv.com\/new\/#website"},"primaryImageOfPage":{"@id":"https:\/\/miklostv.com\/new\/2021\/12\/01\/kineveztek-a-torokszentmiklosi-rendorkapitanysag-vezetojet\/#primaryimage"},"image":{"@id":"https:\/\/miklostv.com\/new\/2021\/12\/01\/kineveztek-a-torokszentmiklosi-rendorkapitanysag-vezetojet\/#primaryimage"},"thumbnailUrl":"https:\/\/miklostv.com\/new\/wp-content\/uploads\/2021\/12\/Bajari_kinevezes.jpg","datePublished":"2021-12-01T16:07:41+00:00","dateModified":"2023-02-08T21:33:02+00:00","author":{"@id":"https:\/\/miklostv.com\/new\/#\/schema\/person\/6339cdd0bbd336ec6345812e3958be3b"},"breadcrumb":{"@id":"https:\/\/miklostv.com\/new\/2021\/12\/01\/kineveztek-a-torokszentmiklosi-rendorkapitanysag-vezetojet\/#breadcrumb"},"inLanguage":"hu","potentialAction":[{"@type":"ReadAction","target":["https:\/\/miklostv.com\/new\/2021\/12\/01\/kineveztek-a-torokszentmiklosi-rendorkapitanysag-vezetojet\/"]}]},{"@type":"ImageObject","inLanguage":"hu","@id":"https:\/\/miklostv.com\/new\/2021\/12\/01\/kineveztek-a-torokszentmiklosi-rendorkapitanysag-vezetojet\/#primaryimage","url":"https:\/\/miklostv.com\/new\/wp-content\/uploads\/2021\/12\/Bajari_kinevezes.jpg","contentUrl":"https:\/\/miklostv.com\/new\/wp-content\/uploads\/2021\/12\/Bajari_kinevezes.jpg","width":1024,"height":536,"caption":"Baj\u00e1ri kinevez\u00e9s"},{"@type":"BreadcrumbList","@id":"https:\/\/miklostv.com\/new\/2021\/12\/01\/kineveztek-a-torokszentmiklosi-rendorkapitanysag-vezetojet\/#breadcrumb","itemListElement":[{"@type":"ListItem","position":1,"name":"Kezd\u0151lap","item":"https:\/\/miklostv.com\/new\/"},{"@type":"ListItem","position":2,"name":"Kinevezt\u00e9k a T\u00f6r\u00f6kszentmikl\u00f3si Rend\u0151rkapit\u00e1nys\u00e1g vezet\u0151j\u00e9t"}]},{"@type":"WebSite","@id":"https:\/\/miklostv.com\/new\/#website","url":"https:\/\/miklostv.com\/new\/","name":"Mikl\u00f3s TV","description":"Mikl\u00f3s TV","potentialAction":[{"@type":"SearchAction","target":{"@type":"EntryPoint","urlTemplate":"https:\/\/miklostv.com\/new\/?s={search_term_string}"},"query-input":{"@type":"PropertyValueSpecification","valueRequired":true,"valueName":"search_term_string"}}],"inLanguage":"hu"},{"@type":"Person","@id":"https:\/\/miklostv.com\/new\/#\/schema\/person\/6339cdd0bbd336ec6345812e3958be3b","name":"S\u00e1ndor","sameAs":["https:\/\/miklostv.com\/new"],"url":"https:\/\/miklostv.com\/new\/author\/sanyi\/"}]}},"_links":{"self":[{"href":"https:\/\/miklostv.com\/new\/wp-json\/wp\/v2\/posts\/4658","targetHints":{"allow":["GET"]}}],"collection":[{"href":"https:\/\/miklostv.com\/new\/wp-json\/wp\/v2\/posts"}],"about":[{"href":"https:\/\/miklostv.com\/new\/wp-json\/wp\/v2\/types\/post"}],"author":[{"embeddable":true,"href":"https:\/\/miklostv.com\/new\/wp-json\/wp\/v2\/users\/1"}],"replies":[{"embeddable":true,"href":"https:\/\/miklostv.com\/new\/wp-json\/wp\/v2\/comments?post=4658"}],"version-history":[{"count":1,"href":"https:\/\/miklostv.com\/new\/wp-json\/wp\/v2\/posts\/4658\/revisions"}],"predecessor-version":[{"id":7826,"href":"https:\/\/miklostv.com\/new\/wp-json\/wp\/v2\/posts\/4658\/revisions\/7826"}],"wp:featuredmedia":[{"embeddable":true,"href":"https:\/\/miklostv.com\/new\/wp-json\/wp\/v2\/media\/4657"}],"wp:attachment":[{"href":"https:\/\/miklostv.com\/new\/wp-json\/wp\/v2\/media?parent=4658"}],"wp:term":[{"taxonomy":"category","embeddable":true,"href":"https:\/\/miklostv.com\/new\/wp-json\/wp\/v2\/categories?post=4658"},{"taxonomy":"post_tag","embeddable":true,"href":"https:\/\/miklostv.com\/new\/wp-json\/wp\/v2\/tags?post=4658"}],"curies":[{"name":"wp","href":"https:\/\/api.w.org\/{rel}","templated":true}]}}