{"id":4654,"date":"2021-11-12T12:55:01","date_gmt":"2021-11-12T12:55:01","guid":{"rendered":"https:\/\/miklostv.com\/new\/2021\/11\/12\/palyaorientacios-napot-tartottak-a-szekacsban\/"},"modified":"2023-02-08T21:31:33","modified_gmt":"2023-02-08T21:31:33","slug":"palyaorientacios-napot-tartottak-a-szekacsban","status":"publish","type":"post","link":"https:\/\/miklostv.com\/new\/2021\/11\/12\/palyaorientacios-napot-tartottak-a-szekacsban\/","title":{"rendered":"P\u00e1lyaorient\u00e1ci\u00f3s napot tartottak a Sz\u00e9k\u00e1csban"},"content":{"rendered":"\n<p><span style=\"font-size: 12pt;\"><strong>A nagy m\u00falt\u00fa oktat\u00e1si int\u00e9zm\u00e9nyben p\u00e1lyav\u00e1laszt\u00e1s el\u0151tt \u00e1ll\u00f3 \u00e1ltal\u00e1nos iskol\u00e1s di\u00e1kokat fogadtak.<\/strong><\/span><\/p>\n\n\n\n<p>T\u00f6bb, mint 10 helysz\u00ednen, j\u00e1t\u00e9kos feladatokkal mutatt\u00e1k be az iskola sz\u00ednes k\u00e9pz\u00e9si palett\u00e1j\u00e1t, de emellett egyes szabadid\u0151s tev\u00e9kenys\u00e9gb\u0151l is adtak \u00edzel\u00edt\u0151t.<\/p>\n\n\n\n<figure class=\"wp-block-embed is-type-video is-provider-youtube wp-block-embed-youtube wp-embed-aspect-16-9 wp-has-aspect-ratio\"><div class=\"wp-block-embed__wrapper\">\n<iframe  id=\"_ytid_30060\"  width=\"800\" height=\"450\"  data-origwidth=\"800\" data-origheight=\"450\" src=\"https:\/\/www.youtube.com\/embed\/U6ceL0-bYrM?enablejsapi=1&#038;autoplay=0&#038;cc_load_policy=0&#038;cc_lang_pref=hu&#038;iv_load_policy=1&#038;loop=0&#038;rel=1&#038;fs=1&#038;playsinline=1&#038;autohide=2&#038;theme=dark&#038;color=red&#038;controls=1&#038;disablekb=0&#038;\" class=\"__youtube_prefs__  epyt-is-override  no-lazyload\" title=\"YouTube player\"  allow=\"fullscreen; accelerometer; autoplay; clipboard-write; encrypted-media; gyroscope; picture-in-picture; web-share\" referrerpolicy=\"strict-origin-when-cross-origin\" allowfullscreen data-no-lazy=\"1\" data-skipgform_ajax_framebjll=\"\"><\/iframe>\n<\/div><\/figure>\n","protected":false},"excerpt":{"rendered":"<p>A nagy m\u00falt\u00fa oktat\u00e1si int\u00e9zm\u00e9nyben p\u00e1lyav\u00e1laszt\u00e1s el\u0151tt \u00e1ll\u00f3 \u00e1ltal\u00e1nos iskol\u00e1s di\u00e1kokat fogadtak. T\u00f6bb, mint 10 helysz\u00ednen, j\u00e1t\u00e9kos feladatokkal mutatt\u00e1k be az iskola sz\u00ednes k\u00e9pz\u00e9si palett\u00e1j\u00e1t, de emellett egyes szabadid\u0151s tev\u00e9kenys\u00e9gb\u0151l is adtak \u00edzel\u00edt\u0151t.<\/p>\n","protected":false},"author":1,"featured_media":4653,"comment_status":"open","ping_status":"open","sticky":false,"template":"","format":"standard","meta":{"fifu_image_url":"","fifu_image_alt":"","footnotes":""},"categories":[32],"tags":[],"class_list":["post-4654","post","type-post","status-publish","format-standard","has-post-thumbnail","hentry","category-hirek2"],"gutentor_comment":0,"yoast_head":"<!-- This site is optimized with the Yoast SEO plugin v27.5 - https:\/\/yoast.com\/product\/yoast-seo-wordpress\/ -->\n<title>P\u00e1lyaorient\u00e1ci\u00f3s napot tartottak a Sz\u00e9k\u00e1csban - Mikl\u00f3s TV<\/title>\n<meta name=\"robots\" content=\"index, follow, max-snippet:-1, max-image-preview:large, max-video-preview:-1\" \/>\n<link rel=\"canonical\" href=\"https:\/\/miklostv.com\/new\/2021\/11\/12\/palyaorientacios-napot-tartottak-a-szekacsban\/\" \/>\n<meta property=\"og:locale\" content=\"hu_HU\" \/>\n<meta property=\"og:type\" content=\"article\" \/>\n<meta property=\"og:title\" content=\"P\u00e1lyaorient\u00e1ci\u00f3s napot tartottak a Sz\u00e9k\u00e1csban - Mikl\u00f3s TV\" \/>\n<meta property=\"og:description\" content=\"A nagy m\u00falt\u00fa oktat\u00e1si int\u00e9zm\u00e9nyben p\u00e1lyav\u00e1laszt\u00e1s el\u0151tt \u00e1ll\u00f3 \u00e1ltal\u00e1nos iskol\u00e1s di\u00e1kokat fogadtak. T\u00f6bb, mint 10 helysz\u00ednen, j\u00e1t\u00e9kos feladatokkal mutatt\u00e1k be az iskola sz\u00ednes k\u00e9pz\u00e9si palett\u00e1j\u00e1t, de emellett egyes szabadid\u0151s tev\u00e9kenys\u00e9gb\u0151l is adtak \u00edzel\u00edt\u0151t.\" \/>\n<meta property=\"og:url\" content=\"https:\/\/miklostv.com\/new\/2021\/11\/12\/palyaorientacios-napot-tartottak-a-szekacsban\/\" \/>\n<meta property=\"og:site_name\" content=\"Mikl\u00f3s TV\" \/>\n<meta property=\"article:published_time\" content=\"2021-11-12T12:55:01+00:00\" \/>\n<meta property=\"article:modified_time\" content=\"2023-02-08T21:31:33+00:00\" \/>\n<meta property=\"og:image\" content=\"https:\/\/miklostv.com\/new\/wp-content\/uploads\/2021\/11\/IMG_0411.jpg\" \/>\n\t<meta property=\"og:image:width\" content=\"1023\" \/>\n\t<meta property=\"og:image:height\" content=\"682\" \/>\n\t<meta property=\"og:image:type\" content=\"image\/jpeg\" \/>\n<meta name=\"author\" content=\"S\u00e1ndor\" \/>\n<meta name=\"twitter:card\" content=\"summary_large_image\" \/>\n<meta name=\"twitter:label1\" content=\"Szerz\u0151:\" \/>\n\t<meta name=\"twitter:data1\" content=\"S\u00e1ndor\" \/>\n\t<meta name=\"twitter:label2\" content=\"Becs\u00fclt olvas\u00e1si id\u0151\" \/>\n\t<meta name=\"twitter:data2\" content=\"1 perc\" \/>\n<script type=\"application\/ld+json\" class=\"yoast-schema-graph\">{\"@context\":\"https:\\\/\\\/schema.org\",\"@graph\":[{\"@type\":\"NewsArticle\",\"@id\":\"https:\\\/\\\/miklostv.com\\\/new\\\/2021\\\/11\\\/12\\\/palyaorientacios-napot-tartottak-a-szekacsban\\\/#article\",\"isPartOf\":{\"@id\":\"https:\\\/\\\/miklostv.com\\\/new\\\/2021\\\/11\\\/12\\\/palyaorientacios-napot-tartottak-a-szekacsban\\\/\"},\"author\":{\"name\":\"S\u00e1ndor\",\"@id\":\"https:\\\/\\\/miklostv.com\\\/new\\\/#\\\/schema\\\/person\\\/6339cdd0bbd336ec6345812e3958be3b\"},\"headline\":\"P\u00e1lyaorient\u00e1ci\u00f3s napot tartottak a Sz\u00e9k\u00e1csban\",\"datePublished\":\"2021-11-12T12:55:01+00:00\",\"dateModified\":\"2023-02-08T21:31:33+00:00\",\"mainEntityOfPage\":{\"@id\":\"https:\\\/\\\/miklostv.com\\\/new\\\/2021\\\/11\\\/12\\\/palyaorientacios-napot-tartottak-a-szekacsban\\\/\"},\"wordCount\":75,\"commentCount\":0,\"image\":{\"@id\":\"https:\\\/\\\/miklostv.com\\\/new\\\/2021\\\/11\\\/12\\\/palyaorientacios-napot-tartottak-a-szekacsban\\\/#primaryimage\"},\"thumbnailUrl\":\"https:\\\/\\\/miklostv.com\\\/new\\\/wp-content\\\/uploads\\\/2021\\\/11\\\/IMG_0411.jpg\",\"articleSection\":[\"A l\u00e9nyeg r\u00f6viden\"],\"inLanguage\":\"hu\"},{\"@type\":\"WebPage\",\"@id\":\"https:\\\/\\\/miklostv.com\\\/new\\\/2021\\\/11\\\/12\\\/palyaorientacios-napot-tartottak-a-szekacsban\\\/\",\"url\":\"https:\\\/\\\/miklostv.com\\\/new\\\/2021\\\/11\\\/12\\\/palyaorientacios-napot-tartottak-a-szekacsban\\\/\",\"name\":\"P\u00e1lyaorient\u00e1ci\u00f3s napot tartottak a Sz\u00e9k\u00e1csban - Mikl\u00f3s TV\",\"isPartOf\":{\"@id\":\"https:\\\/\\\/miklostv.com\\\/new\\\/#website\"},\"primaryImageOfPage\":{\"@id\":\"https:\\\/\\\/miklostv.com\\\/new\\\/2021\\\/11\\\/12\\\/palyaorientacios-napot-tartottak-a-szekacsban\\\/#primaryimage\"},\"image\":{\"@id\":\"https:\\\/\\\/miklostv.com\\\/new\\\/2021\\\/11\\\/12\\\/palyaorientacios-napot-tartottak-a-szekacsban\\\/#primaryimage\"},\"thumbnailUrl\":\"https:\\\/\\\/miklostv.com\\\/new\\\/wp-content\\\/uploads\\\/2021\\\/11\\\/IMG_0411.jpg\",\"datePublished\":\"2021-11-12T12:55:01+00:00\",\"dateModified\":\"2023-02-08T21:31:33+00:00\",\"author\":{\"@id\":\"https:\\\/\\\/miklostv.com\\\/new\\\/#\\\/schema\\\/person\\\/6339cdd0bbd336ec6345812e3958be3b\"},\"breadcrumb\":{\"@id\":\"https:\\\/\\\/miklostv.com\\\/new\\\/2021\\\/11\\\/12\\\/palyaorientacios-napot-tartottak-a-szekacsban\\\/#breadcrumb\"},\"inLanguage\":\"hu\",\"potentialAction\":[{\"@type\":\"ReadAction\",\"target\":[\"https:\\\/\\\/miklostv.com\\\/new\\\/2021\\\/11\\\/12\\\/palyaorientacios-napot-tartottak-a-szekacsban\\\/\"]}]},{\"@type\":\"ImageObject\",\"inLanguage\":\"hu\",\"@id\":\"https:\\\/\\\/miklostv.com\\\/new\\\/2021\\\/11\\\/12\\\/palyaorientacios-napot-tartottak-a-szekacsban\\\/#primaryimage\",\"url\":\"https:\\\/\\\/miklostv.com\\\/new\\\/wp-content\\\/uploads\\\/2021\\\/11\\\/IMG_0411.jpg\",\"contentUrl\":\"https:\\\/\\\/miklostv.com\\\/new\\\/wp-content\\\/uploads\\\/2021\\\/11\\\/IMG_0411.jpg\",\"width\":1023,\"height\":682,\"caption\":\"IMG 0411\"},{\"@type\":\"BreadcrumbList\",\"@id\":\"https:\\\/\\\/miklostv.com\\\/new\\\/2021\\\/11\\\/12\\\/palyaorientacios-napot-tartottak-a-szekacsban\\\/#breadcrumb\",\"itemListElement\":[{\"@type\":\"ListItem\",\"position\":1,\"name\":\"Kezd\u0151lap\",\"item\":\"https:\\\/\\\/miklostv.com\\\/new\\\/\"},{\"@type\":\"ListItem\",\"position\":2,\"name\":\"P\u00e1lyaorient\u00e1ci\u00f3s napot tartottak a Sz\u00e9k\u00e1csban\"}]},{\"@type\":\"WebSite\",\"@id\":\"https:\\\/\\\/miklostv.com\\\/new\\\/#website\",\"url\":\"https:\\\/\\\/miklostv.com\\\/new\\\/\",\"name\":\"Mikl\u00f3s TV\",\"description\":\"Mikl\u00f3s TV\",\"potentialAction\":[{\"@type\":\"SearchAction\",\"target\":{\"@type\":\"EntryPoint\",\"urlTemplate\":\"https:\\\/\\\/miklostv.com\\\/new\\\/?s={search_term_string}\"},\"query-input\":{\"@type\":\"PropertyValueSpecification\",\"valueRequired\":true,\"valueName\":\"search_term_string\"}}],\"inLanguage\":\"hu\"},{\"@type\":\"Person\",\"@id\":\"https:\\\/\\\/miklostv.com\\\/new\\\/#\\\/schema\\\/person\\\/6339cdd0bbd336ec6345812e3958be3b\",\"name\":\"S\u00e1ndor\",\"sameAs\":[\"https:\\\/\\\/miklostv.com\\\/new\"],\"url\":\"https:\\\/\\\/miklostv.com\\\/new\\\/author\\\/sanyi\\\/\"}]}<\/script>\n<!-- \/ Yoast SEO plugin. -->","yoast_head_json":{"title":"P\u00e1lyaorient\u00e1ci\u00f3s napot tartottak a Sz\u00e9k\u00e1csban - Mikl\u00f3s TV","robots":{"index":"index","follow":"follow","max-snippet":"max-snippet:-1","max-image-preview":"max-image-preview:large","max-video-preview":"max-video-preview:-1"},"canonical":"https:\/\/miklostv.com\/new\/2021\/11\/12\/palyaorientacios-napot-tartottak-a-szekacsban\/","og_locale":"hu_HU","og_type":"article","og_title":"P\u00e1lyaorient\u00e1ci\u00f3s napot tartottak a Sz\u00e9k\u00e1csban - Mikl\u00f3s TV","og_description":"A nagy m\u00falt\u00fa oktat\u00e1si int\u00e9zm\u00e9nyben p\u00e1lyav\u00e1laszt\u00e1s el\u0151tt \u00e1ll\u00f3 \u00e1ltal\u00e1nos iskol\u00e1s di\u00e1kokat fogadtak. T\u00f6bb, mint 10 helysz\u00ednen, j\u00e1t\u00e9kos feladatokkal mutatt\u00e1k be az iskola sz\u00ednes k\u00e9pz\u00e9si palett\u00e1j\u00e1t, de emellett egyes szabadid\u0151s tev\u00e9kenys\u00e9gb\u0151l is adtak \u00edzel\u00edt\u0151t.","og_url":"https:\/\/miklostv.com\/new\/2021\/11\/12\/palyaorientacios-napot-tartottak-a-szekacsban\/","og_site_name":"Mikl\u00f3s TV","article_published_time":"2021-11-12T12:55:01+00:00","article_modified_time":"2023-02-08T21:31:33+00:00","og_image":[{"width":1023,"height":682,"url":"https:\/\/miklostv.com\/new\/wp-content\/uploads\/2021\/11\/IMG_0411.jpg","type":"image\/jpeg"}],"author":"S\u00e1ndor","twitter_card":"summary_large_image","twitter_misc":{"Szerz\u0151:":"S\u00e1ndor","Becs\u00fclt olvas\u00e1si id\u0151":"1 perc"},"schema":{"@context":"https:\/\/schema.org","@graph":[{"@type":"NewsArticle","@id":"https:\/\/miklostv.com\/new\/2021\/11\/12\/palyaorientacios-napot-tartottak-a-szekacsban\/#article","isPartOf":{"@id":"https:\/\/miklostv.com\/new\/2021\/11\/12\/palyaorientacios-napot-tartottak-a-szekacsban\/"},"author":{"name":"S\u00e1ndor","@id":"https:\/\/miklostv.com\/new\/#\/schema\/person\/6339cdd0bbd336ec6345812e3958be3b"},"headline":"P\u00e1lyaorient\u00e1ci\u00f3s napot tartottak a Sz\u00e9k\u00e1csban","datePublished":"2021-11-12T12:55:01+00:00","dateModified":"2023-02-08T21:31:33+00:00","mainEntityOfPage":{"@id":"https:\/\/miklostv.com\/new\/2021\/11\/12\/palyaorientacios-napot-tartottak-a-szekacsban\/"},"wordCount":75,"commentCount":0,"image":{"@id":"https:\/\/miklostv.com\/new\/2021\/11\/12\/palyaorientacios-napot-tartottak-a-szekacsban\/#primaryimage"},"thumbnailUrl":"https:\/\/miklostv.com\/new\/wp-content\/uploads\/2021\/11\/IMG_0411.jpg","articleSection":["A l\u00e9nyeg r\u00f6viden"],"inLanguage":"hu"},{"@type":"WebPage","@id":"https:\/\/miklostv.com\/new\/2021\/11\/12\/palyaorientacios-napot-tartottak-a-szekacsban\/","url":"https:\/\/miklostv.com\/new\/2021\/11\/12\/palyaorientacios-napot-tartottak-a-szekacsban\/","name":"P\u00e1lyaorient\u00e1ci\u00f3s napot tartottak a Sz\u00e9k\u00e1csban - Mikl\u00f3s TV","isPartOf":{"@id":"https:\/\/miklostv.com\/new\/#website"},"primaryImageOfPage":{"@id":"https:\/\/miklostv.com\/new\/2021\/11\/12\/palyaorientacios-napot-tartottak-a-szekacsban\/#primaryimage"},"image":{"@id":"https:\/\/miklostv.com\/new\/2021\/11\/12\/palyaorientacios-napot-tartottak-a-szekacsban\/#primaryimage"},"thumbnailUrl":"https:\/\/miklostv.com\/new\/wp-content\/uploads\/2021\/11\/IMG_0411.jpg","datePublished":"2021-11-12T12:55:01+00:00","dateModified":"2023-02-08T21:31:33+00:00","author":{"@id":"https:\/\/miklostv.com\/new\/#\/schema\/person\/6339cdd0bbd336ec6345812e3958be3b"},"breadcrumb":{"@id":"https:\/\/miklostv.com\/new\/2021\/11\/12\/palyaorientacios-napot-tartottak-a-szekacsban\/#breadcrumb"},"inLanguage":"hu","potentialAction":[{"@type":"ReadAction","target":["https:\/\/miklostv.com\/new\/2021\/11\/12\/palyaorientacios-napot-tartottak-a-szekacsban\/"]}]},{"@type":"ImageObject","inLanguage":"hu","@id":"https:\/\/miklostv.com\/new\/2021\/11\/12\/palyaorientacios-napot-tartottak-a-szekacsban\/#primaryimage","url":"https:\/\/miklostv.com\/new\/wp-content\/uploads\/2021\/11\/IMG_0411.jpg","contentUrl":"https:\/\/miklostv.com\/new\/wp-content\/uploads\/2021\/11\/IMG_0411.jpg","width":1023,"height":682,"caption":"IMG 0411"},{"@type":"BreadcrumbList","@id":"https:\/\/miklostv.com\/new\/2021\/11\/12\/palyaorientacios-napot-tartottak-a-szekacsban\/#breadcrumb","itemListElement":[{"@type":"ListItem","position":1,"name":"Kezd\u0151lap","item":"https:\/\/miklostv.com\/new\/"},{"@type":"ListItem","position":2,"name":"P\u00e1lyaorient\u00e1ci\u00f3s napot tartottak a Sz\u00e9k\u00e1csban"}]},{"@type":"WebSite","@id":"https:\/\/miklostv.com\/new\/#website","url":"https:\/\/miklostv.com\/new\/","name":"Mikl\u00f3s TV","description":"Mikl\u00f3s TV","potentialAction":[{"@type":"SearchAction","target":{"@type":"EntryPoint","urlTemplate":"https:\/\/miklostv.com\/new\/?s={search_term_string}"},"query-input":{"@type":"PropertyValueSpecification","valueRequired":true,"valueName":"search_term_string"}}],"inLanguage":"hu"},{"@type":"Person","@id":"https:\/\/miklostv.com\/new\/#\/schema\/person\/6339cdd0bbd336ec6345812e3958be3b","name":"S\u00e1ndor","sameAs":["https:\/\/miklostv.com\/new"],"url":"https:\/\/miklostv.com\/new\/author\/sanyi\/"}]}},"_links":{"self":[{"href":"https:\/\/miklostv.com\/new\/wp-json\/wp\/v2\/posts\/4654","targetHints":{"allow":["GET"]}}],"collection":[{"href":"https:\/\/miklostv.com\/new\/wp-json\/wp\/v2\/posts"}],"about":[{"href":"https:\/\/miklostv.com\/new\/wp-json\/wp\/v2\/types\/post"}],"author":[{"embeddable":true,"href":"https:\/\/miklostv.com\/new\/wp-json\/wp\/v2\/users\/1"}],"replies":[{"embeddable":true,"href":"https:\/\/miklostv.com\/new\/wp-json\/wp\/v2\/comments?post=4654"}],"version-history":[{"count":1,"href":"https:\/\/miklostv.com\/new\/wp-json\/wp\/v2\/posts\/4654\/revisions"}],"predecessor-version":[{"id":7823,"href":"https:\/\/miklostv.com\/new\/wp-json\/wp\/v2\/posts\/4654\/revisions\/7823"}],"wp:featuredmedia":[{"embeddable":true,"href":"https:\/\/miklostv.com\/new\/wp-json\/wp\/v2\/media\/4653"}],"wp:attachment":[{"href":"https:\/\/miklostv.com\/new\/wp-json\/wp\/v2\/media?parent=4654"}],"wp:term":[{"taxonomy":"category","embeddable":true,"href":"https:\/\/miklostv.com\/new\/wp-json\/wp\/v2\/categories?post=4654"},{"taxonomy":"post_tag","embeddable":true,"href":"https:\/\/miklostv.com\/new\/wp-json\/wp\/v2\/tags?post=4654"}],"curies":[{"name":"wp","href":"https:\/\/api.w.org\/{rel}","templated":true}]}}