{"id":4635,"date":"2021-09-16T11:26:49","date_gmt":"2021-09-16T11:26:49","guid":{"rendered":"https:\/\/miklostv.com\/new\/2021\/09\/16\/biciklit-emelt-el-torokszentmiklosi-ferfi\/"},"modified":"2023-02-08T21:26:59","modified_gmt":"2023-02-08T21:26:59","slug":"biciklit-emelt-el-torokszentmiklosi-ferfi","status":"publish","type":"post","link":"https:\/\/miklostv.com\/new\/2021\/09\/16\/biciklit-emelt-el-torokszentmiklosi-ferfi\/","title":{"rendered":"Biciklit emelt el a t\u00f6r\u00f6kszentmikl\u00f3si f\u00e9rfi"},"content":{"rendered":"\n<p><span style=\"font-size: 12pt;\"><strong>Ismeretlen szem\u00e9ly vitt el egy lez\u00e1ratlan \u00e1llapotban hagyott elektromos ker\u00e9kp\u00e1rt 2021. szeptember 14-\u00e9n 19 \u00f3ra \u00e9s 2021 szeptember 15-\u00e9n 5 \u00f3ra k\u00f6z\u00f6tt egy t\u00f6r\u00f6kszentmikl\u00f3si l\u00e9pcs\u0151h\u00e1z el\u0151l.<\/strong><\/span><\/p>\n\n\n\n<p>A rend\u0151r\u00f6k az adatgy\u0171jt\u00e9st \u00e9s tan\u00fakutat\u00e1st k\u00f6vet\u0151en azonos\u00edtott\u00e1k \u00e9s el\u0151\u00e1ll\u00edtott\u00e1k a T\u00f6r\u00f6kszentmikl\u00f3si Rend\u0151rkapit\u00e1nys\u00e1gra a b\u0171ncselekm\u00e9ny elk\u00f6vet\u00e9s\u00e9vel megalapozottan gyan\u00fas\u00edthat\u00f3 f\u00e9rfit. Kihallgat\u00e1sa sor\u00e1n a 34 \u00e9ves helyi lakos beismer\u0151 vallom\u00e1st tett. A nyomoz\u00f3k a jogs\u00e9rt\u0151 f\u00e9rfi \u0151rizetbe v\u00e9tel\u00e9r\u0151l hat\u00e1roztak, az eltulajdon\u00edtott &#8211; r\u00e9szben sz\u00e9tszerelt, alkatr\u00e9szhi\u00e1nyos &#8211; elektromos ker\u00e9kp\u00e1rt megtal\u00e1lt\u00e1k \u00e9s lefoglalt\u00e1k.<\/p>\n\n\n\n<p>A T\u00f6r\u00f6kszentmikl\u00f3si Rend\u0151rkapit\u00e1nys\u00e1g lop\u00e1s v\u00e9ts\u00e9g elk\u00f6vet\u00e9s\u00e9nek megalapozott gyan\u00faja miatt folytat elj\u00e1r\u00e1st.<\/p>\n\n\n\n<p>forr\u00e1s: <a href=\"http:\/\/www.police.hu\/hu\/hirek-es-informaciok\/legfrissebb-hireink\/helyi-hirek\/biciklit-emelt-el-egy-torokszentmiklosi-ferfi\" target=\"_blank\" rel=\"noopener\">police.hu<br><\/a><\/p>\n\n\n<div class=\"wp-block-image\">\n<figure class=\"aligncenter\"><img decoding=\"async\" src=\"https:\/\/miklostv.com\/new\/wp-content\/uploads\/2021\/09\/bringa_14.jpg\" alt=\"\"\/><\/figure>\n<\/div>","protected":false},"excerpt":{"rendered":"<p>Ismeretlen szem\u00e9ly vitt el egy lez\u00e1ratlan \u00e1llapotban hagyott elektromos ker\u00e9kp\u00e1rt 2021. szeptember 14-\u00e9n 19 \u00f3ra \u00e9s 2021 szeptember 15-\u00e9n 5 \u00f3ra k\u00f6z\u00f6tt egy t\u00f6r\u00f6kszentmikl\u00f3si l\u00e9pcs\u0151h\u00e1z el\u0151l. A rend\u0151r\u00f6k az adatgy\u0171jt\u00e9st \u00e9s tan\u00fakutat\u00e1st k\u00f6vet\u0151en azonos\u00edtott\u00e1k \u00e9s el\u0151\u00e1ll\u00edtott\u00e1k a T\u00f6r\u00f6kszentmikl\u00f3si Rend\u0151rkapit\u00e1nys\u00e1gra a b\u0171ncselekm\u00e9ny elk\u00f6vet\u00e9s\u00e9vel megalapozottan gyan\u00fas\u00edthat\u00f3 f\u00e9rfit. Kihallgat\u00e1sa sor\u00e1n a 34 \u00e9ves helyi lakos beismer\u0151 vallom\u00e1st tett. A nyomoz\u00f3k a jogs\u00e9rt\u0151 f\u00e9rfi \u0151rizetbe v\u00e9tel\u00e9r\u0151l hat\u00e1roztak, az eltulajdon\u00edtott &#8211; r\u00e9szben sz\u00e9tszerelt, alkatr\u00e9szhi\u00e1nyos &#8211; elektromos ker\u00e9kp\u00e1rt megtal\u00e1lt\u00e1k \u00e9s lefoglalt\u00e1k. A T\u00f6r\u00f6kszentmikl\u00f3si Rend\u0151rkapit\u00e1nys\u00e1g lop\u00e1s v\u00e9ts\u00e9g elk\u00f6vet\u00e9s\u00e9nek megalapozott gyan\u00faja miatt folytat elj\u00e1r\u00e1st. forr\u00e1s: police.hu<\/p>\n","protected":false},"author":1,"featured_media":4634,"comment_status":"open","ping_status":"open","sticky":false,"template":"","format":"standard","meta":{"fifu_image_url":"","fifu_image_alt":"","footnotes":""},"categories":[32],"tags":[],"class_list":["post-4635","post","type-post","status-publish","format-standard","has-post-thumbnail","hentry","category-hirek2"],"gutentor_comment":0,"yoast_head":"<!-- This site is optimized with the Yoast SEO plugin v27.5 - https:\/\/yoast.com\/product\/yoast-seo-wordpress\/ -->\n<title>Biciklit emelt el a t\u00f6r\u00f6kszentmikl\u00f3si f\u00e9rfi - Mikl\u00f3s TV<\/title>\n<meta name=\"robots\" content=\"index, follow, max-snippet:-1, max-image-preview:large, max-video-preview:-1\" \/>\n<link rel=\"canonical\" href=\"https:\/\/miklostv.com\/new\/2021\/09\/16\/biciklit-emelt-el-torokszentmiklosi-ferfi\/\" \/>\n<meta property=\"og:locale\" content=\"hu_HU\" \/>\n<meta property=\"og:type\" content=\"article\" \/>\n<meta property=\"og:title\" content=\"Biciklit emelt el a t\u00f6r\u00f6kszentmikl\u00f3si f\u00e9rfi - Mikl\u00f3s TV\" \/>\n<meta property=\"og:description\" content=\"Ismeretlen szem\u00e9ly vitt el egy lez\u00e1ratlan \u00e1llapotban hagyott elektromos ker\u00e9kp\u00e1rt 2021. szeptember 14-\u00e9n 19 \u00f3ra \u00e9s 2021 szeptember 15-\u00e9n 5 \u00f3ra k\u00f6z\u00f6tt egy t\u00f6r\u00f6kszentmikl\u00f3si l\u00e9pcs\u0151h\u00e1z el\u0151l. A rend\u0151r\u00f6k az adatgy\u0171jt\u00e9st \u00e9s tan\u00fakutat\u00e1st k\u00f6vet\u0151en azonos\u00edtott\u00e1k \u00e9s el\u0151\u00e1ll\u00edtott\u00e1k a T\u00f6r\u00f6kszentmikl\u00f3si Rend\u0151rkapit\u00e1nys\u00e1gra a b\u0171ncselekm\u00e9ny elk\u00f6vet\u00e9s\u00e9vel megalapozottan gyan\u00fas\u00edthat\u00f3 f\u00e9rfit. Kihallgat\u00e1sa sor\u00e1n a 34 \u00e9ves helyi lakos beismer\u0151 vallom\u00e1st tett. A nyomoz\u00f3k a jogs\u00e9rt\u0151 f\u00e9rfi \u0151rizetbe v\u00e9tel\u00e9r\u0151l hat\u00e1roztak, az eltulajdon\u00edtott &#8211; r\u00e9szben sz\u00e9tszerelt, alkatr\u00e9szhi\u00e1nyos &#8211; elektromos ker\u00e9kp\u00e1rt megtal\u00e1lt\u00e1k \u00e9s lefoglalt\u00e1k. A T\u00f6r\u00f6kszentmikl\u00f3si Rend\u0151rkapit\u00e1nys\u00e1g lop\u00e1s v\u00e9ts\u00e9g elk\u00f6vet\u00e9s\u00e9nek megalapozott gyan\u00faja miatt folytat elj\u00e1r\u00e1st. forr\u00e1s: police.hu\" \/>\n<meta property=\"og:url\" content=\"https:\/\/miklostv.com\/new\/2021\/09\/16\/biciklit-emelt-el-torokszentmiklosi-ferfi\/\" \/>\n<meta property=\"og:site_name\" content=\"Mikl\u00f3s TV\" \/>\n<meta property=\"article:published_time\" content=\"2021-09-16T11:26:49+00:00\" \/>\n<meta property=\"article:modified_time\" content=\"2023-02-08T21:26:59+00:00\" \/>\n<meta property=\"og:image\" content=\"https:\/\/miklostv.com\/new\/wp-content\/uploads\/2021\/09\/bringa_14.jpg\" \/>\n\t<meta property=\"og:image:width\" content=\"376\" \/>\n\t<meta property=\"og:image:height\" content=\"250\" \/>\n\t<meta property=\"og:image:type\" content=\"image\/jpeg\" \/>\n<meta name=\"author\" content=\"S\u00e1ndor\" \/>\n<meta name=\"twitter:card\" content=\"summary_large_image\" \/>\n<meta name=\"twitter:label1\" content=\"Szerz\u0151:\" \/>\n\t<meta name=\"twitter:data1\" content=\"S\u00e1ndor\" \/>\n\t<meta name=\"twitter:label2\" content=\"Becs\u00fclt olvas\u00e1si id\u0151\" \/>\n\t<meta name=\"twitter:data2\" content=\"1 perc\" \/>\n<script type=\"application\/ld+json\" class=\"yoast-schema-graph\">{\"@context\":\"https:\\\/\\\/schema.org\",\"@graph\":[{\"@type\":\"NewsArticle\",\"@id\":\"https:\\\/\\\/miklostv.com\\\/new\\\/2021\\\/09\\\/16\\\/biciklit-emelt-el-torokszentmiklosi-ferfi\\\/#article\",\"isPartOf\":{\"@id\":\"https:\\\/\\\/miklostv.com\\\/new\\\/2021\\\/09\\\/16\\\/biciklit-emelt-el-torokszentmiklosi-ferfi\\\/\"},\"author\":{\"name\":\"S\u00e1ndor\",\"@id\":\"https:\\\/\\\/miklostv.com\\\/new\\\/#\\\/schema\\\/person\\\/6339cdd0bbd336ec6345812e3958be3b\"},\"headline\":\"Biciklit emelt el a t\u00f6r\u00f6kszentmikl\u00f3si f\u00e9rfi\",\"datePublished\":\"2021-09-16T11:26:49+00:00\",\"dateModified\":\"2023-02-08T21:26:59+00:00\",\"mainEntityOfPage\":{\"@id\":\"https:\\\/\\\/miklostv.com\\\/new\\\/2021\\\/09\\\/16\\\/biciklit-emelt-el-torokszentmiklosi-ferfi\\\/\"},\"wordCount\":172,\"commentCount\":0,\"image\":{\"@id\":\"https:\\\/\\\/miklostv.com\\\/new\\\/2021\\\/09\\\/16\\\/biciklit-emelt-el-torokszentmiklosi-ferfi\\\/#primaryimage\"},\"thumbnailUrl\":\"https:\\\/\\\/miklostv.com\\\/new\\\/wp-content\\\/uploads\\\/2021\\\/09\\\/bringa_14.jpg\",\"articleSection\":[\"A l\u00e9nyeg r\u00f6viden\"],\"inLanguage\":\"hu\"},{\"@type\":\"WebPage\",\"@id\":\"https:\\\/\\\/miklostv.com\\\/new\\\/2021\\\/09\\\/16\\\/biciklit-emelt-el-torokszentmiklosi-ferfi\\\/\",\"url\":\"https:\\\/\\\/miklostv.com\\\/new\\\/2021\\\/09\\\/16\\\/biciklit-emelt-el-torokszentmiklosi-ferfi\\\/\",\"name\":\"Biciklit emelt el a t\u00f6r\u00f6kszentmikl\u00f3si f\u00e9rfi - Mikl\u00f3s TV\",\"isPartOf\":{\"@id\":\"https:\\\/\\\/miklostv.com\\\/new\\\/#website\"},\"primaryImageOfPage\":{\"@id\":\"https:\\\/\\\/miklostv.com\\\/new\\\/2021\\\/09\\\/16\\\/biciklit-emelt-el-torokszentmiklosi-ferfi\\\/#primaryimage\"},\"image\":{\"@id\":\"https:\\\/\\\/miklostv.com\\\/new\\\/2021\\\/09\\\/16\\\/biciklit-emelt-el-torokszentmiklosi-ferfi\\\/#primaryimage\"},\"thumbnailUrl\":\"https:\\\/\\\/miklostv.com\\\/new\\\/wp-content\\\/uploads\\\/2021\\\/09\\\/bringa_14.jpg\",\"datePublished\":\"2021-09-16T11:26:49+00:00\",\"dateModified\":\"2023-02-08T21:26:59+00:00\",\"author\":{\"@id\":\"https:\\\/\\\/miklostv.com\\\/new\\\/#\\\/schema\\\/person\\\/6339cdd0bbd336ec6345812e3958be3b\"},\"breadcrumb\":{\"@id\":\"https:\\\/\\\/miklostv.com\\\/new\\\/2021\\\/09\\\/16\\\/biciklit-emelt-el-torokszentmiklosi-ferfi\\\/#breadcrumb\"},\"inLanguage\":\"hu\",\"potentialAction\":[{\"@type\":\"ReadAction\",\"target\":[\"https:\\\/\\\/miklostv.com\\\/new\\\/2021\\\/09\\\/16\\\/biciklit-emelt-el-torokszentmiklosi-ferfi\\\/\"]}]},{\"@type\":\"ImageObject\",\"inLanguage\":\"hu\",\"@id\":\"https:\\\/\\\/miklostv.com\\\/new\\\/2021\\\/09\\\/16\\\/biciklit-emelt-el-torokszentmiklosi-ferfi\\\/#primaryimage\",\"url\":\"https:\\\/\\\/miklostv.com\\\/new\\\/wp-content\\\/uploads\\\/2021\\\/09\\\/bringa_14.jpg\",\"contentUrl\":\"https:\\\/\\\/miklostv.com\\\/new\\\/wp-content\\\/uploads\\\/2021\\\/09\\\/bringa_14.jpg\",\"width\":376,\"height\":250,\"caption\":\"bringa 14\"},{\"@type\":\"BreadcrumbList\",\"@id\":\"https:\\\/\\\/miklostv.com\\\/new\\\/2021\\\/09\\\/16\\\/biciklit-emelt-el-torokszentmiklosi-ferfi\\\/#breadcrumb\",\"itemListElement\":[{\"@type\":\"ListItem\",\"position\":1,\"name\":\"Kezd\u0151lap\",\"item\":\"https:\\\/\\\/miklostv.com\\\/new\\\/\"},{\"@type\":\"ListItem\",\"position\":2,\"name\":\"Biciklit emelt el a t\u00f6r\u00f6kszentmikl\u00f3si f\u00e9rfi\"}]},{\"@type\":\"WebSite\",\"@id\":\"https:\\\/\\\/miklostv.com\\\/new\\\/#website\",\"url\":\"https:\\\/\\\/miklostv.com\\\/new\\\/\",\"name\":\"Mikl\u00f3s TV\",\"description\":\"Mikl\u00f3s TV\",\"potentialAction\":[{\"@type\":\"SearchAction\",\"target\":{\"@type\":\"EntryPoint\",\"urlTemplate\":\"https:\\\/\\\/miklostv.com\\\/new\\\/?s={search_term_string}\"},\"query-input\":{\"@type\":\"PropertyValueSpecification\",\"valueRequired\":true,\"valueName\":\"search_term_string\"}}],\"inLanguage\":\"hu\"},{\"@type\":\"Person\",\"@id\":\"https:\\\/\\\/miklostv.com\\\/new\\\/#\\\/schema\\\/person\\\/6339cdd0bbd336ec6345812e3958be3b\",\"name\":\"S\u00e1ndor\",\"sameAs\":[\"https:\\\/\\\/miklostv.com\\\/new\"],\"url\":\"https:\\\/\\\/miklostv.com\\\/new\\\/author\\\/sanyi\\\/\"}]}<\/script>\n<!-- \/ Yoast SEO plugin. -->","yoast_head_json":{"title":"Biciklit emelt el a t\u00f6r\u00f6kszentmikl\u00f3si f\u00e9rfi - Mikl\u00f3s TV","robots":{"index":"index","follow":"follow","max-snippet":"max-snippet:-1","max-image-preview":"max-image-preview:large","max-video-preview":"max-video-preview:-1"},"canonical":"https:\/\/miklostv.com\/new\/2021\/09\/16\/biciklit-emelt-el-torokszentmiklosi-ferfi\/","og_locale":"hu_HU","og_type":"article","og_title":"Biciklit emelt el a t\u00f6r\u00f6kszentmikl\u00f3si f\u00e9rfi - Mikl\u00f3s TV","og_description":"Ismeretlen szem\u00e9ly vitt el egy lez\u00e1ratlan \u00e1llapotban hagyott elektromos ker\u00e9kp\u00e1rt 2021. szeptember 14-\u00e9n 19 \u00f3ra \u00e9s 2021 szeptember 15-\u00e9n 5 \u00f3ra k\u00f6z\u00f6tt egy t\u00f6r\u00f6kszentmikl\u00f3si l\u00e9pcs\u0151h\u00e1z el\u0151l. A rend\u0151r\u00f6k az adatgy\u0171jt\u00e9st \u00e9s tan\u00fakutat\u00e1st k\u00f6vet\u0151en azonos\u00edtott\u00e1k \u00e9s el\u0151\u00e1ll\u00edtott\u00e1k a T\u00f6r\u00f6kszentmikl\u00f3si Rend\u0151rkapit\u00e1nys\u00e1gra a b\u0171ncselekm\u00e9ny elk\u00f6vet\u00e9s\u00e9vel megalapozottan gyan\u00fas\u00edthat\u00f3 f\u00e9rfit. Kihallgat\u00e1sa sor\u00e1n a 34 \u00e9ves helyi lakos beismer\u0151 vallom\u00e1st tett. A nyomoz\u00f3k a jogs\u00e9rt\u0151 f\u00e9rfi \u0151rizetbe v\u00e9tel\u00e9r\u0151l hat\u00e1roztak, az eltulajdon\u00edtott &#8211; r\u00e9szben sz\u00e9tszerelt, alkatr\u00e9szhi\u00e1nyos &#8211; elektromos ker\u00e9kp\u00e1rt megtal\u00e1lt\u00e1k \u00e9s lefoglalt\u00e1k. A T\u00f6r\u00f6kszentmikl\u00f3si Rend\u0151rkapit\u00e1nys\u00e1g lop\u00e1s v\u00e9ts\u00e9g elk\u00f6vet\u00e9s\u00e9nek megalapozott gyan\u00faja miatt folytat elj\u00e1r\u00e1st. forr\u00e1s: police.hu","og_url":"https:\/\/miklostv.com\/new\/2021\/09\/16\/biciklit-emelt-el-torokszentmiklosi-ferfi\/","og_site_name":"Mikl\u00f3s TV","article_published_time":"2021-09-16T11:26:49+00:00","article_modified_time":"2023-02-08T21:26:59+00:00","og_image":[{"width":376,"height":250,"url":"https:\/\/miklostv.com\/new\/wp-content\/uploads\/2021\/09\/bringa_14.jpg","type":"image\/jpeg"}],"author":"S\u00e1ndor","twitter_card":"summary_large_image","twitter_misc":{"Szerz\u0151:":"S\u00e1ndor","Becs\u00fclt olvas\u00e1si id\u0151":"1 perc"},"schema":{"@context":"https:\/\/schema.org","@graph":[{"@type":"NewsArticle","@id":"https:\/\/miklostv.com\/new\/2021\/09\/16\/biciklit-emelt-el-torokszentmiklosi-ferfi\/#article","isPartOf":{"@id":"https:\/\/miklostv.com\/new\/2021\/09\/16\/biciklit-emelt-el-torokszentmiklosi-ferfi\/"},"author":{"name":"S\u00e1ndor","@id":"https:\/\/miklostv.com\/new\/#\/schema\/person\/6339cdd0bbd336ec6345812e3958be3b"},"headline":"Biciklit emelt el a t\u00f6r\u00f6kszentmikl\u00f3si f\u00e9rfi","datePublished":"2021-09-16T11:26:49+00:00","dateModified":"2023-02-08T21:26:59+00:00","mainEntityOfPage":{"@id":"https:\/\/miklostv.com\/new\/2021\/09\/16\/biciklit-emelt-el-torokszentmiklosi-ferfi\/"},"wordCount":172,"commentCount":0,"image":{"@id":"https:\/\/miklostv.com\/new\/2021\/09\/16\/biciklit-emelt-el-torokszentmiklosi-ferfi\/#primaryimage"},"thumbnailUrl":"https:\/\/miklostv.com\/new\/wp-content\/uploads\/2021\/09\/bringa_14.jpg","articleSection":["A l\u00e9nyeg r\u00f6viden"],"inLanguage":"hu"},{"@type":"WebPage","@id":"https:\/\/miklostv.com\/new\/2021\/09\/16\/biciklit-emelt-el-torokszentmiklosi-ferfi\/","url":"https:\/\/miklostv.com\/new\/2021\/09\/16\/biciklit-emelt-el-torokszentmiklosi-ferfi\/","name":"Biciklit emelt el a t\u00f6r\u00f6kszentmikl\u00f3si f\u00e9rfi - Mikl\u00f3s TV","isPartOf":{"@id":"https:\/\/miklostv.com\/new\/#website"},"primaryImageOfPage":{"@id":"https:\/\/miklostv.com\/new\/2021\/09\/16\/biciklit-emelt-el-torokszentmiklosi-ferfi\/#primaryimage"},"image":{"@id":"https:\/\/miklostv.com\/new\/2021\/09\/16\/biciklit-emelt-el-torokszentmiklosi-ferfi\/#primaryimage"},"thumbnailUrl":"https:\/\/miklostv.com\/new\/wp-content\/uploads\/2021\/09\/bringa_14.jpg","datePublished":"2021-09-16T11:26:49+00:00","dateModified":"2023-02-08T21:26:59+00:00","author":{"@id":"https:\/\/miklostv.com\/new\/#\/schema\/person\/6339cdd0bbd336ec6345812e3958be3b"},"breadcrumb":{"@id":"https:\/\/miklostv.com\/new\/2021\/09\/16\/biciklit-emelt-el-torokszentmiklosi-ferfi\/#breadcrumb"},"inLanguage":"hu","potentialAction":[{"@type":"ReadAction","target":["https:\/\/miklostv.com\/new\/2021\/09\/16\/biciklit-emelt-el-torokszentmiklosi-ferfi\/"]}]},{"@type":"ImageObject","inLanguage":"hu","@id":"https:\/\/miklostv.com\/new\/2021\/09\/16\/biciklit-emelt-el-torokszentmiklosi-ferfi\/#primaryimage","url":"https:\/\/miklostv.com\/new\/wp-content\/uploads\/2021\/09\/bringa_14.jpg","contentUrl":"https:\/\/miklostv.com\/new\/wp-content\/uploads\/2021\/09\/bringa_14.jpg","width":376,"height":250,"caption":"bringa 14"},{"@type":"BreadcrumbList","@id":"https:\/\/miklostv.com\/new\/2021\/09\/16\/biciklit-emelt-el-torokszentmiklosi-ferfi\/#breadcrumb","itemListElement":[{"@type":"ListItem","position":1,"name":"Kezd\u0151lap","item":"https:\/\/miklostv.com\/new\/"},{"@type":"ListItem","position":2,"name":"Biciklit emelt el a t\u00f6r\u00f6kszentmikl\u00f3si f\u00e9rfi"}]},{"@type":"WebSite","@id":"https:\/\/miklostv.com\/new\/#website","url":"https:\/\/miklostv.com\/new\/","name":"Mikl\u00f3s TV","description":"Mikl\u00f3s TV","potentialAction":[{"@type":"SearchAction","target":{"@type":"EntryPoint","urlTemplate":"https:\/\/miklostv.com\/new\/?s={search_term_string}"},"query-input":{"@type":"PropertyValueSpecification","valueRequired":true,"valueName":"search_term_string"}}],"inLanguage":"hu"},{"@type":"Person","@id":"https:\/\/miklostv.com\/new\/#\/schema\/person\/6339cdd0bbd336ec6345812e3958be3b","name":"S\u00e1ndor","sameAs":["https:\/\/miklostv.com\/new"],"url":"https:\/\/miklostv.com\/new\/author\/sanyi\/"}]}},"_links":{"self":[{"href":"https:\/\/miklostv.com\/new\/wp-json\/wp\/v2\/posts\/4635","targetHints":{"allow":["GET"]}}],"collection":[{"href":"https:\/\/miklostv.com\/new\/wp-json\/wp\/v2\/posts"}],"about":[{"href":"https:\/\/miklostv.com\/new\/wp-json\/wp\/v2\/types\/post"}],"author":[{"embeddable":true,"href":"https:\/\/miklostv.com\/new\/wp-json\/wp\/v2\/users\/1"}],"replies":[{"embeddable":true,"href":"https:\/\/miklostv.com\/new\/wp-json\/wp\/v2\/comments?post=4635"}],"version-history":[{"count":1,"href":"https:\/\/miklostv.com\/new\/wp-json\/wp\/v2\/posts\/4635\/revisions"}],"predecessor-version":[{"id":7809,"href":"https:\/\/miklostv.com\/new\/wp-json\/wp\/v2\/posts\/4635\/revisions\/7809"}],"wp:featuredmedia":[{"embeddable":true,"href":"https:\/\/miklostv.com\/new\/wp-json\/wp\/v2\/media\/4634"}],"wp:attachment":[{"href":"https:\/\/miklostv.com\/new\/wp-json\/wp\/v2\/media?parent=4635"}],"wp:term":[{"taxonomy":"category","embeddable":true,"href":"https:\/\/miklostv.com\/new\/wp-json\/wp\/v2\/categories?post=4635"},{"taxonomy":"post_tag","embeddable":true,"href":"https:\/\/miklostv.com\/new\/wp-json\/wp\/v2\/tags?post=4635"}],"curies":[{"name":"wp","href":"https:\/\/api.w.org\/{rel}","templated":true}]}}