{"id":4632,"date":"2021-09-02T15:36:24","date_gmt":"2021-09-02T15:36:24","guid":{"rendered":"https:\/\/miklostv.com\/new\/2021\/09\/02\/balesethelyszinelok-versenyeztek-2\/"},"modified":"2023-02-08T21:24:42","modified_gmt":"2023-02-08T21:24:42","slug":"balesethelyszinelok-versenyeztek-2","status":"publish","type":"post","link":"https:\/\/miklostv.com\/new\/2021\/09\/02\/balesethelyszinelok-versenyeztek-2\/","title":{"rendered":"Balesethelysz\u00ednel\u0151k versenyeztek"},"content":{"rendered":"<p><span style=\"font-size: 12pt;\"><strong>A J\u00e1sz-Nagykun-Szolnok Megyei Balesetmegel\u0151z\u00e9si Bizotts\u00e1g 2021. szeptember 2-\u00e1n rendezte meg a X. Balesethelysz\u00ednel\u0151 Szakmai Verseny megyei d\u00f6nt\u0151j\u00e9t Szolnokon.<\/strong><\/span><\/p>\n<p>A verseny c\u00e9lja a baleseti helysz\u00ednel\u00e9st v\u00e9gz\u0151 rend\u0151r\u00f6k szakmai tud\u00e1s\u00e1nak elm\u00e9ly\u00edt\u00e9se volt. A rendezv\u00e9nyt Koszty\u00f3 G\u00e1bor rend\u0151r alezredes, a J\u00e1sz-Nagykun-Szolnok Megyei Rend\u0151r-f\u0151kapit\u00e1nys\u00e1g K\u00f6zleked\u00e9srend\u00e9szeti Oszt\u00e1ly\u00e1nak vezet\u0151je nyitotta meg.<\/p>\n<p>A verseny elm\u00e9leti \u00e9s gyakorlati feladatokb\u00f3l tev\u0151d\u00f6tt \u00f6ssze. Az elm\u00e9leti megm\u00e9rettet\u00e9sen a rend\u0151r\u00f6k KRESZ \u00e9s szakmai tesztlapot t\u00f6ltettek ki. A gyakorlati r\u00e9sz egy helysz\u00ednen t\u00f6rt\u00e9nt komplex baleset rekonstru\u00e1l\u00e1sa volt.<\/p>\n<p>A megyei d\u00f6nt\u0151 eredm\u00e9nyhirdet\u00e9s\u00e9n a d\u00edjakat Koszty\u00f3 G\u00e1bor rend\u0151r alezredes \u00e9s Dr. L\u00e1nczi Rajmund, a Szolnoki J\u00e1r\u00e1si \u00dcgy\u00e9szs\u00e9g csoportvezet\u0151 \u00fcgy\u00e9sze, tov\u00e1bb\u00e1 Dorogi Attila, a J\u00e1sz-Nagykun-Szolnok Megyei Korm\u00e1nyhivatal f\u0151oszt\u00e1lyvezet\u0151je adta \u00e1t, akik m\u00e9ltatt\u00e1k a versenyz\u0151k szakmai felk\u00e9sz\u00fclts\u00e9g\u00e9t. A megm\u00e9rettet\u00e9s els\u0151 helyezettje \u2013 imm\u00e1r sokadszor \u2013 R\u00e9kasi R\u00f3bert rend\u0151r t\u00f6rzsz\u00e1szl\u00f3s, a Szolnoki Rend\u0151rkapit\u00e1nys\u00e1g balesethelysz\u00ednel\u0151je lett, a m\u00e1sodik helyez\u00e9s\u00e9rt j\u00e1r\u00f3 serleget Varga Tam\u00e1s rend\u0151r f\u0151t\u00f6rzs\u0151rmester, a Szolnoki Rend\u0151rkapit\u00e1nys\u00e1g balesethelysz\u00ednel\u0151je vette \u00e1t, m\u00edg a verseny harmadik helyezettje Nyitrai P\u00e9ter rend\u0151r z\u00e1szl\u00f3s, Kunszentm\u00e1rtoni Rend\u0151rkapit\u00e1nys\u00e1g balesethelysz\u00ednel\u0151je lett.<\/p>\n<div>Az Orsz\u00e1gos Balesethelysz\u00ednel\u0151 Verseny d\u00f6nt\u0151j\u00e9t 2021. szeptember 21-23. k\u00f6z\u00f6tt rendezik meg B\u00e9k\u00e9s megy\u00e9ben, ahol a J\u00e1sz-Nagykun-Szolnok Megyei Rend\u0151r-f\u0151kapit\u00e1nys\u00e1got a megyei fordul\u00f3 els\u0151 k\u00e9t helyezettje k\u00e9pviseli.<p><\/p>\n<p>forr\u00e1s: <a href=\"http:\/\/www.police.hu\/hu\/hirek-es-informaciok\/baleset-megelozes\/aktualis\/balesethelyszinelok-versenyeztek#6\" target=\"_blank\" rel=\"noopener\">police.hu<\/a><\/p>\n<\/div>\n\n\n<figure class=\"wp-block-image\"><img decoding=\"async\" src=\"https:\/\/miklostv.com\/new\/wp-content\/uploads\/2021\/09\/helyszinelkok_versenye.jpg\" alt=\"\"\/><\/figure>\n","protected":false},"excerpt":{"rendered":"<p>A J\u00e1sz-Nagykun-Szolnok Megyei Balesetmegel\u0151z\u00e9si Bizotts\u00e1g 2021. szeptember 2-\u00e1n rendezte meg a X. Balesethelysz\u00ednel\u0151 Szakmai Verseny megyei d\u00f6nt\u0151j\u00e9t Szolnokon. A verseny c\u00e9lja a baleseti helysz\u00ednel\u00e9st v\u00e9gz\u0151 rend\u0151r\u00f6k szakmai tud\u00e1s\u00e1nak elm\u00e9ly\u00edt\u00e9se volt. A rendezv\u00e9nyt Koszty\u00f3 G\u00e1bor rend\u0151r alezredes, a J\u00e1sz-Nagykun-Szolnok Megyei Rend\u0151r-f\u0151kapit\u00e1nys\u00e1g K\u00f6zleked\u00e9srend\u00e9szeti Oszt\u00e1ly\u00e1nak vezet\u0151je nyitotta meg. A verseny elm\u00e9leti \u00e9s gyakorlati feladatokb\u00f3l tev\u0151d\u00f6tt \u00f6ssze. Az elm\u00e9leti megm\u00e9rettet\u00e9sen a rend\u0151r\u00f6k KRESZ \u00e9s szakmai tesztlapot t\u00f6ltettek ki. A gyakorlati r\u00e9sz egy helysz\u00ednen t\u00f6rt\u00e9nt komplex baleset rekonstru\u00e1l\u00e1sa volt. A megyei d\u00f6nt\u0151 eredm\u00e9nyhirdet\u00e9s\u00e9n a d\u00edjakat Koszty\u00f3 G\u00e1bor rend\u0151r alezredes \u00e9s Dr. L\u00e1nczi Rajmund, a Szolnoki&hellip;<\/p>\n","protected":false},"author":1,"featured_media":4631,"comment_status":"open","ping_status":"open","sticky":false,"template":"","format":"standard","meta":{"fifu_image_url":"","fifu_image_alt":"","footnotes":""},"categories":[32],"tags":[],"class_list":["post-4632","post","type-post","status-publish","format-standard","has-post-thumbnail","hentry","category-hirek2"],"gutentor_comment":0,"yoast_head":"<!-- This site is optimized with the Yoast SEO plugin v27.5 - https:\/\/yoast.com\/product\/yoast-seo-wordpress\/ -->\n<title>Balesethelysz\u00ednel\u0151k versenyeztek - Mikl\u00f3s TV<\/title>\n<meta name=\"robots\" content=\"index, follow, max-snippet:-1, max-image-preview:large, max-video-preview:-1\" \/>\n<link rel=\"canonical\" href=\"https:\/\/miklostv.com\/new\/2021\/09\/02\/balesethelyszinelok-versenyeztek-2\/\" \/>\n<meta property=\"og:locale\" content=\"hu_HU\" \/>\n<meta property=\"og:type\" content=\"article\" \/>\n<meta property=\"og:title\" content=\"Balesethelysz\u00ednel\u0151k versenyeztek - Mikl\u00f3s TV\" \/>\n<meta property=\"og:description\" content=\"A J\u00e1sz-Nagykun-Szolnok Megyei Balesetmegel\u0151z\u00e9si Bizotts\u00e1g 2021. szeptember 2-\u00e1n rendezte meg a X. Balesethelysz\u00ednel\u0151 Szakmai Verseny megyei d\u00f6nt\u0151j\u00e9t Szolnokon. A verseny c\u00e9lja a baleseti helysz\u00ednel\u00e9st v\u00e9gz\u0151 rend\u0151r\u00f6k szakmai tud\u00e1s\u00e1nak elm\u00e9ly\u00edt\u00e9se volt. A rendezv\u00e9nyt Koszty\u00f3 G\u00e1bor rend\u0151r alezredes, a J\u00e1sz-Nagykun-Szolnok Megyei Rend\u0151r-f\u0151kapit\u00e1nys\u00e1g K\u00f6zleked\u00e9srend\u00e9szeti Oszt\u00e1ly\u00e1nak vezet\u0151je nyitotta meg. A verseny elm\u00e9leti \u00e9s gyakorlati feladatokb\u00f3l tev\u0151d\u00f6tt \u00f6ssze. Az elm\u00e9leti megm\u00e9rettet\u00e9sen a rend\u0151r\u00f6k KRESZ \u00e9s szakmai tesztlapot t\u00f6ltettek ki. A gyakorlati r\u00e9sz egy helysz\u00ednen t\u00f6rt\u00e9nt komplex baleset rekonstru\u00e1l\u00e1sa volt. A megyei d\u00f6nt\u0151 eredm\u00e9nyhirdet\u00e9s\u00e9n a d\u00edjakat Koszty\u00f3 G\u00e1bor rend\u0151r alezredes \u00e9s Dr. L\u00e1nczi Rajmund, a Szolnoki&hellip;\" \/>\n<meta property=\"og:url\" content=\"https:\/\/miklostv.com\/new\/2021\/09\/02\/balesethelyszinelok-versenyeztek-2\/\" \/>\n<meta property=\"og:site_name\" content=\"Mikl\u00f3s TV\" \/>\n<meta property=\"article:published_time\" content=\"2021-09-02T15:36:24+00:00\" \/>\n<meta property=\"article:modified_time\" content=\"2023-02-08T21:24:42+00:00\" \/>\n<meta property=\"og:image\" content=\"https:\/\/miklostv.com\/new\/wp-content\/uploads\/2021\/09\/helyszinelkok_versenye.jpg\" \/>\n\t<meta property=\"og:image:width\" content=\"1024\" \/>\n\t<meta property=\"og:image:height\" content=\"536\" \/>\n\t<meta property=\"og:image:type\" content=\"image\/jpeg\" \/>\n<meta name=\"author\" content=\"S\u00e1ndor\" \/>\n<meta name=\"twitter:card\" content=\"summary_large_image\" \/>\n<meta name=\"twitter:label1\" content=\"Szerz\u0151:\" \/>\n\t<meta name=\"twitter:data1\" content=\"S\u00e1ndor\" \/>\n\t<meta name=\"twitter:label2\" content=\"Becs\u00fclt olvas\u00e1si id\u0151\" \/>\n\t<meta name=\"twitter:data2\" content=\"2 perc\" \/>\n<script type=\"application\/ld+json\" class=\"yoast-schema-graph\">{\"@context\":\"https:\\\/\\\/schema.org\",\"@graph\":[{\"@type\":\"NewsArticle\",\"@id\":\"https:\\\/\\\/miklostv.com\\\/new\\\/2021\\\/09\\\/02\\\/balesethelyszinelok-versenyeztek-2\\\/#article\",\"isPartOf\":{\"@id\":\"https:\\\/\\\/miklostv.com\\\/new\\\/2021\\\/09\\\/02\\\/balesethelyszinelok-versenyeztek-2\\\/\"},\"author\":{\"name\":\"S\u00e1ndor\",\"@id\":\"https:\\\/\\\/miklostv.com\\\/new\\\/#\\\/schema\\\/person\\\/6339cdd0bbd336ec6345812e3958be3b\"},\"headline\":\"Balesethelysz\u00ednel\u0151k versenyeztek\",\"datePublished\":\"2021-09-02T15:36:24+00:00\",\"dateModified\":\"2023-02-08T21:24:42+00:00\",\"mainEntityOfPage\":{\"@id\":\"https:\\\/\\\/miklostv.com\\\/new\\\/2021\\\/09\\\/02\\\/balesethelyszinelok-versenyeztek-2\\\/\"},\"wordCount\":316,\"commentCount\":0,\"image\":{\"@id\":\"https:\\\/\\\/miklostv.com\\\/new\\\/2021\\\/09\\\/02\\\/balesethelyszinelok-versenyeztek-2\\\/#primaryimage\"},\"thumbnailUrl\":\"https:\\\/\\\/miklostv.com\\\/new\\\/wp-content\\\/uploads\\\/2021\\\/09\\\/helyszinelkok_versenye.jpg\",\"articleSection\":[\"A l\u00e9nyeg r\u00f6viden\"],\"inLanguage\":\"hu\"},{\"@type\":\"WebPage\",\"@id\":\"https:\\\/\\\/miklostv.com\\\/new\\\/2021\\\/09\\\/02\\\/balesethelyszinelok-versenyeztek-2\\\/\",\"url\":\"https:\\\/\\\/miklostv.com\\\/new\\\/2021\\\/09\\\/02\\\/balesethelyszinelok-versenyeztek-2\\\/\",\"name\":\"Balesethelysz\u00ednel\u0151k versenyeztek - Mikl\u00f3s TV\",\"isPartOf\":{\"@id\":\"https:\\\/\\\/miklostv.com\\\/new\\\/#website\"},\"primaryImageOfPage\":{\"@id\":\"https:\\\/\\\/miklostv.com\\\/new\\\/2021\\\/09\\\/02\\\/balesethelyszinelok-versenyeztek-2\\\/#primaryimage\"},\"image\":{\"@id\":\"https:\\\/\\\/miklostv.com\\\/new\\\/2021\\\/09\\\/02\\\/balesethelyszinelok-versenyeztek-2\\\/#primaryimage\"},\"thumbnailUrl\":\"https:\\\/\\\/miklostv.com\\\/new\\\/wp-content\\\/uploads\\\/2021\\\/09\\\/helyszinelkok_versenye.jpg\",\"datePublished\":\"2021-09-02T15:36:24+00:00\",\"dateModified\":\"2023-02-08T21:24:42+00:00\",\"author\":{\"@id\":\"https:\\\/\\\/miklostv.com\\\/new\\\/#\\\/schema\\\/person\\\/6339cdd0bbd336ec6345812e3958be3b\"},\"breadcrumb\":{\"@id\":\"https:\\\/\\\/miklostv.com\\\/new\\\/2021\\\/09\\\/02\\\/balesethelyszinelok-versenyeztek-2\\\/#breadcrumb\"},\"inLanguage\":\"hu\",\"potentialAction\":[{\"@type\":\"ReadAction\",\"target\":[\"https:\\\/\\\/miklostv.com\\\/new\\\/2021\\\/09\\\/02\\\/balesethelyszinelok-versenyeztek-2\\\/\"]}]},{\"@type\":\"ImageObject\",\"inLanguage\":\"hu\",\"@id\":\"https:\\\/\\\/miklostv.com\\\/new\\\/2021\\\/09\\\/02\\\/balesethelyszinelok-versenyeztek-2\\\/#primaryimage\",\"url\":\"https:\\\/\\\/miklostv.com\\\/new\\\/wp-content\\\/uploads\\\/2021\\\/09\\\/helyszinelkok_versenye.jpg\",\"contentUrl\":\"https:\\\/\\\/miklostv.com\\\/new\\\/wp-content\\\/uploads\\\/2021\\\/09\\\/helyszinelkok_versenye.jpg\",\"width\":1024,\"height\":536,\"caption\":\"helysz\u00ednelk\u0151k versenye\"},{\"@type\":\"BreadcrumbList\",\"@id\":\"https:\\\/\\\/miklostv.com\\\/new\\\/2021\\\/09\\\/02\\\/balesethelyszinelok-versenyeztek-2\\\/#breadcrumb\",\"itemListElement\":[{\"@type\":\"ListItem\",\"position\":1,\"name\":\"Kezd\u0151lap\",\"item\":\"https:\\\/\\\/miklostv.com\\\/new\\\/\"},{\"@type\":\"ListItem\",\"position\":2,\"name\":\"Balesethelysz\u00ednel\u0151k versenyeztek\"}]},{\"@type\":\"WebSite\",\"@id\":\"https:\\\/\\\/miklostv.com\\\/new\\\/#website\",\"url\":\"https:\\\/\\\/miklostv.com\\\/new\\\/\",\"name\":\"Mikl\u00f3s TV\",\"description\":\"Mikl\u00f3s TV\",\"potentialAction\":[{\"@type\":\"SearchAction\",\"target\":{\"@type\":\"EntryPoint\",\"urlTemplate\":\"https:\\\/\\\/miklostv.com\\\/new\\\/?s={search_term_string}\"},\"query-input\":{\"@type\":\"PropertyValueSpecification\",\"valueRequired\":true,\"valueName\":\"search_term_string\"}}],\"inLanguage\":\"hu\"},{\"@type\":\"Person\",\"@id\":\"https:\\\/\\\/miklostv.com\\\/new\\\/#\\\/schema\\\/person\\\/6339cdd0bbd336ec6345812e3958be3b\",\"name\":\"S\u00e1ndor\",\"sameAs\":[\"https:\\\/\\\/miklostv.com\\\/new\"],\"url\":\"https:\\\/\\\/miklostv.com\\\/new\\\/author\\\/sanyi\\\/\"}]}<\/script>\n<!-- \/ Yoast SEO plugin. -->","yoast_head_json":{"title":"Balesethelysz\u00ednel\u0151k versenyeztek - Mikl\u00f3s TV","robots":{"index":"index","follow":"follow","max-snippet":"max-snippet:-1","max-image-preview":"max-image-preview:large","max-video-preview":"max-video-preview:-1"},"canonical":"https:\/\/miklostv.com\/new\/2021\/09\/02\/balesethelyszinelok-versenyeztek-2\/","og_locale":"hu_HU","og_type":"article","og_title":"Balesethelysz\u00ednel\u0151k versenyeztek - Mikl\u00f3s TV","og_description":"A J\u00e1sz-Nagykun-Szolnok Megyei Balesetmegel\u0151z\u00e9si Bizotts\u00e1g 2021. szeptember 2-\u00e1n rendezte meg a X. Balesethelysz\u00ednel\u0151 Szakmai Verseny megyei d\u00f6nt\u0151j\u00e9t Szolnokon. A verseny c\u00e9lja a baleseti helysz\u00ednel\u00e9st v\u00e9gz\u0151 rend\u0151r\u00f6k szakmai tud\u00e1s\u00e1nak elm\u00e9ly\u00edt\u00e9se volt. A rendezv\u00e9nyt Koszty\u00f3 G\u00e1bor rend\u0151r alezredes, a J\u00e1sz-Nagykun-Szolnok Megyei Rend\u0151r-f\u0151kapit\u00e1nys\u00e1g K\u00f6zleked\u00e9srend\u00e9szeti Oszt\u00e1ly\u00e1nak vezet\u0151je nyitotta meg. A verseny elm\u00e9leti \u00e9s gyakorlati feladatokb\u00f3l tev\u0151d\u00f6tt \u00f6ssze. Az elm\u00e9leti megm\u00e9rettet\u00e9sen a rend\u0151r\u00f6k KRESZ \u00e9s szakmai tesztlapot t\u00f6ltettek ki. A gyakorlati r\u00e9sz egy helysz\u00ednen t\u00f6rt\u00e9nt komplex baleset rekonstru\u00e1l\u00e1sa volt. A megyei d\u00f6nt\u0151 eredm\u00e9nyhirdet\u00e9s\u00e9n a d\u00edjakat Koszty\u00f3 G\u00e1bor rend\u0151r alezredes \u00e9s Dr. L\u00e1nczi Rajmund, a Szolnoki&hellip;","og_url":"https:\/\/miklostv.com\/new\/2021\/09\/02\/balesethelyszinelok-versenyeztek-2\/","og_site_name":"Mikl\u00f3s TV","article_published_time":"2021-09-02T15:36:24+00:00","article_modified_time":"2023-02-08T21:24:42+00:00","og_image":[{"width":1024,"height":536,"url":"https:\/\/miklostv.com\/new\/wp-content\/uploads\/2021\/09\/helyszinelkok_versenye.jpg","type":"image\/jpeg"}],"author":"S\u00e1ndor","twitter_card":"summary_large_image","twitter_misc":{"Szerz\u0151:":"S\u00e1ndor","Becs\u00fclt olvas\u00e1si id\u0151":"2 perc"},"schema":{"@context":"https:\/\/schema.org","@graph":[{"@type":"NewsArticle","@id":"https:\/\/miklostv.com\/new\/2021\/09\/02\/balesethelyszinelok-versenyeztek-2\/#article","isPartOf":{"@id":"https:\/\/miklostv.com\/new\/2021\/09\/02\/balesethelyszinelok-versenyeztek-2\/"},"author":{"name":"S\u00e1ndor","@id":"https:\/\/miklostv.com\/new\/#\/schema\/person\/6339cdd0bbd336ec6345812e3958be3b"},"headline":"Balesethelysz\u00ednel\u0151k versenyeztek","datePublished":"2021-09-02T15:36:24+00:00","dateModified":"2023-02-08T21:24:42+00:00","mainEntityOfPage":{"@id":"https:\/\/miklostv.com\/new\/2021\/09\/02\/balesethelyszinelok-versenyeztek-2\/"},"wordCount":316,"commentCount":0,"image":{"@id":"https:\/\/miklostv.com\/new\/2021\/09\/02\/balesethelyszinelok-versenyeztek-2\/#primaryimage"},"thumbnailUrl":"https:\/\/miklostv.com\/new\/wp-content\/uploads\/2021\/09\/helyszinelkok_versenye.jpg","articleSection":["A l\u00e9nyeg r\u00f6viden"],"inLanguage":"hu"},{"@type":"WebPage","@id":"https:\/\/miklostv.com\/new\/2021\/09\/02\/balesethelyszinelok-versenyeztek-2\/","url":"https:\/\/miklostv.com\/new\/2021\/09\/02\/balesethelyszinelok-versenyeztek-2\/","name":"Balesethelysz\u00ednel\u0151k versenyeztek - Mikl\u00f3s TV","isPartOf":{"@id":"https:\/\/miklostv.com\/new\/#website"},"primaryImageOfPage":{"@id":"https:\/\/miklostv.com\/new\/2021\/09\/02\/balesethelyszinelok-versenyeztek-2\/#primaryimage"},"image":{"@id":"https:\/\/miklostv.com\/new\/2021\/09\/02\/balesethelyszinelok-versenyeztek-2\/#primaryimage"},"thumbnailUrl":"https:\/\/miklostv.com\/new\/wp-content\/uploads\/2021\/09\/helyszinelkok_versenye.jpg","datePublished":"2021-09-02T15:36:24+00:00","dateModified":"2023-02-08T21:24:42+00:00","author":{"@id":"https:\/\/miklostv.com\/new\/#\/schema\/person\/6339cdd0bbd336ec6345812e3958be3b"},"breadcrumb":{"@id":"https:\/\/miklostv.com\/new\/2021\/09\/02\/balesethelyszinelok-versenyeztek-2\/#breadcrumb"},"inLanguage":"hu","potentialAction":[{"@type":"ReadAction","target":["https:\/\/miklostv.com\/new\/2021\/09\/02\/balesethelyszinelok-versenyeztek-2\/"]}]},{"@type":"ImageObject","inLanguage":"hu","@id":"https:\/\/miklostv.com\/new\/2021\/09\/02\/balesethelyszinelok-versenyeztek-2\/#primaryimage","url":"https:\/\/miklostv.com\/new\/wp-content\/uploads\/2021\/09\/helyszinelkok_versenye.jpg","contentUrl":"https:\/\/miklostv.com\/new\/wp-content\/uploads\/2021\/09\/helyszinelkok_versenye.jpg","width":1024,"height":536,"caption":"helysz\u00ednelk\u0151k versenye"},{"@type":"BreadcrumbList","@id":"https:\/\/miklostv.com\/new\/2021\/09\/02\/balesethelyszinelok-versenyeztek-2\/#breadcrumb","itemListElement":[{"@type":"ListItem","position":1,"name":"Kezd\u0151lap","item":"https:\/\/miklostv.com\/new\/"},{"@type":"ListItem","position":2,"name":"Balesethelysz\u00ednel\u0151k versenyeztek"}]},{"@type":"WebSite","@id":"https:\/\/miklostv.com\/new\/#website","url":"https:\/\/miklostv.com\/new\/","name":"Mikl\u00f3s TV","description":"Mikl\u00f3s TV","potentialAction":[{"@type":"SearchAction","target":{"@type":"EntryPoint","urlTemplate":"https:\/\/miklostv.com\/new\/?s={search_term_string}"},"query-input":{"@type":"PropertyValueSpecification","valueRequired":true,"valueName":"search_term_string"}}],"inLanguage":"hu"},{"@type":"Person","@id":"https:\/\/miklostv.com\/new\/#\/schema\/person\/6339cdd0bbd336ec6345812e3958be3b","name":"S\u00e1ndor","sameAs":["https:\/\/miklostv.com\/new"],"url":"https:\/\/miklostv.com\/new\/author\/sanyi\/"}]}},"_links":{"self":[{"href":"https:\/\/miklostv.com\/new\/wp-json\/wp\/v2\/posts\/4632","targetHints":{"allow":["GET"]}}],"collection":[{"href":"https:\/\/miklostv.com\/new\/wp-json\/wp\/v2\/posts"}],"about":[{"href":"https:\/\/miklostv.com\/new\/wp-json\/wp\/v2\/types\/post"}],"author":[{"embeddable":true,"href":"https:\/\/miklostv.com\/new\/wp-json\/wp\/v2\/users\/1"}],"replies":[{"embeddable":true,"href":"https:\/\/miklostv.com\/new\/wp-json\/wp\/v2\/comments?post=4632"}],"version-history":[{"count":1,"href":"https:\/\/miklostv.com\/new\/wp-json\/wp\/v2\/posts\/4632\/revisions"}],"predecessor-version":[{"id":7806,"href":"https:\/\/miklostv.com\/new\/wp-json\/wp\/v2\/posts\/4632\/revisions\/7806"}],"wp:featuredmedia":[{"embeddable":true,"href":"https:\/\/miklostv.com\/new\/wp-json\/wp\/v2\/media\/4631"}],"wp:attachment":[{"href":"https:\/\/miklostv.com\/new\/wp-json\/wp\/v2\/media?parent=4632"}],"wp:term":[{"taxonomy":"category","embeddable":true,"href":"https:\/\/miklostv.com\/new\/wp-json\/wp\/v2\/categories?post=4632"},{"taxonomy":"post_tag","embeddable":true,"href":"https:\/\/miklostv.com\/new\/wp-json\/wp\/v2\/tags?post=4632"}],"curies":[{"name":"wp","href":"https:\/\/api.w.org\/{rel}","templated":true}]}}