{"id":4630,"date":"2021-08-26T06:26:52","date_gmt":"2021-08-26T06:26:52","guid":{"rendered":"https:\/\/miklostv.com\/new\/2021\/08\/26\/kozlekedesi-rendorok-versenyeztek\/"},"modified":"2023-02-08T21:24:22","modified_gmt":"2023-02-08T21:24:22","slug":"kozlekedesi-rendorok-versenyeztek","status":"publish","type":"post","link":"https:\/\/miklostv.com\/new\/2021\/08\/26\/kozlekedesi-rendorok-versenyeztek\/","title":{"rendered":"K\u00f6zleked\u00e9si rend\u0151r\u00f6k versenyeztek"},"content":{"rendered":"<p>A J\u00e1sz-Nagykun-Szolnok Megyei Balesetmegel\u0151z\u00e9si Bizotts\u00e1g Szolnokon rendezte meg a X. Szakmai K\u00f6zleked\u00e9srend\u00e9szeti verseny megyei d\u00f6nt\u0151j\u00e9t.<\/p>\n<div><\/div>\n<div>A J\u00e1sz-Nagykun-Szolnok Megyei Rend\u0151r-f\u0151kapit\u00e1nys\u00e1g kiemelt figyelmet ford\u00edt a k\u00f6zter\u00fcleten szolg\u00e1latot teljes\u00edt\u0151 rend\u0151ri \u00e1llom\u00e1ny k\u00f6zleked\u00e9srend\u00e9szeti ismereteinek b\u0151v\u00edt\u00e9s\u00e9re, vezet\u00e9stechnikai tud\u00e1s\u00e1nak jav\u00edt\u00e1s\u00e1ra. A X. Szakmai K\u00f6zleked\u00e9srend\u00e9szeti verseny megyei fordul\u00f3j\u00e1t Dr. R\u00e1di Norbert rend\u0151r ezredes, megyei rend\u0151r-f\u0151kapit\u00e1ny nyitotta meg 2021. augusztus 25-\u00e9n a megyei rend\u0151r-f\u0151kapit\u00e1nys\u00e1g \u00e9p\u00fclet\u00e9ben.<\/div>\n<div><\/div>\n<div>A megye legjobb tizennyolc k\u00f6zleked\u00e9si rend\u0151re m\u00e9rhette \u00f6ssze tud\u00e1s\u00e1t \u00e9s szakmai tapasztalat\u00e1t. A verseny elm\u00e9leti \u00e9s gyakorlati feladatokb\u00f3l \u00e1llt. A rend\u0151r\u00f6k a megyei fordul\u00f3 elm\u00e9leti r\u00e9sz\u00e9n KRESZ \u00e9s szakmai tesztlapot t\u00f6lt\u00f6ttek ki. A gyakorlati feladaton a versenyz\u0151k szolg\u00e1lati motorker\u00e9kp\u00e1rral \u00e9s g\u00e9pkocsival mutatt\u00e1k be vezet\u00e9stechnikai tud\u00e1sukat, valamint karos forgalomir\u00e1ny\u00edt\u00e1sb\u00f3l is versenyeztek.<\/div>\n<div><\/div>\n<div>A legjobb karos forgalomir\u00e1ny\u00edt\u00f3 Szab\u00f3 S\u00e1ndor rend\u0151r z\u00e1szl\u00f3s, a J\u00e1sz-Nagykun-Szolnok Megyei Rend\u0151r-f\u0151kapit\u00e1nys\u00e1g Forgalomellen\u0151rz\u0151 Aloszt\u00e1ly j\u00e1r\u0151rvezet\u0151je lett.<\/div>\n<div>A g\u00e9pkocsiz\u00f3 rend\u0151r\u00f6k k\u00f6z\u00fcl az I. helyezettnek j\u00e1r\u00f3 kup\u00e1t R\u00e9kasi R\u00f3bert rend\u0151r t\u00f6rzsz\u00e1szl\u00f3s, rend\u0151rs\u00e9gi tan\u00e1csos, a Szolnoki Rend\u0151rkapit\u00e1nys\u00e1g baleset-helysz\u00ednel\u0151je vehette \u00e1t, m\u00edg a motoros j\u00e1r\u0151r \u00f6sszetett verseny legjobbja, Cseh Tibor rend\u0151r t\u00f6rzs\u0151rmester, a J\u00e1sz-Nagykun-Szolnok Megyei Rend\u0151r-f\u0151kapit\u00e1nys\u00e1g Forgalomellen\u0151rz\u0151 Aloszt\u00e1ly j\u00e1r\u0151rvezet\u0151je lett.<\/div>\n<div><\/div>\n<div>A szervez\u0151k k\u00fcl\u00f6nd\u00edjakat is \u00e1tadtak a megyei d\u00f6nt\u0151 eredm\u00e9nyhirdet\u00e9s\u00e9n, \u00edgy a legjobb KRESZ elm\u00e9let k\u00fcl\u00f6nd\u00edj\u00e1t R\u00e9kasi R\u00f3bert rend\u0151r t\u00f6rzsz\u00e1szl\u00f3s, a legjobb szakmai elm\u00e9let k\u00fcl\u00f6nd\u00edj\u00e1t Varga Tam\u00e1s rend\u0151r f\u0151t\u00f6rzs\u0151rmester, a Szolnoki Rend\u0151rkapit\u00e1nys\u00e1g baleset-helysz\u00ednel\u0151i vehett\u00e9k \u00e1t.<\/div>\n<div><\/div>\n<div><img fetchpriority=\"high\" decoding=\"async\" class=\" size-full wp-image-4629\" src=\"https:\/\/miklostv.com\/new\/wp-content\/uploads\/2021\/08\/20210826_081437.jpg\" alt=\"20210826 081437\" width=\"1024\" height=\"682\" srcset=\"https:\/\/miklostv.com\/new\/wp-content\/uploads\/2021\/08\/20210826_081437.jpg 790w, https:\/\/miklostv.com\/new\/wp-content\/uploads\/2021\/08\/20210826_081437-300x200.jpg 300w, https:\/\/miklostv.com\/new\/wp-content\/uploads\/2021\/08\/20210826_081437-768x511.jpg 768w\" sizes=\"(max-width: 1024px) 100vw, 1024px\" \/><\/div>\n<div>Dr. R\u00e1di Norbert rend\u0151r ezredes, megyei rend\u0151rf\u0151kapit\u00e1ny eredm\u00e9nyesnek \u00e9s sz\u00ednvonalasnak \u00e9rt\u00e9kelte a megyei d\u00f6nt\u0151t \u00e9s kiemelte munkat\u00e1rsai szakmai felk\u00e9sz\u00fclts\u00e9g\u00e9t.<\/div>\n<div><\/div>\n<div>A verseny kateg\u00f3ri\u00e1nk\u00e9nti legjobbjai k\u00e9pviselik megy\u00e9nket a Tolna megy\u00e9ben, 2021. szeptember 21-23. k\u00f6z\u00f6tt megrendez\u00e9sre ker\u00fcl\u0151 X. Orsz\u00e1gos Rend\u0151r Szakmai versenyen.<\/div>\n<div><\/div>\n<div>forr\u00e1s: <a href=\"http:\/\/www.police.hu\/hu\/hirek-es-informaciok\/legfrissebb-hireink\/kozlekedesrendeszet\/kozlekedesi-rendorok-versenyeztek-0\" target=\"_blank\" rel=\"noopener\">police<\/a>.hu<\/div>\n<div><\/div>\n","protected":false},"excerpt":{"rendered":"<p>A J\u00e1sz-Nagykun-Szolnok Megyei Balesetmegel\u0151z\u00e9si Bizotts\u00e1g Szolnokon rendezte meg a X. Szakmai K\u00f6zleked\u00e9srend\u00e9szeti verseny megyei d\u00f6nt\u0151j\u00e9t. A J\u00e1sz-Nagykun-Szolnok Megyei Rend\u0151r-f\u0151kapit\u00e1nys\u00e1g kiemelt figyelmet ford\u00edt a k\u00f6zter\u00fcleten szolg\u00e1latot teljes\u00edt\u0151 rend\u0151ri \u00e1llom\u00e1ny k\u00f6zleked\u00e9srend\u00e9szeti ismereteinek b\u0151v\u00edt\u00e9s\u00e9re, vezet\u00e9stechnikai tud\u00e1s\u00e1nak jav\u00edt\u00e1s\u00e1ra. A X. Szakmai K\u00f6zleked\u00e9srend\u00e9szeti verseny megyei fordul\u00f3j\u00e1t Dr. R\u00e1di Norbert rend\u0151r ezredes, megyei rend\u0151r-f\u0151kapit\u00e1ny nyitotta meg 2021. augusztus 25-\u00e9n a megyei rend\u0151r-f\u0151kapit\u00e1nys\u00e1g \u00e9p\u00fclet\u00e9ben. A megye legjobb tizennyolc k\u00f6zleked\u00e9si rend\u0151re m\u00e9rhette \u00f6ssze tud\u00e1s\u00e1t \u00e9s szakmai tapasztalat\u00e1t. A verseny elm\u00e9leti \u00e9s gyakorlati feladatokb\u00f3l \u00e1llt. A rend\u0151r\u00f6k a megyei fordul\u00f3 elm\u00e9leti r\u00e9sz\u00e9n KRESZ \u00e9s szakmai tesztlapot t\u00f6lt\u00f6ttek ki. A&hellip;<\/p>\n","protected":false},"author":1,"featured_media":4628,"comment_status":"open","ping_status":"open","sticky":false,"template":"","format":"standard","meta":{"fifu_image_url":"","fifu_image_alt":"","footnotes":""},"categories":[32],"tags":[],"class_list":["post-4630","post","type-post","status-publish","format-standard","has-post-thumbnail","hentry","category-hirek2"],"gutentor_comment":0,"yoast_head":"<!-- This site is optimized with the Yoast SEO plugin v27.5 - https:\/\/yoast.com\/product\/yoast-seo-wordpress\/ -->\n<title>K\u00f6zleked\u00e9si rend\u0151r\u00f6k versenyeztek - Mikl\u00f3s TV<\/title>\n<meta name=\"robots\" content=\"index, follow, max-snippet:-1, max-image-preview:large, max-video-preview:-1\" \/>\n<link rel=\"canonical\" href=\"https:\/\/miklostv.com\/new\/2021\/08\/26\/kozlekedesi-rendorok-versenyeztek\/\" \/>\n<meta property=\"og:locale\" content=\"hu_HU\" \/>\n<meta property=\"og:type\" content=\"article\" \/>\n<meta property=\"og:title\" content=\"K\u00f6zleked\u00e9si rend\u0151r\u00f6k versenyeztek - Mikl\u00f3s TV\" \/>\n<meta property=\"og:description\" content=\"A J\u00e1sz-Nagykun-Szolnok Megyei Balesetmegel\u0151z\u00e9si Bizotts\u00e1g Szolnokon rendezte meg a X. Szakmai K\u00f6zleked\u00e9srend\u00e9szeti verseny megyei d\u00f6nt\u0151j\u00e9t. A J\u00e1sz-Nagykun-Szolnok Megyei Rend\u0151r-f\u0151kapit\u00e1nys\u00e1g kiemelt figyelmet ford\u00edt a k\u00f6zter\u00fcleten szolg\u00e1latot teljes\u00edt\u0151 rend\u0151ri \u00e1llom\u00e1ny k\u00f6zleked\u00e9srend\u00e9szeti ismereteinek b\u0151v\u00edt\u00e9s\u00e9re, vezet\u00e9stechnikai tud\u00e1s\u00e1nak jav\u00edt\u00e1s\u00e1ra. A X. Szakmai K\u00f6zleked\u00e9srend\u00e9szeti verseny megyei fordul\u00f3j\u00e1t Dr. R\u00e1di Norbert rend\u0151r ezredes, megyei rend\u0151r-f\u0151kapit\u00e1ny nyitotta meg 2021. augusztus 25-\u00e9n a megyei rend\u0151r-f\u0151kapit\u00e1nys\u00e1g \u00e9p\u00fclet\u00e9ben. A megye legjobb tizennyolc k\u00f6zleked\u00e9si rend\u0151re m\u00e9rhette \u00f6ssze tud\u00e1s\u00e1t \u00e9s szakmai tapasztalat\u00e1t. A verseny elm\u00e9leti \u00e9s gyakorlati feladatokb\u00f3l \u00e1llt. A rend\u0151r\u00f6k a megyei fordul\u00f3 elm\u00e9leti r\u00e9sz\u00e9n KRESZ \u00e9s szakmai tesztlapot t\u00f6lt\u00f6ttek ki. A&hellip;\" \/>\n<meta property=\"og:url\" content=\"https:\/\/miklostv.com\/new\/2021\/08\/26\/kozlekedesi-rendorok-versenyeztek\/\" \/>\n<meta property=\"og:site_name\" content=\"Mikl\u00f3s TV\" \/>\n<meta property=\"article:published_time\" content=\"2021-08-26T06:26:52+00:00\" \/>\n<meta property=\"article:modified_time\" content=\"2023-02-08T21:24:22+00:00\" \/>\n<meta property=\"og:image\" content=\"https:\/\/miklostv.com\/new\/wp-content\/uploads\/2021\/08\/20210826_081557.jpg\" \/>\n\t<meta property=\"og:image:width\" content=\"992\" \/>\n\t<meta property=\"og:image:height\" content=\"581\" \/>\n\t<meta property=\"og:image:type\" content=\"image\/jpeg\" \/>\n<meta name=\"author\" content=\"S\u00e1ndor\" \/>\n<meta name=\"twitter:card\" content=\"summary_large_image\" \/>\n<meta name=\"twitter:label1\" content=\"Szerz\u0151:\" \/>\n\t<meta name=\"twitter:data1\" content=\"S\u00e1ndor\" \/>\n\t<meta name=\"twitter:label2\" content=\"Becs\u00fclt olvas\u00e1si id\u0151\" \/>\n\t<meta name=\"twitter:data2\" content=\"2 perc\" \/>\n<script type=\"application\/ld+json\" class=\"yoast-schema-graph\">{\"@context\":\"https:\\\/\\\/schema.org\",\"@graph\":[{\"@type\":\"NewsArticle\",\"@id\":\"https:\\\/\\\/miklostv.com\\\/new\\\/2021\\\/08\\\/26\\\/kozlekedesi-rendorok-versenyeztek\\\/#article\",\"isPartOf\":{\"@id\":\"https:\\\/\\\/miklostv.com\\\/new\\\/2021\\\/08\\\/26\\\/kozlekedesi-rendorok-versenyeztek\\\/\"},\"author\":{\"name\":\"S\u00e1ndor\",\"@id\":\"https:\\\/\\\/miklostv.com\\\/new\\\/#\\\/schema\\\/person\\\/6339cdd0bbd336ec6345812e3958be3b\"},\"headline\":\"K\u00f6zleked\u00e9si rend\u0151r\u00f6k versenyeztek\",\"datePublished\":\"2021-08-26T06:26:52+00:00\",\"dateModified\":\"2023-02-08T21:24:22+00:00\",\"mainEntityOfPage\":{\"@id\":\"https:\\\/\\\/miklostv.com\\\/new\\\/2021\\\/08\\\/26\\\/kozlekedesi-rendorok-versenyeztek\\\/\"},\"wordCount\":440,\"commentCount\":0,\"image\":{\"@id\":\"https:\\\/\\\/miklostv.com\\\/new\\\/2021\\\/08\\\/26\\\/kozlekedesi-rendorok-versenyeztek\\\/#primaryimage\"},\"thumbnailUrl\":\"https:\\\/\\\/miklostv.com\\\/new\\\/wp-content\\\/uploads\\\/2021\\\/08\\\/20210826_081557.jpg\",\"articleSection\":[\"A l\u00e9nyeg r\u00f6viden\"],\"inLanguage\":\"hu\"},{\"@type\":\"WebPage\",\"@id\":\"https:\\\/\\\/miklostv.com\\\/new\\\/2021\\\/08\\\/26\\\/kozlekedesi-rendorok-versenyeztek\\\/\",\"url\":\"https:\\\/\\\/miklostv.com\\\/new\\\/2021\\\/08\\\/26\\\/kozlekedesi-rendorok-versenyeztek\\\/\",\"name\":\"K\u00f6zleked\u00e9si rend\u0151r\u00f6k versenyeztek - Mikl\u00f3s TV\",\"isPartOf\":{\"@id\":\"https:\\\/\\\/miklostv.com\\\/new\\\/#website\"},\"primaryImageOfPage\":{\"@id\":\"https:\\\/\\\/miklostv.com\\\/new\\\/2021\\\/08\\\/26\\\/kozlekedesi-rendorok-versenyeztek\\\/#primaryimage\"},\"image\":{\"@id\":\"https:\\\/\\\/miklostv.com\\\/new\\\/2021\\\/08\\\/26\\\/kozlekedesi-rendorok-versenyeztek\\\/#primaryimage\"},\"thumbnailUrl\":\"https:\\\/\\\/miklostv.com\\\/new\\\/wp-content\\\/uploads\\\/2021\\\/08\\\/20210826_081557.jpg\",\"datePublished\":\"2021-08-26T06:26:52+00:00\",\"dateModified\":\"2023-02-08T21:24:22+00:00\",\"author\":{\"@id\":\"https:\\\/\\\/miklostv.com\\\/new\\\/#\\\/schema\\\/person\\\/6339cdd0bbd336ec6345812e3958be3b\"},\"breadcrumb\":{\"@id\":\"https:\\\/\\\/miklostv.com\\\/new\\\/2021\\\/08\\\/26\\\/kozlekedesi-rendorok-versenyeztek\\\/#breadcrumb\"},\"inLanguage\":\"hu\",\"potentialAction\":[{\"@type\":\"ReadAction\",\"target\":[\"https:\\\/\\\/miklostv.com\\\/new\\\/2021\\\/08\\\/26\\\/kozlekedesi-rendorok-versenyeztek\\\/\"]}]},{\"@type\":\"ImageObject\",\"inLanguage\":\"hu\",\"@id\":\"https:\\\/\\\/miklostv.com\\\/new\\\/2021\\\/08\\\/26\\\/kozlekedesi-rendorok-versenyeztek\\\/#primaryimage\",\"url\":\"https:\\\/\\\/miklostv.com\\\/new\\\/wp-content\\\/uploads\\\/2021\\\/08\\\/20210826_081557.jpg\",\"contentUrl\":\"https:\\\/\\\/miklostv.com\\\/new\\\/wp-content\\\/uploads\\\/2021\\\/08\\\/20210826_081557.jpg\",\"width\":992,\"height\":581,\"caption\":\"20210826 081557\"},{\"@type\":\"BreadcrumbList\",\"@id\":\"https:\\\/\\\/miklostv.com\\\/new\\\/2021\\\/08\\\/26\\\/kozlekedesi-rendorok-versenyeztek\\\/#breadcrumb\",\"itemListElement\":[{\"@type\":\"ListItem\",\"position\":1,\"name\":\"Kezd\u0151lap\",\"item\":\"https:\\\/\\\/miklostv.com\\\/new\\\/\"},{\"@type\":\"ListItem\",\"position\":2,\"name\":\"K\u00f6zleked\u00e9si rend\u0151r\u00f6k versenyeztek\"}]},{\"@type\":\"WebSite\",\"@id\":\"https:\\\/\\\/miklostv.com\\\/new\\\/#website\",\"url\":\"https:\\\/\\\/miklostv.com\\\/new\\\/\",\"name\":\"Mikl\u00f3s TV\",\"description\":\"Mikl\u00f3s TV\",\"potentialAction\":[{\"@type\":\"SearchAction\",\"target\":{\"@type\":\"EntryPoint\",\"urlTemplate\":\"https:\\\/\\\/miklostv.com\\\/new\\\/?s={search_term_string}\"},\"query-input\":{\"@type\":\"PropertyValueSpecification\",\"valueRequired\":true,\"valueName\":\"search_term_string\"}}],\"inLanguage\":\"hu\"},{\"@type\":\"Person\",\"@id\":\"https:\\\/\\\/miklostv.com\\\/new\\\/#\\\/schema\\\/person\\\/6339cdd0bbd336ec6345812e3958be3b\",\"name\":\"S\u00e1ndor\",\"sameAs\":[\"https:\\\/\\\/miklostv.com\\\/new\"],\"url\":\"https:\\\/\\\/miklostv.com\\\/new\\\/author\\\/sanyi\\\/\"}]}<\/script>\n<!-- \/ Yoast SEO plugin. -->","yoast_head_json":{"title":"K\u00f6zleked\u00e9si rend\u0151r\u00f6k versenyeztek - Mikl\u00f3s TV","robots":{"index":"index","follow":"follow","max-snippet":"max-snippet:-1","max-image-preview":"max-image-preview:large","max-video-preview":"max-video-preview:-1"},"canonical":"https:\/\/miklostv.com\/new\/2021\/08\/26\/kozlekedesi-rendorok-versenyeztek\/","og_locale":"hu_HU","og_type":"article","og_title":"K\u00f6zleked\u00e9si rend\u0151r\u00f6k versenyeztek - Mikl\u00f3s TV","og_description":"A J\u00e1sz-Nagykun-Szolnok Megyei Balesetmegel\u0151z\u00e9si Bizotts\u00e1g Szolnokon rendezte meg a X. Szakmai K\u00f6zleked\u00e9srend\u00e9szeti verseny megyei d\u00f6nt\u0151j\u00e9t. A J\u00e1sz-Nagykun-Szolnok Megyei Rend\u0151r-f\u0151kapit\u00e1nys\u00e1g kiemelt figyelmet ford\u00edt a k\u00f6zter\u00fcleten szolg\u00e1latot teljes\u00edt\u0151 rend\u0151ri \u00e1llom\u00e1ny k\u00f6zleked\u00e9srend\u00e9szeti ismereteinek b\u0151v\u00edt\u00e9s\u00e9re, vezet\u00e9stechnikai tud\u00e1s\u00e1nak jav\u00edt\u00e1s\u00e1ra. A X. Szakmai K\u00f6zleked\u00e9srend\u00e9szeti verseny megyei fordul\u00f3j\u00e1t Dr. R\u00e1di Norbert rend\u0151r ezredes, megyei rend\u0151r-f\u0151kapit\u00e1ny nyitotta meg 2021. augusztus 25-\u00e9n a megyei rend\u0151r-f\u0151kapit\u00e1nys\u00e1g \u00e9p\u00fclet\u00e9ben. A megye legjobb tizennyolc k\u00f6zleked\u00e9si rend\u0151re m\u00e9rhette \u00f6ssze tud\u00e1s\u00e1t \u00e9s szakmai tapasztalat\u00e1t. A verseny elm\u00e9leti \u00e9s gyakorlati feladatokb\u00f3l \u00e1llt. A rend\u0151r\u00f6k a megyei fordul\u00f3 elm\u00e9leti r\u00e9sz\u00e9n KRESZ \u00e9s szakmai tesztlapot t\u00f6lt\u00f6ttek ki. A&hellip;","og_url":"https:\/\/miklostv.com\/new\/2021\/08\/26\/kozlekedesi-rendorok-versenyeztek\/","og_site_name":"Mikl\u00f3s TV","article_published_time":"2021-08-26T06:26:52+00:00","article_modified_time":"2023-02-08T21:24:22+00:00","og_image":[{"width":992,"height":581,"url":"https:\/\/miklostv.com\/new\/wp-content\/uploads\/2021\/08\/20210826_081557.jpg","type":"image\/jpeg"}],"author":"S\u00e1ndor","twitter_card":"summary_large_image","twitter_misc":{"Szerz\u0151:":"S\u00e1ndor","Becs\u00fclt olvas\u00e1si id\u0151":"2 perc"},"schema":{"@context":"https:\/\/schema.org","@graph":[{"@type":"NewsArticle","@id":"https:\/\/miklostv.com\/new\/2021\/08\/26\/kozlekedesi-rendorok-versenyeztek\/#article","isPartOf":{"@id":"https:\/\/miklostv.com\/new\/2021\/08\/26\/kozlekedesi-rendorok-versenyeztek\/"},"author":{"name":"S\u00e1ndor","@id":"https:\/\/miklostv.com\/new\/#\/schema\/person\/6339cdd0bbd336ec6345812e3958be3b"},"headline":"K\u00f6zleked\u00e9si rend\u0151r\u00f6k versenyeztek","datePublished":"2021-08-26T06:26:52+00:00","dateModified":"2023-02-08T21:24:22+00:00","mainEntityOfPage":{"@id":"https:\/\/miklostv.com\/new\/2021\/08\/26\/kozlekedesi-rendorok-versenyeztek\/"},"wordCount":440,"commentCount":0,"image":{"@id":"https:\/\/miklostv.com\/new\/2021\/08\/26\/kozlekedesi-rendorok-versenyeztek\/#primaryimage"},"thumbnailUrl":"https:\/\/miklostv.com\/new\/wp-content\/uploads\/2021\/08\/20210826_081557.jpg","articleSection":["A l\u00e9nyeg r\u00f6viden"],"inLanguage":"hu"},{"@type":"WebPage","@id":"https:\/\/miklostv.com\/new\/2021\/08\/26\/kozlekedesi-rendorok-versenyeztek\/","url":"https:\/\/miklostv.com\/new\/2021\/08\/26\/kozlekedesi-rendorok-versenyeztek\/","name":"K\u00f6zleked\u00e9si rend\u0151r\u00f6k versenyeztek - Mikl\u00f3s TV","isPartOf":{"@id":"https:\/\/miklostv.com\/new\/#website"},"primaryImageOfPage":{"@id":"https:\/\/miklostv.com\/new\/2021\/08\/26\/kozlekedesi-rendorok-versenyeztek\/#primaryimage"},"image":{"@id":"https:\/\/miklostv.com\/new\/2021\/08\/26\/kozlekedesi-rendorok-versenyeztek\/#primaryimage"},"thumbnailUrl":"https:\/\/miklostv.com\/new\/wp-content\/uploads\/2021\/08\/20210826_081557.jpg","datePublished":"2021-08-26T06:26:52+00:00","dateModified":"2023-02-08T21:24:22+00:00","author":{"@id":"https:\/\/miklostv.com\/new\/#\/schema\/person\/6339cdd0bbd336ec6345812e3958be3b"},"breadcrumb":{"@id":"https:\/\/miklostv.com\/new\/2021\/08\/26\/kozlekedesi-rendorok-versenyeztek\/#breadcrumb"},"inLanguage":"hu","potentialAction":[{"@type":"ReadAction","target":["https:\/\/miklostv.com\/new\/2021\/08\/26\/kozlekedesi-rendorok-versenyeztek\/"]}]},{"@type":"ImageObject","inLanguage":"hu","@id":"https:\/\/miklostv.com\/new\/2021\/08\/26\/kozlekedesi-rendorok-versenyeztek\/#primaryimage","url":"https:\/\/miklostv.com\/new\/wp-content\/uploads\/2021\/08\/20210826_081557.jpg","contentUrl":"https:\/\/miklostv.com\/new\/wp-content\/uploads\/2021\/08\/20210826_081557.jpg","width":992,"height":581,"caption":"20210826 081557"},{"@type":"BreadcrumbList","@id":"https:\/\/miklostv.com\/new\/2021\/08\/26\/kozlekedesi-rendorok-versenyeztek\/#breadcrumb","itemListElement":[{"@type":"ListItem","position":1,"name":"Kezd\u0151lap","item":"https:\/\/miklostv.com\/new\/"},{"@type":"ListItem","position":2,"name":"K\u00f6zleked\u00e9si rend\u0151r\u00f6k versenyeztek"}]},{"@type":"WebSite","@id":"https:\/\/miklostv.com\/new\/#website","url":"https:\/\/miklostv.com\/new\/","name":"Mikl\u00f3s TV","description":"Mikl\u00f3s TV","potentialAction":[{"@type":"SearchAction","target":{"@type":"EntryPoint","urlTemplate":"https:\/\/miklostv.com\/new\/?s={search_term_string}"},"query-input":{"@type":"PropertyValueSpecification","valueRequired":true,"valueName":"search_term_string"}}],"inLanguage":"hu"},{"@type":"Person","@id":"https:\/\/miklostv.com\/new\/#\/schema\/person\/6339cdd0bbd336ec6345812e3958be3b","name":"S\u00e1ndor","sameAs":["https:\/\/miklostv.com\/new"],"url":"https:\/\/miklostv.com\/new\/author\/sanyi\/"}]}},"_links":{"self":[{"href":"https:\/\/miklostv.com\/new\/wp-json\/wp\/v2\/posts\/4630","targetHints":{"allow":["GET"]}}],"collection":[{"href":"https:\/\/miklostv.com\/new\/wp-json\/wp\/v2\/posts"}],"about":[{"href":"https:\/\/miklostv.com\/new\/wp-json\/wp\/v2\/types\/post"}],"author":[{"embeddable":true,"href":"https:\/\/miklostv.com\/new\/wp-json\/wp\/v2\/users\/1"}],"replies":[{"embeddable":true,"href":"https:\/\/miklostv.com\/new\/wp-json\/wp\/v2\/comments?post=4630"}],"version-history":[{"count":1,"href":"https:\/\/miklostv.com\/new\/wp-json\/wp\/v2\/posts\/4630\/revisions"}],"predecessor-version":[{"id":7805,"href":"https:\/\/miklostv.com\/new\/wp-json\/wp\/v2\/posts\/4630\/revisions\/7805"}],"wp:featuredmedia":[{"embeddable":true,"href":"https:\/\/miklostv.com\/new\/wp-json\/wp\/v2\/media\/4628"}],"wp:attachment":[{"href":"https:\/\/miklostv.com\/new\/wp-json\/wp\/v2\/media?parent=4630"}],"wp:term":[{"taxonomy":"category","embeddable":true,"href":"https:\/\/miklostv.com\/new\/wp-json\/wp\/v2\/categories?post=4630"},{"taxonomy":"post_tag","embeddable":true,"href":"https:\/\/miklostv.com\/new\/wp-json\/wp\/v2\/tags?post=4630"}],"curies":[{"name":"wp","href":"https:\/\/api.w.org\/{rel}","templated":true}]}}