{"id":4622,"date":"2021-08-20T07:30:04","date_gmt":"2021-08-20T07:30:04","guid":{"rendered":"https:\/\/miklostv.com\/new\/2021\/08\/20\/halalos-baleset-torokszentmikloson-3\/"},"modified":"2021-08-20T07:30:04","modified_gmt":"2021-08-20T07:30:04","slug":"halalos-baleset-torokszentmikloson-3","status":"publish","type":"post","link":"https:\/\/miklostv.com\/new\/2021\/08\/20\/halalos-baleset-torokszentmikloson-3\/","title":{"rendered":"Hal\u00e1los baleset T\u00f6r\u00f6kszentmikl\u00f3son"},"content":{"rendered":"<p><span style=\"font-size: 12pt;\"><strong>Egy teherg\u00e9pkocsi \u00e9s egy elektromos ker\u00e9kp\u00e1ros \u00fctk\u00f6z\u00f6tt T\u00f6r\u00f6kszentmikl\u00f3s belter\u00fclet\u00e9n. A ker\u00e9kp\u00e1ros a helysz\u00ednen \u00e9let\u00e9t vesztette.<\/p>\n<p><\/strong><\/span>Egy helyi lakos k\u00f6zlekedett a j\u00e1rd\u00e1n elektromos ker\u00e9kp\u00e1rral T\u00f6r\u00f6kszentmikl\u00f3s belter\u00fclet\u00e9n 2021. augusztus 19-\u00e9n 9 \u00f3ra 30 perc k\u00f6r\u00fcl. A ker\u00e9kp\u00e1ros n\u0151 a Kossuth Lajos utca \u00e9s a P\u00e1nthy Endre \u00fat keresztez\u0151d\u00e9s\u00e9n\u00e9l, a kijel\u00f6lt gyalogos \u00e1tkel\u0151helyre r\u00e1hajtott \u00e9s neki\u00fctk\u00f6z\u00f6tt az \u00fattesten vele p\u00e1rhuzamosan k\u00f6zleked\u0151 \u00e9s jobbra kanyarod\u00f3 teherg\u00e9pkocsi jobb els\u0151 kerek\u00e9nek. A baleset k\u00f6vetkezt\u00e9ben a ker\u00e9kp\u00e1ros olyan s\u00falyos s\u00e9r\u00fcl\u00e9seket szenvedett, hogy a helysz\u00ednen \u00e9let\u00e9t vesztette.<\/p>\n<div><img decoding=\"async\" class=\" size-full wp-image-4621\" src=\"https:\/\/miklostv.com\/new\/wp-content\/uploads\/2021\/08\/Tmiklos3_1.jpg\" alt=\"Tmikl\u00f3s3 1\" width=\"1024\" srcset=\"https:\/\/miklostv.com\/new\/wp-content\/uploads\/2021\/08\/Tmiklos3_1.jpg 1280w, https:\/\/miklostv.com\/new\/wp-content\/uploads\/2021\/08\/Tmiklos3_1-300x200.jpg 300w, https:\/\/miklostv.com\/new\/wp-content\/uploads\/2021\/08\/Tmiklos3_1-1024x683.jpg 1024w, https:\/\/miklostv.com\/new\/wp-content\/uploads\/2021\/08\/Tmiklos3_1-768x512.jpg 768w\" sizes=\"(max-width: 1280px) 100vw, 1280px\" \/><\/p>\n<\/div>\n<div>Felh\u00edvjuk a j\u00e1rm\u0171vezet\u0151k figyelm\u00e9t, hogy a kijel\u00f6lt gyalogos-\u00e1tkel\u0151helyeken a ker\u00e9kp\u00e1rral nem lehet \u00e1thajtani! A ker\u00e9kp\u00e1rr\u00f3l le kell sz\u00e1llni, \u00e9s azt tolva \u2013 a gyalogosok k\u00f6zleked\u00e9s\u00e9re vonatkoz\u00f3 szab\u00e1lyok szerint \u2013 kell az \u00fattesten \u00e1thaladni.&nbsp;<\/p>\n<p>forr\u00e1s: <a href=\"http:\/\/www.police.hu\/hu\/hirek-es-informaciok\/legfrissebb-hireink\/helyi-hirek\/hirek-jasz-nagykun-szolnok-megyebol-2814#2\" target=\"_blank\" rel=\"noopener\">police.hu<\/a><\/p>\n<p><\/div>\n","protected":false},"excerpt":{"rendered":"<p>Egy teherg\u00e9pkocsi \u00e9s egy elektromos ker\u00e9kp\u00e1ros \u00fctk\u00f6z\u00f6tt T\u00f6r\u00f6kszentmikl\u00f3s belter\u00fclet\u00e9n. A ker\u00e9kp\u00e1ros a helysz\u00ednen \u00e9let\u00e9t vesztette. Egy helyi lakos k\u00f6zlekedett a j\u00e1rd\u00e1n elektromos ker\u00e9kp\u00e1rral T\u00f6r\u00f6kszentmikl\u00f3s belter\u00fclet\u00e9n 2021. augusztus 19-\u00e9n 9 \u00f3ra 30 perc k\u00f6r\u00fcl. A ker\u00e9kp\u00e1ros n\u0151 a Kossuth Lajos utca \u00e9s a P\u00e1nthy Endre \u00fat keresztez\u0151d\u00e9s\u00e9n\u00e9l, a kijel\u00f6lt gyalogos \u00e1tkel\u0151helyre r\u00e1hajtott \u00e9s neki\u00fctk\u00f6z\u00f6tt az \u00fattesten vele p\u00e1rhuzamosan k\u00f6zleked\u0151 \u00e9s jobbra kanyarod\u00f3 teherg\u00e9pkocsi jobb els\u0151 kerek\u00e9nek. A baleset k\u00f6vetkezt\u00e9ben a ker\u00e9kp\u00e1ros olyan s\u00falyos s\u00e9r\u00fcl\u00e9seket szenvedett, hogy a helysz\u00ednen \u00e9let\u00e9t vesztette. Felh\u00edvjuk a j\u00e1rm\u0171vezet\u0151k figyelm\u00e9t, hogy a kijel\u00f6lt gyalogos-\u00e1tkel\u0151helyeken a ker\u00e9kp\u00e1rral nem&hellip;<\/p>\n","protected":false},"author":1,"featured_media":4620,"comment_status":"open","ping_status":"open","sticky":false,"template":"","format":"standard","meta":{"fifu_image_url":"","fifu_image_alt":"","footnotes":""},"categories":[32],"tags":[],"class_list":["post-4622","post","type-post","status-publish","format-standard","has-post-thumbnail","hentry","category-hirek2"],"gutentor_comment":0,"yoast_head":"<!-- This site is optimized with the Yoast SEO plugin v27.5 - https:\/\/yoast.com\/product\/yoast-seo-wordpress\/ -->\n<title>Hal\u00e1los baleset T\u00f6r\u00f6kszentmikl\u00f3son - Mikl\u00f3s TV<\/title>\n<meta name=\"robots\" content=\"index, follow, max-snippet:-1, max-image-preview:large, max-video-preview:-1\" \/>\n<link rel=\"canonical\" href=\"https:\/\/miklostv.com\/new\/2021\/08\/20\/halalos-baleset-torokszentmikloson-3\/\" \/>\n<meta property=\"og:locale\" content=\"hu_HU\" \/>\n<meta property=\"og:type\" content=\"article\" \/>\n<meta property=\"og:title\" content=\"Hal\u00e1los baleset T\u00f6r\u00f6kszentmikl\u00f3son - Mikl\u00f3s TV\" \/>\n<meta property=\"og:description\" content=\"Egy teherg\u00e9pkocsi \u00e9s egy elektromos ker\u00e9kp\u00e1ros \u00fctk\u00f6z\u00f6tt T\u00f6r\u00f6kszentmikl\u00f3s belter\u00fclet\u00e9n. A ker\u00e9kp\u00e1ros a helysz\u00ednen \u00e9let\u00e9t vesztette. Egy helyi lakos k\u00f6zlekedett a j\u00e1rd\u00e1n elektromos ker\u00e9kp\u00e1rral T\u00f6r\u00f6kszentmikl\u00f3s belter\u00fclet\u00e9n 2021. augusztus 19-\u00e9n 9 \u00f3ra 30 perc k\u00f6r\u00fcl. A ker\u00e9kp\u00e1ros n\u0151 a Kossuth Lajos utca \u00e9s a P\u00e1nthy Endre \u00fat keresztez\u0151d\u00e9s\u00e9n\u00e9l, a kijel\u00f6lt gyalogos \u00e1tkel\u0151helyre r\u00e1hajtott \u00e9s neki\u00fctk\u00f6z\u00f6tt az \u00fattesten vele p\u00e1rhuzamosan k\u00f6zleked\u0151 \u00e9s jobbra kanyarod\u00f3 teherg\u00e9pkocsi jobb els\u0151 kerek\u00e9nek. A baleset k\u00f6vetkezt\u00e9ben a ker\u00e9kp\u00e1ros olyan s\u00falyos s\u00e9r\u00fcl\u00e9seket szenvedett, hogy a helysz\u00ednen \u00e9let\u00e9t vesztette. Felh\u00edvjuk a j\u00e1rm\u0171vezet\u0151k figyelm\u00e9t, hogy a kijel\u00f6lt gyalogos-\u00e1tkel\u0151helyeken a ker\u00e9kp\u00e1rral nem&hellip;\" \/>\n<meta property=\"og:url\" content=\"https:\/\/miklostv.com\/new\/2021\/08\/20\/halalos-baleset-torokszentmikloson-3\/\" \/>\n<meta property=\"og:site_name\" content=\"Mikl\u00f3s TV\" \/>\n<meta property=\"article:published_time\" content=\"2021-08-20T07:30:04+00:00\" \/>\n<meta property=\"og:image\" content=\"https:\/\/miklostv.com\/new\/wp-content\/uploads\/2021\/08\/Tmiklos2_1.jpg\" \/>\n\t<meta property=\"og:image:width\" content=\"1250\" \/>\n\t<meta property=\"og:image:height\" content=\"834\" \/>\n\t<meta property=\"og:image:type\" content=\"image\/jpeg\" \/>\n<meta name=\"author\" content=\"S\u00e1ndor\" \/>\n<meta name=\"twitter:card\" content=\"summary_large_image\" \/>\n<meta name=\"twitter:label1\" content=\"Szerz\u0151:\" \/>\n\t<meta name=\"twitter:data1\" content=\"S\u00e1ndor\" \/>\n\t<meta name=\"twitter:label2\" content=\"Becs\u00fclt olvas\u00e1si id\u0151\" \/>\n\t<meta name=\"twitter:data2\" content=\"1 perc\" \/>\n<script type=\"application\/ld+json\" class=\"yoast-schema-graph\">{\"@context\":\"https:\\\/\\\/schema.org\",\"@graph\":[{\"@type\":\"NewsArticle\",\"@id\":\"https:\\\/\\\/miklostv.com\\\/new\\\/2021\\\/08\\\/20\\\/halalos-baleset-torokszentmikloson-3\\\/#article\",\"isPartOf\":{\"@id\":\"https:\\\/\\\/miklostv.com\\\/new\\\/2021\\\/08\\\/20\\\/halalos-baleset-torokszentmikloson-3\\\/\"},\"author\":{\"name\":\"S\u00e1ndor\",\"@id\":\"https:\\\/\\\/miklostv.com\\\/new\\\/#\\\/schema\\\/person\\\/6339cdd0bbd336ec6345812e3958be3b\"},\"headline\":\"Hal\u00e1los baleset T\u00f6r\u00f6kszentmikl\u00f3son\",\"datePublished\":\"2021-08-20T07:30:04+00:00\",\"mainEntityOfPage\":{\"@id\":\"https:\\\/\\\/miklostv.com\\\/new\\\/2021\\\/08\\\/20\\\/halalos-baleset-torokszentmikloson-3\\\/\"},\"wordCount\":191,\"commentCount\":0,\"image\":{\"@id\":\"https:\\\/\\\/miklostv.com\\\/new\\\/2021\\\/08\\\/20\\\/halalos-baleset-torokszentmikloson-3\\\/#primaryimage\"},\"thumbnailUrl\":\"https:\\\/\\\/miklostv.com\\\/new\\\/wp-content\\\/uploads\\\/2021\\\/08\\\/Tmiklos2_1.jpg\",\"articleSection\":[\"A l\u00e9nyeg r\u00f6viden\"],\"inLanguage\":\"hu\"},{\"@type\":\"WebPage\",\"@id\":\"https:\\\/\\\/miklostv.com\\\/new\\\/2021\\\/08\\\/20\\\/halalos-baleset-torokszentmikloson-3\\\/\",\"url\":\"https:\\\/\\\/miklostv.com\\\/new\\\/2021\\\/08\\\/20\\\/halalos-baleset-torokszentmikloson-3\\\/\",\"name\":\"Hal\u00e1los baleset T\u00f6r\u00f6kszentmikl\u00f3son - Mikl\u00f3s TV\",\"isPartOf\":{\"@id\":\"https:\\\/\\\/miklostv.com\\\/new\\\/#website\"},\"primaryImageOfPage\":{\"@id\":\"https:\\\/\\\/miklostv.com\\\/new\\\/2021\\\/08\\\/20\\\/halalos-baleset-torokszentmikloson-3\\\/#primaryimage\"},\"image\":{\"@id\":\"https:\\\/\\\/miklostv.com\\\/new\\\/2021\\\/08\\\/20\\\/halalos-baleset-torokszentmikloson-3\\\/#primaryimage\"},\"thumbnailUrl\":\"https:\\\/\\\/miklostv.com\\\/new\\\/wp-content\\\/uploads\\\/2021\\\/08\\\/Tmiklos2_1.jpg\",\"datePublished\":\"2021-08-20T07:30:04+00:00\",\"author\":{\"@id\":\"https:\\\/\\\/miklostv.com\\\/new\\\/#\\\/schema\\\/person\\\/6339cdd0bbd336ec6345812e3958be3b\"},\"breadcrumb\":{\"@id\":\"https:\\\/\\\/miklostv.com\\\/new\\\/2021\\\/08\\\/20\\\/halalos-baleset-torokszentmikloson-3\\\/#breadcrumb\"},\"inLanguage\":\"hu\",\"potentialAction\":[{\"@type\":\"ReadAction\",\"target\":[\"https:\\\/\\\/miklostv.com\\\/new\\\/2021\\\/08\\\/20\\\/halalos-baleset-torokszentmikloson-3\\\/\"]}]},{\"@type\":\"ImageObject\",\"inLanguage\":\"hu\",\"@id\":\"https:\\\/\\\/miklostv.com\\\/new\\\/2021\\\/08\\\/20\\\/halalos-baleset-torokszentmikloson-3\\\/#primaryimage\",\"url\":\"https:\\\/\\\/miklostv.com\\\/new\\\/wp-content\\\/uploads\\\/2021\\\/08\\\/Tmiklos2_1.jpg\",\"contentUrl\":\"https:\\\/\\\/miklostv.com\\\/new\\\/wp-content\\\/uploads\\\/2021\\\/08\\\/Tmiklos2_1.jpg\",\"width\":1250,\"height\":834,\"caption\":\"Tmikl\u00f3s2 1\"},{\"@type\":\"BreadcrumbList\",\"@id\":\"https:\\\/\\\/miklostv.com\\\/new\\\/2021\\\/08\\\/20\\\/halalos-baleset-torokszentmikloson-3\\\/#breadcrumb\",\"itemListElement\":[{\"@type\":\"ListItem\",\"position\":1,\"name\":\"Kezd\u0151lap\",\"item\":\"https:\\\/\\\/miklostv.com\\\/new\\\/\"},{\"@type\":\"ListItem\",\"position\":2,\"name\":\"Hal\u00e1los baleset T\u00f6r\u00f6kszentmikl\u00f3son\"}]},{\"@type\":\"WebSite\",\"@id\":\"https:\\\/\\\/miklostv.com\\\/new\\\/#website\",\"url\":\"https:\\\/\\\/miklostv.com\\\/new\\\/\",\"name\":\"Mikl\u00f3s TV\",\"description\":\"Mikl\u00f3s TV\",\"potentialAction\":[{\"@type\":\"SearchAction\",\"target\":{\"@type\":\"EntryPoint\",\"urlTemplate\":\"https:\\\/\\\/miklostv.com\\\/new\\\/?s={search_term_string}\"},\"query-input\":{\"@type\":\"PropertyValueSpecification\",\"valueRequired\":true,\"valueName\":\"search_term_string\"}}],\"inLanguage\":\"hu\"},{\"@type\":\"Person\",\"@id\":\"https:\\\/\\\/miklostv.com\\\/new\\\/#\\\/schema\\\/person\\\/6339cdd0bbd336ec6345812e3958be3b\",\"name\":\"S\u00e1ndor\",\"sameAs\":[\"https:\\\/\\\/miklostv.com\\\/new\"],\"url\":\"https:\\\/\\\/miklostv.com\\\/new\\\/author\\\/sanyi\\\/\"}]}<\/script>\n<!-- \/ Yoast SEO plugin. -->","yoast_head_json":{"title":"Hal\u00e1los baleset T\u00f6r\u00f6kszentmikl\u00f3son - Mikl\u00f3s TV","robots":{"index":"index","follow":"follow","max-snippet":"max-snippet:-1","max-image-preview":"max-image-preview:large","max-video-preview":"max-video-preview:-1"},"canonical":"https:\/\/miklostv.com\/new\/2021\/08\/20\/halalos-baleset-torokszentmikloson-3\/","og_locale":"hu_HU","og_type":"article","og_title":"Hal\u00e1los baleset T\u00f6r\u00f6kszentmikl\u00f3son - Mikl\u00f3s TV","og_description":"Egy teherg\u00e9pkocsi \u00e9s egy elektromos ker\u00e9kp\u00e1ros \u00fctk\u00f6z\u00f6tt T\u00f6r\u00f6kszentmikl\u00f3s belter\u00fclet\u00e9n. A ker\u00e9kp\u00e1ros a helysz\u00ednen \u00e9let\u00e9t vesztette. Egy helyi lakos k\u00f6zlekedett a j\u00e1rd\u00e1n elektromos ker\u00e9kp\u00e1rral T\u00f6r\u00f6kszentmikl\u00f3s belter\u00fclet\u00e9n 2021. augusztus 19-\u00e9n 9 \u00f3ra 30 perc k\u00f6r\u00fcl. A ker\u00e9kp\u00e1ros n\u0151 a Kossuth Lajos utca \u00e9s a P\u00e1nthy Endre \u00fat keresztez\u0151d\u00e9s\u00e9n\u00e9l, a kijel\u00f6lt gyalogos \u00e1tkel\u0151helyre r\u00e1hajtott \u00e9s neki\u00fctk\u00f6z\u00f6tt az \u00fattesten vele p\u00e1rhuzamosan k\u00f6zleked\u0151 \u00e9s jobbra kanyarod\u00f3 teherg\u00e9pkocsi jobb els\u0151 kerek\u00e9nek. A baleset k\u00f6vetkezt\u00e9ben a ker\u00e9kp\u00e1ros olyan s\u00falyos s\u00e9r\u00fcl\u00e9seket szenvedett, hogy a helysz\u00ednen \u00e9let\u00e9t vesztette. Felh\u00edvjuk a j\u00e1rm\u0171vezet\u0151k figyelm\u00e9t, hogy a kijel\u00f6lt gyalogos-\u00e1tkel\u0151helyeken a ker\u00e9kp\u00e1rral nem&hellip;","og_url":"https:\/\/miklostv.com\/new\/2021\/08\/20\/halalos-baleset-torokszentmikloson-3\/","og_site_name":"Mikl\u00f3s TV","article_published_time":"2021-08-20T07:30:04+00:00","og_image":[{"width":1250,"height":834,"url":"https:\/\/miklostv.com\/new\/wp-content\/uploads\/2021\/08\/Tmiklos2_1.jpg","type":"image\/jpeg"}],"author":"S\u00e1ndor","twitter_card":"summary_large_image","twitter_misc":{"Szerz\u0151:":"S\u00e1ndor","Becs\u00fclt olvas\u00e1si id\u0151":"1 perc"},"schema":{"@context":"https:\/\/schema.org","@graph":[{"@type":"NewsArticle","@id":"https:\/\/miklostv.com\/new\/2021\/08\/20\/halalos-baleset-torokszentmikloson-3\/#article","isPartOf":{"@id":"https:\/\/miklostv.com\/new\/2021\/08\/20\/halalos-baleset-torokszentmikloson-3\/"},"author":{"name":"S\u00e1ndor","@id":"https:\/\/miklostv.com\/new\/#\/schema\/person\/6339cdd0bbd336ec6345812e3958be3b"},"headline":"Hal\u00e1los baleset T\u00f6r\u00f6kszentmikl\u00f3son","datePublished":"2021-08-20T07:30:04+00:00","mainEntityOfPage":{"@id":"https:\/\/miklostv.com\/new\/2021\/08\/20\/halalos-baleset-torokszentmikloson-3\/"},"wordCount":191,"commentCount":0,"image":{"@id":"https:\/\/miklostv.com\/new\/2021\/08\/20\/halalos-baleset-torokszentmikloson-3\/#primaryimage"},"thumbnailUrl":"https:\/\/miklostv.com\/new\/wp-content\/uploads\/2021\/08\/Tmiklos2_1.jpg","articleSection":["A l\u00e9nyeg r\u00f6viden"],"inLanguage":"hu"},{"@type":"WebPage","@id":"https:\/\/miklostv.com\/new\/2021\/08\/20\/halalos-baleset-torokszentmikloson-3\/","url":"https:\/\/miklostv.com\/new\/2021\/08\/20\/halalos-baleset-torokszentmikloson-3\/","name":"Hal\u00e1los baleset T\u00f6r\u00f6kszentmikl\u00f3son - Mikl\u00f3s TV","isPartOf":{"@id":"https:\/\/miklostv.com\/new\/#website"},"primaryImageOfPage":{"@id":"https:\/\/miklostv.com\/new\/2021\/08\/20\/halalos-baleset-torokszentmikloson-3\/#primaryimage"},"image":{"@id":"https:\/\/miklostv.com\/new\/2021\/08\/20\/halalos-baleset-torokszentmikloson-3\/#primaryimage"},"thumbnailUrl":"https:\/\/miklostv.com\/new\/wp-content\/uploads\/2021\/08\/Tmiklos2_1.jpg","datePublished":"2021-08-20T07:30:04+00:00","author":{"@id":"https:\/\/miklostv.com\/new\/#\/schema\/person\/6339cdd0bbd336ec6345812e3958be3b"},"breadcrumb":{"@id":"https:\/\/miklostv.com\/new\/2021\/08\/20\/halalos-baleset-torokszentmikloson-3\/#breadcrumb"},"inLanguage":"hu","potentialAction":[{"@type":"ReadAction","target":["https:\/\/miklostv.com\/new\/2021\/08\/20\/halalos-baleset-torokszentmikloson-3\/"]}]},{"@type":"ImageObject","inLanguage":"hu","@id":"https:\/\/miklostv.com\/new\/2021\/08\/20\/halalos-baleset-torokszentmikloson-3\/#primaryimage","url":"https:\/\/miklostv.com\/new\/wp-content\/uploads\/2021\/08\/Tmiklos2_1.jpg","contentUrl":"https:\/\/miklostv.com\/new\/wp-content\/uploads\/2021\/08\/Tmiklos2_1.jpg","width":1250,"height":834,"caption":"Tmikl\u00f3s2 1"},{"@type":"BreadcrumbList","@id":"https:\/\/miklostv.com\/new\/2021\/08\/20\/halalos-baleset-torokszentmikloson-3\/#breadcrumb","itemListElement":[{"@type":"ListItem","position":1,"name":"Kezd\u0151lap","item":"https:\/\/miklostv.com\/new\/"},{"@type":"ListItem","position":2,"name":"Hal\u00e1los baleset T\u00f6r\u00f6kszentmikl\u00f3son"}]},{"@type":"WebSite","@id":"https:\/\/miklostv.com\/new\/#website","url":"https:\/\/miklostv.com\/new\/","name":"Mikl\u00f3s TV","description":"Mikl\u00f3s TV","potentialAction":[{"@type":"SearchAction","target":{"@type":"EntryPoint","urlTemplate":"https:\/\/miklostv.com\/new\/?s={search_term_string}"},"query-input":{"@type":"PropertyValueSpecification","valueRequired":true,"valueName":"search_term_string"}}],"inLanguage":"hu"},{"@type":"Person","@id":"https:\/\/miklostv.com\/new\/#\/schema\/person\/6339cdd0bbd336ec6345812e3958be3b","name":"S\u00e1ndor","sameAs":["https:\/\/miklostv.com\/new"],"url":"https:\/\/miklostv.com\/new\/author\/sanyi\/"}]}},"_links":{"self":[{"href":"https:\/\/miklostv.com\/new\/wp-json\/wp\/v2\/posts\/4622","targetHints":{"allow":["GET"]}}],"collection":[{"href":"https:\/\/miklostv.com\/new\/wp-json\/wp\/v2\/posts"}],"about":[{"href":"https:\/\/miklostv.com\/new\/wp-json\/wp\/v2\/types\/post"}],"author":[{"embeddable":true,"href":"https:\/\/miklostv.com\/new\/wp-json\/wp\/v2\/users\/1"}],"replies":[{"embeddable":true,"href":"https:\/\/miklostv.com\/new\/wp-json\/wp\/v2\/comments?post=4622"}],"version-history":[{"count":0,"href":"https:\/\/miklostv.com\/new\/wp-json\/wp\/v2\/posts\/4622\/revisions"}],"wp:featuredmedia":[{"embeddable":true,"href":"https:\/\/miklostv.com\/new\/wp-json\/wp\/v2\/media\/4620"}],"wp:attachment":[{"href":"https:\/\/miklostv.com\/new\/wp-json\/wp\/v2\/media?parent=4622"}],"wp:term":[{"taxonomy":"category","embeddable":true,"href":"https:\/\/miklostv.com\/new\/wp-json\/wp\/v2\/categories?post=4622"},{"taxonomy":"post_tag","embeddable":true,"href":"https:\/\/miklostv.com\/new\/wp-json\/wp\/v2\/tags?post=4622"}],"curies":[{"name":"wp","href":"https:\/\/api.w.org\/{rel}","templated":true}]}}