{"id":4606,"date":"2021-07-12T10:39:27","date_gmt":"2021-07-12T10:39:27","guid":{"rendered":"https:\/\/miklostv.com\/new\/2021\/07\/12\/baleset-a-gyalogatkelohelynel\/"},"modified":"2021-07-12T10:39:27","modified_gmt":"2021-07-12T10:39:27","slug":"baleset-a-gyalogatkelohelynel","status":"publish","type":"post","link":"https:\/\/miklostv.com\/new\/2021\/07\/12\/baleset-a-gyalogatkelohelynel\/","title":{"rendered":"Baleset a gyalog\u00e1tkel\u0151helyn\u00e9l"},"content":{"rendered":"<p><span style=\"font-size: 12pt;\"><strong>Egy szolnoki lakos k\u00f6zlekedett szem\u00e9lyg\u00e9pkocsival 2021. j\u00falius 11-\u00e9n 12 \u00f3ra 25 perc k\u00f6r\u00fcl T\u00f6r\u00f6kszentmikl\u00f3s belter\u00fclet\u00e9n.<\/strong><\/span> <\/p>\n<p>Halad\u00e1sa sor\u00e1n k\u00e9s\u0151n \u00e9szlelte az el\u0151tte l\u00e9v\u0151 szem\u00e9lyg\u00e9pkocsit, amely egy gyalogos\u00e1tkel\u0151hely el\u0151tt forgalmi okb\u00f3l v\u00e1rakozott \u00e9s a h\u00e1ts\u00f3 l\u00f6kh\u00e1r\u00edt\u00f3j\u00e1nak \u00fctk\u00f6z\u00f6tt. Az utol\u00e9rt j\u00e1rm\u0171 az \u00fctk\u00f6z\u00e9st\u0151l az el\u0151tte \u00e1ll\u00f3 \u00e9s szint\u00e9n forgalmi okb\u00f3l v\u00e1rakoz\u00f3 m\u00e1sik j\u00e1rm\u0171nek cs\u00faszott. A baleset k\u00f6vetkezt\u00e9ben \u2013 az els\u0151dleges orvosi v\u00e9lem\u00e9ny alapj\u00e1n \u2013 egy utas 8 napon bel\u00fcl gy\u00f3gyul\u00f3 s\u00e9r\u00fcl\u00e9st szenvedett.<\/p>\n<p><img fetchpriority=\"high\" decoding=\"async\" class=\" size-full wp-image-4605\" src=\"https:\/\/miklostv.com\/new\/wp-content\/uploads\/2021\/07\/kocc2_3.jpg\" alt=\"kocc2 3\" width=\"1250\" height=\"834\" srcset=\"https:\/\/miklostv.com\/new\/wp-content\/uploads\/2021\/07\/kocc2_3.jpg 1250w, https:\/\/miklostv.com\/new\/wp-content\/uploads\/2021\/07\/kocc2_3-300x200.jpg 300w, https:\/\/miklostv.com\/new\/wp-content\/uploads\/2021\/07\/kocc2_3-1024x683.jpg 1024w, https:\/\/miklostv.com\/new\/wp-content\/uploads\/2021\/07\/kocc2_3-768x512.jpg 768w\" sizes=\"(max-width: 1250px) 100vw, 1250px\" \/><\/p>\n<p>K\u00e9rj\u00fck a g\u00e9pj\u00e1rm\u0171vek vezet\u0151it, hogy a megfelel\u0151 k\u00f6vet\u00e9si t\u00e1vols\u00e1got mindig tarts\u00e1k be \u00e9s a gyalogos \u00e1tkel\u0151helyeket fokozott \u00f3vatoss\u00e1ggal \u00e9s k\u00f6r\u00fcltekint\u00e9ssel k\u00f6zel\u00edts\u00e9k meg.<\/p>\n<p>forr\u00e1s: <a href=\"http:\/\/www.police.hu\/hu\/hirek-es-informaciok\/legfrissebb-hireink\/helyi-hirek\/hirek-jasz-nagykun-szolnok-megyebol-2775#2\" target=\"_blank\" rel=\"noopener\">police.hu<\/a><\/p>\n","protected":false},"excerpt":{"rendered":"<p>Egy szolnoki lakos k\u00f6zlekedett szem\u00e9lyg\u00e9pkocsival 2021. j\u00falius 11-\u00e9n 12 \u00f3ra 25 perc k\u00f6r\u00fcl T\u00f6r\u00f6kszentmikl\u00f3s belter\u00fclet\u00e9n. Halad\u00e1sa sor\u00e1n k\u00e9s\u0151n \u00e9szlelte az el\u0151tte l\u00e9v\u0151 szem\u00e9lyg\u00e9pkocsit, amely egy gyalogos\u00e1tkel\u0151hely el\u0151tt forgalmi okb\u00f3l v\u00e1rakozott \u00e9s a h\u00e1ts\u00f3 l\u00f6kh\u00e1r\u00edt\u00f3j\u00e1nak \u00fctk\u00f6z\u00f6tt. Az utol\u00e9rt j\u00e1rm\u0171 az \u00fctk\u00f6z\u00e9st\u0151l az el\u0151tte \u00e1ll\u00f3 \u00e9s szint\u00e9n forgalmi okb\u00f3l v\u00e1rakoz\u00f3 m\u00e1sik j\u00e1rm\u0171nek cs\u00faszott. A baleset k\u00f6vetkezt\u00e9ben \u2013 az els\u0151dleges orvosi v\u00e9lem\u00e9ny alapj\u00e1n \u2013 egy utas 8 napon bel\u00fcl gy\u00f3gyul\u00f3 s\u00e9r\u00fcl\u00e9st szenvedett. K\u00e9rj\u00fck a g\u00e9pj\u00e1rm\u0171vek vezet\u0151it, hogy a megfelel\u0151 k\u00f6vet\u00e9si t\u00e1vols\u00e1got mindig tarts\u00e1k be \u00e9s a gyalogos \u00e1tkel\u0151helyeket fokozott \u00f3vatoss\u00e1ggal \u00e9s k\u00f6r\u00fcltekint\u00e9ssel k\u00f6zel\u00edts\u00e9k&hellip;<\/p>\n","protected":false},"author":1,"featured_media":4604,"comment_status":"open","ping_status":"open","sticky":false,"template":"","format":"standard","meta":{"fifu_image_url":"","fifu_image_alt":"","footnotes":""},"categories":[32],"tags":[],"class_list":["post-4606","post","type-post","status-publish","format-standard","has-post-thumbnail","hentry","category-hirek2"],"gutentor_comment":0,"yoast_head":"<!-- This site is optimized with the Yoast SEO plugin v27.5 - https:\/\/yoast.com\/product\/yoast-seo-wordpress\/ -->\n<title>Baleset a gyalog\u00e1tkel\u0151helyn\u00e9l - Mikl\u00f3s TV<\/title>\n<meta name=\"robots\" content=\"index, follow, max-snippet:-1, max-image-preview:large, max-video-preview:-1\" \/>\n<link rel=\"canonical\" href=\"https:\/\/miklostv.com\/new\/2021\/07\/12\/baleset-a-gyalogatkelohelynel\/\" \/>\n<meta property=\"og:locale\" content=\"hu_HU\" \/>\n<meta property=\"og:type\" content=\"article\" \/>\n<meta property=\"og:title\" content=\"Baleset a gyalog\u00e1tkel\u0151helyn\u00e9l - Mikl\u00f3s TV\" \/>\n<meta property=\"og:description\" content=\"Egy szolnoki lakos k\u00f6zlekedett szem\u00e9lyg\u00e9pkocsival 2021. j\u00falius 11-\u00e9n 12 \u00f3ra 25 perc k\u00f6r\u00fcl T\u00f6r\u00f6kszentmikl\u00f3s belter\u00fclet\u00e9n. Halad\u00e1sa sor\u00e1n k\u00e9s\u0151n \u00e9szlelte az el\u0151tte l\u00e9v\u0151 szem\u00e9lyg\u00e9pkocsit, amely egy gyalogos\u00e1tkel\u0151hely el\u0151tt forgalmi okb\u00f3l v\u00e1rakozott \u00e9s a h\u00e1ts\u00f3 l\u00f6kh\u00e1r\u00edt\u00f3j\u00e1nak \u00fctk\u00f6z\u00f6tt. Az utol\u00e9rt j\u00e1rm\u0171 az \u00fctk\u00f6z\u00e9st\u0151l az el\u0151tte \u00e1ll\u00f3 \u00e9s szint\u00e9n forgalmi okb\u00f3l v\u00e1rakoz\u00f3 m\u00e1sik j\u00e1rm\u0171nek cs\u00faszott. A baleset k\u00f6vetkezt\u00e9ben \u2013 az els\u0151dleges orvosi v\u00e9lem\u00e9ny alapj\u00e1n \u2013 egy utas 8 napon bel\u00fcl gy\u00f3gyul\u00f3 s\u00e9r\u00fcl\u00e9st szenvedett. K\u00e9rj\u00fck a g\u00e9pj\u00e1rm\u0171vek vezet\u0151it, hogy a megfelel\u0151 k\u00f6vet\u00e9si t\u00e1vols\u00e1got mindig tarts\u00e1k be \u00e9s a gyalogos \u00e1tkel\u0151helyeket fokozott \u00f3vatoss\u00e1ggal \u00e9s k\u00f6r\u00fcltekint\u00e9ssel k\u00f6zel\u00edts\u00e9k&hellip;\" \/>\n<meta property=\"og:url\" content=\"https:\/\/miklostv.com\/new\/2021\/07\/12\/baleset-a-gyalogatkelohelynel\/\" \/>\n<meta property=\"og:site_name\" content=\"Mikl\u00f3s TV\" \/>\n<meta property=\"article:published_time\" content=\"2021-07-12T10:39:27+00:00\" \/>\n<meta property=\"og:image\" content=\"https:\/\/miklostv.com\/new\/wp-content\/uploads\/2021\/07\/kocc1_1.jpg\" \/>\n\t<meta property=\"og:image:width\" content=\"1250\" \/>\n\t<meta property=\"og:image:height\" content=\"834\" \/>\n\t<meta property=\"og:image:type\" content=\"image\/jpeg\" \/>\n<meta name=\"author\" content=\"S\u00e1ndor\" \/>\n<meta name=\"twitter:card\" content=\"summary_large_image\" \/>\n<meta name=\"twitter:label1\" content=\"Szerz\u0151:\" \/>\n\t<meta name=\"twitter:data1\" content=\"S\u00e1ndor\" \/>\n\t<meta name=\"twitter:label2\" content=\"Becs\u00fclt olvas\u00e1si id\u0151\" \/>\n\t<meta name=\"twitter:data2\" content=\"1 perc\" \/>\n<script type=\"application\/ld+json\" class=\"yoast-schema-graph\">{\"@context\":\"https:\\\/\\\/schema.org\",\"@graph\":[{\"@type\":\"NewsArticle\",\"@id\":\"https:\\\/\\\/miklostv.com\\\/new\\\/2021\\\/07\\\/12\\\/baleset-a-gyalogatkelohelynel\\\/#article\",\"isPartOf\":{\"@id\":\"https:\\\/\\\/miklostv.com\\\/new\\\/2021\\\/07\\\/12\\\/baleset-a-gyalogatkelohelynel\\\/\"},\"author\":{\"name\":\"S\u00e1ndor\",\"@id\":\"https:\\\/\\\/miklostv.com\\\/new\\\/#\\\/schema\\\/person\\\/6339cdd0bbd336ec6345812e3958be3b\"},\"headline\":\"Baleset a gyalog\u00e1tkel\u0151helyn\u00e9l\",\"datePublished\":\"2021-07-12T10:39:27+00:00\",\"mainEntityOfPage\":{\"@id\":\"https:\\\/\\\/miklostv.com\\\/new\\\/2021\\\/07\\\/12\\\/baleset-a-gyalogatkelohelynel\\\/\"},\"wordCount\":171,\"commentCount\":0,\"image\":{\"@id\":\"https:\\\/\\\/miklostv.com\\\/new\\\/2021\\\/07\\\/12\\\/baleset-a-gyalogatkelohelynel\\\/#primaryimage\"},\"thumbnailUrl\":\"https:\\\/\\\/miklostv.com\\\/new\\\/wp-content\\\/uploads\\\/2021\\\/07\\\/kocc1_1.jpg\",\"articleSection\":[\"A l\u00e9nyeg r\u00f6viden\"],\"inLanguage\":\"hu\"},{\"@type\":\"WebPage\",\"@id\":\"https:\\\/\\\/miklostv.com\\\/new\\\/2021\\\/07\\\/12\\\/baleset-a-gyalogatkelohelynel\\\/\",\"url\":\"https:\\\/\\\/miklostv.com\\\/new\\\/2021\\\/07\\\/12\\\/baleset-a-gyalogatkelohelynel\\\/\",\"name\":\"Baleset a gyalog\u00e1tkel\u0151helyn\u00e9l - Mikl\u00f3s TV\",\"isPartOf\":{\"@id\":\"https:\\\/\\\/miklostv.com\\\/new\\\/#website\"},\"primaryImageOfPage\":{\"@id\":\"https:\\\/\\\/miklostv.com\\\/new\\\/2021\\\/07\\\/12\\\/baleset-a-gyalogatkelohelynel\\\/#primaryimage\"},\"image\":{\"@id\":\"https:\\\/\\\/miklostv.com\\\/new\\\/2021\\\/07\\\/12\\\/baleset-a-gyalogatkelohelynel\\\/#primaryimage\"},\"thumbnailUrl\":\"https:\\\/\\\/miklostv.com\\\/new\\\/wp-content\\\/uploads\\\/2021\\\/07\\\/kocc1_1.jpg\",\"datePublished\":\"2021-07-12T10:39:27+00:00\",\"author\":{\"@id\":\"https:\\\/\\\/miklostv.com\\\/new\\\/#\\\/schema\\\/person\\\/6339cdd0bbd336ec6345812e3958be3b\"},\"breadcrumb\":{\"@id\":\"https:\\\/\\\/miklostv.com\\\/new\\\/2021\\\/07\\\/12\\\/baleset-a-gyalogatkelohelynel\\\/#breadcrumb\"},\"inLanguage\":\"hu\",\"potentialAction\":[{\"@type\":\"ReadAction\",\"target\":[\"https:\\\/\\\/miklostv.com\\\/new\\\/2021\\\/07\\\/12\\\/baleset-a-gyalogatkelohelynel\\\/\"]}]},{\"@type\":\"ImageObject\",\"inLanguage\":\"hu\",\"@id\":\"https:\\\/\\\/miklostv.com\\\/new\\\/2021\\\/07\\\/12\\\/baleset-a-gyalogatkelohelynel\\\/#primaryimage\",\"url\":\"https:\\\/\\\/miklostv.com\\\/new\\\/wp-content\\\/uploads\\\/2021\\\/07\\\/kocc1_1.jpg\",\"contentUrl\":\"https:\\\/\\\/miklostv.com\\\/new\\\/wp-content\\\/uploads\\\/2021\\\/07\\\/kocc1_1.jpg\",\"width\":1250,\"height\":834,\"caption\":\"kocc1 1\"},{\"@type\":\"BreadcrumbList\",\"@id\":\"https:\\\/\\\/miklostv.com\\\/new\\\/2021\\\/07\\\/12\\\/baleset-a-gyalogatkelohelynel\\\/#breadcrumb\",\"itemListElement\":[{\"@type\":\"ListItem\",\"position\":1,\"name\":\"Kezd\u0151lap\",\"item\":\"https:\\\/\\\/miklostv.com\\\/new\\\/\"},{\"@type\":\"ListItem\",\"position\":2,\"name\":\"Baleset a gyalog\u00e1tkel\u0151helyn\u00e9l\"}]},{\"@type\":\"WebSite\",\"@id\":\"https:\\\/\\\/miklostv.com\\\/new\\\/#website\",\"url\":\"https:\\\/\\\/miklostv.com\\\/new\\\/\",\"name\":\"Mikl\u00f3s TV\",\"description\":\"Mikl\u00f3s TV\",\"potentialAction\":[{\"@type\":\"SearchAction\",\"target\":{\"@type\":\"EntryPoint\",\"urlTemplate\":\"https:\\\/\\\/miklostv.com\\\/new\\\/?s={search_term_string}\"},\"query-input\":{\"@type\":\"PropertyValueSpecification\",\"valueRequired\":true,\"valueName\":\"search_term_string\"}}],\"inLanguage\":\"hu\"},{\"@type\":\"Person\",\"@id\":\"https:\\\/\\\/miklostv.com\\\/new\\\/#\\\/schema\\\/person\\\/6339cdd0bbd336ec6345812e3958be3b\",\"name\":\"S\u00e1ndor\",\"sameAs\":[\"https:\\\/\\\/miklostv.com\\\/new\"],\"url\":\"https:\\\/\\\/miklostv.com\\\/new\\\/author\\\/sanyi\\\/\"}]}<\/script>\n<!-- \/ Yoast SEO plugin. -->","yoast_head_json":{"title":"Baleset a gyalog\u00e1tkel\u0151helyn\u00e9l - Mikl\u00f3s TV","robots":{"index":"index","follow":"follow","max-snippet":"max-snippet:-1","max-image-preview":"max-image-preview:large","max-video-preview":"max-video-preview:-1"},"canonical":"https:\/\/miklostv.com\/new\/2021\/07\/12\/baleset-a-gyalogatkelohelynel\/","og_locale":"hu_HU","og_type":"article","og_title":"Baleset a gyalog\u00e1tkel\u0151helyn\u00e9l - Mikl\u00f3s TV","og_description":"Egy szolnoki lakos k\u00f6zlekedett szem\u00e9lyg\u00e9pkocsival 2021. j\u00falius 11-\u00e9n 12 \u00f3ra 25 perc k\u00f6r\u00fcl T\u00f6r\u00f6kszentmikl\u00f3s belter\u00fclet\u00e9n. Halad\u00e1sa sor\u00e1n k\u00e9s\u0151n \u00e9szlelte az el\u0151tte l\u00e9v\u0151 szem\u00e9lyg\u00e9pkocsit, amely egy gyalogos\u00e1tkel\u0151hely el\u0151tt forgalmi okb\u00f3l v\u00e1rakozott \u00e9s a h\u00e1ts\u00f3 l\u00f6kh\u00e1r\u00edt\u00f3j\u00e1nak \u00fctk\u00f6z\u00f6tt. Az utol\u00e9rt j\u00e1rm\u0171 az \u00fctk\u00f6z\u00e9st\u0151l az el\u0151tte \u00e1ll\u00f3 \u00e9s szint\u00e9n forgalmi okb\u00f3l v\u00e1rakoz\u00f3 m\u00e1sik j\u00e1rm\u0171nek cs\u00faszott. A baleset k\u00f6vetkezt\u00e9ben \u2013 az els\u0151dleges orvosi v\u00e9lem\u00e9ny alapj\u00e1n \u2013 egy utas 8 napon bel\u00fcl gy\u00f3gyul\u00f3 s\u00e9r\u00fcl\u00e9st szenvedett. K\u00e9rj\u00fck a g\u00e9pj\u00e1rm\u0171vek vezet\u0151it, hogy a megfelel\u0151 k\u00f6vet\u00e9si t\u00e1vols\u00e1got mindig tarts\u00e1k be \u00e9s a gyalogos \u00e1tkel\u0151helyeket fokozott \u00f3vatoss\u00e1ggal \u00e9s k\u00f6r\u00fcltekint\u00e9ssel k\u00f6zel\u00edts\u00e9k&hellip;","og_url":"https:\/\/miklostv.com\/new\/2021\/07\/12\/baleset-a-gyalogatkelohelynel\/","og_site_name":"Mikl\u00f3s TV","article_published_time":"2021-07-12T10:39:27+00:00","og_image":[{"width":1250,"height":834,"url":"https:\/\/miklostv.com\/new\/wp-content\/uploads\/2021\/07\/kocc1_1.jpg","type":"image\/jpeg"}],"author":"S\u00e1ndor","twitter_card":"summary_large_image","twitter_misc":{"Szerz\u0151:":"S\u00e1ndor","Becs\u00fclt olvas\u00e1si id\u0151":"1 perc"},"schema":{"@context":"https:\/\/schema.org","@graph":[{"@type":"NewsArticle","@id":"https:\/\/miklostv.com\/new\/2021\/07\/12\/baleset-a-gyalogatkelohelynel\/#article","isPartOf":{"@id":"https:\/\/miklostv.com\/new\/2021\/07\/12\/baleset-a-gyalogatkelohelynel\/"},"author":{"name":"S\u00e1ndor","@id":"https:\/\/miklostv.com\/new\/#\/schema\/person\/6339cdd0bbd336ec6345812e3958be3b"},"headline":"Baleset a gyalog\u00e1tkel\u0151helyn\u00e9l","datePublished":"2021-07-12T10:39:27+00:00","mainEntityOfPage":{"@id":"https:\/\/miklostv.com\/new\/2021\/07\/12\/baleset-a-gyalogatkelohelynel\/"},"wordCount":171,"commentCount":0,"image":{"@id":"https:\/\/miklostv.com\/new\/2021\/07\/12\/baleset-a-gyalogatkelohelynel\/#primaryimage"},"thumbnailUrl":"https:\/\/miklostv.com\/new\/wp-content\/uploads\/2021\/07\/kocc1_1.jpg","articleSection":["A l\u00e9nyeg r\u00f6viden"],"inLanguage":"hu"},{"@type":"WebPage","@id":"https:\/\/miklostv.com\/new\/2021\/07\/12\/baleset-a-gyalogatkelohelynel\/","url":"https:\/\/miklostv.com\/new\/2021\/07\/12\/baleset-a-gyalogatkelohelynel\/","name":"Baleset a gyalog\u00e1tkel\u0151helyn\u00e9l - Mikl\u00f3s TV","isPartOf":{"@id":"https:\/\/miklostv.com\/new\/#website"},"primaryImageOfPage":{"@id":"https:\/\/miklostv.com\/new\/2021\/07\/12\/baleset-a-gyalogatkelohelynel\/#primaryimage"},"image":{"@id":"https:\/\/miklostv.com\/new\/2021\/07\/12\/baleset-a-gyalogatkelohelynel\/#primaryimage"},"thumbnailUrl":"https:\/\/miklostv.com\/new\/wp-content\/uploads\/2021\/07\/kocc1_1.jpg","datePublished":"2021-07-12T10:39:27+00:00","author":{"@id":"https:\/\/miklostv.com\/new\/#\/schema\/person\/6339cdd0bbd336ec6345812e3958be3b"},"breadcrumb":{"@id":"https:\/\/miklostv.com\/new\/2021\/07\/12\/baleset-a-gyalogatkelohelynel\/#breadcrumb"},"inLanguage":"hu","potentialAction":[{"@type":"ReadAction","target":["https:\/\/miklostv.com\/new\/2021\/07\/12\/baleset-a-gyalogatkelohelynel\/"]}]},{"@type":"ImageObject","inLanguage":"hu","@id":"https:\/\/miklostv.com\/new\/2021\/07\/12\/baleset-a-gyalogatkelohelynel\/#primaryimage","url":"https:\/\/miklostv.com\/new\/wp-content\/uploads\/2021\/07\/kocc1_1.jpg","contentUrl":"https:\/\/miklostv.com\/new\/wp-content\/uploads\/2021\/07\/kocc1_1.jpg","width":1250,"height":834,"caption":"kocc1 1"},{"@type":"BreadcrumbList","@id":"https:\/\/miklostv.com\/new\/2021\/07\/12\/baleset-a-gyalogatkelohelynel\/#breadcrumb","itemListElement":[{"@type":"ListItem","position":1,"name":"Kezd\u0151lap","item":"https:\/\/miklostv.com\/new\/"},{"@type":"ListItem","position":2,"name":"Baleset a gyalog\u00e1tkel\u0151helyn\u00e9l"}]},{"@type":"WebSite","@id":"https:\/\/miklostv.com\/new\/#website","url":"https:\/\/miklostv.com\/new\/","name":"Mikl\u00f3s TV","description":"Mikl\u00f3s TV","potentialAction":[{"@type":"SearchAction","target":{"@type":"EntryPoint","urlTemplate":"https:\/\/miklostv.com\/new\/?s={search_term_string}"},"query-input":{"@type":"PropertyValueSpecification","valueRequired":true,"valueName":"search_term_string"}}],"inLanguage":"hu"},{"@type":"Person","@id":"https:\/\/miklostv.com\/new\/#\/schema\/person\/6339cdd0bbd336ec6345812e3958be3b","name":"S\u00e1ndor","sameAs":["https:\/\/miklostv.com\/new"],"url":"https:\/\/miklostv.com\/new\/author\/sanyi\/"}]}},"_links":{"self":[{"href":"https:\/\/miklostv.com\/new\/wp-json\/wp\/v2\/posts\/4606","targetHints":{"allow":["GET"]}}],"collection":[{"href":"https:\/\/miklostv.com\/new\/wp-json\/wp\/v2\/posts"}],"about":[{"href":"https:\/\/miklostv.com\/new\/wp-json\/wp\/v2\/types\/post"}],"author":[{"embeddable":true,"href":"https:\/\/miklostv.com\/new\/wp-json\/wp\/v2\/users\/1"}],"replies":[{"embeddable":true,"href":"https:\/\/miklostv.com\/new\/wp-json\/wp\/v2\/comments?post=4606"}],"version-history":[{"count":0,"href":"https:\/\/miklostv.com\/new\/wp-json\/wp\/v2\/posts\/4606\/revisions"}],"wp:featuredmedia":[{"embeddable":true,"href":"https:\/\/miklostv.com\/new\/wp-json\/wp\/v2\/media\/4604"}],"wp:attachment":[{"href":"https:\/\/miklostv.com\/new\/wp-json\/wp\/v2\/media?parent=4606"}],"wp:term":[{"taxonomy":"category","embeddable":true,"href":"https:\/\/miklostv.com\/new\/wp-json\/wp\/v2\/categories?post=4606"},{"taxonomy":"post_tag","embeddable":true,"href":"https:\/\/miklostv.com\/new\/wp-json\/wp\/v2\/tags?post=4606"}],"curies":[{"name":"wp","href":"https:\/\/api.w.org\/{rel}","templated":true}]}}