{"id":4603,"date":"2021-06-24T10:04:35","date_gmt":"2021-06-24T10:04:35","guid":{"rendered":"https:\/\/miklostv.com\/new\/2021\/06\/24\/forgalomeltereles-a-4-szamu-fout-torokszentmiklosi-szakaszan\/"},"modified":"2023-02-08T21:17:36","modified_gmt":"2023-02-08T21:17:36","slug":"forgalomeltereles-a-4-szamu-fout-torokszentmiklosi-szakaszan","status":"publish","type":"post","link":"https:\/\/miklostv.com\/new\/2021\/06\/24\/forgalomeltereles-a-4-szamu-fout-torokszentmiklosi-szakaszan\/","title":{"rendered":"FORGALOMELTEREL\u00c9S A 4. SZ\u00c1M\u00da F\u0150\u00daT T\u00d6R\u00d6KSZENTMIKL\u00d3SI SZAKASZ\u00c1N"},"content":{"rendered":"<p><strong><span style=\"font-size: 12pt;\">A gyorsforgalmi \u00fat T\u00f6r\u00f6kszentmikl\u00f3sn\u00e1l l\u00e9v\u0151 v\u00e9gcsom\u00f3pont \u00e9p\u00edt\u00e9s\u00e9nek megkezd\u00e9se miatt, 2021. j\u00fanius 24-t\u0151l, v\u00e1rhat\u00f3an 6 h\u00f3napig forgalomelterel\u00e9sre sz\u00e1m\u00edthatnak a 4. sz\u00e1m\u00fa f\u0151\u00fat t\u00f6r\u00f6kszentmikl\u00f3si szakasz\u00e1n k\u00f6zleked\u0151k.<\/span><\/strong><\/p>\n<p>A Budapest fel\u00f6l \u00e9rkez\u0151k a f\u0151\u00fat 111 km szelv\u00e9ny\u00e9t\u0151l, a Debrecen ir\u00e1ny\u00e1b\u00f3l \u00e9rkez\u0151k a 114 km szelv\u00e9nyt\u0151l sz\u00e1m\u00edthatnak sebess\u00e9gkorl\u00e1toz\u00e1sra \u00e9s forgalomterel\u00e9sre.<\/p>\n<div>A terel\u00e9sn\u00e9l 60-40-20 km\/\u00f3 sebess\u00e9gkorl\u00e1toz\u00e1s, valamint a menetid\u0151 megn\u00f6veked\u00e9s v\u00e1rhat\u00f3.<\/p>\n<\/div>\n<div>A 4. sz. f\u0151\u00fat forgalma, a beruh\u00e1z\u00e1s keret\u00e9ben m\u00e1r elk\u00e9sz\u00fclt, az \u00e1br\u00e1n jel\u00f6lt, A, B \u00e9s C jel\u0171 k\u00f6rforgalmakra ker\u00fcl \u00e1tterel\u00e9sre, annak \u00e9rdek\u00e9ben, hogy a gyorsforgalmi \u00fati szakaszok a tov\u00e1bbiakban meg\u00e9p\u00edthet\u0151ek legyenek.<\/div>\n<div>A Budapest fel\u0151l \u00e9rkez\u0151k az A-B-C, m\u00edg a Debrecen fel\u00f6l \u00e9rkez\u0151k a C-B jel\u0171 k\u00f6rforgalmakon kereszt\u00fcl haladva tudj\u00e1k folytani \u00fatjukat.<\/div>\n<div>T\u00f6r\u00f6kszentmikl\u00f3s \u00e9s Tiszap\u00fcsp\u00f6ki telep\u00fcl\u00e9sek szint\u00e9n a m\u00e1r meg\u00e9p\u00fclt k\u00f6rforgalmakon kereszt\u00fcl k\u00f6zel\u00edthet\u0151k meg.<\/div>\n<div>A k\u00f6rforgalmakban a v\u00e1laszthat\u00f3 \u00fatir\u00e1nyokat \u00fatbaigaz\u00edt\u00f3 t\u00e1bl\u00e1k jelzik.<\/div>\n<div>A forgalmi rend jelent\u0151s megv\u00e1ltoz\u00e1sa miatt k\u00e9rj\u00fck ne megszok\u00e1sb\u00f3l, hanem a t\u00e1blak\u00e9peket k\u00f6vetve haladjanak \u00fatic\u00e9ljuk fel\u00e9!<\/div>\n<div>Az ideiglenes terel\u00e9s ki\u00e9p\u00edt\u00e9s\u00e9re 2021. j\u00fanius 24-\u00e9n 11-13 \u00f3ra k\u00f6z\u00f6tti id\u0151ben ker\u00fcl sor. Ez id\u0151 alatt a 4. sz. f\u0151\u00fat forgalma rend\u0151ri ir\u00e1ny\u00edt\u00e1s mellett terel\u00e9sre ker\u00fcl, illetve a Debrecen fel\u00e9 k\u00f6zleked\u0151k egy alkalommal r\u00f6vid id\u0151tartamra meg\u00e1ll\u00edt\u00e1sra ker\u00fclnek.<\/div>\n<div>Javasoljuk, hogy akinek m\u00f3dj\u00e1ban \u00e1ll, a forgalomterel\u00e9s ki\u00e9p\u00edt\u00e9s\u00e9nek ideje alatt m\u00e1s \u00fatvonalat vegyen ig\u00e9nybe.<\/div>\n<div>Az \u00e9rintett szakaszon k\u00e9rj\u00fck a k\u00f6r\u00fcltekint\u0151, biztons\u00e1gos vezet\u00e9st, minden k\u00f6zleked\u0151t\u0151l.<\/p>\n<p>forr\u00e1s:\u00a0Nemzeti Infrastrukt\u00fara Fejleszt\u0151 Zrt. facebook<\/p>\n<\/div>\n","protected":false},"excerpt":{"rendered":"<p>A gyorsforgalmi \u00fat T\u00f6r\u00f6kszentmikl\u00f3sn\u00e1l l\u00e9v\u0151 v\u00e9gcsom\u00f3pont \u00e9p\u00edt\u00e9s\u00e9nek megkezd\u00e9se miatt, 2021. j\u00fanius 24-t\u0151l, v\u00e1rhat\u00f3an 6 h\u00f3napig forgalomelterel\u00e9sre sz\u00e1m\u00edthatnak a 4. sz\u00e1m\u00fa f\u0151\u00fat t\u00f6r\u00f6kszentmikl\u00f3si szakasz\u00e1n k\u00f6zleked\u0151k. A Budapest fel\u00f6l \u00e9rkez\u0151k a f\u0151\u00fat 111 km szelv\u00e9ny\u00e9t\u0151l, a Debrecen ir\u00e1ny\u00e1b\u00f3l \u00e9rkez\u0151k a 114 km szelv\u00e9nyt\u0151l sz\u00e1m\u00edthatnak sebess\u00e9gkorl\u00e1toz\u00e1sra \u00e9s forgalomterel\u00e9sre. A terel\u00e9sn\u00e9l 60-40-20 km\/\u00f3 sebess\u00e9gkorl\u00e1toz\u00e1s, valamint a menetid\u0151 megn\u00f6veked\u00e9s v\u00e1rhat\u00f3. A 4. sz. f\u0151\u00fat forgalma, a beruh\u00e1z\u00e1s keret\u00e9ben m\u00e1r elk\u00e9sz\u00fclt, az \u00e1br\u00e1n jel\u00f6lt, A, B \u00e9s C jel\u0171 k\u00f6rforgalmakra ker\u00fcl \u00e1tterel\u00e9sre, annak \u00e9rdek\u00e9ben, hogy a gyorsforgalmi \u00fati szakaszok a tov\u00e1bbiakban meg\u00e9p\u00edthet\u0151ek legyenek. A Budapest fel\u0151l&hellip;<\/p>\n","protected":false},"author":1,"featured_media":4602,"comment_status":"open","ping_status":"open","sticky":false,"template":"","format":"standard","meta":{"fifu_image_url":"","fifu_image_alt":"","footnotes":""},"categories":[32],"tags":[],"class_list":["post-4603","post","type-post","status-publish","format-standard","has-post-thumbnail","hentry","category-hirek2"],"gutentor_comment":0,"yoast_head":"<!-- This site is optimized with the Yoast SEO plugin v27.5 - https:\/\/yoast.com\/product\/yoast-seo-wordpress\/ -->\n<title>FORGALOMELTEREL\u00c9S A 4. SZ\u00c1M\u00da F\u0150\u00daT T\u00d6R\u00d6KSZENTMIKL\u00d3SI SZAKASZ\u00c1N - Mikl\u00f3s TV<\/title>\n<meta name=\"robots\" content=\"index, follow, max-snippet:-1, max-image-preview:large, max-video-preview:-1\" \/>\n<link rel=\"canonical\" href=\"https:\/\/miklostv.com\/new\/2021\/06\/24\/forgalomeltereles-a-4-szamu-fout-torokszentmiklosi-szakaszan\/\" \/>\n<meta property=\"og:locale\" content=\"hu_HU\" \/>\n<meta property=\"og:type\" content=\"article\" \/>\n<meta property=\"og:title\" content=\"FORGALOMELTEREL\u00c9S A 4. SZ\u00c1M\u00da F\u0150\u00daT T\u00d6R\u00d6KSZENTMIKL\u00d3SI SZAKASZ\u00c1N - Mikl\u00f3s TV\" \/>\n<meta property=\"og:description\" content=\"A gyorsforgalmi \u00fat T\u00f6r\u00f6kszentmikl\u00f3sn\u00e1l l\u00e9v\u0151 v\u00e9gcsom\u00f3pont \u00e9p\u00edt\u00e9s\u00e9nek megkezd\u00e9se miatt, 2021. j\u00fanius 24-t\u0151l, v\u00e1rhat\u00f3an 6 h\u00f3napig forgalomelterel\u00e9sre sz\u00e1m\u00edthatnak a 4. sz\u00e1m\u00fa f\u0151\u00fat t\u00f6r\u00f6kszentmikl\u00f3si szakasz\u00e1n k\u00f6zleked\u0151k. A Budapest fel\u00f6l \u00e9rkez\u0151k a f\u0151\u00fat 111 km szelv\u00e9ny\u00e9t\u0151l, a Debrecen ir\u00e1ny\u00e1b\u00f3l \u00e9rkez\u0151k a 114 km szelv\u00e9nyt\u0151l sz\u00e1m\u00edthatnak sebess\u00e9gkorl\u00e1toz\u00e1sra \u00e9s forgalomterel\u00e9sre. A terel\u00e9sn\u00e9l 60-40-20 km\/\u00f3 sebess\u00e9gkorl\u00e1toz\u00e1s, valamint a menetid\u0151 megn\u00f6veked\u00e9s v\u00e1rhat\u00f3. A 4. sz. f\u0151\u00fat forgalma, a beruh\u00e1z\u00e1s keret\u00e9ben m\u00e1r elk\u00e9sz\u00fclt, az \u00e1br\u00e1n jel\u00f6lt, A, B \u00e9s C jel\u0171 k\u00f6rforgalmakra ker\u00fcl \u00e1tterel\u00e9sre, annak \u00e9rdek\u00e9ben, hogy a gyorsforgalmi \u00fati szakaszok a tov\u00e1bbiakban meg\u00e9p\u00edthet\u0151ek legyenek. A Budapest fel\u0151l&hellip;\" \/>\n<meta property=\"og:url\" content=\"https:\/\/miklostv.com\/new\/2021\/06\/24\/forgalomeltereles-a-4-szamu-fout-torokszentmiklosi-szakaszan\/\" \/>\n<meta property=\"og:site_name\" content=\"Mikl\u00f3s TV\" \/>\n<meta property=\"article:published_time\" content=\"2021-06-24T10:04:35+00:00\" \/>\n<meta property=\"article:modified_time\" content=\"2023-02-08T21:17:36+00:00\" \/>\n<meta property=\"og:image\" content=\"https:\/\/miklostv.com\/new\/wp-content\/uploads\/2021\/06\/204119975_1855856081254191_7217336342627522698_n.png\" \/>\n\t<meta property=\"og:image:width\" content=\"966\" \/>\n\t<meta property=\"og:image:height\" content=\"538\" \/>\n\t<meta property=\"og:image:type\" content=\"image\/png\" \/>\n<meta name=\"author\" content=\"S\u00e1ndor\" \/>\n<meta name=\"twitter:card\" content=\"summary_large_image\" \/>\n<meta name=\"twitter:label1\" content=\"Szerz\u0151:\" \/>\n\t<meta name=\"twitter:data1\" content=\"S\u00e1ndor\" \/>\n\t<meta name=\"twitter:label2\" content=\"Becs\u00fclt olvas\u00e1si id\u0151\" \/>\n\t<meta name=\"twitter:data2\" content=\"2 perc\" \/>\n<script type=\"application\/ld+json\" class=\"yoast-schema-graph\">{\"@context\":\"https:\\\/\\\/schema.org\",\"@graph\":[{\"@type\":\"NewsArticle\",\"@id\":\"https:\\\/\\\/miklostv.com\\\/new\\\/2021\\\/06\\\/24\\\/forgalomeltereles-a-4-szamu-fout-torokszentmiklosi-szakaszan\\\/#article\",\"isPartOf\":{\"@id\":\"https:\\\/\\\/miklostv.com\\\/new\\\/2021\\\/06\\\/24\\\/forgalomeltereles-a-4-szamu-fout-torokszentmiklosi-szakaszan\\\/\"},\"author\":{\"name\":\"S\u00e1ndor\",\"@id\":\"https:\\\/\\\/miklostv.com\\\/new\\\/#\\\/schema\\\/person\\\/6339cdd0bbd336ec6345812e3958be3b\"},\"headline\":\"FORGALOMELTEREL\u00c9S A 4. SZ\u00c1M\u00da F\u0150\u00daT T\u00d6R\u00d6KSZENTMIKL\u00d3SI SZAKASZ\u00c1N\",\"datePublished\":\"2021-06-24T10:04:35+00:00\",\"dateModified\":\"2023-02-08T21:17:36+00:00\",\"mainEntityOfPage\":{\"@id\":\"https:\\\/\\\/miklostv.com\\\/new\\\/2021\\\/06\\\/24\\\/forgalomeltereles-a-4-szamu-fout-torokszentmiklosi-szakaszan\\\/\"},\"wordCount\":373,\"commentCount\":0,\"image\":{\"@id\":\"https:\\\/\\\/miklostv.com\\\/new\\\/2021\\\/06\\\/24\\\/forgalomeltereles-a-4-szamu-fout-torokszentmiklosi-szakaszan\\\/#primaryimage\"},\"thumbnailUrl\":\"https:\\\/\\\/miklostv.com\\\/new\\\/wp-content\\\/uploads\\\/2021\\\/06\\\/204119975_1855856081254191_7217336342627522698_n.png\",\"articleSection\":[\"A l\u00e9nyeg r\u00f6viden\"],\"inLanguage\":\"hu\"},{\"@type\":\"WebPage\",\"@id\":\"https:\\\/\\\/miklostv.com\\\/new\\\/2021\\\/06\\\/24\\\/forgalomeltereles-a-4-szamu-fout-torokszentmiklosi-szakaszan\\\/\",\"url\":\"https:\\\/\\\/miklostv.com\\\/new\\\/2021\\\/06\\\/24\\\/forgalomeltereles-a-4-szamu-fout-torokszentmiklosi-szakaszan\\\/\",\"name\":\"FORGALOMELTEREL\u00c9S A 4. SZ\u00c1M\u00da F\u0150\u00daT T\u00d6R\u00d6KSZENTMIKL\u00d3SI SZAKASZ\u00c1N - Mikl\u00f3s TV\",\"isPartOf\":{\"@id\":\"https:\\\/\\\/miklostv.com\\\/new\\\/#website\"},\"primaryImageOfPage\":{\"@id\":\"https:\\\/\\\/miklostv.com\\\/new\\\/2021\\\/06\\\/24\\\/forgalomeltereles-a-4-szamu-fout-torokszentmiklosi-szakaszan\\\/#primaryimage\"},\"image\":{\"@id\":\"https:\\\/\\\/miklostv.com\\\/new\\\/2021\\\/06\\\/24\\\/forgalomeltereles-a-4-szamu-fout-torokszentmiklosi-szakaszan\\\/#primaryimage\"},\"thumbnailUrl\":\"https:\\\/\\\/miklostv.com\\\/new\\\/wp-content\\\/uploads\\\/2021\\\/06\\\/204119975_1855856081254191_7217336342627522698_n.png\",\"datePublished\":\"2021-06-24T10:04:35+00:00\",\"dateModified\":\"2023-02-08T21:17:36+00:00\",\"author\":{\"@id\":\"https:\\\/\\\/miklostv.com\\\/new\\\/#\\\/schema\\\/person\\\/6339cdd0bbd336ec6345812e3958be3b\"},\"breadcrumb\":{\"@id\":\"https:\\\/\\\/miklostv.com\\\/new\\\/2021\\\/06\\\/24\\\/forgalomeltereles-a-4-szamu-fout-torokszentmiklosi-szakaszan\\\/#breadcrumb\"},\"inLanguage\":\"hu\",\"potentialAction\":[{\"@type\":\"ReadAction\",\"target\":[\"https:\\\/\\\/miklostv.com\\\/new\\\/2021\\\/06\\\/24\\\/forgalomeltereles-a-4-szamu-fout-torokszentmiklosi-szakaszan\\\/\"]}]},{\"@type\":\"ImageObject\",\"inLanguage\":\"hu\",\"@id\":\"https:\\\/\\\/miklostv.com\\\/new\\\/2021\\\/06\\\/24\\\/forgalomeltereles-a-4-szamu-fout-torokszentmiklosi-szakaszan\\\/#primaryimage\",\"url\":\"https:\\\/\\\/miklostv.com\\\/new\\\/wp-content\\\/uploads\\\/2021\\\/06\\\/204119975_1855856081254191_7217336342627522698_n.png\",\"contentUrl\":\"https:\\\/\\\/miklostv.com\\\/new\\\/wp-content\\\/uploads\\\/2021\\\/06\\\/204119975_1855856081254191_7217336342627522698_n.png\",\"width\":966,\"height\":538,\"caption\":\"204119975 1855856081254191 7217336342627522698 n\"},{\"@type\":\"BreadcrumbList\",\"@id\":\"https:\\\/\\\/miklostv.com\\\/new\\\/2021\\\/06\\\/24\\\/forgalomeltereles-a-4-szamu-fout-torokszentmiklosi-szakaszan\\\/#breadcrumb\",\"itemListElement\":[{\"@type\":\"ListItem\",\"position\":1,\"name\":\"Kezd\u0151lap\",\"item\":\"https:\\\/\\\/miklostv.com\\\/new\\\/\"},{\"@type\":\"ListItem\",\"position\":2,\"name\":\"FORGALOMELTEREL\u00c9S A 4. SZ\u00c1M\u00da F\u0150\u00daT T\u00d6R\u00d6KSZENTMIKL\u00d3SI SZAKASZ\u00c1N\"}]},{\"@type\":\"WebSite\",\"@id\":\"https:\\\/\\\/miklostv.com\\\/new\\\/#website\",\"url\":\"https:\\\/\\\/miklostv.com\\\/new\\\/\",\"name\":\"Mikl\u00f3s TV\",\"description\":\"Mikl\u00f3s TV\",\"potentialAction\":[{\"@type\":\"SearchAction\",\"target\":{\"@type\":\"EntryPoint\",\"urlTemplate\":\"https:\\\/\\\/miklostv.com\\\/new\\\/?s={search_term_string}\"},\"query-input\":{\"@type\":\"PropertyValueSpecification\",\"valueRequired\":true,\"valueName\":\"search_term_string\"}}],\"inLanguage\":\"hu\"},{\"@type\":\"Person\",\"@id\":\"https:\\\/\\\/miklostv.com\\\/new\\\/#\\\/schema\\\/person\\\/6339cdd0bbd336ec6345812e3958be3b\",\"name\":\"S\u00e1ndor\",\"sameAs\":[\"https:\\\/\\\/miklostv.com\\\/new\"],\"url\":\"https:\\\/\\\/miklostv.com\\\/new\\\/author\\\/sanyi\\\/\"}]}<\/script>\n<!-- \/ Yoast SEO plugin. -->","yoast_head_json":{"title":"FORGALOMELTEREL\u00c9S A 4. SZ\u00c1M\u00da F\u0150\u00daT T\u00d6R\u00d6KSZENTMIKL\u00d3SI SZAKASZ\u00c1N - Mikl\u00f3s TV","robots":{"index":"index","follow":"follow","max-snippet":"max-snippet:-1","max-image-preview":"max-image-preview:large","max-video-preview":"max-video-preview:-1"},"canonical":"https:\/\/miklostv.com\/new\/2021\/06\/24\/forgalomeltereles-a-4-szamu-fout-torokszentmiklosi-szakaszan\/","og_locale":"hu_HU","og_type":"article","og_title":"FORGALOMELTEREL\u00c9S A 4. SZ\u00c1M\u00da F\u0150\u00daT T\u00d6R\u00d6KSZENTMIKL\u00d3SI SZAKASZ\u00c1N - Mikl\u00f3s TV","og_description":"A gyorsforgalmi \u00fat T\u00f6r\u00f6kszentmikl\u00f3sn\u00e1l l\u00e9v\u0151 v\u00e9gcsom\u00f3pont \u00e9p\u00edt\u00e9s\u00e9nek megkezd\u00e9se miatt, 2021. j\u00fanius 24-t\u0151l, v\u00e1rhat\u00f3an 6 h\u00f3napig forgalomelterel\u00e9sre sz\u00e1m\u00edthatnak a 4. sz\u00e1m\u00fa f\u0151\u00fat t\u00f6r\u00f6kszentmikl\u00f3si szakasz\u00e1n k\u00f6zleked\u0151k. A Budapest fel\u00f6l \u00e9rkez\u0151k a f\u0151\u00fat 111 km szelv\u00e9ny\u00e9t\u0151l, a Debrecen ir\u00e1ny\u00e1b\u00f3l \u00e9rkez\u0151k a 114 km szelv\u00e9nyt\u0151l sz\u00e1m\u00edthatnak sebess\u00e9gkorl\u00e1toz\u00e1sra \u00e9s forgalomterel\u00e9sre. A terel\u00e9sn\u00e9l 60-40-20 km\/\u00f3 sebess\u00e9gkorl\u00e1toz\u00e1s, valamint a menetid\u0151 megn\u00f6veked\u00e9s v\u00e1rhat\u00f3. A 4. sz. f\u0151\u00fat forgalma, a beruh\u00e1z\u00e1s keret\u00e9ben m\u00e1r elk\u00e9sz\u00fclt, az \u00e1br\u00e1n jel\u00f6lt, A, B \u00e9s C jel\u0171 k\u00f6rforgalmakra ker\u00fcl \u00e1tterel\u00e9sre, annak \u00e9rdek\u00e9ben, hogy a gyorsforgalmi \u00fati szakaszok a tov\u00e1bbiakban meg\u00e9p\u00edthet\u0151ek legyenek. A Budapest fel\u0151l&hellip;","og_url":"https:\/\/miklostv.com\/new\/2021\/06\/24\/forgalomeltereles-a-4-szamu-fout-torokszentmiklosi-szakaszan\/","og_site_name":"Mikl\u00f3s TV","article_published_time":"2021-06-24T10:04:35+00:00","article_modified_time":"2023-02-08T21:17:36+00:00","og_image":[{"width":966,"height":538,"url":"https:\/\/miklostv.com\/new\/wp-content\/uploads\/2021\/06\/204119975_1855856081254191_7217336342627522698_n.png","type":"image\/png"}],"author":"S\u00e1ndor","twitter_card":"summary_large_image","twitter_misc":{"Szerz\u0151:":"S\u00e1ndor","Becs\u00fclt olvas\u00e1si id\u0151":"2 perc"},"schema":{"@context":"https:\/\/schema.org","@graph":[{"@type":"NewsArticle","@id":"https:\/\/miklostv.com\/new\/2021\/06\/24\/forgalomeltereles-a-4-szamu-fout-torokszentmiklosi-szakaszan\/#article","isPartOf":{"@id":"https:\/\/miklostv.com\/new\/2021\/06\/24\/forgalomeltereles-a-4-szamu-fout-torokszentmiklosi-szakaszan\/"},"author":{"name":"S\u00e1ndor","@id":"https:\/\/miklostv.com\/new\/#\/schema\/person\/6339cdd0bbd336ec6345812e3958be3b"},"headline":"FORGALOMELTEREL\u00c9S A 4. SZ\u00c1M\u00da F\u0150\u00daT T\u00d6R\u00d6KSZENTMIKL\u00d3SI SZAKASZ\u00c1N","datePublished":"2021-06-24T10:04:35+00:00","dateModified":"2023-02-08T21:17:36+00:00","mainEntityOfPage":{"@id":"https:\/\/miklostv.com\/new\/2021\/06\/24\/forgalomeltereles-a-4-szamu-fout-torokszentmiklosi-szakaszan\/"},"wordCount":373,"commentCount":0,"image":{"@id":"https:\/\/miklostv.com\/new\/2021\/06\/24\/forgalomeltereles-a-4-szamu-fout-torokszentmiklosi-szakaszan\/#primaryimage"},"thumbnailUrl":"https:\/\/miklostv.com\/new\/wp-content\/uploads\/2021\/06\/204119975_1855856081254191_7217336342627522698_n.png","articleSection":["A l\u00e9nyeg r\u00f6viden"],"inLanguage":"hu"},{"@type":"WebPage","@id":"https:\/\/miklostv.com\/new\/2021\/06\/24\/forgalomeltereles-a-4-szamu-fout-torokszentmiklosi-szakaszan\/","url":"https:\/\/miklostv.com\/new\/2021\/06\/24\/forgalomeltereles-a-4-szamu-fout-torokszentmiklosi-szakaszan\/","name":"FORGALOMELTEREL\u00c9S A 4. SZ\u00c1M\u00da F\u0150\u00daT T\u00d6R\u00d6KSZENTMIKL\u00d3SI SZAKASZ\u00c1N - Mikl\u00f3s TV","isPartOf":{"@id":"https:\/\/miklostv.com\/new\/#website"},"primaryImageOfPage":{"@id":"https:\/\/miklostv.com\/new\/2021\/06\/24\/forgalomeltereles-a-4-szamu-fout-torokszentmiklosi-szakaszan\/#primaryimage"},"image":{"@id":"https:\/\/miklostv.com\/new\/2021\/06\/24\/forgalomeltereles-a-4-szamu-fout-torokszentmiklosi-szakaszan\/#primaryimage"},"thumbnailUrl":"https:\/\/miklostv.com\/new\/wp-content\/uploads\/2021\/06\/204119975_1855856081254191_7217336342627522698_n.png","datePublished":"2021-06-24T10:04:35+00:00","dateModified":"2023-02-08T21:17:36+00:00","author":{"@id":"https:\/\/miklostv.com\/new\/#\/schema\/person\/6339cdd0bbd336ec6345812e3958be3b"},"breadcrumb":{"@id":"https:\/\/miklostv.com\/new\/2021\/06\/24\/forgalomeltereles-a-4-szamu-fout-torokszentmiklosi-szakaszan\/#breadcrumb"},"inLanguage":"hu","potentialAction":[{"@type":"ReadAction","target":["https:\/\/miklostv.com\/new\/2021\/06\/24\/forgalomeltereles-a-4-szamu-fout-torokszentmiklosi-szakaszan\/"]}]},{"@type":"ImageObject","inLanguage":"hu","@id":"https:\/\/miklostv.com\/new\/2021\/06\/24\/forgalomeltereles-a-4-szamu-fout-torokszentmiklosi-szakaszan\/#primaryimage","url":"https:\/\/miklostv.com\/new\/wp-content\/uploads\/2021\/06\/204119975_1855856081254191_7217336342627522698_n.png","contentUrl":"https:\/\/miklostv.com\/new\/wp-content\/uploads\/2021\/06\/204119975_1855856081254191_7217336342627522698_n.png","width":966,"height":538,"caption":"204119975 1855856081254191 7217336342627522698 n"},{"@type":"BreadcrumbList","@id":"https:\/\/miklostv.com\/new\/2021\/06\/24\/forgalomeltereles-a-4-szamu-fout-torokszentmiklosi-szakaszan\/#breadcrumb","itemListElement":[{"@type":"ListItem","position":1,"name":"Kezd\u0151lap","item":"https:\/\/miklostv.com\/new\/"},{"@type":"ListItem","position":2,"name":"FORGALOMELTEREL\u00c9S A 4. SZ\u00c1M\u00da F\u0150\u00daT T\u00d6R\u00d6KSZENTMIKL\u00d3SI SZAKASZ\u00c1N"}]},{"@type":"WebSite","@id":"https:\/\/miklostv.com\/new\/#website","url":"https:\/\/miklostv.com\/new\/","name":"Mikl\u00f3s TV","description":"Mikl\u00f3s TV","potentialAction":[{"@type":"SearchAction","target":{"@type":"EntryPoint","urlTemplate":"https:\/\/miklostv.com\/new\/?s={search_term_string}"},"query-input":{"@type":"PropertyValueSpecification","valueRequired":true,"valueName":"search_term_string"}}],"inLanguage":"hu"},{"@type":"Person","@id":"https:\/\/miklostv.com\/new\/#\/schema\/person\/6339cdd0bbd336ec6345812e3958be3b","name":"S\u00e1ndor","sameAs":["https:\/\/miklostv.com\/new"],"url":"https:\/\/miklostv.com\/new\/author\/sanyi\/"}]}},"_links":{"self":[{"href":"https:\/\/miklostv.com\/new\/wp-json\/wp\/v2\/posts\/4603","targetHints":{"allow":["GET"]}}],"collection":[{"href":"https:\/\/miklostv.com\/new\/wp-json\/wp\/v2\/posts"}],"about":[{"href":"https:\/\/miklostv.com\/new\/wp-json\/wp\/v2\/types\/post"}],"author":[{"embeddable":true,"href":"https:\/\/miklostv.com\/new\/wp-json\/wp\/v2\/users\/1"}],"replies":[{"embeddable":true,"href":"https:\/\/miklostv.com\/new\/wp-json\/wp\/v2\/comments?post=4603"}],"version-history":[{"count":1,"href":"https:\/\/miklostv.com\/new\/wp-json\/wp\/v2\/posts\/4603\/revisions"}],"predecessor-version":[{"id":7798,"href":"https:\/\/miklostv.com\/new\/wp-json\/wp\/v2\/posts\/4603\/revisions\/7798"}],"wp:featuredmedia":[{"embeddable":true,"href":"https:\/\/miklostv.com\/new\/wp-json\/wp\/v2\/media\/4602"}],"wp:attachment":[{"href":"https:\/\/miklostv.com\/new\/wp-json\/wp\/v2\/media?parent=4603"}],"wp:term":[{"taxonomy":"category","embeddable":true,"href":"https:\/\/miklostv.com\/new\/wp-json\/wp\/v2\/categories?post=4603"},{"taxonomy":"post_tag","embeddable":true,"href":"https:\/\/miklostv.com\/new\/wp-json\/wp\/v2\/tags?post=4603"}],"curies":[{"name":"wp","href":"https:\/\/api.w.org\/{rel}","templated":true}]}}