{"id":4601,"date":"2021-06-10T13:38:33","date_gmt":"2021-06-10T13:38:33","guid":{"rendered":"https:\/\/miklostv.com\/new\/2021\/06\/10\/foliasatrak-egtek-egy-torokszentmiklosi-kerteszetben\/"},"modified":"2021-06-10T13:38:33","modified_gmt":"2021-06-10T13:38:33","slug":"foliasatrak-egtek-egy-torokszentmiklosi-kerteszetben","status":"publish","type":"post","link":"https:\/\/miklostv.com\/new\/2021\/06\/10\/foliasatrak-egtek-egy-torokszentmiklosi-kerteszetben\/","title":{"rendered":"F\u00f3lias\u00e1trak \u00e9gtek egy t\u00f6r\u00f6kszentmikl\u00f3si kert\u00e9szetben"},"content":{"rendered":"<p><span style=\"font-size: 12pt;\"><strong>A t\u0171z ezer\u00f6tsz\u00e1z n\u00e9gyzetm\u00e9teren puszt\u00edtott.<\/strong><\/span><\/p>\n<p>T\u0171z keletkezett egy T\u00f6r\u00f6kszentmikl\u00f3s k\u00fclter\u00fclet\u00e9n l\u00e9v\u0151 vir\u00e1gkert\u00e9szetben cs\u00fct\u00f6rt\u00f6k d\u00e9lel\u0151tt. A l\u00e1ngok a f\u00f3lias\u00e1trak f\u0171t\u00e9s\u00e9re szolg\u00e1l\u00f3 kaz\u00e1nh\u00e1z mellett \u00e1tterjedtek az \u00f6t s\u00e1torra, valamint a k\u00f6zelben felhalmozott t\u00e1rgyakra is. Az egys\u00e9gek ki\u00e9rkez\u00e9se el\u0151tt k\u00e9t g\u00e1zpalack is felrobbant. <\/p>\n<p><img fetchpriority=\"high\" decoding=\"async\" class=\" size-full wp-image-4600\" src=\"https:\/\/miklostv.com\/new\/wp-content\/uploads\/2021\/06\/tuz_koller_kerteszet2.jpg\" alt=\"t\u0171z koller kert\u00e9szet2\" width=\"512\" height=\"383\" srcset=\"https:\/\/miklostv.com\/new\/wp-content\/uploads\/2021\/06\/tuz_koller_kerteszet2.jpg 512w, https:\/\/miklostv.com\/new\/wp-content\/uploads\/2021\/06\/tuz_koller_kerteszet2-300x224.jpg 300w\" sizes=\"(max-width: 512px) 100vw, 512px\" \/><\/p>\n<p>A szolnoki \u00e9s a mez\u0151t\u00fari hivat\u00e1sos, valamint a t\u00f6r\u00f6kszentmikl\u00f3si \u00f6nkorm\u00e1nyzati t\u0171zolt\u00f3knak&nbsp; hat v\u00edzsug\u00e1r seg\u00edts\u00e9g\u00e9vel siker\u00fclt megakad\u00e1lyozni, hogy a f\u00f3lias\u00e1trak teljesen a l\u00e1ngok martal\u00e9k\u00e1v\u00e1 v\u00e1ljanak; ami azt jelenti, hogy az \u00f6tezer n\u00e9gyzetm\u00e9ternyi s\u00e1torb\u00f3l \u00f6tsz\u00e1z n\u00e9gyzetm\u00e9ter \u00e9gett le. A s\u00e1trak k\u00f6r\u00fcl ezer n\u00e9gyzetm\u00e9ternyi ter\u00fcleten puszt\u00edtott t\u0171z, amely megsemmis\u00edtett t\u00f6bb kerti szersz\u00e1mg\u00e9pet \u00e9s egy \u00f6nt\u00f6z\u0151berendez\u00e9st, valamint k\u00e1rt tett egy kistraktorban. A helysz\u00ednre h\u00fasz t\u0171zolt\u00f3 \u00f6t g\u00e9pj\u00e1rm\u0171vel \u00e9rkezett.<\/p>\n<p>forr\u00e1s: <a href=\"https:\/\/jasz.katasztrofavedelem.hu\/24789\/hirek\/252491\/foliasatrak-egtek-egy-torokszentmiklosi-kerteszetben\" target=\"_blank\" rel=\"noopener\">katasztrofavedelem.hu<\/a><\/p>\n","protected":false},"excerpt":{"rendered":"<p>A t\u0171z ezer\u00f6tsz\u00e1z n\u00e9gyzetm\u00e9teren puszt\u00edtott. T\u0171z keletkezett egy T\u00f6r\u00f6kszentmikl\u00f3s k\u00fclter\u00fclet\u00e9n l\u00e9v\u0151 vir\u00e1gkert\u00e9szetben cs\u00fct\u00f6rt\u00f6k d\u00e9lel\u0151tt. A l\u00e1ngok a f\u00f3lias\u00e1trak f\u0171t\u00e9s\u00e9re szolg\u00e1l\u00f3 kaz\u00e1nh\u00e1z mellett \u00e1tterjedtek az \u00f6t s\u00e1torra, valamint a k\u00f6zelben felhalmozott t\u00e1rgyakra is. Az egys\u00e9gek ki\u00e9rkez\u00e9se el\u0151tt k\u00e9t g\u00e1zpalack is felrobbant. A szolnoki \u00e9s a mez\u0151t\u00fari hivat\u00e1sos, valamint a t\u00f6r\u00f6kszentmikl\u00f3si \u00f6nkorm\u00e1nyzati t\u0171zolt\u00f3knak&nbsp; hat v\u00edzsug\u00e1r seg\u00edts\u00e9g\u00e9vel siker\u00fclt megakad\u00e1lyozni, hogy a f\u00f3lias\u00e1trak teljesen a l\u00e1ngok martal\u00e9k\u00e1v\u00e1 v\u00e1ljanak; ami azt jelenti, hogy az \u00f6tezer n\u00e9gyzetm\u00e9ternyi s\u00e1torb\u00f3l \u00f6tsz\u00e1z n\u00e9gyzetm\u00e9ter \u00e9gett le. A s\u00e1trak k\u00f6r\u00fcl ezer n\u00e9gyzetm\u00e9ternyi ter\u00fcleten puszt\u00edtott t\u0171z, amely megsemmis\u00edtett t\u00f6bb kerti szersz\u00e1mg\u00e9pet \u00e9s&hellip;<\/p>\n","protected":false},"author":1,"featured_media":4599,"comment_status":"open","ping_status":"open","sticky":false,"template":"","format":"standard","meta":{"fifu_image_url":"","fifu_image_alt":"","footnotes":""},"categories":[32],"tags":[],"class_list":["post-4601","post","type-post","status-publish","format-standard","has-post-thumbnail","hentry","category-hirek2"],"gutentor_comment":0,"yoast_head":"<!-- This site is optimized with the Yoast SEO plugin v27.5 - https:\/\/yoast.com\/product\/yoast-seo-wordpress\/ -->\n<title>F\u00f3lias\u00e1trak \u00e9gtek egy t\u00f6r\u00f6kszentmikl\u00f3si kert\u00e9szetben - Mikl\u00f3s TV<\/title>\n<meta name=\"robots\" content=\"index, follow, max-snippet:-1, max-image-preview:large, max-video-preview:-1\" \/>\n<link rel=\"canonical\" href=\"https:\/\/miklostv.com\/new\/2021\/06\/10\/foliasatrak-egtek-egy-torokszentmiklosi-kerteszetben\/\" \/>\n<meta property=\"og:locale\" content=\"hu_HU\" \/>\n<meta property=\"og:type\" content=\"article\" \/>\n<meta property=\"og:title\" content=\"F\u00f3lias\u00e1trak \u00e9gtek egy t\u00f6r\u00f6kszentmikl\u00f3si kert\u00e9szetben - Mikl\u00f3s TV\" \/>\n<meta property=\"og:description\" content=\"A t\u0171z ezer\u00f6tsz\u00e1z n\u00e9gyzetm\u00e9teren puszt\u00edtott. T\u0171z keletkezett egy T\u00f6r\u00f6kszentmikl\u00f3s k\u00fclter\u00fclet\u00e9n l\u00e9v\u0151 vir\u00e1gkert\u00e9szetben cs\u00fct\u00f6rt\u00f6k d\u00e9lel\u0151tt. A l\u00e1ngok a f\u00f3lias\u00e1trak f\u0171t\u00e9s\u00e9re szolg\u00e1l\u00f3 kaz\u00e1nh\u00e1z mellett \u00e1tterjedtek az \u00f6t s\u00e1torra, valamint a k\u00f6zelben felhalmozott t\u00e1rgyakra is. Az egys\u00e9gek ki\u00e9rkez\u00e9se el\u0151tt k\u00e9t g\u00e1zpalack is felrobbant. A szolnoki \u00e9s a mez\u0151t\u00fari hivat\u00e1sos, valamint a t\u00f6r\u00f6kszentmikl\u00f3si \u00f6nkorm\u00e1nyzati t\u0171zolt\u00f3knak&nbsp; hat v\u00edzsug\u00e1r seg\u00edts\u00e9g\u00e9vel siker\u00fclt megakad\u00e1lyozni, hogy a f\u00f3lias\u00e1trak teljesen a l\u00e1ngok martal\u00e9k\u00e1v\u00e1 v\u00e1ljanak; ami azt jelenti, hogy az \u00f6tezer n\u00e9gyzetm\u00e9ternyi s\u00e1torb\u00f3l \u00f6tsz\u00e1z n\u00e9gyzetm\u00e9ter \u00e9gett le. A s\u00e1trak k\u00f6r\u00fcl ezer n\u00e9gyzetm\u00e9ternyi ter\u00fcleten puszt\u00edtott t\u0171z, amely megsemmis\u00edtett t\u00f6bb kerti szersz\u00e1mg\u00e9pet \u00e9s&hellip;\" \/>\n<meta property=\"og:url\" content=\"https:\/\/miklostv.com\/new\/2021\/06\/10\/foliasatrak-egtek-egy-torokszentmiklosi-kerteszetben\/\" \/>\n<meta property=\"og:site_name\" content=\"Mikl\u00f3s TV\" \/>\n<meta property=\"article:published_time\" content=\"2021-06-10T13:38:33+00:00\" \/>\n<meta property=\"og:image\" content=\"https:\/\/miklostv.com\/new\/wp-content\/uploads\/2021\/06\/tuz_koller_kerteszet.jpg\" \/>\n\t<meta property=\"og:image:width\" content=\"512\" \/>\n\t<meta property=\"og:image:height\" content=\"383\" \/>\n\t<meta property=\"og:image:type\" content=\"image\/jpeg\" \/>\n<meta name=\"author\" content=\"S\u00e1ndor\" \/>\n<meta name=\"twitter:card\" content=\"summary_large_image\" \/>\n<meta name=\"twitter:label1\" content=\"Szerz\u0151:\" \/>\n\t<meta name=\"twitter:data1\" content=\"S\u00e1ndor\" \/>\n\t<meta name=\"twitter:label2\" content=\"Becs\u00fclt olvas\u00e1si id\u0151\" \/>\n\t<meta name=\"twitter:data2\" content=\"1 perc\" \/>\n<script type=\"application\/ld+json\" class=\"yoast-schema-graph\">{\"@context\":\"https:\\\/\\\/schema.org\",\"@graph\":[{\"@type\":\"NewsArticle\",\"@id\":\"https:\\\/\\\/miklostv.com\\\/new\\\/2021\\\/06\\\/10\\\/foliasatrak-egtek-egy-torokszentmiklosi-kerteszetben\\\/#article\",\"isPartOf\":{\"@id\":\"https:\\\/\\\/miklostv.com\\\/new\\\/2021\\\/06\\\/10\\\/foliasatrak-egtek-egy-torokszentmiklosi-kerteszetben\\\/\"},\"author\":{\"name\":\"S\u00e1ndor\",\"@id\":\"https:\\\/\\\/miklostv.com\\\/new\\\/#\\\/schema\\\/person\\\/6339cdd0bbd336ec6345812e3958be3b\"},\"headline\":\"F\u00f3lias\u00e1trak \u00e9gtek egy t\u00f6r\u00f6kszentmikl\u00f3si kert\u00e9szetben\",\"datePublished\":\"2021-06-10T13:38:33+00:00\",\"mainEntityOfPage\":{\"@id\":\"https:\\\/\\\/miklostv.com\\\/new\\\/2021\\\/06\\\/10\\\/foliasatrak-egtek-egy-torokszentmiklosi-kerteszetben\\\/\"},\"wordCount\":210,\"commentCount\":0,\"image\":{\"@id\":\"https:\\\/\\\/miklostv.com\\\/new\\\/2021\\\/06\\\/10\\\/foliasatrak-egtek-egy-torokszentmiklosi-kerteszetben\\\/#primaryimage\"},\"thumbnailUrl\":\"https:\\\/\\\/miklostv.com\\\/new\\\/wp-content\\\/uploads\\\/2021\\\/06\\\/tuz_koller_kerteszet.jpg\",\"articleSection\":[\"A l\u00e9nyeg r\u00f6viden\"],\"inLanguage\":\"hu\"},{\"@type\":\"WebPage\",\"@id\":\"https:\\\/\\\/miklostv.com\\\/new\\\/2021\\\/06\\\/10\\\/foliasatrak-egtek-egy-torokszentmiklosi-kerteszetben\\\/\",\"url\":\"https:\\\/\\\/miklostv.com\\\/new\\\/2021\\\/06\\\/10\\\/foliasatrak-egtek-egy-torokszentmiklosi-kerteszetben\\\/\",\"name\":\"F\u00f3lias\u00e1trak \u00e9gtek egy t\u00f6r\u00f6kszentmikl\u00f3si kert\u00e9szetben - Mikl\u00f3s TV\",\"isPartOf\":{\"@id\":\"https:\\\/\\\/miklostv.com\\\/new\\\/#website\"},\"primaryImageOfPage\":{\"@id\":\"https:\\\/\\\/miklostv.com\\\/new\\\/2021\\\/06\\\/10\\\/foliasatrak-egtek-egy-torokszentmiklosi-kerteszetben\\\/#primaryimage\"},\"image\":{\"@id\":\"https:\\\/\\\/miklostv.com\\\/new\\\/2021\\\/06\\\/10\\\/foliasatrak-egtek-egy-torokszentmiklosi-kerteszetben\\\/#primaryimage\"},\"thumbnailUrl\":\"https:\\\/\\\/miklostv.com\\\/new\\\/wp-content\\\/uploads\\\/2021\\\/06\\\/tuz_koller_kerteszet.jpg\",\"datePublished\":\"2021-06-10T13:38:33+00:00\",\"author\":{\"@id\":\"https:\\\/\\\/miklostv.com\\\/new\\\/#\\\/schema\\\/person\\\/6339cdd0bbd336ec6345812e3958be3b\"},\"breadcrumb\":{\"@id\":\"https:\\\/\\\/miklostv.com\\\/new\\\/2021\\\/06\\\/10\\\/foliasatrak-egtek-egy-torokszentmiklosi-kerteszetben\\\/#breadcrumb\"},\"inLanguage\":\"hu\",\"potentialAction\":[{\"@type\":\"ReadAction\",\"target\":[\"https:\\\/\\\/miklostv.com\\\/new\\\/2021\\\/06\\\/10\\\/foliasatrak-egtek-egy-torokszentmiklosi-kerteszetben\\\/\"]}]},{\"@type\":\"ImageObject\",\"inLanguage\":\"hu\",\"@id\":\"https:\\\/\\\/miklostv.com\\\/new\\\/2021\\\/06\\\/10\\\/foliasatrak-egtek-egy-torokszentmiklosi-kerteszetben\\\/#primaryimage\",\"url\":\"https:\\\/\\\/miklostv.com\\\/new\\\/wp-content\\\/uploads\\\/2021\\\/06\\\/tuz_koller_kerteszet.jpg\",\"contentUrl\":\"https:\\\/\\\/miklostv.com\\\/new\\\/wp-content\\\/uploads\\\/2021\\\/06\\\/tuz_koller_kerteszet.jpg\",\"width\":512,\"height\":383,\"caption\":\"t\u0171z koller kert\u00e9szet\"},{\"@type\":\"BreadcrumbList\",\"@id\":\"https:\\\/\\\/miklostv.com\\\/new\\\/2021\\\/06\\\/10\\\/foliasatrak-egtek-egy-torokszentmiklosi-kerteszetben\\\/#breadcrumb\",\"itemListElement\":[{\"@type\":\"ListItem\",\"position\":1,\"name\":\"Kezd\u0151lap\",\"item\":\"https:\\\/\\\/miklostv.com\\\/new\\\/\"},{\"@type\":\"ListItem\",\"position\":2,\"name\":\"F\u00f3lias\u00e1trak \u00e9gtek egy t\u00f6r\u00f6kszentmikl\u00f3si kert\u00e9szetben\"}]},{\"@type\":\"WebSite\",\"@id\":\"https:\\\/\\\/miklostv.com\\\/new\\\/#website\",\"url\":\"https:\\\/\\\/miklostv.com\\\/new\\\/\",\"name\":\"Mikl\u00f3s TV\",\"description\":\"Mikl\u00f3s TV\",\"potentialAction\":[{\"@type\":\"SearchAction\",\"target\":{\"@type\":\"EntryPoint\",\"urlTemplate\":\"https:\\\/\\\/miklostv.com\\\/new\\\/?s={search_term_string}\"},\"query-input\":{\"@type\":\"PropertyValueSpecification\",\"valueRequired\":true,\"valueName\":\"search_term_string\"}}],\"inLanguage\":\"hu\"},{\"@type\":\"Person\",\"@id\":\"https:\\\/\\\/miklostv.com\\\/new\\\/#\\\/schema\\\/person\\\/6339cdd0bbd336ec6345812e3958be3b\",\"name\":\"S\u00e1ndor\",\"sameAs\":[\"https:\\\/\\\/miklostv.com\\\/new\"],\"url\":\"https:\\\/\\\/miklostv.com\\\/new\\\/author\\\/sanyi\\\/\"}]}<\/script>\n<!-- \/ Yoast SEO plugin. -->","yoast_head_json":{"title":"F\u00f3lias\u00e1trak \u00e9gtek egy t\u00f6r\u00f6kszentmikl\u00f3si kert\u00e9szetben - Mikl\u00f3s TV","robots":{"index":"index","follow":"follow","max-snippet":"max-snippet:-1","max-image-preview":"max-image-preview:large","max-video-preview":"max-video-preview:-1"},"canonical":"https:\/\/miklostv.com\/new\/2021\/06\/10\/foliasatrak-egtek-egy-torokszentmiklosi-kerteszetben\/","og_locale":"hu_HU","og_type":"article","og_title":"F\u00f3lias\u00e1trak \u00e9gtek egy t\u00f6r\u00f6kszentmikl\u00f3si kert\u00e9szetben - Mikl\u00f3s TV","og_description":"A t\u0171z ezer\u00f6tsz\u00e1z n\u00e9gyzetm\u00e9teren puszt\u00edtott. T\u0171z keletkezett egy T\u00f6r\u00f6kszentmikl\u00f3s k\u00fclter\u00fclet\u00e9n l\u00e9v\u0151 vir\u00e1gkert\u00e9szetben cs\u00fct\u00f6rt\u00f6k d\u00e9lel\u0151tt. A l\u00e1ngok a f\u00f3lias\u00e1trak f\u0171t\u00e9s\u00e9re szolg\u00e1l\u00f3 kaz\u00e1nh\u00e1z mellett \u00e1tterjedtek az \u00f6t s\u00e1torra, valamint a k\u00f6zelben felhalmozott t\u00e1rgyakra is. Az egys\u00e9gek ki\u00e9rkez\u00e9se el\u0151tt k\u00e9t g\u00e1zpalack is felrobbant. A szolnoki \u00e9s a mez\u0151t\u00fari hivat\u00e1sos, valamint a t\u00f6r\u00f6kszentmikl\u00f3si \u00f6nkorm\u00e1nyzati t\u0171zolt\u00f3knak&nbsp; hat v\u00edzsug\u00e1r seg\u00edts\u00e9g\u00e9vel siker\u00fclt megakad\u00e1lyozni, hogy a f\u00f3lias\u00e1trak teljesen a l\u00e1ngok martal\u00e9k\u00e1v\u00e1 v\u00e1ljanak; ami azt jelenti, hogy az \u00f6tezer n\u00e9gyzetm\u00e9ternyi s\u00e1torb\u00f3l \u00f6tsz\u00e1z n\u00e9gyzetm\u00e9ter \u00e9gett le. A s\u00e1trak k\u00f6r\u00fcl ezer n\u00e9gyzetm\u00e9ternyi ter\u00fcleten puszt\u00edtott t\u0171z, amely megsemmis\u00edtett t\u00f6bb kerti szersz\u00e1mg\u00e9pet \u00e9s&hellip;","og_url":"https:\/\/miklostv.com\/new\/2021\/06\/10\/foliasatrak-egtek-egy-torokszentmiklosi-kerteszetben\/","og_site_name":"Mikl\u00f3s TV","article_published_time":"2021-06-10T13:38:33+00:00","og_image":[{"width":512,"height":383,"url":"https:\/\/miklostv.com\/new\/wp-content\/uploads\/2021\/06\/tuz_koller_kerteszet.jpg","type":"image\/jpeg"}],"author":"S\u00e1ndor","twitter_card":"summary_large_image","twitter_misc":{"Szerz\u0151:":"S\u00e1ndor","Becs\u00fclt olvas\u00e1si id\u0151":"1 perc"},"schema":{"@context":"https:\/\/schema.org","@graph":[{"@type":"NewsArticle","@id":"https:\/\/miklostv.com\/new\/2021\/06\/10\/foliasatrak-egtek-egy-torokszentmiklosi-kerteszetben\/#article","isPartOf":{"@id":"https:\/\/miklostv.com\/new\/2021\/06\/10\/foliasatrak-egtek-egy-torokszentmiklosi-kerteszetben\/"},"author":{"name":"S\u00e1ndor","@id":"https:\/\/miklostv.com\/new\/#\/schema\/person\/6339cdd0bbd336ec6345812e3958be3b"},"headline":"F\u00f3lias\u00e1trak \u00e9gtek egy t\u00f6r\u00f6kszentmikl\u00f3si kert\u00e9szetben","datePublished":"2021-06-10T13:38:33+00:00","mainEntityOfPage":{"@id":"https:\/\/miklostv.com\/new\/2021\/06\/10\/foliasatrak-egtek-egy-torokszentmiklosi-kerteszetben\/"},"wordCount":210,"commentCount":0,"image":{"@id":"https:\/\/miklostv.com\/new\/2021\/06\/10\/foliasatrak-egtek-egy-torokszentmiklosi-kerteszetben\/#primaryimage"},"thumbnailUrl":"https:\/\/miklostv.com\/new\/wp-content\/uploads\/2021\/06\/tuz_koller_kerteszet.jpg","articleSection":["A l\u00e9nyeg r\u00f6viden"],"inLanguage":"hu"},{"@type":"WebPage","@id":"https:\/\/miklostv.com\/new\/2021\/06\/10\/foliasatrak-egtek-egy-torokszentmiklosi-kerteszetben\/","url":"https:\/\/miklostv.com\/new\/2021\/06\/10\/foliasatrak-egtek-egy-torokszentmiklosi-kerteszetben\/","name":"F\u00f3lias\u00e1trak \u00e9gtek egy t\u00f6r\u00f6kszentmikl\u00f3si kert\u00e9szetben - Mikl\u00f3s TV","isPartOf":{"@id":"https:\/\/miklostv.com\/new\/#website"},"primaryImageOfPage":{"@id":"https:\/\/miklostv.com\/new\/2021\/06\/10\/foliasatrak-egtek-egy-torokszentmiklosi-kerteszetben\/#primaryimage"},"image":{"@id":"https:\/\/miklostv.com\/new\/2021\/06\/10\/foliasatrak-egtek-egy-torokszentmiklosi-kerteszetben\/#primaryimage"},"thumbnailUrl":"https:\/\/miklostv.com\/new\/wp-content\/uploads\/2021\/06\/tuz_koller_kerteszet.jpg","datePublished":"2021-06-10T13:38:33+00:00","author":{"@id":"https:\/\/miklostv.com\/new\/#\/schema\/person\/6339cdd0bbd336ec6345812e3958be3b"},"breadcrumb":{"@id":"https:\/\/miklostv.com\/new\/2021\/06\/10\/foliasatrak-egtek-egy-torokszentmiklosi-kerteszetben\/#breadcrumb"},"inLanguage":"hu","potentialAction":[{"@type":"ReadAction","target":["https:\/\/miklostv.com\/new\/2021\/06\/10\/foliasatrak-egtek-egy-torokszentmiklosi-kerteszetben\/"]}]},{"@type":"ImageObject","inLanguage":"hu","@id":"https:\/\/miklostv.com\/new\/2021\/06\/10\/foliasatrak-egtek-egy-torokszentmiklosi-kerteszetben\/#primaryimage","url":"https:\/\/miklostv.com\/new\/wp-content\/uploads\/2021\/06\/tuz_koller_kerteszet.jpg","contentUrl":"https:\/\/miklostv.com\/new\/wp-content\/uploads\/2021\/06\/tuz_koller_kerteszet.jpg","width":512,"height":383,"caption":"t\u0171z koller kert\u00e9szet"},{"@type":"BreadcrumbList","@id":"https:\/\/miklostv.com\/new\/2021\/06\/10\/foliasatrak-egtek-egy-torokszentmiklosi-kerteszetben\/#breadcrumb","itemListElement":[{"@type":"ListItem","position":1,"name":"Kezd\u0151lap","item":"https:\/\/miklostv.com\/new\/"},{"@type":"ListItem","position":2,"name":"F\u00f3lias\u00e1trak \u00e9gtek egy t\u00f6r\u00f6kszentmikl\u00f3si kert\u00e9szetben"}]},{"@type":"WebSite","@id":"https:\/\/miklostv.com\/new\/#website","url":"https:\/\/miklostv.com\/new\/","name":"Mikl\u00f3s TV","description":"Mikl\u00f3s TV","potentialAction":[{"@type":"SearchAction","target":{"@type":"EntryPoint","urlTemplate":"https:\/\/miklostv.com\/new\/?s={search_term_string}"},"query-input":{"@type":"PropertyValueSpecification","valueRequired":true,"valueName":"search_term_string"}}],"inLanguage":"hu"},{"@type":"Person","@id":"https:\/\/miklostv.com\/new\/#\/schema\/person\/6339cdd0bbd336ec6345812e3958be3b","name":"S\u00e1ndor","sameAs":["https:\/\/miklostv.com\/new"],"url":"https:\/\/miklostv.com\/new\/author\/sanyi\/"}]}},"_links":{"self":[{"href":"https:\/\/miklostv.com\/new\/wp-json\/wp\/v2\/posts\/4601","targetHints":{"allow":["GET"]}}],"collection":[{"href":"https:\/\/miklostv.com\/new\/wp-json\/wp\/v2\/posts"}],"about":[{"href":"https:\/\/miklostv.com\/new\/wp-json\/wp\/v2\/types\/post"}],"author":[{"embeddable":true,"href":"https:\/\/miklostv.com\/new\/wp-json\/wp\/v2\/users\/1"}],"replies":[{"embeddable":true,"href":"https:\/\/miklostv.com\/new\/wp-json\/wp\/v2\/comments?post=4601"}],"version-history":[{"count":0,"href":"https:\/\/miklostv.com\/new\/wp-json\/wp\/v2\/posts\/4601\/revisions"}],"wp:featuredmedia":[{"embeddable":true,"href":"https:\/\/miklostv.com\/new\/wp-json\/wp\/v2\/media\/4599"}],"wp:attachment":[{"href":"https:\/\/miklostv.com\/new\/wp-json\/wp\/v2\/media?parent=4601"}],"wp:term":[{"taxonomy":"category","embeddable":true,"href":"https:\/\/miklostv.com\/new\/wp-json\/wp\/v2\/categories?post=4601"},{"taxonomy":"post_tag","embeddable":true,"href":"https:\/\/miklostv.com\/new\/wp-json\/wp\/v2\/tags?post=4601"}],"curies":[{"name":"wp","href":"https:\/\/api.w.org\/{rel}","templated":true}]}}