{"id":4589,"date":"2021-05-11T14:45:05","date_gmt":"2021-05-11T14:45:05","guid":{"rendered":"https:\/\/miklostv.com\/new\/2021\/05\/11\/zebra-terv-fokuszban-a-gyalogosok\/"},"modified":"2021-05-11T14:45:05","modified_gmt":"2021-05-11T14:45:05","slug":"zebra-terv-fokuszban-a-gyalogosok","status":"publish","type":"post","link":"https:\/\/miklostv.com\/new\/2021\/05\/11\/zebra-terv-fokuszban-a-gyalogosok\/","title":{"rendered":"Zebra terv &#8211; F\u00f3kuszban a gyalogosok"},"content":{"rendered":"<p><span style=\"font-size: 12pt;\"><strong>Fokozott rend\u0151ri jelenl\u00e9tre lehet sz\u00e1m\u00edtani J\u00e1sz-Nagykun-Szolnok megy\u00e9ben, a kijel\u00f6lt gyalogos-\u00e1tkel\u0151helyekn\u00e9l.<\/strong><\/span><\/p>\n<p>Az ORFK Orsz\u00e1gos Balesetmegel\u0151z\u00e9si Bizotts\u00e1ga 2021. m\u00e1jus 11-13. k\u00f6z\u00f6tt meghirdeti a <strong>&#8220;Zebra terv&#8221;<\/strong> elnevez\u00e9s\u0171 baleset-megel\u0151z\u00e9si ellen\u0151rz\u00e9st, azzal a c\u00e9llal, hogy a gyalogosok \u2013 mint v\u00e9dtelen k\u00f6zleked\u0151k \u2013 biztons\u00e1g\u00e1ra helyezze a hangs\u00falyt.<\/p>\n<div>A J\u00e1sz-Nagykun-Szolnok Megyei Rend\u0151r-f\u0151kapit\u00e1nys\u00e1g illet\u00e9kess\u00e9gi ter\u00fclet\u00e9n l\u00e9v\u0151 valamennyi rend\u0151rkapit\u00e1nys\u00e1gon kijel\u00f6l\u00e9sre ker\u00fcltek azok a gyalogos-\u00e1tkel\u0151helyek, ahol jelent\u0151s a k\u00f6z\u00fati forgalom \u00e9s a forgalmat f\u00e9nyjelz\u0151 k\u00e9sz\u00fcl\u00e9k szab\u00e1lyozza. A k\u00f6zleked\u00e9sbiztons\u00e1gi szempontb\u00f3l kiemelt kock\u00e1zat\u00fa kijel\u00f6lt gyalogos-\u00e1tkel\u0151helyek k\u00f6rnyezet\u00e9ben fokozott rend\u0151ri jelenl\u00e9tre lehet sz\u00e1m\u00edtani. Az akci\u00f3 kiterjed mind a gyalogosok, mind az \u00e1tkel\u0151helyet megk\u00f6zel\u00edt\u0151 j\u00e1rm\u0171vezet\u0151k k\u00f6zleked\u00e9s\u00e9nek ellen\u0151rz\u00e9s\u00e9re.<\/div>\n<div>&nbsp;<\/div>\n<div><strong>Az ellen\u0151rz\u00e9s c\u00e9lja a kijel\u00f6lt gyalogos-\u00e1tkel\u0151helyek biztons\u00e1g\u00e1nak n\u00f6vel\u00e9se, \u00e9s a k\u00f6zleked\u00e9si balesetek megel\u0151z\u00e9se.<\/strong><\/div>\n<div>&nbsp;<\/div>\n<div>A Megyei Balesetmegel\u0151z\u00e9si Bizotts\u00e1g a k\u00f6vetkez\u0151kre h\u00edvja fel a k\u00f6zleked\u0151k figyelm\u00e9t:<\/div>\n<div>&nbsp;<\/div>\n<ul>\n<li>A kijel\u00f6lt gyalogos-\u00e1tkel\u0151helyeket megk\u00f6zel\u00edtve a j\u00e1rm\u0171vezet\u0151k lass\u00edtsanak, k\u00f6r\u00fcltekint\u0151en m\u00e9rj\u00e9k fel a k\u00f6zleked\u00e9si szitu\u00e1ci\u00f3t, \u00e9s biztos\u00edtsanak \u00e1thalad\u00e1si els\u0151bbs\u00e9get a gyalogosoknak!<\/li>\n<li>A gyalogosok sokszor figyelmetlen\u00fcl l\u00e9pnek az \u00fattestre, vagy egyszer\u0171en rosszul becs\u00fclik meg a k\u00f6zeled\u0151 j\u00e1rm\u0171 t\u00e1vols\u00e1g\u00e1t \u00e9s sebess\u00e9g\u00e9t. El\u0151fordul, hogy a jelz\u0151l\u00e1mpa tilos jelz\u00e9se ellen\u00e9re \u00e1tszaladnak az \u00fattesten, illetve szab\u00e1lytalanul, balesetvesz\u00e9lyes helyen kelnek \u00e1t az \u00fattesten.<\/li>\n<li>A gyalogosok k\u00f6z\u00fcl k\u00fcl\u00f6n\u00f6sen vesz\u00e9lyeztetettek a gyermekek \u00e9s az id\u0151skor\u00faak. Eset\u00fckben m\u00e9g k\u00f6r\u00fcltekint\u0151bben kell elj\u00e1rni, a j\u00e1rm\u0171vezet\u0151knek t\u00fcrelmesen v\u00e9gig kell v\u00e1rni, am\u00edg \u00e1t\u00e9rnek a t\u00faloldalra!<\/li>\n<li>Azok a ker\u00e9kp\u00e1rosok, akik a kijel\u00f6lt gyalogos-\u00e1tkel\u0151helyen a ker\u00e9kp\u00e1ron \u00fclve hajtanak \u00e1t, \u00e9s nem sz\u00e1llnak le a j\u00e1rm\u0171r\u0151l, szab\u00e1lys\u00e9rt\u00e9st k\u00f6vetnek el.<\/li>\n<\/ul>\n<div>&nbsp;<\/div>\n<div>K\u00e9rj\u00fck, hogy ne csak ezeken a napokon, hanem az \u00e9v minden napj\u00e1n mind a gyalogosok mind a j\u00e1rm\u0171vezet\u0151k a k\u00f6zleked\u00e9si partners\u00e9get figyelembe v\u00e9ve k\u00f6zlekedjenek!<\/div>\n<div>&nbsp;<\/div>\n<div><em>\u2026hogy mindenki haza\u00e9rjen!<\/em><\/div>\n","protected":false},"excerpt":{"rendered":"<p>Fokozott rend\u0151ri jelenl\u00e9tre lehet sz\u00e1m\u00edtani J\u00e1sz-Nagykun-Szolnok megy\u00e9ben, a kijel\u00f6lt gyalogos-\u00e1tkel\u0151helyekn\u00e9l. Az ORFK Orsz\u00e1gos Balesetmegel\u0151z\u00e9si Bizotts\u00e1ga 2021. m\u00e1jus 11-13. k\u00f6z\u00f6tt meghirdeti a &#8220;Zebra terv&#8221; elnevez\u00e9s\u0171 baleset-megel\u0151z\u00e9si ellen\u0151rz\u00e9st, azzal a c\u00e9llal, hogy a gyalogosok \u2013 mint v\u00e9dtelen k\u00f6zleked\u0151k \u2013 biztons\u00e1g\u00e1ra helyezze a hangs\u00falyt. A J\u00e1sz-Nagykun-Szolnok Megyei Rend\u0151r-f\u0151kapit\u00e1nys\u00e1g illet\u00e9kess\u00e9gi ter\u00fclet\u00e9n l\u00e9v\u0151 valamennyi rend\u0151rkapit\u00e1nys\u00e1gon kijel\u00f6l\u00e9sre ker\u00fcltek azok a gyalogos-\u00e1tkel\u0151helyek, ahol jelent\u0151s a k\u00f6z\u00fati forgalom \u00e9s a forgalmat f\u00e9nyjelz\u0151 k\u00e9sz\u00fcl\u00e9k szab\u00e1lyozza. A k\u00f6zleked\u00e9sbiztons\u00e1gi szempontb\u00f3l kiemelt kock\u00e1zat\u00fa kijel\u00f6lt gyalogos-\u00e1tkel\u0151helyek k\u00f6rnyezet\u00e9ben fokozott rend\u0151ri jelenl\u00e9tre lehet sz\u00e1m\u00edtani. Az akci\u00f3 kiterjed mind a gyalogosok, mind az \u00e1tkel\u0151helyet megk\u00f6zel\u00edt\u0151 j\u00e1rm\u0171vezet\u0151k&hellip;<\/p>\n","protected":false},"author":1,"featured_media":4588,"comment_status":"open","ping_status":"open","sticky":false,"template":"","format":"standard","meta":{"fifu_image_url":"","fifu_image_alt":"","footnotes":""},"categories":[32],"tags":[],"class_list":["post-4589","post","type-post","status-publish","format-standard","has-post-thumbnail","hentry","category-hirek2"],"gutentor_comment":0,"yoast_head":"<!-- This site is optimized with the Yoast SEO plugin v27.5 - https:\/\/yoast.com\/product\/yoast-seo-wordpress\/ -->\n<title>Zebra terv - F\u00f3kuszban a gyalogosok - Mikl\u00f3s TV<\/title>\n<meta name=\"robots\" content=\"index, follow, max-snippet:-1, max-image-preview:large, max-video-preview:-1\" \/>\n<link rel=\"canonical\" href=\"https:\/\/miklostv.com\/new\/2021\/05\/11\/zebra-terv-fokuszban-a-gyalogosok\/\" \/>\n<meta property=\"og:locale\" content=\"hu_HU\" \/>\n<meta property=\"og:type\" content=\"article\" \/>\n<meta property=\"og:title\" content=\"Zebra terv - F\u00f3kuszban a gyalogosok - Mikl\u00f3s TV\" \/>\n<meta property=\"og:description\" content=\"Fokozott rend\u0151ri jelenl\u00e9tre lehet sz\u00e1m\u00edtani J\u00e1sz-Nagykun-Szolnok megy\u00e9ben, a kijel\u00f6lt gyalogos-\u00e1tkel\u0151helyekn\u00e9l. Az ORFK Orsz\u00e1gos Balesetmegel\u0151z\u00e9si Bizotts\u00e1ga 2021. m\u00e1jus 11-13. k\u00f6z\u00f6tt meghirdeti a &#8220;Zebra terv&#8221; elnevez\u00e9s\u0171 baleset-megel\u0151z\u00e9si ellen\u0151rz\u00e9st, azzal a c\u00e9llal, hogy a gyalogosok \u2013 mint v\u00e9dtelen k\u00f6zleked\u0151k \u2013 biztons\u00e1g\u00e1ra helyezze a hangs\u00falyt. A J\u00e1sz-Nagykun-Szolnok Megyei Rend\u0151r-f\u0151kapit\u00e1nys\u00e1g illet\u00e9kess\u00e9gi ter\u00fclet\u00e9n l\u00e9v\u0151 valamennyi rend\u0151rkapit\u00e1nys\u00e1gon kijel\u00f6l\u00e9sre ker\u00fcltek azok a gyalogos-\u00e1tkel\u0151helyek, ahol jelent\u0151s a k\u00f6z\u00fati forgalom \u00e9s a forgalmat f\u00e9nyjelz\u0151 k\u00e9sz\u00fcl\u00e9k szab\u00e1lyozza. A k\u00f6zleked\u00e9sbiztons\u00e1gi szempontb\u00f3l kiemelt kock\u00e1zat\u00fa kijel\u00f6lt gyalogos-\u00e1tkel\u0151helyek k\u00f6rnyezet\u00e9ben fokozott rend\u0151ri jelenl\u00e9tre lehet sz\u00e1m\u00edtani. Az akci\u00f3 kiterjed mind a gyalogosok, mind az \u00e1tkel\u0151helyet megk\u00f6zel\u00edt\u0151 j\u00e1rm\u0171vezet\u0151k&hellip;\" \/>\n<meta property=\"og:url\" content=\"https:\/\/miklostv.com\/new\/2021\/05\/11\/zebra-terv-fokuszban-a-gyalogosok\/\" \/>\n<meta property=\"og:site_name\" content=\"Mikl\u00f3s TV\" \/>\n<meta property=\"article:published_time\" content=\"2021-05-11T14:45:05+00:00\" \/>\n<meta property=\"og:image\" content=\"https:\/\/miklostv.com\/new\/wp-content\/uploads\/2021\/05\/zebra_terv_3_2595.jpg\" \/>\n\t<meta property=\"og:image:width\" content=\"376\" \/>\n\t<meta property=\"og:image:height\" content=\"250\" \/>\n\t<meta property=\"og:image:type\" content=\"image\/jpeg\" \/>\n<meta name=\"author\" content=\"S\u00e1ndor\" \/>\n<meta name=\"twitter:card\" content=\"summary_large_image\" \/>\n<meta name=\"twitter:label1\" content=\"Szerz\u0151:\" \/>\n\t<meta name=\"twitter:data1\" content=\"S\u00e1ndor\" \/>\n\t<meta name=\"twitter:label2\" content=\"Becs\u00fclt olvas\u00e1si id\u0151\" \/>\n\t<meta name=\"twitter:data2\" content=\"2 perc\" \/>\n<script type=\"application\/ld+json\" class=\"yoast-schema-graph\">{\"@context\":\"https:\\\/\\\/schema.org\",\"@graph\":[{\"@type\":\"NewsArticle\",\"@id\":\"https:\\\/\\\/miklostv.com\\\/new\\\/2021\\\/05\\\/11\\\/zebra-terv-fokuszban-a-gyalogosok\\\/#article\",\"isPartOf\":{\"@id\":\"https:\\\/\\\/miklostv.com\\\/new\\\/2021\\\/05\\\/11\\\/zebra-terv-fokuszban-a-gyalogosok\\\/\"},\"author\":{\"name\":\"S\u00e1ndor\",\"@id\":\"https:\\\/\\\/miklostv.com\\\/new\\\/#\\\/schema\\\/person\\\/6339cdd0bbd336ec6345812e3958be3b\"},\"headline\":\"Zebra terv &#8211; F\u00f3kuszban a gyalogosok\",\"datePublished\":\"2021-05-11T14:45:05+00:00\",\"mainEntityOfPage\":{\"@id\":\"https:\\\/\\\/miklostv.com\\\/new\\\/2021\\\/05\\\/11\\\/zebra-terv-fokuszban-a-gyalogosok\\\/\"},\"wordCount\":447,\"commentCount\":0,\"image\":{\"@id\":\"https:\\\/\\\/miklostv.com\\\/new\\\/2021\\\/05\\\/11\\\/zebra-terv-fokuszban-a-gyalogosok\\\/#primaryimage\"},\"thumbnailUrl\":\"https:\\\/\\\/miklostv.com\\\/new\\\/wp-content\\\/uploads\\\/2021\\\/05\\\/zebra_terv_3_2595.jpg\",\"articleSection\":[\"A l\u00e9nyeg r\u00f6viden\"],\"inLanguage\":\"hu\"},{\"@type\":\"WebPage\",\"@id\":\"https:\\\/\\\/miklostv.com\\\/new\\\/2021\\\/05\\\/11\\\/zebra-terv-fokuszban-a-gyalogosok\\\/\",\"url\":\"https:\\\/\\\/miklostv.com\\\/new\\\/2021\\\/05\\\/11\\\/zebra-terv-fokuszban-a-gyalogosok\\\/\",\"name\":\"Zebra terv - F\u00f3kuszban a gyalogosok - Mikl\u00f3s TV\",\"isPartOf\":{\"@id\":\"https:\\\/\\\/miklostv.com\\\/new\\\/#website\"},\"primaryImageOfPage\":{\"@id\":\"https:\\\/\\\/miklostv.com\\\/new\\\/2021\\\/05\\\/11\\\/zebra-terv-fokuszban-a-gyalogosok\\\/#primaryimage\"},\"image\":{\"@id\":\"https:\\\/\\\/miklostv.com\\\/new\\\/2021\\\/05\\\/11\\\/zebra-terv-fokuszban-a-gyalogosok\\\/#primaryimage\"},\"thumbnailUrl\":\"https:\\\/\\\/miklostv.com\\\/new\\\/wp-content\\\/uploads\\\/2021\\\/05\\\/zebra_terv_3_2595.jpg\",\"datePublished\":\"2021-05-11T14:45:05+00:00\",\"author\":{\"@id\":\"https:\\\/\\\/miklostv.com\\\/new\\\/#\\\/schema\\\/person\\\/6339cdd0bbd336ec6345812e3958be3b\"},\"breadcrumb\":{\"@id\":\"https:\\\/\\\/miklostv.com\\\/new\\\/2021\\\/05\\\/11\\\/zebra-terv-fokuszban-a-gyalogosok\\\/#breadcrumb\"},\"inLanguage\":\"hu\",\"potentialAction\":[{\"@type\":\"ReadAction\",\"target\":[\"https:\\\/\\\/miklostv.com\\\/new\\\/2021\\\/05\\\/11\\\/zebra-terv-fokuszban-a-gyalogosok\\\/\"]}]},{\"@type\":\"ImageObject\",\"inLanguage\":\"hu\",\"@id\":\"https:\\\/\\\/miklostv.com\\\/new\\\/2021\\\/05\\\/11\\\/zebra-terv-fokuszban-a-gyalogosok\\\/#primaryimage\",\"url\":\"https:\\\/\\\/miklostv.com\\\/new\\\/wp-content\\\/uploads\\\/2021\\\/05\\\/zebra_terv_3_2595.jpg\",\"contentUrl\":\"https:\\\/\\\/miklostv.com\\\/new\\\/wp-content\\\/uploads\\\/2021\\\/05\\\/zebra_terv_3_2595.jpg\",\"width\":376,\"height\":250,\"caption\":\"zebra terv 3 2595\"},{\"@type\":\"BreadcrumbList\",\"@id\":\"https:\\\/\\\/miklostv.com\\\/new\\\/2021\\\/05\\\/11\\\/zebra-terv-fokuszban-a-gyalogosok\\\/#breadcrumb\",\"itemListElement\":[{\"@type\":\"ListItem\",\"position\":1,\"name\":\"Kezd\u0151lap\",\"item\":\"https:\\\/\\\/miklostv.com\\\/new\\\/\"},{\"@type\":\"ListItem\",\"position\":2,\"name\":\"Zebra terv &#8211; F\u00f3kuszban a gyalogosok\"}]},{\"@type\":\"WebSite\",\"@id\":\"https:\\\/\\\/miklostv.com\\\/new\\\/#website\",\"url\":\"https:\\\/\\\/miklostv.com\\\/new\\\/\",\"name\":\"Mikl\u00f3s TV\",\"description\":\"Mikl\u00f3s TV\",\"potentialAction\":[{\"@type\":\"SearchAction\",\"target\":{\"@type\":\"EntryPoint\",\"urlTemplate\":\"https:\\\/\\\/miklostv.com\\\/new\\\/?s={search_term_string}\"},\"query-input\":{\"@type\":\"PropertyValueSpecification\",\"valueRequired\":true,\"valueName\":\"search_term_string\"}}],\"inLanguage\":\"hu\"},{\"@type\":\"Person\",\"@id\":\"https:\\\/\\\/miklostv.com\\\/new\\\/#\\\/schema\\\/person\\\/6339cdd0bbd336ec6345812e3958be3b\",\"name\":\"S\u00e1ndor\",\"sameAs\":[\"https:\\\/\\\/miklostv.com\\\/new\"],\"url\":\"https:\\\/\\\/miklostv.com\\\/new\\\/author\\\/sanyi\\\/\"}]}<\/script>\n<!-- \/ Yoast SEO plugin. -->","yoast_head_json":{"title":"Zebra terv - F\u00f3kuszban a gyalogosok - Mikl\u00f3s TV","robots":{"index":"index","follow":"follow","max-snippet":"max-snippet:-1","max-image-preview":"max-image-preview:large","max-video-preview":"max-video-preview:-1"},"canonical":"https:\/\/miklostv.com\/new\/2021\/05\/11\/zebra-terv-fokuszban-a-gyalogosok\/","og_locale":"hu_HU","og_type":"article","og_title":"Zebra terv - F\u00f3kuszban a gyalogosok - Mikl\u00f3s TV","og_description":"Fokozott rend\u0151ri jelenl\u00e9tre lehet sz\u00e1m\u00edtani J\u00e1sz-Nagykun-Szolnok megy\u00e9ben, a kijel\u00f6lt gyalogos-\u00e1tkel\u0151helyekn\u00e9l. Az ORFK Orsz\u00e1gos Balesetmegel\u0151z\u00e9si Bizotts\u00e1ga 2021. m\u00e1jus 11-13. k\u00f6z\u00f6tt meghirdeti a &#8220;Zebra terv&#8221; elnevez\u00e9s\u0171 baleset-megel\u0151z\u00e9si ellen\u0151rz\u00e9st, azzal a c\u00e9llal, hogy a gyalogosok \u2013 mint v\u00e9dtelen k\u00f6zleked\u0151k \u2013 biztons\u00e1g\u00e1ra helyezze a hangs\u00falyt. A J\u00e1sz-Nagykun-Szolnok Megyei Rend\u0151r-f\u0151kapit\u00e1nys\u00e1g illet\u00e9kess\u00e9gi ter\u00fclet\u00e9n l\u00e9v\u0151 valamennyi rend\u0151rkapit\u00e1nys\u00e1gon kijel\u00f6l\u00e9sre ker\u00fcltek azok a gyalogos-\u00e1tkel\u0151helyek, ahol jelent\u0151s a k\u00f6z\u00fati forgalom \u00e9s a forgalmat f\u00e9nyjelz\u0151 k\u00e9sz\u00fcl\u00e9k szab\u00e1lyozza. A k\u00f6zleked\u00e9sbiztons\u00e1gi szempontb\u00f3l kiemelt kock\u00e1zat\u00fa kijel\u00f6lt gyalogos-\u00e1tkel\u0151helyek k\u00f6rnyezet\u00e9ben fokozott rend\u0151ri jelenl\u00e9tre lehet sz\u00e1m\u00edtani. Az akci\u00f3 kiterjed mind a gyalogosok, mind az \u00e1tkel\u0151helyet megk\u00f6zel\u00edt\u0151 j\u00e1rm\u0171vezet\u0151k&hellip;","og_url":"https:\/\/miklostv.com\/new\/2021\/05\/11\/zebra-terv-fokuszban-a-gyalogosok\/","og_site_name":"Mikl\u00f3s TV","article_published_time":"2021-05-11T14:45:05+00:00","og_image":[{"width":376,"height":250,"url":"https:\/\/miklostv.com\/new\/wp-content\/uploads\/2021\/05\/zebra_terv_3_2595.jpg","type":"image\/jpeg"}],"author":"S\u00e1ndor","twitter_card":"summary_large_image","twitter_misc":{"Szerz\u0151:":"S\u00e1ndor","Becs\u00fclt olvas\u00e1si id\u0151":"2 perc"},"schema":{"@context":"https:\/\/schema.org","@graph":[{"@type":"NewsArticle","@id":"https:\/\/miklostv.com\/new\/2021\/05\/11\/zebra-terv-fokuszban-a-gyalogosok\/#article","isPartOf":{"@id":"https:\/\/miklostv.com\/new\/2021\/05\/11\/zebra-terv-fokuszban-a-gyalogosok\/"},"author":{"name":"S\u00e1ndor","@id":"https:\/\/miklostv.com\/new\/#\/schema\/person\/6339cdd0bbd336ec6345812e3958be3b"},"headline":"Zebra terv &#8211; F\u00f3kuszban a gyalogosok","datePublished":"2021-05-11T14:45:05+00:00","mainEntityOfPage":{"@id":"https:\/\/miklostv.com\/new\/2021\/05\/11\/zebra-terv-fokuszban-a-gyalogosok\/"},"wordCount":447,"commentCount":0,"image":{"@id":"https:\/\/miklostv.com\/new\/2021\/05\/11\/zebra-terv-fokuszban-a-gyalogosok\/#primaryimage"},"thumbnailUrl":"https:\/\/miklostv.com\/new\/wp-content\/uploads\/2021\/05\/zebra_terv_3_2595.jpg","articleSection":["A l\u00e9nyeg r\u00f6viden"],"inLanguage":"hu"},{"@type":"WebPage","@id":"https:\/\/miklostv.com\/new\/2021\/05\/11\/zebra-terv-fokuszban-a-gyalogosok\/","url":"https:\/\/miklostv.com\/new\/2021\/05\/11\/zebra-terv-fokuszban-a-gyalogosok\/","name":"Zebra terv - F\u00f3kuszban a gyalogosok - Mikl\u00f3s TV","isPartOf":{"@id":"https:\/\/miklostv.com\/new\/#website"},"primaryImageOfPage":{"@id":"https:\/\/miklostv.com\/new\/2021\/05\/11\/zebra-terv-fokuszban-a-gyalogosok\/#primaryimage"},"image":{"@id":"https:\/\/miklostv.com\/new\/2021\/05\/11\/zebra-terv-fokuszban-a-gyalogosok\/#primaryimage"},"thumbnailUrl":"https:\/\/miklostv.com\/new\/wp-content\/uploads\/2021\/05\/zebra_terv_3_2595.jpg","datePublished":"2021-05-11T14:45:05+00:00","author":{"@id":"https:\/\/miklostv.com\/new\/#\/schema\/person\/6339cdd0bbd336ec6345812e3958be3b"},"breadcrumb":{"@id":"https:\/\/miklostv.com\/new\/2021\/05\/11\/zebra-terv-fokuszban-a-gyalogosok\/#breadcrumb"},"inLanguage":"hu","potentialAction":[{"@type":"ReadAction","target":["https:\/\/miklostv.com\/new\/2021\/05\/11\/zebra-terv-fokuszban-a-gyalogosok\/"]}]},{"@type":"ImageObject","inLanguage":"hu","@id":"https:\/\/miklostv.com\/new\/2021\/05\/11\/zebra-terv-fokuszban-a-gyalogosok\/#primaryimage","url":"https:\/\/miklostv.com\/new\/wp-content\/uploads\/2021\/05\/zebra_terv_3_2595.jpg","contentUrl":"https:\/\/miklostv.com\/new\/wp-content\/uploads\/2021\/05\/zebra_terv_3_2595.jpg","width":376,"height":250,"caption":"zebra terv 3 2595"},{"@type":"BreadcrumbList","@id":"https:\/\/miklostv.com\/new\/2021\/05\/11\/zebra-terv-fokuszban-a-gyalogosok\/#breadcrumb","itemListElement":[{"@type":"ListItem","position":1,"name":"Kezd\u0151lap","item":"https:\/\/miklostv.com\/new\/"},{"@type":"ListItem","position":2,"name":"Zebra terv &#8211; F\u00f3kuszban a gyalogosok"}]},{"@type":"WebSite","@id":"https:\/\/miklostv.com\/new\/#website","url":"https:\/\/miklostv.com\/new\/","name":"Mikl\u00f3s TV","description":"Mikl\u00f3s TV","potentialAction":[{"@type":"SearchAction","target":{"@type":"EntryPoint","urlTemplate":"https:\/\/miklostv.com\/new\/?s={search_term_string}"},"query-input":{"@type":"PropertyValueSpecification","valueRequired":true,"valueName":"search_term_string"}}],"inLanguage":"hu"},{"@type":"Person","@id":"https:\/\/miklostv.com\/new\/#\/schema\/person\/6339cdd0bbd336ec6345812e3958be3b","name":"S\u00e1ndor","sameAs":["https:\/\/miklostv.com\/new"],"url":"https:\/\/miklostv.com\/new\/author\/sanyi\/"}]}},"_links":{"self":[{"href":"https:\/\/miklostv.com\/new\/wp-json\/wp\/v2\/posts\/4589","targetHints":{"allow":["GET"]}}],"collection":[{"href":"https:\/\/miklostv.com\/new\/wp-json\/wp\/v2\/posts"}],"about":[{"href":"https:\/\/miklostv.com\/new\/wp-json\/wp\/v2\/types\/post"}],"author":[{"embeddable":true,"href":"https:\/\/miklostv.com\/new\/wp-json\/wp\/v2\/users\/1"}],"replies":[{"embeddable":true,"href":"https:\/\/miklostv.com\/new\/wp-json\/wp\/v2\/comments?post=4589"}],"version-history":[{"count":0,"href":"https:\/\/miklostv.com\/new\/wp-json\/wp\/v2\/posts\/4589\/revisions"}],"wp:featuredmedia":[{"embeddable":true,"href":"https:\/\/miklostv.com\/new\/wp-json\/wp\/v2\/media\/4588"}],"wp:attachment":[{"href":"https:\/\/miklostv.com\/new\/wp-json\/wp\/v2\/media?parent=4589"}],"wp:term":[{"taxonomy":"category","embeddable":true,"href":"https:\/\/miklostv.com\/new\/wp-json\/wp\/v2\/categories?post=4589"},{"taxonomy":"post_tag","embeddable":true,"href":"https:\/\/miklostv.com\/new\/wp-json\/wp\/v2\/tags?post=4589"}],"curies":[{"name":"wp","href":"https:\/\/api.w.org\/{rel}","templated":true}]}}