{"id":4431,"date":"2020-11-02T16:16:54","date_gmt":"2020-11-02T16:16:54","guid":{"rendered":"https:\/\/miklostv.com\/new\/2020\/11\/02\/a-rendorok-szabalysertesi-orizetbe-vettek-a-jogsertot\/"},"modified":"2020-11-02T16:16:54","modified_gmt":"2020-11-02T16:16:54","slug":"a-rendorok-szabalysertesi-orizetbe-vettek-a-jogsertot","status":"publish","type":"post","link":"https:\/\/miklostv.com\/new\/2020\/11\/02\/a-rendorok-szabalysertesi-orizetbe-vettek-a-jogsertot\/","title":{"rendered":"A REND\u0150R\u00d6K SZAB\u00c1LYS\u00c9RT\u00c9SI \u0150RIZETBE VETT\u00c9K A JOGS\u00c9RT\u0150T"},"content":{"rendered":"<p><strong><span style=\"font-size: 12pt;\">Eltilt\u00e1s hat\u00e1lya alatt vezetett \u00e9s balesetet okozott T\u00f6r\u00f6kszentmikl\u00f3son.<\/span><\/p>\n<p><\/strong><\/p>\n<p>Egy tiszaroffi lakos k\u00f6zlekedett szem\u00e9lyg\u00e9pkocsival a 4. sz\u00e1m\u00fa f\u0151\u00faton, T\u00f6r\u00f6kszentmikl\u00f3son 2020. november 1-j\u00e9n 9 \u00f3ra 50 perc k\u00f6r\u00fcl. A sof\u0151r halad\u00e1sa sor\u00e1n k\u00e9s\u0151n \u00e9szlelte a kijel\u00f6lt gyalogos \u00e1tkel\u0151helyn\u00e9l forgalmi okb\u00f3l v\u00e1rakoz\u00f3 aut\u00f3t \u00e9s nekicsap\u00f3dott, majd az \u00fctk\u00f6z\u00e9s ereje a j\u00e1rm\u0171vet az el\u0151tte v\u00e1rakoz\u00f3 szem\u00e9lyg\u00e9pkocsinak l\u00f6kte. A tiszaroffi lakos \u00e1ltal vezetett j\u00e1rm\u0171ben, a sof\u0151r\u00f6n k\u00edv\u00fcl h\u00e1rman utaztak, \u0151k \u2013 az els\u0151dleges orvosi v\u00e9lem\u00e9ny szerint &#8211; k\u00f6nny\u0171 s\u00e9r\u00fcl\u00e9st szenvedtek. A helysz\u00ednre ki\u00e9rkez\u0151 rend\u0151r\u00f6k meg\u00e1llap\u00edtott\u00e1k, hogy a balesetet okoz\u00f3 g\u00e9pkocsi vezet\u0151j\u00e9t a Karcagi Rend\u0151rkapit\u00e1nys\u00e1g 12 h\u00f3nap id\u0151tartamra a j\u00e1rm\u0171vezet\u00e9st\u0151l eltiltotta, ez\u00e9rt a jogs\u00e9rt\u0151t a T\u00f6r\u00f6kszentmikl\u00f3si Rend\u0151rkapit\u00e1nys\u00e1gra el\u0151\u00e1ll\u00edtott\u00e1k, majd meghallgat\u00e1s\u00e1t k\u00f6vet\u0151en szab\u00e1lys\u00e9rt\u00e9si \u0151rizetbe vett\u00e9k. &nbsp;<\/p>\n<p>A rend\u0151rkapit\u00e1nys\u00e1g j\u00e1rm\u0171vezet\u00e9s az eltilt\u00e1s hat\u00e1lya alatt szab\u00e1lys\u00e9rt\u00e9s miatt folytat elj\u00e1r\u00e1st.<\/p>\n<p><strong><img fetchpriority=\"high\" decoding=\"async\" class=\" size-full wp-image-4430\" src=\"https:\/\/miklostv.com\/new\/wp-content\/uploads\/2020\/11\/harmas_1.jpg\" alt=\"h\u00e1rmas 1\" width=\"1024\" height=\"678\" srcset=\"https:\/\/miklostv.com\/new\/wp-content\/uploads\/2020\/11\/harmas_1.jpg 1232w, https:\/\/miklostv.com\/new\/wp-content\/uploads\/2020\/11\/harmas_1-300x199.jpg 300w, https:\/\/miklostv.com\/new\/wp-content\/uploads\/2020\/11\/harmas_1-1024x678.jpg 1024w, https:\/\/miklostv.com\/new\/wp-content\/uploads\/2020\/11\/harmas_1-768x509.jpg 768w\" sizes=\"(max-width: 1024px) 100vw, 1024px\" \/><\/strong>forr\u00e1s:<a href=\"http:\/\/www.police.hu\/hu\/hirek-es-informaciok\/legfrissebb-hireink\/helyi-hirek\/a-rendorok-szabalysertesi-orizetbe-vettek-a#\" target=\"_blank\" rel=\"noopener\"> police.hu<\/a><\/p>\n","protected":false},"excerpt":{"rendered":"<p>Eltilt\u00e1s hat\u00e1lya alatt vezetett \u00e9s balesetet okozott T\u00f6r\u00f6kszentmikl\u00f3son. Egy tiszaroffi lakos k\u00f6zlekedett szem\u00e9lyg\u00e9pkocsival a 4. sz\u00e1m\u00fa f\u0151\u00faton, T\u00f6r\u00f6kszentmikl\u00f3son 2020. november 1-j\u00e9n 9 \u00f3ra 50 perc k\u00f6r\u00fcl. A sof\u0151r halad\u00e1sa sor\u00e1n k\u00e9s\u0151n \u00e9szlelte a kijel\u00f6lt gyalogos \u00e1tkel\u0151helyn\u00e9l forgalmi okb\u00f3l v\u00e1rakoz\u00f3 aut\u00f3t \u00e9s nekicsap\u00f3dott, majd az \u00fctk\u00f6z\u00e9s ereje a j\u00e1rm\u0171vet az el\u0151tte v\u00e1rakoz\u00f3 szem\u00e9lyg\u00e9pkocsinak l\u00f6kte. A tiszaroffi lakos \u00e1ltal vezetett j\u00e1rm\u0171ben, a sof\u0151r\u00f6n k\u00edv\u00fcl h\u00e1rman utaztak, \u0151k \u2013 az els\u0151dleges orvosi v\u00e9lem\u00e9ny szerint &#8211; k\u00f6nny\u0171 s\u00e9r\u00fcl\u00e9st szenvedtek. A helysz\u00ednre ki\u00e9rkez\u0151 rend\u0151r\u00f6k meg\u00e1llap\u00edtott\u00e1k, hogy a balesetet okoz\u00f3 g\u00e9pkocsi vezet\u0151j\u00e9t a Karcagi Rend\u0151rkapit\u00e1nys\u00e1g 12&hellip;<\/p>\n","protected":false},"author":1,"featured_media":4429,"comment_status":"open","ping_status":"open","sticky":false,"template":"","format":"standard","meta":{"fifu_image_url":"","fifu_image_alt":"","footnotes":""},"categories":[41],"tags":[],"class_list":["post-4431","post","type-post","status-publish","format-standard","has-post-thumbnail","hentry","category-rendorsegi-hirek"],"gutentor_comment":0,"yoast_head":"<!-- This site is optimized with the Yoast SEO plugin v27.5 - https:\/\/yoast.com\/product\/yoast-seo-wordpress\/ -->\n<title>A REND\u0150R\u00d6K SZAB\u00c1LYS\u00c9RT\u00c9SI \u0150RIZETBE VETT\u00c9K A JOGS\u00c9RT\u0150T - Mikl\u00f3s TV<\/title>\n<meta name=\"robots\" content=\"index, follow, max-snippet:-1, max-image-preview:large, max-video-preview:-1\" \/>\n<link rel=\"canonical\" href=\"https:\/\/miklostv.com\/new\/2020\/11\/02\/a-rendorok-szabalysertesi-orizetbe-vettek-a-jogsertot\/\" \/>\n<meta property=\"og:locale\" content=\"hu_HU\" \/>\n<meta property=\"og:type\" content=\"article\" \/>\n<meta property=\"og:title\" content=\"A REND\u0150R\u00d6K SZAB\u00c1LYS\u00c9RT\u00c9SI \u0150RIZETBE VETT\u00c9K A JOGS\u00c9RT\u0150T - Mikl\u00f3s TV\" \/>\n<meta property=\"og:description\" content=\"Eltilt\u00e1s hat\u00e1lya alatt vezetett \u00e9s balesetet okozott T\u00f6r\u00f6kszentmikl\u00f3son. Egy tiszaroffi lakos k\u00f6zlekedett szem\u00e9lyg\u00e9pkocsival a 4. sz\u00e1m\u00fa f\u0151\u00faton, T\u00f6r\u00f6kszentmikl\u00f3son 2020. november 1-j\u00e9n 9 \u00f3ra 50 perc k\u00f6r\u00fcl. A sof\u0151r halad\u00e1sa sor\u00e1n k\u00e9s\u0151n \u00e9szlelte a kijel\u00f6lt gyalogos \u00e1tkel\u0151helyn\u00e9l forgalmi okb\u00f3l v\u00e1rakoz\u00f3 aut\u00f3t \u00e9s nekicsap\u00f3dott, majd az \u00fctk\u00f6z\u00e9s ereje a j\u00e1rm\u0171vet az el\u0151tte v\u00e1rakoz\u00f3 szem\u00e9lyg\u00e9pkocsinak l\u00f6kte. A tiszaroffi lakos \u00e1ltal vezetett j\u00e1rm\u0171ben, a sof\u0151r\u00f6n k\u00edv\u00fcl h\u00e1rman utaztak, \u0151k \u2013 az els\u0151dleges orvosi v\u00e9lem\u00e9ny szerint &#8211; k\u00f6nny\u0171 s\u00e9r\u00fcl\u00e9st szenvedtek. A helysz\u00ednre ki\u00e9rkez\u0151 rend\u0151r\u00f6k meg\u00e1llap\u00edtott\u00e1k, hogy a balesetet okoz\u00f3 g\u00e9pkocsi vezet\u0151j\u00e9t a Karcagi Rend\u0151rkapit\u00e1nys\u00e1g 12&hellip;\" \/>\n<meta property=\"og:url\" content=\"https:\/\/miklostv.com\/new\/2020\/11\/02\/a-rendorok-szabalysertesi-orizetbe-vettek-a-jogsertot\/\" \/>\n<meta property=\"og:site_name\" content=\"Mikl\u00f3s TV\" \/>\n<meta property=\"article:published_time\" content=\"2020-11-02T16:16:54+00:00\" \/>\n<meta property=\"og:image\" content=\"https:\/\/miklostv.com\/new\/wp-content\/uploads\/2020\/11\/eloallitas_harmas_0.jpg\" \/>\n\t<meta property=\"og:image:width\" content=\"1232\" \/>\n\t<meta property=\"og:image:height\" content=\"816\" \/>\n\t<meta property=\"og:image:type\" content=\"image\/jpeg\" \/>\n<meta name=\"author\" content=\"S\u00e1ndor\" \/>\n<meta name=\"twitter:card\" content=\"summary_large_image\" \/>\n<meta name=\"twitter:label1\" content=\"Szerz\u0151:\" \/>\n\t<meta name=\"twitter:data1\" content=\"S\u00e1ndor\" \/>\n\t<meta name=\"twitter:label2\" content=\"Becs\u00fclt olvas\u00e1si id\u0151\" \/>\n\t<meta name=\"twitter:data2\" content=\"1 perc\" \/>\n<script type=\"application\/ld+json\" class=\"yoast-schema-graph\">{\"@context\":\"https:\\\/\\\/schema.org\",\"@graph\":[{\"@type\":\"NewsArticle\",\"@id\":\"https:\\\/\\\/miklostv.com\\\/new\\\/2020\\\/11\\\/02\\\/a-rendorok-szabalysertesi-orizetbe-vettek-a-jogsertot\\\/#article\",\"isPartOf\":{\"@id\":\"https:\\\/\\\/miklostv.com\\\/new\\\/2020\\\/11\\\/02\\\/a-rendorok-szabalysertesi-orizetbe-vettek-a-jogsertot\\\/\"},\"author\":{\"name\":\"S\u00e1ndor\",\"@id\":\"https:\\\/\\\/miklostv.com\\\/new\\\/#\\\/schema\\\/person\\\/6339cdd0bbd336ec6345812e3958be3b\"},\"headline\":\"A REND\u0150R\u00d6K SZAB\u00c1LYS\u00c9RT\u00c9SI \u0150RIZETBE VETT\u00c9K A JOGS\u00c9RT\u0150T\",\"datePublished\":\"2020-11-02T16:16:54+00:00\",\"mainEntityOfPage\":{\"@id\":\"https:\\\/\\\/miklostv.com\\\/new\\\/2020\\\/11\\\/02\\\/a-rendorok-szabalysertesi-orizetbe-vettek-a-jogsertot\\\/\"},\"wordCount\":236,\"commentCount\":0,\"image\":{\"@id\":\"https:\\\/\\\/miklostv.com\\\/new\\\/2020\\\/11\\\/02\\\/a-rendorok-szabalysertesi-orizetbe-vettek-a-jogsertot\\\/#primaryimage\"},\"thumbnailUrl\":\"https:\\\/\\\/miklostv.com\\\/new\\\/wp-content\\\/uploads\\\/2020\\\/11\\\/eloallitas_harmas_0.jpg\",\"articleSection\":[\"Rend\u0151rs\u00e9gi h\u00edrek\"],\"inLanguage\":\"hu\"},{\"@type\":\"WebPage\",\"@id\":\"https:\\\/\\\/miklostv.com\\\/new\\\/2020\\\/11\\\/02\\\/a-rendorok-szabalysertesi-orizetbe-vettek-a-jogsertot\\\/\",\"url\":\"https:\\\/\\\/miklostv.com\\\/new\\\/2020\\\/11\\\/02\\\/a-rendorok-szabalysertesi-orizetbe-vettek-a-jogsertot\\\/\",\"name\":\"A REND\u0150R\u00d6K SZAB\u00c1LYS\u00c9RT\u00c9SI \u0150RIZETBE VETT\u00c9K A JOGS\u00c9RT\u0150T - Mikl\u00f3s TV\",\"isPartOf\":{\"@id\":\"https:\\\/\\\/miklostv.com\\\/new\\\/#website\"},\"primaryImageOfPage\":{\"@id\":\"https:\\\/\\\/miklostv.com\\\/new\\\/2020\\\/11\\\/02\\\/a-rendorok-szabalysertesi-orizetbe-vettek-a-jogsertot\\\/#primaryimage\"},\"image\":{\"@id\":\"https:\\\/\\\/miklostv.com\\\/new\\\/2020\\\/11\\\/02\\\/a-rendorok-szabalysertesi-orizetbe-vettek-a-jogsertot\\\/#primaryimage\"},\"thumbnailUrl\":\"https:\\\/\\\/miklostv.com\\\/new\\\/wp-content\\\/uploads\\\/2020\\\/11\\\/eloallitas_harmas_0.jpg\",\"datePublished\":\"2020-11-02T16:16:54+00:00\",\"author\":{\"@id\":\"https:\\\/\\\/miklostv.com\\\/new\\\/#\\\/schema\\\/person\\\/6339cdd0bbd336ec6345812e3958be3b\"},\"breadcrumb\":{\"@id\":\"https:\\\/\\\/miklostv.com\\\/new\\\/2020\\\/11\\\/02\\\/a-rendorok-szabalysertesi-orizetbe-vettek-a-jogsertot\\\/#breadcrumb\"},\"inLanguage\":\"hu\",\"potentialAction\":[{\"@type\":\"ReadAction\",\"target\":[\"https:\\\/\\\/miklostv.com\\\/new\\\/2020\\\/11\\\/02\\\/a-rendorok-szabalysertesi-orizetbe-vettek-a-jogsertot\\\/\"]}]},{\"@type\":\"ImageObject\",\"inLanguage\":\"hu\",\"@id\":\"https:\\\/\\\/miklostv.com\\\/new\\\/2020\\\/11\\\/02\\\/a-rendorok-szabalysertesi-orizetbe-vettek-a-jogsertot\\\/#primaryimage\",\"url\":\"https:\\\/\\\/miklostv.com\\\/new\\\/wp-content\\\/uploads\\\/2020\\\/11\\\/eloallitas_harmas_0.jpg\",\"contentUrl\":\"https:\\\/\\\/miklostv.com\\\/new\\\/wp-content\\\/uploads\\\/2020\\\/11\\\/eloallitas_harmas_0.jpg\",\"width\":1232,\"height\":816,\"caption\":\"el\u0151\u00e1ll\u00edt\u00e1s h\u00e1rmas\"},{\"@type\":\"BreadcrumbList\",\"@id\":\"https:\\\/\\\/miklostv.com\\\/new\\\/2020\\\/11\\\/02\\\/a-rendorok-szabalysertesi-orizetbe-vettek-a-jogsertot\\\/#breadcrumb\",\"itemListElement\":[{\"@type\":\"ListItem\",\"position\":1,\"name\":\"Kezd\u0151lap\",\"item\":\"https:\\\/\\\/miklostv.com\\\/new\\\/\"},{\"@type\":\"ListItem\",\"position\":2,\"name\":\"A REND\u0150R\u00d6K SZAB\u00c1LYS\u00c9RT\u00c9SI \u0150RIZETBE VETT\u00c9K A JOGS\u00c9RT\u0150T\"}]},{\"@type\":\"WebSite\",\"@id\":\"https:\\\/\\\/miklostv.com\\\/new\\\/#website\",\"url\":\"https:\\\/\\\/miklostv.com\\\/new\\\/\",\"name\":\"Mikl\u00f3s TV\",\"description\":\"Mikl\u00f3s TV\",\"potentialAction\":[{\"@type\":\"SearchAction\",\"target\":{\"@type\":\"EntryPoint\",\"urlTemplate\":\"https:\\\/\\\/miklostv.com\\\/new\\\/?s={search_term_string}\"},\"query-input\":{\"@type\":\"PropertyValueSpecification\",\"valueRequired\":true,\"valueName\":\"search_term_string\"}}],\"inLanguage\":\"hu\"},{\"@type\":\"Person\",\"@id\":\"https:\\\/\\\/miklostv.com\\\/new\\\/#\\\/schema\\\/person\\\/6339cdd0bbd336ec6345812e3958be3b\",\"name\":\"S\u00e1ndor\",\"sameAs\":[\"https:\\\/\\\/miklostv.com\\\/new\"],\"url\":\"https:\\\/\\\/miklostv.com\\\/new\\\/author\\\/sanyi\\\/\"}]}<\/script>\n<!-- \/ Yoast SEO plugin. -->","yoast_head_json":{"title":"A REND\u0150R\u00d6K SZAB\u00c1LYS\u00c9RT\u00c9SI \u0150RIZETBE VETT\u00c9K A JOGS\u00c9RT\u0150T - Mikl\u00f3s TV","robots":{"index":"index","follow":"follow","max-snippet":"max-snippet:-1","max-image-preview":"max-image-preview:large","max-video-preview":"max-video-preview:-1"},"canonical":"https:\/\/miklostv.com\/new\/2020\/11\/02\/a-rendorok-szabalysertesi-orizetbe-vettek-a-jogsertot\/","og_locale":"hu_HU","og_type":"article","og_title":"A REND\u0150R\u00d6K SZAB\u00c1LYS\u00c9RT\u00c9SI \u0150RIZETBE VETT\u00c9K A JOGS\u00c9RT\u0150T - Mikl\u00f3s TV","og_description":"Eltilt\u00e1s hat\u00e1lya alatt vezetett \u00e9s balesetet okozott T\u00f6r\u00f6kszentmikl\u00f3son. Egy tiszaroffi lakos k\u00f6zlekedett szem\u00e9lyg\u00e9pkocsival a 4. sz\u00e1m\u00fa f\u0151\u00faton, T\u00f6r\u00f6kszentmikl\u00f3son 2020. november 1-j\u00e9n 9 \u00f3ra 50 perc k\u00f6r\u00fcl. A sof\u0151r halad\u00e1sa sor\u00e1n k\u00e9s\u0151n \u00e9szlelte a kijel\u00f6lt gyalogos \u00e1tkel\u0151helyn\u00e9l forgalmi okb\u00f3l v\u00e1rakoz\u00f3 aut\u00f3t \u00e9s nekicsap\u00f3dott, majd az \u00fctk\u00f6z\u00e9s ereje a j\u00e1rm\u0171vet az el\u0151tte v\u00e1rakoz\u00f3 szem\u00e9lyg\u00e9pkocsinak l\u00f6kte. A tiszaroffi lakos \u00e1ltal vezetett j\u00e1rm\u0171ben, a sof\u0151r\u00f6n k\u00edv\u00fcl h\u00e1rman utaztak, \u0151k \u2013 az els\u0151dleges orvosi v\u00e9lem\u00e9ny szerint &#8211; k\u00f6nny\u0171 s\u00e9r\u00fcl\u00e9st szenvedtek. A helysz\u00ednre ki\u00e9rkez\u0151 rend\u0151r\u00f6k meg\u00e1llap\u00edtott\u00e1k, hogy a balesetet okoz\u00f3 g\u00e9pkocsi vezet\u0151j\u00e9t a Karcagi Rend\u0151rkapit\u00e1nys\u00e1g 12&hellip;","og_url":"https:\/\/miklostv.com\/new\/2020\/11\/02\/a-rendorok-szabalysertesi-orizetbe-vettek-a-jogsertot\/","og_site_name":"Mikl\u00f3s TV","article_published_time":"2020-11-02T16:16:54+00:00","og_image":[{"width":1232,"height":816,"url":"https:\/\/miklostv.com\/new\/wp-content\/uploads\/2020\/11\/eloallitas_harmas_0.jpg","type":"image\/jpeg"}],"author":"S\u00e1ndor","twitter_card":"summary_large_image","twitter_misc":{"Szerz\u0151:":"S\u00e1ndor","Becs\u00fclt olvas\u00e1si id\u0151":"1 perc"},"schema":{"@context":"https:\/\/schema.org","@graph":[{"@type":"NewsArticle","@id":"https:\/\/miklostv.com\/new\/2020\/11\/02\/a-rendorok-szabalysertesi-orizetbe-vettek-a-jogsertot\/#article","isPartOf":{"@id":"https:\/\/miklostv.com\/new\/2020\/11\/02\/a-rendorok-szabalysertesi-orizetbe-vettek-a-jogsertot\/"},"author":{"name":"S\u00e1ndor","@id":"https:\/\/miklostv.com\/new\/#\/schema\/person\/6339cdd0bbd336ec6345812e3958be3b"},"headline":"A REND\u0150R\u00d6K SZAB\u00c1LYS\u00c9RT\u00c9SI \u0150RIZETBE VETT\u00c9K A JOGS\u00c9RT\u0150T","datePublished":"2020-11-02T16:16:54+00:00","mainEntityOfPage":{"@id":"https:\/\/miklostv.com\/new\/2020\/11\/02\/a-rendorok-szabalysertesi-orizetbe-vettek-a-jogsertot\/"},"wordCount":236,"commentCount":0,"image":{"@id":"https:\/\/miklostv.com\/new\/2020\/11\/02\/a-rendorok-szabalysertesi-orizetbe-vettek-a-jogsertot\/#primaryimage"},"thumbnailUrl":"https:\/\/miklostv.com\/new\/wp-content\/uploads\/2020\/11\/eloallitas_harmas_0.jpg","articleSection":["Rend\u0151rs\u00e9gi h\u00edrek"],"inLanguage":"hu"},{"@type":"WebPage","@id":"https:\/\/miklostv.com\/new\/2020\/11\/02\/a-rendorok-szabalysertesi-orizetbe-vettek-a-jogsertot\/","url":"https:\/\/miklostv.com\/new\/2020\/11\/02\/a-rendorok-szabalysertesi-orizetbe-vettek-a-jogsertot\/","name":"A REND\u0150R\u00d6K SZAB\u00c1LYS\u00c9RT\u00c9SI \u0150RIZETBE VETT\u00c9K A JOGS\u00c9RT\u0150T - Mikl\u00f3s TV","isPartOf":{"@id":"https:\/\/miklostv.com\/new\/#website"},"primaryImageOfPage":{"@id":"https:\/\/miklostv.com\/new\/2020\/11\/02\/a-rendorok-szabalysertesi-orizetbe-vettek-a-jogsertot\/#primaryimage"},"image":{"@id":"https:\/\/miklostv.com\/new\/2020\/11\/02\/a-rendorok-szabalysertesi-orizetbe-vettek-a-jogsertot\/#primaryimage"},"thumbnailUrl":"https:\/\/miklostv.com\/new\/wp-content\/uploads\/2020\/11\/eloallitas_harmas_0.jpg","datePublished":"2020-11-02T16:16:54+00:00","author":{"@id":"https:\/\/miklostv.com\/new\/#\/schema\/person\/6339cdd0bbd336ec6345812e3958be3b"},"breadcrumb":{"@id":"https:\/\/miklostv.com\/new\/2020\/11\/02\/a-rendorok-szabalysertesi-orizetbe-vettek-a-jogsertot\/#breadcrumb"},"inLanguage":"hu","potentialAction":[{"@type":"ReadAction","target":["https:\/\/miklostv.com\/new\/2020\/11\/02\/a-rendorok-szabalysertesi-orizetbe-vettek-a-jogsertot\/"]}]},{"@type":"ImageObject","inLanguage":"hu","@id":"https:\/\/miklostv.com\/new\/2020\/11\/02\/a-rendorok-szabalysertesi-orizetbe-vettek-a-jogsertot\/#primaryimage","url":"https:\/\/miklostv.com\/new\/wp-content\/uploads\/2020\/11\/eloallitas_harmas_0.jpg","contentUrl":"https:\/\/miklostv.com\/new\/wp-content\/uploads\/2020\/11\/eloallitas_harmas_0.jpg","width":1232,"height":816,"caption":"el\u0151\u00e1ll\u00edt\u00e1s h\u00e1rmas"},{"@type":"BreadcrumbList","@id":"https:\/\/miklostv.com\/new\/2020\/11\/02\/a-rendorok-szabalysertesi-orizetbe-vettek-a-jogsertot\/#breadcrumb","itemListElement":[{"@type":"ListItem","position":1,"name":"Kezd\u0151lap","item":"https:\/\/miklostv.com\/new\/"},{"@type":"ListItem","position":2,"name":"A REND\u0150R\u00d6K SZAB\u00c1LYS\u00c9RT\u00c9SI \u0150RIZETBE VETT\u00c9K A JOGS\u00c9RT\u0150T"}]},{"@type":"WebSite","@id":"https:\/\/miklostv.com\/new\/#website","url":"https:\/\/miklostv.com\/new\/","name":"Mikl\u00f3s TV","description":"Mikl\u00f3s TV","potentialAction":[{"@type":"SearchAction","target":{"@type":"EntryPoint","urlTemplate":"https:\/\/miklostv.com\/new\/?s={search_term_string}"},"query-input":{"@type":"PropertyValueSpecification","valueRequired":true,"valueName":"search_term_string"}}],"inLanguage":"hu"},{"@type":"Person","@id":"https:\/\/miklostv.com\/new\/#\/schema\/person\/6339cdd0bbd336ec6345812e3958be3b","name":"S\u00e1ndor","sameAs":["https:\/\/miklostv.com\/new"],"url":"https:\/\/miklostv.com\/new\/author\/sanyi\/"}]}},"_links":{"self":[{"href":"https:\/\/miklostv.com\/new\/wp-json\/wp\/v2\/posts\/4431","targetHints":{"allow":["GET"]}}],"collection":[{"href":"https:\/\/miklostv.com\/new\/wp-json\/wp\/v2\/posts"}],"about":[{"href":"https:\/\/miklostv.com\/new\/wp-json\/wp\/v2\/types\/post"}],"author":[{"embeddable":true,"href":"https:\/\/miklostv.com\/new\/wp-json\/wp\/v2\/users\/1"}],"replies":[{"embeddable":true,"href":"https:\/\/miklostv.com\/new\/wp-json\/wp\/v2\/comments?post=4431"}],"version-history":[{"count":0,"href":"https:\/\/miklostv.com\/new\/wp-json\/wp\/v2\/posts\/4431\/revisions"}],"wp:featuredmedia":[{"embeddable":true,"href":"https:\/\/miklostv.com\/new\/wp-json\/wp\/v2\/media\/4429"}],"wp:attachment":[{"href":"https:\/\/miklostv.com\/new\/wp-json\/wp\/v2\/media?parent=4431"}],"wp:term":[{"taxonomy":"category","embeddable":true,"href":"https:\/\/miklostv.com\/new\/wp-json\/wp\/v2\/categories?post=4431"},{"taxonomy":"post_tag","embeddable":true,"href":"https:\/\/miklostv.com\/new\/wp-json\/wp\/v2\/tags?post=4431"}],"curies":[{"name":"wp","href":"https:\/\/api.w.org\/{rel}","templated":true}]}}