{"id":4425,"date":"2020-10-29T10:08:42","date_gmt":"2020-10-29T10:08:42","guid":{"rendered":"https:\/\/miklostv.com\/new\/2020\/10\/29\/elhunyt-hajdrik-jozsef-kolto\/"},"modified":"2023-02-08T19:04:44","modified_gmt":"2023-02-08T19:04:44","slug":"elhunyt-hajdrik-jozsef-kolto","status":"publish","type":"post","link":"https:\/\/miklostv.com\/new\/2020\/10\/29\/elhunyt-hajdrik-jozsef-kolto\/","title":{"rendered":"ELHUNYT HAJDRIK J\u00d3ZSEF K\u00d6LT\u0150"},"content":{"rendered":"<div><span style=\"font-size: 12pt;\"><strong>Hosszan tart\u00f3, s\u00falyos betegs\u00e9g ut\u00e1n elhunyt Hajdrik J\u00f3zsef k\u00f6lt\u0151<\/strong><\/span> &#8211; <a href=\"https:\/\/www.facebook.com\/akulturkocsma\/posts\/2792563994335478\" target=\"_blank\" rel=\"noopener\">\u00edrja a kort\u00e1rs \u00edr\u00f3k, k\u00f6lt\u0151k, fest\u0151k, fot\u00f3sok munk\u00e1it bemutat\u00f3 Kult\u00farkocsma facebook oldal<\/a>.<\/div>\n<div>\n\n\n<figure class=\"wp-block-image\"><img decoding=\"async\" src=\"https:\/\/miklostv.com\/new\/wp-content\/uploads\/2020\/10\/hajdrik_jozsef_gyasz.jpg\" alt=\"\" \/><\/figure>\n\n\n<\/div>\n<div>Utols\u00f3 m\u0171v\u00e9vel b\u00facs\u00faztak t\u0151le:<\/div>\n<div><\/div>\n<div>Hajdrik J\u00f3zsef<\/div>\n<div>Amint kinn, \u00fagy benn<\/div>\n<div><\/div>\n<div>Az \u00e9let \u00e1lland\u00f3s\u00e1ga a v\u00e1ltoz\u00e1s.<\/div>\n<div>A pokol benn\u00fcnk van,<\/div>\n<div>\u00dagy, mint a Mennyorsz\u00e1g!<\/div>\n<div><\/div>\n<div>Ami most kinn zajlik,<\/div>\n<div>az j\u00e1tsz\u00f3dik bel\u00fcl,<\/div>\n<div>a rossz gondolat v\u00e9g\u00fcl is szerv\u00fcl.<\/div>\n<div>Mikrokozmoszunk\u00a0 t\u00fck\u00f6rk\u00e9pp\u00e9 g\u00f6rb\u00fcl.<\/div>\n<div><\/div>\n<div>A szeretet hi\u00e1nyn\u00e1l, nincs ami sz\u00f6rny\u0171bb!<\/div>\n<div>Az ember saj\u00e1t faj\u00e1nak vad farkasa,<\/div>\n<div>Kis vil\u00e1ga f\u00f6l\u00f6tt nincs t\u00f6bb\u00e9 hatalma!<\/div>\n<div>A makrokozmoszban az, ami \u00f6r\u00f6k!<\/div>\n<div><\/div>\n<div>Hallgat a f\u0151gonosz, mit \u00e9r a k\u00f6ny\u00f6rg\u00e9s?<\/div>\n<div>Oktalan h\u00e1bor\u00fak, lepusztult k\u00f6rnyezet.<\/div>\n<div>Hov\u00e1 t\u0171nt a szeretet \u00f6vezet?<\/div>\n<div>F\u00e9lelm\u00fcnk jogos, hisz marad az \u00f6ld\u00f6kl\u00e9s!<\/div>\n<div><\/div>\n<div>A gy\u0151ztes lehetkedves, vagy otromba.<\/div>\n<div>Hitedt\u0151l lesz az \u00e9leted j\u00f3, \u00e9s sz\u00e9p.<\/div>\n<div>Ember! Ennyit b\u0151ven meg\u00e9rthetn\u00e9l<\/div>\n<div>\u00cdgy ha van, ha nincs nem jutsz a pokolba!<\/div>\n<div><\/div>\n<div><\/div>\n<div>Hajdrik J\u00f3zsef 1951. febru\u00e1r 19-\u00e9n, T\u00f6r\u00f6kszentmikl\u00f3son sz\u00fcletett, iparos csal\u00e1d harmadik gyermekek\u00e9nt l\u00e1tta meg a kora esti holdvil\u00e1got.<\/div>\n<div><\/div>\n<div>Id\u0151sebb n\u0151v\u00e9re, Judit, egy\u00e9ves kor\u00e1ban, sz\u00fclet\u00e9s\u00e9nek napj\u00e1n, gy\u00f3gy\u00edthatatlan gyermekbetegs\u00e9ge miatt meghalt. \u00c9desanyja \u00e1rva sorsa, \u00e9desapja 38 h\u00f3napos \u201em\u00e1lenkij robot\u201d-r\u00f3l sz\u00f3l\u00f3 \u201e\u00e9lm\u00e9nybesz\u00e1mol\u00f3i\u201d, az apai nagyb\u00e1ty&#8217;, Sanyi b\u00e1csi, \u00e9s a nagyapa H\u00e1ry J\u00e1nost meghazudtol\u00f3 anekdot\u00e1i, kedves mes\u00e9i hat\u00e1ssal voltak munk\u00e1ss\u00e1g\u00e1ra. E f\u00e1jdalmasan boh\u00f3 gy\u00f6kerekb\u0151l t\u00e1pl\u00e1lkoz\u00f3 lelki \u00e9rz\u00e9kenys\u00e9ge eg\u00e9sz \u00e9let\u00fatj\u00e1t meghat\u00e1rozta. Gyermekkor\u00e1nak h\u00e9tk\u00f6znapjaira sz\u00edvesen gondolt vissza, mert azok a tiszta szeretet jegy\u00e9ben teltek el, n\u0151v\u00e9r\u00e9vel, \u00c9v\u00e1val, h\u00fag\u00e1val, Jutk\u00e1val, valamint a Hunyadi utcai, klottgaty\u00e1s fi\u00fakkal \u00e9s a kartonruh\u00e1s l\u00e1nyokkal.<\/div>\n<div><\/div>\n<div>A helyi \u00e1ltal\u00e1nos iskola Kossuth d\u00edjas igazgat\u00f3 b\u00e1csija, L\u00e1z\u00e1r Barna, \u00e9s tan\u00e1rainak emberszeret\u0151 magatart\u00e1sa ut\u00e1n, gimn\u00e1ziumi oszt\u00e1lyf\u0151n\u00f6k\u00e9nek \u00e1lland\u00f3, cinikus megjegyz\u00e9seit nem t\u0171ri. Az intrikus tan\u00e1r, \u00e1rm\u00e1nykod\u00f3, csipkel\u0151d\u0151 szavai miatt f\u00e9lbe hagyta tanulm\u00e1nyait. Manu\u00e1lis k\u00e9pess\u00e9g\u00e9t a cukr\u00e1sz szakm\u00e1ban kamatoztatta. A karamell \u00e9s marcip\u00e1n figur\u00e1kat egy\u00e9ni st\u00edlusban form\u00e1zta meg. A gyorsan em\u00e9szthet\u0151 remekm\u0171vek tiszavir\u00e1g \u00e9lete arra \u00f6szt\u00f6nzi, hogy id\u0151t \u00e1ll\u00f3bb anyagokb\u00f3l k\u00e9sz\u00edtsen szobrokat, kisplasztik\u00e1kat.<\/div>\n<div><\/div>\n<div>1970-t\u0151l 1972-ig a cegl\u00e9di laktanya vend\u00e9gszeretet\u00e9t \u00e9lvezte. T\u00fcz\u00e9rhonv\u00e9d, a Katyus\u00e1sok \u00fcteg\u00e9ben. A negyvencs\u00f6v\u0171 \u201ehal\u00e1lgy\u00e1rt\u00f3\u201d sorozatvet\u0151ket sz\u00edvb\u0151l gy\u0171l\u00f6lte. M\u00ednusz h\u00fasz fokos hidegben megtartott \u00e9lesl\u00f6v\u00e9szeten er\u0151sen felf\u00e1zott. A gyeng\u00e9lked\u0151 felcsere szimul\u00e1l\u00f3nak, \u201esummant\u00f3nak\u201d kiki\u00e1ltva, desztill\u00e1lt vizes injekci\u00f3kkal \u201ekezelte\u201d. Kialakul\u00f3 cs\u00edp\u0151iz\u00fcleti probl\u00e9m\u00e1i \u00e9let\u00e9t megkeser\u00edtett\u00e9k. E hatalmas trauma hozad\u00e9ka, hogy f\u00e9lbeszak\u00edtott tanulm\u00e1nyait befejezte. A szolnoki Kereskedelmi F\u0151iskola kihelyezett tagozat\u00e1n kereskedelmi menedzser k\u00e9pes\u00edt\u00e9st szerzett.<\/div>\n<div><\/div>\n<div>Hajdrik J\u00f3zsef 1965-ben \u00edrta els\u0151 vers\u00e9t. \u00c9rzelmeinek, \u00e9rz\u00e9seinek kifejez\u00e9sm\u00f3dj\u00e1t v\u00e1ltogatja. Grafik\u00e1kat, illusztr\u00e1ci\u00f3kat k\u00e9sz\u00edt. B\u00e1tor ember l\u00e9v\u00e9n r\u00e1mer\u00e9szkedett a fest\u00e9szet, a szobr\u00e1szat, vers- \u00e9s pr\u00f3za\u00edr\u00e1s, dalsz\u00f6veg\u00edr\u00e1s g\u00f6r\u00f6ngy\u00f6s \u00fatjaira, \u00fatveszt\u0151ire is.<\/div>\n<div><\/div>\n<div>Hajdrik J\u00f3zsef a Divius Lux MM mag\u00e1nkiad\u00f3 tulajdonosa volt. Alkot\u00f3t\u00e1rsai m\u0171veit jelentette meg, antol\u00f3gi\u00e1kat szerkesztett. A Sz\u00e1rnyal\u00f3 K\u00e9pzelet c\u00edm\u0171 f\u00fcggetlen m\u0171v\u00e9szeti foly\u00f3iratot 1998-ban alap\u00edtotta.<\/div>\n<div><\/div>\n<div>Alap\u00edt\u00f3 tagja volt a szolnoki Aranysor \u00cdr\u00f3klubnak. A budapesti Cserh\u00e1t M\u0171v\u00e9szk\u00f6r, a Kr\u00fady Gyula Irodalmi K\u00f6r, a T\u0171zedz\u0151k Bar\u00e1ti T\u00e1rsas\u00e1ga, valamint a szerencsi Hegyaljai Alkot\u00f3k T\u00e1rsulat\u00e1nak tagja. 2005-ben a miskolci Irodalmi R\u00e1di\u00f3 bemutatta a Hangos Kort\u00e1rs Irodalmi Antol\u00f3gia 6. r\u00e9sz\u00e9ben. Rem\u00e9lhet\u0151leg, \u00edgy a \u201eMIR\u201d k\u00f6z\u00f6ss\u00e9ge is befogadta az ottani alkot\u00f3k t\u00e1rsas\u00e1ga k\u00f6z\u00e9. A 2003-as \u201eCserh\u00e1t ART \u00e9s N\u00edv\u00f3d\u00edj\u201d ut\u00e1n \u201eM\u0171v\u00e9szeti Nagyd\u00edj\u201d-ban r\u00e9szes\u00fclt.\n\nforr\u00e1s: <a href=\"http:\/\/mek.oszk.hu\/03900\/03900\/html\/oneletrajz.html\" target=\"_blank\" rel=\"noopener\">Magyar Elektronikus K\u00f6nyvt\u00e1r<\/a>\n\n<\/div>","protected":false},"excerpt":{"rendered":"<p>Hosszan tart\u00f3, s\u00falyos betegs\u00e9g ut\u00e1n elhunyt Hajdrik J\u00f3zsef k\u00f6lt\u0151 &#8211; \u00edrja a kort\u00e1rs \u00edr\u00f3k, k\u00f6lt\u0151k, fest\u0151k, fot\u00f3sok munk\u00e1it bemutat\u00f3 Kult\u00farkocsma facebook oldal. Utols\u00f3 m\u0171v\u00e9vel b\u00facs\u00faztak t\u0151le: Hajdrik J\u00f3zsef Amint kinn, \u00fagy benn Az \u00e9let \u00e1lland\u00f3s\u00e1ga a v\u00e1ltoz\u00e1s. A pokol benn\u00fcnk van, \u00dagy, mint a Mennyorsz\u00e1g! Ami most kinn zajlik, az j\u00e1tsz\u00f3dik bel\u00fcl, a rossz gondolat v\u00e9g\u00fcl is szerv\u00fcl. Mikrokozmoszunk\u00a0 t\u00fck\u00f6rk\u00e9pp\u00e9 g\u00f6rb\u00fcl. A szeretet hi\u00e1nyn\u00e1l, nincs ami sz\u00f6rny\u0171bb! Az ember saj\u00e1t faj\u00e1nak vad farkasa, Kis vil\u00e1ga f\u00f6l\u00f6tt nincs t\u00f6bb\u00e9 hatalma! A makrokozmoszban az, ami \u00f6r\u00f6k! Hallgat a f\u0151gonosz, mit \u00e9r a&hellip;<\/p>\n","protected":false},"author":1,"featured_media":4424,"comment_status":"open","ping_status":"open","sticky":false,"template":"","format":"standard","meta":{"fifu_image_url":"","fifu_image_alt":"","footnotes":""},"categories":[32],"tags":[],"class_list":["post-4425","post","type-post","status-publish","format-standard","has-post-thumbnail","hentry","category-hirek2"],"gutentor_comment":0,"yoast_head":"<!-- This site is optimized with the Yoast SEO plugin v27.5 - https:\/\/yoast.com\/product\/yoast-seo-wordpress\/ -->\n<title>ELHUNYT HAJDRIK J\u00d3ZSEF K\u00d6LT\u0150 - Mikl\u00f3s TV<\/title>\n<meta name=\"robots\" content=\"index, follow, max-snippet:-1, max-image-preview:large, max-video-preview:-1\" \/>\n<link rel=\"canonical\" href=\"https:\/\/miklostv.com\/new\/2020\/10\/29\/elhunyt-hajdrik-jozsef-kolto\/\" \/>\n<meta property=\"og:locale\" content=\"hu_HU\" \/>\n<meta property=\"og:type\" content=\"article\" \/>\n<meta property=\"og:title\" content=\"ELHUNYT HAJDRIK J\u00d3ZSEF K\u00d6LT\u0150 - Mikl\u00f3s TV\" \/>\n<meta property=\"og:description\" content=\"Hosszan tart\u00f3, s\u00falyos betegs\u00e9g ut\u00e1n elhunyt Hajdrik J\u00f3zsef k\u00f6lt\u0151 &#8211; \u00edrja a kort\u00e1rs \u00edr\u00f3k, k\u00f6lt\u0151k, fest\u0151k, fot\u00f3sok munk\u00e1it bemutat\u00f3 Kult\u00farkocsma facebook oldal. Utols\u00f3 m\u0171v\u00e9vel b\u00facs\u00faztak t\u0151le: Hajdrik J\u00f3zsef Amint kinn, \u00fagy benn Az \u00e9let \u00e1lland\u00f3s\u00e1ga a v\u00e1ltoz\u00e1s. A pokol benn\u00fcnk van, \u00dagy, mint a Mennyorsz\u00e1g! Ami most kinn zajlik, az j\u00e1tsz\u00f3dik bel\u00fcl, a rossz gondolat v\u00e9g\u00fcl is szerv\u00fcl. Mikrokozmoszunk\u00a0 t\u00fck\u00f6rk\u00e9pp\u00e9 g\u00f6rb\u00fcl. A szeretet hi\u00e1nyn\u00e1l, nincs ami sz\u00f6rny\u0171bb! Az ember saj\u00e1t faj\u00e1nak vad farkasa, Kis vil\u00e1ga f\u00f6l\u00f6tt nincs t\u00f6bb\u00e9 hatalma! A makrokozmoszban az, ami \u00f6r\u00f6k! Hallgat a f\u0151gonosz, mit \u00e9r a&hellip;\" \/>\n<meta property=\"og:url\" content=\"https:\/\/miklostv.com\/new\/2020\/10\/29\/elhunyt-hajdrik-jozsef-kolto\/\" \/>\n<meta property=\"og:site_name\" content=\"Mikl\u00f3s TV\" \/>\n<meta property=\"article:published_time\" content=\"2020-10-29T10:08:42+00:00\" \/>\n<meta property=\"article:modified_time\" content=\"2023-02-08T19:04:44+00:00\" \/>\n<meta property=\"og:image\" content=\"https:\/\/miklostv.com\/new\/wp-content\/uploads\/2020\/10\/hajdrik_jozsef_gyasz.jpg\" \/>\n\t<meta property=\"og:image:width\" content=\"600\" \/>\n\t<meta property=\"og:image:height\" content=\"314\" \/>\n\t<meta property=\"og:image:type\" content=\"image\/jpeg\" \/>\n<meta name=\"author\" content=\"S\u00e1ndor\" \/>\n<meta name=\"twitter:card\" content=\"summary_large_image\" \/>\n<meta name=\"twitter:label1\" content=\"Szerz\u0151:\" \/>\n\t<meta name=\"twitter:data1\" content=\"S\u00e1ndor\" \/>\n\t<meta name=\"twitter:label2\" content=\"Becs\u00fclt olvas\u00e1si id\u0151\" \/>\n\t<meta name=\"twitter:data2\" content=\"3 perc\" \/>\n<script type=\"application\/ld+json\" class=\"yoast-schema-graph\">{\"@context\":\"https:\\\/\\\/schema.org\",\"@graph\":[{\"@type\":\"NewsArticle\",\"@id\":\"https:\\\/\\\/miklostv.com\\\/new\\\/2020\\\/10\\\/29\\\/elhunyt-hajdrik-jozsef-kolto\\\/#article\",\"isPartOf\":{\"@id\":\"https:\\\/\\\/miklostv.com\\\/new\\\/2020\\\/10\\\/29\\\/elhunyt-hajdrik-jozsef-kolto\\\/\"},\"author\":{\"name\":\"S\u00e1ndor\",\"@id\":\"https:\\\/\\\/miklostv.com\\\/new\\\/#\\\/schema\\\/person\\\/6339cdd0bbd336ec6345812e3958be3b\"},\"headline\":\"ELHUNYT HAJDRIK J\u00d3ZSEF K\u00d6LT\u0150\",\"datePublished\":\"2020-10-29T10:08:42+00:00\",\"dateModified\":\"2023-02-08T19:04:44+00:00\",\"mainEntityOfPage\":{\"@id\":\"https:\\\/\\\/miklostv.com\\\/new\\\/2020\\\/10\\\/29\\\/elhunyt-hajdrik-jozsef-kolto\\\/\"},\"wordCount\":774,\"commentCount\":0,\"image\":{\"@id\":\"https:\\\/\\\/miklostv.com\\\/new\\\/2020\\\/10\\\/29\\\/elhunyt-hajdrik-jozsef-kolto\\\/#primaryimage\"},\"thumbnailUrl\":\"https:\\\/\\\/miklostv.com\\\/new\\\/wp-content\\\/uploads\\\/2020\\\/10\\\/hajdrik_jozsef_gyasz.jpg\",\"articleSection\":[\"A l\u00e9nyeg r\u00f6viden\"],\"inLanguage\":\"hu\"},{\"@type\":\"WebPage\",\"@id\":\"https:\\\/\\\/miklostv.com\\\/new\\\/2020\\\/10\\\/29\\\/elhunyt-hajdrik-jozsef-kolto\\\/\",\"url\":\"https:\\\/\\\/miklostv.com\\\/new\\\/2020\\\/10\\\/29\\\/elhunyt-hajdrik-jozsef-kolto\\\/\",\"name\":\"ELHUNYT HAJDRIK J\u00d3ZSEF K\u00d6LT\u0150 - Mikl\u00f3s TV\",\"isPartOf\":{\"@id\":\"https:\\\/\\\/miklostv.com\\\/new\\\/#website\"},\"primaryImageOfPage\":{\"@id\":\"https:\\\/\\\/miklostv.com\\\/new\\\/2020\\\/10\\\/29\\\/elhunyt-hajdrik-jozsef-kolto\\\/#primaryimage\"},\"image\":{\"@id\":\"https:\\\/\\\/miklostv.com\\\/new\\\/2020\\\/10\\\/29\\\/elhunyt-hajdrik-jozsef-kolto\\\/#primaryimage\"},\"thumbnailUrl\":\"https:\\\/\\\/miklostv.com\\\/new\\\/wp-content\\\/uploads\\\/2020\\\/10\\\/hajdrik_jozsef_gyasz.jpg\",\"datePublished\":\"2020-10-29T10:08:42+00:00\",\"dateModified\":\"2023-02-08T19:04:44+00:00\",\"author\":{\"@id\":\"https:\\\/\\\/miklostv.com\\\/new\\\/#\\\/schema\\\/person\\\/6339cdd0bbd336ec6345812e3958be3b\"},\"breadcrumb\":{\"@id\":\"https:\\\/\\\/miklostv.com\\\/new\\\/2020\\\/10\\\/29\\\/elhunyt-hajdrik-jozsef-kolto\\\/#breadcrumb\"},\"inLanguage\":\"hu\",\"potentialAction\":[{\"@type\":\"ReadAction\",\"target\":[\"https:\\\/\\\/miklostv.com\\\/new\\\/2020\\\/10\\\/29\\\/elhunyt-hajdrik-jozsef-kolto\\\/\"]}]},{\"@type\":\"ImageObject\",\"inLanguage\":\"hu\",\"@id\":\"https:\\\/\\\/miklostv.com\\\/new\\\/2020\\\/10\\\/29\\\/elhunyt-hajdrik-jozsef-kolto\\\/#primaryimage\",\"url\":\"https:\\\/\\\/miklostv.com\\\/new\\\/wp-content\\\/uploads\\\/2020\\\/10\\\/hajdrik_jozsef_gyasz.jpg\",\"contentUrl\":\"https:\\\/\\\/miklostv.com\\\/new\\\/wp-content\\\/uploads\\\/2020\\\/10\\\/hajdrik_jozsef_gyasz.jpg\",\"width\":600,\"height\":314,\"caption\":\"hajdrik j\u00f3zsef gy\u00e1sz\"},{\"@type\":\"BreadcrumbList\",\"@id\":\"https:\\\/\\\/miklostv.com\\\/new\\\/2020\\\/10\\\/29\\\/elhunyt-hajdrik-jozsef-kolto\\\/#breadcrumb\",\"itemListElement\":[{\"@type\":\"ListItem\",\"position\":1,\"name\":\"Kezd\u0151lap\",\"item\":\"https:\\\/\\\/miklostv.com\\\/new\\\/\"},{\"@type\":\"ListItem\",\"position\":2,\"name\":\"ELHUNYT HAJDRIK J\u00d3ZSEF K\u00d6LT\u0150\"}]},{\"@type\":\"WebSite\",\"@id\":\"https:\\\/\\\/miklostv.com\\\/new\\\/#website\",\"url\":\"https:\\\/\\\/miklostv.com\\\/new\\\/\",\"name\":\"Mikl\u00f3s TV\",\"description\":\"Mikl\u00f3s TV\",\"potentialAction\":[{\"@type\":\"SearchAction\",\"target\":{\"@type\":\"EntryPoint\",\"urlTemplate\":\"https:\\\/\\\/miklostv.com\\\/new\\\/?s={search_term_string}\"},\"query-input\":{\"@type\":\"PropertyValueSpecification\",\"valueRequired\":true,\"valueName\":\"search_term_string\"}}],\"inLanguage\":\"hu\"},{\"@type\":\"Person\",\"@id\":\"https:\\\/\\\/miklostv.com\\\/new\\\/#\\\/schema\\\/person\\\/6339cdd0bbd336ec6345812e3958be3b\",\"name\":\"S\u00e1ndor\",\"sameAs\":[\"https:\\\/\\\/miklostv.com\\\/new\"],\"url\":\"https:\\\/\\\/miklostv.com\\\/new\\\/author\\\/sanyi\\\/\"}]}<\/script>\n<!-- \/ Yoast SEO plugin. -->","yoast_head_json":{"title":"ELHUNYT HAJDRIK J\u00d3ZSEF K\u00d6LT\u0150 - Mikl\u00f3s TV","robots":{"index":"index","follow":"follow","max-snippet":"max-snippet:-1","max-image-preview":"max-image-preview:large","max-video-preview":"max-video-preview:-1"},"canonical":"https:\/\/miklostv.com\/new\/2020\/10\/29\/elhunyt-hajdrik-jozsef-kolto\/","og_locale":"hu_HU","og_type":"article","og_title":"ELHUNYT HAJDRIK J\u00d3ZSEF K\u00d6LT\u0150 - Mikl\u00f3s TV","og_description":"Hosszan tart\u00f3, s\u00falyos betegs\u00e9g ut\u00e1n elhunyt Hajdrik J\u00f3zsef k\u00f6lt\u0151 &#8211; \u00edrja a kort\u00e1rs \u00edr\u00f3k, k\u00f6lt\u0151k, fest\u0151k, fot\u00f3sok munk\u00e1it bemutat\u00f3 Kult\u00farkocsma facebook oldal. Utols\u00f3 m\u0171v\u00e9vel b\u00facs\u00faztak t\u0151le: Hajdrik J\u00f3zsef Amint kinn, \u00fagy benn Az \u00e9let \u00e1lland\u00f3s\u00e1ga a v\u00e1ltoz\u00e1s. A pokol benn\u00fcnk van, \u00dagy, mint a Mennyorsz\u00e1g! Ami most kinn zajlik, az j\u00e1tsz\u00f3dik bel\u00fcl, a rossz gondolat v\u00e9g\u00fcl is szerv\u00fcl. Mikrokozmoszunk\u00a0 t\u00fck\u00f6rk\u00e9pp\u00e9 g\u00f6rb\u00fcl. A szeretet hi\u00e1nyn\u00e1l, nincs ami sz\u00f6rny\u0171bb! Az ember saj\u00e1t faj\u00e1nak vad farkasa, Kis vil\u00e1ga f\u00f6l\u00f6tt nincs t\u00f6bb\u00e9 hatalma! A makrokozmoszban az, ami \u00f6r\u00f6k! Hallgat a f\u0151gonosz, mit \u00e9r a&hellip;","og_url":"https:\/\/miklostv.com\/new\/2020\/10\/29\/elhunyt-hajdrik-jozsef-kolto\/","og_site_name":"Mikl\u00f3s TV","article_published_time":"2020-10-29T10:08:42+00:00","article_modified_time":"2023-02-08T19:04:44+00:00","og_image":[{"width":600,"height":314,"url":"https:\/\/miklostv.com\/new\/wp-content\/uploads\/2020\/10\/hajdrik_jozsef_gyasz.jpg","type":"image\/jpeg"}],"author":"S\u00e1ndor","twitter_card":"summary_large_image","twitter_misc":{"Szerz\u0151:":"S\u00e1ndor","Becs\u00fclt olvas\u00e1si id\u0151":"3 perc"},"schema":{"@context":"https:\/\/schema.org","@graph":[{"@type":"NewsArticle","@id":"https:\/\/miklostv.com\/new\/2020\/10\/29\/elhunyt-hajdrik-jozsef-kolto\/#article","isPartOf":{"@id":"https:\/\/miklostv.com\/new\/2020\/10\/29\/elhunyt-hajdrik-jozsef-kolto\/"},"author":{"name":"S\u00e1ndor","@id":"https:\/\/miklostv.com\/new\/#\/schema\/person\/6339cdd0bbd336ec6345812e3958be3b"},"headline":"ELHUNYT HAJDRIK J\u00d3ZSEF K\u00d6LT\u0150","datePublished":"2020-10-29T10:08:42+00:00","dateModified":"2023-02-08T19:04:44+00:00","mainEntityOfPage":{"@id":"https:\/\/miklostv.com\/new\/2020\/10\/29\/elhunyt-hajdrik-jozsef-kolto\/"},"wordCount":774,"commentCount":0,"image":{"@id":"https:\/\/miklostv.com\/new\/2020\/10\/29\/elhunyt-hajdrik-jozsef-kolto\/#primaryimage"},"thumbnailUrl":"https:\/\/miklostv.com\/new\/wp-content\/uploads\/2020\/10\/hajdrik_jozsef_gyasz.jpg","articleSection":["A l\u00e9nyeg r\u00f6viden"],"inLanguage":"hu"},{"@type":"WebPage","@id":"https:\/\/miklostv.com\/new\/2020\/10\/29\/elhunyt-hajdrik-jozsef-kolto\/","url":"https:\/\/miklostv.com\/new\/2020\/10\/29\/elhunyt-hajdrik-jozsef-kolto\/","name":"ELHUNYT HAJDRIK J\u00d3ZSEF K\u00d6LT\u0150 - Mikl\u00f3s TV","isPartOf":{"@id":"https:\/\/miklostv.com\/new\/#website"},"primaryImageOfPage":{"@id":"https:\/\/miklostv.com\/new\/2020\/10\/29\/elhunyt-hajdrik-jozsef-kolto\/#primaryimage"},"image":{"@id":"https:\/\/miklostv.com\/new\/2020\/10\/29\/elhunyt-hajdrik-jozsef-kolto\/#primaryimage"},"thumbnailUrl":"https:\/\/miklostv.com\/new\/wp-content\/uploads\/2020\/10\/hajdrik_jozsef_gyasz.jpg","datePublished":"2020-10-29T10:08:42+00:00","dateModified":"2023-02-08T19:04:44+00:00","author":{"@id":"https:\/\/miklostv.com\/new\/#\/schema\/person\/6339cdd0bbd336ec6345812e3958be3b"},"breadcrumb":{"@id":"https:\/\/miklostv.com\/new\/2020\/10\/29\/elhunyt-hajdrik-jozsef-kolto\/#breadcrumb"},"inLanguage":"hu","potentialAction":[{"@type":"ReadAction","target":["https:\/\/miklostv.com\/new\/2020\/10\/29\/elhunyt-hajdrik-jozsef-kolto\/"]}]},{"@type":"ImageObject","inLanguage":"hu","@id":"https:\/\/miklostv.com\/new\/2020\/10\/29\/elhunyt-hajdrik-jozsef-kolto\/#primaryimage","url":"https:\/\/miklostv.com\/new\/wp-content\/uploads\/2020\/10\/hajdrik_jozsef_gyasz.jpg","contentUrl":"https:\/\/miklostv.com\/new\/wp-content\/uploads\/2020\/10\/hajdrik_jozsef_gyasz.jpg","width":600,"height":314,"caption":"hajdrik j\u00f3zsef gy\u00e1sz"},{"@type":"BreadcrumbList","@id":"https:\/\/miklostv.com\/new\/2020\/10\/29\/elhunyt-hajdrik-jozsef-kolto\/#breadcrumb","itemListElement":[{"@type":"ListItem","position":1,"name":"Kezd\u0151lap","item":"https:\/\/miklostv.com\/new\/"},{"@type":"ListItem","position":2,"name":"ELHUNYT HAJDRIK J\u00d3ZSEF K\u00d6LT\u0150"}]},{"@type":"WebSite","@id":"https:\/\/miklostv.com\/new\/#website","url":"https:\/\/miklostv.com\/new\/","name":"Mikl\u00f3s TV","description":"Mikl\u00f3s TV","potentialAction":[{"@type":"SearchAction","target":{"@type":"EntryPoint","urlTemplate":"https:\/\/miklostv.com\/new\/?s={search_term_string}"},"query-input":{"@type":"PropertyValueSpecification","valueRequired":true,"valueName":"search_term_string"}}],"inLanguage":"hu"},{"@type":"Person","@id":"https:\/\/miklostv.com\/new\/#\/schema\/person\/6339cdd0bbd336ec6345812e3958be3b","name":"S\u00e1ndor","sameAs":["https:\/\/miklostv.com\/new"],"url":"https:\/\/miklostv.com\/new\/author\/sanyi\/"}]}},"_links":{"self":[{"href":"https:\/\/miklostv.com\/new\/wp-json\/wp\/v2\/posts\/4425","targetHints":{"allow":["GET"]}}],"collection":[{"href":"https:\/\/miklostv.com\/new\/wp-json\/wp\/v2\/posts"}],"about":[{"href":"https:\/\/miklostv.com\/new\/wp-json\/wp\/v2\/types\/post"}],"author":[{"embeddable":true,"href":"https:\/\/miklostv.com\/new\/wp-json\/wp\/v2\/users\/1"}],"replies":[{"embeddable":true,"href":"https:\/\/miklostv.com\/new\/wp-json\/wp\/v2\/comments?post=4425"}],"version-history":[{"count":1,"href":"https:\/\/miklostv.com\/new\/wp-json\/wp\/v2\/posts\/4425\/revisions"}],"predecessor-version":[{"id":7746,"href":"https:\/\/miklostv.com\/new\/wp-json\/wp\/v2\/posts\/4425\/revisions\/7746"}],"wp:featuredmedia":[{"embeddable":true,"href":"https:\/\/miklostv.com\/new\/wp-json\/wp\/v2\/media\/4424"}],"wp:attachment":[{"href":"https:\/\/miklostv.com\/new\/wp-json\/wp\/v2\/media?parent=4425"}],"wp:term":[{"taxonomy":"category","embeddable":true,"href":"https:\/\/miklostv.com\/new\/wp-json\/wp\/v2\/categories?post=4425"},{"taxonomy":"post_tag","embeddable":true,"href":"https:\/\/miklostv.com\/new\/wp-json\/wp\/v2\/tags?post=4425"}],"curies":[{"name":"wp","href":"https:\/\/api.w.org\/{rel}","templated":true}]}}