{"id":4423,"date":"2020-10-27T21:23:56","date_gmt":"2020-10-27T21:23:56","guid":{"rendered":"https:\/\/miklostv.com\/new\/2020\/10\/27\/tfc-szajol-is-a-legyozottek-kozott\/"},"modified":"2023-02-08T19:04:10","modified_gmt":"2023-02-08T19:04:10","slug":"tfc-szajol-is-a-legyozottek-kozott","status":"publish","type":"post","link":"https:\/\/miklostv.com\/new\/2020\/10\/27\/tfc-szajol-is-a-legyozottek-kozott\/","title":{"rendered":"TFC &#8211; SZAJOL IS A LEGY\u0150Z\u00d6TTEK K\u00d6Z\u00d6TT"},"content":{"rendered":"\n<p>A megyei labdar\u00fag\u00f3 bajnoks\u00e1g 10.fordul\u00f3j\u00e1ban Szajol csapat\u00e1t fogadta a T\u00f6r\u00f6kszentmikl\u00f3si FC. Szokt\u00e1k mondani, hogy a k\u00e9t csapat \u00f6sszecsap\u00e1sa a megyei El Clasico a csapatok tabell\u00e1n elfoglalt hely\u00e9t\u0151l f\u00fcggetlen\u00fcl \u00e1m ez a meccs v\u00e9g\u00fcl nem hozta a v\u00e1rt sz\u00ednvonalat. &#8211; <a href=\"http:\/\/torokszentmiklosifoci.hu\/new\/2020\/10\/27\/szajol-ellen-is-gyoztunk\/\" target=\"_blank\" rel=\"noopener\">olvashat\u00f3 T\u00f6r\u00f6kszentikl\u00f3si FC weboldal\u00e1n<\/a>.<\/p>\n\n\n\n<p>Hamar megszerezte a vezet\u00e9st a Kinyik csapat, Buru Zolt\u00e1n vette be a Szajol kapuj\u00e1t a 2. percben. Azt\u00e1n v\u00e1rtuk a k\u00f6vetkez\u0151t, de csak helyzetecsk\u00e9ket kaptak a szurkol\u00f3k. Debreczeni Mil\u00e1nnak volt egy \u00edg\u00e9retes emel\u00e9se a 19. percben, \u00e9s ezzel a f\u00e9lid\u0151 kaput vesz\u00e9lyeztet\u0151 helyzeteinek v\u00e9g\u00e9re is \u00e9rt\u00fcnk.<\/p>\n\n\n\n<p>A m\u00e1sodik j\u00e1t\u00e9kr\u00e9szben t\u00f6bb g\u00f3lszerz\u00e9si lehet\u0151s\u00e9g\u00a0ad\u00f3dott, el\u0151bb Gusztafik fejelt alig a kapu mell\u00e9 a\u00a047. percben, majd a 66.-ban \u00c1goston hagyta ki a\u00a0kihagyhatatlant. A hajr\u00e1ban Buru villogott: a 87.\u00a0percben nagyj\u00e1b\u00f3l 11 m\u00e9terr\u0151l nem tudta ell\u0151ni a\u00a0h\u00e1l\u00f3\u0151r mellett a labd\u00e1t, de alig 1 perccel k\u00e9s\u0151bb\u00a0Kov\u00e1cs Tam\u00e1s bead\u00e1sa ut\u00e1n laz\u00e1n passzolt a Szajol\u00a0kapuj\u00e1ba. T\u00f6r\u00f6kszentikl\u00f3s Szajol 2-0. Tov\u00e1bbra is listavezet\u0151 a TFC.<\/p>\n\n\n\n<figure class=\"wp-block-embed is-type-video is-provider-youtube wp-block-embed-youtube wp-embed-aspect-16-9 wp-has-aspect-ratio\"><div class=\"wp-block-embed__wrapper\">\n<iframe  id=\"_ytid_86221\"  width=\"800\" height=\"450\"  data-origwidth=\"800\" data-origheight=\"450\" src=\"https:\/\/www.youtube.com\/embed\/6D0pTTSve5k?enablejsapi=1&#038;autoplay=0&#038;cc_load_policy=0&#038;cc_lang_pref=hu&#038;iv_load_policy=1&#038;loop=0&#038;rel=1&#038;fs=1&#038;playsinline=1&#038;autohide=2&#038;theme=dark&#038;color=red&#038;controls=1&#038;disablekb=0&#038;\" class=\"__youtube_prefs__  epyt-is-override  no-lazyload\" title=\"YouTube player\"  allow=\"fullscreen; accelerometer; autoplay; clipboard-write; encrypted-media; gyroscope; picture-in-picture; web-share\" referrerpolicy=\"strict-origin-when-cross-origin\" allowfullscreen data-no-lazy=\"1\" data-skipgform_ajax_framebjll=\"\"><\/iframe>\n<\/div><\/figure>\n","protected":false},"excerpt":{"rendered":"<p>A megyei labdar\u00fag\u00f3 bajnoks\u00e1g 10.fordul\u00f3j\u00e1ban Szajol csapat\u00e1t fogadta a T\u00f6r\u00f6kszentmikl\u00f3si FC. Szokt\u00e1k mondani, hogy a k\u00e9t csapat \u00f6sszecsap\u00e1sa a megyei El Clasico a csapatok tabell\u00e1n elfoglalt hely\u00e9t\u0151l f\u00fcggetlen\u00fcl \u00e1m ez a meccs v\u00e9g\u00fcl nem hozta a v\u00e1rt sz\u00ednvonalat. &#8211; olvashat\u00f3 T\u00f6r\u00f6kszentikl\u00f3si FC weboldal\u00e1n. Hamar megszerezte a vezet\u00e9st a Kinyik csapat, Buru Zolt\u00e1n vette be a Szajol kapuj\u00e1t a 2. percben. Azt\u00e1n v\u00e1rtuk a k\u00f6vetkez\u0151t, de csak helyzetecsk\u00e9ket kaptak a szurkol\u00f3k. Debreczeni Mil\u00e1nnak volt egy \u00edg\u00e9retes emel\u00e9se a 19. percben, \u00e9s ezzel a f\u00e9lid\u0151 kaput vesz\u00e9lyeztet\u0151 helyzeteinek v\u00e9g\u00e9re is \u00e9rt\u00fcnk. A&hellip;<\/p>\n","protected":false},"author":1,"featured_media":4422,"comment_status":"open","ping_status":"open","sticky":false,"template":"","format":"standard","meta":{"fifu_image_url":"","fifu_image_alt":"","footnotes":""},"categories":[33],"tags":[],"class_list":["post-4423","post","type-post","status-publish","format-standard","has-post-thumbnail","hentry","category-sport-hirek"],"gutentor_comment":0,"yoast_head":"<!-- This site is optimized with the Yoast SEO plugin v27.5 - https:\/\/yoast.com\/product\/yoast-seo-wordpress\/ -->\n<title>TFC - SZAJOL IS A LEGY\u0150Z\u00d6TTEK K\u00d6Z\u00d6TT - Mikl\u00f3s TV<\/title>\n<meta name=\"robots\" content=\"index, follow, max-snippet:-1, max-image-preview:large, max-video-preview:-1\" \/>\n<link rel=\"canonical\" href=\"https:\/\/miklostv.com\/new\/2020\/10\/27\/tfc-szajol-is-a-legyozottek-kozott\/\" \/>\n<meta property=\"og:locale\" content=\"hu_HU\" \/>\n<meta property=\"og:type\" content=\"article\" \/>\n<meta property=\"og:title\" content=\"TFC - SZAJOL IS A LEGY\u0150Z\u00d6TTEK K\u00d6Z\u00d6TT - Mikl\u00f3s TV\" \/>\n<meta property=\"og:description\" content=\"A megyei labdar\u00fag\u00f3 bajnoks\u00e1g 10.fordul\u00f3j\u00e1ban Szajol csapat\u00e1t fogadta a T\u00f6r\u00f6kszentmikl\u00f3si FC. Szokt\u00e1k mondani, hogy a k\u00e9t csapat \u00f6sszecsap\u00e1sa a megyei El Clasico a csapatok tabell\u00e1n elfoglalt hely\u00e9t\u0151l f\u00fcggetlen\u00fcl \u00e1m ez a meccs v\u00e9g\u00fcl nem hozta a v\u00e1rt sz\u00ednvonalat. &#8211; olvashat\u00f3 T\u00f6r\u00f6kszentikl\u00f3si FC weboldal\u00e1n. Hamar megszerezte a vezet\u00e9st a Kinyik csapat, Buru Zolt\u00e1n vette be a Szajol kapuj\u00e1t a 2. percben. Azt\u00e1n v\u00e1rtuk a k\u00f6vetkez\u0151t, de csak helyzetecsk\u00e9ket kaptak a szurkol\u00f3k. Debreczeni Mil\u00e1nnak volt egy \u00edg\u00e9retes emel\u00e9se a 19. percben, \u00e9s ezzel a f\u00e9lid\u0151 kaput vesz\u00e9lyeztet\u0151 helyzeteinek v\u00e9g\u00e9re is \u00e9rt\u00fcnk. A&hellip;\" \/>\n<meta property=\"og:url\" content=\"https:\/\/miklostv.com\/new\/2020\/10\/27\/tfc-szajol-is-a-legyozottek-kozott\/\" \/>\n<meta property=\"og:site_name\" content=\"Mikl\u00f3s TV\" \/>\n<meta property=\"article:published_time\" content=\"2020-10-27T21:23:56+00:00\" \/>\n<meta property=\"article:modified_time\" content=\"2023-02-08T19:04:10+00:00\" \/>\n<meta property=\"og:image\" content=\"https:\/\/miklostv.com\/new\/wp-content\/uploads\/2020\/10\/TFC-Szajol_csapat.jpg\" \/>\n\t<meta property=\"og:image:width\" content=\"1023\" \/>\n\t<meta property=\"og:image:height\" content=\"682\" \/>\n\t<meta property=\"og:image:type\" content=\"image\/jpeg\" \/>\n<meta name=\"author\" content=\"S\u00e1ndor\" \/>\n<meta name=\"twitter:card\" content=\"summary_large_image\" \/>\n<meta name=\"twitter:label1\" content=\"Szerz\u0151:\" \/>\n\t<meta name=\"twitter:data1\" content=\"S\u00e1ndor\" \/>\n\t<meta name=\"twitter:label2\" content=\"Becs\u00fclt olvas\u00e1si id\u0151\" \/>\n\t<meta name=\"twitter:data2\" content=\"1 perc\" \/>\n<script type=\"application\/ld+json\" class=\"yoast-schema-graph\">{\"@context\":\"https:\\\/\\\/schema.org\",\"@graph\":[{\"@type\":\"NewsArticle\",\"@id\":\"https:\\\/\\\/miklostv.com\\\/new\\\/2020\\\/10\\\/27\\\/tfc-szajol-is-a-legyozottek-kozott\\\/#article\",\"isPartOf\":{\"@id\":\"https:\\\/\\\/miklostv.com\\\/new\\\/2020\\\/10\\\/27\\\/tfc-szajol-is-a-legyozottek-kozott\\\/\"},\"author\":{\"name\":\"S\u00e1ndor\",\"@id\":\"https:\\\/\\\/miklostv.com\\\/new\\\/#\\\/schema\\\/person\\\/6339cdd0bbd336ec6345812e3958be3b\"},\"headline\":\"TFC &#8211; SZAJOL IS A LEGY\u0150Z\u00d6TTEK K\u00d6Z\u00d6TT\",\"datePublished\":\"2020-10-27T21:23:56+00:00\",\"dateModified\":\"2023-02-08T19:04:10+00:00\",\"mainEntityOfPage\":{\"@id\":\"https:\\\/\\\/miklostv.com\\\/new\\\/2020\\\/10\\\/27\\\/tfc-szajol-is-a-legyozottek-kozott\\\/\"},\"wordCount\":238,\"commentCount\":0,\"image\":{\"@id\":\"https:\\\/\\\/miklostv.com\\\/new\\\/2020\\\/10\\\/27\\\/tfc-szajol-is-a-legyozottek-kozott\\\/#primaryimage\"},\"thumbnailUrl\":\"https:\\\/\\\/miklostv.com\\\/new\\\/wp-content\\\/uploads\\\/2020\\\/10\\\/TFC-Szajol_csapat.jpg\",\"articleSection\":[\"Sporth\u00edrek\"],\"inLanguage\":\"hu\"},{\"@type\":\"WebPage\",\"@id\":\"https:\\\/\\\/miklostv.com\\\/new\\\/2020\\\/10\\\/27\\\/tfc-szajol-is-a-legyozottek-kozott\\\/\",\"url\":\"https:\\\/\\\/miklostv.com\\\/new\\\/2020\\\/10\\\/27\\\/tfc-szajol-is-a-legyozottek-kozott\\\/\",\"name\":\"TFC - SZAJOL IS A LEGY\u0150Z\u00d6TTEK K\u00d6Z\u00d6TT - Mikl\u00f3s TV\",\"isPartOf\":{\"@id\":\"https:\\\/\\\/miklostv.com\\\/new\\\/#website\"},\"primaryImageOfPage\":{\"@id\":\"https:\\\/\\\/miklostv.com\\\/new\\\/2020\\\/10\\\/27\\\/tfc-szajol-is-a-legyozottek-kozott\\\/#primaryimage\"},\"image\":{\"@id\":\"https:\\\/\\\/miklostv.com\\\/new\\\/2020\\\/10\\\/27\\\/tfc-szajol-is-a-legyozottek-kozott\\\/#primaryimage\"},\"thumbnailUrl\":\"https:\\\/\\\/miklostv.com\\\/new\\\/wp-content\\\/uploads\\\/2020\\\/10\\\/TFC-Szajol_csapat.jpg\",\"datePublished\":\"2020-10-27T21:23:56+00:00\",\"dateModified\":\"2023-02-08T19:04:10+00:00\",\"author\":{\"@id\":\"https:\\\/\\\/miklostv.com\\\/new\\\/#\\\/schema\\\/person\\\/6339cdd0bbd336ec6345812e3958be3b\"},\"breadcrumb\":{\"@id\":\"https:\\\/\\\/miklostv.com\\\/new\\\/2020\\\/10\\\/27\\\/tfc-szajol-is-a-legyozottek-kozott\\\/#breadcrumb\"},\"inLanguage\":\"hu\",\"potentialAction\":[{\"@type\":\"ReadAction\",\"target\":[\"https:\\\/\\\/miklostv.com\\\/new\\\/2020\\\/10\\\/27\\\/tfc-szajol-is-a-legyozottek-kozott\\\/\"]}]},{\"@type\":\"ImageObject\",\"inLanguage\":\"hu\",\"@id\":\"https:\\\/\\\/miklostv.com\\\/new\\\/2020\\\/10\\\/27\\\/tfc-szajol-is-a-legyozottek-kozott\\\/#primaryimage\",\"url\":\"https:\\\/\\\/miklostv.com\\\/new\\\/wp-content\\\/uploads\\\/2020\\\/10\\\/TFC-Szajol_csapat.jpg\",\"contentUrl\":\"https:\\\/\\\/miklostv.com\\\/new\\\/wp-content\\\/uploads\\\/2020\\\/10\\\/TFC-Szajol_csapat.jpg\",\"width\":1023,\"height\":682,\"caption\":\"TFC Szajol csapat\"},{\"@type\":\"BreadcrumbList\",\"@id\":\"https:\\\/\\\/miklostv.com\\\/new\\\/2020\\\/10\\\/27\\\/tfc-szajol-is-a-legyozottek-kozott\\\/#breadcrumb\",\"itemListElement\":[{\"@type\":\"ListItem\",\"position\":1,\"name\":\"Kezd\u0151lap\",\"item\":\"https:\\\/\\\/miklostv.com\\\/new\\\/\"},{\"@type\":\"ListItem\",\"position\":2,\"name\":\"TFC &#8211; SZAJOL IS A LEGY\u0150Z\u00d6TTEK K\u00d6Z\u00d6TT\"}]},{\"@type\":\"WebSite\",\"@id\":\"https:\\\/\\\/miklostv.com\\\/new\\\/#website\",\"url\":\"https:\\\/\\\/miklostv.com\\\/new\\\/\",\"name\":\"Mikl\u00f3s TV\",\"description\":\"Mikl\u00f3s TV\",\"potentialAction\":[{\"@type\":\"SearchAction\",\"target\":{\"@type\":\"EntryPoint\",\"urlTemplate\":\"https:\\\/\\\/miklostv.com\\\/new\\\/?s={search_term_string}\"},\"query-input\":{\"@type\":\"PropertyValueSpecification\",\"valueRequired\":true,\"valueName\":\"search_term_string\"}}],\"inLanguage\":\"hu\"},{\"@type\":\"Person\",\"@id\":\"https:\\\/\\\/miklostv.com\\\/new\\\/#\\\/schema\\\/person\\\/6339cdd0bbd336ec6345812e3958be3b\",\"name\":\"S\u00e1ndor\",\"sameAs\":[\"https:\\\/\\\/miklostv.com\\\/new\"],\"url\":\"https:\\\/\\\/miklostv.com\\\/new\\\/author\\\/sanyi\\\/\"}]}<\/script>\n<!-- \/ Yoast SEO plugin. -->","yoast_head_json":{"title":"TFC - SZAJOL IS A LEGY\u0150Z\u00d6TTEK K\u00d6Z\u00d6TT - Mikl\u00f3s TV","robots":{"index":"index","follow":"follow","max-snippet":"max-snippet:-1","max-image-preview":"max-image-preview:large","max-video-preview":"max-video-preview:-1"},"canonical":"https:\/\/miklostv.com\/new\/2020\/10\/27\/tfc-szajol-is-a-legyozottek-kozott\/","og_locale":"hu_HU","og_type":"article","og_title":"TFC - SZAJOL IS A LEGY\u0150Z\u00d6TTEK K\u00d6Z\u00d6TT - Mikl\u00f3s TV","og_description":"A megyei labdar\u00fag\u00f3 bajnoks\u00e1g 10.fordul\u00f3j\u00e1ban Szajol csapat\u00e1t fogadta a T\u00f6r\u00f6kszentmikl\u00f3si FC. Szokt\u00e1k mondani, hogy a k\u00e9t csapat \u00f6sszecsap\u00e1sa a megyei El Clasico a csapatok tabell\u00e1n elfoglalt hely\u00e9t\u0151l f\u00fcggetlen\u00fcl \u00e1m ez a meccs v\u00e9g\u00fcl nem hozta a v\u00e1rt sz\u00ednvonalat. &#8211; olvashat\u00f3 T\u00f6r\u00f6kszentikl\u00f3si FC weboldal\u00e1n. Hamar megszerezte a vezet\u00e9st a Kinyik csapat, Buru Zolt\u00e1n vette be a Szajol kapuj\u00e1t a 2. percben. Azt\u00e1n v\u00e1rtuk a k\u00f6vetkez\u0151t, de csak helyzetecsk\u00e9ket kaptak a szurkol\u00f3k. Debreczeni Mil\u00e1nnak volt egy \u00edg\u00e9retes emel\u00e9se a 19. percben, \u00e9s ezzel a f\u00e9lid\u0151 kaput vesz\u00e9lyeztet\u0151 helyzeteinek v\u00e9g\u00e9re is \u00e9rt\u00fcnk. A&hellip;","og_url":"https:\/\/miklostv.com\/new\/2020\/10\/27\/tfc-szajol-is-a-legyozottek-kozott\/","og_site_name":"Mikl\u00f3s TV","article_published_time":"2020-10-27T21:23:56+00:00","article_modified_time":"2023-02-08T19:04:10+00:00","og_image":[{"width":1023,"height":682,"url":"https:\/\/miklostv.com\/new\/wp-content\/uploads\/2020\/10\/TFC-Szajol_csapat.jpg","type":"image\/jpeg"}],"author":"S\u00e1ndor","twitter_card":"summary_large_image","twitter_misc":{"Szerz\u0151:":"S\u00e1ndor","Becs\u00fclt olvas\u00e1si id\u0151":"1 perc"},"schema":{"@context":"https:\/\/schema.org","@graph":[{"@type":"NewsArticle","@id":"https:\/\/miklostv.com\/new\/2020\/10\/27\/tfc-szajol-is-a-legyozottek-kozott\/#article","isPartOf":{"@id":"https:\/\/miklostv.com\/new\/2020\/10\/27\/tfc-szajol-is-a-legyozottek-kozott\/"},"author":{"name":"S\u00e1ndor","@id":"https:\/\/miklostv.com\/new\/#\/schema\/person\/6339cdd0bbd336ec6345812e3958be3b"},"headline":"TFC &#8211; SZAJOL IS A LEGY\u0150Z\u00d6TTEK K\u00d6Z\u00d6TT","datePublished":"2020-10-27T21:23:56+00:00","dateModified":"2023-02-08T19:04:10+00:00","mainEntityOfPage":{"@id":"https:\/\/miklostv.com\/new\/2020\/10\/27\/tfc-szajol-is-a-legyozottek-kozott\/"},"wordCount":238,"commentCount":0,"image":{"@id":"https:\/\/miklostv.com\/new\/2020\/10\/27\/tfc-szajol-is-a-legyozottek-kozott\/#primaryimage"},"thumbnailUrl":"https:\/\/miklostv.com\/new\/wp-content\/uploads\/2020\/10\/TFC-Szajol_csapat.jpg","articleSection":["Sporth\u00edrek"],"inLanguage":"hu"},{"@type":"WebPage","@id":"https:\/\/miklostv.com\/new\/2020\/10\/27\/tfc-szajol-is-a-legyozottek-kozott\/","url":"https:\/\/miklostv.com\/new\/2020\/10\/27\/tfc-szajol-is-a-legyozottek-kozott\/","name":"TFC - SZAJOL IS A LEGY\u0150Z\u00d6TTEK K\u00d6Z\u00d6TT - Mikl\u00f3s TV","isPartOf":{"@id":"https:\/\/miklostv.com\/new\/#website"},"primaryImageOfPage":{"@id":"https:\/\/miklostv.com\/new\/2020\/10\/27\/tfc-szajol-is-a-legyozottek-kozott\/#primaryimage"},"image":{"@id":"https:\/\/miklostv.com\/new\/2020\/10\/27\/tfc-szajol-is-a-legyozottek-kozott\/#primaryimage"},"thumbnailUrl":"https:\/\/miklostv.com\/new\/wp-content\/uploads\/2020\/10\/TFC-Szajol_csapat.jpg","datePublished":"2020-10-27T21:23:56+00:00","dateModified":"2023-02-08T19:04:10+00:00","author":{"@id":"https:\/\/miklostv.com\/new\/#\/schema\/person\/6339cdd0bbd336ec6345812e3958be3b"},"breadcrumb":{"@id":"https:\/\/miklostv.com\/new\/2020\/10\/27\/tfc-szajol-is-a-legyozottek-kozott\/#breadcrumb"},"inLanguage":"hu","potentialAction":[{"@type":"ReadAction","target":["https:\/\/miklostv.com\/new\/2020\/10\/27\/tfc-szajol-is-a-legyozottek-kozott\/"]}]},{"@type":"ImageObject","inLanguage":"hu","@id":"https:\/\/miklostv.com\/new\/2020\/10\/27\/tfc-szajol-is-a-legyozottek-kozott\/#primaryimage","url":"https:\/\/miklostv.com\/new\/wp-content\/uploads\/2020\/10\/TFC-Szajol_csapat.jpg","contentUrl":"https:\/\/miklostv.com\/new\/wp-content\/uploads\/2020\/10\/TFC-Szajol_csapat.jpg","width":1023,"height":682,"caption":"TFC Szajol csapat"},{"@type":"BreadcrumbList","@id":"https:\/\/miklostv.com\/new\/2020\/10\/27\/tfc-szajol-is-a-legyozottek-kozott\/#breadcrumb","itemListElement":[{"@type":"ListItem","position":1,"name":"Kezd\u0151lap","item":"https:\/\/miklostv.com\/new\/"},{"@type":"ListItem","position":2,"name":"TFC &#8211; SZAJOL IS A LEGY\u0150Z\u00d6TTEK K\u00d6Z\u00d6TT"}]},{"@type":"WebSite","@id":"https:\/\/miklostv.com\/new\/#website","url":"https:\/\/miklostv.com\/new\/","name":"Mikl\u00f3s TV","description":"Mikl\u00f3s TV","potentialAction":[{"@type":"SearchAction","target":{"@type":"EntryPoint","urlTemplate":"https:\/\/miklostv.com\/new\/?s={search_term_string}"},"query-input":{"@type":"PropertyValueSpecification","valueRequired":true,"valueName":"search_term_string"}}],"inLanguage":"hu"},{"@type":"Person","@id":"https:\/\/miklostv.com\/new\/#\/schema\/person\/6339cdd0bbd336ec6345812e3958be3b","name":"S\u00e1ndor","sameAs":["https:\/\/miklostv.com\/new"],"url":"https:\/\/miklostv.com\/new\/author\/sanyi\/"}]}},"_links":{"self":[{"href":"https:\/\/miklostv.com\/new\/wp-json\/wp\/v2\/posts\/4423","targetHints":{"allow":["GET"]}}],"collection":[{"href":"https:\/\/miklostv.com\/new\/wp-json\/wp\/v2\/posts"}],"about":[{"href":"https:\/\/miklostv.com\/new\/wp-json\/wp\/v2\/types\/post"}],"author":[{"embeddable":true,"href":"https:\/\/miklostv.com\/new\/wp-json\/wp\/v2\/users\/1"}],"replies":[{"embeddable":true,"href":"https:\/\/miklostv.com\/new\/wp-json\/wp\/v2\/comments?post=4423"}],"version-history":[{"count":1,"href":"https:\/\/miklostv.com\/new\/wp-json\/wp\/v2\/posts\/4423\/revisions"}],"predecessor-version":[{"id":7745,"href":"https:\/\/miklostv.com\/new\/wp-json\/wp\/v2\/posts\/4423\/revisions\/7745"}],"wp:featuredmedia":[{"embeddable":true,"href":"https:\/\/miklostv.com\/new\/wp-json\/wp\/v2\/media\/4422"}],"wp:attachment":[{"href":"https:\/\/miklostv.com\/new\/wp-json\/wp\/v2\/media?parent=4423"}],"wp:term":[{"taxonomy":"category","embeddable":true,"href":"https:\/\/miklostv.com\/new\/wp-json\/wp\/v2\/categories?post=4423"},{"taxonomy":"post_tag","embeddable":true,"href":"https:\/\/miklostv.com\/new\/wp-json\/wp\/v2\/tags?post=4423"}],"curies":[{"name":"wp","href":"https:\/\/api.w.org\/{rel}","templated":true}]}}