{"id":4421,"date":"2020-10-27T21:00:55","date_gmt":"2020-10-27T21:00:55","guid":{"rendered":"https:\/\/miklostv.com\/new\/2020\/10\/27\/mar-nem-kell-kint-varakozni-az-egymi-be-valo-belepes-elott\/"},"modified":"2023-02-08T19:03:08","modified_gmt":"2023-02-08T19:03:08","slug":"mar-nem-kell-kint-varakozni-az-egymi-be-valo-belepes-elott","status":"publish","type":"post","link":"https:\/\/miklostv.com\/new\/2020\/10\/27\/mar-nem-kell-kint-varakozni-az-egymi-be-valo-belepes-elott\/","title":{"rendered":"M\u00c1R NEM KELL KINT V\u00c1RAKOZNI AZ EGYMI-BE VAL\u00d3 BEL\u00c9P\u00c9S EL\u0150TT"},"content":{"rendered":"\n<p><span style=\"font-size: 12pt;\"><strong>Okt\u00f3bert\u0151l \u00faj rendszer l\u00e9pett \u00e9letbe az EGYMI-be&nbsp;t\u00f6rt\u00e9n\u0151 bel\u00e9p\u00e9ssel kapcsolatban. A j\u00f6v\u0151ben m\u00e1r a&nbsp;csapad\u00e9kosabb, hidegebb id\u0151ben sem kell senkinek&nbsp;\u00e1zni-f\u00e1zni az \u00e9p\u00fclet el\u0151tt v\u00e1rakozva. Dr. Luk\u00e1cs Zsuzsanna igazgat\u00f3-f\u0151orvos \u00e9s Dr. Csord\u00e1s Melinda h\u00e1ziorvos t\u00e1j\u00e9koztat az aktualit\u00e1sokr\u00f3l.<\/strong><\/span> &#8211; <a href=\"https:\/\/www.torokszentmiklos.hu\/hirek\/134284\/mar_nem_kell_kint_varakozni_az_egymi-be_valo_belepes_elott\" target=\"_blank\" rel=\"noopener\">olvashat\u00f3 T\u00f6r\u00f6kszentmikl\u00f3s V\u00e1ros honlapj\u00e1n<\/a>.<\/p>\n\n\n\n<p>Ami viszont nem v\u00e1ltozott az az, hogy a betegek\u00a0el\u0151sz\u00f6r telefonon keress\u00e9k h\u00e1ziorvosukat. Szem\u00e9lyes\u00a0megjelen\u00e9s sz\u00fcks\u00e9gess\u00e9ge eset\u00e9n pedig id\u0151pontot kell\u00a0k\u00e9rni.\u00a0Dr. Csord\u00e1s Melinda arr\u00f3l is besz\u00e9lt, hogy milyen\u00a0t\u00fcnetek alapj\u00e1n k\u00e9rhet Covid tesztet a h\u00e1ziorvos, de a\u00a0doktorn\u0151 elmondta azt is, mi t\u00f6rt\u00e9nik abban az\u00a0esetben, ha a h\u00e1ziorvos k\u00e9nyszer\u00fcl karant\u00e9nba.\u00a0<\/p>\n\n\n\n<figure class=\"wp-block-embed is-type-video is-provider-youtube wp-block-embed-youtube wp-embed-aspect-16-9 wp-has-aspect-ratio\"><div class=\"wp-block-embed__wrapper\">\n<iframe  id=\"_ytid_96287\"  width=\"800\" height=\"450\"  data-origwidth=\"800\" data-origheight=\"450\" src=\"https:\/\/www.youtube.com\/embed\/H3HDFJPhlvk?enablejsapi=1&#038;autoplay=0&#038;cc_load_policy=0&#038;cc_lang_pref=hu&#038;iv_load_policy=1&#038;loop=0&#038;rel=1&#038;fs=1&#038;playsinline=1&#038;autohide=2&#038;theme=dark&#038;color=red&#038;controls=1&#038;disablekb=0&#038;\" class=\"__youtube_prefs__  epyt-is-override  no-lazyload\" title=\"YouTube player\"  allow=\"fullscreen; accelerometer; autoplay; clipboard-write; encrypted-media; gyroscope; picture-in-picture; web-share\" referrerpolicy=\"strict-origin-when-cross-origin\" allowfullscreen data-no-lazy=\"1\" data-skipgform_ajax_framebjll=\"\"><\/iframe>\n<\/div><\/figure>\n\n\n\n<p>\u00d6sszefoglalva: B\u00e1rmilyen okb\u00f3l is megy valaki az&nbsp;EGYMI-be a maszkhaszn\u00e1lat elengedhetetlen. Igaz ez a&nbsp;v\u00e1r\u00f3termekben val\u00f3 v\u00e1rakoz\u00e1s \u00e9s a rendel\u00e9sen val\u00f3&nbsp;r\u00e9szv\u00e9tel eset\u00e9re is. A betegs\u00e9g tov\u00e1bbi&nbsp;terjed\u00e9s\u00e9nek cs\u00f6kkent\u00e9se k\u00f6z\u00f6s \u00e9rdek\u00fcnk, kell\u0151&nbsp;t\u00fcrelemmel, egym\u00e1sra tekintettel \u00e9lj\u00fck meg ezt a&nbsp;rendk\u00edv\u00fcli id\u0151szakot.<\/p>\n","protected":false},"excerpt":{"rendered":"<p>Okt\u00f3bert\u0151l \u00faj rendszer l\u00e9pett \u00e9letbe az EGYMI-be&nbsp;t\u00f6rt\u00e9n\u0151 bel\u00e9p\u00e9ssel kapcsolatban. A j\u00f6v\u0151ben m\u00e1r a&nbsp;csapad\u00e9kosabb, hidegebb id\u0151ben sem kell senkinek&nbsp;\u00e1zni-f\u00e1zni az \u00e9p\u00fclet el\u0151tt v\u00e1rakozva. Dr. Luk\u00e1cs Zsuzsanna igazgat\u00f3-f\u0151orvos \u00e9s Dr. Csord\u00e1s Melinda h\u00e1ziorvos t\u00e1j\u00e9koztat az aktualit\u00e1sokr\u00f3l. &#8211; olvashat\u00f3 T\u00f6r\u00f6kszentmikl\u00f3s V\u00e1ros honlapj\u00e1n. Ami viszont nem v\u00e1ltozott az az, hogy a betegek\u00a0el\u0151sz\u00f6r telefonon keress\u00e9k h\u00e1ziorvosukat. Szem\u00e9lyes\u00a0megjelen\u00e9s sz\u00fcks\u00e9gess\u00e9ge eset\u00e9n pedig id\u0151pontot kell\u00a0k\u00e9rni.\u00a0Dr. Csord\u00e1s Melinda arr\u00f3l is besz\u00e9lt, hogy milyen\u00a0t\u00fcnetek alapj\u00e1n k\u00e9rhet Covid tesztet a h\u00e1ziorvos, de a\u00a0doktorn\u0151 elmondta azt is, mi t\u00f6rt\u00e9nik abban az\u00a0esetben, ha a h\u00e1ziorvos k\u00e9nyszer\u00fcl karant\u00e9nba.\u00a0 \u00d6sszefoglalva: B\u00e1rmilyen okb\u00f3l is megy valaki&hellip;<\/p>\n","protected":false},"author":1,"featured_media":4420,"comment_status":"open","ping_status":"open","sticky":false,"template":"","format":"standard","meta":{"fifu_image_url":"","fifu_image_alt":"","footnotes":""},"categories":[32],"tags":[],"class_list":["post-4421","post","type-post","status-publish","format-standard","has-post-thumbnail","hentry","category-hirek2"],"gutentor_comment":0,"yoast_head":"<!-- This site is optimized with the Yoast SEO plugin v27.5 - https:\/\/yoast.com\/product\/yoast-seo-wordpress\/ -->\n<title>M\u00c1R NEM KELL KINT V\u00c1RAKOZNI AZ EGYMI-BE VAL\u00d3 BEL\u00c9P\u00c9S EL\u0150TT - Mikl\u00f3s TV<\/title>\n<meta name=\"robots\" content=\"index, follow, max-snippet:-1, max-image-preview:large, max-video-preview:-1\" \/>\n<link rel=\"canonical\" href=\"https:\/\/miklostv.com\/new\/2020\/10\/27\/mar-nem-kell-kint-varakozni-az-egymi-be-valo-belepes-elott\/\" \/>\n<meta property=\"og:locale\" content=\"hu_HU\" \/>\n<meta property=\"og:type\" content=\"article\" \/>\n<meta property=\"og:title\" content=\"M\u00c1R NEM KELL KINT V\u00c1RAKOZNI AZ EGYMI-BE VAL\u00d3 BEL\u00c9P\u00c9S EL\u0150TT - Mikl\u00f3s TV\" \/>\n<meta property=\"og:description\" content=\"Okt\u00f3bert\u0151l \u00faj rendszer l\u00e9pett \u00e9letbe az EGYMI-be&nbsp;t\u00f6rt\u00e9n\u0151 bel\u00e9p\u00e9ssel kapcsolatban. A j\u00f6v\u0151ben m\u00e1r a&nbsp;csapad\u00e9kosabb, hidegebb id\u0151ben sem kell senkinek&nbsp;\u00e1zni-f\u00e1zni az \u00e9p\u00fclet el\u0151tt v\u00e1rakozva. Dr. Luk\u00e1cs Zsuzsanna igazgat\u00f3-f\u0151orvos \u00e9s Dr. Csord\u00e1s Melinda h\u00e1ziorvos t\u00e1j\u00e9koztat az aktualit\u00e1sokr\u00f3l. &#8211; olvashat\u00f3 T\u00f6r\u00f6kszentmikl\u00f3s V\u00e1ros honlapj\u00e1n. Ami viszont nem v\u00e1ltozott az az, hogy a betegek\u00a0el\u0151sz\u00f6r telefonon keress\u00e9k h\u00e1ziorvosukat. Szem\u00e9lyes\u00a0megjelen\u00e9s sz\u00fcks\u00e9gess\u00e9ge eset\u00e9n pedig id\u0151pontot kell\u00a0k\u00e9rni.\u00a0Dr. Csord\u00e1s Melinda arr\u00f3l is besz\u00e9lt, hogy milyen\u00a0t\u00fcnetek alapj\u00e1n k\u00e9rhet Covid tesztet a h\u00e1ziorvos, de a\u00a0doktorn\u0151 elmondta azt is, mi t\u00f6rt\u00e9nik abban az\u00a0esetben, ha a h\u00e1ziorvos k\u00e9nyszer\u00fcl karant\u00e9nba.\u00a0 \u00d6sszefoglalva: B\u00e1rmilyen okb\u00f3l is megy valaki&hellip;\" \/>\n<meta property=\"og:url\" content=\"https:\/\/miklostv.com\/new\/2020\/10\/27\/mar-nem-kell-kint-varakozni-az-egymi-be-valo-belepes-elott\/\" \/>\n<meta property=\"og:site_name\" content=\"Mikl\u00f3s TV\" \/>\n<meta property=\"article:published_time\" content=\"2020-10-27T21:00:55+00:00\" \/>\n<meta property=\"article:modified_time\" content=\"2023-02-08T19:03:08+00:00\" \/>\n<meta property=\"og:image\" content=\"https:\/\/miklostv.com\/new\/wp-content\/uploads\/2020\/10\/egymi_belepes.jpg\" \/>\n\t<meta property=\"og:image:width\" content=\"1023\" \/>\n\t<meta property=\"og:image:height\" content=\"682\" \/>\n\t<meta property=\"og:image:type\" content=\"image\/jpeg\" \/>\n<meta name=\"author\" content=\"S\u00e1ndor\" \/>\n<meta name=\"twitter:card\" content=\"summary_large_image\" \/>\n<meta name=\"twitter:label1\" content=\"Szerz\u0151:\" \/>\n\t<meta name=\"twitter:data1\" content=\"S\u00e1ndor\" \/>\n\t<meta name=\"twitter:label2\" content=\"Becs\u00fclt olvas\u00e1si id\u0151\" \/>\n\t<meta name=\"twitter:data2\" content=\"1 perc\" \/>\n<script type=\"application\/ld+json\" class=\"yoast-schema-graph\">{\"@context\":\"https:\\\/\\\/schema.org\",\"@graph\":[{\"@type\":\"NewsArticle\",\"@id\":\"https:\\\/\\\/miklostv.com\\\/new\\\/2020\\\/10\\\/27\\\/mar-nem-kell-kint-varakozni-az-egymi-be-valo-belepes-elott\\\/#article\",\"isPartOf\":{\"@id\":\"https:\\\/\\\/miklostv.com\\\/new\\\/2020\\\/10\\\/27\\\/mar-nem-kell-kint-varakozni-az-egymi-be-valo-belepes-elott\\\/\"},\"author\":{\"name\":\"S\u00e1ndor\",\"@id\":\"https:\\\/\\\/miklostv.com\\\/new\\\/#\\\/schema\\\/person\\\/6339cdd0bbd336ec6345812e3958be3b\"},\"headline\":\"M\u00c1R NEM KELL KINT V\u00c1RAKOZNI AZ EGYMI-BE VAL\u00d3 BEL\u00c9P\u00c9S EL\u0150TT\",\"datePublished\":\"2020-10-27T21:00:55+00:00\",\"dateModified\":\"2023-02-08T19:03:08+00:00\",\"mainEntityOfPage\":{\"@id\":\"https:\\\/\\\/miklostv.com\\\/new\\\/2020\\\/10\\\/27\\\/mar-nem-kell-kint-varakozni-az-egymi-be-valo-belepes-elott\\\/\"},\"wordCount\":246,\"commentCount\":0,\"image\":{\"@id\":\"https:\\\/\\\/miklostv.com\\\/new\\\/2020\\\/10\\\/27\\\/mar-nem-kell-kint-varakozni-az-egymi-be-valo-belepes-elott\\\/#primaryimage\"},\"thumbnailUrl\":\"https:\\\/\\\/miklostv.com\\\/new\\\/wp-content\\\/uploads\\\/2020\\\/10\\\/egymi_belepes.jpg\",\"articleSection\":[\"A l\u00e9nyeg r\u00f6viden\"],\"inLanguage\":\"hu\"},{\"@type\":\"WebPage\",\"@id\":\"https:\\\/\\\/miklostv.com\\\/new\\\/2020\\\/10\\\/27\\\/mar-nem-kell-kint-varakozni-az-egymi-be-valo-belepes-elott\\\/\",\"url\":\"https:\\\/\\\/miklostv.com\\\/new\\\/2020\\\/10\\\/27\\\/mar-nem-kell-kint-varakozni-az-egymi-be-valo-belepes-elott\\\/\",\"name\":\"M\u00c1R NEM KELL KINT V\u00c1RAKOZNI AZ EGYMI-BE VAL\u00d3 BEL\u00c9P\u00c9S EL\u0150TT - Mikl\u00f3s TV\",\"isPartOf\":{\"@id\":\"https:\\\/\\\/miklostv.com\\\/new\\\/#website\"},\"primaryImageOfPage\":{\"@id\":\"https:\\\/\\\/miklostv.com\\\/new\\\/2020\\\/10\\\/27\\\/mar-nem-kell-kint-varakozni-az-egymi-be-valo-belepes-elott\\\/#primaryimage\"},\"image\":{\"@id\":\"https:\\\/\\\/miklostv.com\\\/new\\\/2020\\\/10\\\/27\\\/mar-nem-kell-kint-varakozni-az-egymi-be-valo-belepes-elott\\\/#primaryimage\"},\"thumbnailUrl\":\"https:\\\/\\\/miklostv.com\\\/new\\\/wp-content\\\/uploads\\\/2020\\\/10\\\/egymi_belepes.jpg\",\"datePublished\":\"2020-10-27T21:00:55+00:00\",\"dateModified\":\"2023-02-08T19:03:08+00:00\",\"author\":{\"@id\":\"https:\\\/\\\/miklostv.com\\\/new\\\/#\\\/schema\\\/person\\\/6339cdd0bbd336ec6345812e3958be3b\"},\"breadcrumb\":{\"@id\":\"https:\\\/\\\/miklostv.com\\\/new\\\/2020\\\/10\\\/27\\\/mar-nem-kell-kint-varakozni-az-egymi-be-valo-belepes-elott\\\/#breadcrumb\"},\"inLanguage\":\"hu\",\"potentialAction\":[{\"@type\":\"ReadAction\",\"target\":[\"https:\\\/\\\/miklostv.com\\\/new\\\/2020\\\/10\\\/27\\\/mar-nem-kell-kint-varakozni-az-egymi-be-valo-belepes-elott\\\/\"]}]},{\"@type\":\"ImageObject\",\"inLanguage\":\"hu\",\"@id\":\"https:\\\/\\\/miklostv.com\\\/new\\\/2020\\\/10\\\/27\\\/mar-nem-kell-kint-varakozni-az-egymi-be-valo-belepes-elott\\\/#primaryimage\",\"url\":\"https:\\\/\\\/miklostv.com\\\/new\\\/wp-content\\\/uploads\\\/2020\\\/10\\\/egymi_belepes.jpg\",\"contentUrl\":\"https:\\\/\\\/miklostv.com\\\/new\\\/wp-content\\\/uploads\\\/2020\\\/10\\\/egymi_belepes.jpg\",\"width\":1023,\"height\":682,\"caption\":\"egymi bel\u00e9p\u00e9s\"},{\"@type\":\"BreadcrumbList\",\"@id\":\"https:\\\/\\\/miklostv.com\\\/new\\\/2020\\\/10\\\/27\\\/mar-nem-kell-kint-varakozni-az-egymi-be-valo-belepes-elott\\\/#breadcrumb\",\"itemListElement\":[{\"@type\":\"ListItem\",\"position\":1,\"name\":\"Kezd\u0151lap\",\"item\":\"https:\\\/\\\/miklostv.com\\\/new\\\/\"},{\"@type\":\"ListItem\",\"position\":2,\"name\":\"M\u00c1R NEM KELL KINT V\u00c1RAKOZNI AZ EGYMI-BE VAL\u00d3 BEL\u00c9P\u00c9S EL\u0150TT\"}]},{\"@type\":\"WebSite\",\"@id\":\"https:\\\/\\\/miklostv.com\\\/new\\\/#website\",\"url\":\"https:\\\/\\\/miklostv.com\\\/new\\\/\",\"name\":\"Mikl\u00f3s TV\",\"description\":\"Mikl\u00f3s TV\",\"potentialAction\":[{\"@type\":\"SearchAction\",\"target\":{\"@type\":\"EntryPoint\",\"urlTemplate\":\"https:\\\/\\\/miklostv.com\\\/new\\\/?s={search_term_string}\"},\"query-input\":{\"@type\":\"PropertyValueSpecification\",\"valueRequired\":true,\"valueName\":\"search_term_string\"}}],\"inLanguage\":\"hu\"},{\"@type\":\"Person\",\"@id\":\"https:\\\/\\\/miklostv.com\\\/new\\\/#\\\/schema\\\/person\\\/6339cdd0bbd336ec6345812e3958be3b\",\"name\":\"S\u00e1ndor\",\"sameAs\":[\"https:\\\/\\\/miklostv.com\\\/new\"],\"url\":\"https:\\\/\\\/miklostv.com\\\/new\\\/author\\\/sanyi\\\/\"}]}<\/script>\n<!-- \/ Yoast SEO plugin. -->","yoast_head_json":{"title":"M\u00c1R NEM KELL KINT V\u00c1RAKOZNI AZ EGYMI-BE VAL\u00d3 BEL\u00c9P\u00c9S EL\u0150TT - Mikl\u00f3s TV","robots":{"index":"index","follow":"follow","max-snippet":"max-snippet:-1","max-image-preview":"max-image-preview:large","max-video-preview":"max-video-preview:-1"},"canonical":"https:\/\/miklostv.com\/new\/2020\/10\/27\/mar-nem-kell-kint-varakozni-az-egymi-be-valo-belepes-elott\/","og_locale":"hu_HU","og_type":"article","og_title":"M\u00c1R NEM KELL KINT V\u00c1RAKOZNI AZ EGYMI-BE VAL\u00d3 BEL\u00c9P\u00c9S EL\u0150TT - Mikl\u00f3s TV","og_description":"Okt\u00f3bert\u0151l \u00faj rendszer l\u00e9pett \u00e9letbe az EGYMI-be&nbsp;t\u00f6rt\u00e9n\u0151 bel\u00e9p\u00e9ssel kapcsolatban. A j\u00f6v\u0151ben m\u00e1r a&nbsp;csapad\u00e9kosabb, hidegebb id\u0151ben sem kell senkinek&nbsp;\u00e1zni-f\u00e1zni az \u00e9p\u00fclet el\u0151tt v\u00e1rakozva. Dr. Luk\u00e1cs Zsuzsanna igazgat\u00f3-f\u0151orvos \u00e9s Dr. Csord\u00e1s Melinda h\u00e1ziorvos t\u00e1j\u00e9koztat az aktualit\u00e1sokr\u00f3l. &#8211; olvashat\u00f3 T\u00f6r\u00f6kszentmikl\u00f3s V\u00e1ros honlapj\u00e1n. Ami viszont nem v\u00e1ltozott az az, hogy a betegek\u00a0el\u0151sz\u00f6r telefonon keress\u00e9k h\u00e1ziorvosukat. Szem\u00e9lyes\u00a0megjelen\u00e9s sz\u00fcks\u00e9gess\u00e9ge eset\u00e9n pedig id\u0151pontot kell\u00a0k\u00e9rni.\u00a0Dr. Csord\u00e1s Melinda arr\u00f3l is besz\u00e9lt, hogy milyen\u00a0t\u00fcnetek alapj\u00e1n k\u00e9rhet Covid tesztet a h\u00e1ziorvos, de a\u00a0doktorn\u0151 elmondta azt is, mi t\u00f6rt\u00e9nik abban az\u00a0esetben, ha a h\u00e1ziorvos k\u00e9nyszer\u00fcl karant\u00e9nba.\u00a0 \u00d6sszefoglalva: B\u00e1rmilyen okb\u00f3l is megy valaki&hellip;","og_url":"https:\/\/miklostv.com\/new\/2020\/10\/27\/mar-nem-kell-kint-varakozni-az-egymi-be-valo-belepes-elott\/","og_site_name":"Mikl\u00f3s TV","article_published_time":"2020-10-27T21:00:55+00:00","article_modified_time":"2023-02-08T19:03:08+00:00","og_image":[{"width":1023,"height":682,"url":"https:\/\/miklostv.com\/new\/wp-content\/uploads\/2020\/10\/egymi_belepes.jpg","type":"image\/jpeg"}],"author":"S\u00e1ndor","twitter_card":"summary_large_image","twitter_misc":{"Szerz\u0151:":"S\u00e1ndor","Becs\u00fclt olvas\u00e1si id\u0151":"1 perc"},"schema":{"@context":"https:\/\/schema.org","@graph":[{"@type":"NewsArticle","@id":"https:\/\/miklostv.com\/new\/2020\/10\/27\/mar-nem-kell-kint-varakozni-az-egymi-be-valo-belepes-elott\/#article","isPartOf":{"@id":"https:\/\/miklostv.com\/new\/2020\/10\/27\/mar-nem-kell-kint-varakozni-az-egymi-be-valo-belepes-elott\/"},"author":{"name":"S\u00e1ndor","@id":"https:\/\/miklostv.com\/new\/#\/schema\/person\/6339cdd0bbd336ec6345812e3958be3b"},"headline":"M\u00c1R NEM KELL KINT V\u00c1RAKOZNI AZ EGYMI-BE VAL\u00d3 BEL\u00c9P\u00c9S EL\u0150TT","datePublished":"2020-10-27T21:00:55+00:00","dateModified":"2023-02-08T19:03:08+00:00","mainEntityOfPage":{"@id":"https:\/\/miklostv.com\/new\/2020\/10\/27\/mar-nem-kell-kint-varakozni-az-egymi-be-valo-belepes-elott\/"},"wordCount":246,"commentCount":0,"image":{"@id":"https:\/\/miklostv.com\/new\/2020\/10\/27\/mar-nem-kell-kint-varakozni-az-egymi-be-valo-belepes-elott\/#primaryimage"},"thumbnailUrl":"https:\/\/miklostv.com\/new\/wp-content\/uploads\/2020\/10\/egymi_belepes.jpg","articleSection":["A l\u00e9nyeg r\u00f6viden"],"inLanguage":"hu"},{"@type":"WebPage","@id":"https:\/\/miklostv.com\/new\/2020\/10\/27\/mar-nem-kell-kint-varakozni-az-egymi-be-valo-belepes-elott\/","url":"https:\/\/miklostv.com\/new\/2020\/10\/27\/mar-nem-kell-kint-varakozni-az-egymi-be-valo-belepes-elott\/","name":"M\u00c1R NEM KELL KINT V\u00c1RAKOZNI AZ EGYMI-BE VAL\u00d3 BEL\u00c9P\u00c9S EL\u0150TT - Mikl\u00f3s TV","isPartOf":{"@id":"https:\/\/miklostv.com\/new\/#website"},"primaryImageOfPage":{"@id":"https:\/\/miklostv.com\/new\/2020\/10\/27\/mar-nem-kell-kint-varakozni-az-egymi-be-valo-belepes-elott\/#primaryimage"},"image":{"@id":"https:\/\/miklostv.com\/new\/2020\/10\/27\/mar-nem-kell-kint-varakozni-az-egymi-be-valo-belepes-elott\/#primaryimage"},"thumbnailUrl":"https:\/\/miklostv.com\/new\/wp-content\/uploads\/2020\/10\/egymi_belepes.jpg","datePublished":"2020-10-27T21:00:55+00:00","dateModified":"2023-02-08T19:03:08+00:00","author":{"@id":"https:\/\/miklostv.com\/new\/#\/schema\/person\/6339cdd0bbd336ec6345812e3958be3b"},"breadcrumb":{"@id":"https:\/\/miklostv.com\/new\/2020\/10\/27\/mar-nem-kell-kint-varakozni-az-egymi-be-valo-belepes-elott\/#breadcrumb"},"inLanguage":"hu","potentialAction":[{"@type":"ReadAction","target":["https:\/\/miklostv.com\/new\/2020\/10\/27\/mar-nem-kell-kint-varakozni-az-egymi-be-valo-belepes-elott\/"]}]},{"@type":"ImageObject","inLanguage":"hu","@id":"https:\/\/miklostv.com\/new\/2020\/10\/27\/mar-nem-kell-kint-varakozni-az-egymi-be-valo-belepes-elott\/#primaryimage","url":"https:\/\/miklostv.com\/new\/wp-content\/uploads\/2020\/10\/egymi_belepes.jpg","contentUrl":"https:\/\/miklostv.com\/new\/wp-content\/uploads\/2020\/10\/egymi_belepes.jpg","width":1023,"height":682,"caption":"egymi bel\u00e9p\u00e9s"},{"@type":"BreadcrumbList","@id":"https:\/\/miklostv.com\/new\/2020\/10\/27\/mar-nem-kell-kint-varakozni-az-egymi-be-valo-belepes-elott\/#breadcrumb","itemListElement":[{"@type":"ListItem","position":1,"name":"Kezd\u0151lap","item":"https:\/\/miklostv.com\/new\/"},{"@type":"ListItem","position":2,"name":"M\u00c1R NEM KELL KINT V\u00c1RAKOZNI AZ EGYMI-BE VAL\u00d3 BEL\u00c9P\u00c9S EL\u0150TT"}]},{"@type":"WebSite","@id":"https:\/\/miklostv.com\/new\/#website","url":"https:\/\/miklostv.com\/new\/","name":"Mikl\u00f3s TV","description":"Mikl\u00f3s TV","potentialAction":[{"@type":"SearchAction","target":{"@type":"EntryPoint","urlTemplate":"https:\/\/miklostv.com\/new\/?s={search_term_string}"},"query-input":{"@type":"PropertyValueSpecification","valueRequired":true,"valueName":"search_term_string"}}],"inLanguage":"hu"},{"@type":"Person","@id":"https:\/\/miklostv.com\/new\/#\/schema\/person\/6339cdd0bbd336ec6345812e3958be3b","name":"S\u00e1ndor","sameAs":["https:\/\/miklostv.com\/new"],"url":"https:\/\/miklostv.com\/new\/author\/sanyi\/"}]}},"_links":{"self":[{"href":"https:\/\/miklostv.com\/new\/wp-json\/wp\/v2\/posts\/4421","targetHints":{"allow":["GET"]}}],"collection":[{"href":"https:\/\/miklostv.com\/new\/wp-json\/wp\/v2\/posts"}],"about":[{"href":"https:\/\/miklostv.com\/new\/wp-json\/wp\/v2\/types\/post"}],"author":[{"embeddable":true,"href":"https:\/\/miklostv.com\/new\/wp-json\/wp\/v2\/users\/1"}],"replies":[{"embeddable":true,"href":"https:\/\/miklostv.com\/new\/wp-json\/wp\/v2\/comments?post=4421"}],"version-history":[{"count":1,"href":"https:\/\/miklostv.com\/new\/wp-json\/wp\/v2\/posts\/4421\/revisions"}],"predecessor-version":[{"id":7744,"href":"https:\/\/miklostv.com\/new\/wp-json\/wp\/v2\/posts\/4421\/revisions\/7744"}],"wp:featuredmedia":[{"embeddable":true,"href":"https:\/\/miklostv.com\/new\/wp-json\/wp\/v2\/media\/4420"}],"wp:attachment":[{"href":"https:\/\/miklostv.com\/new\/wp-json\/wp\/v2\/media?parent=4421"}],"wp:term":[{"taxonomy":"category","embeddable":true,"href":"https:\/\/miklostv.com\/new\/wp-json\/wp\/v2\/categories?post=4421"},{"taxonomy":"post_tag","embeddable":true,"href":"https:\/\/miklostv.com\/new\/wp-json\/wp\/v2\/tags?post=4421"}],"curies":[{"name":"wp","href":"https:\/\/api.w.org\/{rel}","templated":true}]}}