{"id":4406,"date":"2020-09-23T12:46:56","date_gmt":"2020-09-23T12:46:56","guid":{"rendered":"https:\/\/miklostv.com\/new\/2020\/09\/23\/jarvanyugyi-szabalyozas-a-polgarmesteri-hivatalban\/"},"modified":"2023-02-08T16:51:47","modified_gmt":"2023-02-08T16:51:47","slug":"jarvanyugyi-szabalyozas-a-polgarmesteri-hivatalban","status":"publish","type":"post","link":"https:\/\/miklostv.com\/new\/2020\/09\/23\/jarvanyugyi-szabalyozas-a-polgarmesteri-hivatalban\/","title":{"rendered":"J\u00c1RV\u00c1NY\u00dcGYI SZAB\u00c1LYOZ\u00c1S A POLG\u00c1RMESTERI HIVATALBAN"},"content":{"rendered":"<p style=\"text-align: justify;\"><span style=\"font-size: 12pt;\"><strong>Tekintettel a j\u00e1rv\u00e1ny\u00fcgyi k\u00e9sz\u00fclts\u00e9gi id\u0151szak v\u00e9delmi int\u00e9zked\u00e9seir\u0151l sz\u00f3l\u00f3 431\/2020. (IX. 18.) Korm. rendelet 1. \u00a7 (1) bekezd\u00e9s h) pontj\u00e1ban el\u0151\u00edrtakra, a T\u00f6r\u00f6kszentmikl\u00f3si Polg\u00e1rmesteri Hivatal folyamatos m\u0171k\u00f6d\u00e9s\u00e9nek biztos\u00edt\u00e1sa \u00e9rdek\u00e9ben a hivatalba val\u00f3 bel\u00e9p\u00e9s rendje 2020. szeptember 23-t\u00f3l visszavon\u00e1sig az al\u00e1bbiakban ker\u00fcl szab\u00e1lyoz\u00e1sra.<\/strong><\/span><\/p>\n<p style=\"text-align: center;\"><strong>Polg\u00e1rmesteri Hivatalba val\u00f3 bel\u00e9p\u00e9s rendje<\/strong><\/p>\n<div>1. \u00dcgyf\u00e9lfogad\u00e1si napokon \u00e9s id\u0151pontokban (h\u00e9tf\u0151n \u00e9s szerd\u00e1n 8.00 \u00f3r\u00e1t\u00f3l-16.00 \u00f3r\u00e1ig, p\u00e9nteken 8.00 \u00f3r\u00e1t\u00f3l-12.00 \u00f3r\u00e1ig.) az \u00fcgyfelek kiz\u00e1r\u00f3lag a f\u0151bej\u00e1raton kereszt\u00fcl l\u00e9phetnek be a Polg\u00e1rmesteri Hivatal \u00e9p\u00fclet\u00e9be.<\/div>\n<div>\u00a0<\/div>\n<div>2. A Polg\u00e1rmesteri Hivatalban egyszerre legfeljebb 10 \u00fcgyf\u00e9l tart\u00f3zkodhat a k\u00e9pvisel\u0151-test\u00fcleti \u00e9s bizotts\u00e1gi \u00fcl\u00e9seken, valamint a h\u00e1zass\u00e1gk\u00f6t\u00e9s alkalm\u00e1b\u00f3l megjelenteket ide nem sz\u00e1m\u00edtva. A szem\u00e9lyes \u00fcgyint\u00e9z\u00e9sre v\u00e1rakoz\u00f3 \u00fcgyfelek a Polg\u00e1rmesteri Hivatal f\u0151bej\u00e1rata el\u0151tt k\u00f6telesek v\u00e1rakozni. Rossz id\u0151j\u00e1r\u00e1s eset\u00e9n az el\u0151t\u00e9rben tov\u00e1bbi legfeljebb 5 \u00fcgyf\u00e9l tart\u00f3zkodhat.<\/div>\n<div>\u00a0<\/div>\n<div>3. A Polg\u00e1rmesteri Hivatal f\u0151bej\u00e1rat\u00e1n\u00e1l v\u00edrus\u00f6l\u0151 vagy alkohol tartalm\u00fa k\u00e9zfert\u0151tlen\u00edt\u0151t, illetve pap\u00edrt\u00f6rl\u0151t kell biztos\u00edtani. A k\u00e9zfert\u0151tlen\u00edt\u00e9s mindenki sz\u00e1m\u00e1ra k\u00f6telez\u0151 a Polg\u00e1rmesteri Hivatal el\u0151ter\u00e9be t\u00f6rt\u00e9n\u0151 bel\u00e9p\u00e9s el\u0151tt.<\/div>\n<div>\u00a0<\/div>\n<div>4.A Polg\u00e1rmester Hivatal f\u0151bej\u00e1rat\u00e1n\u00e1l digit\u00e1lis h\u0151m\u00e9r\u0151vel meg kell m\u00e9rni a bel\u00e9p\u0151 szem\u00e9lyek testh\u0151m\u00e9rs\u00e9klet\u00e9t. 37,5 vagy afeletti testh\u0151m\u00e9rs\u00e9klete eset\u00e9n a m\u00e9r\u00e9st 5 perc eltelt\u00e9vel meg kell ism\u00e9telni. Amennyiben ism\u00e9t 37,5 fok feletti testh\u0151m\u00e9rs\u00e9kletet m\u00e9r a h\u0151m\u00e9r\u0151 az \u00fcgyf\u00e9l k\u00f6teles az \u00e9p\u00fcletet elhagyni.<\/div>\n<div>\u00a0<\/div>\n<div style=\"text-align: center;\"><strong><strong>Az \u00fcgyf\u00e9lfogad\u00e1s \u00e9s \u00fcgyint\u00e9z\u00e9s rendje<\/strong><\/strong><\/div>\n<div>5. A Polg\u00e1rmesteri Hivatal \u00e9p\u00fclet\u00e9ben az \u00fcgyfelek, &#8211; t\u00e1rshat\u00f3s\u00e1gok k\u00e9pvisel\u0151i, \u00f6nkorm\u00e1nyzati c\u00e9gek, int\u00e9zm\u00e9nyek munkat\u00e1rsait is bele\u00e9rtve &#8211; k\u00f6telesek a sz\u00e1jat \u00e9s az orrot eltakar\u00f3 (orvosi vagy munkav\u00e9delmi, textil, vagy m\u00e1s anyagb\u00f3l k\u00e9sz\u00fclt) maszkot viselni.<\/div>\n<div>\u00a0<\/div>\n<div>6. Szem\u00e9lyes \u00fcgyint\u00e9z\u00e9sre els\u0151sorban telefonon \u00e9s e-mailen el\u0151re egyeztetett id\u0151pontban ker\u00fclhet sor. Egy hivatali irod\u00e1ban \u00e9s m\u00e1s helyis\u00e9gben legfeljebb k\u00e9t \u00fcgyf\u00e9l lehet jelen az \u00fcgyint\u00e9z\u00e9skor \u2013 a polg\u00e1ri h\u00e1zass\u00e1gk\u00f6t\u00e9st kiv\u00e9ve.<\/div>\n<div>7. Szem\u00e9lyes \u00fcgyint\u00e9z\u00e9s (bele\u00e9rtve a helysz\u00edni szemle) sor\u00e1n az \u00fcgyint\u00e9z\u0151k \u00e9s az \u00fcgyfelek k\u00f6telesek a szoci\u00e1lis \u00e9rintkez\u00e9st \u2013 a k\u00f6z\u00f6s h\u00e1ztart\u00e1sban \u00e9l\u0151k kiv\u00e9tel\u00e9vel \u2013 a lehet\u0151 legkisebb m\u00e9rt\u00e9k\u0171re korl\u00e1tozni, \u00e9s a m\u00e1sik embert\u0151l lehet\u0151s\u00e9g szerint legal\u00e1bb 1,5 m\u00e9ter t\u00e1vols\u00e1got tartani (szoci\u00e1lis v\u00e9d\u0151t\u00e1vols\u00e1g).<\/div>\n<div>\u00a0<\/div>\n<div style=\"text-align: center;\"><strong>Polg\u00e1ri h\u00e1zass\u00e1gk\u00f6t\u00e9s rendje<\/strong><\/div>\n<div>\u00a0\u00a0<\/div>\n<div>8. A polg\u00e1ri h\u00e1zass\u00e1gk\u00f6t\u00e9s sor\u00e1n &#8211; a h\u00e1zasul\u00f3 felek valamint a k\u00f6z\u00f6s h\u00e1ztart\u00e1sban \u00e9l\u0151k kiv\u00e9tel\u00e9vel \u2013 biztos\u00edtani kell a v\u00e9d\u0151t\u00e1vols\u00e1g megtart\u00e1s\u00e1t.<\/div>\n<div>\u00a0<\/div>\n<div>9. Egy h\u00e1zass\u00e1gk\u00f6t\u00e9sen a Polg\u00e1rmesteri Hivatal h\u00e1zass\u00e1gk\u00f6t\u0151 term\u00e9ben a h\u00e1zasuland\u00f3 p\u00e1rt is belesz\u00e1m\u00edtva legfeljebb 45 szem\u00e9ly tart\u00f3zkodhat az anyak\u00f6nyvvezet\u0151n \u00e9s a k\u00f6zrem\u0171k\u00f6d\u0151 \u00f6nkorm\u00e1nyzati alkalmazottakon k\u00edv\u00fcl. A hivatali \u00e9p\u00fcletben t\u00f6rt\u00e9n\u0151 h\u00e1zass\u00e1gk\u00f6t\u00e9s id\u0151tartama legfeljebb 30 perc lehet.<\/div>\n<div>\u00a0<\/div>\n<div>10. A megh\u00edvott vend\u00e9gek- a h\u00e1zasul\u00f3 felek, a tan\u00fak \u00e9s az anyak\u00f6nyvvezet\u0151 kiv\u00e9tel\u00e9vel &#8211; k\u00f6telesek maszkot viselni.<\/div>\n<div>\u00a0<\/div>\n<div>11. A 9. pontban el\u0151\u00edrt l\u00e9tsz\u00e1mkorl\u00e1toz\u00e1st az utas\u00edt\u00e1s hat\u00e1lyba l\u00e9p\u00e9s\u00e9t k\u00f6vet\u0151en bejelentett h\u00e1zass\u00e1gk\u00f6t\u00e9sek eset\u00e9n kell alkalmazni.<\/div>\n<div>\u00a0<\/div>\n<div style=\"text-align: center;\"><strong>Egy\u00e9b rendelkez\u00e9sek<\/strong><\/div>\n<div>\u00a0<\/div>\n<div>12. A hivatalban 2020. szeptember 28-t\u00f3l a polg\u00e1rmesteri, jegyz\u0151i, k\u00e9pvisel\u0151i fogad\u00f3napok sz\u00fcnetelnek. A kapcsolattart\u00e1s telefon, postai lev\u00e9l, elektronikus lev\u00e9l \u00fatj\u00e1n biztos\u00edtott.<\/div>\n<div>\u00a0<\/div>\n<div>13. A p\u00e9nzbeli \u00e9s term\u00e9szetbeni juttat\u00e1sokat els\u0151sorban banksz\u00e1ml\u00e1ra val\u00f3 utal\u00e1ssal kell teljes\u00edteni.<\/div>\n<div>\u00a0<\/div>\n<div>\u00a014. A f\u0151bej\u00e1ratn\u00e1l tal\u00e1lhat\u00f3 el\u0151t\u00e9rben elhelyezett gy\u0171jt\u0151l\u00e1da szolg\u00e1l az \u00fcgyfelek \u00e1ltal szem\u00e9lyesen behozott pap\u00edralap\u00fa beadv\u00e1nyok \u00e1tv\u00e9tel\u00e9re.<\/div>\n<div>\n<p>\u00a0<\/p>\n<\/div>\n<div>K\u00e9rj\u00fck, hogy az \u00fcgyint\u00e9z\u00e9s sor\u00e1n sz\u00edveskedjenek betartani a fenti el\u0151\u00edr\u00e1sokat.<\/div>\n\n<div class=\"wp-block-image\">\n<figure class=\"aligncenter size-large\"><img decoding=\"async\" src=\"https:\/\/miklostv.com\/new\/wp-content\/uploads\/2023\/02\/jarvanyugyi_mukodesi_rend-840x440.jpg\" alt=\"\" class=\"wp-image-7733\"\/><\/figure>\n<\/div>","protected":false},"excerpt":{"rendered":"<p>Tekintettel a j\u00e1rv\u00e1ny\u00fcgyi k\u00e9sz\u00fclts\u00e9gi id\u0151szak v\u00e9delmi int\u00e9zked\u00e9seir\u0151l sz\u00f3l\u00f3 431\/2020. (IX. 18.) Korm. rendelet 1. \u00a7 (1) bekezd\u00e9s h) pontj\u00e1ban el\u0151\u00edrtakra, a T\u00f6r\u00f6kszentmikl\u00f3si Polg\u00e1rmesteri Hivatal folyamatos m\u0171k\u00f6d\u00e9s\u00e9nek biztos\u00edt\u00e1sa \u00e9rdek\u00e9ben a hivatalba val\u00f3 bel\u00e9p\u00e9s rendje 2020. szeptember 23-t\u00f3l visszavon\u00e1sig az al\u00e1bbiakban ker\u00fcl szab\u00e1lyoz\u00e1sra. Polg\u00e1rmesteri Hivatalba val\u00f3 bel\u00e9p\u00e9s rendje 1. \u00dcgyf\u00e9lfogad\u00e1si napokon \u00e9s id\u0151pontokban (h\u00e9tf\u0151n \u00e9s szerd\u00e1n 8.00 \u00f3r\u00e1t\u00f3l-16.00 \u00f3r\u00e1ig, p\u00e9nteken 8.00 \u00f3r\u00e1t\u00f3l-12.00 \u00f3r\u00e1ig.) az \u00fcgyfelek kiz\u00e1r\u00f3lag a f\u0151bej\u00e1raton kereszt\u00fcl l\u00e9phetnek be a Polg\u00e1rmesteri Hivatal \u00e9p\u00fclet\u00e9be. \u00a0 2. A Polg\u00e1rmesteri Hivatalban egyszerre legfeljebb 10 \u00fcgyf\u00e9l tart\u00f3zkodhat a k\u00e9pvisel\u0151-test\u00fcleti \u00e9s bizotts\u00e1gi \u00fcl\u00e9seken, valamint a&hellip;<\/p>\n","protected":false},"author":1,"featured_media":4405,"comment_status":"open","ping_status":"open","sticky":false,"template":"","format":"standard","meta":{"fifu_image_url":"","fifu_image_alt":"","footnotes":""},"categories":[32],"tags":[],"class_list":["post-4406","post","type-post","status-publish","format-standard","has-post-thumbnail","hentry","category-hirek2"],"gutentor_comment":0,"yoast_head":"<!-- This site is optimized with the Yoast SEO plugin v27.5 - https:\/\/yoast.com\/product\/yoast-seo-wordpress\/ -->\n<title>J\u00c1RV\u00c1NY\u00dcGYI SZAB\u00c1LYOZ\u00c1S A POLG\u00c1RMESTERI HIVATALBAN - Mikl\u00f3s TV<\/title>\n<meta name=\"robots\" content=\"index, follow, max-snippet:-1, max-image-preview:large, max-video-preview:-1\" \/>\n<link rel=\"canonical\" href=\"https:\/\/miklostv.com\/new\/2020\/09\/23\/jarvanyugyi-szabalyozas-a-polgarmesteri-hivatalban\/\" \/>\n<meta property=\"og:locale\" content=\"hu_HU\" \/>\n<meta property=\"og:type\" content=\"article\" \/>\n<meta property=\"og:title\" content=\"J\u00c1RV\u00c1NY\u00dcGYI SZAB\u00c1LYOZ\u00c1S A POLG\u00c1RMESTERI HIVATALBAN - Mikl\u00f3s TV\" \/>\n<meta property=\"og:description\" content=\"Tekintettel a j\u00e1rv\u00e1ny\u00fcgyi k\u00e9sz\u00fclts\u00e9gi id\u0151szak v\u00e9delmi int\u00e9zked\u00e9seir\u0151l sz\u00f3l\u00f3 431\/2020. (IX. 18.) Korm. rendelet 1. \u00a7 (1) bekezd\u00e9s h) pontj\u00e1ban el\u0151\u00edrtakra, a T\u00f6r\u00f6kszentmikl\u00f3si Polg\u00e1rmesteri Hivatal folyamatos m\u0171k\u00f6d\u00e9s\u00e9nek biztos\u00edt\u00e1sa \u00e9rdek\u00e9ben a hivatalba val\u00f3 bel\u00e9p\u00e9s rendje 2020. szeptember 23-t\u00f3l visszavon\u00e1sig az al\u00e1bbiakban ker\u00fcl szab\u00e1lyoz\u00e1sra. Polg\u00e1rmesteri Hivatalba val\u00f3 bel\u00e9p\u00e9s rendje 1. \u00dcgyf\u00e9lfogad\u00e1si napokon \u00e9s id\u0151pontokban (h\u00e9tf\u0151n \u00e9s szerd\u00e1n 8.00 \u00f3r\u00e1t\u00f3l-16.00 \u00f3r\u00e1ig, p\u00e9nteken 8.00 \u00f3r\u00e1t\u00f3l-12.00 \u00f3r\u00e1ig.) az \u00fcgyfelek kiz\u00e1r\u00f3lag a f\u0151bej\u00e1raton kereszt\u00fcl l\u00e9phetnek be a Polg\u00e1rmesteri Hivatal \u00e9p\u00fclet\u00e9be. \u00a0 2. A Polg\u00e1rmesteri Hivatalban egyszerre legfeljebb 10 \u00fcgyf\u00e9l tart\u00f3zkodhat a k\u00e9pvisel\u0151-test\u00fcleti \u00e9s bizotts\u00e1gi \u00fcl\u00e9seken, valamint a&hellip;\" \/>\n<meta property=\"og:url\" content=\"https:\/\/miklostv.com\/new\/2020\/09\/23\/jarvanyugyi-szabalyozas-a-polgarmesteri-hivatalban\/\" \/>\n<meta property=\"og:site_name\" content=\"Mikl\u00f3s TV\" \/>\n<meta property=\"article:published_time\" content=\"2020-09-23T12:46:56+00:00\" \/>\n<meta property=\"article:modified_time\" content=\"2023-02-08T16:51:47+00:00\" \/>\n<meta property=\"og:image\" content=\"https:\/\/miklostv.com\/new\/wp-content\/uploads\/2020\/09\/jarvanyugyi_mukodesi_rend.jpg\" \/>\n\t<meta property=\"og:image:width\" content=\"1024\" \/>\n\t<meta property=\"og:image:height\" content=\"536\" \/>\n\t<meta property=\"og:image:type\" content=\"image\/jpeg\" \/>\n<meta name=\"author\" content=\"S\u00e1ndor\" \/>\n<meta name=\"twitter:card\" content=\"summary_large_image\" \/>\n<meta name=\"twitter:label1\" content=\"Szerz\u0151:\" \/>\n\t<meta name=\"twitter:data1\" content=\"S\u00e1ndor\" \/>\n\t<meta name=\"twitter:label2\" content=\"Becs\u00fclt olvas\u00e1si id\u0151\" \/>\n\t<meta name=\"twitter:data2\" content=\"3 perc\" \/>\n<script type=\"application\/ld+json\" class=\"yoast-schema-graph\">{\"@context\":\"https:\\\/\\\/schema.org\",\"@graph\":[{\"@type\":\"NewsArticle\",\"@id\":\"https:\\\/\\\/miklostv.com\\\/new\\\/2020\\\/09\\\/23\\\/jarvanyugyi-szabalyozas-a-polgarmesteri-hivatalban\\\/#article\",\"isPartOf\":{\"@id\":\"https:\\\/\\\/miklostv.com\\\/new\\\/2020\\\/09\\\/23\\\/jarvanyugyi-szabalyozas-a-polgarmesteri-hivatalban\\\/\"},\"author\":{\"name\":\"S\u00e1ndor\",\"@id\":\"https:\\\/\\\/miklostv.com\\\/new\\\/#\\\/schema\\\/person\\\/6339cdd0bbd336ec6345812e3958be3b\"},\"headline\":\"J\u00c1RV\u00c1NY\u00dcGYI SZAB\u00c1LYOZ\u00c1S A POLG\u00c1RMESTERI HIVATALBAN\",\"datePublished\":\"2020-09-23T12:46:56+00:00\",\"dateModified\":\"2023-02-08T16:51:47+00:00\",\"mainEntityOfPage\":{\"@id\":\"https:\\\/\\\/miklostv.com\\\/new\\\/2020\\\/09\\\/23\\\/jarvanyugyi-szabalyozas-a-polgarmesteri-hivatalban\\\/\"},\"wordCount\":790,\"commentCount\":0,\"image\":{\"@id\":\"https:\\\/\\\/miklostv.com\\\/new\\\/2020\\\/09\\\/23\\\/jarvanyugyi-szabalyozas-a-polgarmesteri-hivatalban\\\/#primaryimage\"},\"thumbnailUrl\":\"https:\\\/\\\/miklostv.com\\\/new\\\/wp-content\\\/uploads\\\/2020\\\/09\\\/jarvanyugyi_mukodesi_rend.jpg\",\"articleSection\":[\"A l\u00e9nyeg r\u00f6viden\"],\"inLanguage\":\"hu\"},{\"@type\":\"WebPage\",\"@id\":\"https:\\\/\\\/miklostv.com\\\/new\\\/2020\\\/09\\\/23\\\/jarvanyugyi-szabalyozas-a-polgarmesteri-hivatalban\\\/\",\"url\":\"https:\\\/\\\/miklostv.com\\\/new\\\/2020\\\/09\\\/23\\\/jarvanyugyi-szabalyozas-a-polgarmesteri-hivatalban\\\/\",\"name\":\"J\u00c1RV\u00c1NY\u00dcGYI SZAB\u00c1LYOZ\u00c1S A POLG\u00c1RMESTERI HIVATALBAN - Mikl\u00f3s TV\",\"isPartOf\":{\"@id\":\"https:\\\/\\\/miklostv.com\\\/new\\\/#website\"},\"primaryImageOfPage\":{\"@id\":\"https:\\\/\\\/miklostv.com\\\/new\\\/2020\\\/09\\\/23\\\/jarvanyugyi-szabalyozas-a-polgarmesteri-hivatalban\\\/#primaryimage\"},\"image\":{\"@id\":\"https:\\\/\\\/miklostv.com\\\/new\\\/2020\\\/09\\\/23\\\/jarvanyugyi-szabalyozas-a-polgarmesteri-hivatalban\\\/#primaryimage\"},\"thumbnailUrl\":\"https:\\\/\\\/miklostv.com\\\/new\\\/wp-content\\\/uploads\\\/2020\\\/09\\\/jarvanyugyi_mukodesi_rend.jpg\",\"datePublished\":\"2020-09-23T12:46:56+00:00\",\"dateModified\":\"2023-02-08T16:51:47+00:00\",\"author\":{\"@id\":\"https:\\\/\\\/miklostv.com\\\/new\\\/#\\\/schema\\\/person\\\/6339cdd0bbd336ec6345812e3958be3b\"},\"breadcrumb\":{\"@id\":\"https:\\\/\\\/miklostv.com\\\/new\\\/2020\\\/09\\\/23\\\/jarvanyugyi-szabalyozas-a-polgarmesteri-hivatalban\\\/#breadcrumb\"},\"inLanguage\":\"hu\",\"potentialAction\":[{\"@type\":\"ReadAction\",\"target\":[\"https:\\\/\\\/miklostv.com\\\/new\\\/2020\\\/09\\\/23\\\/jarvanyugyi-szabalyozas-a-polgarmesteri-hivatalban\\\/\"]}]},{\"@type\":\"ImageObject\",\"inLanguage\":\"hu\",\"@id\":\"https:\\\/\\\/miklostv.com\\\/new\\\/2020\\\/09\\\/23\\\/jarvanyugyi-szabalyozas-a-polgarmesteri-hivatalban\\\/#primaryimage\",\"url\":\"https:\\\/\\\/miklostv.com\\\/new\\\/wp-content\\\/uploads\\\/2020\\\/09\\\/jarvanyugyi_mukodesi_rend.jpg\",\"contentUrl\":\"https:\\\/\\\/miklostv.com\\\/new\\\/wp-content\\\/uploads\\\/2020\\\/09\\\/jarvanyugyi_mukodesi_rend.jpg\",\"width\":1024,\"height\":536,\"caption\":\"j\u00e1rv\u00e1ny\u00fcgyi m\u0171k\u00f6d\u00e9si rend\"},{\"@type\":\"BreadcrumbList\",\"@id\":\"https:\\\/\\\/miklostv.com\\\/new\\\/2020\\\/09\\\/23\\\/jarvanyugyi-szabalyozas-a-polgarmesteri-hivatalban\\\/#breadcrumb\",\"itemListElement\":[{\"@type\":\"ListItem\",\"position\":1,\"name\":\"Kezd\u0151lap\",\"item\":\"https:\\\/\\\/miklostv.com\\\/new\\\/\"},{\"@type\":\"ListItem\",\"position\":2,\"name\":\"J\u00c1RV\u00c1NY\u00dcGYI SZAB\u00c1LYOZ\u00c1S A POLG\u00c1RMESTERI HIVATALBAN\"}]},{\"@type\":\"WebSite\",\"@id\":\"https:\\\/\\\/miklostv.com\\\/new\\\/#website\",\"url\":\"https:\\\/\\\/miklostv.com\\\/new\\\/\",\"name\":\"Mikl\u00f3s TV\",\"description\":\"Mikl\u00f3s TV\",\"potentialAction\":[{\"@type\":\"SearchAction\",\"target\":{\"@type\":\"EntryPoint\",\"urlTemplate\":\"https:\\\/\\\/miklostv.com\\\/new\\\/?s={search_term_string}\"},\"query-input\":{\"@type\":\"PropertyValueSpecification\",\"valueRequired\":true,\"valueName\":\"search_term_string\"}}],\"inLanguage\":\"hu\"},{\"@type\":\"Person\",\"@id\":\"https:\\\/\\\/miklostv.com\\\/new\\\/#\\\/schema\\\/person\\\/6339cdd0bbd336ec6345812e3958be3b\",\"name\":\"S\u00e1ndor\",\"sameAs\":[\"https:\\\/\\\/miklostv.com\\\/new\"],\"url\":\"https:\\\/\\\/miklostv.com\\\/new\\\/author\\\/sanyi\\\/\"}]}<\/script>\n<!-- \/ Yoast SEO plugin. -->","yoast_head_json":{"title":"J\u00c1RV\u00c1NY\u00dcGYI SZAB\u00c1LYOZ\u00c1S A POLG\u00c1RMESTERI HIVATALBAN - Mikl\u00f3s TV","robots":{"index":"index","follow":"follow","max-snippet":"max-snippet:-1","max-image-preview":"max-image-preview:large","max-video-preview":"max-video-preview:-1"},"canonical":"https:\/\/miklostv.com\/new\/2020\/09\/23\/jarvanyugyi-szabalyozas-a-polgarmesteri-hivatalban\/","og_locale":"hu_HU","og_type":"article","og_title":"J\u00c1RV\u00c1NY\u00dcGYI SZAB\u00c1LYOZ\u00c1S A POLG\u00c1RMESTERI HIVATALBAN - Mikl\u00f3s TV","og_description":"Tekintettel a j\u00e1rv\u00e1ny\u00fcgyi k\u00e9sz\u00fclts\u00e9gi id\u0151szak v\u00e9delmi int\u00e9zked\u00e9seir\u0151l sz\u00f3l\u00f3 431\/2020. (IX. 18.) Korm. rendelet 1. \u00a7 (1) bekezd\u00e9s h) pontj\u00e1ban el\u0151\u00edrtakra, a T\u00f6r\u00f6kszentmikl\u00f3si Polg\u00e1rmesteri Hivatal folyamatos m\u0171k\u00f6d\u00e9s\u00e9nek biztos\u00edt\u00e1sa \u00e9rdek\u00e9ben a hivatalba val\u00f3 bel\u00e9p\u00e9s rendje 2020. szeptember 23-t\u00f3l visszavon\u00e1sig az al\u00e1bbiakban ker\u00fcl szab\u00e1lyoz\u00e1sra. Polg\u00e1rmesteri Hivatalba val\u00f3 bel\u00e9p\u00e9s rendje 1. \u00dcgyf\u00e9lfogad\u00e1si napokon \u00e9s id\u0151pontokban (h\u00e9tf\u0151n \u00e9s szerd\u00e1n 8.00 \u00f3r\u00e1t\u00f3l-16.00 \u00f3r\u00e1ig, p\u00e9nteken 8.00 \u00f3r\u00e1t\u00f3l-12.00 \u00f3r\u00e1ig.) az \u00fcgyfelek kiz\u00e1r\u00f3lag a f\u0151bej\u00e1raton kereszt\u00fcl l\u00e9phetnek be a Polg\u00e1rmesteri Hivatal \u00e9p\u00fclet\u00e9be. \u00a0 2. A Polg\u00e1rmesteri Hivatalban egyszerre legfeljebb 10 \u00fcgyf\u00e9l tart\u00f3zkodhat a k\u00e9pvisel\u0151-test\u00fcleti \u00e9s bizotts\u00e1gi \u00fcl\u00e9seken, valamint a&hellip;","og_url":"https:\/\/miklostv.com\/new\/2020\/09\/23\/jarvanyugyi-szabalyozas-a-polgarmesteri-hivatalban\/","og_site_name":"Mikl\u00f3s TV","article_published_time":"2020-09-23T12:46:56+00:00","article_modified_time":"2023-02-08T16:51:47+00:00","og_image":[{"width":1024,"height":536,"url":"https:\/\/miklostv.com\/new\/wp-content\/uploads\/2020\/09\/jarvanyugyi_mukodesi_rend.jpg","type":"image\/jpeg"}],"author":"S\u00e1ndor","twitter_card":"summary_large_image","twitter_misc":{"Szerz\u0151:":"S\u00e1ndor","Becs\u00fclt olvas\u00e1si id\u0151":"3 perc"},"schema":{"@context":"https:\/\/schema.org","@graph":[{"@type":"NewsArticle","@id":"https:\/\/miklostv.com\/new\/2020\/09\/23\/jarvanyugyi-szabalyozas-a-polgarmesteri-hivatalban\/#article","isPartOf":{"@id":"https:\/\/miklostv.com\/new\/2020\/09\/23\/jarvanyugyi-szabalyozas-a-polgarmesteri-hivatalban\/"},"author":{"name":"S\u00e1ndor","@id":"https:\/\/miklostv.com\/new\/#\/schema\/person\/6339cdd0bbd336ec6345812e3958be3b"},"headline":"J\u00c1RV\u00c1NY\u00dcGYI SZAB\u00c1LYOZ\u00c1S A POLG\u00c1RMESTERI HIVATALBAN","datePublished":"2020-09-23T12:46:56+00:00","dateModified":"2023-02-08T16:51:47+00:00","mainEntityOfPage":{"@id":"https:\/\/miklostv.com\/new\/2020\/09\/23\/jarvanyugyi-szabalyozas-a-polgarmesteri-hivatalban\/"},"wordCount":790,"commentCount":0,"image":{"@id":"https:\/\/miklostv.com\/new\/2020\/09\/23\/jarvanyugyi-szabalyozas-a-polgarmesteri-hivatalban\/#primaryimage"},"thumbnailUrl":"https:\/\/miklostv.com\/new\/wp-content\/uploads\/2020\/09\/jarvanyugyi_mukodesi_rend.jpg","articleSection":["A l\u00e9nyeg r\u00f6viden"],"inLanguage":"hu"},{"@type":"WebPage","@id":"https:\/\/miklostv.com\/new\/2020\/09\/23\/jarvanyugyi-szabalyozas-a-polgarmesteri-hivatalban\/","url":"https:\/\/miklostv.com\/new\/2020\/09\/23\/jarvanyugyi-szabalyozas-a-polgarmesteri-hivatalban\/","name":"J\u00c1RV\u00c1NY\u00dcGYI SZAB\u00c1LYOZ\u00c1S A POLG\u00c1RMESTERI HIVATALBAN - Mikl\u00f3s TV","isPartOf":{"@id":"https:\/\/miklostv.com\/new\/#website"},"primaryImageOfPage":{"@id":"https:\/\/miklostv.com\/new\/2020\/09\/23\/jarvanyugyi-szabalyozas-a-polgarmesteri-hivatalban\/#primaryimage"},"image":{"@id":"https:\/\/miklostv.com\/new\/2020\/09\/23\/jarvanyugyi-szabalyozas-a-polgarmesteri-hivatalban\/#primaryimage"},"thumbnailUrl":"https:\/\/miklostv.com\/new\/wp-content\/uploads\/2020\/09\/jarvanyugyi_mukodesi_rend.jpg","datePublished":"2020-09-23T12:46:56+00:00","dateModified":"2023-02-08T16:51:47+00:00","author":{"@id":"https:\/\/miklostv.com\/new\/#\/schema\/person\/6339cdd0bbd336ec6345812e3958be3b"},"breadcrumb":{"@id":"https:\/\/miklostv.com\/new\/2020\/09\/23\/jarvanyugyi-szabalyozas-a-polgarmesteri-hivatalban\/#breadcrumb"},"inLanguage":"hu","potentialAction":[{"@type":"ReadAction","target":["https:\/\/miklostv.com\/new\/2020\/09\/23\/jarvanyugyi-szabalyozas-a-polgarmesteri-hivatalban\/"]}]},{"@type":"ImageObject","inLanguage":"hu","@id":"https:\/\/miklostv.com\/new\/2020\/09\/23\/jarvanyugyi-szabalyozas-a-polgarmesteri-hivatalban\/#primaryimage","url":"https:\/\/miklostv.com\/new\/wp-content\/uploads\/2020\/09\/jarvanyugyi_mukodesi_rend.jpg","contentUrl":"https:\/\/miklostv.com\/new\/wp-content\/uploads\/2020\/09\/jarvanyugyi_mukodesi_rend.jpg","width":1024,"height":536,"caption":"j\u00e1rv\u00e1ny\u00fcgyi m\u0171k\u00f6d\u00e9si rend"},{"@type":"BreadcrumbList","@id":"https:\/\/miklostv.com\/new\/2020\/09\/23\/jarvanyugyi-szabalyozas-a-polgarmesteri-hivatalban\/#breadcrumb","itemListElement":[{"@type":"ListItem","position":1,"name":"Kezd\u0151lap","item":"https:\/\/miklostv.com\/new\/"},{"@type":"ListItem","position":2,"name":"J\u00c1RV\u00c1NY\u00dcGYI SZAB\u00c1LYOZ\u00c1S A POLG\u00c1RMESTERI HIVATALBAN"}]},{"@type":"WebSite","@id":"https:\/\/miklostv.com\/new\/#website","url":"https:\/\/miklostv.com\/new\/","name":"Mikl\u00f3s TV","description":"Mikl\u00f3s TV","potentialAction":[{"@type":"SearchAction","target":{"@type":"EntryPoint","urlTemplate":"https:\/\/miklostv.com\/new\/?s={search_term_string}"},"query-input":{"@type":"PropertyValueSpecification","valueRequired":true,"valueName":"search_term_string"}}],"inLanguage":"hu"},{"@type":"Person","@id":"https:\/\/miklostv.com\/new\/#\/schema\/person\/6339cdd0bbd336ec6345812e3958be3b","name":"S\u00e1ndor","sameAs":["https:\/\/miklostv.com\/new"],"url":"https:\/\/miklostv.com\/new\/author\/sanyi\/"}]}},"_links":{"self":[{"href":"https:\/\/miklostv.com\/new\/wp-json\/wp\/v2\/posts\/4406","targetHints":{"allow":["GET"]}}],"collection":[{"href":"https:\/\/miklostv.com\/new\/wp-json\/wp\/v2\/posts"}],"about":[{"href":"https:\/\/miklostv.com\/new\/wp-json\/wp\/v2\/types\/post"}],"author":[{"embeddable":true,"href":"https:\/\/miklostv.com\/new\/wp-json\/wp\/v2\/users\/1"}],"replies":[{"embeddable":true,"href":"https:\/\/miklostv.com\/new\/wp-json\/wp\/v2\/comments?post=4406"}],"version-history":[{"count":2,"href":"https:\/\/miklostv.com\/new\/wp-json\/wp\/v2\/posts\/4406\/revisions"}],"predecessor-version":[{"id":7735,"href":"https:\/\/miklostv.com\/new\/wp-json\/wp\/v2\/posts\/4406\/revisions\/7735"}],"wp:featuredmedia":[{"embeddable":true,"href":"https:\/\/miklostv.com\/new\/wp-json\/wp\/v2\/media\/4405"}],"wp:attachment":[{"href":"https:\/\/miklostv.com\/new\/wp-json\/wp\/v2\/media?parent=4406"}],"wp:term":[{"taxonomy":"category","embeddable":true,"href":"https:\/\/miklostv.com\/new\/wp-json\/wp\/v2\/categories?post=4406"},{"taxonomy":"post_tag","embeddable":true,"href":"https:\/\/miklostv.com\/new\/wp-json\/wp\/v2\/tags?post=4406"}],"curies":[{"name":"wp","href":"https:\/\/api.w.org\/{rel}","templated":true}]}}