{"id":4385,"date":"2020-09-01T18:19:02","date_gmt":"2020-09-01T18:19:02","guid":{"rendered":"https:\/\/miklostv.com\/new\/2020\/09\/01\/motoros-trening-es-verseny-a-tesco-parkoloban\/"},"modified":"2023-02-08T16:46:44","modified_gmt":"2023-02-08T16:46:44","slug":"motoros-trening-es-verseny-a-tesco-parkoloban","status":"publish","type":"post","link":"https:\/\/miklostv.com\/new\/2020\/09\/01\/motoros-trening-es-verseny-a-tesco-parkoloban\/","title":{"rendered":"MOTOROS TR\u00c9NING \u00c9S VERSENY A TESCO PARKOL\u00d3BAN"},"content":{"rendered":"\n<p>2020. augusztus 28-\u00e1n rendezt\u00e9k meg a t\u00f6r\u00f6kszentmikl\u00f3si (volt) Tesco parkol\u00f3j\u00e1ban az &#8220;\u00d6nk\u00e9pz\u0151 vezet\u00e9stechnikai tr\u00e9ning \u00e9s verseny motorosoknak&#8221; elnevez\u00e9s\u0171 rendezv\u00e9nyt. A programot a &#8220;<a href=\"https:\/\/www.facebook.com\/groups\/294751631583335\/\" target=\"_blank\" rel=\"noopener\">T\u00d6R\u00d6KSZENTMIKL\u00d3SI MOTOROSOK<\/a>&#8221; elnevez\u00e9s\u0171 facebook csoport val\u00f3s\u00edtotta meg. A szervez\u0151k c\u00e9lja, hogy \u00f6sszefogja a helyi \u00e9s k\u00f6rny\u00e9kbeli motorosakat.<\/p>\n\n\n\n<figure class=\"wp-block-embed is-type-video is-provider-youtube wp-block-embed-youtube wp-embed-aspect-16-9 wp-has-aspect-ratio\"><div class=\"wp-block-embed__wrapper\">\n<iframe  id=\"_ytid_46667\"  width=\"800\" height=\"450\"  data-origwidth=\"800\" data-origheight=\"450\" src=\"https:\/\/www.youtube.com\/embed\/KoCfsbABHyw?enablejsapi=1&#038;autoplay=0&#038;cc_load_policy=0&#038;cc_lang_pref=hu&#038;iv_load_policy=1&#038;loop=0&#038;rel=1&#038;fs=1&#038;playsinline=1&#038;autohide=2&#038;theme=dark&#038;color=red&#038;controls=1&#038;disablekb=0&#038;\" class=\"__youtube_prefs__  epyt-is-override  no-lazyload\" title=\"YouTube player\"  allow=\"fullscreen; accelerometer; autoplay; clipboard-write; encrypted-media; gyroscope; picture-in-picture; web-share\" referrerpolicy=\"strict-origin-when-cross-origin\" allowfullscreen data-no-lazy=\"1\" data-skipgform_ajax_framebjll=\"\"><\/iframe>\n<\/div><\/figure>\n","protected":false},"excerpt":{"rendered":"<p>2020. augusztus 28-\u00e1n rendezt\u00e9k meg a t\u00f6r\u00f6kszentmikl\u00f3si (volt) Tesco parkol\u00f3j\u00e1ban az &#8220;\u00d6nk\u00e9pz\u0151 vezet\u00e9stechnikai tr\u00e9ning \u00e9s verseny motorosoknak&#8221; elnevez\u00e9s\u0171 rendezv\u00e9nyt. A programot a &#8220;T\u00d6R\u00d6KSZENTMIKL\u00d3SI MOTOROSOK&#8221; elnevez\u00e9s\u0171 facebook csoport val\u00f3s\u00edtotta meg. A szervez\u0151k c\u00e9lja, hogy \u00f6sszefogja a helyi \u00e9s k\u00f6rny\u00e9kbeli motorosakat.<\/p>\n","protected":false},"author":1,"featured_media":0,"comment_status":"open","ping_status":"open","sticky":false,"template":"","format":"standard","meta":{"fifu_image_url":"","fifu_image_alt":"","footnotes":""},"categories":[32],"tags":[],"class_list":["post-4385","post","type-post","status-publish","format-standard","hentry","category-hirek2"],"gutentor_comment":0,"yoast_head":"<!-- This site is optimized with the Yoast SEO plugin v27.5 - https:\/\/yoast.com\/product\/yoast-seo-wordpress\/ -->\n<title>MOTOROS TR\u00c9NING \u00c9S VERSENY A TESCO PARKOL\u00d3BAN - Mikl\u00f3s TV<\/title>\n<meta name=\"robots\" content=\"index, follow, max-snippet:-1, max-image-preview:large, max-video-preview:-1\" \/>\n<link rel=\"canonical\" href=\"https:\/\/miklostv.com\/new\/2020\/09\/01\/motoros-trening-es-verseny-a-tesco-parkoloban\/\" \/>\n<meta property=\"og:locale\" content=\"hu_HU\" \/>\n<meta property=\"og:type\" content=\"article\" \/>\n<meta property=\"og:title\" content=\"MOTOROS TR\u00c9NING \u00c9S VERSENY A TESCO PARKOL\u00d3BAN - Mikl\u00f3s TV\" \/>\n<meta property=\"og:description\" content=\"2020. augusztus 28-\u00e1n rendezt\u00e9k meg a t\u00f6r\u00f6kszentmikl\u00f3si (volt) Tesco parkol\u00f3j\u00e1ban az &#8220;\u00d6nk\u00e9pz\u0151 vezet\u00e9stechnikai tr\u00e9ning \u00e9s verseny motorosoknak&#8221; elnevez\u00e9s\u0171 rendezv\u00e9nyt. A programot a &#8220;T\u00d6R\u00d6KSZENTMIKL\u00d3SI MOTOROSOK&#8221; elnevez\u00e9s\u0171 facebook csoport val\u00f3s\u00edtotta meg. A szervez\u0151k c\u00e9lja, hogy \u00f6sszefogja a helyi \u00e9s k\u00f6rny\u00e9kbeli motorosakat.\" \/>\n<meta property=\"og:url\" content=\"https:\/\/miklostv.com\/new\/2020\/09\/01\/motoros-trening-es-verseny-a-tesco-parkoloban\/\" \/>\n<meta property=\"og:site_name\" content=\"Mikl\u00f3s TV\" \/>\n<meta property=\"article:published_time\" content=\"2020-09-01T18:19:02+00:00\" \/>\n<meta property=\"article:modified_time\" content=\"2023-02-08T16:46:44+00:00\" \/>\n<meta name=\"author\" content=\"S\u00e1ndor\" \/>\n<meta name=\"twitter:card\" content=\"summary_large_image\" \/>\n<meta name=\"twitter:label1\" content=\"Szerz\u0151:\" \/>\n\t<meta name=\"twitter:data1\" content=\"S\u00e1ndor\" \/>\n\t<meta name=\"twitter:label2\" content=\"Becs\u00fclt olvas\u00e1si id\u0151\" \/>\n\t<meta name=\"twitter:data2\" content=\"1 perc\" \/>\n<script type=\"application\/ld+json\" class=\"yoast-schema-graph\">{\"@context\":\"https:\\\/\\\/schema.org\",\"@graph\":[{\"@type\":\"NewsArticle\",\"@id\":\"https:\\\/\\\/miklostv.com\\\/new\\\/2020\\\/09\\\/01\\\/motoros-trening-es-verseny-a-tesco-parkoloban\\\/#article\",\"isPartOf\":{\"@id\":\"https:\\\/\\\/miklostv.com\\\/new\\\/2020\\\/09\\\/01\\\/motoros-trening-es-verseny-a-tesco-parkoloban\\\/\"},\"author\":{\"name\":\"S\u00e1ndor\",\"@id\":\"https:\\\/\\\/miklostv.com\\\/new\\\/#\\\/schema\\\/person\\\/6339cdd0bbd336ec6345812e3958be3b\"},\"headline\":\"MOTOROS TR\u00c9NING \u00c9S VERSENY A TESCO PARKOL\u00d3BAN\",\"datePublished\":\"2020-09-01T18:19:02+00:00\",\"dateModified\":\"2023-02-08T16:46:44+00:00\",\"mainEntityOfPage\":{\"@id\":\"https:\\\/\\\/miklostv.com\\\/new\\\/2020\\\/09\\\/01\\\/motoros-trening-es-verseny-a-tesco-parkoloban\\\/\"},\"wordCount\":73,\"commentCount\":0,\"articleSection\":[\"A l\u00e9nyeg r\u00f6viden\"],\"inLanguage\":\"hu\"},{\"@type\":\"WebPage\",\"@id\":\"https:\\\/\\\/miklostv.com\\\/new\\\/2020\\\/09\\\/01\\\/motoros-trening-es-verseny-a-tesco-parkoloban\\\/\",\"url\":\"https:\\\/\\\/miklostv.com\\\/new\\\/2020\\\/09\\\/01\\\/motoros-trening-es-verseny-a-tesco-parkoloban\\\/\",\"name\":\"MOTOROS TR\u00c9NING \u00c9S VERSENY A TESCO PARKOL\u00d3BAN - Mikl\u00f3s TV\",\"isPartOf\":{\"@id\":\"https:\\\/\\\/miklostv.com\\\/new\\\/#website\"},\"datePublished\":\"2020-09-01T18:19:02+00:00\",\"dateModified\":\"2023-02-08T16:46:44+00:00\",\"author\":{\"@id\":\"https:\\\/\\\/miklostv.com\\\/new\\\/#\\\/schema\\\/person\\\/6339cdd0bbd336ec6345812e3958be3b\"},\"breadcrumb\":{\"@id\":\"https:\\\/\\\/miklostv.com\\\/new\\\/2020\\\/09\\\/01\\\/motoros-trening-es-verseny-a-tesco-parkoloban\\\/#breadcrumb\"},\"inLanguage\":\"hu\",\"potentialAction\":[{\"@type\":\"ReadAction\",\"target\":[\"https:\\\/\\\/miklostv.com\\\/new\\\/2020\\\/09\\\/01\\\/motoros-trening-es-verseny-a-tesco-parkoloban\\\/\"]}]},{\"@type\":\"BreadcrumbList\",\"@id\":\"https:\\\/\\\/miklostv.com\\\/new\\\/2020\\\/09\\\/01\\\/motoros-trening-es-verseny-a-tesco-parkoloban\\\/#breadcrumb\",\"itemListElement\":[{\"@type\":\"ListItem\",\"position\":1,\"name\":\"Kezd\u0151lap\",\"item\":\"https:\\\/\\\/miklostv.com\\\/new\\\/\"},{\"@type\":\"ListItem\",\"position\":2,\"name\":\"MOTOROS TR\u00c9NING \u00c9S VERSENY A TESCO PARKOL\u00d3BAN\"}]},{\"@type\":\"WebSite\",\"@id\":\"https:\\\/\\\/miklostv.com\\\/new\\\/#website\",\"url\":\"https:\\\/\\\/miklostv.com\\\/new\\\/\",\"name\":\"Mikl\u00f3s TV\",\"description\":\"Mikl\u00f3s TV\",\"potentialAction\":[{\"@type\":\"SearchAction\",\"target\":{\"@type\":\"EntryPoint\",\"urlTemplate\":\"https:\\\/\\\/miklostv.com\\\/new\\\/?s={search_term_string}\"},\"query-input\":{\"@type\":\"PropertyValueSpecification\",\"valueRequired\":true,\"valueName\":\"search_term_string\"}}],\"inLanguage\":\"hu\"},{\"@type\":\"Person\",\"@id\":\"https:\\\/\\\/miklostv.com\\\/new\\\/#\\\/schema\\\/person\\\/6339cdd0bbd336ec6345812e3958be3b\",\"name\":\"S\u00e1ndor\",\"sameAs\":[\"https:\\\/\\\/miklostv.com\\\/new\"],\"url\":\"https:\\\/\\\/miklostv.com\\\/new\\\/author\\\/sanyi\\\/\"}]}<\/script>\n<!-- \/ Yoast SEO plugin. -->","yoast_head_json":{"title":"MOTOROS TR\u00c9NING \u00c9S VERSENY A TESCO PARKOL\u00d3BAN - Mikl\u00f3s TV","robots":{"index":"index","follow":"follow","max-snippet":"max-snippet:-1","max-image-preview":"max-image-preview:large","max-video-preview":"max-video-preview:-1"},"canonical":"https:\/\/miklostv.com\/new\/2020\/09\/01\/motoros-trening-es-verseny-a-tesco-parkoloban\/","og_locale":"hu_HU","og_type":"article","og_title":"MOTOROS TR\u00c9NING \u00c9S VERSENY A TESCO PARKOL\u00d3BAN - Mikl\u00f3s TV","og_description":"2020. augusztus 28-\u00e1n rendezt\u00e9k meg a t\u00f6r\u00f6kszentmikl\u00f3si (volt) Tesco parkol\u00f3j\u00e1ban az &#8220;\u00d6nk\u00e9pz\u0151 vezet\u00e9stechnikai tr\u00e9ning \u00e9s verseny motorosoknak&#8221; elnevez\u00e9s\u0171 rendezv\u00e9nyt. A programot a &#8220;T\u00d6R\u00d6KSZENTMIKL\u00d3SI MOTOROSOK&#8221; elnevez\u00e9s\u0171 facebook csoport val\u00f3s\u00edtotta meg. A szervez\u0151k c\u00e9lja, hogy \u00f6sszefogja a helyi \u00e9s k\u00f6rny\u00e9kbeli motorosakat.","og_url":"https:\/\/miklostv.com\/new\/2020\/09\/01\/motoros-trening-es-verseny-a-tesco-parkoloban\/","og_site_name":"Mikl\u00f3s TV","article_published_time":"2020-09-01T18:19:02+00:00","article_modified_time":"2023-02-08T16:46:44+00:00","author":"S\u00e1ndor","twitter_card":"summary_large_image","twitter_misc":{"Szerz\u0151:":"S\u00e1ndor","Becs\u00fclt olvas\u00e1si id\u0151":"1 perc"},"schema":{"@context":"https:\/\/schema.org","@graph":[{"@type":"NewsArticle","@id":"https:\/\/miklostv.com\/new\/2020\/09\/01\/motoros-trening-es-verseny-a-tesco-parkoloban\/#article","isPartOf":{"@id":"https:\/\/miklostv.com\/new\/2020\/09\/01\/motoros-trening-es-verseny-a-tesco-parkoloban\/"},"author":{"name":"S\u00e1ndor","@id":"https:\/\/miklostv.com\/new\/#\/schema\/person\/6339cdd0bbd336ec6345812e3958be3b"},"headline":"MOTOROS TR\u00c9NING \u00c9S VERSENY A TESCO PARKOL\u00d3BAN","datePublished":"2020-09-01T18:19:02+00:00","dateModified":"2023-02-08T16:46:44+00:00","mainEntityOfPage":{"@id":"https:\/\/miklostv.com\/new\/2020\/09\/01\/motoros-trening-es-verseny-a-tesco-parkoloban\/"},"wordCount":73,"commentCount":0,"articleSection":["A l\u00e9nyeg r\u00f6viden"],"inLanguage":"hu"},{"@type":"WebPage","@id":"https:\/\/miklostv.com\/new\/2020\/09\/01\/motoros-trening-es-verseny-a-tesco-parkoloban\/","url":"https:\/\/miklostv.com\/new\/2020\/09\/01\/motoros-trening-es-verseny-a-tesco-parkoloban\/","name":"MOTOROS TR\u00c9NING \u00c9S VERSENY A TESCO PARKOL\u00d3BAN - Mikl\u00f3s TV","isPartOf":{"@id":"https:\/\/miklostv.com\/new\/#website"},"datePublished":"2020-09-01T18:19:02+00:00","dateModified":"2023-02-08T16:46:44+00:00","author":{"@id":"https:\/\/miklostv.com\/new\/#\/schema\/person\/6339cdd0bbd336ec6345812e3958be3b"},"breadcrumb":{"@id":"https:\/\/miklostv.com\/new\/2020\/09\/01\/motoros-trening-es-verseny-a-tesco-parkoloban\/#breadcrumb"},"inLanguage":"hu","potentialAction":[{"@type":"ReadAction","target":["https:\/\/miklostv.com\/new\/2020\/09\/01\/motoros-trening-es-verseny-a-tesco-parkoloban\/"]}]},{"@type":"BreadcrumbList","@id":"https:\/\/miklostv.com\/new\/2020\/09\/01\/motoros-trening-es-verseny-a-tesco-parkoloban\/#breadcrumb","itemListElement":[{"@type":"ListItem","position":1,"name":"Kezd\u0151lap","item":"https:\/\/miklostv.com\/new\/"},{"@type":"ListItem","position":2,"name":"MOTOROS TR\u00c9NING \u00c9S VERSENY A TESCO PARKOL\u00d3BAN"}]},{"@type":"WebSite","@id":"https:\/\/miklostv.com\/new\/#website","url":"https:\/\/miklostv.com\/new\/","name":"Mikl\u00f3s TV","description":"Mikl\u00f3s TV","potentialAction":[{"@type":"SearchAction","target":{"@type":"EntryPoint","urlTemplate":"https:\/\/miklostv.com\/new\/?s={search_term_string}"},"query-input":{"@type":"PropertyValueSpecification","valueRequired":true,"valueName":"search_term_string"}}],"inLanguage":"hu"},{"@type":"Person","@id":"https:\/\/miklostv.com\/new\/#\/schema\/person\/6339cdd0bbd336ec6345812e3958be3b","name":"S\u00e1ndor","sameAs":["https:\/\/miklostv.com\/new"],"url":"https:\/\/miklostv.com\/new\/author\/sanyi\/"}]}},"_links":{"self":[{"href":"https:\/\/miklostv.com\/new\/wp-json\/wp\/v2\/posts\/4385","targetHints":{"allow":["GET"]}}],"collection":[{"href":"https:\/\/miklostv.com\/new\/wp-json\/wp\/v2\/posts"}],"about":[{"href":"https:\/\/miklostv.com\/new\/wp-json\/wp\/v2\/types\/post"}],"author":[{"embeddable":true,"href":"https:\/\/miklostv.com\/new\/wp-json\/wp\/v2\/users\/1"}],"replies":[{"embeddable":true,"href":"https:\/\/miklostv.com\/new\/wp-json\/wp\/v2\/comments?post=4385"}],"version-history":[{"count":1,"href":"https:\/\/miklostv.com\/new\/wp-json\/wp\/v2\/posts\/4385\/revisions"}],"predecessor-version":[{"id":7724,"href":"https:\/\/miklostv.com\/new\/wp-json\/wp\/v2\/posts\/4385\/revisions\/7724"}],"wp:attachment":[{"href":"https:\/\/miklostv.com\/new\/wp-json\/wp\/v2\/media?parent=4385"}],"wp:term":[{"taxonomy":"category","embeddable":true,"href":"https:\/\/miklostv.com\/new\/wp-json\/wp\/v2\/categories?post=4385"},{"taxonomy":"post_tag","embeddable":true,"href":"https:\/\/miklostv.com\/new\/wp-json\/wp\/v2\/tags?post=4385"}],"curies":[{"name":"wp","href":"https:\/\/api.w.org\/{rel}","templated":true}]}}