{"id":4382,"date":"2020-08-31T15:08:25","date_gmt":"2020-08-31T15:08:25","guid":{"rendered":"https:\/\/miklostv.com\/new\/2020\/08\/31\/latogatasi-tilalom-a-hetenyiben-2020\/"},"modified":"2020-08-31T15:08:25","modified_gmt":"2020-08-31T15:08:25","slug":"latogatasi-tilalom-a-hetenyiben-2020","status":"publish","type":"post","link":"https:\/\/miklostv.com\/new\/2020\/08\/31\/latogatasi-tilalom-a-hetenyiben-2020\/","title":{"rendered":"L\u00c1TOGAT\u00c1SI TILALOM A HET\u00c9NYIBEN"},"content":{"rendered":"<p><span style=\"font-size: 12pt;\"><strong>A J\u00e1sz-Nagykun-Szolnok Megyei Het\u00e9nyi G\u00e9za K\u00f3rh\u00e1z-Rendel\u0151int\u00e9zet valamennyi oszt\u00e1ly\u00e1ra vonatkoz\u00f3an, l\u00e1togat\u00e1si tilalom ker\u00fcl bevezet\u00e9sre.<\/strong><\/span>&nbsp;<\/p>\n<p>A COVID-19 fert\u0151z\u00e9ses megbeteged\u00e9sek sz\u00e1m\u00e1nak n\u00f6veked\u00e9se miatt &#8211; betegeink \u00e9s munkat\u00e1rsaink v\u00e9delme \u00e9rdek\u00e9ben -Int\u00e9zet\u00fcnk valamennyi oszt\u00e1ly\u00e1ra vonatkoz\u00f3an l\u00e1togat\u00e1si tilalom ker\u00fclt bevezet\u00e9sre<\/p>\n<div><span style=\"font-size: 12pt;\"><strong>2020. augusztus 31. (h\u00e9tf\u0151) 08.00 \u00f3r\u00e1t\u00f3l<\/strong><\/span><\/div>\n<div>visszavon\u00e1sig.<\/div>\n<div>&nbsp;<\/div>\n<div>A fekv\u0151- \u00e9s a j\u00e1r\u00f3beteg-ell\u00e1t\u00e1s folyamatos.<\/div>\n<div>&nbsp;<\/div>\n<div>Tisztelettel k\u00e9rj\u00fck kedves betegeinket az orrot, sz\u00e1jat eltakar\u00f3 maszk haszn\u00e1lat\u00e1ra \u00e9s a higi\u00e9n\u00e9s szab\u00e1lyok fokozott betart\u00e1s\u00e1ra!<\/div>\n<div>&nbsp;<\/div>\n<div>Tisztelettel:<\/div>\n<div>Dr. Bene Ildik\u00f3<\/div>\n<div>mb.f\u0151igazgat\u00f3<\/div>\n<p>forr\u00e1s: <a href=\"http:\/\/www.hetenyikorhaz.hu\/latogatasi-tilalom\" target=\"_blank\" rel=\"noopener\">hetenyikorhaz.hu<\/a><\/p>\n<p><\/p>\n","protected":false},"excerpt":{"rendered":"<p>A J\u00e1sz-Nagykun-Szolnok Megyei Het\u00e9nyi G\u00e9za K\u00f3rh\u00e1z-Rendel\u0151int\u00e9zet valamennyi oszt\u00e1ly\u00e1ra vonatkoz\u00f3an, l\u00e1togat\u00e1si tilalom ker\u00fcl bevezet\u00e9sre.&nbsp; A COVID-19 fert\u0151z\u00e9ses megbeteged\u00e9sek sz\u00e1m\u00e1nak n\u00f6veked\u00e9se miatt &#8211; betegeink \u00e9s munkat\u00e1rsaink v\u00e9delme \u00e9rdek\u00e9ben -Int\u00e9zet\u00fcnk valamennyi oszt\u00e1ly\u00e1ra vonatkoz\u00f3an l\u00e1togat\u00e1si tilalom ker\u00fclt bevezet\u00e9sre 2020. augusztus 31. (h\u00e9tf\u0151) 08.00 \u00f3r\u00e1t\u00f3l visszavon\u00e1sig. &nbsp; A fekv\u0151- \u00e9s a j\u00e1r\u00f3beteg-ell\u00e1t\u00e1s folyamatos. &nbsp; Tisztelettel k\u00e9rj\u00fck kedves betegeinket az orrot, sz\u00e1jat eltakar\u00f3 maszk haszn\u00e1lat\u00e1ra \u00e9s a higi\u00e9n\u00e9s szab\u00e1lyok fokozott betart\u00e1s\u00e1ra! &nbsp; Tisztelettel: Dr. Bene Ildik\u00f3 mb.f\u0151igazgat\u00f3 forr\u00e1s: hetenyikorhaz.hu<\/p>\n","protected":false},"author":1,"featured_media":2963,"comment_status":"open","ping_status":"open","sticky":false,"template":"","format":"standard","meta":{"fifu_image_url":"","fifu_image_alt":"","footnotes":""},"categories":[47],"tags":[],"class_list":["post-4382","post","type-post","status-publish","format-standard","has-post-thumbnail","hentry","category-kozerdeku3"],"gutentor_comment":0,"yoast_head":"<!-- This site is optimized with the Yoast SEO plugin v27.5 - https:\/\/yoast.com\/product\/yoast-seo-wordpress\/ -->\n<title>L\u00c1TOGAT\u00c1SI TILALOM A HET\u00c9NYIBEN - Mikl\u00f3s TV<\/title>\n<meta name=\"robots\" content=\"index, follow, max-snippet:-1, max-image-preview:large, max-video-preview:-1\" \/>\n<link rel=\"canonical\" href=\"https:\/\/miklostv.com\/new\/2020\/08\/31\/latogatasi-tilalom-a-hetenyiben-2020\/\" \/>\n<meta property=\"og:locale\" content=\"hu_HU\" \/>\n<meta property=\"og:type\" content=\"article\" \/>\n<meta property=\"og:title\" content=\"L\u00c1TOGAT\u00c1SI TILALOM A HET\u00c9NYIBEN - Mikl\u00f3s TV\" \/>\n<meta property=\"og:description\" content=\"A J\u00e1sz-Nagykun-Szolnok Megyei Het\u00e9nyi G\u00e9za K\u00f3rh\u00e1z-Rendel\u0151int\u00e9zet valamennyi oszt\u00e1ly\u00e1ra vonatkoz\u00f3an, l\u00e1togat\u00e1si tilalom ker\u00fcl bevezet\u00e9sre.&nbsp; A COVID-19 fert\u0151z\u00e9ses megbeteged\u00e9sek sz\u00e1m\u00e1nak n\u00f6veked\u00e9se miatt &#8211; betegeink \u00e9s munkat\u00e1rsaink v\u00e9delme \u00e9rdek\u00e9ben -Int\u00e9zet\u00fcnk valamennyi oszt\u00e1ly\u00e1ra vonatkoz\u00f3an l\u00e1togat\u00e1si tilalom ker\u00fclt bevezet\u00e9sre 2020. augusztus 31. (h\u00e9tf\u0151) 08.00 \u00f3r\u00e1t\u00f3l visszavon\u00e1sig. &nbsp; A fekv\u0151- \u00e9s a j\u00e1r\u00f3beteg-ell\u00e1t\u00e1s folyamatos. &nbsp; Tisztelettel k\u00e9rj\u00fck kedves betegeinket az orrot, sz\u00e1jat eltakar\u00f3 maszk haszn\u00e1lat\u00e1ra \u00e9s a higi\u00e9n\u00e9s szab\u00e1lyok fokozott betart\u00e1s\u00e1ra! &nbsp; Tisztelettel: Dr. Bene Ildik\u00f3 mb.f\u0151igazgat\u00f3 forr\u00e1s: hetenyikorhaz.hu\" \/>\n<meta property=\"og:url\" content=\"https:\/\/miklostv.com\/new\/2020\/08\/31\/latogatasi-tilalom-a-hetenyiben-2020\/\" \/>\n<meta property=\"og:site_name\" content=\"Mikl\u00f3s TV\" \/>\n<meta property=\"article:published_time\" content=\"2020-08-31T15:08:25+00:00\" \/>\n<meta property=\"og:image\" content=\"https:\/\/miklostv.com\/new\/wp-content\/uploads\/2020\/08\/LescsIMG_8679.jpg\" \/>\n\t<meta property=\"og:image:width\" content=\"400\" \/>\n\t<meta property=\"og:image:height\" content=\"250\" \/>\n\t<meta property=\"og:image:type\" content=\"image\/jpeg\" \/>\n<meta name=\"author\" content=\"S\u00e1ndor\" \/>\n<meta name=\"twitter:card\" content=\"summary_large_image\" \/>\n<meta name=\"twitter:label1\" content=\"Szerz\u0151:\" \/>\n\t<meta name=\"twitter:data1\" content=\"S\u00e1ndor\" \/>\n\t<meta name=\"twitter:label2\" content=\"Becs\u00fclt olvas\u00e1si id\u0151\" \/>\n\t<meta name=\"twitter:data2\" content=\"1 perc\" \/>\n<script type=\"application\/ld+json\" class=\"yoast-schema-graph\">{\"@context\":\"https:\\\/\\\/schema.org\",\"@graph\":[{\"@type\":\"NewsArticle\",\"@id\":\"https:\\\/\\\/miklostv.com\\\/new\\\/2020\\\/08\\\/31\\\/latogatasi-tilalom-a-hetenyiben-2020\\\/#article\",\"isPartOf\":{\"@id\":\"https:\\\/\\\/miklostv.com\\\/new\\\/2020\\\/08\\\/31\\\/latogatasi-tilalom-a-hetenyiben-2020\\\/\"},\"author\":{\"name\":\"S\u00e1ndor\",\"@id\":\"https:\\\/\\\/miklostv.com\\\/new\\\/#\\\/schema\\\/person\\\/6339cdd0bbd336ec6345812e3958be3b\"},\"headline\":\"L\u00c1TOGAT\u00c1SI TILALOM A HET\u00c9NYIBEN\",\"datePublished\":\"2020-08-31T15:08:25+00:00\",\"mainEntityOfPage\":{\"@id\":\"https:\\\/\\\/miklostv.com\\\/new\\\/2020\\\/08\\\/31\\\/latogatasi-tilalom-a-hetenyiben-2020\\\/\"},\"wordCount\":134,\"commentCount\":0,\"image\":{\"@id\":\"https:\\\/\\\/miklostv.com\\\/new\\\/2020\\\/08\\\/31\\\/latogatasi-tilalom-a-hetenyiben-2020\\\/#primaryimage\"},\"thumbnailUrl\":\"https:\\\/\\\/miklostv.com\\\/new\\\/wp-content\\\/uploads\\\/2020\\\/08\\\/LescsIMG_8679.jpg\",\"articleSection\":[\"K\u00f6z\u00e9rdek\u0171\"],\"inLanguage\":\"hu\"},{\"@type\":\"WebPage\",\"@id\":\"https:\\\/\\\/miklostv.com\\\/new\\\/2020\\\/08\\\/31\\\/latogatasi-tilalom-a-hetenyiben-2020\\\/\",\"url\":\"https:\\\/\\\/miklostv.com\\\/new\\\/2020\\\/08\\\/31\\\/latogatasi-tilalom-a-hetenyiben-2020\\\/\",\"name\":\"L\u00c1TOGAT\u00c1SI TILALOM A HET\u00c9NYIBEN - Mikl\u00f3s TV\",\"isPartOf\":{\"@id\":\"https:\\\/\\\/miklostv.com\\\/new\\\/#website\"},\"primaryImageOfPage\":{\"@id\":\"https:\\\/\\\/miklostv.com\\\/new\\\/2020\\\/08\\\/31\\\/latogatasi-tilalom-a-hetenyiben-2020\\\/#primaryimage\"},\"image\":{\"@id\":\"https:\\\/\\\/miklostv.com\\\/new\\\/2020\\\/08\\\/31\\\/latogatasi-tilalom-a-hetenyiben-2020\\\/#primaryimage\"},\"thumbnailUrl\":\"https:\\\/\\\/miklostv.com\\\/new\\\/wp-content\\\/uploads\\\/2020\\\/08\\\/LescsIMG_8679.jpg\",\"datePublished\":\"2020-08-31T15:08:25+00:00\",\"author\":{\"@id\":\"https:\\\/\\\/miklostv.com\\\/new\\\/#\\\/schema\\\/person\\\/6339cdd0bbd336ec6345812e3958be3b\"},\"breadcrumb\":{\"@id\":\"https:\\\/\\\/miklostv.com\\\/new\\\/2020\\\/08\\\/31\\\/latogatasi-tilalom-a-hetenyiben-2020\\\/#breadcrumb\"},\"inLanguage\":\"hu\",\"potentialAction\":[{\"@type\":\"ReadAction\",\"target\":[\"https:\\\/\\\/miklostv.com\\\/new\\\/2020\\\/08\\\/31\\\/latogatasi-tilalom-a-hetenyiben-2020\\\/\"]}]},{\"@type\":\"ImageObject\",\"inLanguage\":\"hu\",\"@id\":\"https:\\\/\\\/miklostv.com\\\/new\\\/2020\\\/08\\\/31\\\/latogatasi-tilalom-a-hetenyiben-2020\\\/#primaryimage\",\"url\":\"https:\\\/\\\/miklostv.com\\\/new\\\/wp-content\\\/uploads\\\/2020\\\/08\\\/LescsIMG_8679.jpg\",\"contentUrl\":\"https:\\\/\\\/miklostv.com\\\/new\\\/wp-content\\\/uploads\\\/2020\\\/08\\\/LescsIMG_8679.jpg\",\"width\":400,\"height\":250,\"caption\":\"LescsIMG 8679\"},{\"@type\":\"BreadcrumbList\",\"@id\":\"https:\\\/\\\/miklostv.com\\\/new\\\/2020\\\/08\\\/31\\\/latogatasi-tilalom-a-hetenyiben-2020\\\/#breadcrumb\",\"itemListElement\":[{\"@type\":\"ListItem\",\"position\":1,\"name\":\"Kezd\u0151lap\",\"item\":\"https:\\\/\\\/miklostv.com\\\/new\\\/\"},{\"@type\":\"ListItem\",\"position\":2,\"name\":\"L\u00c1TOGAT\u00c1SI TILALOM A HET\u00c9NYIBEN\"}]},{\"@type\":\"WebSite\",\"@id\":\"https:\\\/\\\/miklostv.com\\\/new\\\/#website\",\"url\":\"https:\\\/\\\/miklostv.com\\\/new\\\/\",\"name\":\"Mikl\u00f3s TV\",\"description\":\"Mikl\u00f3s TV\",\"potentialAction\":[{\"@type\":\"SearchAction\",\"target\":{\"@type\":\"EntryPoint\",\"urlTemplate\":\"https:\\\/\\\/miklostv.com\\\/new\\\/?s={search_term_string}\"},\"query-input\":{\"@type\":\"PropertyValueSpecification\",\"valueRequired\":true,\"valueName\":\"search_term_string\"}}],\"inLanguage\":\"hu\"},{\"@type\":\"Person\",\"@id\":\"https:\\\/\\\/miklostv.com\\\/new\\\/#\\\/schema\\\/person\\\/6339cdd0bbd336ec6345812e3958be3b\",\"name\":\"S\u00e1ndor\",\"sameAs\":[\"https:\\\/\\\/miklostv.com\\\/new\"],\"url\":\"https:\\\/\\\/miklostv.com\\\/new\\\/author\\\/sanyi\\\/\"}]}<\/script>\n<!-- \/ Yoast SEO plugin. -->","yoast_head_json":{"title":"L\u00c1TOGAT\u00c1SI TILALOM A HET\u00c9NYIBEN - Mikl\u00f3s TV","robots":{"index":"index","follow":"follow","max-snippet":"max-snippet:-1","max-image-preview":"max-image-preview:large","max-video-preview":"max-video-preview:-1"},"canonical":"https:\/\/miklostv.com\/new\/2020\/08\/31\/latogatasi-tilalom-a-hetenyiben-2020\/","og_locale":"hu_HU","og_type":"article","og_title":"L\u00c1TOGAT\u00c1SI TILALOM A HET\u00c9NYIBEN - Mikl\u00f3s TV","og_description":"A J\u00e1sz-Nagykun-Szolnok Megyei Het\u00e9nyi G\u00e9za K\u00f3rh\u00e1z-Rendel\u0151int\u00e9zet valamennyi oszt\u00e1ly\u00e1ra vonatkoz\u00f3an, l\u00e1togat\u00e1si tilalom ker\u00fcl bevezet\u00e9sre.&nbsp; A COVID-19 fert\u0151z\u00e9ses megbeteged\u00e9sek sz\u00e1m\u00e1nak n\u00f6veked\u00e9se miatt &#8211; betegeink \u00e9s munkat\u00e1rsaink v\u00e9delme \u00e9rdek\u00e9ben -Int\u00e9zet\u00fcnk valamennyi oszt\u00e1ly\u00e1ra vonatkoz\u00f3an l\u00e1togat\u00e1si tilalom ker\u00fclt bevezet\u00e9sre 2020. augusztus 31. (h\u00e9tf\u0151) 08.00 \u00f3r\u00e1t\u00f3l visszavon\u00e1sig. &nbsp; A fekv\u0151- \u00e9s a j\u00e1r\u00f3beteg-ell\u00e1t\u00e1s folyamatos. &nbsp; Tisztelettel k\u00e9rj\u00fck kedves betegeinket az orrot, sz\u00e1jat eltakar\u00f3 maszk haszn\u00e1lat\u00e1ra \u00e9s a higi\u00e9n\u00e9s szab\u00e1lyok fokozott betart\u00e1s\u00e1ra! &nbsp; Tisztelettel: Dr. Bene Ildik\u00f3 mb.f\u0151igazgat\u00f3 forr\u00e1s: hetenyikorhaz.hu","og_url":"https:\/\/miklostv.com\/new\/2020\/08\/31\/latogatasi-tilalom-a-hetenyiben-2020\/","og_site_name":"Mikl\u00f3s TV","article_published_time":"2020-08-31T15:08:25+00:00","og_image":[{"width":400,"height":250,"url":"https:\/\/miklostv.com\/new\/wp-content\/uploads\/2020\/08\/LescsIMG_8679.jpg","type":"image\/jpeg"}],"author":"S\u00e1ndor","twitter_card":"summary_large_image","twitter_misc":{"Szerz\u0151:":"S\u00e1ndor","Becs\u00fclt olvas\u00e1si id\u0151":"1 perc"},"schema":{"@context":"https:\/\/schema.org","@graph":[{"@type":"NewsArticle","@id":"https:\/\/miklostv.com\/new\/2020\/08\/31\/latogatasi-tilalom-a-hetenyiben-2020\/#article","isPartOf":{"@id":"https:\/\/miklostv.com\/new\/2020\/08\/31\/latogatasi-tilalom-a-hetenyiben-2020\/"},"author":{"name":"S\u00e1ndor","@id":"https:\/\/miklostv.com\/new\/#\/schema\/person\/6339cdd0bbd336ec6345812e3958be3b"},"headline":"L\u00c1TOGAT\u00c1SI TILALOM A HET\u00c9NYIBEN","datePublished":"2020-08-31T15:08:25+00:00","mainEntityOfPage":{"@id":"https:\/\/miklostv.com\/new\/2020\/08\/31\/latogatasi-tilalom-a-hetenyiben-2020\/"},"wordCount":134,"commentCount":0,"image":{"@id":"https:\/\/miklostv.com\/new\/2020\/08\/31\/latogatasi-tilalom-a-hetenyiben-2020\/#primaryimage"},"thumbnailUrl":"https:\/\/miklostv.com\/new\/wp-content\/uploads\/2020\/08\/LescsIMG_8679.jpg","articleSection":["K\u00f6z\u00e9rdek\u0171"],"inLanguage":"hu"},{"@type":"WebPage","@id":"https:\/\/miklostv.com\/new\/2020\/08\/31\/latogatasi-tilalom-a-hetenyiben-2020\/","url":"https:\/\/miklostv.com\/new\/2020\/08\/31\/latogatasi-tilalom-a-hetenyiben-2020\/","name":"L\u00c1TOGAT\u00c1SI TILALOM A HET\u00c9NYIBEN - Mikl\u00f3s TV","isPartOf":{"@id":"https:\/\/miklostv.com\/new\/#website"},"primaryImageOfPage":{"@id":"https:\/\/miklostv.com\/new\/2020\/08\/31\/latogatasi-tilalom-a-hetenyiben-2020\/#primaryimage"},"image":{"@id":"https:\/\/miklostv.com\/new\/2020\/08\/31\/latogatasi-tilalom-a-hetenyiben-2020\/#primaryimage"},"thumbnailUrl":"https:\/\/miklostv.com\/new\/wp-content\/uploads\/2020\/08\/LescsIMG_8679.jpg","datePublished":"2020-08-31T15:08:25+00:00","author":{"@id":"https:\/\/miklostv.com\/new\/#\/schema\/person\/6339cdd0bbd336ec6345812e3958be3b"},"breadcrumb":{"@id":"https:\/\/miklostv.com\/new\/2020\/08\/31\/latogatasi-tilalom-a-hetenyiben-2020\/#breadcrumb"},"inLanguage":"hu","potentialAction":[{"@type":"ReadAction","target":["https:\/\/miklostv.com\/new\/2020\/08\/31\/latogatasi-tilalom-a-hetenyiben-2020\/"]}]},{"@type":"ImageObject","inLanguage":"hu","@id":"https:\/\/miklostv.com\/new\/2020\/08\/31\/latogatasi-tilalom-a-hetenyiben-2020\/#primaryimage","url":"https:\/\/miklostv.com\/new\/wp-content\/uploads\/2020\/08\/LescsIMG_8679.jpg","contentUrl":"https:\/\/miklostv.com\/new\/wp-content\/uploads\/2020\/08\/LescsIMG_8679.jpg","width":400,"height":250,"caption":"LescsIMG 8679"},{"@type":"BreadcrumbList","@id":"https:\/\/miklostv.com\/new\/2020\/08\/31\/latogatasi-tilalom-a-hetenyiben-2020\/#breadcrumb","itemListElement":[{"@type":"ListItem","position":1,"name":"Kezd\u0151lap","item":"https:\/\/miklostv.com\/new\/"},{"@type":"ListItem","position":2,"name":"L\u00c1TOGAT\u00c1SI TILALOM A HET\u00c9NYIBEN"}]},{"@type":"WebSite","@id":"https:\/\/miklostv.com\/new\/#website","url":"https:\/\/miklostv.com\/new\/","name":"Mikl\u00f3s TV","description":"Mikl\u00f3s TV","potentialAction":[{"@type":"SearchAction","target":{"@type":"EntryPoint","urlTemplate":"https:\/\/miklostv.com\/new\/?s={search_term_string}"},"query-input":{"@type":"PropertyValueSpecification","valueRequired":true,"valueName":"search_term_string"}}],"inLanguage":"hu"},{"@type":"Person","@id":"https:\/\/miklostv.com\/new\/#\/schema\/person\/6339cdd0bbd336ec6345812e3958be3b","name":"S\u00e1ndor","sameAs":["https:\/\/miklostv.com\/new"],"url":"https:\/\/miklostv.com\/new\/author\/sanyi\/"}]}},"_links":{"self":[{"href":"https:\/\/miklostv.com\/new\/wp-json\/wp\/v2\/posts\/4382","targetHints":{"allow":["GET"]}}],"collection":[{"href":"https:\/\/miklostv.com\/new\/wp-json\/wp\/v2\/posts"}],"about":[{"href":"https:\/\/miklostv.com\/new\/wp-json\/wp\/v2\/types\/post"}],"author":[{"embeddable":true,"href":"https:\/\/miklostv.com\/new\/wp-json\/wp\/v2\/users\/1"}],"replies":[{"embeddable":true,"href":"https:\/\/miklostv.com\/new\/wp-json\/wp\/v2\/comments?post=4382"}],"version-history":[{"count":0,"href":"https:\/\/miklostv.com\/new\/wp-json\/wp\/v2\/posts\/4382\/revisions"}],"wp:featuredmedia":[{"embeddable":true,"href":"https:\/\/miklostv.com\/new\/wp-json\/wp\/v2\/media\/2963"}],"wp:attachment":[{"href":"https:\/\/miklostv.com\/new\/wp-json\/wp\/v2\/media?parent=4382"}],"wp:term":[{"taxonomy":"category","embeddable":true,"href":"https:\/\/miklostv.com\/new\/wp-json\/wp\/v2\/categories?post=4382"},{"taxonomy":"post_tag","embeddable":true,"href":"https:\/\/miklostv.com\/new\/wp-json\/wp\/v2\/tags?post=4382"}],"curies":[{"name":"wp","href":"https:\/\/api.w.org\/{rel}","templated":true}]}}