{"id":4377,"date":"2020-08-28T13:17:22","date_gmt":"2020-08-28T13:17:22","guid":{"rendered":"https:\/\/miklostv.com\/new\/2020\/08\/28\/igazgatasi-szunet-a-polgarmesteri-hivatalban\/"},"modified":"2023-02-08T16:44:59","modified_gmt":"2023-02-08T16:44:59","slug":"igazgatasi-szunet-a-polgarmesteri-hivatalban","status":"publish","type":"post","link":"https:\/\/miklostv.com\/new\/2020\/08\/28\/igazgatasi-szunet-a-polgarmesteri-hivatalban\/","title":{"rendered":"IGAZGAT\u00c1SI SZ\u00dcNET A POLG\u00c1RMESTERI HIVATALBAN"},"content":{"rendered":"<div><span style=\"font-size: 12pt;\"><strong>A Polg\u00e1rmesteri Hivatal 2020. augusztus 29-\u00e9n (szombaton) igazgat\u00e1si sz\u00fcnet miatt z\u00e1rva tart.<\/strong><\/span><\/div>\n<div>\u00a0<\/div>\n<div>Augusztus 21-e (p\u00e9ntek) pihen\u0151nap, mely augusztus 29-\u00e9n (szombaton) ker\u00fcl ledolgoz\u00e1sra. Az \u00f6nkorm\u00e1nyzat k\u00e9pvisel\u0151-test\u00fclete \u00e1ltal enged\u00e9lyezett igazgat\u00e1si sz\u00fcnet miatt a Polg\u00e1rmesteri Hivatal augusztus 29-\u00e9n z\u00e1rva tart.<\/div>\n<div>\u00a0<\/div>\n<div>K\u00e9rj\u00fck az \u00fcgyfeleket, hogy fentieknek megfelel\u0151en sz\u00edveskedjenek \u00fcgyint\u00e9z\u00e9s\u00fck sor\u00e1n a hivatalt felkeresni.<\/div>\n\n\n<figure class=\"wp-block-image\"><img decoding=\"async\" src=\"https:\/\/miklostv.com\/new\/wp-content\/uploads\/2020\/08\/igazgatasi_szunet.jpg\" alt=\"\"\/><\/figure>\n","protected":false},"excerpt":{"rendered":"<p>A Polg\u00e1rmesteri Hivatal 2020. augusztus 29-\u00e9n (szombaton) igazgat\u00e1si sz\u00fcnet miatt z\u00e1rva tart. \u00a0 Augusztus 21-e (p\u00e9ntek) pihen\u0151nap, mely augusztus 29-\u00e9n (szombaton) ker\u00fcl ledolgoz\u00e1sra. Az \u00f6nkorm\u00e1nyzat k\u00e9pvisel\u0151-test\u00fclete \u00e1ltal enged\u00e9lyezett igazgat\u00e1si sz\u00fcnet miatt a Polg\u00e1rmesteri Hivatal augusztus 29-\u00e9n z\u00e1rva tart. \u00a0 K\u00e9rj\u00fck az \u00fcgyfeleket, hogy fentieknek megfelel\u0151en sz\u00edveskedjenek \u00fcgyint\u00e9z\u00e9s\u00fck sor\u00e1n a hivatalt felkeresni.<\/p>\n","protected":false},"author":1,"featured_media":4376,"comment_status":"open","ping_status":"open","sticky":false,"template":"","format":"standard","meta":{"fifu_image_url":"","fifu_image_alt":"","footnotes":""},"categories":[32],"tags":[],"class_list":["post-4377","post","type-post","status-publish","format-standard","has-post-thumbnail","hentry","category-hirek2"],"gutentor_comment":0,"yoast_head":"<!-- This site is optimized with the Yoast SEO plugin v27.5 - https:\/\/yoast.com\/product\/yoast-seo-wordpress\/ -->\n<title>IGAZGAT\u00c1SI SZ\u00dcNET A POLG\u00c1RMESTERI HIVATALBAN - Mikl\u00f3s TV<\/title>\n<meta name=\"robots\" content=\"index, follow, max-snippet:-1, max-image-preview:large, max-video-preview:-1\" \/>\n<link rel=\"canonical\" href=\"https:\/\/miklostv.com\/new\/2020\/08\/28\/igazgatasi-szunet-a-polgarmesteri-hivatalban\/\" \/>\n<meta property=\"og:locale\" content=\"hu_HU\" \/>\n<meta property=\"og:type\" content=\"article\" \/>\n<meta property=\"og:title\" content=\"IGAZGAT\u00c1SI SZ\u00dcNET A POLG\u00c1RMESTERI HIVATALBAN - Mikl\u00f3s TV\" \/>\n<meta property=\"og:description\" content=\"A Polg\u00e1rmesteri Hivatal 2020. augusztus 29-\u00e9n (szombaton) igazgat\u00e1si sz\u00fcnet miatt z\u00e1rva tart. \u00a0 Augusztus 21-e (p\u00e9ntek) pihen\u0151nap, mely augusztus 29-\u00e9n (szombaton) ker\u00fcl ledolgoz\u00e1sra. Az \u00f6nkorm\u00e1nyzat k\u00e9pvisel\u0151-test\u00fclete \u00e1ltal enged\u00e9lyezett igazgat\u00e1si sz\u00fcnet miatt a Polg\u00e1rmesteri Hivatal augusztus 29-\u00e9n z\u00e1rva tart. \u00a0 K\u00e9rj\u00fck az \u00fcgyfeleket, hogy fentieknek megfelel\u0151en sz\u00edveskedjenek \u00fcgyint\u00e9z\u00e9s\u00fck sor\u00e1n a hivatalt felkeresni.\" \/>\n<meta property=\"og:url\" content=\"https:\/\/miklostv.com\/new\/2020\/08\/28\/igazgatasi-szunet-a-polgarmesteri-hivatalban\/\" \/>\n<meta property=\"og:site_name\" content=\"Mikl\u00f3s TV\" \/>\n<meta property=\"article:published_time\" content=\"2020-08-28T13:17:22+00:00\" \/>\n<meta property=\"article:modified_time\" content=\"2023-02-08T16:44:59+00:00\" \/>\n<meta property=\"og:image\" content=\"https:\/\/miklostv.com\/new\/wp-content\/uploads\/2020\/08\/igazgatasi_szunet.jpg\" \/>\n\t<meta property=\"og:image:width\" content=\"1016\" \/>\n\t<meta property=\"og:image:height\" content=\"726\" \/>\n\t<meta property=\"og:image:type\" content=\"image\/jpeg\" \/>\n<meta name=\"author\" content=\"S\u00e1ndor\" \/>\n<meta name=\"twitter:card\" content=\"summary_large_image\" \/>\n<meta name=\"twitter:label1\" content=\"Szerz\u0151:\" \/>\n\t<meta name=\"twitter:data1\" content=\"S\u00e1ndor\" \/>\n\t<meta name=\"twitter:label2\" content=\"Becs\u00fclt olvas\u00e1si id\u0151\" \/>\n\t<meta name=\"twitter:data2\" content=\"1 perc\" \/>\n<script type=\"application\/ld+json\" class=\"yoast-schema-graph\">{\"@context\":\"https:\\\/\\\/schema.org\",\"@graph\":[{\"@type\":\"NewsArticle\",\"@id\":\"https:\\\/\\\/miklostv.com\\\/new\\\/2020\\\/08\\\/28\\\/igazgatasi-szunet-a-polgarmesteri-hivatalban\\\/#article\",\"isPartOf\":{\"@id\":\"https:\\\/\\\/miklostv.com\\\/new\\\/2020\\\/08\\\/28\\\/igazgatasi-szunet-a-polgarmesteri-hivatalban\\\/\"},\"author\":{\"name\":\"S\u00e1ndor\",\"@id\":\"https:\\\/\\\/miklostv.com\\\/new\\\/#\\\/schema\\\/person\\\/6339cdd0bbd336ec6345812e3958be3b\"},\"headline\":\"IGAZGAT\u00c1SI SZ\u00dcNET A POLG\u00c1RMESTERI HIVATALBAN\",\"datePublished\":\"2020-08-28T13:17:22+00:00\",\"dateModified\":\"2023-02-08T16:44:59+00:00\",\"mainEntityOfPage\":{\"@id\":\"https:\\\/\\\/miklostv.com\\\/new\\\/2020\\\/08\\\/28\\\/igazgatasi-szunet-a-polgarmesteri-hivatalban\\\/\"},\"wordCount\":84,\"commentCount\":0,\"image\":{\"@id\":\"https:\\\/\\\/miklostv.com\\\/new\\\/2020\\\/08\\\/28\\\/igazgatasi-szunet-a-polgarmesteri-hivatalban\\\/#primaryimage\"},\"thumbnailUrl\":\"https:\\\/\\\/miklostv.com\\\/new\\\/wp-content\\\/uploads\\\/2020\\\/08\\\/igazgatasi_szunet.jpg\",\"articleSection\":[\"A l\u00e9nyeg r\u00f6viden\"],\"inLanguage\":\"hu\"},{\"@type\":\"WebPage\",\"@id\":\"https:\\\/\\\/miklostv.com\\\/new\\\/2020\\\/08\\\/28\\\/igazgatasi-szunet-a-polgarmesteri-hivatalban\\\/\",\"url\":\"https:\\\/\\\/miklostv.com\\\/new\\\/2020\\\/08\\\/28\\\/igazgatasi-szunet-a-polgarmesteri-hivatalban\\\/\",\"name\":\"IGAZGAT\u00c1SI SZ\u00dcNET A POLG\u00c1RMESTERI HIVATALBAN - Mikl\u00f3s TV\",\"isPartOf\":{\"@id\":\"https:\\\/\\\/miklostv.com\\\/new\\\/#website\"},\"primaryImageOfPage\":{\"@id\":\"https:\\\/\\\/miklostv.com\\\/new\\\/2020\\\/08\\\/28\\\/igazgatasi-szunet-a-polgarmesteri-hivatalban\\\/#primaryimage\"},\"image\":{\"@id\":\"https:\\\/\\\/miklostv.com\\\/new\\\/2020\\\/08\\\/28\\\/igazgatasi-szunet-a-polgarmesteri-hivatalban\\\/#primaryimage\"},\"thumbnailUrl\":\"https:\\\/\\\/miklostv.com\\\/new\\\/wp-content\\\/uploads\\\/2020\\\/08\\\/igazgatasi_szunet.jpg\",\"datePublished\":\"2020-08-28T13:17:22+00:00\",\"dateModified\":\"2023-02-08T16:44:59+00:00\",\"author\":{\"@id\":\"https:\\\/\\\/miklostv.com\\\/new\\\/#\\\/schema\\\/person\\\/6339cdd0bbd336ec6345812e3958be3b\"},\"breadcrumb\":{\"@id\":\"https:\\\/\\\/miklostv.com\\\/new\\\/2020\\\/08\\\/28\\\/igazgatasi-szunet-a-polgarmesteri-hivatalban\\\/#breadcrumb\"},\"inLanguage\":\"hu\",\"potentialAction\":[{\"@type\":\"ReadAction\",\"target\":[\"https:\\\/\\\/miklostv.com\\\/new\\\/2020\\\/08\\\/28\\\/igazgatasi-szunet-a-polgarmesteri-hivatalban\\\/\"]}]},{\"@type\":\"ImageObject\",\"inLanguage\":\"hu\",\"@id\":\"https:\\\/\\\/miklostv.com\\\/new\\\/2020\\\/08\\\/28\\\/igazgatasi-szunet-a-polgarmesteri-hivatalban\\\/#primaryimage\",\"url\":\"https:\\\/\\\/miklostv.com\\\/new\\\/wp-content\\\/uploads\\\/2020\\\/08\\\/igazgatasi_szunet.jpg\",\"contentUrl\":\"https:\\\/\\\/miklostv.com\\\/new\\\/wp-content\\\/uploads\\\/2020\\\/08\\\/igazgatasi_szunet.jpg\",\"width\":1016,\"height\":726,\"caption\":\"igazgat\u00e1si sz\u00fcnet\"},{\"@type\":\"BreadcrumbList\",\"@id\":\"https:\\\/\\\/miklostv.com\\\/new\\\/2020\\\/08\\\/28\\\/igazgatasi-szunet-a-polgarmesteri-hivatalban\\\/#breadcrumb\",\"itemListElement\":[{\"@type\":\"ListItem\",\"position\":1,\"name\":\"Kezd\u0151lap\",\"item\":\"https:\\\/\\\/miklostv.com\\\/new\\\/\"},{\"@type\":\"ListItem\",\"position\":2,\"name\":\"IGAZGAT\u00c1SI SZ\u00dcNET A POLG\u00c1RMESTERI HIVATALBAN\"}]},{\"@type\":\"WebSite\",\"@id\":\"https:\\\/\\\/miklostv.com\\\/new\\\/#website\",\"url\":\"https:\\\/\\\/miklostv.com\\\/new\\\/\",\"name\":\"Mikl\u00f3s TV\",\"description\":\"Mikl\u00f3s TV\",\"potentialAction\":[{\"@type\":\"SearchAction\",\"target\":{\"@type\":\"EntryPoint\",\"urlTemplate\":\"https:\\\/\\\/miklostv.com\\\/new\\\/?s={search_term_string}\"},\"query-input\":{\"@type\":\"PropertyValueSpecification\",\"valueRequired\":true,\"valueName\":\"search_term_string\"}}],\"inLanguage\":\"hu\"},{\"@type\":\"Person\",\"@id\":\"https:\\\/\\\/miklostv.com\\\/new\\\/#\\\/schema\\\/person\\\/6339cdd0bbd336ec6345812e3958be3b\",\"name\":\"S\u00e1ndor\",\"sameAs\":[\"https:\\\/\\\/miklostv.com\\\/new\"],\"url\":\"https:\\\/\\\/miklostv.com\\\/new\\\/author\\\/sanyi\\\/\"}]}<\/script>\n<!-- \/ Yoast SEO plugin. -->","yoast_head_json":{"title":"IGAZGAT\u00c1SI SZ\u00dcNET A POLG\u00c1RMESTERI HIVATALBAN - Mikl\u00f3s TV","robots":{"index":"index","follow":"follow","max-snippet":"max-snippet:-1","max-image-preview":"max-image-preview:large","max-video-preview":"max-video-preview:-1"},"canonical":"https:\/\/miklostv.com\/new\/2020\/08\/28\/igazgatasi-szunet-a-polgarmesteri-hivatalban\/","og_locale":"hu_HU","og_type":"article","og_title":"IGAZGAT\u00c1SI SZ\u00dcNET A POLG\u00c1RMESTERI HIVATALBAN - Mikl\u00f3s TV","og_description":"A Polg\u00e1rmesteri Hivatal 2020. augusztus 29-\u00e9n (szombaton) igazgat\u00e1si sz\u00fcnet miatt z\u00e1rva tart. \u00a0 Augusztus 21-e (p\u00e9ntek) pihen\u0151nap, mely augusztus 29-\u00e9n (szombaton) ker\u00fcl ledolgoz\u00e1sra. Az \u00f6nkorm\u00e1nyzat k\u00e9pvisel\u0151-test\u00fclete \u00e1ltal enged\u00e9lyezett igazgat\u00e1si sz\u00fcnet miatt a Polg\u00e1rmesteri Hivatal augusztus 29-\u00e9n z\u00e1rva tart. \u00a0 K\u00e9rj\u00fck az \u00fcgyfeleket, hogy fentieknek megfelel\u0151en sz\u00edveskedjenek \u00fcgyint\u00e9z\u00e9s\u00fck sor\u00e1n a hivatalt felkeresni.","og_url":"https:\/\/miklostv.com\/new\/2020\/08\/28\/igazgatasi-szunet-a-polgarmesteri-hivatalban\/","og_site_name":"Mikl\u00f3s TV","article_published_time":"2020-08-28T13:17:22+00:00","article_modified_time":"2023-02-08T16:44:59+00:00","og_image":[{"width":1016,"height":726,"url":"https:\/\/miklostv.com\/new\/wp-content\/uploads\/2020\/08\/igazgatasi_szunet.jpg","type":"image\/jpeg"}],"author":"S\u00e1ndor","twitter_card":"summary_large_image","twitter_misc":{"Szerz\u0151:":"S\u00e1ndor","Becs\u00fclt olvas\u00e1si id\u0151":"1 perc"},"schema":{"@context":"https:\/\/schema.org","@graph":[{"@type":"NewsArticle","@id":"https:\/\/miklostv.com\/new\/2020\/08\/28\/igazgatasi-szunet-a-polgarmesteri-hivatalban\/#article","isPartOf":{"@id":"https:\/\/miklostv.com\/new\/2020\/08\/28\/igazgatasi-szunet-a-polgarmesteri-hivatalban\/"},"author":{"name":"S\u00e1ndor","@id":"https:\/\/miklostv.com\/new\/#\/schema\/person\/6339cdd0bbd336ec6345812e3958be3b"},"headline":"IGAZGAT\u00c1SI SZ\u00dcNET A POLG\u00c1RMESTERI HIVATALBAN","datePublished":"2020-08-28T13:17:22+00:00","dateModified":"2023-02-08T16:44:59+00:00","mainEntityOfPage":{"@id":"https:\/\/miklostv.com\/new\/2020\/08\/28\/igazgatasi-szunet-a-polgarmesteri-hivatalban\/"},"wordCount":84,"commentCount":0,"image":{"@id":"https:\/\/miklostv.com\/new\/2020\/08\/28\/igazgatasi-szunet-a-polgarmesteri-hivatalban\/#primaryimage"},"thumbnailUrl":"https:\/\/miklostv.com\/new\/wp-content\/uploads\/2020\/08\/igazgatasi_szunet.jpg","articleSection":["A l\u00e9nyeg r\u00f6viden"],"inLanguage":"hu"},{"@type":"WebPage","@id":"https:\/\/miklostv.com\/new\/2020\/08\/28\/igazgatasi-szunet-a-polgarmesteri-hivatalban\/","url":"https:\/\/miklostv.com\/new\/2020\/08\/28\/igazgatasi-szunet-a-polgarmesteri-hivatalban\/","name":"IGAZGAT\u00c1SI SZ\u00dcNET A POLG\u00c1RMESTERI HIVATALBAN - Mikl\u00f3s TV","isPartOf":{"@id":"https:\/\/miklostv.com\/new\/#website"},"primaryImageOfPage":{"@id":"https:\/\/miklostv.com\/new\/2020\/08\/28\/igazgatasi-szunet-a-polgarmesteri-hivatalban\/#primaryimage"},"image":{"@id":"https:\/\/miklostv.com\/new\/2020\/08\/28\/igazgatasi-szunet-a-polgarmesteri-hivatalban\/#primaryimage"},"thumbnailUrl":"https:\/\/miklostv.com\/new\/wp-content\/uploads\/2020\/08\/igazgatasi_szunet.jpg","datePublished":"2020-08-28T13:17:22+00:00","dateModified":"2023-02-08T16:44:59+00:00","author":{"@id":"https:\/\/miklostv.com\/new\/#\/schema\/person\/6339cdd0bbd336ec6345812e3958be3b"},"breadcrumb":{"@id":"https:\/\/miklostv.com\/new\/2020\/08\/28\/igazgatasi-szunet-a-polgarmesteri-hivatalban\/#breadcrumb"},"inLanguage":"hu","potentialAction":[{"@type":"ReadAction","target":["https:\/\/miklostv.com\/new\/2020\/08\/28\/igazgatasi-szunet-a-polgarmesteri-hivatalban\/"]}]},{"@type":"ImageObject","inLanguage":"hu","@id":"https:\/\/miklostv.com\/new\/2020\/08\/28\/igazgatasi-szunet-a-polgarmesteri-hivatalban\/#primaryimage","url":"https:\/\/miklostv.com\/new\/wp-content\/uploads\/2020\/08\/igazgatasi_szunet.jpg","contentUrl":"https:\/\/miklostv.com\/new\/wp-content\/uploads\/2020\/08\/igazgatasi_szunet.jpg","width":1016,"height":726,"caption":"igazgat\u00e1si sz\u00fcnet"},{"@type":"BreadcrumbList","@id":"https:\/\/miklostv.com\/new\/2020\/08\/28\/igazgatasi-szunet-a-polgarmesteri-hivatalban\/#breadcrumb","itemListElement":[{"@type":"ListItem","position":1,"name":"Kezd\u0151lap","item":"https:\/\/miklostv.com\/new\/"},{"@type":"ListItem","position":2,"name":"IGAZGAT\u00c1SI SZ\u00dcNET A POLG\u00c1RMESTERI HIVATALBAN"}]},{"@type":"WebSite","@id":"https:\/\/miklostv.com\/new\/#website","url":"https:\/\/miklostv.com\/new\/","name":"Mikl\u00f3s TV","description":"Mikl\u00f3s TV","potentialAction":[{"@type":"SearchAction","target":{"@type":"EntryPoint","urlTemplate":"https:\/\/miklostv.com\/new\/?s={search_term_string}"},"query-input":{"@type":"PropertyValueSpecification","valueRequired":true,"valueName":"search_term_string"}}],"inLanguage":"hu"},{"@type":"Person","@id":"https:\/\/miklostv.com\/new\/#\/schema\/person\/6339cdd0bbd336ec6345812e3958be3b","name":"S\u00e1ndor","sameAs":["https:\/\/miklostv.com\/new"],"url":"https:\/\/miklostv.com\/new\/author\/sanyi\/"}]}},"_links":{"self":[{"href":"https:\/\/miklostv.com\/new\/wp-json\/wp\/v2\/posts\/4377","targetHints":{"allow":["GET"]}}],"collection":[{"href":"https:\/\/miklostv.com\/new\/wp-json\/wp\/v2\/posts"}],"about":[{"href":"https:\/\/miklostv.com\/new\/wp-json\/wp\/v2\/types\/post"}],"author":[{"embeddable":true,"href":"https:\/\/miklostv.com\/new\/wp-json\/wp\/v2\/users\/1"}],"replies":[{"embeddable":true,"href":"https:\/\/miklostv.com\/new\/wp-json\/wp\/v2\/comments?post=4377"}],"version-history":[{"count":1,"href":"https:\/\/miklostv.com\/new\/wp-json\/wp\/v2\/posts\/4377\/revisions"}],"predecessor-version":[{"id":7720,"href":"https:\/\/miklostv.com\/new\/wp-json\/wp\/v2\/posts\/4377\/revisions\/7720"}],"wp:featuredmedia":[{"embeddable":true,"href":"https:\/\/miklostv.com\/new\/wp-json\/wp\/v2\/media\/4376"}],"wp:attachment":[{"href":"https:\/\/miklostv.com\/new\/wp-json\/wp\/v2\/media?parent=4377"}],"wp:term":[{"taxonomy":"category","embeddable":true,"href":"https:\/\/miklostv.com\/new\/wp-json\/wp\/v2\/categories?post=4377"},{"taxonomy":"post_tag","embeddable":true,"href":"https:\/\/miklostv.com\/new\/wp-json\/wp\/v2\/tags?post=4377"}],"curies":[{"name":"wp","href":"https:\/\/api.w.org\/{rel}","templated":true}]}}