{"id":4375,"date":"2020-08-25T17:49:07","date_gmt":"2020-08-25T17:49:07","guid":{"rendered":"https:\/\/miklostv.com\/new\/2020\/08\/25\/legyoztek-mezoturt-a-nyitanyon\/"},"modified":"2023-02-08T16:44:36","modified_gmt":"2023-02-08T16:44:36","slug":"legyoztek-mezoturt-a-nyitanyon","status":"publish","type":"post","link":"https:\/\/miklostv.com\/new\/2020\/08\/25\/legyoztek-mezoturt-a-nyitanyon\/","title":{"rendered":"LEGY\u0150ZT\u00c9K MEZ\u0150T\u00daRT A NYIT\u00c1NYON"},"content":{"rendered":"\n<p><strong><span style=\"font-size: 12pt;\">Rangad\u00f3val kezdte bajnoki szezonj\u00e1t a T\u00f6r\u00f6kszentmikl\u00f3si FC, az els\u0151 fordul\u00f3ban mindj\u00e1rt Mez\u0151t\u00far csapat\u00e1t fogadt\u00e1k a Pusk\u00e1s Ferenc \u00faton.<\/span><\/strong> &#8211; olvashat\u00f3 a <a href=\"http:\/\/torokszentmiklosifoci.hu\/new\/2020\/08\/25\/gyozelem-a-rajton\/\" target=\"_blank\" rel=\"noopener\">TFC weboldal\u00e1n<\/a>.<\/p>\n\n\n\n<p>Az els\u0151 helyzet a vend\u00e9gek el\u0151tt ad\u00f3dott a 10. percben, Szab\u00f3 Gerg\u0151 sz\u00f6gletre mentett. A 12. percben rezd\u00fclt el\u0151sz\u00f6r a h\u00e1l\u00f3, \u00c1goston l\u0151tt a mez\u0151t\u00fari kapuba, \u00e1m lesen kapta a labd\u00e1t \u00edgy nem volt \u00e9rv\u00e9nyes a g\u00f3l. A 18. percben a a 16-os cs\u00fccsk\u00e9r\u0151l \u00e9rkez\u0151 szabadr\u00fag\u00e1s ut\u00e1n \u00c1goston fejelhetett kapura, de elv\u00e9tette a c\u00e9lt. A 24. percben Kiss Csaba ind\u00edtotta Buru Zolt\u00e1nt, aki megker\u00fclte v\u00e9d\u0151j\u00e9t a b\u00fcntet\u0151ter\u00fcleten bel\u00fcl. A mez\u0151t\u00far j\u00e1t\u00e9kos a labda helyett a bab\u00e1t tal\u00e1lta el, a j\u00e1t\u00e9kvezet\u0151 11-est \u00edt\u00e9lt. A b\u00fcntet\u0151 pontra letett labda m\u00f6g\u00e9 Kardos Norbert \u00e1llt, a laposan jobbra tart\u00f3 l\u00f6v\u00e9s\u00e9be belekapott T\u00f6r\u00f6k, de h\u00e1r\u00edtani nem tudta. 1-0.<\/p>\n\n\n\n<figure class=\"wp-block-embed is-type-video is-provider-youtube wp-block-embed-youtube wp-embed-aspect-16-9 wp-has-aspect-ratio\"><div class=\"wp-block-embed__wrapper\">\n<iframe  id=\"_ytid_79324\"  width=\"800\" height=\"450\"  data-origwidth=\"800\" data-origheight=\"450\" src=\"https:\/\/www.youtube.com\/embed\/fMNOHemvlf8?enablejsapi=1&#038;autoplay=0&#038;cc_load_policy=0&#038;cc_lang_pref=hu&#038;iv_load_policy=1&#038;loop=0&#038;rel=1&#038;fs=1&#038;playsinline=1&#038;autohide=2&#038;theme=dark&#038;color=red&#038;controls=1&#038;disablekb=0&#038;\" class=\"__youtube_prefs__  epyt-is-override  no-lazyload\" title=\"YouTube player\"  allow=\"fullscreen; accelerometer; autoplay; clipboard-write; encrypted-media; gyroscope; picture-in-picture; web-share\" referrerpolicy=\"strict-origin-when-cross-origin\" allowfullscreen data-no-lazy=\"1\" data-skipgform_ajax_framebjll=\"\"><\/iframe>\n<\/div><\/figure>\n\n\n\n<p>A 36. percben kakaskod\u00e1s borzolta a ked\u00e9lyeket, Dob\u00f3 sportt\u00e1rs s\u00e1rgalapokkal nyugtatta a j\u00e1t\u00e9kosokat. A 38. percben Szab\u00f3 kapus ny\u00fajt\u00f3zkodott egy mez\u0151t\u00fari szabadr\u00fag\u00e1s ut\u00e1n. A 39. percben Burunak volt \u00edg\u00e9retes l\u00f6v\u00e9se, de a labda elker\u00fclte a kaput. A 41. percben egyenl\u00edthetett volna a vend\u00e9gcsapat, kiszor\u00edtott helyzetb\u0151l Pesti a kapuf\u00e1t tal\u00e1lta el. A 45. percben a Buru l\u00f6v\u00e9s\u00e9t \u00e1rtalmatlan\u00edtotta T\u00f6r\u00f6k.<\/p>\n\n\n\n<p>A f\u00e9lid\u0151ben 1-0.<\/p>\n\n\n\n<p>A 49. percben Kardos lapos l\u00f6v\u00e9se megpattant, T\u00f6r\u00f6k \u00f6kl\u00f6z\u00f6tt. Sz\u0171k 10 perccel k\u00e9s\u0151bb Nagy Csongor ugrasztotta Burut, de nem tudta ell\u0151ni a labd\u00e1t T\u00f6r\u00f6k alatt. A 63. percben sz\u00f6glet ut\u00e1n ism\u00e9t Buru ker\u00fclt helyzetbe a mikl\u00f3si j\u00e1t\u00e9kos l\u00f6v\u00e9se \u00fajra elakadt a vend\u00e9gcsapat kapus\u00e1ban. Alig 1 perccel k\u00e9s\u0151bb Kardos passzolt kiv\u00e1l\u00f3an \u00c1gostonhoz, ajt\u00f3-ablak, T\u00f6r\u00f6k h\u00e1r\u00edt. A 74. percben Erd\u0151si neym\u00e1roz\u00e1s\u00e1t v\u00e9lem\u00e9nyezte a k\u00f6z\u00f6ns\u00e9g, a j\u00e1t\u00e9kvezet\u0151 nem ette meg. 5 perccel a rendes j\u00e1t\u00e9kid\u0151 v\u00e9ge el\u0151tt Farkas kapott j\u00f3 labd\u00e1t, de Szab\u00f3 kapus felszedte a mez\u0151t\u00fari el\u0151l. Helyzet a m\u00e1sik oldalon is, Kardos l\u00f6v\u00e9se alig ker\u00fclte el a vend\u00e9gkaput. A 90. percben Erd\u0151si dobta fel mag\u00e1t a 16-oson bel\u00fcl, a j\u00e1t\u00e9kvezet\u0151 nem tal\u00e1lt okot a beavatkoz\u00e1sra. A 3 percnyi hosszab\u00edt\u00e1sban egyik kapu sem forgott vesz\u00e9lyben, \u00edgy maradt az 1-0-\u00e1s hazai siker. T\u00f6r\u00f6kszentmikl\u00f3si FC &#8211; Mez\u0151t\u00fari AFC Kardos Norbert g\u00f3lj\u00e1val 1-0.\u00a0<\/p>\n\n\n\n<figure class=\"wp-block-embed is-type-video is-provider-youtube wp-block-embed-youtube wp-embed-aspect-16-9 wp-has-aspect-ratio\"><div class=\"wp-block-embed__wrapper\">\n<iframe  id=\"_ytid_39033\"  width=\"800\" height=\"450\"  data-origwidth=\"800\" data-origheight=\"450\" src=\"https:\/\/www.youtube.com\/embed\/p_LSs-XNLmU?enablejsapi=1&#038;autoplay=0&#038;cc_load_policy=0&#038;cc_lang_pref=hu&#038;iv_load_policy=1&#038;loop=0&#038;rel=1&#038;fs=1&#038;playsinline=1&#038;autohide=2&#038;theme=dark&#038;color=red&#038;controls=1&#038;disablekb=0&#038;\" class=\"__youtube_prefs__  epyt-is-override  no-lazyload\" title=\"YouTube player\"  allow=\"fullscreen; accelerometer; autoplay; clipboard-write; encrypted-media; gyroscope; picture-in-picture; web-share\" referrerpolicy=\"strict-origin-when-cross-origin\" allowfullscreen data-no-lazy=\"1\" data-skipgform_ajax_framebjll=\"\"><\/iframe>\n<\/div><\/figure>\n","protected":false},"excerpt":{"rendered":"<p>Rangad\u00f3val kezdte bajnoki szezonj\u00e1t a T\u00f6r\u00f6kszentmikl\u00f3si FC, az els\u0151 fordul\u00f3ban mindj\u00e1rt Mez\u0151t\u00far csapat\u00e1t fogadt\u00e1k a Pusk\u00e1s Ferenc \u00faton. &#8211; olvashat\u00f3 a TFC weboldal\u00e1n. Az els\u0151 helyzet a vend\u00e9gek el\u0151tt ad\u00f3dott a 10. percben, Szab\u00f3 Gerg\u0151 sz\u00f6gletre mentett. A 12. percben rezd\u00fclt el\u0151sz\u00f6r a h\u00e1l\u00f3, \u00c1goston l\u0151tt a mez\u0151t\u00fari kapuba, \u00e1m lesen kapta a labd\u00e1t \u00edgy nem volt \u00e9rv\u00e9nyes a g\u00f3l. A 18. percben a a 16-os cs\u00fccsk\u00e9r\u0151l \u00e9rkez\u0151 szabadr\u00fag\u00e1s ut\u00e1n \u00c1goston fejelhetett kapura, de elv\u00e9tette a c\u00e9lt. A 24. percben Kiss Csaba ind\u00edtotta Buru Zolt\u00e1nt, aki megker\u00fclte v\u00e9d\u0151j\u00e9t a b\u00fcntet\u0151ter\u00fcleten&hellip;<\/p>\n","protected":false},"author":1,"featured_media":4374,"comment_status":"open","ping_status":"open","sticky":false,"template":"","format":"standard","meta":{"fifu_image_url":"","fifu_image_alt":"","footnotes":""},"categories":[33],"tags":[],"class_list":["post-4375","post","type-post","status-publish","format-standard","has-post-thumbnail","hentry","category-sport-hirek"],"gutentor_comment":0,"yoast_head":"<!-- This site is optimized with the Yoast SEO plugin v27.5 - https:\/\/yoast.com\/product\/yoast-seo-wordpress\/ -->\n<title>LEGY\u0150ZT\u00c9K MEZ\u0150T\u00daRT A NYIT\u00c1NYON - Mikl\u00f3s TV<\/title>\n<meta name=\"robots\" content=\"index, follow, max-snippet:-1, max-image-preview:large, max-video-preview:-1\" \/>\n<link rel=\"canonical\" href=\"https:\/\/miklostv.com\/new\/2020\/08\/25\/legyoztek-mezoturt-a-nyitanyon\/\" \/>\n<meta property=\"og:locale\" content=\"hu_HU\" \/>\n<meta property=\"og:type\" content=\"article\" \/>\n<meta property=\"og:title\" content=\"LEGY\u0150ZT\u00c9K MEZ\u0150T\u00daRT A NYIT\u00c1NYON - Mikl\u00f3s TV\" \/>\n<meta property=\"og:description\" content=\"Rangad\u00f3val kezdte bajnoki szezonj\u00e1t a T\u00f6r\u00f6kszentmikl\u00f3si FC, az els\u0151 fordul\u00f3ban mindj\u00e1rt Mez\u0151t\u00far csapat\u00e1t fogadt\u00e1k a Pusk\u00e1s Ferenc \u00faton. &#8211; olvashat\u00f3 a TFC weboldal\u00e1n. Az els\u0151 helyzet a vend\u00e9gek el\u0151tt ad\u00f3dott a 10. percben, Szab\u00f3 Gerg\u0151 sz\u00f6gletre mentett. A 12. percben rezd\u00fclt el\u0151sz\u00f6r a h\u00e1l\u00f3, \u00c1goston l\u0151tt a mez\u0151t\u00fari kapuba, \u00e1m lesen kapta a labd\u00e1t \u00edgy nem volt \u00e9rv\u00e9nyes a g\u00f3l. A 18. percben a a 16-os cs\u00fccsk\u00e9r\u0151l \u00e9rkez\u0151 szabadr\u00fag\u00e1s ut\u00e1n \u00c1goston fejelhetett kapura, de elv\u00e9tette a c\u00e9lt. A 24. percben Kiss Csaba ind\u00edtotta Buru Zolt\u00e1nt, aki megker\u00fclte v\u00e9d\u0151j\u00e9t a b\u00fcntet\u0151ter\u00fcleten&hellip;\" \/>\n<meta property=\"og:url\" content=\"https:\/\/miklostv.com\/new\/2020\/08\/25\/legyoztek-mezoturt-a-nyitanyon\/\" \/>\n<meta property=\"og:site_name\" content=\"Mikl\u00f3s TV\" \/>\n<meta property=\"article:published_time\" content=\"2020-08-25T17:49:07+00:00\" \/>\n<meta property=\"article:modified_time\" content=\"2023-02-08T16:44:36+00:00\" \/>\n<meta property=\"og:image\" content=\"https:\/\/miklostv.com\/new\/wp-content\/uploads\/2020\/08\/tfc-mafc_cikkbe2.jpg\" \/>\n\t<meta property=\"og:image:width\" content=\"512\" \/>\n\t<meta property=\"og:image:height\" content=\"342\" \/>\n\t<meta property=\"og:image:type\" content=\"image\/jpeg\" \/>\n<meta name=\"author\" content=\"S\u00e1ndor\" \/>\n<meta name=\"twitter:card\" content=\"summary_large_image\" \/>\n<meta name=\"twitter:label1\" content=\"Szerz\u0151:\" \/>\n\t<meta name=\"twitter:data1\" content=\"S\u00e1ndor\" \/>\n\t<meta name=\"twitter:label2\" content=\"Becs\u00fclt olvas\u00e1si id\u0151\" \/>\n\t<meta name=\"twitter:data2\" content=\"2 perc\" \/>\n<script type=\"application\/ld+json\" class=\"yoast-schema-graph\">{\"@context\":\"https:\\\/\\\/schema.org\",\"@graph\":[{\"@type\":\"NewsArticle\",\"@id\":\"https:\\\/\\\/miklostv.com\\\/new\\\/2020\\\/08\\\/25\\\/legyoztek-mezoturt-a-nyitanyon\\\/#article\",\"isPartOf\":{\"@id\":\"https:\\\/\\\/miklostv.com\\\/new\\\/2020\\\/08\\\/25\\\/legyoztek-mezoturt-a-nyitanyon\\\/\"},\"author\":{\"name\":\"S\u00e1ndor\",\"@id\":\"https:\\\/\\\/miklostv.com\\\/new\\\/#\\\/schema\\\/person\\\/6339cdd0bbd336ec6345812e3958be3b\"},\"headline\":\"LEGY\u0150ZT\u00c9K MEZ\u0150T\u00daRT A NYIT\u00c1NYON\",\"datePublished\":\"2020-08-25T17:49:07+00:00\",\"dateModified\":\"2023-02-08T16:44:36+00:00\",\"mainEntityOfPage\":{\"@id\":\"https:\\\/\\\/miklostv.com\\\/new\\\/2020\\\/08\\\/25\\\/legyoztek-mezoturt-a-nyitanyon\\\/\"},\"wordCount\":496,\"commentCount\":0,\"image\":{\"@id\":\"https:\\\/\\\/miklostv.com\\\/new\\\/2020\\\/08\\\/25\\\/legyoztek-mezoturt-a-nyitanyon\\\/#primaryimage\"},\"thumbnailUrl\":\"https:\\\/\\\/miklostv.com\\\/new\\\/wp-content\\\/uploads\\\/2020\\\/08\\\/tfc-mafc_cikkbe2.jpg\",\"articleSection\":[\"Sporth\u00edrek\"],\"inLanguage\":\"hu\"},{\"@type\":\"WebPage\",\"@id\":\"https:\\\/\\\/miklostv.com\\\/new\\\/2020\\\/08\\\/25\\\/legyoztek-mezoturt-a-nyitanyon\\\/\",\"url\":\"https:\\\/\\\/miklostv.com\\\/new\\\/2020\\\/08\\\/25\\\/legyoztek-mezoturt-a-nyitanyon\\\/\",\"name\":\"LEGY\u0150ZT\u00c9K MEZ\u0150T\u00daRT A NYIT\u00c1NYON - Mikl\u00f3s TV\",\"isPartOf\":{\"@id\":\"https:\\\/\\\/miklostv.com\\\/new\\\/#website\"},\"primaryImageOfPage\":{\"@id\":\"https:\\\/\\\/miklostv.com\\\/new\\\/2020\\\/08\\\/25\\\/legyoztek-mezoturt-a-nyitanyon\\\/#primaryimage\"},\"image\":{\"@id\":\"https:\\\/\\\/miklostv.com\\\/new\\\/2020\\\/08\\\/25\\\/legyoztek-mezoturt-a-nyitanyon\\\/#primaryimage\"},\"thumbnailUrl\":\"https:\\\/\\\/miklostv.com\\\/new\\\/wp-content\\\/uploads\\\/2020\\\/08\\\/tfc-mafc_cikkbe2.jpg\",\"datePublished\":\"2020-08-25T17:49:07+00:00\",\"dateModified\":\"2023-02-08T16:44:36+00:00\",\"author\":{\"@id\":\"https:\\\/\\\/miklostv.com\\\/new\\\/#\\\/schema\\\/person\\\/6339cdd0bbd336ec6345812e3958be3b\"},\"breadcrumb\":{\"@id\":\"https:\\\/\\\/miklostv.com\\\/new\\\/2020\\\/08\\\/25\\\/legyoztek-mezoturt-a-nyitanyon\\\/#breadcrumb\"},\"inLanguage\":\"hu\",\"potentialAction\":[{\"@type\":\"ReadAction\",\"target\":[\"https:\\\/\\\/miklostv.com\\\/new\\\/2020\\\/08\\\/25\\\/legyoztek-mezoturt-a-nyitanyon\\\/\"]}]},{\"@type\":\"ImageObject\",\"inLanguage\":\"hu\",\"@id\":\"https:\\\/\\\/miklostv.com\\\/new\\\/2020\\\/08\\\/25\\\/legyoztek-mezoturt-a-nyitanyon\\\/#primaryimage\",\"url\":\"https:\\\/\\\/miklostv.com\\\/new\\\/wp-content\\\/uploads\\\/2020\\\/08\\\/tfc-mafc_cikkbe2.jpg\",\"contentUrl\":\"https:\\\/\\\/miklostv.com\\\/new\\\/wp-content\\\/uploads\\\/2020\\\/08\\\/tfc-mafc_cikkbe2.jpg\",\"width\":512,\"height\":342,\"caption\":\"tfc mafc cikkbe2\"},{\"@type\":\"BreadcrumbList\",\"@id\":\"https:\\\/\\\/miklostv.com\\\/new\\\/2020\\\/08\\\/25\\\/legyoztek-mezoturt-a-nyitanyon\\\/#breadcrumb\",\"itemListElement\":[{\"@type\":\"ListItem\",\"position\":1,\"name\":\"Kezd\u0151lap\",\"item\":\"https:\\\/\\\/miklostv.com\\\/new\\\/\"},{\"@type\":\"ListItem\",\"position\":2,\"name\":\"LEGY\u0150ZT\u00c9K MEZ\u0150T\u00daRT A NYIT\u00c1NYON\"}]},{\"@type\":\"WebSite\",\"@id\":\"https:\\\/\\\/miklostv.com\\\/new\\\/#website\",\"url\":\"https:\\\/\\\/miklostv.com\\\/new\\\/\",\"name\":\"Mikl\u00f3s TV\",\"description\":\"Mikl\u00f3s TV\",\"potentialAction\":[{\"@type\":\"SearchAction\",\"target\":{\"@type\":\"EntryPoint\",\"urlTemplate\":\"https:\\\/\\\/miklostv.com\\\/new\\\/?s={search_term_string}\"},\"query-input\":{\"@type\":\"PropertyValueSpecification\",\"valueRequired\":true,\"valueName\":\"search_term_string\"}}],\"inLanguage\":\"hu\"},{\"@type\":\"Person\",\"@id\":\"https:\\\/\\\/miklostv.com\\\/new\\\/#\\\/schema\\\/person\\\/6339cdd0bbd336ec6345812e3958be3b\",\"name\":\"S\u00e1ndor\",\"sameAs\":[\"https:\\\/\\\/miklostv.com\\\/new\"],\"url\":\"https:\\\/\\\/miklostv.com\\\/new\\\/author\\\/sanyi\\\/\"}]}<\/script>\n<!-- \/ Yoast SEO plugin. -->","yoast_head_json":{"title":"LEGY\u0150ZT\u00c9K MEZ\u0150T\u00daRT A NYIT\u00c1NYON - Mikl\u00f3s TV","robots":{"index":"index","follow":"follow","max-snippet":"max-snippet:-1","max-image-preview":"max-image-preview:large","max-video-preview":"max-video-preview:-1"},"canonical":"https:\/\/miklostv.com\/new\/2020\/08\/25\/legyoztek-mezoturt-a-nyitanyon\/","og_locale":"hu_HU","og_type":"article","og_title":"LEGY\u0150ZT\u00c9K MEZ\u0150T\u00daRT A NYIT\u00c1NYON - Mikl\u00f3s TV","og_description":"Rangad\u00f3val kezdte bajnoki szezonj\u00e1t a T\u00f6r\u00f6kszentmikl\u00f3si FC, az els\u0151 fordul\u00f3ban mindj\u00e1rt Mez\u0151t\u00far csapat\u00e1t fogadt\u00e1k a Pusk\u00e1s Ferenc \u00faton. &#8211; olvashat\u00f3 a TFC weboldal\u00e1n. Az els\u0151 helyzet a vend\u00e9gek el\u0151tt ad\u00f3dott a 10. percben, Szab\u00f3 Gerg\u0151 sz\u00f6gletre mentett. A 12. percben rezd\u00fclt el\u0151sz\u00f6r a h\u00e1l\u00f3, \u00c1goston l\u0151tt a mez\u0151t\u00fari kapuba, \u00e1m lesen kapta a labd\u00e1t \u00edgy nem volt \u00e9rv\u00e9nyes a g\u00f3l. A 18. percben a a 16-os cs\u00fccsk\u00e9r\u0151l \u00e9rkez\u0151 szabadr\u00fag\u00e1s ut\u00e1n \u00c1goston fejelhetett kapura, de elv\u00e9tette a c\u00e9lt. A 24. percben Kiss Csaba ind\u00edtotta Buru Zolt\u00e1nt, aki megker\u00fclte v\u00e9d\u0151j\u00e9t a b\u00fcntet\u0151ter\u00fcleten&hellip;","og_url":"https:\/\/miklostv.com\/new\/2020\/08\/25\/legyoztek-mezoturt-a-nyitanyon\/","og_site_name":"Mikl\u00f3s TV","article_published_time":"2020-08-25T17:49:07+00:00","article_modified_time":"2023-02-08T16:44:36+00:00","og_image":[{"width":512,"height":342,"url":"https:\/\/miklostv.com\/new\/wp-content\/uploads\/2020\/08\/tfc-mafc_cikkbe2.jpg","type":"image\/jpeg"}],"author":"S\u00e1ndor","twitter_card":"summary_large_image","twitter_misc":{"Szerz\u0151:":"S\u00e1ndor","Becs\u00fclt olvas\u00e1si id\u0151":"2 perc"},"schema":{"@context":"https:\/\/schema.org","@graph":[{"@type":"NewsArticle","@id":"https:\/\/miklostv.com\/new\/2020\/08\/25\/legyoztek-mezoturt-a-nyitanyon\/#article","isPartOf":{"@id":"https:\/\/miklostv.com\/new\/2020\/08\/25\/legyoztek-mezoturt-a-nyitanyon\/"},"author":{"name":"S\u00e1ndor","@id":"https:\/\/miklostv.com\/new\/#\/schema\/person\/6339cdd0bbd336ec6345812e3958be3b"},"headline":"LEGY\u0150ZT\u00c9K MEZ\u0150T\u00daRT A NYIT\u00c1NYON","datePublished":"2020-08-25T17:49:07+00:00","dateModified":"2023-02-08T16:44:36+00:00","mainEntityOfPage":{"@id":"https:\/\/miklostv.com\/new\/2020\/08\/25\/legyoztek-mezoturt-a-nyitanyon\/"},"wordCount":496,"commentCount":0,"image":{"@id":"https:\/\/miklostv.com\/new\/2020\/08\/25\/legyoztek-mezoturt-a-nyitanyon\/#primaryimage"},"thumbnailUrl":"https:\/\/miklostv.com\/new\/wp-content\/uploads\/2020\/08\/tfc-mafc_cikkbe2.jpg","articleSection":["Sporth\u00edrek"],"inLanguage":"hu"},{"@type":"WebPage","@id":"https:\/\/miklostv.com\/new\/2020\/08\/25\/legyoztek-mezoturt-a-nyitanyon\/","url":"https:\/\/miklostv.com\/new\/2020\/08\/25\/legyoztek-mezoturt-a-nyitanyon\/","name":"LEGY\u0150ZT\u00c9K MEZ\u0150T\u00daRT A NYIT\u00c1NYON - Mikl\u00f3s TV","isPartOf":{"@id":"https:\/\/miklostv.com\/new\/#website"},"primaryImageOfPage":{"@id":"https:\/\/miklostv.com\/new\/2020\/08\/25\/legyoztek-mezoturt-a-nyitanyon\/#primaryimage"},"image":{"@id":"https:\/\/miklostv.com\/new\/2020\/08\/25\/legyoztek-mezoturt-a-nyitanyon\/#primaryimage"},"thumbnailUrl":"https:\/\/miklostv.com\/new\/wp-content\/uploads\/2020\/08\/tfc-mafc_cikkbe2.jpg","datePublished":"2020-08-25T17:49:07+00:00","dateModified":"2023-02-08T16:44:36+00:00","author":{"@id":"https:\/\/miklostv.com\/new\/#\/schema\/person\/6339cdd0bbd336ec6345812e3958be3b"},"breadcrumb":{"@id":"https:\/\/miklostv.com\/new\/2020\/08\/25\/legyoztek-mezoturt-a-nyitanyon\/#breadcrumb"},"inLanguage":"hu","potentialAction":[{"@type":"ReadAction","target":["https:\/\/miklostv.com\/new\/2020\/08\/25\/legyoztek-mezoturt-a-nyitanyon\/"]}]},{"@type":"ImageObject","inLanguage":"hu","@id":"https:\/\/miklostv.com\/new\/2020\/08\/25\/legyoztek-mezoturt-a-nyitanyon\/#primaryimage","url":"https:\/\/miklostv.com\/new\/wp-content\/uploads\/2020\/08\/tfc-mafc_cikkbe2.jpg","contentUrl":"https:\/\/miklostv.com\/new\/wp-content\/uploads\/2020\/08\/tfc-mafc_cikkbe2.jpg","width":512,"height":342,"caption":"tfc mafc cikkbe2"},{"@type":"BreadcrumbList","@id":"https:\/\/miklostv.com\/new\/2020\/08\/25\/legyoztek-mezoturt-a-nyitanyon\/#breadcrumb","itemListElement":[{"@type":"ListItem","position":1,"name":"Kezd\u0151lap","item":"https:\/\/miklostv.com\/new\/"},{"@type":"ListItem","position":2,"name":"LEGY\u0150ZT\u00c9K MEZ\u0150T\u00daRT A NYIT\u00c1NYON"}]},{"@type":"WebSite","@id":"https:\/\/miklostv.com\/new\/#website","url":"https:\/\/miklostv.com\/new\/","name":"Mikl\u00f3s TV","description":"Mikl\u00f3s TV","potentialAction":[{"@type":"SearchAction","target":{"@type":"EntryPoint","urlTemplate":"https:\/\/miklostv.com\/new\/?s={search_term_string}"},"query-input":{"@type":"PropertyValueSpecification","valueRequired":true,"valueName":"search_term_string"}}],"inLanguage":"hu"},{"@type":"Person","@id":"https:\/\/miklostv.com\/new\/#\/schema\/person\/6339cdd0bbd336ec6345812e3958be3b","name":"S\u00e1ndor","sameAs":["https:\/\/miklostv.com\/new"],"url":"https:\/\/miklostv.com\/new\/author\/sanyi\/"}]}},"_links":{"self":[{"href":"https:\/\/miklostv.com\/new\/wp-json\/wp\/v2\/posts\/4375","targetHints":{"allow":["GET"]}}],"collection":[{"href":"https:\/\/miklostv.com\/new\/wp-json\/wp\/v2\/posts"}],"about":[{"href":"https:\/\/miklostv.com\/new\/wp-json\/wp\/v2\/types\/post"}],"author":[{"embeddable":true,"href":"https:\/\/miklostv.com\/new\/wp-json\/wp\/v2\/users\/1"}],"replies":[{"embeddable":true,"href":"https:\/\/miklostv.com\/new\/wp-json\/wp\/v2\/comments?post=4375"}],"version-history":[{"count":1,"href":"https:\/\/miklostv.com\/new\/wp-json\/wp\/v2\/posts\/4375\/revisions"}],"predecessor-version":[{"id":7719,"href":"https:\/\/miklostv.com\/new\/wp-json\/wp\/v2\/posts\/4375\/revisions\/7719"}],"wp:featuredmedia":[{"embeddable":true,"href":"https:\/\/miklostv.com\/new\/wp-json\/wp\/v2\/media\/4374"}],"wp:attachment":[{"href":"https:\/\/miklostv.com\/new\/wp-json\/wp\/v2\/media?parent=4375"}],"wp:term":[{"taxonomy":"category","embeddable":true,"href":"https:\/\/miklostv.com\/new\/wp-json\/wp\/v2\/categories?post=4375"},{"taxonomy":"post_tag","embeddable":true,"href":"https:\/\/miklostv.com\/new\/wp-json\/wp\/v2\/tags?post=4375"}],"curies":[{"name":"wp","href":"https:\/\/api.w.org\/{rel}","templated":true}]}}