{"id":4329,"date":"2020-07-10T13:16:23","date_gmt":"2020-07-10T13:16:23","guid":{"rendered":"https:\/\/miklostv.com\/new\/2020\/07\/10\/nyar-vidamsag-es-sok-sok-hasznos-ismeret-a-kastelytaborban\/"},"modified":"2023-02-08T16:28:48","modified_gmt":"2023-02-08T16:28:48","slug":"nyar-vidamsag-es-sok-sok-hasznos-ismeret-a-kastelytaborban","status":"publish","type":"post","link":"https:\/\/miklostv.com\/new\/2020\/07\/10\/nyar-vidamsag-es-sok-sok-hasznos-ismeret-a-kastelytaborban\/","title":{"rendered":"NY\u00c1R, VID\u00c1MS\u00c1G \u00c9S SOK-SOK HASZNOS ISMERET A KAST\u00c9LYT\u00c1BORBAN"},"content":{"rendered":"<p><span style=\"font-size: 12pt;\"><strong>A t\u00f6r\u00f6kszentmikl\u00f3si rend\u0151r\u00f6k a Mobil B\u0171nmegel\u0151z\u00e9si Centrum kisbusz\u00e1val l\u00e1togatt\u00e1k meg a k\u00e9tp\u00f3i kast\u00e9lyban t\u00e1boroz\u00f3 di\u00e1kokat.<\/strong><\/span><\/p><strong>\n<\/strong><p><strong><\/strong><\/p>\n<div>\n<p>A t\u00f6r\u00f6kszentmikl\u00f3si rend\u0151r\u00f6k a Mobil B\u0171nmegel\u0151z\u00e9si Centrum kisbusz\u00e1val l\u00e1togatt\u00e1k meg a k\u00e9tp\u00f3i kast\u00e9lyban t\u00e1boroz\u00f3 di\u00e1kokat.<\/p>\n<p>T\u00f6r\u00f6kszentmikl\u00f3si Rend\u0151rkapit\u00e1nys\u00e1g munkat\u00e1rsai 2020. j\u00falius 9-\u00e9n K\u00e9tp\u00f3n, az Alm\u00e1sy kast\u00e9lyban megszervezett gyermekt\u00e1borb\u00f3l kaptak felk\u00e9r\u00e9st b\u0171n- \u00e9s balesetmegel\u0151z\u00e9si program megtart\u00e1s\u00e1ra. A t\u00e1borlak\u00f3k nagyon v\u00e1rt\u00e1k a rend\u0151r\u00f6ket \u00e9s sok k\u00e9rd\u00e9st tettek fel r\u00e9sz\u00fckre, valamint saj\u00e1t \u00e9lm\u00e9nyeiket is megosztott\u00e1k az el\u0151ad\u00f3kkal.<\/p>\n<p>A foglalkoz\u00e1s interakt\u00edv helysz\u00edneire csoportokban \u00e9rkeztek a gyermekek. Az egyik \u00e1llom\u00e1son a gyalogos \u00e9s a ker\u00e9kp\u00e1ros k\u00f6zleked\u00e9s szab\u00e1lyaival ismerkedtek meg a t\u00e1borlak\u00f3k. A gyermekeknek ezt k\u00f6vet\u0151en n\u00e9h\u00e1ny k\u00f6zleked\u00e9s t\u00e1bl\u00e1t kellett kirakni a nagy kock\u00e1kb\u00f3l, majd a t\u00e1bl\u00e1khoz kapcsol\u00f3d\u00f3 k\u00f6zleked\u00e9si szab\u00e1lyokat besz\u00e9lt\u00e9k meg a prevenci\u00f3s csapattal.<\/p>\n<p>Nagy sikere volt a vak\u00e1ci\u00f3z\u00f3 nebul\u00f3k k\u00f6r\u00e9ben a r\u00e9szeg szem\u00fcvegnek, amit j\u00e1t\u00e9kos \u00fcgyess\u00e9gi feladatokkal mutattak be, r\u00e1ir\u00e1ny\u00edtva a figyelmet a \u201ez\u00e9r\u00f3 tolerancia\u201d elv\u00e9re.<\/p>\n<p>A t\u00e1boroz\u00f3k inform\u00e1ci\u00f3t kaptak arr\u00f3l is, hogy mit kell tenni\u00fck, ha baleset vagy b\u0171ncselekm\u00e9ny szemtan\u00fai, esetleg \u00e1ldozatai lesznek, tov\u00e1bb\u00e1 szitu\u00e1ci\u00f3s j\u00e1t\u00e9k sor\u00e1n a 112 seg\u00e9lyh\u00edv\u00f3sz\u00e1m helyes haszn\u00e1lat\u00e1t is gyakorolt\u00e1k.<\/p>\n<p>A sz\u00fcnid\u0151s csapat d\u00e9lut\u00e1n sem maradt feladat n\u00e9lk\u00fcl, hiszen a J\u00e1sz-Nagykun-Szolnok Megyei Rend\u0151r-f\u0151kapit\u00e1nys\u00e1g B\u0171nmegel\u0151z\u00e9si Oszt\u00e1ly \u00e1ltal k\u00e9sz\u00edtett,&nbsp;<a href=\"http:\/\/www.police.hu\/hu\/hirek-es-informaciok\/bunmegelozes\/aktualis\/ne-ess-rabul-inkabb-keress-alul\">\u201eNe ess rabul, ink\u00e1bb keress alul: Bogozd Ki!\u201d<\/a>&nbsp;elnevez\u00e9s\u0171 drogprevenci\u00f3s sz\u00f3keres\u0151t fejtett\u00e9k meg a gyerekek. A b\u0171n- \u00e9s balesetmegel\u0151z\u00e9si foglalkoz\u00e1son 50 f\u0151 kisdi\u00e1k vett r\u00e9szt \u00e9s tartalmas, hasznos prevenci\u00f3s napot t\u00f6lt\u00f6ttek a t\u00f6r\u00f6kszentmikl\u00f3si rend\u0151r\u00f6kkel.<\/p>\n<p><\/p>\n<\/div>\n\n\n<figure class=\"wp-block-image\"><img decoding=\"async\" src=\"https:\/\/miklostv.com\/new\/wp-content\/uploads\/2020\/07\/Almasy_kastely_tabor_20_0709.jpg\" alt=\"\"\/><\/figure>\n","protected":false},"excerpt":{"rendered":"<p>A t\u00f6r\u00f6kszentmikl\u00f3si rend\u0151r\u00f6k a Mobil B\u0171nmegel\u0151z\u00e9si Centrum kisbusz\u00e1val l\u00e1togatt\u00e1k meg a k\u00e9tp\u00f3i kast\u00e9lyban t\u00e1boroz\u00f3 di\u00e1kokat. A t\u00f6r\u00f6kszentmikl\u00f3si rend\u0151r\u00f6k a Mobil B\u0171nmegel\u0151z\u00e9si Centrum kisbusz\u00e1val l\u00e1togatt\u00e1k meg a k\u00e9tp\u00f3i kast\u00e9lyban t\u00e1boroz\u00f3 di\u00e1kokat. T\u00f6r\u00f6kszentmikl\u00f3si Rend\u0151rkapit\u00e1nys\u00e1g munkat\u00e1rsai 2020. j\u00falius 9-\u00e9n K\u00e9tp\u00f3n, az Alm\u00e1sy kast\u00e9lyban megszervezett gyermekt\u00e1borb\u00f3l kaptak felk\u00e9r\u00e9st b\u0171n- \u00e9s balesetmegel\u0151z\u00e9si program megtart\u00e1s\u00e1ra. A t\u00e1borlak\u00f3k nagyon v\u00e1rt\u00e1k a rend\u0151r\u00f6ket \u00e9s sok k\u00e9rd\u00e9st tettek fel r\u00e9sz\u00fckre, valamint saj\u00e1t \u00e9lm\u00e9nyeiket is megosztott\u00e1k az el\u0151ad\u00f3kkal. A foglalkoz\u00e1s interakt\u00edv helysz\u00edneire csoportokban \u00e9rkeztek a gyermekek. Az egyik \u00e1llom\u00e1son a gyalogos \u00e9s a ker\u00e9kp\u00e1ros k\u00f6zleked\u00e9s szab\u00e1lyaival ismerkedtek meg a t\u00e1borlak\u00f3k.&hellip;<\/p>\n","protected":false},"author":1,"featured_media":4328,"comment_status":"open","ping_status":"open","sticky":false,"template":"","format":"standard","meta":{"fifu_image_url":"","fifu_image_alt":"","footnotes":""},"categories":[41],"tags":[],"class_list":["post-4329","post","type-post","status-publish","format-standard","has-post-thumbnail","hentry","category-rendorsegi-hirek"],"gutentor_comment":0,"yoast_head":"<!-- This site is optimized with the Yoast SEO plugin v27.5 - https:\/\/yoast.com\/product\/yoast-seo-wordpress\/ -->\n<title>NY\u00c1R, VID\u00c1MS\u00c1G \u00c9S SOK-SOK HASZNOS ISMERET A KAST\u00c9LYT\u00c1BORBAN - Mikl\u00f3s TV<\/title>\n<meta name=\"robots\" content=\"index, follow, max-snippet:-1, max-image-preview:large, max-video-preview:-1\" \/>\n<link rel=\"canonical\" href=\"https:\/\/miklostv.com\/new\/2020\/07\/10\/nyar-vidamsag-es-sok-sok-hasznos-ismeret-a-kastelytaborban\/\" \/>\n<meta property=\"og:locale\" content=\"hu_HU\" \/>\n<meta property=\"og:type\" content=\"article\" \/>\n<meta property=\"og:title\" content=\"NY\u00c1R, VID\u00c1MS\u00c1G \u00c9S SOK-SOK HASZNOS ISMERET A KAST\u00c9LYT\u00c1BORBAN - Mikl\u00f3s TV\" \/>\n<meta property=\"og:description\" content=\"A t\u00f6r\u00f6kszentmikl\u00f3si rend\u0151r\u00f6k a Mobil B\u0171nmegel\u0151z\u00e9si Centrum kisbusz\u00e1val l\u00e1togatt\u00e1k meg a k\u00e9tp\u00f3i kast\u00e9lyban t\u00e1boroz\u00f3 di\u00e1kokat. A t\u00f6r\u00f6kszentmikl\u00f3si rend\u0151r\u00f6k a Mobil B\u0171nmegel\u0151z\u00e9si Centrum kisbusz\u00e1val l\u00e1togatt\u00e1k meg a k\u00e9tp\u00f3i kast\u00e9lyban t\u00e1boroz\u00f3 di\u00e1kokat. T\u00f6r\u00f6kszentmikl\u00f3si Rend\u0151rkapit\u00e1nys\u00e1g munkat\u00e1rsai 2020. j\u00falius 9-\u00e9n K\u00e9tp\u00f3n, az Alm\u00e1sy kast\u00e9lyban megszervezett gyermekt\u00e1borb\u00f3l kaptak felk\u00e9r\u00e9st b\u0171n- \u00e9s balesetmegel\u0151z\u00e9si program megtart\u00e1s\u00e1ra. A t\u00e1borlak\u00f3k nagyon v\u00e1rt\u00e1k a rend\u0151r\u00f6ket \u00e9s sok k\u00e9rd\u00e9st tettek fel r\u00e9sz\u00fckre, valamint saj\u00e1t \u00e9lm\u00e9nyeiket is megosztott\u00e1k az el\u0151ad\u00f3kkal. A foglalkoz\u00e1s interakt\u00edv helysz\u00edneire csoportokban \u00e9rkeztek a gyermekek. Az egyik \u00e1llom\u00e1son a gyalogos \u00e9s a ker\u00e9kp\u00e1ros k\u00f6zleked\u00e9s szab\u00e1lyaival ismerkedtek meg a t\u00e1borlak\u00f3k.&hellip;\" \/>\n<meta property=\"og:url\" content=\"https:\/\/miklostv.com\/new\/2020\/07\/10\/nyar-vidamsag-es-sok-sok-hasznos-ismeret-a-kastelytaborban\/\" \/>\n<meta property=\"og:site_name\" content=\"Mikl\u00f3s TV\" \/>\n<meta property=\"article:published_time\" content=\"2020-07-10T13:16:23+00:00\" \/>\n<meta property=\"article:modified_time\" content=\"2023-02-08T16:28:48+00:00\" \/>\n<meta property=\"og:image\" content=\"https:\/\/miklostv.com\/new\/wp-content\/uploads\/2020\/07\/Almasy_kastely_tabor_20_0709.jpg\" \/>\n\t<meta property=\"og:image:width\" content=\"376\" \/>\n\t<meta property=\"og:image:height\" content=\"250\" \/>\n\t<meta property=\"og:image:type\" content=\"image\/jpeg\" \/>\n<meta name=\"author\" content=\"S\u00e1ndor\" \/>\n<meta name=\"twitter:card\" content=\"summary_large_image\" \/>\n<meta name=\"twitter:label1\" content=\"Szerz\u0151:\" \/>\n\t<meta name=\"twitter:data1\" content=\"S\u00e1ndor\" \/>\n\t<meta name=\"twitter:label2\" content=\"Becs\u00fclt olvas\u00e1si id\u0151\" \/>\n\t<meta name=\"twitter:data2\" content=\"2 perc\" \/>\n<script type=\"application\/ld+json\" class=\"yoast-schema-graph\">{\"@context\":\"https:\\\/\\\/schema.org\",\"@graph\":[{\"@type\":\"NewsArticle\",\"@id\":\"https:\\\/\\\/miklostv.com\\\/new\\\/2020\\\/07\\\/10\\\/nyar-vidamsag-es-sok-sok-hasznos-ismeret-a-kastelytaborban\\\/#article\",\"isPartOf\":{\"@id\":\"https:\\\/\\\/miklostv.com\\\/new\\\/2020\\\/07\\\/10\\\/nyar-vidamsag-es-sok-sok-hasznos-ismeret-a-kastelytaborban\\\/\"},\"author\":{\"name\":\"S\u00e1ndor\",\"@id\":\"https:\\\/\\\/miklostv.com\\\/new\\\/#\\\/schema\\\/person\\\/6339cdd0bbd336ec6345812e3958be3b\"},\"headline\":\"NY\u00c1R, VID\u00c1MS\u00c1G \u00c9S SOK-SOK HASZNOS ISMERET A KAST\u00c9LYT\u00c1BORBAN\",\"datePublished\":\"2020-07-10T13:16:23+00:00\",\"dateModified\":\"2023-02-08T16:28:48+00:00\",\"mainEntityOfPage\":{\"@id\":\"https:\\\/\\\/miklostv.com\\\/new\\\/2020\\\/07\\\/10\\\/nyar-vidamsag-es-sok-sok-hasznos-ismeret-a-kastelytaborban\\\/\"},\"wordCount\":401,\"commentCount\":0,\"image\":{\"@id\":\"https:\\\/\\\/miklostv.com\\\/new\\\/2020\\\/07\\\/10\\\/nyar-vidamsag-es-sok-sok-hasznos-ismeret-a-kastelytaborban\\\/#primaryimage\"},\"thumbnailUrl\":\"https:\\\/\\\/miklostv.com\\\/new\\\/wp-content\\\/uploads\\\/2020\\\/07\\\/Almasy_kastely_tabor_20_0709.jpg\",\"articleSection\":[\"Rend\u0151rs\u00e9gi h\u00edrek\"],\"inLanguage\":\"hu\"},{\"@type\":\"WebPage\",\"@id\":\"https:\\\/\\\/miklostv.com\\\/new\\\/2020\\\/07\\\/10\\\/nyar-vidamsag-es-sok-sok-hasznos-ismeret-a-kastelytaborban\\\/\",\"url\":\"https:\\\/\\\/miklostv.com\\\/new\\\/2020\\\/07\\\/10\\\/nyar-vidamsag-es-sok-sok-hasznos-ismeret-a-kastelytaborban\\\/\",\"name\":\"NY\u00c1R, VID\u00c1MS\u00c1G \u00c9S SOK-SOK HASZNOS ISMERET A KAST\u00c9LYT\u00c1BORBAN - Mikl\u00f3s TV\",\"isPartOf\":{\"@id\":\"https:\\\/\\\/miklostv.com\\\/new\\\/#website\"},\"primaryImageOfPage\":{\"@id\":\"https:\\\/\\\/miklostv.com\\\/new\\\/2020\\\/07\\\/10\\\/nyar-vidamsag-es-sok-sok-hasznos-ismeret-a-kastelytaborban\\\/#primaryimage\"},\"image\":{\"@id\":\"https:\\\/\\\/miklostv.com\\\/new\\\/2020\\\/07\\\/10\\\/nyar-vidamsag-es-sok-sok-hasznos-ismeret-a-kastelytaborban\\\/#primaryimage\"},\"thumbnailUrl\":\"https:\\\/\\\/miklostv.com\\\/new\\\/wp-content\\\/uploads\\\/2020\\\/07\\\/Almasy_kastely_tabor_20_0709.jpg\",\"datePublished\":\"2020-07-10T13:16:23+00:00\",\"dateModified\":\"2023-02-08T16:28:48+00:00\",\"author\":{\"@id\":\"https:\\\/\\\/miklostv.com\\\/new\\\/#\\\/schema\\\/person\\\/6339cdd0bbd336ec6345812e3958be3b\"},\"breadcrumb\":{\"@id\":\"https:\\\/\\\/miklostv.com\\\/new\\\/2020\\\/07\\\/10\\\/nyar-vidamsag-es-sok-sok-hasznos-ismeret-a-kastelytaborban\\\/#breadcrumb\"},\"inLanguage\":\"hu\",\"potentialAction\":[{\"@type\":\"ReadAction\",\"target\":[\"https:\\\/\\\/miklostv.com\\\/new\\\/2020\\\/07\\\/10\\\/nyar-vidamsag-es-sok-sok-hasznos-ismeret-a-kastelytaborban\\\/\"]}]},{\"@type\":\"ImageObject\",\"inLanguage\":\"hu\",\"@id\":\"https:\\\/\\\/miklostv.com\\\/new\\\/2020\\\/07\\\/10\\\/nyar-vidamsag-es-sok-sok-hasznos-ismeret-a-kastelytaborban\\\/#primaryimage\",\"url\":\"https:\\\/\\\/miklostv.com\\\/new\\\/wp-content\\\/uploads\\\/2020\\\/07\\\/Almasy_kastely_tabor_20_0709.jpg\",\"contentUrl\":\"https:\\\/\\\/miklostv.com\\\/new\\\/wp-content\\\/uploads\\\/2020\\\/07\\\/Almasy_kastely_tabor_20_0709.jpg\",\"width\":376,\"height\":250,\"caption\":\"Alm\u00e1sy kast\u00e9ly t\u00e1bor 20 0709.jpg\"},{\"@type\":\"BreadcrumbList\",\"@id\":\"https:\\\/\\\/miklostv.com\\\/new\\\/2020\\\/07\\\/10\\\/nyar-vidamsag-es-sok-sok-hasznos-ismeret-a-kastelytaborban\\\/#breadcrumb\",\"itemListElement\":[{\"@type\":\"ListItem\",\"position\":1,\"name\":\"Kezd\u0151lap\",\"item\":\"https:\\\/\\\/miklostv.com\\\/new\\\/\"},{\"@type\":\"ListItem\",\"position\":2,\"name\":\"NY\u00c1R, VID\u00c1MS\u00c1G \u00c9S SOK-SOK HASZNOS ISMERET A KAST\u00c9LYT\u00c1BORBAN\"}]},{\"@type\":\"WebSite\",\"@id\":\"https:\\\/\\\/miklostv.com\\\/new\\\/#website\",\"url\":\"https:\\\/\\\/miklostv.com\\\/new\\\/\",\"name\":\"Mikl\u00f3s TV\",\"description\":\"Mikl\u00f3s TV\",\"potentialAction\":[{\"@type\":\"SearchAction\",\"target\":{\"@type\":\"EntryPoint\",\"urlTemplate\":\"https:\\\/\\\/miklostv.com\\\/new\\\/?s={search_term_string}\"},\"query-input\":{\"@type\":\"PropertyValueSpecification\",\"valueRequired\":true,\"valueName\":\"search_term_string\"}}],\"inLanguage\":\"hu\"},{\"@type\":\"Person\",\"@id\":\"https:\\\/\\\/miklostv.com\\\/new\\\/#\\\/schema\\\/person\\\/6339cdd0bbd336ec6345812e3958be3b\",\"name\":\"S\u00e1ndor\",\"sameAs\":[\"https:\\\/\\\/miklostv.com\\\/new\"],\"url\":\"https:\\\/\\\/miklostv.com\\\/new\\\/author\\\/sanyi\\\/\"}]}<\/script>\n<!-- \/ Yoast SEO plugin. -->","yoast_head_json":{"title":"NY\u00c1R, VID\u00c1MS\u00c1G \u00c9S SOK-SOK HASZNOS ISMERET A KAST\u00c9LYT\u00c1BORBAN - Mikl\u00f3s TV","robots":{"index":"index","follow":"follow","max-snippet":"max-snippet:-1","max-image-preview":"max-image-preview:large","max-video-preview":"max-video-preview:-1"},"canonical":"https:\/\/miklostv.com\/new\/2020\/07\/10\/nyar-vidamsag-es-sok-sok-hasznos-ismeret-a-kastelytaborban\/","og_locale":"hu_HU","og_type":"article","og_title":"NY\u00c1R, VID\u00c1MS\u00c1G \u00c9S SOK-SOK HASZNOS ISMERET A KAST\u00c9LYT\u00c1BORBAN - Mikl\u00f3s TV","og_description":"A t\u00f6r\u00f6kszentmikl\u00f3si rend\u0151r\u00f6k a Mobil B\u0171nmegel\u0151z\u00e9si Centrum kisbusz\u00e1val l\u00e1togatt\u00e1k meg a k\u00e9tp\u00f3i kast\u00e9lyban t\u00e1boroz\u00f3 di\u00e1kokat. A t\u00f6r\u00f6kszentmikl\u00f3si rend\u0151r\u00f6k a Mobil B\u0171nmegel\u0151z\u00e9si Centrum kisbusz\u00e1val l\u00e1togatt\u00e1k meg a k\u00e9tp\u00f3i kast\u00e9lyban t\u00e1boroz\u00f3 di\u00e1kokat. T\u00f6r\u00f6kszentmikl\u00f3si Rend\u0151rkapit\u00e1nys\u00e1g munkat\u00e1rsai 2020. j\u00falius 9-\u00e9n K\u00e9tp\u00f3n, az Alm\u00e1sy kast\u00e9lyban megszervezett gyermekt\u00e1borb\u00f3l kaptak felk\u00e9r\u00e9st b\u0171n- \u00e9s balesetmegel\u0151z\u00e9si program megtart\u00e1s\u00e1ra. A t\u00e1borlak\u00f3k nagyon v\u00e1rt\u00e1k a rend\u0151r\u00f6ket \u00e9s sok k\u00e9rd\u00e9st tettek fel r\u00e9sz\u00fckre, valamint saj\u00e1t \u00e9lm\u00e9nyeiket is megosztott\u00e1k az el\u0151ad\u00f3kkal. A foglalkoz\u00e1s interakt\u00edv helysz\u00edneire csoportokban \u00e9rkeztek a gyermekek. Az egyik \u00e1llom\u00e1son a gyalogos \u00e9s a ker\u00e9kp\u00e1ros k\u00f6zleked\u00e9s szab\u00e1lyaival ismerkedtek meg a t\u00e1borlak\u00f3k.&hellip;","og_url":"https:\/\/miklostv.com\/new\/2020\/07\/10\/nyar-vidamsag-es-sok-sok-hasznos-ismeret-a-kastelytaborban\/","og_site_name":"Mikl\u00f3s TV","article_published_time":"2020-07-10T13:16:23+00:00","article_modified_time":"2023-02-08T16:28:48+00:00","og_image":[{"width":376,"height":250,"url":"https:\/\/miklostv.com\/new\/wp-content\/uploads\/2020\/07\/Almasy_kastely_tabor_20_0709.jpg","type":"image\/jpeg"}],"author":"S\u00e1ndor","twitter_card":"summary_large_image","twitter_misc":{"Szerz\u0151:":"S\u00e1ndor","Becs\u00fclt olvas\u00e1si id\u0151":"2 perc"},"schema":{"@context":"https:\/\/schema.org","@graph":[{"@type":"NewsArticle","@id":"https:\/\/miklostv.com\/new\/2020\/07\/10\/nyar-vidamsag-es-sok-sok-hasznos-ismeret-a-kastelytaborban\/#article","isPartOf":{"@id":"https:\/\/miklostv.com\/new\/2020\/07\/10\/nyar-vidamsag-es-sok-sok-hasznos-ismeret-a-kastelytaborban\/"},"author":{"name":"S\u00e1ndor","@id":"https:\/\/miklostv.com\/new\/#\/schema\/person\/6339cdd0bbd336ec6345812e3958be3b"},"headline":"NY\u00c1R, VID\u00c1MS\u00c1G \u00c9S SOK-SOK HASZNOS ISMERET A KAST\u00c9LYT\u00c1BORBAN","datePublished":"2020-07-10T13:16:23+00:00","dateModified":"2023-02-08T16:28:48+00:00","mainEntityOfPage":{"@id":"https:\/\/miklostv.com\/new\/2020\/07\/10\/nyar-vidamsag-es-sok-sok-hasznos-ismeret-a-kastelytaborban\/"},"wordCount":401,"commentCount":0,"image":{"@id":"https:\/\/miklostv.com\/new\/2020\/07\/10\/nyar-vidamsag-es-sok-sok-hasznos-ismeret-a-kastelytaborban\/#primaryimage"},"thumbnailUrl":"https:\/\/miklostv.com\/new\/wp-content\/uploads\/2020\/07\/Almasy_kastely_tabor_20_0709.jpg","articleSection":["Rend\u0151rs\u00e9gi h\u00edrek"],"inLanguage":"hu"},{"@type":"WebPage","@id":"https:\/\/miklostv.com\/new\/2020\/07\/10\/nyar-vidamsag-es-sok-sok-hasznos-ismeret-a-kastelytaborban\/","url":"https:\/\/miklostv.com\/new\/2020\/07\/10\/nyar-vidamsag-es-sok-sok-hasznos-ismeret-a-kastelytaborban\/","name":"NY\u00c1R, VID\u00c1MS\u00c1G \u00c9S SOK-SOK HASZNOS ISMERET A KAST\u00c9LYT\u00c1BORBAN - Mikl\u00f3s TV","isPartOf":{"@id":"https:\/\/miklostv.com\/new\/#website"},"primaryImageOfPage":{"@id":"https:\/\/miklostv.com\/new\/2020\/07\/10\/nyar-vidamsag-es-sok-sok-hasznos-ismeret-a-kastelytaborban\/#primaryimage"},"image":{"@id":"https:\/\/miklostv.com\/new\/2020\/07\/10\/nyar-vidamsag-es-sok-sok-hasznos-ismeret-a-kastelytaborban\/#primaryimage"},"thumbnailUrl":"https:\/\/miklostv.com\/new\/wp-content\/uploads\/2020\/07\/Almasy_kastely_tabor_20_0709.jpg","datePublished":"2020-07-10T13:16:23+00:00","dateModified":"2023-02-08T16:28:48+00:00","author":{"@id":"https:\/\/miklostv.com\/new\/#\/schema\/person\/6339cdd0bbd336ec6345812e3958be3b"},"breadcrumb":{"@id":"https:\/\/miklostv.com\/new\/2020\/07\/10\/nyar-vidamsag-es-sok-sok-hasznos-ismeret-a-kastelytaborban\/#breadcrumb"},"inLanguage":"hu","potentialAction":[{"@type":"ReadAction","target":["https:\/\/miklostv.com\/new\/2020\/07\/10\/nyar-vidamsag-es-sok-sok-hasznos-ismeret-a-kastelytaborban\/"]}]},{"@type":"ImageObject","inLanguage":"hu","@id":"https:\/\/miklostv.com\/new\/2020\/07\/10\/nyar-vidamsag-es-sok-sok-hasznos-ismeret-a-kastelytaborban\/#primaryimage","url":"https:\/\/miklostv.com\/new\/wp-content\/uploads\/2020\/07\/Almasy_kastely_tabor_20_0709.jpg","contentUrl":"https:\/\/miklostv.com\/new\/wp-content\/uploads\/2020\/07\/Almasy_kastely_tabor_20_0709.jpg","width":376,"height":250,"caption":"Alm\u00e1sy kast\u00e9ly t\u00e1bor 20 0709.jpg"},{"@type":"BreadcrumbList","@id":"https:\/\/miklostv.com\/new\/2020\/07\/10\/nyar-vidamsag-es-sok-sok-hasznos-ismeret-a-kastelytaborban\/#breadcrumb","itemListElement":[{"@type":"ListItem","position":1,"name":"Kezd\u0151lap","item":"https:\/\/miklostv.com\/new\/"},{"@type":"ListItem","position":2,"name":"NY\u00c1R, VID\u00c1MS\u00c1G \u00c9S SOK-SOK HASZNOS ISMERET A KAST\u00c9LYT\u00c1BORBAN"}]},{"@type":"WebSite","@id":"https:\/\/miklostv.com\/new\/#website","url":"https:\/\/miklostv.com\/new\/","name":"Mikl\u00f3s TV","description":"Mikl\u00f3s TV","potentialAction":[{"@type":"SearchAction","target":{"@type":"EntryPoint","urlTemplate":"https:\/\/miklostv.com\/new\/?s={search_term_string}"},"query-input":{"@type":"PropertyValueSpecification","valueRequired":true,"valueName":"search_term_string"}}],"inLanguage":"hu"},{"@type":"Person","@id":"https:\/\/miklostv.com\/new\/#\/schema\/person\/6339cdd0bbd336ec6345812e3958be3b","name":"S\u00e1ndor","sameAs":["https:\/\/miklostv.com\/new"],"url":"https:\/\/miklostv.com\/new\/author\/sanyi\/"}]}},"_links":{"self":[{"href":"https:\/\/miklostv.com\/new\/wp-json\/wp\/v2\/posts\/4329","targetHints":{"allow":["GET"]}}],"collection":[{"href":"https:\/\/miklostv.com\/new\/wp-json\/wp\/v2\/posts"}],"about":[{"href":"https:\/\/miklostv.com\/new\/wp-json\/wp\/v2\/types\/post"}],"author":[{"embeddable":true,"href":"https:\/\/miklostv.com\/new\/wp-json\/wp\/v2\/users\/1"}],"replies":[{"embeddable":true,"href":"https:\/\/miklostv.com\/new\/wp-json\/wp\/v2\/comments?post=4329"}],"version-history":[{"count":1,"href":"https:\/\/miklostv.com\/new\/wp-json\/wp\/v2\/posts\/4329\/revisions"}],"predecessor-version":[{"id":7695,"href":"https:\/\/miklostv.com\/new\/wp-json\/wp\/v2\/posts\/4329\/revisions\/7695"}],"wp:featuredmedia":[{"embeddable":true,"href":"https:\/\/miklostv.com\/new\/wp-json\/wp\/v2\/media\/4328"}],"wp:attachment":[{"href":"https:\/\/miklostv.com\/new\/wp-json\/wp\/v2\/media?parent=4329"}],"wp:term":[{"taxonomy":"category","embeddable":true,"href":"https:\/\/miklostv.com\/new\/wp-json\/wp\/v2\/categories?post=4329"},{"taxonomy":"post_tag","embeddable":true,"href":"https:\/\/miklostv.com\/new\/wp-json\/wp\/v2\/tags?post=4329"}],"curies":[{"name":"wp","href":"https:\/\/api.w.org\/{rel}","templated":true}]}}