{"id":4323,"date":"2020-07-03T07:16:54","date_gmt":"2020-07-03T07:16:54","guid":{"rendered":"https:\/\/miklostv.com\/new\/2020\/07\/03\/bike-safe-kerekpar-regisztracio-a-torokszentmiklosi-rendorkapitanysagon\/"},"modified":"2020-07-03T07:16:54","modified_gmt":"2020-07-03T07:16:54","slug":"bike-safe-kerekpar-regisztracio-a-torokszentmiklosi-rendorkapitanysagon","status":"publish","type":"post","link":"https:\/\/miklostv.com\/new\/2020\/07\/03\/bike-safe-kerekpar-regisztracio-a-torokszentmiklosi-rendorkapitanysagon\/","title":{"rendered":"BIKE SAFE KER\u00c9KP\u00c1R REGISZTR\u00c1CI\u00d3 A T\u00d6R\u00d6KSZENTMIKL\u00d3SI REND\u0150RKAPIT\u00c1NYS\u00c1GON"},"content":{"rendered":"<div><span style=\"font-size: 12pt;\"><strong>A T\u00f6r\u00f6kszentmikl\u00f3si Rend\u0151rkapit\u00e1nys\u00e1g ker\u00e9kp\u00e1r-regisztr\u00e1ci\u00f3t szervez!<\/strong><\/span><\/div>\n<div>\n<p>&nbsp;<\/p><\/div>\n<div>A szakemberek a T\u00f6r\u00f6kszentmikl\u00f3si Rend\u0151rkapit\u00e1nys\u00e1gon T\u00f6r\u00f6kszentmikl\u00f3s, Kossuth \u00fat 143. sz\u00e1m alatt v\u00e1rj\u00e1k a programba jelentkez\u0151ket minden h\u00f3nap els\u0151 p\u00e9ntek\u00e9n.&nbsp;<\/div>\n<div>&nbsp;<\/div>\n<div>Els\u0151 alkalommal: 2020. j\u00falius 3-\u00e1n 10.00-11.00-\u00f3r\u00e1ig<\/div>\n<div>&nbsp;<\/div>\n<div>A BikeSafe c\u00e9lja a ker\u00e9kp\u00e1r-eltulajdon\u00edt\u00e1sok megel\u0151z\u00e9se, azok sz\u00e1m\u00e1nak visszaszor\u00edt\u00e1sa \u00e9s a felder\u00edtett esetek kapcs\u00e1n megtal\u00e1lt biciklik beazonos\u00edt\u00e1sa. A nyilv\u00e1ntart\u00e1sba v\u00e9tel alkalm\u00e1val ker\u00e9kp\u00e1r tulajdonosa egy adatlap kit\u00f6lt\u00e9s\u00e9vel nyilatkozik saj\u00e1t, valamint ker\u00e9kp\u00e1rja adatair\u00f3l.<\/div>\n<div>&nbsp;<\/div>\n<div>A kapit\u00e1nys\u00e1g b\u0171nmegel\u0151z\u00e9si el\u0151ad\u00f3ja v\u00e1rja azon ker\u00e9kp\u00e1r-tulajdonosokat, akik szeretn\u00e9k kihaszn\u00e1lni az ingyenes regisztr\u00e1ci\u00f3 el\u0151ny\u00e9t.&nbsp;<\/div>\n<div>Ehhez mindenki hozza mag\u00e1val a k\u00f6vetkez\u0151ket:<\/div>\n<div>&#8211; ker\u00e9kp\u00e1rj\u00e1t,<\/div>\n<div>&#8211; szem\u00e9lyazonos\u00edt\u00f3 igazolv\u00e1ny\u00e1t,<\/div>\n<div>&#8211; ker\u00e9kp\u00e1r tulajdonjog\u00e1t igazol\u00f3 iratot, amennyiben van (ker\u00e9kp\u00e1ros igazolv\u00e1ny, sz\u00e1mla, nyugta, blokk, garanciajegy, ad\u00e1sv\u00e9teli szerz\u0151d\u00e9s).<\/div>\n<div>&nbsp;<\/div>\n<div>Felh\u00edvjuk a figyelmet, hogy eg\u00e9szs\u00e9g\u00fcnk v\u00e9delme \u00e9rdek\u00e9ben a regisztr\u00e1ci\u00f3 alkalm\u00e1val, sorban \u00e1ll\u00e1skor az egym\u00e1st\u00f3l val\u00f3 1,5-2 m t\u00e1vols\u00e1got tartani sz\u00edveskedjenek, valamint k\u00e9rj\u00fck v\u00e9d\u0151maszk visel\u00e9s\u00e9t a v\u00e1rakoz\u00e1s \u00e9s a regisztr\u00e1ci\u00f3 teljes id\u0151tartama alatt!<\/div>\n<div>\n<\/div>\n","protected":false},"excerpt":{"rendered":"<p>A T\u00f6r\u00f6kszentmikl\u00f3si Rend\u0151rkapit\u00e1nys\u00e1g ker\u00e9kp\u00e1r-regisztr\u00e1ci\u00f3t szervez! &nbsp; A szakemberek a T\u00f6r\u00f6kszentmikl\u00f3si Rend\u0151rkapit\u00e1nys\u00e1gon T\u00f6r\u00f6kszentmikl\u00f3s, Kossuth \u00fat 143. sz\u00e1m alatt v\u00e1rj\u00e1k a programba jelentkez\u0151ket minden h\u00f3nap els\u0151 p\u00e9ntek\u00e9n.&nbsp; &nbsp; Els\u0151 alkalommal: 2020. j\u00falius 3-\u00e1n 10.00-11.00-\u00f3r\u00e1ig &nbsp; A BikeSafe c\u00e9lja a ker\u00e9kp\u00e1r-eltulajdon\u00edt\u00e1sok megel\u0151z\u00e9se, azok sz\u00e1m\u00e1nak visszaszor\u00edt\u00e1sa \u00e9s a felder\u00edtett esetek kapcs\u00e1n megtal\u00e1lt biciklik beazonos\u00edt\u00e1sa. A nyilv\u00e1ntart\u00e1sba v\u00e9tel alkalm\u00e1val ker\u00e9kp\u00e1r tulajdonosa egy adatlap kit\u00f6lt\u00e9s\u00e9vel nyilatkozik saj\u00e1t, valamint ker\u00e9kp\u00e1rja adatair\u00f3l. &nbsp; A kapit\u00e1nys\u00e1g b\u0171nmegel\u0151z\u00e9si el\u0151ad\u00f3ja v\u00e1rja azon ker\u00e9kp\u00e1r-tulajdonosokat, akik szeretn\u00e9k kihaszn\u00e1lni az ingyenes regisztr\u00e1ci\u00f3 el\u0151ny\u00e9t.&nbsp; Ehhez mindenki hozza mag\u00e1val a k\u00f6vetkez\u0151ket: &#8211; ker\u00e9kp\u00e1rj\u00e1t, &#8211; szem\u00e9lyazonos\u00edt\u00f3 igazolv\u00e1ny\u00e1t,&hellip;<\/p>\n","protected":false},"author":1,"featured_media":4322,"comment_status":"open","ping_status":"open","sticky":false,"template":"","format":"standard","meta":{"fifu_image_url":"","fifu_image_alt":"","footnotes":""},"categories":[32],"tags":[],"class_list":["post-4323","post","type-post","status-publish","format-standard","has-post-thumbnail","hentry","category-hirek2"],"gutentor_comment":0,"yoast_head":"<!-- This site is optimized with the Yoast SEO plugin v27.5 - https:\/\/yoast.com\/product\/yoast-seo-wordpress\/ -->\n<title>BIKE SAFE KER\u00c9KP\u00c1R REGISZTR\u00c1CI\u00d3 A T\u00d6R\u00d6KSZENTMIKL\u00d3SI REND\u0150RKAPIT\u00c1NYS\u00c1GON - Mikl\u00f3s TV<\/title>\n<meta name=\"robots\" content=\"index, follow, max-snippet:-1, max-image-preview:large, max-video-preview:-1\" \/>\n<link rel=\"canonical\" href=\"https:\/\/miklostv.com\/new\/2020\/07\/03\/bike-safe-kerekpar-regisztracio-a-torokszentmiklosi-rendorkapitanysagon\/\" \/>\n<meta property=\"og:locale\" content=\"hu_HU\" \/>\n<meta property=\"og:type\" content=\"article\" \/>\n<meta property=\"og:title\" content=\"BIKE SAFE KER\u00c9KP\u00c1R REGISZTR\u00c1CI\u00d3 A T\u00d6R\u00d6KSZENTMIKL\u00d3SI REND\u0150RKAPIT\u00c1NYS\u00c1GON - Mikl\u00f3s TV\" \/>\n<meta property=\"og:description\" content=\"A T\u00f6r\u00f6kszentmikl\u00f3si Rend\u0151rkapit\u00e1nys\u00e1g ker\u00e9kp\u00e1r-regisztr\u00e1ci\u00f3t szervez! &nbsp; A szakemberek a T\u00f6r\u00f6kszentmikl\u00f3si Rend\u0151rkapit\u00e1nys\u00e1gon T\u00f6r\u00f6kszentmikl\u00f3s, Kossuth \u00fat 143. sz\u00e1m alatt v\u00e1rj\u00e1k a programba jelentkez\u0151ket minden h\u00f3nap els\u0151 p\u00e9ntek\u00e9n.&nbsp; &nbsp; Els\u0151 alkalommal: 2020. j\u00falius 3-\u00e1n 10.00-11.00-\u00f3r\u00e1ig &nbsp; A BikeSafe c\u00e9lja a ker\u00e9kp\u00e1r-eltulajdon\u00edt\u00e1sok megel\u0151z\u00e9se, azok sz\u00e1m\u00e1nak visszaszor\u00edt\u00e1sa \u00e9s a felder\u00edtett esetek kapcs\u00e1n megtal\u00e1lt biciklik beazonos\u00edt\u00e1sa. A nyilv\u00e1ntart\u00e1sba v\u00e9tel alkalm\u00e1val ker\u00e9kp\u00e1r tulajdonosa egy adatlap kit\u00f6lt\u00e9s\u00e9vel nyilatkozik saj\u00e1t, valamint ker\u00e9kp\u00e1rja adatair\u00f3l. &nbsp; A kapit\u00e1nys\u00e1g b\u0171nmegel\u0151z\u00e9si el\u0151ad\u00f3ja v\u00e1rja azon ker\u00e9kp\u00e1r-tulajdonosokat, akik szeretn\u00e9k kihaszn\u00e1lni az ingyenes regisztr\u00e1ci\u00f3 el\u0151ny\u00e9t.&nbsp; Ehhez mindenki hozza mag\u00e1val a k\u00f6vetkez\u0151ket: &#8211; ker\u00e9kp\u00e1rj\u00e1t, &#8211; szem\u00e9lyazonos\u00edt\u00f3 igazolv\u00e1ny\u00e1t,&hellip;\" \/>\n<meta property=\"og:url\" content=\"https:\/\/miklostv.com\/new\/2020\/07\/03\/bike-safe-kerekpar-regisztracio-a-torokszentmiklosi-rendorkapitanysagon\/\" \/>\n<meta property=\"og:site_name\" content=\"Mikl\u00f3s TV\" \/>\n<meta property=\"article:published_time\" content=\"2020-07-03T07:16:54+00:00\" \/>\n<meta property=\"og:image\" content=\"https:\/\/miklostv.com\/new\/wp-content\/uploads\/2020\/07\/Bikesafe_kiemelt.jpg\" \/>\n\t<meta property=\"og:image:width\" content=\"310\" \/>\n\t<meta property=\"og:image:height\" content=\"175\" \/>\n\t<meta property=\"og:image:type\" content=\"image\/jpeg\" \/>\n<meta name=\"author\" content=\"S\u00e1ndor\" \/>\n<meta name=\"twitter:card\" content=\"summary_large_image\" \/>\n<meta name=\"twitter:label1\" content=\"Szerz\u0151:\" \/>\n\t<meta name=\"twitter:data1\" content=\"S\u00e1ndor\" \/>\n\t<meta name=\"twitter:label2\" content=\"Becs\u00fclt olvas\u00e1si id\u0151\" \/>\n\t<meta name=\"twitter:data2\" content=\"1 perc\" \/>\n<script type=\"application\/ld+json\" class=\"yoast-schema-graph\">{\"@context\":\"https:\\\/\\\/schema.org\",\"@graph\":[{\"@type\":\"NewsArticle\",\"@id\":\"https:\\\/\\\/miklostv.com\\\/new\\\/2020\\\/07\\\/03\\\/bike-safe-kerekpar-regisztracio-a-torokszentmiklosi-rendorkapitanysagon\\\/#article\",\"isPartOf\":{\"@id\":\"https:\\\/\\\/miklostv.com\\\/new\\\/2020\\\/07\\\/03\\\/bike-safe-kerekpar-regisztracio-a-torokszentmiklosi-rendorkapitanysagon\\\/\"},\"author\":{\"name\":\"S\u00e1ndor\",\"@id\":\"https:\\\/\\\/miklostv.com\\\/new\\\/#\\\/schema\\\/person\\\/6339cdd0bbd336ec6345812e3958be3b\"},\"headline\":\"BIKE SAFE KER\u00c9KP\u00c1R REGISZTR\u00c1CI\u00d3 A T\u00d6R\u00d6KSZENTMIKL\u00d3SI REND\u0150RKAPIT\u00c1NYS\u00c1GON\",\"datePublished\":\"2020-07-03T07:16:54+00:00\",\"mainEntityOfPage\":{\"@id\":\"https:\\\/\\\/miklostv.com\\\/new\\\/2020\\\/07\\\/03\\\/bike-safe-kerekpar-regisztracio-a-torokszentmiklosi-rendorkapitanysagon\\\/\"},\"wordCount\":274,\"commentCount\":0,\"image\":{\"@id\":\"https:\\\/\\\/miklostv.com\\\/new\\\/2020\\\/07\\\/03\\\/bike-safe-kerekpar-regisztracio-a-torokszentmiklosi-rendorkapitanysagon\\\/#primaryimage\"},\"thumbnailUrl\":\"https:\\\/\\\/miklostv.com\\\/new\\\/wp-content\\\/uploads\\\/2020\\\/07\\\/Bikesafe_kiemelt.jpg\",\"articleSection\":[\"A l\u00e9nyeg r\u00f6viden\"],\"inLanguage\":\"hu\"},{\"@type\":\"WebPage\",\"@id\":\"https:\\\/\\\/miklostv.com\\\/new\\\/2020\\\/07\\\/03\\\/bike-safe-kerekpar-regisztracio-a-torokszentmiklosi-rendorkapitanysagon\\\/\",\"url\":\"https:\\\/\\\/miklostv.com\\\/new\\\/2020\\\/07\\\/03\\\/bike-safe-kerekpar-regisztracio-a-torokszentmiklosi-rendorkapitanysagon\\\/\",\"name\":\"BIKE SAFE KER\u00c9KP\u00c1R REGISZTR\u00c1CI\u00d3 A T\u00d6R\u00d6KSZENTMIKL\u00d3SI REND\u0150RKAPIT\u00c1NYS\u00c1GON - Mikl\u00f3s TV\",\"isPartOf\":{\"@id\":\"https:\\\/\\\/miklostv.com\\\/new\\\/#website\"},\"primaryImageOfPage\":{\"@id\":\"https:\\\/\\\/miklostv.com\\\/new\\\/2020\\\/07\\\/03\\\/bike-safe-kerekpar-regisztracio-a-torokszentmiklosi-rendorkapitanysagon\\\/#primaryimage\"},\"image\":{\"@id\":\"https:\\\/\\\/miklostv.com\\\/new\\\/2020\\\/07\\\/03\\\/bike-safe-kerekpar-regisztracio-a-torokszentmiklosi-rendorkapitanysagon\\\/#primaryimage\"},\"thumbnailUrl\":\"https:\\\/\\\/miklostv.com\\\/new\\\/wp-content\\\/uploads\\\/2020\\\/07\\\/Bikesafe_kiemelt.jpg\",\"datePublished\":\"2020-07-03T07:16:54+00:00\",\"author\":{\"@id\":\"https:\\\/\\\/miklostv.com\\\/new\\\/#\\\/schema\\\/person\\\/6339cdd0bbd336ec6345812e3958be3b\"},\"breadcrumb\":{\"@id\":\"https:\\\/\\\/miklostv.com\\\/new\\\/2020\\\/07\\\/03\\\/bike-safe-kerekpar-regisztracio-a-torokszentmiklosi-rendorkapitanysagon\\\/#breadcrumb\"},\"inLanguage\":\"hu\",\"potentialAction\":[{\"@type\":\"ReadAction\",\"target\":[\"https:\\\/\\\/miklostv.com\\\/new\\\/2020\\\/07\\\/03\\\/bike-safe-kerekpar-regisztracio-a-torokszentmiklosi-rendorkapitanysagon\\\/\"]}]},{\"@type\":\"ImageObject\",\"inLanguage\":\"hu\",\"@id\":\"https:\\\/\\\/miklostv.com\\\/new\\\/2020\\\/07\\\/03\\\/bike-safe-kerekpar-regisztracio-a-torokszentmiklosi-rendorkapitanysagon\\\/#primaryimage\",\"url\":\"https:\\\/\\\/miklostv.com\\\/new\\\/wp-content\\\/uploads\\\/2020\\\/07\\\/Bikesafe_kiemelt.jpg\",\"contentUrl\":\"https:\\\/\\\/miklostv.com\\\/new\\\/wp-content\\\/uploads\\\/2020\\\/07\\\/Bikesafe_kiemelt.jpg\",\"width\":310,\"height\":175,\"caption\":\"Bikesafe kiemelt\"},{\"@type\":\"BreadcrumbList\",\"@id\":\"https:\\\/\\\/miklostv.com\\\/new\\\/2020\\\/07\\\/03\\\/bike-safe-kerekpar-regisztracio-a-torokszentmiklosi-rendorkapitanysagon\\\/#breadcrumb\",\"itemListElement\":[{\"@type\":\"ListItem\",\"position\":1,\"name\":\"Kezd\u0151lap\",\"item\":\"https:\\\/\\\/miklostv.com\\\/new\\\/\"},{\"@type\":\"ListItem\",\"position\":2,\"name\":\"BIKE SAFE KER\u00c9KP\u00c1R REGISZTR\u00c1CI\u00d3 A T\u00d6R\u00d6KSZENTMIKL\u00d3SI REND\u0150RKAPIT\u00c1NYS\u00c1GON\"}]},{\"@type\":\"WebSite\",\"@id\":\"https:\\\/\\\/miklostv.com\\\/new\\\/#website\",\"url\":\"https:\\\/\\\/miklostv.com\\\/new\\\/\",\"name\":\"Mikl\u00f3s TV\",\"description\":\"Mikl\u00f3s TV\",\"potentialAction\":[{\"@type\":\"SearchAction\",\"target\":{\"@type\":\"EntryPoint\",\"urlTemplate\":\"https:\\\/\\\/miklostv.com\\\/new\\\/?s={search_term_string}\"},\"query-input\":{\"@type\":\"PropertyValueSpecification\",\"valueRequired\":true,\"valueName\":\"search_term_string\"}}],\"inLanguage\":\"hu\"},{\"@type\":\"Person\",\"@id\":\"https:\\\/\\\/miklostv.com\\\/new\\\/#\\\/schema\\\/person\\\/6339cdd0bbd336ec6345812e3958be3b\",\"name\":\"S\u00e1ndor\",\"sameAs\":[\"https:\\\/\\\/miklostv.com\\\/new\"],\"url\":\"https:\\\/\\\/miklostv.com\\\/new\\\/author\\\/sanyi\\\/\"}]}<\/script>\n<!-- \/ Yoast SEO plugin. -->","yoast_head_json":{"title":"BIKE SAFE KER\u00c9KP\u00c1R REGISZTR\u00c1CI\u00d3 A T\u00d6R\u00d6KSZENTMIKL\u00d3SI REND\u0150RKAPIT\u00c1NYS\u00c1GON - Mikl\u00f3s TV","robots":{"index":"index","follow":"follow","max-snippet":"max-snippet:-1","max-image-preview":"max-image-preview:large","max-video-preview":"max-video-preview:-1"},"canonical":"https:\/\/miklostv.com\/new\/2020\/07\/03\/bike-safe-kerekpar-regisztracio-a-torokszentmiklosi-rendorkapitanysagon\/","og_locale":"hu_HU","og_type":"article","og_title":"BIKE SAFE KER\u00c9KP\u00c1R REGISZTR\u00c1CI\u00d3 A T\u00d6R\u00d6KSZENTMIKL\u00d3SI REND\u0150RKAPIT\u00c1NYS\u00c1GON - Mikl\u00f3s TV","og_description":"A T\u00f6r\u00f6kszentmikl\u00f3si Rend\u0151rkapit\u00e1nys\u00e1g ker\u00e9kp\u00e1r-regisztr\u00e1ci\u00f3t szervez! &nbsp; A szakemberek a T\u00f6r\u00f6kszentmikl\u00f3si Rend\u0151rkapit\u00e1nys\u00e1gon T\u00f6r\u00f6kszentmikl\u00f3s, Kossuth \u00fat 143. sz\u00e1m alatt v\u00e1rj\u00e1k a programba jelentkez\u0151ket minden h\u00f3nap els\u0151 p\u00e9ntek\u00e9n.&nbsp; &nbsp; Els\u0151 alkalommal: 2020. j\u00falius 3-\u00e1n 10.00-11.00-\u00f3r\u00e1ig &nbsp; A BikeSafe c\u00e9lja a ker\u00e9kp\u00e1r-eltulajdon\u00edt\u00e1sok megel\u0151z\u00e9se, azok sz\u00e1m\u00e1nak visszaszor\u00edt\u00e1sa \u00e9s a felder\u00edtett esetek kapcs\u00e1n megtal\u00e1lt biciklik beazonos\u00edt\u00e1sa. A nyilv\u00e1ntart\u00e1sba v\u00e9tel alkalm\u00e1val ker\u00e9kp\u00e1r tulajdonosa egy adatlap kit\u00f6lt\u00e9s\u00e9vel nyilatkozik saj\u00e1t, valamint ker\u00e9kp\u00e1rja adatair\u00f3l. &nbsp; A kapit\u00e1nys\u00e1g b\u0171nmegel\u0151z\u00e9si el\u0151ad\u00f3ja v\u00e1rja azon ker\u00e9kp\u00e1r-tulajdonosokat, akik szeretn\u00e9k kihaszn\u00e1lni az ingyenes regisztr\u00e1ci\u00f3 el\u0151ny\u00e9t.&nbsp; Ehhez mindenki hozza mag\u00e1val a k\u00f6vetkez\u0151ket: &#8211; ker\u00e9kp\u00e1rj\u00e1t, &#8211; szem\u00e9lyazonos\u00edt\u00f3 igazolv\u00e1ny\u00e1t,&hellip;","og_url":"https:\/\/miklostv.com\/new\/2020\/07\/03\/bike-safe-kerekpar-regisztracio-a-torokszentmiklosi-rendorkapitanysagon\/","og_site_name":"Mikl\u00f3s TV","article_published_time":"2020-07-03T07:16:54+00:00","og_image":[{"width":310,"height":175,"url":"https:\/\/miklostv.com\/new\/wp-content\/uploads\/2020\/07\/Bikesafe_kiemelt.jpg","type":"image\/jpeg"}],"author":"S\u00e1ndor","twitter_card":"summary_large_image","twitter_misc":{"Szerz\u0151:":"S\u00e1ndor","Becs\u00fclt olvas\u00e1si id\u0151":"1 perc"},"schema":{"@context":"https:\/\/schema.org","@graph":[{"@type":"NewsArticle","@id":"https:\/\/miklostv.com\/new\/2020\/07\/03\/bike-safe-kerekpar-regisztracio-a-torokszentmiklosi-rendorkapitanysagon\/#article","isPartOf":{"@id":"https:\/\/miklostv.com\/new\/2020\/07\/03\/bike-safe-kerekpar-regisztracio-a-torokszentmiklosi-rendorkapitanysagon\/"},"author":{"name":"S\u00e1ndor","@id":"https:\/\/miklostv.com\/new\/#\/schema\/person\/6339cdd0bbd336ec6345812e3958be3b"},"headline":"BIKE SAFE KER\u00c9KP\u00c1R REGISZTR\u00c1CI\u00d3 A T\u00d6R\u00d6KSZENTMIKL\u00d3SI REND\u0150RKAPIT\u00c1NYS\u00c1GON","datePublished":"2020-07-03T07:16:54+00:00","mainEntityOfPage":{"@id":"https:\/\/miklostv.com\/new\/2020\/07\/03\/bike-safe-kerekpar-regisztracio-a-torokszentmiklosi-rendorkapitanysagon\/"},"wordCount":274,"commentCount":0,"image":{"@id":"https:\/\/miklostv.com\/new\/2020\/07\/03\/bike-safe-kerekpar-regisztracio-a-torokszentmiklosi-rendorkapitanysagon\/#primaryimage"},"thumbnailUrl":"https:\/\/miklostv.com\/new\/wp-content\/uploads\/2020\/07\/Bikesafe_kiemelt.jpg","articleSection":["A l\u00e9nyeg r\u00f6viden"],"inLanguage":"hu"},{"@type":"WebPage","@id":"https:\/\/miklostv.com\/new\/2020\/07\/03\/bike-safe-kerekpar-regisztracio-a-torokszentmiklosi-rendorkapitanysagon\/","url":"https:\/\/miklostv.com\/new\/2020\/07\/03\/bike-safe-kerekpar-regisztracio-a-torokszentmiklosi-rendorkapitanysagon\/","name":"BIKE SAFE KER\u00c9KP\u00c1R REGISZTR\u00c1CI\u00d3 A T\u00d6R\u00d6KSZENTMIKL\u00d3SI REND\u0150RKAPIT\u00c1NYS\u00c1GON - Mikl\u00f3s TV","isPartOf":{"@id":"https:\/\/miklostv.com\/new\/#website"},"primaryImageOfPage":{"@id":"https:\/\/miklostv.com\/new\/2020\/07\/03\/bike-safe-kerekpar-regisztracio-a-torokszentmiklosi-rendorkapitanysagon\/#primaryimage"},"image":{"@id":"https:\/\/miklostv.com\/new\/2020\/07\/03\/bike-safe-kerekpar-regisztracio-a-torokszentmiklosi-rendorkapitanysagon\/#primaryimage"},"thumbnailUrl":"https:\/\/miklostv.com\/new\/wp-content\/uploads\/2020\/07\/Bikesafe_kiemelt.jpg","datePublished":"2020-07-03T07:16:54+00:00","author":{"@id":"https:\/\/miklostv.com\/new\/#\/schema\/person\/6339cdd0bbd336ec6345812e3958be3b"},"breadcrumb":{"@id":"https:\/\/miklostv.com\/new\/2020\/07\/03\/bike-safe-kerekpar-regisztracio-a-torokszentmiklosi-rendorkapitanysagon\/#breadcrumb"},"inLanguage":"hu","potentialAction":[{"@type":"ReadAction","target":["https:\/\/miklostv.com\/new\/2020\/07\/03\/bike-safe-kerekpar-regisztracio-a-torokszentmiklosi-rendorkapitanysagon\/"]}]},{"@type":"ImageObject","inLanguage":"hu","@id":"https:\/\/miklostv.com\/new\/2020\/07\/03\/bike-safe-kerekpar-regisztracio-a-torokszentmiklosi-rendorkapitanysagon\/#primaryimage","url":"https:\/\/miklostv.com\/new\/wp-content\/uploads\/2020\/07\/Bikesafe_kiemelt.jpg","contentUrl":"https:\/\/miklostv.com\/new\/wp-content\/uploads\/2020\/07\/Bikesafe_kiemelt.jpg","width":310,"height":175,"caption":"Bikesafe kiemelt"},{"@type":"BreadcrumbList","@id":"https:\/\/miklostv.com\/new\/2020\/07\/03\/bike-safe-kerekpar-regisztracio-a-torokszentmiklosi-rendorkapitanysagon\/#breadcrumb","itemListElement":[{"@type":"ListItem","position":1,"name":"Kezd\u0151lap","item":"https:\/\/miklostv.com\/new\/"},{"@type":"ListItem","position":2,"name":"BIKE SAFE KER\u00c9KP\u00c1R REGISZTR\u00c1CI\u00d3 A T\u00d6R\u00d6KSZENTMIKL\u00d3SI REND\u0150RKAPIT\u00c1NYS\u00c1GON"}]},{"@type":"WebSite","@id":"https:\/\/miklostv.com\/new\/#website","url":"https:\/\/miklostv.com\/new\/","name":"Mikl\u00f3s TV","description":"Mikl\u00f3s TV","potentialAction":[{"@type":"SearchAction","target":{"@type":"EntryPoint","urlTemplate":"https:\/\/miklostv.com\/new\/?s={search_term_string}"},"query-input":{"@type":"PropertyValueSpecification","valueRequired":true,"valueName":"search_term_string"}}],"inLanguage":"hu"},{"@type":"Person","@id":"https:\/\/miklostv.com\/new\/#\/schema\/person\/6339cdd0bbd336ec6345812e3958be3b","name":"S\u00e1ndor","sameAs":["https:\/\/miklostv.com\/new"],"url":"https:\/\/miklostv.com\/new\/author\/sanyi\/"}]}},"_links":{"self":[{"href":"https:\/\/miklostv.com\/new\/wp-json\/wp\/v2\/posts\/4323","targetHints":{"allow":["GET"]}}],"collection":[{"href":"https:\/\/miklostv.com\/new\/wp-json\/wp\/v2\/posts"}],"about":[{"href":"https:\/\/miklostv.com\/new\/wp-json\/wp\/v2\/types\/post"}],"author":[{"embeddable":true,"href":"https:\/\/miklostv.com\/new\/wp-json\/wp\/v2\/users\/1"}],"replies":[{"embeddable":true,"href":"https:\/\/miklostv.com\/new\/wp-json\/wp\/v2\/comments?post=4323"}],"version-history":[{"count":0,"href":"https:\/\/miklostv.com\/new\/wp-json\/wp\/v2\/posts\/4323\/revisions"}],"wp:featuredmedia":[{"embeddable":true,"href":"https:\/\/miklostv.com\/new\/wp-json\/wp\/v2\/media\/4322"}],"wp:attachment":[{"href":"https:\/\/miklostv.com\/new\/wp-json\/wp\/v2\/media?parent=4323"}],"wp:term":[{"taxonomy":"category","embeddable":true,"href":"https:\/\/miklostv.com\/new\/wp-json\/wp\/v2\/categories?post=4323"},{"taxonomy":"post_tag","embeddable":true,"href":"https:\/\/miklostv.com\/new\/wp-json\/wp\/v2\/tags?post=4323"}],"curies":[{"name":"wp","href":"https:\/\/api.w.org\/{rel}","templated":true}]}}