{"id":4319,"date":"2020-06-28T16:54:21","date_gmt":"2020-06-28T16:54:21","guid":{"rendered":"https:\/\/miklostv.com\/new\/2020\/06\/28\/koztisztviselok-napja-2020\/"},"modified":"2023-02-08T16:22:48","modified_gmt":"2023-02-08T16:22:48","slug":"koztisztviselok-napja-2020","status":"publish","type":"post","link":"https:\/\/miklostv.com\/new\/2020\/06\/28\/koztisztviselok-napja-2020\/","title":{"rendered":"K\u00d6ZTISZTVISEL\u0150K NAPJA 2020"},"content":{"rendered":"\n<div><span style=\"font-size: 12pt;\"><strong>A k\u00f6zelg\u0151 j\u00falius 1-e a k\u00f6ztisztvisel\u0151k szakmai napja. T\u00f6r\u00f6kszentmikl\u00f3s V\u00e1rosi \u00d6nkorm\u00e1nyzat k\u00e9pvisel\u0151-test\u00fclet\u00e9nek k\u00f6sz\u00f6nhet\u0151en tov\u00e1bbra is munkasz\u00fcneti nap. &#8211;<\/strong> <\/span>olvashat\u00f3 T\u00f6r\u00f6kszentikl\u00f3s V\u00e1ros facebook oldal\u00e1n.<\/div>\n\n\n\n<div>&nbsp;<\/div>\n\n\n\n<div>\n<p>Mit sem \u00e9rnek az el\u0151\u00edr\u00e1sok, ha nem kapcsol\u00f3dik hozz\u00e1juk a p\u00e9ldamutat\u00e1s, az \u00f6nk\u00e9ntes szab\u00e1lyk\u00f6vet\u00e9s. \u0150szinte sz\u00e1nd\u00e9kok \u00e9s \u00e9rzelmek kellenek a k\u00f6zigazgat\u00e1shoz, melynek let\u00e9tem\u00e9nyesei a k\u00f6ztisztvisel\u0151k. A szakszer\u0171 \u00fcgyint\u00e9z\u00e9s mellett nap mint nap embers\u00e9gb\u0151l is vizsg\u00e1zniuk kell. Nem el\u00e9g \u00e9rteni a dolgukat, \u00e9rezni, s\u0151t \u00e1t\u00e9rezni is kell. A munka elismer\u00e9s\u00e9re alap\u00edtott\u00e1k meg az \u00c9v k\u00f6ztisztvisel\u0151je c\u00edmet, melyb\u0151l \u00e9vente kett\u0151 adhat\u00f3 ki.<\/p>\n<\/div>\n\n\n\n<div>&nbsp;<\/div>\n\n\n\n<div>Id\u00e9n<strong> \u00c1brah\u00e1mn\u00e9 Kada \u00c9va<\/strong> k\u00f6zp\u00e9nz\u00fcgyi oszt\u00e1lyvezet\u0151-helyettes \u00e9rdemelte ki e c\u00edmet. A Budapesti P\u00e9nz\u00fcgyi \u00e9s Sz\u00e1mviteli F\u0151iskola elv\u00e9gz\u00e9s\u00e9t k\u00f6vet\u0151en a tan\u00e1csi rendszer \u00f6szt\u00f6nd\u00edjasak\u00e9nt kezdte p\u00e1ly\u00e1j\u00e1t \u00e9s 32 \u00e9v eltelt\u00e9vel is h\u0171s\u00e9ges maradt az \u00f6nkorm\u00e1nyzathoz. A M\u0171vel\u0151d\u00e9si K\u00f6zpont igazgat\u00f3ja az \u00e1thelyez\u00e9s\u00e9t k\u00e9rte 1990-ben gazdas\u00e1gi csoportvezet\u0151nek, majd 1997-ben a M\u0170V H\u00e1z gazdas\u00e1gvezet\u0151je lett. Munk\u00e1ja \u00e9s az int\u00e9zm\u00e9ny rendezv\u00e9nyei r\u00e9v\u00e9n nagyon sok civil szervezettel, emberrel ker\u00fclt kapcsolatba. Igazi k\u00f6z\u00f6ss\u00e9gi emberk\u00e9nt szerett\u00e9k \u00e9s tisztelt\u00e9k \u0150t. Az ezredfordul\u00f3t k\u00f6vet\u0151en kialak\u00edtott un. \u201eKiskincst\u00e1r\u201e l\u00e9trej\u00f6tt\u00e9vel, 2002. janu\u00e1r 1-\u00e9n ism\u00e9t visszaker\u00fclt a Polg\u00e1rmesteri Hivatal P\u00e9nz\u00fcgyi Oszt\u00e1ly\u00e1ra. M\u00e9g ez \u00e9vben k\u00f6zigazgat\u00e1si alapvizsg\u00e1t, majd 2004-ben a k\u00f6zigazgat\u00e1si szakvizsg\u00e1t tett. Regisztr\u00e1lt m\u00e9rlegk\u00e9pes k\u00f6nyvel\u0151, aki a szakm\u00e1ja minden fok\u00e1t v\u00e9gig j\u00e1rta, \u00fcgyint\u00e9z\u0151t\u0151l, a gazdas\u00e1gvezet\u0151n \u00e1t eg\u00e9szen az oszt\u00e1lyvezet\u0151i szintig. A p\u00e9nz\u00fcgy ter\u00fclet\u00e9n sok v\u00e1ltoz\u00e1s ment v\u00e9gbe, de \u0151 mindig meg\u00e1llta a hely\u00e9t, kiv\u00e1l\u00f3 p\u00e9nz\u00fcgyi szakember. Tapasztalt, elh\u00edvatott, lelkiismeretes munkat\u00e1rs, a munk\u00e1j\u00e1ra ig\u00e9nyes koll\u00e9ga. Hivat\u00e1studata, szorgalma mindig kiemelked\u0151 volt \u00e9s az ma is.<\/div>\n\n\n\n<div><strong>T\u00f6r\u00f6kn\u00e9 Pap Edina<\/strong> k\u00f6zbeszerz\u00e9si \u00fcgyint\u00e9z\u0151 imm\u00e1ron 22 \u00e9ve k\u00f6telezte el mag\u00e1t a k\u00f6zigazgat\u00e1s mellett. K\u00f6rnyezetgazd\u00e1lkod\u00e1si agr\u00e1rm\u00e9rn\u00f6kk\u00e9nt 1998-ban helyezkedett el a hivatalban, 2001-ben az \u00c1llamigazgat\u00e1si F\u0151iskola k\u00f6rnyezetv\u00e9delmi szakigazgat\u00e1si szak\u00e1n vette \u00e1t m\u00e1soddiplom\u00e1j\u00e1t. K\u00f6rnyezetv\u00e9delmi \u00fcgyint\u00e9z\u0151k\u00e9nt kezdte a p\u00e1ly\u00e1t, majd a beruh\u00e1z\u00e1si feladatokkal \u00f6sszef\u00fcgg\u0151en p\u00e1ly\u00e1zat\u00edr\u00e1s \u00e9s a k\u00f6zbeszerz\u00e9s lett a feladta. 2005-ben k\u00f6zbeszerz\u00e9si referensi k\u00e9pes\u00edt\u00e9st szerzett, 2006-ban k\u00f6zigazgat\u00e1si szakvizsg\u00e1t tett, 2007-ben angol nyelvb\u0151l vizsg\u00e1zott. 2013. janu\u00e1r 1-t\u0151l 2,5 \u00e9vig V\u00e1ros\u00fczemeltet\u00e9si Oszt\u00e1ly vezet\u0151je volt, majd a hivatal \u00e1tszervez\u00e9s\u00e9vel megsz\u0171nt ez az oszt\u00e1ly \u00e9s k\u00f6zbiztons\u00e1gi referensk\u00e9nt folytatta a munk\u00e1j\u00e1t, ugyanis 2014-ben k\u00f6zbiztons\u00e1gi referens k\u00e9pz\u00e9sen vett r\u00e9szt. A munk\u00e1ja elismer\u00e9sek\u00e9nt 2016-ban a Polg\u00e1ri V\u00e9delem Napj\u00e1n kit\u00fcntett\u00e9k. Egy \u00fajabb hivatali \u00e1tszervez\u00e9s k\u00f6vetkezt\u00e9ben ism\u00e9t a M\u0171szaki oszt\u00e1lyra ker\u00fclt, ahol jelenleg is a k\u00f6zbeszerz\u00e9si, vagyongazd\u00e1lkod\u00e1si \u00fcgyint\u00e9z\u0151k\u00e9nt dolgozik. Folyamatosan k\u00e9pezte mag\u00e1t \u00e9s b\u00e1rmilyen munkater\u00fcletet b\u00edztak r\u00e1, meg\u00e1llta a hely\u00e9t, gyorsan reag\u00e1lt az \u00faj kih\u00edv\u00e1sokra. Alaposan felk\u00e9sz\u00fclt, udvarias, seg\u00edt\u0151k\u00e9sz mindenkivel, aki hozz\u00e1 fordul. Munkav\u00e9gz\u00e9s\u00e9t a naprak\u00e9sz jogszab\u00e1lyismeret \u00e9s probl\u00e9ma megold\u00e1s jellemzi. Tapasztalt, elh\u00edvatott, lelkiismeretes a munk\u00e1j\u00e1ra mindig ig\u00e9nyes munkat\u00e1rs, aki m\u00e9lt\u00e1n v\u00edvta ki m\u00e1sok elismer\u00e9s\u00e9t is.<\/div>\n\n\n\n<figure class=\"wp-block-image\"><img decoding=\"async\" src=\"https:\/\/miklostv.com\/new\/wp-content\/uploads\/2020\/06\/koztisztnap.jpg\" alt=\"\"\/><\/figure>\n\n\n\n<div>Az \u00c9v k\u00f6ztisztvisel\u0151inek gratul\u00e1lunk \u00e9s tov\u00e1bbi eredm\u00e9nyes munk\u00e1t, sok sikert k\u00edv\u00e1nunk.<\/div>\n","protected":false},"excerpt":{"rendered":"<p>A k\u00f6zelg\u0151 j\u00falius 1-e a k\u00f6ztisztvisel\u0151k szakmai napja. T\u00f6r\u00f6kszentmikl\u00f3s V\u00e1rosi \u00d6nkorm\u00e1nyzat k\u00e9pvisel\u0151-test\u00fclet\u00e9nek k\u00f6sz\u00f6nhet\u0151en tov\u00e1bbra is munkasz\u00fcneti nap. &#8211; olvashat\u00f3 T\u00f6r\u00f6kszentikl\u00f3s V\u00e1ros facebook oldal\u00e1n. &nbsp; Mit sem \u00e9rnek az el\u0151\u00edr\u00e1sok, ha nem kapcsol\u00f3dik hozz\u00e1juk a p\u00e9ldamutat\u00e1s, az \u00f6nk\u00e9ntes szab\u00e1lyk\u00f6vet\u00e9s. \u0150szinte sz\u00e1nd\u00e9kok \u00e9s \u00e9rzelmek kellenek a k\u00f6zigazgat\u00e1shoz, melynek let\u00e9tem\u00e9nyesei a k\u00f6ztisztvisel\u0151k. A szakszer\u0171 \u00fcgyint\u00e9z\u00e9s mellett nap mint nap embers\u00e9gb\u0151l is vizsg\u00e1zniuk kell. Nem el\u00e9g \u00e9rteni a dolgukat, \u00e9rezni, s\u0151t \u00e1t\u00e9rezni is kell. A munka elismer\u00e9s\u00e9re alap\u00edtott\u00e1k meg az \u00c9v k\u00f6ztisztvisel\u0151je c\u00edmet, melyb\u0151l \u00e9vente kett\u0151 adhat\u00f3 ki. &nbsp; Id\u00e9n \u00c1brah\u00e1mn\u00e9 Kada \u00c9va k\u00f6zp\u00e9nz\u00fcgyi&hellip;<\/p>\n","protected":false},"author":1,"featured_media":4318,"comment_status":"open","ping_status":"open","sticky":false,"template":"","format":"standard","meta":{"fifu_image_url":"","fifu_image_alt":"","footnotes":""},"categories":[32],"tags":[],"class_list":["post-4319","post","type-post","status-publish","format-standard","has-post-thumbnail","hentry","category-hirek2"],"gutentor_comment":0,"yoast_head":"<!-- This site is optimized with the Yoast SEO plugin v27.5 - https:\/\/yoast.com\/product\/yoast-seo-wordpress\/ -->\n<title>K\u00d6ZTISZTVISEL\u0150K NAPJA 2020 - Mikl\u00f3s TV<\/title>\n<meta name=\"robots\" content=\"index, follow, max-snippet:-1, max-image-preview:large, max-video-preview:-1\" \/>\n<link rel=\"canonical\" href=\"https:\/\/miklostv.com\/new\/2020\/06\/28\/koztisztviselok-napja-2020\/\" \/>\n<meta property=\"og:locale\" content=\"hu_HU\" \/>\n<meta property=\"og:type\" content=\"article\" \/>\n<meta property=\"og:title\" content=\"K\u00d6ZTISZTVISEL\u0150K NAPJA 2020 - Mikl\u00f3s TV\" \/>\n<meta property=\"og:description\" content=\"A k\u00f6zelg\u0151 j\u00falius 1-e a k\u00f6ztisztvisel\u0151k szakmai napja. T\u00f6r\u00f6kszentmikl\u00f3s V\u00e1rosi \u00d6nkorm\u00e1nyzat k\u00e9pvisel\u0151-test\u00fclet\u00e9nek k\u00f6sz\u00f6nhet\u0151en tov\u00e1bbra is munkasz\u00fcneti nap. &#8211; olvashat\u00f3 T\u00f6r\u00f6kszentikl\u00f3s V\u00e1ros facebook oldal\u00e1n. &nbsp; Mit sem \u00e9rnek az el\u0151\u00edr\u00e1sok, ha nem kapcsol\u00f3dik hozz\u00e1juk a p\u00e9ldamutat\u00e1s, az \u00f6nk\u00e9ntes szab\u00e1lyk\u00f6vet\u00e9s. \u0150szinte sz\u00e1nd\u00e9kok \u00e9s \u00e9rzelmek kellenek a k\u00f6zigazgat\u00e1shoz, melynek let\u00e9tem\u00e9nyesei a k\u00f6ztisztvisel\u0151k. A szakszer\u0171 \u00fcgyint\u00e9z\u00e9s mellett nap mint nap embers\u00e9gb\u0151l is vizsg\u00e1zniuk kell. Nem el\u00e9g \u00e9rteni a dolgukat, \u00e9rezni, s\u0151t \u00e1t\u00e9rezni is kell. A munka elismer\u00e9s\u00e9re alap\u00edtott\u00e1k meg az \u00c9v k\u00f6ztisztvisel\u0151je c\u00edmet, melyb\u0151l \u00e9vente kett\u0151 adhat\u00f3 ki. &nbsp; Id\u00e9n \u00c1brah\u00e1mn\u00e9 Kada \u00c9va k\u00f6zp\u00e9nz\u00fcgyi&hellip;\" \/>\n<meta property=\"og:url\" content=\"https:\/\/miklostv.com\/new\/2020\/06\/28\/koztisztviselok-napja-2020\/\" \/>\n<meta property=\"og:site_name\" content=\"Mikl\u00f3s TV\" \/>\n<meta property=\"article:published_time\" content=\"2020-06-28T16:54:21+00:00\" \/>\n<meta property=\"article:modified_time\" content=\"2023-02-08T16:22:48+00:00\" \/>\n<meta property=\"og:image\" content=\"https:\/\/miklostv.com\/new\/wp-content\/uploads\/2020\/06\/koztisztnap.jpg\" \/>\n\t<meta property=\"og:image:width\" content=\"987\" \/>\n\t<meta property=\"og:image:height\" content=\"658\" \/>\n\t<meta property=\"og:image:type\" content=\"image\/jpeg\" \/>\n<meta name=\"author\" content=\"S\u00e1ndor\" \/>\n<meta name=\"twitter:card\" content=\"summary_large_image\" \/>\n<meta name=\"twitter:label1\" content=\"Szerz\u0151:\" \/>\n\t<meta name=\"twitter:data1\" content=\"S\u00e1ndor\" \/>\n\t<meta name=\"twitter:label2\" content=\"Becs\u00fclt olvas\u00e1si id\u0151\" \/>\n\t<meta name=\"twitter:data2\" content=\"3 perc\" \/>\n<script type=\"application\/ld+json\" class=\"yoast-schema-graph\">{\"@context\":\"https:\\\/\\\/schema.org\",\"@graph\":[{\"@type\":\"NewsArticle\",\"@id\":\"https:\\\/\\\/miklostv.com\\\/new\\\/2020\\\/06\\\/28\\\/koztisztviselok-napja-2020\\\/#article\",\"isPartOf\":{\"@id\":\"https:\\\/\\\/miklostv.com\\\/new\\\/2020\\\/06\\\/28\\\/koztisztviselok-napja-2020\\\/\"},\"author\":{\"name\":\"S\u00e1ndor\",\"@id\":\"https:\\\/\\\/miklostv.com\\\/new\\\/#\\\/schema\\\/person\\\/6339cdd0bbd336ec6345812e3958be3b\"},\"headline\":\"K\u00d6ZTISZTVISEL\u0150K NAPJA 2020\",\"datePublished\":\"2020-06-28T16:54:21+00:00\",\"dateModified\":\"2023-02-08T16:22:48+00:00\",\"mainEntityOfPage\":{\"@id\":\"https:\\\/\\\/miklostv.com\\\/new\\\/2020\\\/06\\\/28\\\/koztisztviselok-napja-2020\\\/\"},\"wordCount\":716,\"commentCount\":0,\"image\":{\"@id\":\"https:\\\/\\\/miklostv.com\\\/new\\\/2020\\\/06\\\/28\\\/koztisztviselok-napja-2020\\\/#primaryimage\"},\"thumbnailUrl\":\"https:\\\/\\\/miklostv.com\\\/new\\\/wp-content\\\/uploads\\\/2020\\\/06\\\/koztisztnap.jpg\",\"articleSection\":[\"A l\u00e9nyeg r\u00f6viden\"],\"inLanguage\":\"hu\"},{\"@type\":\"WebPage\",\"@id\":\"https:\\\/\\\/miklostv.com\\\/new\\\/2020\\\/06\\\/28\\\/koztisztviselok-napja-2020\\\/\",\"url\":\"https:\\\/\\\/miklostv.com\\\/new\\\/2020\\\/06\\\/28\\\/koztisztviselok-napja-2020\\\/\",\"name\":\"K\u00d6ZTISZTVISEL\u0150K NAPJA 2020 - Mikl\u00f3s TV\",\"isPartOf\":{\"@id\":\"https:\\\/\\\/miklostv.com\\\/new\\\/#website\"},\"primaryImageOfPage\":{\"@id\":\"https:\\\/\\\/miklostv.com\\\/new\\\/2020\\\/06\\\/28\\\/koztisztviselok-napja-2020\\\/#primaryimage\"},\"image\":{\"@id\":\"https:\\\/\\\/miklostv.com\\\/new\\\/2020\\\/06\\\/28\\\/koztisztviselok-napja-2020\\\/#primaryimage\"},\"thumbnailUrl\":\"https:\\\/\\\/miklostv.com\\\/new\\\/wp-content\\\/uploads\\\/2020\\\/06\\\/koztisztnap.jpg\",\"datePublished\":\"2020-06-28T16:54:21+00:00\",\"dateModified\":\"2023-02-08T16:22:48+00:00\",\"author\":{\"@id\":\"https:\\\/\\\/miklostv.com\\\/new\\\/#\\\/schema\\\/person\\\/6339cdd0bbd336ec6345812e3958be3b\"},\"breadcrumb\":{\"@id\":\"https:\\\/\\\/miklostv.com\\\/new\\\/2020\\\/06\\\/28\\\/koztisztviselok-napja-2020\\\/#breadcrumb\"},\"inLanguage\":\"hu\",\"potentialAction\":[{\"@type\":\"ReadAction\",\"target\":[\"https:\\\/\\\/miklostv.com\\\/new\\\/2020\\\/06\\\/28\\\/koztisztviselok-napja-2020\\\/\"]}]},{\"@type\":\"ImageObject\",\"inLanguage\":\"hu\",\"@id\":\"https:\\\/\\\/miklostv.com\\\/new\\\/2020\\\/06\\\/28\\\/koztisztviselok-napja-2020\\\/#primaryimage\",\"url\":\"https:\\\/\\\/miklostv.com\\\/new\\\/wp-content\\\/uploads\\\/2020\\\/06\\\/koztisztnap.jpg\",\"contentUrl\":\"https:\\\/\\\/miklostv.com\\\/new\\\/wp-content\\\/uploads\\\/2020\\\/06\\\/koztisztnap.jpg\",\"width\":987,\"height\":658,\"caption\":\"k\u00f6ztisztnap\"},{\"@type\":\"BreadcrumbList\",\"@id\":\"https:\\\/\\\/miklostv.com\\\/new\\\/2020\\\/06\\\/28\\\/koztisztviselok-napja-2020\\\/#breadcrumb\",\"itemListElement\":[{\"@type\":\"ListItem\",\"position\":1,\"name\":\"Kezd\u0151lap\",\"item\":\"https:\\\/\\\/miklostv.com\\\/new\\\/\"},{\"@type\":\"ListItem\",\"position\":2,\"name\":\"K\u00d6ZTISZTVISEL\u0150K NAPJA 2020\"}]},{\"@type\":\"WebSite\",\"@id\":\"https:\\\/\\\/miklostv.com\\\/new\\\/#website\",\"url\":\"https:\\\/\\\/miklostv.com\\\/new\\\/\",\"name\":\"Mikl\u00f3s TV\",\"description\":\"Mikl\u00f3s TV\",\"potentialAction\":[{\"@type\":\"SearchAction\",\"target\":{\"@type\":\"EntryPoint\",\"urlTemplate\":\"https:\\\/\\\/miklostv.com\\\/new\\\/?s={search_term_string}\"},\"query-input\":{\"@type\":\"PropertyValueSpecification\",\"valueRequired\":true,\"valueName\":\"search_term_string\"}}],\"inLanguage\":\"hu\"},{\"@type\":\"Person\",\"@id\":\"https:\\\/\\\/miklostv.com\\\/new\\\/#\\\/schema\\\/person\\\/6339cdd0bbd336ec6345812e3958be3b\",\"name\":\"S\u00e1ndor\",\"sameAs\":[\"https:\\\/\\\/miklostv.com\\\/new\"],\"url\":\"https:\\\/\\\/miklostv.com\\\/new\\\/author\\\/sanyi\\\/\"}]}<\/script>\n<!-- \/ Yoast SEO plugin. -->","yoast_head_json":{"title":"K\u00d6ZTISZTVISEL\u0150K NAPJA 2020 - Mikl\u00f3s TV","robots":{"index":"index","follow":"follow","max-snippet":"max-snippet:-1","max-image-preview":"max-image-preview:large","max-video-preview":"max-video-preview:-1"},"canonical":"https:\/\/miklostv.com\/new\/2020\/06\/28\/koztisztviselok-napja-2020\/","og_locale":"hu_HU","og_type":"article","og_title":"K\u00d6ZTISZTVISEL\u0150K NAPJA 2020 - Mikl\u00f3s TV","og_description":"A k\u00f6zelg\u0151 j\u00falius 1-e a k\u00f6ztisztvisel\u0151k szakmai napja. T\u00f6r\u00f6kszentmikl\u00f3s V\u00e1rosi \u00d6nkorm\u00e1nyzat k\u00e9pvisel\u0151-test\u00fclet\u00e9nek k\u00f6sz\u00f6nhet\u0151en tov\u00e1bbra is munkasz\u00fcneti nap. &#8211; olvashat\u00f3 T\u00f6r\u00f6kszentikl\u00f3s V\u00e1ros facebook oldal\u00e1n. &nbsp; Mit sem \u00e9rnek az el\u0151\u00edr\u00e1sok, ha nem kapcsol\u00f3dik hozz\u00e1juk a p\u00e9ldamutat\u00e1s, az \u00f6nk\u00e9ntes szab\u00e1lyk\u00f6vet\u00e9s. \u0150szinte sz\u00e1nd\u00e9kok \u00e9s \u00e9rzelmek kellenek a k\u00f6zigazgat\u00e1shoz, melynek let\u00e9tem\u00e9nyesei a k\u00f6ztisztvisel\u0151k. A szakszer\u0171 \u00fcgyint\u00e9z\u00e9s mellett nap mint nap embers\u00e9gb\u0151l is vizsg\u00e1zniuk kell. Nem el\u00e9g \u00e9rteni a dolgukat, \u00e9rezni, s\u0151t \u00e1t\u00e9rezni is kell. A munka elismer\u00e9s\u00e9re alap\u00edtott\u00e1k meg az \u00c9v k\u00f6ztisztvisel\u0151je c\u00edmet, melyb\u0151l \u00e9vente kett\u0151 adhat\u00f3 ki. &nbsp; Id\u00e9n \u00c1brah\u00e1mn\u00e9 Kada \u00c9va k\u00f6zp\u00e9nz\u00fcgyi&hellip;","og_url":"https:\/\/miklostv.com\/new\/2020\/06\/28\/koztisztviselok-napja-2020\/","og_site_name":"Mikl\u00f3s TV","article_published_time":"2020-06-28T16:54:21+00:00","article_modified_time":"2023-02-08T16:22:48+00:00","og_image":[{"width":987,"height":658,"url":"https:\/\/miklostv.com\/new\/wp-content\/uploads\/2020\/06\/koztisztnap.jpg","type":"image\/jpeg"}],"author":"S\u00e1ndor","twitter_card":"summary_large_image","twitter_misc":{"Szerz\u0151:":"S\u00e1ndor","Becs\u00fclt olvas\u00e1si id\u0151":"3 perc"},"schema":{"@context":"https:\/\/schema.org","@graph":[{"@type":"NewsArticle","@id":"https:\/\/miklostv.com\/new\/2020\/06\/28\/koztisztviselok-napja-2020\/#article","isPartOf":{"@id":"https:\/\/miklostv.com\/new\/2020\/06\/28\/koztisztviselok-napja-2020\/"},"author":{"name":"S\u00e1ndor","@id":"https:\/\/miklostv.com\/new\/#\/schema\/person\/6339cdd0bbd336ec6345812e3958be3b"},"headline":"K\u00d6ZTISZTVISEL\u0150K NAPJA 2020","datePublished":"2020-06-28T16:54:21+00:00","dateModified":"2023-02-08T16:22:48+00:00","mainEntityOfPage":{"@id":"https:\/\/miklostv.com\/new\/2020\/06\/28\/koztisztviselok-napja-2020\/"},"wordCount":716,"commentCount":0,"image":{"@id":"https:\/\/miklostv.com\/new\/2020\/06\/28\/koztisztviselok-napja-2020\/#primaryimage"},"thumbnailUrl":"https:\/\/miklostv.com\/new\/wp-content\/uploads\/2020\/06\/koztisztnap.jpg","articleSection":["A l\u00e9nyeg r\u00f6viden"],"inLanguage":"hu"},{"@type":"WebPage","@id":"https:\/\/miklostv.com\/new\/2020\/06\/28\/koztisztviselok-napja-2020\/","url":"https:\/\/miklostv.com\/new\/2020\/06\/28\/koztisztviselok-napja-2020\/","name":"K\u00d6ZTISZTVISEL\u0150K NAPJA 2020 - Mikl\u00f3s TV","isPartOf":{"@id":"https:\/\/miklostv.com\/new\/#website"},"primaryImageOfPage":{"@id":"https:\/\/miklostv.com\/new\/2020\/06\/28\/koztisztviselok-napja-2020\/#primaryimage"},"image":{"@id":"https:\/\/miklostv.com\/new\/2020\/06\/28\/koztisztviselok-napja-2020\/#primaryimage"},"thumbnailUrl":"https:\/\/miklostv.com\/new\/wp-content\/uploads\/2020\/06\/koztisztnap.jpg","datePublished":"2020-06-28T16:54:21+00:00","dateModified":"2023-02-08T16:22:48+00:00","author":{"@id":"https:\/\/miklostv.com\/new\/#\/schema\/person\/6339cdd0bbd336ec6345812e3958be3b"},"breadcrumb":{"@id":"https:\/\/miklostv.com\/new\/2020\/06\/28\/koztisztviselok-napja-2020\/#breadcrumb"},"inLanguage":"hu","potentialAction":[{"@type":"ReadAction","target":["https:\/\/miklostv.com\/new\/2020\/06\/28\/koztisztviselok-napja-2020\/"]}]},{"@type":"ImageObject","inLanguage":"hu","@id":"https:\/\/miklostv.com\/new\/2020\/06\/28\/koztisztviselok-napja-2020\/#primaryimage","url":"https:\/\/miklostv.com\/new\/wp-content\/uploads\/2020\/06\/koztisztnap.jpg","contentUrl":"https:\/\/miklostv.com\/new\/wp-content\/uploads\/2020\/06\/koztisztnap.jpg","width":987,"height":658,"caption":"k\u00f6ztisztnap"},{"@type":"BreadcrumbList","@id":"https:\/\/miklostv.com\/new\/2020\/06\/28\/koztisztviselok-napja-2020\/#breadcrumb","itemListElement":[{"@type":"ListItem","position":1,"name":"Kezd\u0151lap","item":"https:\/\/miklostv.com\/new\/"},{"@type":"ListItem","position":2,"name":"K\u00d6ZTISZTVISEL\u0150K NAPJA 2020"}]},{"@type":"WebSite","@id":"https:\/\/miklostv.com\/new\/#website","url":"https:\/\/miklostv.com\/new\/","name":"Mikl\u00f3s TV","description":"Mikl\u00f3s TV","potentialAction":[{"@type":"SearchAction","target":{"@type":"EntryPoint","urlTemplate":"https:\/\/miklostv.com\/new\/?s={search_term_string}"},"query-input":{"@type":"PropertyValueSpecification","valueRequired":true,"valueName":"search_term_string"}}],"inLanguage":"hu"},{"@type":"Person","@id":"https:\/\/miklostv.com\/new\/#\/schema\/person\/6339cdd0bbd336ec6345812e3958be3b","name":"S\u00e1ndor","sameAs":["https:\/\/miklostv.com\/new"],"url":"https:\/\/miklostv.com\/new\/author\/sanyi\/"}]}},"_links":{"self":[{"href":"https:\/\/miklostv.com\/new\/wp-json\/wp\/v2\/posts\/4319","targetHints":{"allow":["GET"]}}],"collection":[{"href":"https:\/\/miklostv.com\/new\/wp-json\/wp\/v2\/posts"}],"about":[{"href":"https:\/\/miklostv.com\/new\/wp-json\/wp\/v2\/types\/post"}],"author":[{"embeddable":true,"href":"https:\/\/miklostv.com\/new\/wp-json\/wp\/v2\/users\/1"}],"replies":[{"embeddable":true,"href":"https:\/\/miklostv.com\/new\/wp-json\/wp\/v2\/comments?post=4319"}],"version-history":[{"count":1,"href":"https:\/\/miklostv.com\/new\/wp-json\/wp\/v2\/posts\/4319\/revisions"}],"predecessor-version":[{"id":7688,"href":"https:\/\/miklostv.com\/new\/wp-json\/wp\/v2\/posts\/4319\/revisions\/7688"}],"wp:featuredmedia":[{"embeddable":true,"href":"https:\/\/miklostv.com\/new\/wp-json\/wp\/v2\/media\/4318"}],"wp:attachment":[{"href":"https:\/\/miklostv.com\/new\/wp-json\/wp\/v2\/media?parent=4319"}],"wp:term":[{"taxonomy":"category","embeddable":true,"href":"https:\/\/miklostv.com\/new\/wp-json\/wp\/v2\/categories?post=4319"},{"taxonomy":"post_tag","embeddable":true,"href":"https:\/\/miklostv.com\/new\/wp-json\/wp\/v2\/tags?post=4319"}],"curies":[{"name":"wp","href":"https:\/\/api.w.org\/{rel}","templated":true}]}}