{"id":4304,"date":"2020-06-17T15:42:44","date_gmt":"2020-06-17T15:42:44","guid":{"rendered":"https:\/\/miklostv.com\/new\/2020\/06\/17\/lakatoljon-okosan\/"},"modified":"2023-02-08T16:06:21","modified_gmt":"2023-02-08T16:06:21","slug":"lakatoljon-okosan","status":"publish","type":"post","link":"https:\/\/miklostv.com\/new\/2020\/06\/17\/lakatoljon-okosan\/","title":{"rendered":"LAKATOLJON OKOSAN!"},"content":{"rendered":"<div><span style=\"font-size: 12pt;\"><strong>A J\u00e1sz-Nagykun-Szolnok Megyei Rend\u0151r-f\u0151kapit\u00e1nys\u00e1g ker\u00e9kp\u00e1rlop\u00e1sok megel\u0151z\u00e9s\u00e9t c\u00e9lz\u00f3 aj\u00e1nl\u00e1sai.<\/strong><\/span><\/div>\n<div><\/div>\n<div>A ny\u00e1ron egyre t\u00f6bben veszik el\u0151 ker\u00e9kp\u00e1rjukat, hogy biciklivel jussanak el a c\u00e9l\u00e1llom\u00e1sig. Fontos, hogy a ker\u00e9kp\u00e1rok v\u00e9delm\u00e9r\u0151l ilyenkor se feledkezz\u00fcnk meg! N\u00e9h\u00e1ny m\u00e1sodperc is elegend\u0151, hogy a tolvaj a k\u00f6nny\u0171 pr\u00e9d\u00e1t megszerezze, azonban\u00a0 kell\u0151 \u00f3vatoss\u00e1ggal \u00e9s megfelel\u0151 v\u00e9delmi eszk\u00f6z\u00f6kkel, m\u00f3dszerekkel ezeknek a b\u0171ncselekm\u00e9nyeknek egy r\u00e9sze megel\u0151zhet\u0151.<\/div>\n<div><\/div>\n<div>A J\u00e1sz-Nagykun-Szolnok Megyei Rend\u0151r-f\u0151kapit\u00e1nys\u00e1g tan\u00e1csai:<\/div>\n<ul>\n<li>Soha ne felejtse el lelakatolni a biciklit!<\/li>\n<li>Forgalmas, j\u00f3l l\u00e1that\u00f3 \u2013 ne eldugott utc\u00e1ban, kapualjban \u2013 hagyja a ker\u00e9kp\u00e1rt!<\/li>\n<li>Haszn\u00e1ljon min\u0151s\u00e9gi z\u00e1rat! A ker\u00e9kp\u00e1rz\u00e1r min\u0151s\u00e9ge \u00e1lljon ar\u00e1nyban a ker\u00e9kp\u00e1r \u00e1r\u00e1val!<\/li>\n<li>A lakat lehet\u0151leg olyan legyen, amely a v\u00e1zat \u00e9s a kereket is \u00e1t\u00e9ri, \u00e9s legyen mindig valamilyen stabil t\u00e1rgyhoz r\u00f6gz\u00edtve!<\/li>\n<li>Ha hossz\u00fa id\u0151re z\u00e1rja le a ker\u00e9kp\u00e1rt, akkor ne hagyjon a biciklin mozd\u00edthat\u00f3 \u00e9rt\u00e9ket! Vigye mag\u00e1val a kilom\u00e9ter\u00f3r\u00e1t, a l\u00e1mp\u00e1t, a kulacsot, a pump\u00e1t \u00e9s ne feledje a t\u00e1sk\u00e1t \u00e9s a szatyrot sem!<\/li>\n<li>Kertes h\u00e1z udvar\u00e1n, az utc\u00e1r\u00f3l is j\u00f3l l\u00e1that\u00f3 helyen sose hagyja a bring\u00e1t! A tolvajnak gyorsan szemet sz\u00far a k\u00f6nnyen megszerezhet\u0151 zs\u00e1km\u00e1ny.<\/li>\n<\/ul>\n<p>Regisztr\u00e1ltassa ker\u00e9kp\u00e1rj\u00e1t a BikeSafe programban, ahol orsz\u00e1gos adatb\u00e1zis\u00e1ban r\u00f6gz\u00edtik a k\u00e9tkerek\u0171 adatait, amely lop\u00e1s eset\u00e9n megk\u00f6nny\u00edti a felder\u00edt\u00e9st! A programr\u00f3l b\u0151vebben a <a href=\"https:\/\/bikesafe.hu\/\" target=\"_blank\" rel=\"noopener\">www.bikesafe.hu<\/a> oldalon olvashat.<\/p>\n<p><iframe title=\"Lakatolj okosan!\" width=\"640\" height=\"360\" src=\"https:\/\/www.youtube.com\/embed\/MsfhQ0rOELE?feature=oembed\" frameborder=\"0\" allow=\"accelerometer; autoplay; clipboard-write; encrypted-media; gyroscope; picture-in-picture; web-share\" referrerpolicy=\"strict-origin-when-cross-origin\" allowfullscreen><\/iframe><\/p>\n<div><\/div>\n<div>Amennyiben b\u0171ncselekm\u00e9ny \u00e1ldozat\u00e1v\u00e1 v\u00e1lik, azonnal \u00e9rtes\u00edtse a rend\u0151rs\u00e9get a 112-es seg\u00e9lyh\u00edv\u00f3 sz\u00e1mon!<\/div>\n<div>forr\u00e1s: <a href=\"http:\/\/www.police.hu\/hu\/hirek-es-informaciok\/bunmegelozes\/aktualis\/lakatoljon-okosan-0\" target=\"_blank\" rel=\"noopener\">police.hu<\/a><\/div>\n<div><\/div>\n<div><\/div>\n<div><\/div>\n<div><\/div>\n<div><\/div>\n<div><\/div>\n","protected":false},"excerpt":{"rendered":"<p>A J\u00e1sz-Nagykun-Szolnok Megyei Rend\u0151r-f\u0151kapit\u00e1nys\u00e1g ker\u00e9kp\u00e1rlop\u00e1sok megel\u0151z\u00e9s\u00e9t c\u00e9lz\u00f3 aj\u00e1nl\u00e1sai. A ny\u00e1ron egyre t\u00f6bben veszik el\u0151 ker\u00e9kp\u00e1rjukat, hogy biciklivel jussanak el a c\u00e9l\u00e1llom\u00e1sig. Fontos, hogy a ker\u00e9kp\u00e1rok v\u00e9delm\u00e9r\u0151l ilyenkor se feledkezz\u00fcnk meg! N\u00e9h\u00e1ny m\u00e1sodperc is elegend\u0151, hogy a tolvaj a k\u00f6nny\u0171 pr\u00e9d\u00e1t megszerezze, azonban\u00a0 kell\u0151 \u00f3vatoss\u00e1ggal \u00e9s megfelel\u0151 v\u00e9delmi eszk\u00f6z\u00f6kkel, m\u00f3dszerekkel ezeknek a b\u0171ncselekm\u00e9nyeknek egy r\u00e9sze megel\u0151zhet\u0151. A J\u00e1sz-Nagykun-Szolnok Megyei Rend\u0151r-f\u0151kapit\u00e1nys\u00e1g tan\u00e1csai: Soha ne felejtse el lelakatolni a biciklit! Forgalmas, j\u00f3l l\u00e1that\u00f3 \u2013 ne eldugott utc\u00e1ban, kapualjban \u2013 hagyja a ker\u00e9kp\u00e1rt! Haszn\u00e1ljon min\u0151s\u00e9gi z\u00e1rat! A ker\u00e9kp\u00e1rz\u00e1r min\u0151s\u00e9ge \u00e1lljon ar\u00e1nyban a ker\u00e9kp\u00e1r \u00e1r\u00e1val!&hellip;<\/p>\n","protected":false},"author":1,"featured_media":4303,"comment_status":"open","ping_status":"open","sticky":false,"template":"","format":"standard","meta":{"fifu_image_url":"","fifu_image_alt":"","footnotes":""},"categories":[32],"tags":[],"class_list":["post-4304","post","type-post","status-publish","format-standard","has-post-thumbnail","hentry","category-hirek2"],"gutentor_comment":0,"yoast_head":"<!-- This site is optimized with the Yoast SEO plugin v27.5 - https:\/\/yoast.com\/product\/yoast-seo-wordpress\/ -->\n<title>LAKATOLJON OKOSAN! - Mikl\u00f3s TV<\/title>\n<meta name=\"robots\" content=\"index, follow, max-snippet:-1, max-image-preview:large, max-video-preview:-1\" \/>\n<link rel=\"canonical\" href=\"https:\/\/miklostv.com\/new\/2020\/06\/17\/lakatoljon-okosan\/\" \/>\n<meta property=\"og:locale\" content=\"hu_HU\" \/>\n<meta property=\"og:type\" content=\"article\" \/>\n<meta property=\"og:title\" content=\"LAKATOLJON OKOSAN! - Mikl\u00f3s TV\" \/>\n<meta property=\"og:description\" content=\"A J\u00e1sz-Nagykun-Szolnok Megyei Rend\u0151r-f\u0151kapit\u00e1nys\u00e1g ker\u00e9kp\u00e1rlop\u00e1sok megel\u0151z\u00e9s\u00e9t c\u00e9lz\u00f3 aj\u00e1nl\u00e1sai. A ny\u00e1ron egyre t\u00f6bben veszik el\u0151 ker\u00e9kp\u00e1rjukat, hogy biciklivel jussanak el a c\u00e9l\u00e1llom\u00e1sig. Fontos, hogy a ker\u00e9kp\u00e1rok v\u00e9delm\u00e9r\u0151l ilyenkor se feledkezz\u00fcnk meg! N\u00e9h\u00e1ny m\u00e1sodperc is elegend\u0151, hogy a tolvaj a k\u00f6nny\u0171 pr\u00e9d\u00e1t megszerezze, azonban\u00a0 kell\u0151 \u00f3vatoss\u00e1ggal \u00e9s megfelel\u0151 v\u00e9delmi eszk\u00f6z\u00f6kkel, m\u00f3dszerekkel ezeknek a b\u0171ncselekm\u00e9nyeknek egy r\u00e9sze megel\u0151zhet\u0151. A J\u00e1sz-Nagykun-Szolnok Megyei Rend\u0151r-f\u0151kapit\u00e1nys\u00e1g tan\u00e1csai: Soha ne felejtse el lelakatolni a biciklit! Forgalmas, j\u00f3l l\u00e1that\u00f3 \u2013 ne eldugott utc\u00e1ban, kapualjban \u2013 hagyja a ker\u00e9kp\u00e1rt! Haszn\u00e1ljon min\u0151s\u00e9gi z\u00e1rat! A ker\u00e9kp\u00e1rz\u00e1r min\u0151s\u00e9ge \u00e1lljon ar\u00e1nyban a ker\u00e9kp\u00e1r \u00e1r\u00e1val!&hellip;\" \/>\n<meta property=\"og:url\" content=\"https:\/\/miklostv.com\/new\/2020\/06\/17\/lakatoljon-okosan\/\" \/>\n<meta property=\"og:site_name\" content=\"Mikl\u00f3s TV\" \/>\n<meta property=\"article:published_time\" content=\"2020-06-17T15:42:44+00:00\" \/>\n<meta property=\"article:modified_time\" content=\"2023-02-08T16:06:21+00:00\" \/>\n<meta property=\"og:image\" content=\"https:\/\/miklostv.com\/new\/wp-content\/uploads\/2020\/06\/bicycle-1313892_1920.jpg\" \/>\n\t<meta property=\"og:image:width\" content=\"960\" \/>\n\t<meta property=\"og:image:height\" content=\"640\" \/>\n\t<meta property=\"og:image:type\" content=\"image\/jpeg\" \/>\n<meta name=\"author\" content=\"S\u00e1ndor\" \/>\n<meta name=\"twitter:card\" content=\"summary_large_image\" \/>\n<meta name=\"twitter:label1\" content=\"Szerz\u0151:\" \/>\n\t<meta name=\"twitter:data1\" content=\"S\u00e1ndor\" \/>\n\t<meta name=\"twitter:label2\" content=\"Becs\u00fclt olvas\u00e1si id\u0151\" \/>\n\t<meta name=\"twitter:data2\" content=\"2 perc\" \/>\n<script type=\"application\/ld+json\" class=\"yoast-schema-graph\">{\"@context\":\"https:\\\/\\\/schema.org\",\"@graph\":[{\"@type\":\"NewsArticle\",\"@id\":\"https:\\\/\\\/miklostv.com\\\/new\\\/2020\\\/06\\\/17\\\/lakatoljon-okosan\\\/#article\",\"isPartOf\":{\"@id\":\"https:\\\/\\\/miklostv.com\\\/new\\\/2020\\\/06\\\/17\\\/lakatoljon-okosan\\\/\"},\"author\":{\"name\":\"S\u00e1ndor\",\"@id\":\"https:\\\/\\\/miklostv.com\\\/new\\\/#\\\/schema\\\/person\\\/6339cdd0bbd336ec6345812e3958be3b\"},\"headline\":\"LAKATOLJON OKOSAN!\",\"datePublished\":\"2020-06-17T15:42:44+00:00\",\"dateModified\":\"2023-02-08T16:06:21+00:00\",\"mainEntityOfPage\":{\"@id\":\"https:\\\/\\\/miklostv.com\\\/new\\\/2020\\\/06\\\/17\\\/lakatoljon-okosan\\\/\"},\"wordCount\":341,\"commentCount\":0,\"image\":{\"@id\":\"https:\\\/\\\/miklostv.com\\\/new\\\/2020\\\/06\\\/17\\\/lakatoljon-okosan\\\/#primaryimage\"},\"thumbnailUrl\":\"https:\\\/\\\/miklostv.com\\\/new\\\/wp-content\\\/uploads\\\/2020\\\/06\\\/bicycle-1313892_1920.jpg\",\"articleSection\":[\"A l\u00e9nyeg r\u00f6viden\"],\"inLanguage\":\"hu\"},{\"@type\":\"WebPage\",\"@id\":\"https:\\\/\\\/miklostv.com\\\/new\\\/2020\\\/06\\\/17\\\/lakatoljon-okosan\\\/\",\"url\":\"https:\\\/\\\/miklostv.com\\\/new\\\/2020\\\/06\\\/17\\\/lakatoljon-okosan\\\/\",\"name\":\"LAKATOLJON OKOSAN! - Mikl\u00f3s TV\",\"isPartOf\":{\"@id\":\"https:\\\/\\\/miklostv.com\\\/new\\\/#website\"},\"primaryImageOfPage\":{\"@id\":\"https:\\\/\\\/miklostv.com\\\/new\\\/2020\\\/06\\\/17\\\/lakatoljon-okosan\\\/#primaryimage\"},\"image\":{\"@id\":\"https:\\\/\\\/miklostv.com\\\/new\\\/2020\\\/06\\\/17\\\/lakatoljon-okosan\\\/#primaryimage\"},\"thumbnailUrl\":\"https:\\\/\\\/miklostv.com\\\/new\\\/wp-content\\\/uploads\\\/2020\\\/06\\\/bicycle-1313892_1920.jpg\",\"datePublished\":\"2020-06-17T15:42:44+00:00\",\"dateModified\":\"2023-02-08T16:06:21+00:00\",\"author\":{\"@id\":\"https:\\\/\\\/miklostv.com\\\/new\\\/#\\\/schema\\\/person\\\/6339cdd0bbd336ec6345812e3958be3b\"},\"breadcrumb\":{\"@id\":\"https:\\\/\\\/miklostv.com\\\/new\\\/2020\\\/06\\\/17\\\/lakatoljon-okosan\\\/#breadcrumb\"},\"inLanguage\":\"hu\",\"potentialAction\":[{\"@type\":\"ReadAction\",\"target\":[\"https:\\\/\\\/miklostv.com\\\/new\\\/2020\\\/06\\\/17\\\/lakatoljon-okosan\\\/\"]}]},{\"@type\":\"ImageObject\",\"inLanguage\":\"hu\",\"@id\":\"https:\\\/\\\/miklostv.com\\\/new\\\/2020\\\/06\\\/17\\\/lakatoljon-okosan\\\/#primaryimage\",\"url\":\"https:\\\/\\\/miklostv.com\\\/new\\\/wp-content\\\/uploads\\\/2020\\\/06\\\/bicycle-1313892_1920.jpg\",\"contentUrl\":\"https:\\\/\\\/miklostv.com\\\/new\\\/wp-content\\\/uploads\\\/2020\\\/06\\\/bicycle-1313892_1920.jpg\",\"width\":960,\"height\":640,\"caption\":\"bicycle 1313892 1920\"},{\"@type\":\"BreadcrumbList\",\"@id\":\"https:\\\/\\\/miklostv.com\\\/new\\\/2020\\\/06\\\/17\\\/lakatoljon-okosan\\\/#breadcrumb\",\"itemListElement\":[{\"@type\":\"ListItem\",\"position\":1,\"name\":\"Kezd\u0151lap\",\"item\":\"https:\\\/\\\/miklostv.com\\\/new\\\/\"},{\"@type\":\"ListItem\",\"position\":2,\"name\":\"LAKATOLJON OKOSAN!\"}]},{\"@type\":\"WebSite\",\"@id\":\"https:\\\/\\\/miklostv.com\\\/new\\\/#website\",\"url\":\"https:\\\/\\\/miklostv.com\\\/new\\\/\",\"name\":\"Mikl\u00f3s TV\",\"description\":\"Mikl\u00f3s TV\",\"potentialAction\":[{\"@type\":\"SearchAction\",\"target\":{\"@type\":\"EntryPoint\",\"urlTemplate\":\"https:\\\/\\\/miklostv.com\\\/new\\\/?s={search_term_string}\"},\"query-input\":{\"@type\":\"PropertyValueSpecification\",\"valueRequired\":true,\"valueName\":\"search_term_string\"}}],\"inLanguage\":\"hu\"},{\"@type\":\"Person\",\"@id\":\"https:\\\/\\\/miklostv.com\\\/new\\\/#\\\/schema\\\/person\\\/6339cdd0bbd336ec6345812e3958be3b\",\"name\":\"S\u00e1ndor\",\"sameAs\":[\"https:\\\/\\\/miklostv.com\\\/new\"],\"url\":\"https:\\\/\\\/miklostv.com\\\/new\\\/author\\\/sanyi\\\/\"}]}<\/script>\n<!-- \/ Yoast SEO plugin. -->","yoast_head_json":{"title":"LAKATOLJON OKOSAN! - Mikl\u00f3s TV","robots":{"index":"index","follow":"follow","max-snippet":"max-snippet:-1","max-image-preview":"max-image-preview:large","max-video-preview":"max-video-preview:-1"},"canonical":"https:\/\/miklostv.com\/new\/2020\/06\/17\/lakatoljon-okosan\/","og_locale":"hu_HU","og_type":"article","og_title":"LAKATOLJON OKOSAN! - Mikl\u00f3s TV","og_description":"A J\u00e1sz-Nagykun-Szolnok Megyei Rend\u0151r-f\u0151kapit\u00e1nys\u00e1g ker\u00e9kp\u00e1rlop\u00e1sok megel\u0151z\u00e9s\u00e9t c\u00e9lz\u00f3 aj\u00e1nl\u00e1sai. A ny\u00e1ron egyre t\u00f6bben veszik el\u0151 ker\u00e9kp\u00e1rjukat, hogy biciklivel jussanak el a c\u00e9l\u00e1llom\u00e1sig. Fontos, hogy a ker\u00e9kp\u00e1rok v\u00e9delm\u00e9r\u0151l ilyenkor se feledkezz\u00fcnk meg! N\u00e9h\u00e1ny m\u00e1sodperc is elegend\u0151, hogy a tolvaj a k\u00f6nny\u0171 pr\u00e9d\u00e1t megszerezze, azonban\u00a0 kell\u0151 \u00f3vatoss\u00e1ggal \u00e9s megfelel\u0151 v\u00e9delmi eszk\u00f6z\u00f6kkel, m\u00f3dszerekkel ezeknek a b\u0171ncselekm\u00e9nyeknek egy r\u00e9sze megel\u0151zhet\u0151. A J\u00e1sz-Nagykun-Szolnok Megyei Rend\u0151r-f\u0151kapit\u00e1nys\u00e1g tan\u00e1csai: Soha ne felejtse el lelakatolni a biciklit! Forgalmas, j\u00f3l l\u00e1that\u00f3 \u2013 ne eldugott utc\u00e1ban, kapualjban \u2013 hagyja a ker\u00e9kp\u00e1rt! Haszn\u00e1ljon min\u0151s\u00e9gi z\u00e1rat! A ker\u00e9kp\u00e1rz\u00e1r min\u0151s\u00e9ge \u00e1lljon ar\u00e1nyban a ker\u00e9kp\u00e1r \u00e1r\u00e1val!&hellip;","og_url":"https:\/\/miklostv.com\/new\/2020\/06\/17\/lakatoljon-okosan\/","og_site_name":"Mikl\u00f3s TV","article_published_time":"2020-06-17T15:42:44+00:00","article_modified_time":"2023-02-08T16:06:21+00:00","og_image":[{"width":960,"height":640,"url":"https:\/\/miklostv.com\/new\/wp-content\/uploads\/2020\/06\/bicycle-1313892_1920.jpg","type":"image\/jpeg"}],"author":"S\u00e1ndor","twitter_card":"summary_large_image","twitter_misc":{"Szerz\u0151:":"S\u00e1ndor","Becs\u00fclt olvas\u00e1si id\u0151":"2 perc"},"schema":{"@context":"https:\/\/schema.org","@graph":[{"@type":"NewsArticle","@id":"https:\/\/miklostv.com\/new\/2020\/06\/17\/lakatoljon-okosan\/#article","isPartOf":{"@id":"https:\/\/miklostv.com\/new\/2020\/06\/17\/lakatoljon-okosan\/"},"author":{"name":"S\u00e1ndor","@id":"https:\/\/miklostv.com\/new\/#\/schema\/person\/6339cdd0bbd336ec6345812e3958be3b"},"headline":"LAKATOLJON OKOSAN!","datePublished":"2020-06-17T15:42:44+00:00","dateModified":"2023-02-08T16:06:21+00:00","mainEntityOfPage":{"@id":"https:\/\/miklostv.com\/new\/2020\/06\/17\/lakatoljon-okosan\/"},"wordCount":341,"commentCount":0,"image":{"@id":"https:\/\/miklostv.com\/new\/2020\/06\/17\/lakatoljon-okosan\/#primaryimage"},"thumbnailUrl":"https:\/\/miklostv.com\/new\/wp-content\/uploads\/2020\/06\/bicycle-1313892_1920.jpg","articleSection":["A l\u00e9nyeg r\u00f6viden"],"inLanguage":"hu"},{"@type":"WebPage","@id":"https:\/\/miklostv.com\/new\/2020\/06\/17\/lakatoljon-okosan\/","url":"https:\/\/miklostv.com\/new\/2020\/06\/17\/lakatoljon-okosan\/","name":"LAKATOLJON OKOSAN! - Mikl\u00f3s TV","isPartOf":{"@id":"https:\/\/miklostv.com\/new\/#website"},"primaryImageOfPage":{"@id":"https:\/\/miklostv.com\/new\/2020\/06\/17\/lakatoljon-okosan\/#primaryimage"},"image":{"@id":"https:\/\/miklostv.com\/new\/2020\/06\/17\/lakatoljon-okosan\/#primaryimage"},"thumbnailUrl":"https:\/\/miklostv.com\/new\/wp-content\/uploads\/2020\/06\/bicycle-1313892_1920.jpg","datePublished":"2020-06-17T15:42:44+00:00","dateModified":"2023-02-08T16:06:21+00:00","author":{"@id":"https:\/\/miklostv.com\/new\/#\/schema\/person\/6339cdd0bbd336ec6345812e3958be3b"},"breadcrumb":{"@id":"https:\/\/miklostv.com\/new\/2020\/06\/17\/lakatoljon-okosan\/#breadcrumb"},"inLanguage":"hu","potentialAction":[{"@type":"ReadAction","target":["https:\/\/miklostv.com\/new\/2020\/06\/17\/lakatoljon-okosan\/"]}]},{"@type":"ImageObject","inLanguage":"hu","@id":"https:\/\/miklostv.com\/new\/2020\/06\/17\/lakatoljon-okosan\/#primaryimage","url":"https:\/\/miklostv.com\/new\/wp-content\/uploads\/2020\/06\/bicycle-1313892_1920.jpg","contentUrl":"https:\/\/miklostv.com\/new\/wp-content\/uploads\/2020\/06\/bicycle-1313892_1920.jpg","width":960,"height":640,"caption":"bicycle 1313892 1920"},{"@type":"BreadcrumbList","@id":"https:\/\/miklostv.com\/new\/2020\/06\/17\/lakatoljon-okosan\/#breadcrumb","itemListElement":[{"@type":"ListItem","position":1,"name":"Kezd\u0151lap","item":"https:\/\/miklostv.com\/new\/"},{"@type":"ListItem","position":2,"name":"LAKATOLJON OKOSAN!"}]},{"@type":"WebSite","@id":"https:\/\/miklostv.com\/new\/#website","url":"https:\/\/miklostv.com\/new\/","name":"Mikl\u00f3s TV","description":"Mikl\u00f3s TV","potentialAction":[{"@type":"SearchAction","target":{"@type":"EntryPoint","urlTemplate":"https:\/\/miklostv.com\/new\/?s={search_term_string}"},"query-input":{"@type":"PropertyValueSpecification","valueRequired":true,"valueName":"search_term_string"}}],"inLanguage":"hu"},{"@type":"Person","@id":"https:\/\/miklostv.com\/new\/#\/schema\/person\/6339cdd0bbd336ec6345812e3958be3b","name":"S\u00e1ndor","sameAs":["https:\/\/miklostv.com\/new"],"url":"https:\/\/miklostv.com\/new\/author\/sanyi\/"}]}},"_links":{"self":[{"href":"https:\/\/miklostv.com\/new\/wp-json\/wp\/v2\/posts\/4304","targetHints":{"allow":["GET"]}}],"collection":[{"href":"https:\/\/miklostv.com\/new\/wp-json\/wp\/v2\/posts"}],"about":[{"href":"https:\/\/miklostv.com\/new\/wp-json\/wp\/v2\/types\/post"}],"author":[{"embeddable":true,"href":"https:\/\/miklostv.com\/new\/wp-json\/wp\/v2\/users\/1"}],"replies":[{"embeddable":true,"href":"https:\/\/miklostv.com\/new\/wp-json\/wp\/v2\/comments?post=4304"}],"version-history":[{"count":1,"href":"https:\/\/miklostv.com\/new\/wp-json\/wp\/v2\/posts\/4304\/revisions"}],"predecessor-version":[{"id":7681,"href":"https:\/\/miklostv.com\/new\/wp-json\/wp\/v2\/posts\/4304\/revisions\/7681"}],"wp:featuredmedia":[{"embeddable":true,"href":"https:\/\/miklostv.com\/new\/wp-json\/wp\/v2\/media\/4303"}],"wp:attachment":[{"href":"https:\/\/miklostv.com\/new\/wp-json\/wp\/v2\/media?parent=4304"}],"wp:term":[{"taxonomy":"category","embeddable":true,"href":"https:\/\/miklostv.com\/new\/wp-json\/wp\/v2\/categories?post=4304"},{"taxonomy":"post_tag","embeddable":true,"href":"https:\/\/miklostv.com\/new\/wp-json\/wp\/v2\/tags?post=4304"}],"curies":[{"name":"wp","href":"https:\/\/api.w.org\/{rel}","templated":true}]}}