{"id":4302,"date":"2020-06-17T07:59:30","date_gmt":"2020-06-17T07:59:30","guid":{"rendered":"https:\/\/miklostv.com\/new\/2020\/06\/17\/ismet-csak-egy-ujabb-magyar-allampolgarnal-mutattak-ki-az-uj-koronavirus-fertozest\/"},"modified":"2020-06-17T07:59:30","modified_gmt":"2020-06-17T07:59:30","slug":"ismet-csak-egy-ujabb-magyar-allampolgarnal-mutattak-ki-az-uj-koronavirus-fertozest","status":"publish","type":"post","link":"https:\/\/miklostv.com\/new\/2020\/06\/17\/ismet-csak-egy-ujabb-magyar-allampolgarnal-mutattak-ki-az-uj-koronavirus-fertozest\/","title":{"rendered":"ISM\u00c9T CSAK EGY \u00daJABB MAGYAR \u00c1LLAMPOLG\u00c1RN\u00c1L MUTATT\u00c1K KI AZ \u00daJ KORONAV\u00cdRUS-FERT\u0150Z\u00c9ST"},"content":{"rendered":"<div><span style=\"font-size: 12pt;\"><strong>Ism\u00e9t csak egy \u00fajabb magyar \u00e1llampolg\u00e1rn\u00e1l mutatt\u00e1k ki az \u00faj koronav\u00edrus-fert\u0151z\u00e9st (COVID-19), ezzel 4078 f\u0151re n\u0151tt a haz\u00e1nkban beazonos\u00edtott fert\u0151z\u00f6ttek sz\u00e1ma. Elhunyt k\u00e9t id\u0151s, kr\u00f3nikus beteg. Ezzel 567 f\u0151re emelkedett az elhunytak sz\u00e1ma, 2547-en pedig m\u00e1r meggy\u00f3gyultak.&nbsp;<\/strong><\/span><\/div>\n<div>&nbsp;<\/div>\n<div><\/div>\n<div>&nbsp;<\/div>\n<div><strong>Az akt\u00edv fert\u0151z\u00f6ttek sz\u00e1ma 964 f\u0151.<\/strong> Az akt\u00edv fert\u0151z\u00f6ttek 39%-a, az elhunytak 60%-a, a gy\u00f3gyultak 48 %-a budapesti. 210 koronav\u00edrusos beteget \u00e1polnak k\u00f3rh\u00e1zban, k\u00f6z\u00fcl\u00fck 16-an vannak l\u00e9legeztet\u0151g\u00e9pen.&nbsp;<\/div>\n<div>&nbsp;<\/div>\n<div>A parlament kedden elfogadta a vesz\u00e9lyhelyzet megsz\u00fcntet\u00e9s\u00e9r\u0151l sz\u00f3l\u00f3 t\u00f6rv\u00e9nyt, \u00e9s felhatalmazta a korm\u00e1nyt a k\u00fcl\u00f6nleges jogrend megsz\u00fcntet\u00e9s\u00e9re. Az Orsz\u00e1ggy\u0171l\u00e9s emellett megteremtette a j\u00e1rv\u00e1ny\u00fcgyi k\u00e9sz\u00fclts\u00e9g fenntart\u00e1s\u00e1hoz sz\u00fcks\u00e9ges jogszab\u00e1lyi h\u00e1tteret, eszerint a korm\u00e1ny eg\u00e9szs\u00e9g\u00fcgyi v\u00e1ls\u00e1ghelyzetet rendelhet el, amely j\u00e1rv\u00e1ny\u00fcgyi k\u00e9sz\u00fclts\u00e9gnek min\u0151s\u00fcl.&nbsp; A korm\u00e1ny mai \u00fcl\u00e9s\u00e9n t\u00e1rgyalja a vesz\u00e9lyhelyzet megsz\u00fcntet\u00e9s\u00e9vel kapcsolatos \u00e9s a v\u00e9dekez\u00e9s fenntart\u00e1s\u00e1hoz sz\u00fcks\u00e9ges tov\u00e1bbi l\u00e9p\u00e9seket.<\/div>\n<div>&nbsp;<\/div>\n<div>A vesz\u00e9lyhelyzet megsz\u00fcntet\u00e9s\u00e9t az teszi lehet\u0151v\u00e9, hogy sikeres volt a v\u00e9dekez\u00e9s els\u0151 szakasza. Az id\u0151ben meghozott int\u00e9zked\u00e9seknek \u00e9s a lakoss\u00e1g egy\u00fcttm\u0171k\u00f6d\u00e9s\u00e9nek k\u00f6sz\u00f6nhet\u0151en sok m\u00e1s orsz\u00e1ggal ellent\u00e9tben el tudtuk ker\u00fclni a t\u00f6meges megbeteged\u00e9seket \u00e9s a t\u00f6bb ezres hal\u00e1leseteket.&nbsp; Fokozatosan cs\u00f6kken az \u00faj \u00e9s az akt\u00edv fert\u0151z\u00f6ttek sz\u00e1ma, ugyanakkor a j\u00e1rv\u00e1ny\u00fcgyi k\u00e9sz\u00fclts\u00e9g fenntart\u00e1s\u00e1ra sz\u00fcks\u00e9g van, hiszen a pand\u00e9mia (vil\u00e1gj\u00e1rv\u00e1ny) jelenleg is tart, a koronav\u00edrus tov\u00e1bbra is itt van \u00e9s fert\u0151z. A j\u00e1rv\u00e1ny alakul\u00e1s\u00e1t ez\u00e9rt tov\u00e1bbra is kiemelten figyelemmel k\u00f6veti a korm\u00e1ny, a j\u00e1rv\u00e1ny\u00fcgyi hat\u00f3s\u00e1g, tov\u00e1bbra is m\u0171k\u00f6dik az Operat\u00edv T\u00f6rzs, \u00e9s ha valahol fel\u00fcti a fej\u00e9t a fert\u0151z\u00e9s, akkor elrendeli a j\u00e1rv\u00e1ny\u00fcgyi bevet\u00e9si egys\u00e9g beavatkoz\u00e1s\u00e1t.<\/div>\n<div>&nbsp;<\/div>\n<div>A koronav\u00edrus-j\u00e1rv\u00e1ny eddigi magyarorsz\u00e1gi lefoly\u00e1s\u00e1r\u00f3l r\u00e9szletes \u00f6sszefoglal\u00f3 elemz\u00e9st adunk az Operat\u00edv T\u00f6rzs 11 \u00f3rakor kezd\u0151d\u0151 sajt\u00f3t\u00e1j\u00e9koztat\u00f3j\u00e1n.<\/p>\n<p>forr\u00e1s: <a href=\"https:\/\/koronavirus.gov.hu\/cikkek\/egy-fovel-emelkedett-beazonositott-fertozottek-szama-es-elhunyt-ket-idos-kronikus-beteg\" target=\"_blank\" rel=\"noopener\">koronavirus.go.hu<\/a><br \/>k\u00e9p: MTI\/Balogh Zolt\u00e1n<\/p>\n<\/div>\n","protected":false},"excerpt":{"rendered":"<p>Ism\u00e9t csak egy \u00fajabb magyar \u00e1llampolg\u00e1rn\u00e1l mutatt\u00e1k ki az \u00faj koronav\u00edrus-fert\u0151z\u00e9st (COVID-19), ezzel 4078 f\u0151re n\u0151tt a haz\u00e1nkban beazonos\u00edtott fert\u0151z\u00f6ttek sz\u00e1ma. Elhunyt k\u00e9t id\u0151s, kr\u00f3nikus beteg. Ezzel 567 f\u0151re emelkedett az elhunytak sz\u00e1ma, 2547-en pedig m\u00e1r meggy\u00f3gyultak.&nbsp; &nbsp; &nbsp; Az akt\u00edv fert\u0151z\u00f6ttek sz\u00e1ma 964 f\u0151. Az akt\u00edv fert\u0151z\u00f6ttek 39%-a, az elhunytak 60%-a, a gy\u00f3gyultak 48 %-a budapesti. 210 koronav\u00edrusos beteget \u00e1polnak k\u00f3rh\u00e1zban, k\u00f6z\u00fcl\u00fck 16-an vannak l\u00e9legeztet\u0151g\u00e9pen.&nbsp; &nbsp; A parlament kedden elfogadta a vesz\u00e9lyhelyzet megsz\u00fcntet\u00e9s\u00e9r\u0151l sz\u00f3l\u00f3 t\u00f6rv\u00e9nyt, \u00e9s felhatalmazta a korm\u00e1nyt a k\u00fcl\u00f6nleges jogrend megsz\u00fcntet\u00e9s\u00e9re. Az Orsz\u00e1ggy\u0171l\u00e9s emellett megteremtette a j\u00e1rv\u00e1ny\u00fcgyi&hellip;<\/p>\n","protected":false},"author":1,"featured_media":4301,"comment_status":"open","ping_status":"open","sticky":false,"template":"","format":"standard","meta":{"fifu_image_url":"","fifu_image_alt":"","footnotes":""},"categories":[32],"tags":[],"class_list":["post-4302","post","type-post","status-publish","format-standard","has-post-thumbnail","hentry","category-hirek2"],"gutentor_comment":0,"yoast_head":"<!-- This site is optimized with the Yoast SEO plugin v27.5 - https:\/\/yoast.com\/product\/yoast-seo-wordpress\/ -->\n<title>ISM\u00c9T CSAK EGY \u00daJABB MAGYAR \u00c1LLAMPOLG\u00c1RN\u00c1L MUTATT\u00c1K KI AZ \u00daJ KORONAV\u00cdRUS-FERT\u0150Z\u00c9ST - Mikl\u00f3s TV<\/title>\n<meta name=\"robots\" content=\"index, follow, max-snippet:-1, max-image-preview:large, max-video-preview:-1\" \/>\n<link rel=\"canonical\" href=\"https:\/\/miklostv.com\/new\/2020\/06\/17\/ismet-csak-egy-ujabb-magyar-allampolgarnal-mutattak-ki-az-uj-koronavirus-fertozest\/\" \/>\n<meta property=\"og:locale\" content=\"hu_HU\" \/>\n<meta property=\"og:type\" content=\"article\" \/>\n<meta property=\"og:title\" content=\"ISM\u00c9T CSAK EGY \u00daJABB MAGYAR \u00c1LLAMPOLG\u00c1RN\u00c1L MUTATT\u00c1K KI AZ \u00daJ KORONAV\u00cdRUS-FERT\u0150Z\u00c9ST - Mikl\u00f3s TV\" \/>\n<meta property=\"og:description\" content=\"Ism\u00e9t csak egy \u00fajabb magyar \u00e1llampolg\u00e1rn\u00e1l mutatt\u00e1k ki az \u00faj koronav\u00edrus-fert\u0151z\u00e9st (COVID-19), ezzel 4078 f\u0151re n\u0151tt a haz\u00e1nkban beazonos\u00edtott fert\u0151z\u00f6ttek sz\u00e1ma. Elhunyt k\u00e9t id\u0151s, kr\u00f3nikus beteg. Ezzel 567 f\u0151re emelkedett az elhunytak sz\u00e1ma, 2547-en pedig m\u00e1r meggy\u00f3gyultak.&nbsp; &nbsp; &nbsp; Az akt\u00edv fert\u0151z\u00f6ttek sz\u00e1ma 964 f\u0151. Az akt\u00edv fert\u0151z\u00f6ttek 39%-a, az elhunytak 60%-a, a gy\u00f3gyultak 48 %-a budapesti. 210 koronav\u00edrusos beteget \u00e1polnak k\u00f3rh\u00e1zban, k\u00f6z\u00fcl\u00fck 16-an vannak l\u00e9legeztet\u0151g\u00e9pen.&nbsp; &nbsp; A parlament kedden elfogadta a vesz\u00e9lyhelyzet megsz\u00fcntet\u00e9s\u00e9r\u0151l sz\u00f3l\u00f3 t\u00f6rv\u00e9nyt, \u00e9s felhatalmazta a korm\u00e1nyt a k\u00fcl\u00f6nleges jogrend megsz\u00fcntet\u00e9s\u00e9re. Az Orsz\u00e1ggy\u0171l\u00e9s emellett megteremtette a j\u00e1rv\u00e1ny\u00fcgyi&hellip;\" \/>\n<meta property=\"og:url\" content=\"https:\/\/miklostv.com\/new\/2020\/06\/17\/ismet-csak-egy-ujabb-magyar-allampolgarnal-mutattak-ki-az-uj-koronavirus-fertozest\/\" \/>\n<meta property=\"og:site_name\" content=\"Mikl\u00f3s TV\" \/>\n<meta property=\"article:published_time\" content=\"2020-06-17T07:59:30+00:00\" \/>\n<meta property=\"og:image\" content=\"https:\/\/miklostv.com\/new\/wp-content\/uploads\/2020\/06\/MTIBalogh_Zoltan28-scaled.jpg\" \/>\n\t<meta property=\"og:image:width\" content=\"2560\" \/>\n\t<meta property=\"og:image:height\" content=\"1704\" \/>\n\t<meta property=\"og:image:type\" content=\"image\/jpeg\" \/>\n<meta name=\"author\" content=\"S\u00e1ndor\" \/>\n<meta name=\"twitter:card\" content=\"summary_large_image\" \/>\n<meta name=\"twitter:label1\" content=\"Szerz\u0151:\" \/>\n\t<meta name=\"twitter:data1\" content=\"S\u00e1ndor\" \/>\n\t<meta name=\"twitter:label2\" content=\"Becs\u00fclt olvas\u00e1si id\u0151\" \/>\n\t<meta name=\"twitter:data2\" content=\"2 perc\" \/>\n<script type=\"application\/ld+json\" class=\"yoast-schema-graph\">{\"@context\":\"https:\\\/\\\/schema.org\",\"@graph\":[{\"@type\":\"NewsArticle\",\"@id\":\"https:\\\/\\\/miklostv.com\\\/new\\\/2020\\\/06\\\/17\\\/ismet-csak-egy-ujabb-magyar-allampolgarnal-mutattak-ki-az-uj-koronavirus-fertozest\\\/#article\",\"isPartOf\":{\"@id\":\"https:\\\/\\\/miklostv.com\\\/new\\\/2020\\\/06\\\/17\\\/ismet-csak-egy-ujabb-magyar-allampolgarnal-mutattak-ki-az-uj-koronavirus-fertozest\\\/\"},\"author\":{\"name\":\"S\u00e1ndor\",\"@id\":\"https:\\\/\\\/miklostv.com\\\/new\\\/#\\\/schema\\\/person\\\/6339cdd0bbd336ec6345812e3958be3b\"},\"headline\":\"ISM\u00c9T CSAK EGY \u00daJABB MAGYAR \u00c1LLAMPOLG\u00c1RN\u00c1L MUTATT\u00c1K KI AZ \u00daJ KORONAV\u00cdRUS-FERT\u0150Z\u00c9ST\",\"datePublished\":\"2020-06-17T07:59:30+00:00\",\"mainEntityOfPage\":{\"@id\":\"https:\\\/\\\/miklostv.com\\\/new\\\/2020\\\/06\\\/17\\\/ismet-csak-egy-ujabb-magyar-allampolgarnal-mutattak-ki-az-uj-koronavirus-fertozest\\\/\"},\"wordCount\":463,\"commentCount\":0,\"image\":{\"@id\":\"https:\\\/\\\/miklostv.com\\\/new\\\/2020\\\/06\\\/17\\\/ismet-csak-egy-ujabb-magyar-allampolgarnal-mutattak-ki-az-uj-koronavirus-fertozest\\\/#primaryimage\"},\"thumbnailUrl\":\"https:\\\/\\\/miklostv.com\\\/new\\\/wp-content\\\/uploads\\\/2020\\\/06\\\/MTIBalogh_Zoltan28-scaled.jpg\",\"articleSection\":[\"A l\u00e9nyeg r\u00f6viden\"],\"inLanguage\":\"hu\"},{\"@type\":\"WebPage\",\"@id\":\"https:\\\/\\\/miklostv.com\\\/new\\\/2020\\\/06\\\/17\\\/ismet-csak-egy-ujabb-magyar-allampolgarnal-mutattak-ki-az-uj-koronavirus-fertozest\\\/\",\"url\":\"https:\\\/\\\/miklostv.com\\\/new\\\/2020\\\/06\\\/17\\\/ismet-csak-egy-ujabb-magyar-allampolgarnal-mutattak-ki-az-uj-koronavirus-fertozest\\\/\",\"name\":\"ISM\u00c9T CSAK EGY \u00daJABB MAGYAR \u00c1LLAMPOLG\u00c1RN\u00c1L MUTATT\u00c1K KI AZ \u00daJ KORONAV\u00cdRUS-FERT\u0150Z\u00c9ST - Mikl\u00f3s TV\",\"isPartOf\":{\"@id\":\"https:\\\/\\\/miklostv.com\\\/new\\\/#website\"},\"primaryImageOfPage\":{\"@id\":\"https:\\\/\\\/miklostv.com\\\/new\\\/2020\\\/06\\\/17\\\/ismet-csak-egy-ujabb-magyar-allampolgarnal-mutattak-ki-az-uj-koronavirus-fertozest\\\/#primaryimage\"},\"image\":{\"@id\":\"https:\\\/\\\/miklostv.com\\\/new\\\/2020\\\/06\\\/17\\\/ismet-csak-egy-ujabb-magyar-allampolgarnal-mutattak-ki-az-uj-koronavirus-fertozest\\\/#primaryimage\"},\"thumbnailUrl\":\"https:\\\/\\\/miklostv.com\\\/new\\\/wp-content\\\/uploads\\\/2020\\\/06\\\/MTIBalogh_Zoltan28-scaled.jpg\",\"datePublished\":\"2020-06-17T07:59:30+00:00\",\"author\":{\"@id\":\"https:\\\/\\\/miklostv.com\\\/new\\\/#\\\/schema\\\/person\\\/6339cdd0bbd336ec6345812e3958be3b\"},\"breadcrumb\":{\"@id\":\"https:\\\/\\\/miklostv.com\\\/new\\\/2020\\\/06\\\/17\\\/ismet-csak-egy-ujabb-magyar-allampolgarnal-mutattak-ki-az-uj-koronavirus-fertozest\\\/#breadcrumb\"},\"inLanguage\":\"hu\",\"potentialAction\":[{\"@type\":\"ReadAction\",\"target\":[\"https:\\\/\\\/miklostv.com\\\/new\\\/2020\\\/06\\\/17\\\/ismet-csak-egy-ujabb-magyar-allampolgarnal-mutattak-ki-az-uj-koronavirus-fertozest\\\/\"]}]},{\"@type\":\"ImageObject\",\"inLanguage\":\"hu\",\"@id\":\"https:\\\/\\\/miklostv.com\\\/new\\\/2020\\\/06\\\/17\\\/ismet-csak-egy-ujabb-magyar-allampolgarnal-mutattak-ki-az-uj-koronavirus-fertozest\\\/#primaryimage\",\"url\":\"https:\\\/\\\/miklostv.com\\\/new\\\/wp-content\\\/uploads\\\/2020\\\/06\\\/MTIBalogh_Zoltan28-scaled.jpg\",\"contentUrl\":\"https:\\\/\\\/miklostv.com\\\/new\\\/wp-content\\\/uploads\\\/2020\\\/06\\\/MTIBalogh_Zoltan28-scaled.jpg\",\"width\":2560,\"height\":1704,\"caption\":\"MTIBalogh Zolt\u00e1n28\"},{\"@type\":\"BreadcrumbList\",\"@id\":\"https:\\\/\\\/miklostv.com\\\/new\\\/2020\\\/06\\\/17\\\/ismet-csak-egy-ujabb-magyar-allampolgarnal-mutattak-ki-az-uj-koronavirus-fertozest\\\/#breadcrumb\",\"itemListElement\":[{\"@type\":\"ListItem\",\"position\":1,\"name\":\"Kezd\u0151lap\",\"item\":\"https:\\\/\\\/miklostv.com\\\/new\\\/\"},{\"@type\":\"ListItem\",\"position\":2,\"name\":\"ISM\u00c9T CSAK EGY \u00daJABB MAGYAR \u00c1LLAMPOLG\u00c1RN\u00c1L MUTATT\u00c1K KI AZ \u00daJ KORONAV\u00cdRUS-FERT\u0150Z\u00c9ST\"}]},{\"@type\":\"WebSite\",\"@id\":\"https:\\\/\\\/miklostv.com\\\/new\\\/#website\",\"url\":\"https:\\\/\\\/miklostv.com\\\/new\\\/\",\"name\":\"Mikl\u00f3s TV\",\"description\":\"Mikl\u00f3s TV\",\"potentialAction\":[{\"@type\":\"SearchAction\",\"target\":{\"@type\":\"EntryPoint\",\"urlTemplate\":\"https:\\\/\\\/miklostv.com\\\/new\\\/?s={search_term_string}\"},\"query-input\":{\"@type\":\"PropertyValueSpecification\",\"valueRequired\":true,\"valueName\":\"search_term_string\"}}],\"inLanguage\":\"hu\"},{\"@type\":\"Person\",\"@id\":\"https:\\\/\\\/miklostv.com\\\/new\\\/#\\\/schema\\\/person\\\/6339cdd0bbd336ec6345812e3958be3b\",\"name\":\"S\u00e1ndor\",\"sameAs\":[\"https:\\\/\\\/miklostv.com\\\/new\"],\"url\":\"https:\\\/\\\/miklostv.com\\\/new\\\/author\\\/sanyi\\\/\"}]}<\/script>\n<!-- \/ Yoast SEO plugin. -->","yoast_head_json":{"title":"ISM\u00c9T CSAK EGY \u00daJABB MAGYAR \u00c1LLAMPOLG\u00c1RN\u00c1L MUTATT\u00c1K KI AZ \u00daJ KORONAV\u00cdRUS-FERT\u0150Z\u00c9ST - Mikl\u00f3s TV","robots":{"index":"index","follow":"follow","max-snippet":"max-snippet:-1","max-image-preview":"max-image-preview:large","max-video-preview":"max-video-preview:-1"},"canonical":"https:\/\/miklostv.com\/new\/2020\/06\/17\/ismet-csak-egy-ujabb-magyar-allampolgarnal-mutattak-ki-az-uj-koronavirus-fertozest\/","og_locale":"hu_HU","og_type":"article","og_title":"ISM\u00c9T CSAK EGY \u00daJABB MAGYAR \u00c1LLAMPOLG\u00c1RN\u00c1L MUTATT\u00c1K KI AZ \u00daJ KORONAV\u00cdRUS-FERT\u0150Z\u00c9ST - Mikl\u00f3s TV","og_description":"Ism\u00e9t csak egy \u00fajabb magyar \u00e1llampolg\u00e1rn\u00e1l mutatt\u00e1k ki az \u00faj koronav\u00edrus-fert\u0151z\u00e9st (COVID-19), ezzel 4078 f\u0151re n\u0151tt a haz\u00e1nkban beazonos\u00edtott fert\u0151z\u00f6ttek sz\u00e1ma. Elhunyt k\u00e9t id\u0151s, kr\u00f3nikus beteg. Ezzel 567 f\u0151re emelkedett az elhunytak sz\u00e1ma, 2547-en pedig m\u00e1r meggy\u00f3gyultak.&nbsp; &nbsp; &nbsp; Az akt\u00edv fert\u0151z\u00f6ttek sz\u00e1ma 964 f\u0151. Az akt\u00edv fert\u0151z\u00f6ttek 39%-a, az elhunytak 60%-a, a gy\u00f3gyultak 48 %-a budapesti. 210 koronav\u00edrusos beteget \u00e1polnak k\u00f3rh\u00e1zban, k\u00f6z\u00fcl\u00fck 16-an vannak l\u00e9legeztet\u0151g\u00e9pen.&nbsp; &nbsp; A parlament kedden elfogadta a vesz\u00e9lyhelyzet megsz\u00fcntet\u00e9s\u00e9r\u0151l sz\u00f3l\u00f3 t\u00f6rv\u00e9nyt, \u00e9s felhatalmazta a korm\u00e1nyt a k\u00fcl\u00f6nleges jogrend megsz\u00fcntet\u00e9s\u00e9re. Az Orsz\u00e1ggy\u0171l\u00e9s emellett megteremtette a j\u00e1rv\u00e1ny\u00fcgyi&hellip;","og_url":"https:\/\/miklostv.com\/new\/2020\/06\/17\/ismet-csak-egy-ujabb-magyar-allampolgarnal-mutattak-ki-az-uj-koronavirus-fertozest\/","og_site_name":"Mikl\u00f3s TV","article_published_time":"2020-06-17T07:59:30+00:00","og_image":[{"width":2560,"height":1704,"url":"https:\/\/miklostv.com\/new\/wp-content\/uploads\/2020\/06\/MTIBalogh_Zoltan28-scaled.jpg","type":"image\/jpeg"}],"author":"S\u00e1ndor","twitter_card":"summary_large_image","twitter_misc":{"Szerz\u0151:":"S\u00e1ndor","Becs\u00fclt olvas\u00e1si id\u0151":"2 perc"},"schema":{"@context":"https:\/\/schema.org","@graph":[{"@type":"NewsArticle","@id":"https:\/\/miklostv.com\/new\/2020\/06\/17\/ismet-csak-egy-ujabb-magyar-allampolgarnal-mutattak-ki-az-uj-koronavirus-fertozest\/#article","isPartOf":{"@id":"https:\/\/miklostv.com\/new\/2020\/06\/17\/ismet-csak-egy-ujabb-magyar-allampolgarnal-mutattak-ki-az-uj-koronavirus-fertozest\/"},"author":{"name":"S\u00e1ndor","@id":"https:\/\/miklostv.com\/new\/#\/schema\/person\/6339cdd0bbd336ec6345812e3958be3b"},"headline":"ISM\u00c9T CSAK EGY \u00daJABB MAGYAR \u00c1LLAMPOLG\u00c1RN\u00c1L MUTATT\u00c1K KI AZ \u00daJ KORONAV\u00cdRUS-FERT\u0150Z\u00c9ST","datePublished":"2020-06-17T07:59:30+00:00","mainEntityOfPage":{"@id":"https:\/\/miklostv.com\/new\/2020\/06\/17\/ismet-csak-egy-ujabb-magyar-allampolgarnal-mutattak-ki-az-uj-koronavirus-fertozest\/"},"wordCount":463,"commentCount":0,"image":{"@id":"https:\/\/miklostv.com\/new\/2020\/06\/17\/ismet-csak-egy-ujabb-magyar-allampolgarnal-mutattak-ki-az-uj-koronavirus-fertozest\/#primaryimage"},"thumbnailUrl":"https:\/\/miklostv.com\/new\/wp-content\/uploads\/2020\/06\/MTIBalogh_Zoltan28-scaled.jpg","articleSection":["A l\u00e9nyeg r\u00f6viden"],"inLanguage":"hu"},{"@type":"WebPage","@id":"https:\/\/miklostv.com\/new\/2020\/06\/17\/ismet-csak-egy-ujabb-magyar-allampolgarnal-mutattak-ki-az-uj-koronavirus-fertozest\/","url":"https:\/\/miklostv.com\/new\/2020\/06\/17\/ismet-csak-egy-ujabb-magyar-allampolgarnal-mutattak-ki-az-uj-koronavirus-fertozest\/","name":"ISM\u00c9T CSAK EGY \u00daJABB MAGYAR \u00c1LLAMPOLG\u00c1RN\u00c1L MUTATT\u00c1K KI AZ \u00daJ KORONAV\u00cdRUS-FERT\u0150Z\u00c9ST - Mikl\u00f3s TV","isPartOf":{"@id":"https:\/\/miklostv.com\/new\/#website"},"primaryImageOfPage":{"@id":"https:\/\/miklostv.com\/new\/2020\/06\/17\/ismet-csak-egy-ujabb-magyar-allampolgarnal-mutattak-ki-az-uj-koronavirus-fertozest\/#primaryimage"},"image":{"@id":"https:\/\/miklostv.com\/new\/2020\/06\/17\/ismet-csak-egy-ujabb-magyar-allampolgarnal-mutattak-ki-az-uj-koronavirus-fertozest\/#primaryimage"},"thumbnailUrl":"https:\/\/miklostv.com\/new\/wp-content\/uploads\/2020\/06\/MTIBalogh_Zoltan28-scaled.jpg","datePublished":"2020-06-17T07:59:30+00:00","author":{"@id":"https:\/\/miklostv.com\/new\/#\/schema\/person\/6339cdd0bbd336ec6345812e3958be3b"},"breadcrumb":{"@id":"https:\/\/miklostv.com\/new\/2020\/06\/17\/ismet-csak-egy-ujabb-magyar-allampolgarnal-mutattak-ki-az-uj-koronavirus-fertozest\/#breadcrumb"},"inLanguage":"hu","potentialAction":[{"@type":"ReadAction","target":["https:\/\/miklostv.com\/new\/2020\/06\/17\/ismet-csak-egy-ujabb-magyar-allampolgarnal-mutattak-ki-az-uj-koronavirus-fertozest\/"]}]},{"@type":"ImageObject","inLanguage":"hu","@id":"https:\/\/miklostv.com\/new\/2020\/06\/17\/ismet-csak-egy-ujabb-magyar-allampolgarnal-mutattak-ki-az-uj-koronavirus-fertozest\/#primaryimage","url":"https:\/\/miklostv.com\/new\/wp-content\/uploads\/2020\/06\/MTIBalogh_Zoltan28-scaled.jpg","contentUrl":"https:\/\/miklostv.com\/new\/wp-content\/uploads\/2020\/06\/MTIBalogh_Zoltan28-scaled.jpg","width":2560,"height":1704,"caption":"MTIBalogh Zolt\u00e1n28"},{"@type":"BreadcrumbList","@id":"https:\/\/miklostv.com\/new\/2020\/06\/17\/ismet-csak-egy-ujabb-magyar-allampolgarnal-mutattak-ki-az-uj-koronavirus-fertozest\/#breadcrumb","itemListElement":[{"@type":"ListItem","position":1,"name":"Kezd\u0151lap","item":"https:\/\/miklostv.com\/new\/"},{"@type":"ListItem","position":2,"name":"ISM\u00c9T CSAK EGY \u00daJABB MAGYAR \u00c1LLAMPOLG\u00c1RN\u00c1L MUTATT\u00c1K KI AZ \u00daJ KORONAV\u00cdRUS-FERT\u0150Z\u00c9ST"}]},{"@type":"WebSite","@id":"https:\/\/miklostv.com\/new\/#website","url":"https:\/\/miklostv.com\/new\/","name":"Mikl\u00f3s TV","description":"Mikl\u00f3s TV","potentialAction":[{"@type":"SearchAction","target":{"@type":"EntryPoint","urlTemplate":"https:\/\/miklostv.com\/new\/?s={search_term_string}"},"query-input":{"@type":"PropertyValueSpecification","valueRequired":true,"valueName":"search_term_string"}}],"inLanguage":"hu"},{"@type":"Person","@id":"https:\/\/miklostv.com\/new\/#\/schema\/person\/6339cdd0bbd336ec6345812e3958be3b","name":"S\u00e1ndor","sameAs":["https:\/\/miklostv.com\/new"],"url":"https:\/\/miklostv.com\/new\/author\/sanyi\/"}]}},"_links":{"self":[{"href":"https:\/\/miklostv.com\/new\/wp-json\/wp\/v2\/posts\/4302","targetHints":{"allow":["GET"]}}],"collection":[{"href":"https:\/\/miklostv.com\/new\/wp-json\/wp\/v2\/posts"}],"about":[{"href":"https:\/\/miklostv.com\/new\/wp-json\/wp\/v2\/types\/post"}],"author":[{"embeddable":true,"href":"https:\/\/miklostv.com\/new\/wp-json\/wp\/v2\/users\/1"}],"replies":[{"embeddable":true,"href":"https:\/\/miklostv.com\/new\/wp-json\/wp\/v2\/comments?post=4302"}],"version-history":[{"count":0,"href":"https:\/\/miklostv.com\/new\/wp-json\/wp\/v2\/posts\/4302\/revisions"}],"wp:featuredmedia":[{"embeddable":true,"href":"https:\/\/miklostv.com\/new\/wp-json\/wp\/v2\/media\/4301"}],"wp:attachment":[{"href":"https:\/\/miklostv.com\/new\/wp-json\/wp\/v2\/media?parent=4302"}],"wp:term":[{"taxonomy":"category","embeddable":true,"href":"https:\/\/miklostv.com\/new\/wp-json\/wp\/v2\/categories?post=4302"},{"taxonomy":"post_tag","embeddable":true,"href":"https:\/\/miklostv.com\/new\/wp-json\/wp\/v2\/tags?post=4302"}],"curies":[{"name":"wp","href":"https:\/\/api.w.org\/{rel}","templated":true}]}}