{"id":4300,"date":"2020-06-16T12:49:58","date_gmt":"2020-06-16T12:49:58","guid":{"rendered":"https:\/\/miklostv.com\/new\/2020\/06\/16\/lezart-nyomozas-halalos-kozuti-baleset-torokszentmikloson\/"},"modified":"2020-06-16T12:49:58","modified_gmt":"2020-06-16T12:49:58","slug":"lezart-nyomozas-halalos-kozuti-baleset-torokszentmikloson","status":"publish","type":"post","link":"https:\/\/miklostv.com\/new\/2020\/06\/16\/lezart-nyomozas-halalos-kozuti-baleset-torokszentmikloson\/","title":{"rendered":"LEZ\u00c1RT NYOMOZ\u00c1S \u2013 HAL\u00c1LOS K\u00d6Z\u00daTI BALESET T\u00d6R\u00d6KSZENTMIKL\u00d3SON"},"content":{"rendered":"<p><span style=\"font-size: 12pt;\"><strong>A rend\u0151r\u00f6k befejezt\u00e9k a nyomoz\u00e1st annak a f\u00e9rfinak az \u00fcgy\u00e9ben, aki elg\u00e1zolt egy ker\u00e9kp\u00e1rost.<\/strong><\/span><\/p>\n<p><span style=\"font-family: 'Palatino Linotype', 'Book Antiqua', Palatino, serif; font-size: 16px; font-weight: bold;\"><\/span><\/p>\n<p>Egy helyi lakos k\u00f6zlekedett szem\u00e9lyg\u00e9pkocsival T\u00f6r\u00f6kszentmikl\u00f3s belter\u00fclet\u00e9n 2019. december 15-\u00e9n 8 \u00f3ra 25 perc k\u00f6r\u00fcl, amikor az Alatkai \u00fat \u00e9s a V\u00e1s\u00e1rhelyi P\u00e1l \u00fat keresztez\u0151d\u00e9s\u00e9hez \u00e9rve nem biztos\u00edtott els\u0151bbs\u00e9get egy elektromos ker\u00e9kp\u00e1rral k\u00f6zleked\u0151 szem\u00e9lynek \u00e9s \u00f6ssze\u00fctk\u00f6ztek. A jogs\u00e9rt\u0151 meg\u00e1ll\u00e1s \u00e9s seg\u00edts\u00e9gny\u00fajt\u00e1s n\u00e9lk\u00fcl elhajtott a helysz\u00ednr\u0151l. A s\u00e9rtett a balesetet k\u00f6vet\u0151en a k\u00f3rh\u00e1zban elhal\u00e1lozott. A nyomoz\u00f3k seg\u00edts\u00e9gny\u00fajt\u00e1s elmulaszt\u00e1sa b\u0171ntett \u00e9s hal\u00e1los k\u00f6z\u00fati baleset gondatlan okoz\u00e1sa v\u00e9ts\u00e9g elk\u00f6vet\u00e9s\u00e9nek megalapozott gyan\u00faja miatt gyan\u00fas\u00edtottk\u00e9nt hallgatt\u00e1k ki a 35 \u00e9ves f\u00e9rfit.<span style=\"font-family: 'Palatino Linotype', 'Book Antiqua', Palatino, serif; font-size: 16px; font-weight: bold;\"><br \/><\/span><\/p>\n<p>A rend\u0151r\u00f6k a nyomoz\u00e1s vizsg\u00e1lati szakasz\u00e1ban a sz\u00fcks\u00e9ges elj\u00e1r\u00e1si cselekm\u00e9nyeket elv\u00e9gezt\u00e9k, \u00e9s a napokban nyomoz\u00e1s befejez\u00e9si javaslattal k\u00fcldt\u00e9k meg az iratokat a Szolnoki J\u00e1r\u00e1si \u00dcgy\u00e9szs\u00e9gre.<\/p>\n<p><img decoding=\"async\" class=\" size-full wp-image-4299\" src=\"https:\/\/miklostv.com\/new\/wp-content\/uploads\/2020\/06\/kormany-gk.jpg\" alt=\"korm\u00e1ny-gk.jpg\" width=\"1024\" srcset=\"https:\/\/miklostv.com\/new\/wp-content\/uploads\/2020\/06\/kormany-gk.jpg 1280w, https:\/\/miklostv.com\/new\/wp-content\/uploads\/2020\/06\/kormany-gk-300x225.jpg 300w, https:\/\/miklostv.com\/new\/wp-content\/uploads\/2020\/06\/kormany-gk-1024x768.jpg 1024w, https:\/\/miklostv.com\/new\/wp-content\/uploads\/2020\/06\/kormany-gk-768x576.jpg 768w\" sizes=\"(max-width: 1280px) 100vw, 1280px\" \/><\/p>\n<p>forr\u00e1s: <a href=\"http:\/\/www.police.hu\/hu\/hirek-es-informaciok\/legfrissebb-hireink\/kozlekedesrendeszet\/lezart-nyomozas-halalos-kozuti-baleset#1\" target=\"_blank\" rel=\"noopener\">police.hu<\/a><\/p>\n<p><span style=\"font-family: 'Palatino Linotype', 'Book Antiqua', Palatino, serif; font-size: 16px; font-weight: bold;\"><\/span><\/p>\n","protected":false},"excerpt":{"rendered":"<p>A rend\u0151r\u00f6k befejezt\u00e9k a nyomoz\u00e1st annak a f\u00e9rfinak az \u00fcgy\u00e9ben, aki elg\u00e1zolt egy ker\u00e9kp\u00e1rost. Egy helyi lakos k\u00f6zlekedett szem\u00e9lyg\u00e9pkocsival T\u00f6r\u00f6kszentmikl\u00f3s belter\u00fclet\u00e9n 2019. december 15-\u00e9n 8 \u00f3ra 25 perc k\u00f6r\u00fcl, amikor az Alatkai \u00fat \u00e9s a V\u00e1s\u00e1rhelyi P\u00e1l \u00fat keresztez\u0151d\u00e9s\u00e9hez \u00e9rve nem biztos\u00edtott els\u0151bbs\u00e9get egy elektromos ker\u00e9kp\u00e1rral k\u00f6zleked\u0151 szem\u00e9lynek \u00e9s \u00f6ssze\u00fctk\u00f6ztek. A jogs\u00e9rt\u0151 meg\u00e1ll\u00e1s \u00e9s seg\u00edts\u00e9gny\u00fajt\u00e1s n\u00e9lk\u00fcl elhajtott a helysz\u00ednr\u0151l. A s\u00e9rtett a balesetet k\u00f6vet\u0151en a k\u00f3rh\u00e1zban elhal\u00e1lozott. A nyomoz\u00f3k seg\u00edts\u00e9gny\u00fajt\u00e1s elmulaszt\u00e1sa b\u0171ntett \u00e9s hal\u00e1los k\u00f6z\u00fati baleset gondatlan okoz\u00e1sa v\u00e9ts\u00e9g elk\u00f6vet\u00e9s\u00e9nek megalapozott gyan\u00faja miatt gyan\u00fas\u00edtottk\u00e9nt hallgatt\u00e1k ki a 35 \u00e9ves f\u00e9rfit.&hellip;<\/p>\n","protected":false},"author":1,"featured_media":4298,"comment_status":"open","ping_status":"open","sticky":false,"template":"","format":"standard","meta":{"fifu_image_url":"","fifu_image_alt":"","footnotes":""},"categories":[41],"tags":[],"class_list":["post-4300","post","type-post","status-publish","format-standard","has-post-thumbnail","hentry","category-rendorsegi-hirek"],"gutentor_comment":0,"yoast_head":"<!-- This site is optimized with the Yoast SEO plugin v27.5 - https:\/\/yoast.com\/product\/yoast-seo-wordpress\/ -->\n<title>LEZ\u00c1RT NYOMOZ\u00c1S \u2013 HAL\u00c1LOS K\u00d6Z\u00daTI BALESET T\u00d6R\u00d6KSZENTMIKL\u00d3SON - Mikl\u00f3s TV<\/title>\n<meta name=\"robots\" content=\"index, follow, max-snippet:-1, max-image-preview:large, max-video-preview:-1\" \/>\n<link rel=\"canonical\" href=\"https:\/\/miklostv.com\/new\/2020\/06\/16\/lezart-nyomozas-halalos-kozuti-baleset-torokszentmikloson\/\" \/>\n<meta property=\"og:locale\" content=\"hu_HU\" \/>\n<meta property=\"og:type\" content=\"article\" \/>\n<meta property=\"og:title\" content=\"LEZ\u00c1RT NYOMOZ\u00c1S \u2013 HAL\u00c1LOS K\u00d6Z\u00daTI BALESET T\u00d6R\u00d6KSZENTMIKL\u00d3SON - Mikl\u00f3s TV\" \/>\n<meta property=\"og:description\" content=\"A rend\u0151r\u00f6k befejezt\u00e9k a nyomoz\u00e1st annak a f\u00e9rfinak az \u00fcgy\u00e9ben, aki elg\u00e1zolt egy ker\u00e9kp\u00e1rost. Egy helyi lakos k\u00f6zlekedett szem\u00e9lyg\u00e9pkocsival T\u00f6r\u00f6kszentmikl\u00f3s belter\u00fclet\u00e9n 2019. december 15-\u00e9n 8 \u00f3ra 25 perc k\u00f6r\u00fcl, amikor az Alatkai \u00fat \u00e9s a V\u00e1s\u00e1rhelyi P\u00e1l \u00fat keresztez\u0151d\u00e9s\u00e9hez \u00e9rve nem biztos\u00edtott els\u0151bbs\u00e9get egy elektromos ker\u00e9kp\u00e1rral k\u00f6zleked\u0151 szem\u00e9lynek \u00e9s \u00f6ssze\u00fctk\u00f6ztek. A jogs\u00e9rt\u0151 meg\u00e1ll\u00e1s \u00e9s seg\u00edts\u00e9gny\u00fajt\u00e1s n\u00e9lk\u00fcl elhajtott a helysz\u00ednr\u0151l. A s\u00e9rtett a balesetet k\u00f6vet\u0151en a k\u00f3rh\u00e1zban elhal\u00e1lozott. A nyomoz\u00f3k seg\u00edts\u00e9gny\u00fajt\u00e1s elmulaszt\u00e1sa b\u0171ntett \u00e9s hal\u00e1los k\u00f6z\u00fati baleset gondatlan okoz\u00e1sa v\u00e9ts\u00e9g elk\u00f6vet\u00e9s\u00e9nek megalapozott gyan\u00faja miatt gyan\u00fas\u00edtottk\u00e9nt hallgatt\u00e1k ki a 35 \u00e9ves f\u00e9rfit.&hellip;\" \/>\n<meta property=\"og:url\" content=\"https:\/\/miklostv.com\/new\/2020\/06\/16\/lezart-nyomozas-halalos-kozuti-baleset-torokszentmikloson\/\" \/>\n<meta property=\"og:site_name\" content=\"Mikl\u00f3s TV\" \/>\n<meta property=\"article:published_time\" content=\"2020-06-16T12:49:58+00:00\" \/>\n<meta property=\"og:image\" content=\"https:\/\/miklostv.com\/new\/wp-content\/uploads\/2020\/06\/feloborult_kerekpar.jpg\" \/>\n\t<meta property=\"og:image:width\" content=\"376\" \/>\n\t<meta property=\"og:image:height\" content=\"250\" \/>\n\t<meta property=\"og:image:type\" content=\"image\/jpeg\" \/>\n<meta name=\"author\" content=\"S\u00e1ndor\" \/>\n<meta name=\"twitter:card\" content=\"summary_large_image\" \/>\n<meta name=\"twitter:label1\" content=\"Szerz\u0151:\" \/>\n\t<meta name=\"twitter:data1\" content=\"S\u00e1ndor\" \/>\n\t<meta name=\"twitter:label2\" content=\"Becs\u00fclt olvas\u00e1si id\u0151\" \/>\n\t<meta name=\"twitter:data2\" content=\"1 perc\" \/>\n<script type=\"application\/ld+json\" class=\"yoast-schema-graph\">{\"@context\":\"https:\\\/\\\/schema.org\",\"@graph\":[{\"@type\":\"NewsArticle\",\"@id\":\"https:\\\/\\\/miklostv.com\\\/new\\\/2020\\\/06\\\/16\\\/lezart-nyomozas-halalos-kozuti-baleset-torokszentmikloson\\\/#article\",\"isPartOf\":{\"@id\":\"https:\\\/\\\/miklostv.com\\\/new\\\/2020\\\/06\\\/16\\\/lezart-nyomozas-halalos-kozuti-baleset-torokszentmikloson\\\/\"},\"author\":{\"name\":\"S\u00e1ndor\",\"@id\":\"https:\\\/\\\/miklostv.com\\\/new\\\/#\\\/schema\\\/person\\\/6339cdd0bbd336ec6345812e3958be3b\"},\"headline\":\"LEZ\u00c1RT NYOMOZ\u00c1S \u2013 HAL\u00c1LOS K\u00d6Z\u00daTI BALESET T\u00d6R\u00d6KSZENTMIKL\u00d3SON\",\"datePublished\":\"2020-06-16T12:49:58+00:00\",\"mainEntityOfPage\":{\"@id\":\"https:\\\/\\\/miklostv.com\\\/new\\\/2020\\\/06\\\/16\\\/lezart-nyomozas-halalos-kozuti-baleset-torokszentmikloson\\\/\"},\"wordCount\":223,\"commentCount\":0,\"image\":{\"@id\":\"https:\\\/\\\/miklostv.com\\\/new\\\/2020\\\/06\\\/16\\\/lezart-nyomozas-halalos-kozuti-baleset-torokszentmikloson\\\/#primaryimage\"},\"thumbnailUrl\":\"https:\\\/\\\/miklostv.com\\\/new\\\/wp-content\\\/uploads\\\/2020\\\/06\\\/feloborult_kerekpar.jpg\",\"articleSection\":[\"Rend\u0151rs\u00e9gi h\u00edrek\"],\"inLanguage\":\"hu\"},{\"@type\":\"WebPage\",\"@id\":\"https:\\\/\\\/miklostv.com\\\/new\\\/2020\\\/06\\\/16\\\/lezart-nyomozas-halalos-kozuti-baleset-torokszentmikloson\\\/\",\"url\":\"https:\\\/\\\/miklostv.com\\\/new\\\/2020\\\/06\\\/16\\\/lezart-nyomozas-halalos-kozuti-baleset-torokszentmikloson\\\/\",\"name\":\"LEZ\u00c1RT NYOMOZ\u00c1S \u2013 HAL\u00c1LOS K\u00d6Z\u00daTI BALESET T\u00d6R\u00d6KSZENTMIKL\u00d3SON - Mikl\u00f3s TV\",\"isPartOf\":{\"@id\":\"https:\\\/\\\/miklostv.com\\\/new\\\/#website\"},\"primaryImageOfPage\":{\"@id\":\"https:\\\/\\\/miklostv.com\\\/new\\\/2020\\\/06\\\/16\\\/lezart-nyomozas-halalos-kozuti-baleset-torokszentmikloson\\\/#primaryimage\"},\"image\":{\"@id\":\"https:\\\/\\\/miklostv.com\\\/new\\\/2020\\\/06\\\/16\\\/lezart-nyomozas-halalos-kozuti-baleset-torokszentmikloson\\\/#primaryimage\"},\"thumbnailUrl\":\"https:\\\/\\\/miklostv.com\\\/new\\\/wp-content\\\/uploads\\\/2020\\\/06\\\/feloborult_kerekpar.jpg\",\"datePublished\":\"2020-06-16T12:49:58+00:00\",\"author\":{\"@id\":\"https:\\\/\\\/miklostv.com\\\/new\\\/#\\\/schema\\\/person\\\/6339cdd0bbd336ec6345812e3958be3b\"},\"breadcrumb\":{\"@id\":\"https:\\\/\\\/miklostv.com\\\/new\\\/2020\\\/06\\\/16\\\/lezart-nyomozas-halalos-kozuti-baleset-torokszentmikloson\\\/#breadcrumb\"},\"inLanguage\":\"hu\",\"potentialAction\":[{\"@type\":\"ReadAction\",\"target\":[\"https:\\\/\\\/miklostv.com\\\/new\\\/2020\\\/06\\\/16\\\/lezart-nyomozas-halalos-kozuti-baleset-torokszentmikloson\\\/\"]}]},{\"@type\":\"ImageObject\",\"inLanguage\":\"hu\",\"@id\":\"https:\\\/\\\/miklostv.com\\\/new\\\/2020\\\/06\\\/16\\\/lezart-nyomozas-halalos-kozuti-baleset-torokszentmikloson\\\/#primaryimage\",\"url\":\"https:\\\/\\\/miklostv.com\\\/new\\\/wp-content\\\/uploads\\\/2020\\\/06\\\/feloborult_kerekpar.jpg\",\"contentUrl\":\"https:\\\/\\\/miklostv.com\\\/new\\\/wp-content\\\/uploads\\\/2020\\\/06\\\/feloborult_kerekpar.jpg\",\"width\":376,\"height\":250,\"caption\":\"feloborult ker\u00e9kp\u00e1r.jpg\"},{\"@type\":\"BreadcrumbList\",\"@id\":\"https:\\\/\\\/miklostv.com\\\/new\\\/2020\\\/06\\\/16\\\/lezart-nyomozas-halalos-kozuti-baleset-torokszentmikloson\\\/#breadcrumb\",\"itemListElement\":[{\"@type\":\"ListItem\",\"position\":1,\"name\":\"Kezd\u0151lap\",\"item\":\"https:\\\/\\\/miklostv.com\\\/new\\\/\"},{\"@type\":\"ListItem\",\"position\":2,\"name\":\"LEZ\u00c1RT NYOMOZ\u00c1S \u2013 HAL\u00c1LOS K\u00d6Z\u00daTI BALESET T\u00d6R\u00d6KSZENTMIKL\u00d3SON\"}]},{\"@type\":\"WebSite\",\"@id\":\"https:\\\/\\\/miklostv.com\\\/new\\\/#website\",\"url\":\"https:\\\/\\\/miklostv.com\\\/new\\\/\",\"name\":\"Mikl\u00f3s TV\",\"description\":\"Mikl\u00f3s TV\",\"potentialAction\":[{\"@type\":\"SearchAction\",\"target\":{\"@type\":\"EntryPoint\",\"urlTemplate\":\"https:\\\/\\\/miklostv.com\\\/new\\\/?s={search_term_string}\"},\"query-input\":{\"@type\":\"PropertyValueSpecification\",\"valueRequired\":true,\"valueName\":\"search_term_string\"}}],\"inLanguage\":\"hu\"},{\"@type\":\"Person\",\"@id\":\"https:\\\/\\\/miklostv.com\\\/new\\\/#\\\/schema\\\/person\\\/6339cdd0bbd336ec6345812e3958be3b\",\"name\":\"S\u00e1ndor\",\"sameAs\":[\"https:\\\/\\\/miklostv.com\\\/new\"],\"url\":\"https:\\\/\\\/miklostv.com\\\/new\\\/author\\\/sanyi\\\/\"}]}<\/script>\n<!-- \/ Yoast SEO plugin. -->","yoast_head_json":{"title":"LEZ\u00c1RT NYOMOZ\u00c1S \u2013 HAL\u00c1LOS K\u00d6Z\u00daTI BALESET T\u00d6R\u00d6KSZENTMIKL\u00d3SON - Mikl\u00f3s TV","robots":{"index":"index","follow":"follow","max-snippet":"max-snippet:-1","max-image-preview":"max-image-preview:large","max-video-preview":"max-video-preview:-1"},"canonical":"https:\/\/miklostv.com\/new\/2020\/06\/16\/lezart-nyomozas-halalos-kozuti-baleset-torokszentmikloson\/","og_locale":"hu_HU","og_type":"article","og_title":"LEZ\u00c1RT NYOMOZ\u00c1S \u2013 HAL\u00c1LOS K\u00d6Z\u00daTI BALESET T\u00d6R\u00d6KSZENTMIKL\u00d3SON - Mikl\u00f3s TV","og_description":"A rend\u0151r\u00f6k befejezt\u00e9k a nyomoz\u00e1st annak a f\u00e9rfinak az \u00fcgy\u00e9ben, aki elg\u00e1zolt egy ker\u00e9kp\u00e1rost. Egy helyi lakos k\u00f6zlekedett szem\u00e9lyg\u00e9pkocsival T\u00f6r\u00f6kszentmikl\u00f3s belter\u00fclet\u00e9n 2019. december 15-\u00e9n 8 \u00f3ra 25 perc k\u00f6r\u00fcl, amikor az Alatkai \u00fat \u00e9s a V\u00e1s\u00e1rhelyi P\u00e1l \u00fat keresztez\u0151d\u00e9s\u00e9hez \u00e9rve nem biztos\u00edtott els\u0151bbs\u00e9get egy elektromos ker\u00e9kp\u00e1rral k\u00f6zleked\u0151 szem\u00e9lynek \u00e9s \u00f6ssze\u00fctk\u00f6ztek. A jogs\u00e9rt\u0151 meg\u00e1ll\u00e1s \u00e9s seg\u00edts\u00e9gny\u00fajt\u00e1s n\u00e9lk\u00fcl elhajtott a helysz\u00ednr\u0151l. A s\u00e9rtett a balesetet k\u00f6vet\u0151en a k\u00f3rh\u00e1zban elhal\u00e1lozott. A nyomoz\u00f3k seg\u00edts\u00e9gny\u00fajt\u00e1s elmulaszt\u00e1sa b\u0171ntett \u00e9s hal\u00e1los k\u00f6z\u00fati baleset gondatlan okoz\u00e1sa v\u00e9ts\u00e9g elk\u00f6vet\u00e9s\u00e9nek megalapozott gyan\u00faja miatt gyan\u00fas\u00edtottk\u00e9nt hallgatt\u00e1k ki a 35 \u00e9ves f\u00e9rfit.&hellip;","og_url":"https:\/\/miklostv.com\/new\/2020\/06\/16\/lezart-nyomozas-halalos-kozuti-baleset-torokszentmikloson\/","og_site_name":"Mikl\u00f3s TV","article_published_time":"2020-06-16T12:49:58+00:00","og_image":[{"width":376,"height":250,"url":"https:\/\/miklostv.com\/new\/wp-content\/uploads\/2020\/06\/feloborult_kerekpar.jpg","type":"image\/jpeg"}],"author":"S\u00e1ndor","twitter_card":"summary_large_image","twitter_misc":{"Szerz\u0151:":"S\u00e1ndor","Becs\u00fclt olvas\u00e1si id\u0151":"1 perc"},"schema":{"@context":"https:\/\/schema.org","@graph":[{"@type":"NewsArticle","@id":"https:\/\/miklostv.com\/new\/2020\/06\/16\/lezart-nyomozas-halalos-kozuti-baleset-torokszentmikloson\/#article","isPartOf":{"@id":"https:\/\/miklostv.com\/new\/2020\/06\/16\/lezart-nyomozas-halalos-kozuti-baleset-torokszentmikloson\/"},"author":{"name":"S\u00e1ndor","@id":"https:\/\/miklostv.com\/new\/#\/schema\/person\/6339cdd0bbd336ec6345812e3958be3b"},"headline":"LEZ\u00c1RT NYOMOZ\u00c1S \u2013 HAL\u00c1LOS K\u00d6Z\u00daTI BALESET T\u00d6R\u00d6KSZENTMIKL\u00d3SON","datePublished":"2020-06-16T12:49:58+00:00","mainEntityOfPage":{"@id":"https:\/\/miklostv.com\/new\/2020\/06\/16\/lezart-nyomozas-halalos-kozuti-baleset-torokszentmikloson\/"},"wordCount":223,"commentCount":0,"image":{"@id":"https:\/\/miklostv.com\/new\/2020\/06\/16\/lezart-nyomozas-halalos-kozuti-baleset-torokszentmikloson\/#primaryimage"},"thumbnailUrl":"https:\/\/miklostv.com\/new\/wp-content\/uploads\/2020\/06\/feloborult_kerekpar.jpg","articleSection":["Rend\u0151rs\u00e9gi h\u00edrek"],"inLanguage":"hu"},{"@type":"WebPage","@id":"https:\/\/miklostv.com\/new\/2020\/06\/16\/lezart-nyomozas-halalos-kozuti-baleset-torokszentmikloson\/","url":"https:\/\/miklostv.com\/new\/2020\/06\/16\/lezart-nyomozas-halalos-kozuti-baleset-torokszentmikloson\/","name":"LEZ\u00c1RT NYOMOZ\u00c1S \u2013 HAL\u00c1LOS K\u00d6Z\u00daTI BALESET T\u00d6R\u00d6KSZENTMIKL\u00d3SON - Mikl\u00f3s TV","isPartOf":{"@id":"https:\/\/miklostv.com\/new\/#website"},"primaryImageOfPage":{"@id":"https:\/\/miklostv.com\/new\/2020\/06\/16\/lezart-nyomozas-halalos-kozuti-baleset-torokszentmikloson\/#primaryimage"},"image":{"@id":"https:\/\/miklostv.com\/new\/2020\/06\/16\/lezart-nyomozas-halalos-kozuti-baleset-torokszentmikloson\/#primaryimage"},"thumbnailUrl":"https:\/\/miklostv.com\/new\/wp-content\/uploads\/2020\/06\/feloborult_kerekpar.jpg","datePublished":"2020-06-16T12:49:58+00:00","author":{"@id":"https:\/\/miklostv.com\/new\/#\/schema\/person\/6339cdd0bbd336ec6345812e3958be3b"},"breadcrumb":{"@id":"https:\/\/miklostv.com\/new\/2020\/06\/16\/lezart-nyomozas-halalos-kozuti-baleset-torokszentmikloson\/#breadcrumb"},"inLanguage":"hu","potentialAction":[{"@type":"ReadAction","target":["https:\/\/miklostv.com\/new\/2020\/06\/16\/lezart-nyomozas-halalos-kozuti-baleset-torokszentmikloson\/"]}]},{"@type":"ImageObject","inLanguage":"hu","@id":"https:\/\/miklostv.com\/new\/2020\/06\/16\/lezart-nyomozas-halalos-kozuti-baleset-torokszentmikloson\/#primaryimage","url":"https:\/\/miklostv.com\/new\/wp-content\/uploads\/2020\/06\/feloborult_kerekpar.jpg","contentUrl":"https:\/\/miklostv.com\/new\/wp-content\/uploads\/2020\/06\/feloborult_kerekpar.jpg","width":376,"height":250,"caption":"feloborult ker\u00e9kp\u00e1r.jpg"},{"@type":"BreadcrumbList","@id":"https:\/\/miklostv.com\/new\/2020\/06\/16\/lezart-nyomozas-halalos-kozuti-baleset-torokszentmikloson\/#breadcrumb","itemListElement":[{"@type":"ListItem","position":1,"name":"Kezd\u0151lap","item":"https:\/\/miklostv.com\/new\/"},{"@type":"ListItem","position":2,"name":"LEZ\u00c1RT NYOMOZ\u00c1S \u2013 HAL\u00c1LOS K\u00d6Z\u00daTI BALESET T\u00d6R\u00d6KSZENTMIKL\u00d3SON"}]},{"@type":"WebSite","@id":"https:\/\/miklostv.com\/new\/#website","url":"https:\/\/miklostv.com\/new\/","name":"Mikl\u00f3s TV","description":"Mikl\u00f3s TV","potentialAction":[{"@type":"SearchAction","target":{"@type":"EntryPoint","urlTemplate":"https:\/\/miklostv.com\/new\/?s={search_term_string}"},"query-input":{"@type":"PropertyValueSpecification","valueRequired":true,"valueName":"search_term_string"}}],"inLanguage":"hu"},{"@type":"Person","@id":"https:\/\/miklostv.com\/new\/#\/schema\/person\/6339cdd0bbd336ec6345812e3958be3b","name":"S\u00e1ndor","sameAs":["https:\/\/miklostv.com\/new"],"url":"https:\/\/miklostv.com\/new\/author\/sanyi\/"}]}},"_links":{"self":[{"href":"https:\/\/miklostv.com\/new\/wp-json\/wp\/v2\/posts\/4300","targetHints":{"allow":["GET"]}}],"collection":[{"href":"https:\/\/miklostv.com\/new\/wp-json\/wp\/v2\/posts"}],"about":[{"href":"https:\/\/miklostv.com\/new\/wp-json\/wp\/v2\/types\/post"}],"author":[{"embeddable":true,"href":"https:\/\/miklostv.com\/new\/wp-json\/wp\/v2\/users\/1"}],"replies":[{"embeddable":true,"href":"https:\/\/miklostv.com\/new\/wp-json\/wp\/v2\/comments?post=4300"}],"version-history":[{"count":0,"href":"https:\/\/miklostv.com\/new\/wp-json\/wp\/v2\/posts\/4300\/revisions"}],"wp:featuredmedia":[{"embeddable":true,"href":"https:\/\/miklostv.com\/new\/wp-json\/wp\/v2\/media\/4298"}],"wp:attachment":[{"href":"https:\/\/miklostv.com\/new\/wp-json\/wp\/v2\/media?parent=4300"}],"wp:term":[{"taxonomy":"category","embeddable":true,"href":"https:\/\/miklostv.com\/new\/wp-json\/wp\/v2\/categories?post=4300"},{"taxonomy":"post_tag","embeddable":true,"href":"https:\/\/miklostv.com\/new\/wp-json\/wp\/v2\/tags?post=4300"}],"curies":[{"name":"wp","href":"https:\/\/api.w.org\/{rel}","templated":true}]}}