{"id":4287,"date":"2020-06-12T13:15:48","date_gmt":"2020-06-12T13:15:48","guid":{"rendered":"https:\/\/miklostv.com\/new\/2020\/06\/12\/hetfotol-ujraindulhat-az-egeszsegugyi-ellatas\/"},"modified":"2023-02-08T16:02:31","modified_gmt":"2023-02-08T16:02:31","slug":"hetfotol-ujraindulhat-az-egeszsegugyi-ellatas","status":"publish","type":"post","link":"https:\/\/miklostv.com\/new\/2020\/06\/12\/hetfotol-ujraindulhat-az-egeszsegugyi-ellatas\/","title":{"rendered":"H\u00c9TF\u0150T\u0150L \u00daJRAINDULHAT AZ EG\u00c9SZS\u00c9G\u00dcGYI ELL\u00c1T\u00c1S"},"content":{"rendered":"<div><span style=\"font-size: 12pt;\"><strong>J\u00fanius 15-\u00e9t\u0151l, h\u00e9tf\u0151t\u0151l valamennyi eg\u00e9szs\u00e9g\u00fcgyi ell\u00e1t\u00e1s korl\u00e1toz\u00e1s n\u00e9lk\u00fcl elv\u00e9gezhet\u0151 a j\u00e1rv\u00e1nyellenes k\u00e9sz\u00fclts\u00e9g fenntart\u00e1sa mellett &#8211; jelentette be K\u00e1sler Mikl\u00f3s, az emberi er\u0151forr\u00e1sok minisztere p\u00e9nteki budapesti sajt\u00f3t\u00e1j\u00e9koztat\u00f3j\u00e1n.<\/strong><\/span><\/div>\n<div>\n<\/div>\n<div>K\u00e1sler Mikl\u00f3s elmondta, ez a k\u00f3rh\u00e1zak eset\u00e9ben azt jelenti, hogy a koronav\u00edrus-fert\u0151z\u00f6ttek ell\u00e1t\u00e1s\u00e1ra kor\u00e1bban elk\u00fcl\u00f6n\u00edtett \u00e1gyak 80 sz\u00e1zal\u00e9k\u00e1t \u00fajra az egy\u00e9b gy\u00f3gy\u00edt\u00e1s szolg\u00e1lat\u00e1ba lehet \u00e1ll\u00edtani, 20 sz\u00e1zal\u00e9kot azonban tov\u00e1bbra is a covid-betegek ell\u00e1t\u00e1s\u00e1ra kell fenntartani.<\/div>\n<div>A j\u00e1r\u00f3beteg- \u00e9s az alapell\u00e1t\u00e1s eset\u00e9ben is id\u0151korl\u00e1toz\u00e1s n\u00e9lk\u00fcl \u00fajraindulhatnak az ell\u00e1t\u00e1sok h\u00e9tf\u0151t\u0151l, teh\u00e1t megsz\u0171nik az \u00f3r\u00e1nk\u00e9nt n\u00e9gy beteg ell\u00e1t\u00e1s\u00e1t el\u0151\u00edr\u00f3 rendelet &#8211; ismertette a miniszter.<\/div>\n<div>A szakrendel\u00e9sekre azonban tov\u00e1bbra is telefonon kell id\u0151pontot k\u00e9rni, az eg\u00e9szs\u00e9g\u00fcgyi ell\u00e1t\u00f3 int\u00e9zm\u00e9nyekben el kell v\u00e9gezni a pre-tri\u00e1zst,\u00a0 a gyan\u00fas betegeket pedig pcr-teszttel kell kontroll\u00e1lni, \u00e9s seg\u00edteni kell a diagn\u00f3zishoz jut\u00e1st &#8211; h\u00edvta fel a figyelmet.<\/div>\n<div>K\u00e1sler Mikl\u00f3s k\u00f6z\u00f6lte azt is: amint a parlament feloldja a vesz\u00e9lyhelyzetet, az eg\u00e9szs\u00e9g\u00fcgyi dolgoz\u00f3k ugyan\u00fagy utazhatnak k\u00fclf\u00f6ldre, mint a t\u00f6bbi magyar \u00e1llampolg\u00e1r.<\/div>\n<p>A miniszter felid\u00e9zte, hogy a j\u00e1rv\u00e1nyvesz\u00e9ly cs\u00f6kken\u00e9s\u00e9vel n\u00e9gy l\u00e9pcs\u0151ben, k\u00e9thetes peri\u00f3dusokban ind\u00edtott\u00e1k \u00fajra az eg\u00e9szs\u00e9g\u00fcgyi ell\u00e1t\u00e1st. K\u00e9rd\u00e9sre v\u00e1laszolva elmondta, az elhalasztott beavatkoz\u00e1sok miatti lemarad\u00e1s\u00e1t nagyj\u00e1b\u00f3l k\u00e9t h\u00f3nap alatt tudja behozni a magyar eg\u00e9szs\u00e9g\u00fcgy.<\/p>\n<p><iframe title=\"Helyre\u00e1ll az eg\u00e9szs\u00e9g\u00fcgy megszokott elj\u00e1r\u00e1srendje\" width=\"640\" height=\"360\" src=\"https:\/\/www.youtube.com\/embed\/A5ltBWPY7wk?feature=oembed\" frameborder=\"0\" allow=\"accelerometer; autoplay; clipboard-write; encrypted-media; gyroscope; picture-in-picture; web-share\" referrerpolicy=\"strict-origin-when-cross-origin\" allowfullscreen><\/iframe><\/p>\n<div><\/div>\n<div><span style=\"color: #666666; font-family: 'Open Sans', sans-serif; font-size: 14px;\">forr\u00e1s: <\/span><a style=\"font-family: 'Open Sans', sans-serif; font-size: 14px;\" href=\"https:\/\/koronavirus.gov.hu\/cikkek\/hetfotol-ujraindulhat-az-egeszsegugyi-ellatas\" target=\"_blank\" rel=\"noopener\">koronavirus.gov.hu<\/a><\/p>\n<\/div>\n","protected":false},"excerpt":{"rendered":"<p>J\u00fanius 15-\u00e9t\u0151l, h\u00e9tf\u0151t\u0151l valamennyi eg\u00e9szs\u00e9g\u00fcgyi ell\u00e1t\u00e1s korl\u00e1toz\u00e1s n\u00e9lk\u00fcl elv\u00e9gezhet\u0151 a j\u00e1rv\u00e1nyellenes k\u00e9sz\u00fclts\u00e9g fenntart\u00e1sa mellett &#8211; jelentette be K\u00e1sler Mikl\u00f3s, az emberi er\u0151forr\u00e1sok minisztere p\u00e9nteki budapesti sajt\u00f3t\u00e1j\u00e9koztat\u00f3j\u00e1n. K\u00e1sler Mikl\u00f3s elmondta, ez a k\u00f3rh\u00e1zak eset\u00e9ben azt jelenti, hogy a koronav\u00edrus-fert\u0151z\u00f6ttek ell\u00e1t\u00e1s\u00e1ra kor\u00e1bban elk\u00fcl\u00f6n\u00edtett \u00e1gyak 80 sz\u00e1zal\u00e9k\u00e1t \u00fajra az egy\u00e9b gy\u00f3gy\u00edt\u00e1s szolg\u00e1lat\u00e1ba lehet \u00e1ll\u00edtani, 20 sz\u00e1zal\u00e9kot azonban tov\u00e1bbra is a covid-betegek ell\u00e1t\u00e1s\u00e1ra kell fenntartani. A j\u00e1r\u00f3beteg- \u00e9s az alapell\u00e1t\u00e1s eset\u00e9ben is id\u0151korl\u00e1toz\u00e1s n\u00e9lk\u00fcl \u00fajraindulhatnak az ell\u00e1t\u00e1sok h\u00e9tf\u0151t\u0151l, teh\u00e1t megsz\u0171nik az \u00f3r\u00e1nk\u00e9nt n\u00e9gy beteg ell\u00e1t\u00e1s\u00e1t el\u0151\u00edr\u00f3 rendelet &#8211; ismertette a miniszter. A szakrendel\u00e9sekre azonban&hellip;<\/p>\n","protected":false},"author":1,"featured_media":4286,"comment_status":"open","ping_status":"open","sticky":false,"template":"","format":"standard","meta":{"fifu_image_url":"","fifu_image_alt":"","footnotes":""},"categories":[32],"tags":[],"class_list":["post-4287","post","type-post","status-publish","format-standard","has-post-thumbnail","hentry","category-hirek2"],"gutentor_comment":0,"yoast_head":"<!-- This site is optimized with the Yoast SEO plugin v27.5 - https:\/\/yoast.com\/product\/yoast-seo-wordpress\/ -->\n<title>H\u00c9TF\u0150T\u0150L \u00daJRAINDULHAT AZ EG\u00c9SZS\u00c9G\u00dcGYI ELL\u00c1T\u00c1S - Mikl\u00f3s TV<\/title>\n<meta name=\"robots\" content=\"index, follow, max-snippet:-1, max-image-preview:large, max-video-preview:-1\" \/>\n<link rel=\"canonical\" href=\"https:\/\/miklostv.com\/new\/2020\/06\/12\/hetfotol-ujraindulhat-az-egeszsegugyi-ellatas\/\" \/>\n<meta property=\"og:locale\" content=\"hu_HU\" \/>\n<meta property=\"og:type\" content=\"article\" \/>\n<meta property=\"og:title\" content=\"H\u00c9TF\u0150T\u0150L \u00daJRAINDULHAT AZ EG\u00c9SZS\u00c9G\u00dcGYI ELL\u00c1T\u00c1S - Mikl\u00f3s TV\" \/>\n<meta property=\"og:description\" content=\"J\u00fanius 15-\u00e9t\u0151l, h\u00e9tf\u0151t\u0151l valamennyi eg\u00e9szs\u00e9g\u00fcgyi ell\u00e1t\u00e1s korl\u00e1toz\u00e1s n\u00e9lk\u00fcl elv\u00e9gezhet\u0151 a j\u00e1rv\u00e1nyellenes k\u00e9sz\u00fclts\u00e9g fenntart\u00e1sa mellett &#8211; jelentette be K\u00e1sler Mikl\u00f3s, az emberi er\u0151forr\u00e1sok minisztere p\u00e9nteki budapesti sajt\u00f3t\u00e1j\u00e9koztat\u00f3j\u00e1n. K\u00e1sler Mikl\u00f3s elmondta, ez a k\u00f3rh\u00e1zak eset\u00e9ben azt jelenti, hogy a koronav\u00edrus-fert\u0151z\u00f6ttek ell\u00e1t\u00e1s\u00e1ra kor\u00e1bban elk\u00fcl\u00f6n\u00edtett \u00e1gyak 80 sz\u00e1zal\u00e9k\u00e1t \u00fajra az egy\u00e9b gy\u00f3gy\u00edt\u00e1s szolg\u00e1lat\u00e1ba lehet \u00e1ll\u00edtani, 20 sz\u00e1zal\u00e9kot azonban tov\u00e1bbra is a covid-betegek ell\u00e1t\u00e1s\u00e1ra kell fenntartani. A j\u00e1r\u00f3beteg- \u00e9s az alapell\u00e1t\u00e1s eset\u00e9ben is id\u0151korl\u00e1toz\u00e1s n\u00e9lk\u00fcl \u00fajraindulhatnak az ell\u00e1t\u00e1sok h\u00e9tf\u0151t\u0151l, teh\u00e1t megsz\u0171nik az \u00f3r\u00e1nk\u00e9nt n\u00e9gy beteg ell\u00e1t\u00e1s\u00e1t el\u0151\u00edr\u00f3 rendelet &#8211; ismertette a miniszter. A szakrendel\u00e9sekre azonban&hellip;\" \/>\n<meta property=\"og:url\" content=\"https:\/\/miklostv.com\/new\/2020\/06\/12\/hetfotol-ujraindulhat-az-egeszsegugyi-ellatas\/\" \/>\n<meta property=\"og:site_name\" content=\"Mikl\u00f3s TV\" \/>\n<meta property=\"article:published_time\" content=\"2020-06-12T13:15:48+00:00\" \/>\n<meta property=\"article:modified_time\" content=\"2023-02-08T16:02:31+00:00\" \/>\n<meta property=\"og:image\" content=\"https:\/\/miklostv.com\/new\/wp-content\/uploads\/2020\/06\/surgery-688380_1920.jpg\" \/>\n\t<meta property=\"og:image:width\" content=\"960\" \/>\n\t<meta property=\"og:image:height\" content=\"640\" \/>\n\t<meta property=\"og:image:type\" content=\"image\/jpeg\" \/>\n<meta name=\"author\" content=\"S\u00e1ndor\" \/>\n<meta name=\"twitter:card\" content=\"summary_large_image\" \/>\n<meta name=\"twitter:label1\" content=\"Szerz\u0151:\" \/>\n\t<meta name=\"twitter:data1\" content=\"S\u00e1ndor\" \/>\n\t<meta name=\"twitter:label2\" content=\"Becs\u00fclt olvas\u00e1si id\u0151\" \/>\n\t<meta name=\"twitter:data2\" content=\"1 perc\" \/>\n<script type=\"application\/ld+json\" class=\"yoast-schema-graph\">{\"@context\":\"https:\\\/\\\/schema.org\",\"@graph\":[{\"@type\":\"NewsArticle\",\"@id\":\"https:\\\/\\\/miklostv.com\\\/new\\\/2020\\\/06\\\/12\\\/hetfotol-ujraindulhat-az-egeszsegugyi-ellatas\\\/#article\",\"isPartOf\":{\"@id\":\"https:\\\/\\\/miklostv.com\\\/new\\\/2020\\\/06\\\/12\\\/hetfotol-ujraindulhat-az-egeszsegugyi-ellatas\\\/\"},\"author\":{\"name\":\"S\u00e1ndor\",\"@id\":\"https:\\\/\\\/miklostv.com\\\/new\\\/#\\\/schema\\\/person\\\/6339cdd0bbd336ec6345812e3958be3b\"},\"headline\":\"H\u00c9TF\u0150T\u0150L \u00daJRAINDULHAT AZ EG\u00c9SZS\u00c9G\u00dcGYI ELL\u00c1T\u00c1S\",\"datePublished\":\"2020-06-12T13:15:48+00:00\",\"dateModified\":\"2023-02-08T16:02:31+00:00\",\"mainEntityOfPage\":{\"@id\":\"https:\\\/\\\/miklostv.com\\\/new\\\/2020\\\/06\\\/12\\\/hetfotol-ujraindulhat-az-egeszsegugyi-ellatas\\\/\"},\"wordCount\":353,\"commentCount\":0,\"image\":{\"@id\":\"https:\\\/\\\/miklostv.com\\\/new\\\/2020\\\/06\\\/12\\\/hetfotol-ujraindulhat-az-egeszsegugyi-ellatas\\\/#primaryimage\"},\"thumbnailUrl\":\"https:\\\/\\\/miklostv.com\\\/new\\\/wp-content\\\/uploads\\\/2020\\\/06\\\/surgery-688380_1920.jpg\",\"articleSection\":[\"A l\u00e9nyeg r\u00f6viden\"],\"inLanguage\":\"hu\"},{\"@type\":\"WebPage\",\"@id\":\"https:\\\/\\\/miklostv.com\\\/new\\\/2020\\\/06\\\/12\\\/hetfotol-ujraindulhat-az-egeszsegugyi-ellatas\\\/\",\"url\":\"https:\\\/\\\/miklostv.com\\\/new\\\/2020\\\/06\\\/12\\\/hetfotol-ujraindulhat-az-egeszsegugyi-ellatas\\\/\",\"name\":\"H\u00c9TF\u0150T\u0150L \u00daJRAINDULHAT AZ EG\u00c9SZS\u00c9G\u00dcGYI ELL\u00c1T\u00c1S - Mikl\u00f3s TV\",\"isPartOf\":{\"@id\":\"https:\\\/\\\/miklostv.com\\\/new\\\/#website\"},\"primaryImageOfPage\":{\"@id\":\"https:\\\/\\\/miklostv.com\\\/new\\\/2020\\\/06\\\/12\\\/hetfotol-ujraindulhat-az-egeszsegugyi-ellatas\\\/#primaryimage\"},\"image\":{\"@id\":\"https:\\\/\\\/miklostv.com\\\/new\\\/2020\\\/06\\\/12\\\/hetfotol-ujraindulhat-az-egeszsegugyi-ellatas\\\/#primaryimage\"},\"thumbnailUrl\":\"https:\\\/\\\/miklostv.com\\\/new\\\/wp-content\\\/uploads\\\/2020\\\/06\\\/surgery-688380_1920.jpg\",\"datePublished\":\"2020-06-12T13:15:48+00:00\",\"dateModified\":\"2023-02-08T16:02:31+00:00\",\"author\":{\"@id\":\"https:\\\/\\\/miklostv.com\\\/new\\\/#\\\/schema\\\/person\\\/6339cdd0bbd336ec6345812e3958be3b\"},\"breadcrumb\":{\"@id\":\"https:\\\/\\\/miklostv.com\\\/new\\\/2020\\\/06\\\/12\\\/hetfotol-ujraindulhat-az-egeszsegugyi-ellatas\\\/#breadcrumb\"},\"inLanguage\":\"hu\",\"potentialAction\":[{\"@type\":\"ReadAction\",\"target\":[\"https:\\\/\\\/miklostv.com\\\/new\\\/2020\\\/06\\\/12\\\/hetfotol-ujraindulhat-az-egeszsegugyi-ellatas\\\/\"]}]},{\"@type\":\"ImageObject\",\"inLanguage\":\"hu\",\"@id\":\"https:\\\/\\\/miklostv.com\\\/new\\\/2020\\\/06\\\/12\\\/hetfotol-ujraindulhat-az-egeszsegugyi-ellatas\\\/#primaryimage\",\"url\":\"https:\\\/\\\/miklostv.com\\\/new\\\/wp-content\\\/uploads\\\/2020\\\/06\\\/surgery-688380_1920.jpg\",\"contentUrl\":\"https:\\\/\\\/miklostv.com\\\/new\\\/wp-content\\\/uploads\\\/2020\\\/06\\\/surgery-688380_1920.jpg\",\"width\":960,\"height\":640,\"caption\":\"surgery 688380 1920\"},{\"@type\":\"BreadcrumbList\",\"@id\":\"https:\\\/\\\/miklostv.com\\\/new\\\/2020\\\/06\\\/12\\\/hetfotol-ujraindulhat-az-egeszsegugyi-ellatas\\\/#breadcrumb\",\"itemListElement\":[{\"@type\":\"ListItem\",\"position\":1,\"name\":\"Kezd\u0151lap\",\"item\":\"https:\\\/\\\/miklostv.com\\\/new\\\/\"},{\"@type\":\"ListItem\",\"position\":2,\"name\":\"H\u00c9TF\u0150T\u0150L \u00daJRAINDULHAT AZ EG\u00c9SZS\u00c9G\u00dcGYI ELL\u00c1T\u00c1S\"}]},{\"@type\":\"WebSite\",\"@id\":\"https:\\\/\\\/miklostv.com\\\/new\\\/#website\",\"url\":\"https:\\\/\\\/miklostv.com\\\/new\\\/\",\"name\":\"Mikl\u00f3s TV\",\"description\":\"Mikl\u00f3s TV\",\"potentialAction\":[{\"@type\":\"SearchAction\",\"target\":{\"@type\":\"EntryPoint\",\"urlTemplate\":\"https:\\\/\\\/miklostv.com\\\/new\\\/?s={search_term_string}\"},\"query-input\":{\"@type\":\"PropertyValueSpecification\",\"valueRequired\":true,\"valueName\":\"search_term_string\"}}],\"inLanguage\":\"hu\"},{\"@type\":\"Person\",\"@id\":\"https:\\\/\\\/miklostv.com\\\/new\\\/#\\\/schema\\\/person\\\/6339cdd0bbd336ec6345812e3958be3b\",\"name\":\"S\u00e1ndor\",\"sameAs\":[\"https:\\\/\\\/miklostv.com\\\/new\"],\"url\":\"https:\\\/\\\/miklostv.com\\\/new\\\/author\\\/sanyi\\\/\"}]}<\/script>\n<!-- \/ Yoast SEO plugin. -->","yoast_head_json":{"title":"H\u00c9TF\u0150T\u0150L \u00daJRAINDULHAT AZ EG\u00c9SZS\u00c9G\u00dcGYI ELL\u00c1T\u00c1S - Mikl\u00f3s TV","robots":{"index":"index","follow":"follow","max-snippet":"max-snippet:-1","max-image-preview":"max-image-preview:large","max-video-preview":"max-video-preview:-1"},"canonical":"https:\/\/miklostv.com\/new\/2020\/06\/12\/hetfotol-ujraindulhat-az-egeszsegugyi-ellatas\/","og_locale":"hu_HU","og_type":"article","og_title":"H\u00c9TF\u0150T\u0150L \u00daJRAINDULHAT AZ EG\u00c9SZS\u00c9G\u00dcGYI ELL\u00c1T\u00c1S - Mikl\u00f3s TV","og_description":"J\u00fanius 15-\u00e9t\u0151l, h\u00e9tf\u0151t\u0151l valamennyi eg\u00e9szs\u00e9g\u00fcgyi ell\u00e1t\u00e1s korl\u00e1toz\u00e1s n\u00e9lk\u00fcl elv\u00e9gezhet\u0151 a j\u00e1rv\u00e1nyellenes k\u00e9sz\u00fclts\u00e9g fenntart\u00e1sa mellett &#8211; jelentette be K\u00e1sler Mikl\u00f3s, az emberi er\u0151forr\u00e1sok minisztere p\u00e9nteki budapesti sajt\u00f3t\u00e1j\u00e9koztat\u00f3j\u00e1n. K\u00e1sler Mikl\u00f3s elmondta, ez a k\u00f3rh\u00e1zak eset\u00e9ben azt jelenti, hogy a koronav\u00edrus-fert\u0151z\u00f6ttek ell\u00e1t\u00e1s\u00e1ra kor\u00e1bban elk\u00fcl\u00f6n\u00edtett \u00e1gyak 80 sz\u00e1zal\u00e9k\u00e1t \u00fajra az egy\u00e9b gy\u00f3gy\u00edt\u00e1s szolg\u00e1lat\u00e1ba lehet \u00e1ll\u00edtani, 20 sz\u00e1zal\u00e9kot azonban tov\u00e1bbra is a covid-betegek ell\u00e1t\u00e1s\u00e1ra kell fenntartani. A j\u00e1r\u00f3beteg- \u00e9s az alapell\u00e1t\u00e1s eset\u00e9ben is id\u0151korl\u00e1toz\u00e1s n\u00e9lk\u00fcl \u00fajraindulhatnak az ell\u00e1t\u00e1sok h\u00e9tf\u0151t\u0151l, teh\u00e1t megsz\u0171nik az \u00f3r\u00e1nk\u00e9nt n\u00e9gy beteg ell\u00e1t\u00e1s\u00e1t el\u0151\u00edr\u00f3 rendelet &#8211; ismertette a miniszter. A szakrendel\u00e9sekre azonban&hellip;","og_url":"https:\/\/miklostv.com\/new\/2020\/06\/12\/hetfotol-ujraindulhat-az-egeszsegugyi-ellatas\/","og_site_name":"Mikl\u00f3s TV","article_published_time":"2020-06-12T13:15:48+00:00","article_modified_time":"2023-02-08T16:02:31+00:00","og_image":[{"width":960,"height":640,"url":"https:\/\/miklostv.com\/new\/wp-content\/uploads\/2020\/06\/surgery-688380_1920.jpg","type":"image\/jpeg"}],"author":"S\u00e1ndor","twitter_card":"summary_large_image","twitter_misc":{"Szerz\u0151:":"S\u00e1ndor","Becs\u00fclt olvas\u00e1si id\u0151":"1 perc"},"schema":{"@context":"https:\/\/schema.org","@graph":[{"@type":"NewsArticle","@id":"https:\/\/miklostv.com\/new\/2020\/06\/12\/hetfotol-ujraindulhat-az-egeszsegugyi-ellatas\/#article","isPartOf":{"@id":"https:\/\/miklostv.com\/new\/2020\/06\/12\/hetfotol-ujraindulhat-az-egeszsegugyi-ellatas\/"},"author":{"name":"S\u00e1ndor","@id":"https:\/\/miklostv.com\/new\/#\/schema\/person\/6339cdd0bbd336ec6345812e3958be3b"},"headline":"H\u00c9TF\u0150T\u0150L \u00daJRAINDULHAT AZ EG\u00c9SZS\u00c9G\u00dcGYI ELL\u00c1T\u00c1S","datePublished":"2020-06-12T13:15:48+00:00","dateModified":"2023-02-08T16:02:31+00:00","mainEntityOfPage":{"@id":"https:\/\/miklostv.com\/new\/2020\/06\/12\/hetfotol-ujraindulhat-az-egeszsegugyi-ellatas\/"},"wordCount":353,"commentCount":0,"image":{"@id":"https:\/\/miklostv.com\/new\/2020\/06\/12\/hetfotol-ujraindulhat-az-egeszsegugyi-ellatas\/#primaryimage"},"thumbnailUrl":"https:\/\/miklostv.com\/new\/wp-content\/uploads\/2020\/06\/surgery-688380_1920.jpg","articleSection":["A l\u00e9nyeg r\u00f6viden"],"inLanguage":"hu"},{"@type":"WebPage","@id":"https:\/\/miklostv.com\/new\/2020\/06\/12\/hetfotol-ujraindulhat-az-egeszsegugyi-ellatas\/","url":"https:\/\/miklostv.com\/new\/2020\/06\/12\/hetfotol-ujraindulhat-az-egeszsegugyi-ellatas\/","name":"H\u00c9TF\u0150T\u0150L \u00daJRAINDULHAT AZ EG\u00c9SZS\u00c9G\u00dcGYI ELL\u00c1T\u00c1S - Mikl\u00f3s TV","isPartOf":{"@id":"https:\/\/miklostv.com\/new\/#website"},"primaryImageOfPage":{"@id":"https:\/\/miklostv.com\/new\/2020\/06\/12\/hetfotol-ujraindulhat-az-egeszsegugyi-ellatas\/#primaryimage"},"image":{"@id":"https:\/\/miklostv.com\/new\/2020\/06\/12\/hetfotol-ujraindulhat-az-egeszsegugyi-ellatas\/#primaryimage"},"thumbnailUrl":"https:\/\/miklostv.com\/new\/wp-content\/uploads\/2020\/06\/surgery-688380_1920.jpg","datePublished":"2020-06-12T13:15:48+00:00","dateModified":"2023-02-08T16:02:31+00:00","author":{"@id":"https:\/\/miklostv.com\/new\/#\/schema\/person\/6339cdd0bbd336ec6345812e3958be3b"},"breadcrumb":{"@id":"https:\/\/miklostv.com\/new\/2020\/06\/12\/hetfotol-ujraindulhat-az-egeszsegugyi-ellatas\/#breadcrumb"},"inLanguage":"hu","potentialAction":[{"@type":"ReadAction","target":["https:\/\/miklostv.com\/new\/2020\/06\/12\/hetfotol-ujraindulhat-az-egeszsegugyi-ellatas\/"]}]},{"@type":"ImageObject","inLanguage":"hu","@id":"https:\/\/miklostv.com\/new\/2020\/06\/12\/hetfotol-ujraindulhat-az-egeszsegugyi-ellatas\/#primaryimage","url":"https:\/\/miklostv.com\/new\/wp-content\/uploads\/2020\/06\/surgery-688380_1920.jpg","contentUrl":"https:\/\/miklostv.com\/new\/wp-content\/uploads\/2020\/06\/surgery-688380_1920.jpg","width":960,"height":640,"caption":"surgery 688380 1920"},{"@type":"BreadcrumbList","@id":"https:\/\/miklostv.com\/new\/2020\/06\/12\/hetfotol-ujraindulhat-az-egeszsegugyi-ellatas\/#breadcrumb","itemListElement":[{"@type":"ListItem","position":1,"name":"Kezd\u0151lap","item":"https:\/\/miklostv.com\/new\/"},{"@type":"ListItem","position":2,"name":"H\u00c9TF\u0150T\u0150L \u00daJRAINDULHAT AZ EG\u00c9SZS\u00c9G\u00dcGYI ELL\u00c1T\u00c1S"}]},{"@type":"WebSite","@id":"https:\/\/miklostv.com\/new\/#website","url":"https:\/\/miklostv.com\/new\/","name":"Mikl\u00f3s TV","description":"Mikl\u00f3s TV","potentialAction":[{"@type":"SearchAction","target":{"@type":"EntryPoint","urlTemplate":"https:\/\/miklostv.com\/new\/?s={search_term_string}"},"query-input":{"@type":"PropertyValueSpecification","valueRequired":true,"valueName":"search_term_string"}}],"inLanguage":"hu"},{"@type":"Person","@id":"https:\/\/miklostv.com\/new\/#\/schema\/person\/6339cdd0bbd336ec6345812e3958be3b","name":"S\u00e1ndor","sameAs":["https:\/\/miklostv.com\/new"],"url":"https:\/\/miklostv.com\/new\/author\/sanyi\/"}]}},"_links":{"self":[{"href":"https:\/\/miklostv.com\/new\/wp-json\/wp\/v2\/posts\/4287","targetHints":{"allow":["GET"]}}],"collection":[{"href":"https:\/\/miklostv.com\/new\/wp-json\/wp\/v2\/posts"}],"about":[{"href":"https:\/\/miklostv.com\/new\/wp-json\/wp\/v2\/types\/post"}],"author":[{"embeddable":true,"href":"https:\/\/miklostv.com\/new\/wp-json\/wp\/v2\/users\/1"}],"replies":[{"embeddable":true,"href":"https:\/\/miklostv.com\/new\/wp-json\/wp\/v2\/comments?post=4287"}],"version-history":[{"count":1,"href":"https:\/\/miklostv.com\/new\/wp-json\/wp\/v2\/posts\/4287\/revisions"}],"predecessor-version":[{"id":7677,"href":"https:\/\/miklostv.com\/new\/wp-json\/wp\/v2\/posts\/4287\/revisions\/7677"}],"wp:featuredmedia":[{"embeddable":true,"href":"https:\/\/miklostv.com\/new\/wp-json\/wp\/v2\/media\/4286"}],"wp:attachment":[{"href":"https:\/\/miklostv.com\/new\/wp-json\/wp\/v2\/media?parent=4287"}],"wp:term":[{"taxonomy":"category","embeddable":true,"href":"https:\/\/miklostv.com\/new\/wp-json\/wp\/v2\/categories?post=4287"},{"taxonomy":"post_tag","embeddable":true,"href":"https:\/\/miklostv.com\/new\/wp-json\/wp\/v2\/tags?post=4287"}],"curies":[{"name":"wp","href":"https:\/\/api.w.org\/{rel}","templated":true}]}}